{"id":12266,"date":"2024-02-25T21:05:13","date_gmt":"2024-02-26T00:05:13","guid":{"rendered":"https:\/\/apuntesdesanluis.com\/?p=12266"},"modified":"2024-02-25T21:05:13","modified_gmt":"2024-02-26T00:05:13","slug":"elisa-carrio-con-todo-contra-el-gobierno-de-milei-terminamos-en-el-caos","status":"publish","type":"post","link":"https:\/\/apuntesdesanluis.com\/index.php\/2024\/02\/25\/elisa-carrio-con-todo-contra-el-gobierno-de-milei-terminamos-en-el-caos\/","title":{"rendered":"ELISA CARRI\u00d3, CON TODO CONTRA EL GOBIERNO DE MILEI: &#8220;TERMINAMOS EN EL CAOS&#8221;"},"content":{"rendered":"<h3>La l\u00edder de la Coalici\u00f3n C\u00edvica, <strong>Elisa Carri\u00f3<\/strong>, hizo una evaluaci\u00f3n contundente del gobierno de<strong> Javier Milei<\/strong>, atribuyendo su victoria en las elecciones a los &#8220;\u00faltimos 20 a\u00f1os en la Argentina&#8221; y advirtiendo sobre un posible desenlace &#8220;en el caos&#8221;.<\/h3>\n<h3>Lilita tambi\u00e9n se\u00f1al\u00f3 que Milei &#8220;no minti\u00f3 en la campa\u00f1a electoral&#8221; porque &#8220;siempre se defini\u00f3 como anarcocapitalista&#8221;. Para la veterana dirigente de la CC, el problema radica &#8220;en que nadie se tom\u00f3 la molestia de indagar qu\u00e9 significaba eso&#8221;.<\/h3>\n<h3>&#8220;Las sociedades resentidas, votan resentidos. Es el primer resultado de los \u00faltimos 20 a\u00f1os en la Argentina. Pero resulta que de un extremo nos fuimos al otro. Pero \u00e9l no minti\u00f3, lo que pasa que nadie ley\u00f3 el diccionario&#8221;, se\u00f1al\u00f3 Carri\u00f3 durante una entrevista radial.<\/h3>\n<h3>Carri\u00f3 detall\u00f3 luego algunos conceptos que tienen que ver con las posturas que a diario muestra Milei, indicando que lo hac\u00eda &#8220;para que la poblaci\u00f3n sepa lo que vot\u00f3 o no vot\u00f3&#8221;.<\/h3>\n<h3>&#8220;El anarcocapitalismo es una filosof\u00eda pol\u00edtica y una teor\u00eda econ\u00f3mica que es totalmente antiestatista. No es republicano, busca abolir al Estado&#8221;, sintetiz\u00f3.<\/h3>\n<h3>Despu\u00e9s, destac\u00f3 que en cuanto a las promesas de campa\u00f1a que hizo en su momento el l\u00edder de La Libertad Avanza,\u00a0 &#8220;no minti\u00f3. \u00bfQu\u00e9 es la casta para \u00e9l? Es todo lo que tiene que ver con el Estado. No es la cr\u00edtica a un Estado sobredimensionado o con \u00f1oquis, que yo comparto. Es m\u00e1s que eso: es el Estado mismo lo que quiere abolir. Todo tiene que ser manejado por sistemas privados&#8221;. Y explic\u00f3 que estas son las razones por las cuales Milei tambi\u00e9n se opone a la educaci\u00f3n p\u00fablica y al sistema de salud.<\/h3>\n<h3>En concordancia con esto, Elisa Carri\u00f3 expres\u00f3 que el Presidente no respalda la Constituci\u00f3n debido a que considera que es una norma legal que establece derechos y deberes. Seg\u00fan ella, esta carta magna instituye un Estado republicano con separaci\u00f3n de poderes, mientras que &#8220;para \u00e9l la Justicia es arbitraje privado&#8221;.<\/h3>\n<h3>&#8220;Para \u00e9l el Parlamento no deber\u00eda existir, los ministerios no deber\u00edan existir&#8221;, enfatiz\u00f3, siguiendo la propia definici\u00f3n que el mandatario da de s\u00ed mismo.<\/h3>\n<h3>Luego, Carri\u00f3 abord\u00f3 una de las propuestas recurrentes en la plataforma de Milei durante su candidatura presidencial: la dolarizaci\u00f3n de la econom\u00eda. &#8220;\u00c9l necesita tener una moneda com\u00fan, que es el d\u00f3lar, para lograr lo que quiere. Y se va a dolarizar con tus ingresos de ahora. Y la cabeza de turco para lograr eso es \u2018Toto\u2019 Caputo. Lo primero que tiene que lograr es un ajuste previo a la dolarizaci\u00f3n&#8221;, enfatiz\u00f3.<\/h3>\n<h3>La dirigente de la Coalici\u00f3n C\u00edvica tambi\u00e9n sostuvo que Javier Milei y su equipo tienen un plan definido. Seg\u00fan expres\u00f3, ese plan implica la completa destrucci\u00f3n del Estado, una acci\u00f3n que, seg\u00fan predijo, desencadenar\u00e1 una situaci\u00f3n de caos.<\/h3>\n<h3>&#8220;Terminamos en el caos, a lo cual \u00e9l adiciona a esta utop\u00eda libertaria. En esto consiste la estrategia pol\u00edtica. Ellos tienen un plan, por eso dicen \u2018no la ven\u2019. \u00bfQu\u00e9 quiere decir? No ven la destrucci\u00f3n del Estado, no ven que van por la destrucci\u00f3n de los estados provinciales, de los estados municipales. No ven que vamos a una sociedad de libre intercambio entre pobres y ricos, no ven que vamos por la extinci\u00f3n de las clases medias profesionales&#8221;, esclareci\u00f3 Carri\u00f3.<\/h3>\n<h3>Continu\u00f3: &#8220;\u00c9l es un obsesionado de este modelo. El problema es que, para lograr eso, previamente \u00e9l tiene que provocar la anarqu\u00eda, que es caos, para despu\u00e9s atropellar la Rep\u00fablica, que la est\u00e1 atropellando al mismo tiempo, para finalmente ir a una dictadura transitoria que es de \u00e9l solo, plebiscitaria, en dos a\u00f1os, esto es lo que dice, donde \u00e9l ocupa el lugar de Dios. Aunque ustedes no crean, hay alg\u00fan significado de Dios que es la anarqu\u00eda. Por eso hay una falsa religiosidad o idolatr\u00eda&#8221;.<\/h3>\n<h3>Finalmente, concluy\u00f3 ratificando sus dichos previos: &#8220;Tenemos un contrato, que es la Constituci\u00f3n. \u00c9l va contra la Constituci\u00f3n, porque finalmente va contra el Estado. Es as\u00ed de simple&#8221;.<\/h3>\n<p>&nbsp;<\/p>\n<p>&nbsp;<\/p>\n","protected":false},"excerpt":{"rendered":"<p>La l\u00edder de la Coalici\u00f3n C\u00edvica, Elisa Carri\u00f3, hizo una evaluaci\u00f3n contundente del gobierno de&#8230;<\/p>\n","protected":false},"author":1,"featured_media":62,"comment_status":"closed","ping_status":"closed","sticky":false,"template":"","format":"standard","meta":{"footnotes":""},"categories":[5],"tags":[],"class_list":["post-12266","post","type-post","status-publish","format-standard","has-post-thumbnail","hentry","category-nacionales-internacionales"],"yoast_head":"<!-- This site is optimized with the Yoast SEO plugin v26.1.1 - https:\/\/yoast.com\/wordpress\/plugins\/seo\/ -->\n<title>ELISA CARRI\u00d3, CON TODO CONTRA EL GOBIERNO DE MILEI: &quot;TERMINAMOS EN EL CAOS&quot; - Apuntes de San Luis<\/title>\n<meta name=\"robots\" content=\"index, follow, max-snippet:-1, max-image-preview:large, max-video-preview:-1\" \/>\n<link rel=\"canonical\" href=\"https:\/\/apuntesdesanluis.com\/index.php\/2024\/02\/25\/elisa-carrio-con-todo-contra-el-gobierno-de-milei-terminamos-en-el-caos\/\" \/>\n<meta property=\"og:locale\" content=\"es_ES\" \/>\n<meta property=\"og:type\" content=\"article\" \/>\n<meta property=\"og:title\" content=\"ELISA CARRI\u00d3, CON TODO CONTRA EL GOBIERNO DE MILEI: &quot;TERMINAMOS EN EL CAOS&quot; - Apuntes de San Luis\" \/>\n<meta property=\"og:description\" content=\"La l\u00edder de la Coalici\u00f3n C\u00edvica, Elisa Carri\u00f3, hizo una evaluaci\u00f3n contundente del gobierno de...\" \/>\n<meta property=\"og:url\" content=\"https:\/\/apuntesdesanluis.com\/index.php\/2024\/02\/25\/elisa-carrio-con-todo-contra-el-gobierno-de-milei-terminamos-en-el-caos\/\" \/>\n<meta property=\"og:site_name\" content=\"Apuntes de San Luis\" \/>\n<meta property=\"article:published_time\" content=\"2024-02-26T00:05:13+00:00\" \/>\n<meta property=\"og:image\" content=\"https:\/\/apuntesdesanluis.com\/wp-content\/uploads\/2023\/07\/carrio.jpg\" \/>\n\t<meta property=\"og:image:width\" content=\"587\" \/>\n\t<meta property=\"og:image:height\" content=\"381\" \/>\n\t<meta property=\"og:image:type\" content=\"image\/jpeg\" \/>\n<meta name=\"author\" content=\"apuntesdesanluis.com\" \/>\n<meta name=\"twitter:card\" content=\"summary_large_image\" \/>\n<meta name=\"twitter:label1\" content=\"Escrito por\" \/>\n\t<meta name=\"twitter:data1\" content=\"apuntesdesanluis.com\" \/>\n\t<meta name=\"twitter:label2\" content=\"Tiempo de lectura\" \/>\n\t<meta name=\"twitter:data2\" content=\"3 minutos\" \/>\n<script type=\"application\/ld+json\" class=\"yoast-schema-graph\">{\"@context\":\"https:\/\/schema.org\",\"@graph\":[{\"@type\":\"Article\",\"@id\":\"https:\/\/apuntesdesanluis.com\/index.php\/2024\/02\/25\/elisa-carrio-con-todo-contra-el-gobierno-de-milei-terminamos-en-el-caos\/#article\",\"isPartOf\":{\"@id\":\"https:\/\/apuntesdesanluis.com\/index.php\/2024\/02\/25\/elisa-carrio-con-todo-contra-el-gobierno-de-milei-terminamos-en-el-caos\/\"},\"author\":{\"name\":\"apuntesdesanluis.com\",\"@id\":\"https:\/\/apuntesdesanluis.com\/#\/schema\/person\/b55151d52296fcce64d1a72538a70b90\"},\"headline\":\"ELISA CARRI\u00d3, CON TODO CONTRA EL GOBIERNO DE MILEI: &#8220;TERMINAMOS EN EL CAOS&#8221;\",\"datePublished\":\"2024-02-26T00:05:13+00:00\",\"mainEntityOfPage\":{\"@id\":\"https:\/\/apuntesdesanluis.com\/index.php\/2024\/02\/25\/elisa-carrio-con-todo-contra-el-gobierno-de-milei-terminamos-en-el-caos\/\"},\"wordCount\":723,\"publisher\":{\"@id\":\"https:\/\/apuntesdesanluis.com\/#\/schema\/person\/b55151d52296fcce64d1a72538a70b90\"},\"image\":{\"@id\":\"https:\/\/apuntesdesanluis.com\/index.php\/2024\/02\/25\/elisa-carrio-con-todo-contra-el-gobierno-de-milei-terminamos-en-el-caos\/#primaryimage\"},\"thumbnailUrl\":\"https:\/\/apuntesdesanluis.com\/wp-content\/uploads\/2023\/07\/carrio.jpg\",\"articleSection\":[\"Nacionales\/Internacionales\"],\"inLanguage\":\"es-AR\"},{\"@type\":\"WebPage\",\"@id\":\"https:\/\/apuntesdesanluis.com\/index.php\/2024\/02\/25\/elisa-carrio-con-todo-contra-el-gobierno-de-milei-terminamos-en-el-caos\/\",\"url\":\"https:\/\/apuntesdesanluis.com\/index.php\/2024\/02\/25\/elisa-carrio-con-todo-contra-el-gobierno-de-milei-terminamos-en-el-caos\/\",\"name\":\"ELISA CARRI\u00d3, CON TODO CONTRA EL GOBIERNO DE MILEI: \\\"TERMINAMOS EN EL CAOS\\\" - Apuntes de San Luis\",\"isPartOf\":{\"@id\":\"https:\/\/apuntesdesanluis.com\/#website\"},\"primaryImageOfPage\":{\"@id\":\"https:\/\/apuntesdesanluis.com\/index.php\/2024\/02\/25\/elisa-carrio-con-todo-contra-el-gobierno-de-milei-terminamos-en-el-caos\/#primaryimage\"},\"image\":{\"@id\":\"https:\/\/apuntesdesanluis.com\/index.php\/2024\/02\/25\/elisa-carrio-con-todo-contra-el-gobierno-de-milei-terminamos-en-el-caos\/#primaryimage\"},\"thumbnailUrl\":\"https:\/\/apuntesdesanluis.com\/wp-content\/uploads\/2023\/07\/carrio.jpg\",\"datePublished\":\"2024-02-26T00:05:13+00:00\",\"breadcrumb\":{\"@id\":\"https:\/\/apuntesdesanluis.com\/index.php\/2024\/02\/25\/elisa-carrio-con-todo-contra-el-gobierno-de-milei-terminamos-en-el-caos\/#breadcrumb\"},\"inLanguage\":\"es-AR\",\"potentialAction\":[{\"@type\":\"ReadAction\",\"target\":[\"https:\/\/apuntesdesanluis.com\/index.php\/2024\/02\/25\/elisa-carrio-con-todo-contra-el-gobierno-de-milei-terminamos-en-el-caos\/\"]}]},{\"@type\":\"ImageObject\",\"inLanguage\":\"es-AR\",\"@id\":\"https:\/\/apuntesdesanluis.com\/index.php\/2024\/02\/25\/elisa-carrio-con-todo-contra-el-gobierno-de-milei-terminamos-en-el-caos\/#primaryimage\",\"url\":\"https:\/\/apuntesdesanluis.com\/wp-content\/uploads\/2023\/07\/carrio.jpg\",\"contentUrl\":\"https:\/\/apuntesdesanluis.com\/wp-content\/uploads\/2023\/07\/carrio.jpg\",\"width\":587,\"height\":381},{\"@type\":\"BreadcrumbList\",\"@id\":\"https:\/\/apuntesdesanluis.com\/index.php\/2024\/02\/25\/elisa-carrio-con-todo-contra-el-gobierno-de-milei-terminamos-en-el-caos\/#breadcrumb\",\"itemListElement\":[{\"@type\":\"ListItem\",\"position\":1,\"name\":\"Inicio\",\"item\":\"https:\/\/apuntesdesanluis.com\/\"},{\"@type\":\"ListItem\",\"position\":2,\"name\":\"ELISA CARRI\u00d3, CON TODO CONTRA EL GOBIERNO DE MILEI: &#8220;TERMINAMOS EN EL CAOS&#8221;\"}]},{\"@type\":\"WebSite\",\"@id\":\"https:\/\/apuntesdesanluis.com\/#website\",\"url\":\"https:\/\/apuntesdesanluis.com\/\",\"name\":\"Apuntes de San Luis\",\"description\":\"\",\"publisher\":{\"@id\":\"https:\/\/apuntesdesanluis.com\/#\/schema\/person\/b55151d52296fcce64d1a72538a70b90\"},\"potentialAction\":[{\"@type\":\"SearchAction\",\"target\":{\"@type\":\"EntryPoint\",\"urlTemplate\":\"https:\/\/apuntesdesanluis.com\/?s={search_term_string}\"},\"query-input\":{\"@type\":\"PropertyValueSpecification\",\"valueRequired\":true,\"valueName\":\"search_term_string\"}}],\"inLanguage\":\"es-AR\"},{\"@type\":[\"Person\",\"Organization\"],\"@id\":\"https:\/\/apuntesdesanluis.com\/#\/schema\/person\/b55151d52296fcce64d1a72538a70b90\",\"name\":\"apuntesdesanluis.com\",\"image\":{\"@type\":\"ImageObject\",\"inLanguage\":\"es-AR\",\"@id\":\"https:\/\/apuntesdesanluis.com\/#\/schema\/person\/image\/\",\"url\":\"https:\/\/apuntesdesanluis.com\/wp-content\/uploads\/2023\/07\/cropped-apuntesdesanluis.png\",\"contentUrl\":\"https:\/\/apuntesdesanluis.com\/wp-content\/uploads\/2023\/07\/cropped-apuntesdesanluis.png\",\"width\":450,\"height\":112,\"caption\":\"apuntesdesanluis.com\"},\"logo\":{\"@id\":\"https:\/\/apuntesdesanluis.com\/#\/schema\/person\/image\/\"},\"sameAs\":[\"https:\/\/apuntesdesanluis.com\"],\"url\":\"https:\/\/apuntesdesanluis.com\/index.php\/author\/apuntesdesanluis-com\/\"}]}<\/script>\n<!-- \/ Yoast SEO plugin. -->","yoast_head_json":{"title":"ELISA CARRI\u00d3, CON TODO CONTRA EL GOBIERNO DE MILEI: \"TERMINAMOS EN EL CAOS\" - Apuntes de San Luis","robots":{"index":"index","follow":"follow","max-snippet":"max-snippet:-1","max-image-preview":"max-image-preview:large","max-video-preview":"max-video-preview:-1"},"canonical":"https:\/\/apuntesdesanluis.com\/index.php\/2024\/02\/25\/elisa-carrio-con-todo-contra-el-gobierno-de-milei-terminamos-en-el-caos\/","og_locale":"es_ES","og_type":"article","og_title":"ELISA CARRI\u00d3, CON TODO CONTRA EL GOBIERNO DE MILEI: \"TERMINAMOS EN EL CAOS\" - Apuntes de San Luis","og_description":"La l\u00edder de la Coalici\u00f3n C\u00edvica, Elisa Carri\u00f3, hizo una evaluaci\u00f3n contundente del gobierno de...","og_url":"https:\/\/apuntesdesanluis.com\/index.php\/2024\/02\/25\/elisa-carrio-con-todo-contra-el-gobierno-de-milei-terminamos-en-el-caos\/","og_site_name":"Apuntes de San Luis","article_published_time":"2024-02-26T00:05:13+00:00","og_image":[{"width":587,"height":381,"url":"https:\/\/apuntesdesanluis.com\/wp-content\/uploads\/2023\/07\/carrio.jpg","type":"image\/jpeg"}],"author":"apuntesdesanluis.com","twitter_card":"summary_large_image","twitter_misc":{"Escrito por":"apuntesdesanluis.com","Tiempo de lectura":"3 minutos"},"schema":{"@context":"https:\/\/schema.org","@graph":[{"@type":"Article","@id":"https:\/\/apuntesdesanluis.com\/index.php\/2024\/02\/25\/elisa-carrio-con-todo-contra-el-gobierno-de-milei-terminamos-en-el-caos\/#article","isPartOf":{"@id":"https:\/\/apuntesdesanluis.com\/index.php\/2024\/02\/25\/elisa-carrio-con-todo-contra-el-gobierno-de-milei-terminamos-en-el-caos\/"},"author":{"name":"apuntesdesanluis.com","@id":"https:\/\/apuntesdesanluis.com\/#\/schema\/person\/b55151d52296fcce64d1a72538a70b90"},"headline":"ELISA CARRI\u00d3, CON TODO CONTRA EL GOBIERNO DE MILEI: &#8220;TERMINAMOS EN EL CAOS&#8221;","datePublished":"2024-02-26T00:05:13+00:00","mainEntityOfPage":{"@id":"https:\/\/apuntesdesanluis.com\/index.php\/2024\/02\/25\/elisa-carrio-con-todo-contra-el-gobierno-de-milei-terminamos-en-el-caos\/"},"wordCount":723,"publisher":{"@id":"https:\/\/apuntesdesanluis.com\/#\/schema\/person\/b55151d52296fcce64d1a72538a70b90"},"image":{"@id":"https:\/\/apuntesdesanluis.com\/index.php\/2024\/02\/25\/elisa-carrio-con-todo-contra-el-gobierno-de-milei-terminamos-en-el-caos\/#primaryimage"},"thumbnailUrl":"https:\/\/apuntesdesanluis.com\/wp-content\/uploads\/2023\/07\/carrio.jpg","articleSection":["Nacionales\/Internacionales"],"inLanguage":"es-AR"},{"@type":"WebPage","@id":"https:\/\/apuntesdesanluis.com\/index.php\/2024\/02\/25\/elisa-carrio-con-todo-contra-el-gobierno-de-milei-terminamos-en-el-caos\/","url":"https:\/\/apuntesdesanluis.com\/index.php\/2024\/02\/25\/elisa-carrio-con-todo-contra-el-gobierno-de-milei-terminamos-en-el-caos\/","name":"ELISA CARRI\u00d3, CON TODO CONTRA EL GOBIERNO DE MILEI: \"TERMINAMOS EN EL CAOS\" - Apuntes de San Luis","isPartOf":{"@id":"https:\/\/apuntesdesanluis.com\/#website"},"primaryImageOfPage":{"@id":"https:\/\/apuntesdesanluis.com\/index.php\/2024\/02\/25\/elisa-carrio-con-todo-contra-el-gobierno-de-milei-terminamos-en-el-caos\/#primaryimage"},"image":{"@id":"https:\/\/apuntesdesanluis.com\/index.php\/2024\/02\/25\/elisa-carrio-con-todo-contra-el-gobierno-de-milei-terminamos-en-el-caos\/#primaryimage"},"thumbnailUrl":"https:\/\/apuntesdesanluis.com\/wp-content\/uploads\/2023\/07\/carrio.jpg","datePublished":"2024-02-26T00:05:13+00:00","breadcrumb":{"@id":"https:\/\/apuntesdesanluis.com\/index.php\/2024\/02\/25\/elisa-carrio-con-todo-contra-el-gobierno-de-milei-terminamos-en-el-caos\/#breadcrumb"},"inLanguage":"es-AR","potentialAction":[{"@type":"ReadAction","target":["https:\/\/apuntesdesanluis.com\/index.php\/2024\/02\/25\/elisa-carrio-con-todo-contra-el-gobierno-de-milei-terminamos-en-el-caos\/"]}]},{"@type":"ImageObject","inLanguage":"es-AR","@id":"https:\/\/apuntesdesanluis.com\/index.php\/2024\/02\/25\/elisa-carrio-con-todo-contra-el-gobierno-de-milei-terminamos-en-el-caos\/#primaryimage","url":"https:\/\/apuntesdesanluis.com\/wp-content\/uploads\/2023\/07\/carrio.jpg","contentUrl":"https:\/\/apuntesdesanluis.com\/wp-content\/uploads\/2023\/07\/carrio.jpg","width":587,"height":381},{"@type":"BreadcrumbList","@id":"https:\/\/apuntesdesanluis.com\/index.php\/2024\/02\/25\/elisa-carrio-con-todo-contra-el-gobierno-de-milei-terminamos-en-el-caos\/#breadcrumb","itemListElement":[{"@type":"ListItem","position":1,"name":"Inicio","item":"https:\/\/apuntesdesanluis.com\/"},{"@type":"ListItem","position":2,"name":"ELISA CARRI\u00d3, CON TODO CONTRA EL GOBIERNO DE MILEI: &#8220;TERMINAMOS EN EL CAOS&#8221;"}]},{"@type":"WebSite","@id":"https:\/\/apuntesdesanluis.com\/#website","url":"https:\/\/apuntesdesanluis.com\/","name":"Apuntes de San Luis","description":"","publisher":{"@id":"https:\/\/apuntesdesanluis.com\/#\/schema\/person\/b55151d52296fcce64d1a72538a70b90"},"potentialAction":[{"@type":"SearchAction","target":{"@type":"EntryPoint","urlTemplate":"https:\/\/apuntesdesanluis.com\/?s={search_term_string}"},"query-input":{"@type":"PropertyValueSpecification","valueRequired":true,"valueName":"search_term_string"}}],"inLanguage":"es-AR"},{"@type":["Person","Organization"],"@id":"https:\/\/apuntesdesanluis.com\/#\/schema\/person\/b55151d52296fcce64d1a72538a70b90","name":"apuntesdesanluis.com","image":{"@type":"ImageObject","inLanguage":"es-AR","@id":"https:\/\/apuntesdesanluis.com\/#\/schema\/person\/image\/","url":"https:\/\/apuntesdesanluis.com\/wp-content\/uploads\/2023\/07\/cropped-apuntesdesanluis.png","contentUrl":"https:\/\/apuntesdesanluis.com\/wp-content\/uploads\/2023\/07\/cropped-apuntesdesanluis.png","width":450,"height":112,"caption":"apuntesdesanluis.com"},"logo":{"@id":"https:\/\/apuntesdesanluis.com\/#\/schema\/person\/image\/"},"sameAs":["https:\/\/apuntesdesanluis.com"],"url":"https:\/\/apuntesdesanluis.com\/index.php\/author\/apuntesdesanluis-com\/"}]}},"featured_image_urls":{"full":["https:\/\/apuntesdesanluis.com\/wp-content\/uploads\/2023\/07\/carrio.jpg",587,381,false],"thumbnail":["https:\/\/apuntesdesanluis.com\/wp-content\/uploads\/2023\/07\/carrio-150x150.jpg",150,150,true],"medium":["https:\/\/apuntesdesanluis.com\/wp-content\/uploads\/2023\/07\/carrio-300x195.jpg",300,195,true],"medium_large":["https:\/\/apuntesdesanluis.com\/wp-content\/uploads\/2023\/07\/carrio.jpg",587,381,false],"large":["https:\/\/apuntesdesanluis.com\/wp-content\/uploads\/2023\/07\/carrio.jpg",587,381,false],"1536x1536":["https:\/\/apuntesdesanluis.com\/wp-content\/uploads\/2023\/07\/carrio.jpg",587,381,false],"2048x2048":["https:\/\/apuntesdesanluis.com\/wp-content\/uploads\/2023\/07\/carrio.jpg",587,381,false],"newsever-slider-full":["https:\/\/apuntesdesanluis.com\/wp-content\/uploads\/2023\/07\/carrio.jpg",587,381,false],"newsever-featured":["https:\/\/apuntesdesanluis.com\/wp-content\/uploads\/2023\/07\/carrio.jpg",587,381,false],"newsever-medium":["https:\/\/apuntesdesanluis.com\/wp-content\/uploads\/2023\/07\/carrio.jpg",587,381,false]},"author_info":{"display_name":"apuntesdesanluis.com","author_link":"https:\/\/apuntesdesanluis.com\/index.php\/author\/apuntesdesanluis-com\/"},"category_info":"<a href=\"https:\/\/apuntesdesanluis.com\/index.php\/category\/nacionales-internacionales\/\" rel=\"category tag\">Nacionales\/Internacionales<\/a>","tag_info":"Nacionales\/Internacionales","comment_count":"0","_links":{"self":[{"href":"https:\/\/apuntesdesanluis.com\/index.php\/wp-json\/wp\/v2\/posts\/12266","targetHints":{"allow":["GET"]}}],"collection":[{"href":"https:\/\/apuntesdesanluis.com\/index.php\/wp-json\/wp\/v2\/posts"}],"about":[{"href":"https:\/\/apuntesdesanluis.com\/index.php\/wp-json\/wp\/v2\/types\/post"}],"author":[{"embeddable":true,"href":"https:\/\/apuntesdesanluis.com\/index.php\/wp-json\/wp\/v2\/users\/1"}],"replies":[{"embeddable":true,"href":"https:\/\/apuntesdesanluis.com\/index.php\/wp-json\/wp\/v2\/comments?post=12266"}],"version-history":[{"count":1,"href":"https:\/\/apuntesdesanluis.com\/index.php\/wp-json\/wp\/v2\/posts\/12266\/revisions"}],"predecessor-version":[{"id":12267,"href":"https:\/\/apuntesdesanluis.com\/index.php\/wp-json\/wp\/v2\/posts\/12266\/revisions\/12267"}],"wp:featuredmedia":[{"embeddable":true,"href":"https:\/\/apuntesdesanluis.com\/index.php\/wp-json\/wp\/v2\/media\/62"}],"wp:attachment":[{"href":"https:\/\/apuntesdesanluis.com\/index.php\/wp-json\/wp\/v2\/media?parent=12266"}],"wp:term":[{"taxonomy":"category","embeddable":true,"href":"https:\/\/apuntesdesanluis.com\/index.php\/wp-json\/wp\/v2\/categories?post=12266"},{"taxonomy":"post_tag","embeddable":true,"href":"https:\/\/apuntesdesanluis.com\/index.php\/wp-json\/wp\/v2\/tags?post=12266"}],"curies":[{"name":"wp","href":"https:\/\/api.w.org\/{rel}","templated":true}]}}