{"id":1228,"date":"2023-08-07T20:39:13","date_gmt":"2023-08-07T23:39:13","guid":{"rendered":"https:\/\/apuntesdesanluis.com\/?p=1228"},"modified":"2023-08-07T20:49:38","modified_gmt":"2023-08-07T23:49:38","slug":"confirman-la-segunda-edicion-de-bla-el-congreso-de-comunicacion","status":"publish","type":"post","link":"https:\/\/apuntesdesanluis.com\/index.php\/2023\/08\/07\/confirman-la-segunda-edicion-de-bla-el-congreso-de-comunicacion\/","title":{"rendered":"CONFIRMAN LA SEGUNDA EDICI\u00d3N DE BLA, EL CONGRESO DE COMUNICACI\u00d3N"},"content":{"rendered":"<h3>La cita ser\u00e1 el viernes 8 de septiembre en Potrero de los Funes. El lenguaje digital, el marketing y la comunicaci\u00f3n estrat\u00e9gica ser\u00e1n algunos de los ejes principales. Con entrada libre y gratuita, es una invitaci\u00f3n a las y los profesionales y estudiantes del sector.<\/h3>\n<h3>La comunicaci\u00f3n muta constantemente y es indispensable conocer los cambios, aprender y adaptarse a ellos. Por ello, vuelve el <strong>Congreso de Comunicaci\u00f3n \u201cBLA. Nuevas tendencias y desaf\u00edos\u201d<\/strong>, organizado por el Gobierno de San Luis a trav\u00e9s de la <strong>Secretar\u00eda de Comunicaci\u00f3n<\/strong>.<\/h3>\n<h3>Ser\u00e1 el viernes 8 de septiembre en La Caja de los Trebejos, Potrero de los Funes. En esta segunda edici\u00f3n, los ejes girar\u00e1n en las nuevas formas de comunicaci\u00f3n que est\u00e1n transformando el mundo actual y las oportunidades que ofrecen. Con referentes destacados, ser\u00e1 una jornada ideal para intercambiar conocimientos y reencontrarse.<\/h3>\n<h3>\u201cEl objetivo desde la Secretar\u00eda es brindarles a los profesionales del sector una experiencia enriquecedora y llena de aprendizaje, donde podr\u00e1s conectar con expertos y colegas. Pero tambi\u00e9n es una gran oportunidad para los j\u00f3venes estudiantes que est\u00e1n inici\u00e1ndose.<\/h3>\n<p><img fetchpriority=\"high\" decoding=\"async\" class=\"wp-image-1230 aligncenter\" src=\"https:\/\/apuntesdesanluis.com\/wp-content\/uploads\/2023\/08\/CAROLINA-AGUERO-300x214.png\" alt=\"\" width=\"728\" height=\"519\" srcset=\"https:\/\/apuntesdesanluis.com\/wp-content\/uploads\/2023\/08\/CAROLINA-AGUERO-300x214.png 300w, https:\/\/apuntesdesanluis.com\/wp-content\/uploads\/2023\/08\/CAROLINA-AGUERO.png 579w\" sizes=\"(max-width: 728px) 100vw, 728px\" \/><\/p>\n<h3>La primera edici\u00f3n fue un \u00e9xito y super\u00f3 nuestras expectativas ya que nos quedamos sin cupos. Sentimos que algunas tem\u00e1ticas quedaron afuera y por eso decidimos hacerlo nuevamente. Estos encuentros son sumamente enriquecedores porque permiten actualizarse para brindar una comunicaci\u00f3n m\u00e1s efectiva. As\u00ed que felices de poder repetir esta experiencia\u201d, destac\u00f3 la Secretaria de Estado de Comunicaci\u00f3n, <strong>Carolina Ag\u00fcero Garc\u00eda <\/strong>(Foto).<\/h3>\n<h3>En cuanto a inscripciones, la funcionaria mencion\u00f3 que en pocos d\u00edas estar\u00e1n disponibles a trav\u00e9s de la p\u00e1gina oficial del evento. \u201cEst\u00e9n atentos porque ser\u00e1 gratuita y con cupos limitados. No se lo pueden perder\u201d, expres\u00f3.<\/h3>\n<h3>Nuevamente, BLA reunir\u00e1 a destacados referentes de diversas disciplinas, quienes brindar\u00e1n claves y estrategias para optimizar y potenciar los recursos de comunicaci\u00f3n. Estar\u00e1 destinado a trabajadores del sector, estudiantes de carreras afines, aficionados y a todas aquellas personas interesadas en actualizar sus conocimientos.<\/h3>\n","protected":false},"excerpt":{"rendered":"<p>La cita ser\u00e1 el viernes 8 de septiembre en Potrero de los Funes. El lenguaje&#8230;<\/p>\n","protected":false},"author":1,"featured_media":1229,"comment_status":"closed","ping_status":"closed","sticky":false,"template":"","format":"standard","meta":{"footnotes":""},"categories":[6],"tags":[],"class_list":["post-1228","post","type-post","status-publish","format-standard","has-post-thumbnail","hentry","category-ciudad-provincia"],"yoast_head":"<!-- This site is optimized with the Yoast SEO plugin v26.1.1 - https:\/\/yoast.com\/wordpress\/plugins\/seo\/ -->\n<title>CONFIRMAN LA SEGUNDA EDICI\u00d3N DE BLA, EL CONGRESO DE COMUNICACI\u00d3N - Apuntes de San Luis<\/title>\n<meta name=\"robots\" content=\"index, follow, max-snippet:-1, max-image-preview:large, max-video-preview:-1\" \/>\n<link rel=\"canonical\" href=\"https:\/\/apuntesdesanluis.com\/index.php\/2023\/08\/07\/confirman-la-segunda-edicion-de-bla-el-congreso-de-comunicacion\/\" \/>\n<meta property=\"og:locale\" content=\"es_ES\" \/>\n<meta property=\"og:type\" content=\"article\" \/>\n<meta property=\"og:title\" content=\"CONFIRMAN LA SEGUNDA EDICI\u00d3N DE BLA, EL CONGRESO DE COMUNICACI\u00d3N - Apuntes de San Luis\" \/>\n<meta property=\"og:description\" content=\"La cita ser\u00e1 el viernes 8 de septiembre en Potrero de los Funes. El lenguaje...\" \/>\n<meta property=\"og:url\" content=\"https:\/\/apuntesdesanluis.com\/index.php\/2023\/08\/07\/confirman-la-segunda-edicion-de-bla-el-congreso-de-comunicacion\/\" \/>\n<meta property=\"og:site_name\" content=\"Apuntes de San Luis\" \/>\n<meta property=\"article:published_time\" content=\"2023-08-07T23:39:13+00:00\" \/>\n<meta property=\"article:modified_time\" content=\"2023-08-07T23:49:38+00:00\" \/>\n<meta property=\"og:image\" content=\"https:\/\/apuntesdesanluis.com\/wp-content\/uploads\/2023\/08\/BLA.png\" \/>\n\t<meta property=\"og:image:width\" content=\"540\" \/>\n\t<meta property=\"og:image:height\" content=\"319\" \/>\n\t<meta property=\"og:image:type\" content=\"image\/png\" \/>\n<meta name=\"author\" content=\"apuntesdesanluis.com\" \/>\n<meta name=\"twitter:card\" content=\"summary_large_image\" \/>\n<meta name=\"twitter:label1\" content=\"Escrito por\" \/>\n\t<meta name=\"twitter:data1\" content=\"apuntesdesanluis.com\" \/>\n\t<meta name=\"twitter:label2\" content=\"Tiempo de lectura\" \/>\n\t<meta name=\"twitter:data2\" content=\"2 minutos\" \/>\n<script type=\"application\/ld+json\" class=\"yoast-schema-graph\">{\"@context\":\"https:\/\/schema.org\",\"@graph\":[{\"@type\":\"Article\",\"@id\":\"https:\/\/apuntesdesanluis.com\/index.php\/2023\/08\/07\/confirman-la-segunda-edicion-de-bla-el-congreso-de-comunicacion\/#article\",\"isPartOf\":{\"@id\":\"https:\/\/apuntesdesanluis.com\/index.php\/2023\/08\/07\/confirman-la-segunda-edicion-de-bla-el-congreso-de-comunicacion\/\"},\"author\":{\"name\":\"apuntesdesanluis.com\",\"@id\":\"https:\/\/apuntesdesanluis.com\/#\/schema\/person\/b55151d52296fcce64d1a72538a70b90\"},\"headline\":\"CONFIRMAN LA SEGUNDA EDICI\u00d3N DE BLA, EL CONGRESO DE COMUNICACI\u00d3N\",\"datePublished\":\"2023-08-07T23:39:13+00:00\",\"dateModified\":\"2023-08-07T23:49:38+00:00\",\"mainEntityOfPage\":{\"@id\":\"https:\/\/apuntesdesanluis.com\/index.php\/2023\/08\/07\/confirman-la-segunda-edicion-de-bla-el-congreso-de-comunicacion\/\"},\"wordCount\":361,\"publisher\":{\"@id\":\"https:\/\/apuntesdesanluis.com\/#\/schema\/person\/b55151d52296fcce64d1a72538a70b90\"},\"image\":{\"@id\":\"https:\/\/apuntesdesanluis.com\/index.php\/2023\/08\/07\/confirman-la-segunda-edicion-de-bla-el-congreso-de-comunicacion\/#primaryimage\"},\"thumbnailUrl\":\"https:\/\/apuntesdesanluis.com\/wp-content\/uploads\/2023\/08\/BLA.png\",\"articleSection\":[\"Ciudad\/Provincia\"],\"inLanguage\":\"es-AR\"},{\"@type\":\"WebPage\",\"@id\":\"https:\/\/apuntesdesanluis.com\/index.php\/2023\/08\/07\/confirman-la-segunda-edicion-de-bla-el-congreso-de-comunicacion\/\",\"url\":\"https:\/\/apuntesdesanluis.com\/index.php\/2023\/08\/07\/confirman-la-segunda-edicion-de-bla-el-congreso-de-comunicacion\/\",\"name\":\"CONFIRMAN LA SEGUNDA EDICI\u00d3N DE BLA, EL CONGRESO DE COMUNICACI\u00d3N - Apuntes de San Luis\",\"isPartOf\":{\"@id\":\"https:\/\/apuntesdesanluis.com\/#website\"},\"primaryImageOfPage\":{\"@id\":\"https:\/\/apuntesdesanluis.com\/index.php\/2023\/08\/07\/confirman-la-segunda-edicion-de-bla-el-congreso-de-comunicacion\/#primaryimage\"},\"image\":{\"@id\":\"https:\/\/apuntesdesanluis.com\/index.php\/2023\/08\/07\/confirman-la-segunda-edicion-de-bla-el-congreso-de-comunicacion\/#primaryimage\"},\"thumbnailUrl\":\"https:\/\/apuntesdesanluis.com\/wp-content\/uploads\/2023\/08\/BLA.png\",\"datePublished\":\"2023-08-07T23:39:13+00:00\",\"dateModified\":\"2023-08-07T23:49:38+00:00\",\"breadcrumb\":{\"@id\":\"https:\/\/apuntesdesanluis.com\/index.php\/2023\/08\/07\/confirman-la-segunda-edicion-de-bla-el-congreso-de-comunicacion\/#breadcrumb\"},\"inLanguage\":\"es-AR\",\"potentialAction\":[{\"@type\":\"ReadAction\",\"target\":[\"https:\/\/apuntesdesanluis.com\/index.php\/2023\/08\/07\/confirman-la-segunda-edicion-de-bla-el-congreso-de-comunicacion\/\"]}]},{\"@type\":\"ImageObject\",\"inLanguage\":\"es-AR\",\"@id\":\"https:\/\/apuntesdesanluis.com\/index.php\/2023\/08\/07\/confirman-la-segunda-edicion-de-bla-el-congreso-de-comunicacion\/#primaryimage\",\"url\":\"https:\/\/apuntesdesanluis.com\/wp-content\/uploads\/2023\/08\/BLA.png\",\"contentUrl\":\"https:\/\/apuntesdesanluis.com\/wp-content\/uploads\/2023\/08\/BLA.png\",\"width\":540,\"height\":319},{\"@type\":\"BreadcrumbList\",\"@id\":\"https:\/\/apuntesdesanluis.com\/index.php\/2023\/08\/07\/confirman-la-segunda-edicion-de-bla-el-congreso-de-comunicacion\/#breadcrumb\",\"itemListElement\":[{\"@type\":\"ListItem\",\"position\":1,\"name\":\"Inicio\",\"item\":\"https:\/\/apuntesdesanluis.com\/\"},{\"@type\":\"ListItem\",\"position\":2,\"name\":\"CONFIRMAN LA SEGUNDA EDICI\u00d3N DE BLA, EL CONGRESO DE COMUNICACI\u00d3N\"}]},{\"@type\":\"WebSite\",\"@id\":\"https:\/\/apuntesdesanluis.com\/#website\",\"url\":\"https:\/\/apuntesdesanluis.com\/\",\"name\":\"Apuntes de San Luis\",\"description\":\"\",\"publisher\":{\"@id\":\"https:\/\/apuntesdesanluis.com\/#\/schema\/person\/b55151d52296fcce64d1a72538a70b90\"},\"potentialAction\":[{\"@type\":\"SearchAction\",\"target\":{\"@type\":\"EntryPoint\",\"urlTemplate\":\"https:\/\/apuntesdesanluis.com\/?s={search_term_string}\"},\"query-input\":{\"@type\":\"PropertyValueSpecification\",\"valueRequired\":true,\"valueName\":\"search_term_string\"}}],\"inLanguage\":\"es-AR\"},{\"@type\":[\"Person\",\"Organization\"],\"@id\":\"https:\/\/apuntesdesanluis.com\/#\/schema\/person\/b55151d52296fcce64d1a72538a70b90\",\"name\":\"apuntesdesanluis.com\",\"image\":{\"@type\":\"ImageObject\",\"inLanguage\":\"es-AR\",\"@id\":\"https:\/\/apuntesdesanluis.com\/#\/schema\/person\/image\/\",\"url\":\"https:\/\/apuntesdesanluis.com\/wp-content\/uploads\/2023\/07\/cropped-apuntesdesanluis.png\",\"contentUrl\":\"https:\/\/apuntesdesanluis.com\/wp-content\/uploads\/2023\/07\/cropped-apuntesdesanluis.png\",\"width\":450,\"height\":112,\"caption\":\"apuntesdesanluis.com\"},\"logo\":{\"@id\":\"https:\/\/apuntesdesanluis.com\/#\/schema\/person\/image\/\"},\"sameAs\":[\"https:\/\/apuntesdesanluis.com\"],\"url\":\"https:\/\/apuntesdesanluis.com\/index.php\/author\/apuntesdesanluis-com\/\"}]}<\/script>\n<!-- \/ Yoast SEO plugin. -->","yoast_head_json":{"title":"CONFIRMAN LA SEGUNDA EDICI\u00d3N DE BLA, EL CONGRESO DE COMUNICACI\u00d3N - Apuntes de San Luis","robots":{"index":"index","follow":"follow","max-snippet":"max-snippet:-1","max-image-preview":"max-image-preview:large","max-video-preview":"max-video-preview:-1"},"canonical":"https:\/\/apuntesdesanluis.com\/index.php\/2023\/08\/07\/confirman-la-segunda-edicion-de-bla-el-congreso-de-comunicacion\/","og_locale":"es_ES","og_type":"article","og_title":"CONFIRMAN LA SEGUNDA EDICI\u00d3N DE BLA, EL CONGRESO DE COMUNICACI\u00d3N - Apuntes de San Luis","og_description":"La cita ser\u00e1 el viernes 8 de septiembre en Potrero de los Funes. El lenguaje...","og_url":"https:\/\/apuntesdesanluis.com\/index.php\/2023\/08\/07\/confirman-la-segunda-edicion-de-bla-el-congreso-de-comunicacion\/","og_site_name":"Apuntes de San Luis","article_published_time":"2023-08-07T23:39:13+00:00","article_modified_time":"2023-08-07T23:49:38+00:00","og_image":[{"width":540,"height":319,"url":"https:\/\/apuntesdesanluis.com\/wp-content\/uploads\/2023\/08\/BLA.png","type":"image\/png"}],"author":"apuntesdesanluis.com","twitter_card":"summary_large_image","twitter_misc":{"Escrito por":"apuntesdesanluis.com","Tiempo de lectura":"2 minutos"},"schema":{"@context":"https:\/\/schema.org","@graph":[{"@type":"Article","@id":"https:\/\/apuntesdesanluis.com\/index.php\/2023\/08\/07\/confirman-la-segunda-edicion-de-bla-el-congreso-de-comunicacion\/#article","isPartOf":{"@id":"https:\/\/apuntesdesanluis.com\/index.php\/2023\/08\/07\/confirman-la-segunda-edicion-de-bla-el-congreso-de-comunicacion\/"},"author":{"name":"apuntesdesanluis.com","@id":"https:\/\/apuntesdesanluis.com\/#\/schema\/person\/b55151d52296fcce64d1a72538a70b90"},"headline":"CONFIRMAN LA SEGUNDA EDICI\u00d3N DE BLA, EL CONGRESO DE COMUNICACI\u00d3N","datePublished":"2023-08-07T23:39:13+00:00","dateModified":"2023-08-07T23:49:38+00:00","mainEntityOfPage":{"@id":"https:\/\/apuntesdesanluis.com\/index.php\/2023\/08\/07\/confirman-la-segunda-edicion-de-bla-el-congreso-de-comunicacion\/"},"wordCount":361,"publisher":{"@id":"https:\/\/apuntesdesanluis.com\/#\/schema\/person\/b55151d52296fcce64d1a72538a70b90"},"image":{"@id":"https:\/\/apuntesdesanluis.com\/index.php\/2023\/08\/07\/confirman-la-segunda-edicion-de-bla-el-congreso-de-comunicacion\/#primaryimage"},"thumbnailUrl":"https:\/\/apuntesdesanluis.com\/wp-content\/uploads\/2023\/08\/BLA.png","articleSection":["Ciudad\/Provincia"],"inLanguage":"es-AR"},{"@type":"WebPage","@id":"https:\/\/apuntesdesanluis.com\/index.php\/2023\/08\/07\/confirman-la-segunda-edicion-de-bla-el-congreso-de-comunicacion\/","url":"https:\/\/apuntesdesanluis.com\/index.php\/2023\/08\/07\/confirman-la-segunda-edicion-de-bla-el-congreso-de-comunicacion\/","name":"CONFIRMAN LA SEGUNDA EDICI\u00d3N DE BLA, EL CONGRESO DE COMUNICACI\u00d3N - Apuntes de San Luis","isPartOf":{"@id":"https:\/\/apuntesdesanluis.com\/#website"},"primaryImageOfPage":{"@id":"https:\/\/apuntesdesanluis.com\/index.php\/2023\/08\/07\/confirman-la-segunda-edicion-de-bla-el-congreso-de-comunicacion\/#primaryimage"},"image":{"@id":"https:\/\/apuntesdesanluis.com\/index.php\/2023\/08\/07\/confirman-la-segunda-edicion-de-bla-el-congreso-de-comunicacion\/#primaryimage"},"thumbnailUrl":"https:\/\/apuntesdesanluis.com\/wp-content\/uploads\/2023\/08\/BLA.png","datePublished":"2023-08-07T23:39:13+00:00","dateModified":"2023-08-07T23:49:38+00:00","breadcrumb":{"@id":"https:\/\/apuntesdesanluis.com\/index.php\/2023\/08\/07\/confirman-la-segunda-edicion-de-bla-el-congreso-de-comunicacion\/#breadcrumb"},"inLanguage":"es-AR","potentialAction":[{"@type":"ReadAction","target":["https:\/\/apuntesdesanluis.com\/index.php\/2023\/08\/07\/confirman-la-segunda-edicion-de-bla-el-congreso-de-comunicacion\/"]}]},{"@type":"ImageObject","inLanguage":"es-AR","@id":"https:\/\/apuntesdesanluis.com\/index.php\/2023\/08\/07\/confirman-la-segunda-edicion-de-bla-el-congreso-de-comunicacion\/#primaryimage","url":"https:\/\/apuntesdesanluis.com\/wp-content\/uploads\/2023\/08\/BLA.png","contentUrl":"https:\/\/apuntesdesanluis.com\/wp-content\/uploads\/2023\/08\/BLA.png","width":540,"height":319},{"@type":"BreadcrumbList","@id":"https:\/\/apuntesdesanluis.com\/index.php\/2023\/08\/07\/confirman-la-segunda-edicion-de-bla-el-congreso-de-comunicacion\/#breadcrumb","itemListElement":[{"@type":"ListItem","position":1,"name":"Inicio","item":"https:\/\/apuntesdesanluis.com\/"},{"@type":"ListItem","position":2,"name":"CONFIRMAN LA SEGUNDA EDICI\u00d3N DE BLA, EL CONGRESO DE COMUNICACI\u00d3N"}]},{"@type":"WebSite","@id":"https:\/\/apuntesdesanluis.com\/#website","url":"https:\/\/apuntesdesanluis.com\/","name":"Apuntes de San Luis","description":"","publisher":{"@id":"https:\/\/apuntesdesanluis.com\/#\/schema\/person\/b55151d52296fcce64d1a72538a70b90"},"potentialAction":[{"@type":"SearchAction","target":{"@type":"EntryPoint","urlTemplate":"https:\/\/apuntesdesanluis.com\/?s={search_term_string}"},"query-input":{"@type":"PropertyValueSpecification","valueRequired":true,"valueName":"search_term_string"}}],"inLanguage":"es-AR"},{"@type":["Person","Organization"],"@id":"https:\/\/apuntesdesanluis.com\/#\/schema\/person\/b55151d52296fcce64d1a72538a70b90","name":"apuntesdesanluis.com","image":{"@type":"ImageObject","inLanguage":"es-AR","@id":"https:\/\/apuntesdesanluis.com\/#\/schema\/person\/image\/","url":"https:\/\/apuntesdesanluis.com\/wp-content\/uploads\/2023\/07\/cropped-apuntesdesanluis.png","contentUrl":"https:\/\/apuntesdesanluis.com\/wp-content\/uploads\/2023\/07\/cropped-apuntesdesanluis.png","width":450,"height":112,"caption":"apuntesdesanluis.com"},"logo":{"@id":"https:\/\/apuntesdesanluis.com\/#\/schema\/person\/image\/"},"sameAs":["https:\/\/apuntesdesanluis.com"],"url":"https:\/\/apuntesdesanluis.com\/index.php\/author\/apuntesdesanluis-com\/"}]}},"featured_image_urls":{"full":["https:\/\/apuntesdesanluis.com\/wp-content\/uploads\/2023\/08\/BLA.png",540,319,false],"thumbnail":["https:\/\/apuntesdesanluis.com\/wp-content\/uploads\/2023\/08\/BLA-150x150.png",150,150,true],"medium":["https:\/\/apuntesdesanluis.com\/wp-content\/uploads\/2023\/08\/BLA-300x177.png",300,177,true],"medium_large":["https:\/\/apuntesdesanluis.com\/wp-content\/uploads\/2023\/08\/BLA.png",540,319,false],"large":["https:\/\/apuntesdesanluis.com\/wp-content\/uploads\/2023\/08\/BLA.png",540,319,false],"1536x1536":["https:\/\/apuntesdesanluis.com\/wp-content\/uploads\/2023\/08\/BLA.png",540,319,false],"2048x2048":["https:\/\/apuntesdesanluis.com\/wp-content\/uploads\/2023\/08\/BLA.png",540,319,false],"newsever-slider-full":["https:\/\/apuntesdesanluis.com\/wp-content\/uploads\/2023\/08\/BLA.png",540,319,false],"newsever-featured":["https:\/\/apuntesdesanluis.com\/wp-content\/uploads\/2023\/08\/BLA.png",540,319,false],"newsever-medium":["https:\/\/apuntesdesanluis.com\/wp-content\/uploads\/2023\/08\/BLA.png",540,319,false]},"author_info":{"display_name":"apuntesdesanluis.com","author_link":"https:\/\/apuntesdesanluis.com\/index.php\/author\/apuntesdesanluis-com\/"},"category_info":"<a href=\"https:\/\/apuntesdesanluis.com\/index.php\/category\/ciudad-provincia\/\" rel=\"category tag\">Ciudad\/Provincia<\/a>","tag_info":"Ciudad\/Provincia","comment_count":"0","_links":{"self":[{"href":"https:\/\/apuntesdesanluis.com\/index.php\/wp-json\/wp\/v2\/posts\/1228","targetHints":{"allow":["GET"]}}],"collection":[{"href":"https:\/\/apuntesdesanluis.com\/index.php\/wp-json\/wp\/v2\/posts"}],"about":[{"href":"https:\/\/apuntesdesanluis.com\/index.php\/wp-json\/wp\/v2\/types\/post"}],"author":[{"embeddable":true,"href":"https:\/\/apuntesdesanluis.com\/index.php\/wp-json\/wp\/v2\/users\/1"}],"replies":[{"embeddable":true,"href":"https:\/\/apuntesdesanluis.com\/index.php\/wp-json\/wp\/v2\/comments?post=1228"}],"version-history":[{"count":2,"href":"https:\/\/apuntesdesanluis.com\/index.php\/wp-json\/wp\/v2\/posts\/1228\/revisions"}],"predecessor-version":[{"id":1232,"href":"https:\/\/apuntesdesanluis.com\/index.php\/wp-json\/wp\/v2\/posts\/1228\/revisions\/1232"}],"wp:featuredmedia":[{"embeddable":true,"href":"https:\/\/apuntesdesanluis.com\/index.php\/wp-json\/wp\/v2\/media\/1229"}],"wp:attachment":[{"href":"https:\/\/apuntesdesanluis.com\/index.php\/wp-json\/wp\/v2\/media?parent=1228"}],"wp:term":[{"taxonomy":"category","embeddable":true,"href":"https:\/\/apuntesdesanluis.com\/index.php\/wp-json\/wp\/v2\/categories?post=1228"},{"taxonomy":"post_tag","embeddable":true,"href":"https:\/\/apuntesdesanluis.com\/index.php\/wp-json\/wp\/v2\/tags?post=1228"}],"curies":[{"name":"wp","href":"https:\/\/api.w.org\/{rel}","templated":true}]}}