{"id":12282,"date":"2024-02-26T16:07:49","date_gmt":"2024-02-26T19:07:49","guid":{"rendered":"https:\/\/apuntesdesanluis.com\/?p=12282"},"modified":"2024-02-26T16:07:49","modified_gmt":"2024-02-26T19:07:49","slug":"el-gobierno-elimino-el-fondo-para-el-fortalecimiento-fiscal-de-la-provincia-de-buenos-aires","status":"publish","type":"post","link":"https:\/\/apuntesdesanluis.com\/index.php\/2024\/02\/26\/el-gobierno-elimino-el-fondo-para-el-fortalecimiento-fiscal-de-la-provincia-de-buenos-aires\/","title":{"rendered":"EL GOBIERNO ELIMIN\u00d3 EL FONDO PARA EL FORTALECIMIENTO FISCAL DE LA PROVINCIA DE BUENOS AIRES"},"content":{"rendered":"<h3 style=\"text-align: justify; background: white;\"><strong><span style=\"font-family: 'Open Sans', sans-serif; color: #212529;\">Javier Milei <\/span><\/strong><span style=\"font-family: 'Open Sans', sans-serif; color: #212529;\">avanza con el ajuste y con el enfrentamiento con los gobernadores. En medio de la disputa con el chubutense, Ignacio Torres, el Gobierno abri\u00f3 un nuevo foco de conflicto al eliminar el Fondo para el Fortalecimiento Fiscal de la Provincia de Buenos Aires con un claro mensaje a la administraci\u00f3n de <\/span><strong><span style=\"font-family: 'Open Sans', sans-serif; color: #212529;\">Axel Kicillof.<\/span><\/strong><\/h3>\n<h3 style=\"text-align: justify; background: white;\"><strong><span style=\"font-family: 'Open Sans',sans-serif; color: #212529; font-weight: normal;\">A trav\u00e9s del Decreto 192\/2024, publicado hoy en el Bolet\u00edn Oficial con las firmas del Presidente, del jefe de Gabinete, Nicol\u00e1s Posse, y del ministro de Econom\u00eda, Luis Caputo, se establece la eliminaci\u00f3n del fondo que hab\u00eda sido creado durante la gesti\u00f3n de Alberto Fern\u00e1ndez, en medio de la pandemia, con recursos obtenidos a partir de la quita a CABA de un porcentaje de los fondos correspondientes a la coparticipaci\u00f3n federal.<\/span><\/strong><\/h3>\n<h3 style=\"text-align: justify; background: white;\"><strong><span style=\"font-family: 'Open Sans',sans-serif; color: #212529; font-weight: normal;\">La medida, que marc\u00f3 un punto de conflicto entre Casa Rosada y el entonces jefe de Gobierno porte\u00f1o, Horacio Rodr\u00edguez Larreta, se hab\u00eda anunciado tras una protesta policial por mejoras salariales contra la gesti\u00f3n Kicillof. \u201cTenemos que buscar los recursos en una situaci\u00f3n fiscal complicada. Estamos derivando muchos recursos del Estado a los sectores m\u00e1s desprotegidos\u201d, afirm\u00f3 Alberto Fern\u00e1ndez en aquel momento.<\/span><\/strong><\/h3>\n<h3 style=\"text-align: justify; background: white;\"><strong><span style=\"font-family: 'Open Sans',sans-serif; color: #212529; font-weight: normal;\">Se trat\u00f3, en definitiva, de la quita de un punto de la coparticipaci\u00f3n a la Capital Federal y le transfiri\u00f3 a la provincia de Buenos Aires m\u00e1s de 30 mil millones de pesos.<\/span><\/strong><\/h3>\n<h3 style=\"text-align: justify; background: white;\"><strong><span style=\"font-family: 'Open Sans',sans-serif; color: #212529; font-weight: normal;\">En el mencionado decreto, el Gobierno argument\u00f3 que \u201cla severidad de la crisis pone en riesgo la subsistencia misma de la organizaci\u00f3n social, jur\u00eddica y pol\u00edtica constituida, afectando su normal desarrollo en procura del bien com\u00fan\u201d. A su vez, reiter\u00f3 que \u201cninguna otra administraci\u00f3n nacional ha recibido una herencia institucional, econ\u00f3mica y social tan cr\u00edtica como la que recibi\u00f3 la actual, por lo que es imprescindible adoptar medidas que permitan superar la situaci\u00f3n de emergencia creada por las excepcionales condiciones econ\u00f3micas y sociales que la Naci\u00f3n padece, especialmente como consecuencia de un conjunto de decisiones intervencionistas\u201d.<\/span><\/strong><\/h3>\n<h3 style=\"text-align: justify; background: white;\"><strong><span style=\"font-family: 'Open Sans',sans-serif; color: #212529; font-weight: normal;\">\u201cCon el fin de solucionar la enorme cantidad de problemas derivados de la herencia que la administraci\u00f3n saliente dej\u00f3 a todos los argentinos, es necesario efectuar un ajuste fiscal en el Sector P\u00fablico Nacional de 5 puntos del PBI y, al mismo tiempo, resolver la situaci\u00f3n de los pasivos remunerados del Banco Central de la Rep\u00fablica Argentina, los que son responsables de los 10 puntos de su d\u00e9ficit\u201d, se agreg\u00f3.<\/span><\/strong><\/h3>\n<h3 style=\"text-align: justify; background: white;\"><strong><span style=\"font-family: 'Open Sans',sans-serif; color: #212529; font-weight: normal;\">\u201cEn consecuencia, no hay soluci\u00f3n alternativa a un urgente ajuste fiscal que ordene las cuentas p\u00fablicas, siendo ello una condici\u00f3n indispensable para la estabilizaci\u00f3n macroecon\u00f3mica que requiere nuestro pa\u00eds\u201d, continu\u00f3 Casa Rosada se\u00f1alando que \u201cla situaci\u00f3n fiscal de las Provincias y de la Ciudad ha sido menos restrictiva a costa de las transferencias discrecionales que ha realizado el Gobierno Nacional\u201d.<\/span><\/strong><\/h3>\n<h3 style=\"text-align: justify; background: white;\"><strong><span style=\"font-family: 'Open Sans',sans-serif; color: #212529; font-weight: normal;\">En el siguiente p\u00e1rrafo, el Gobierno de Milei elev\u00f3 su nivel de confrontaci\u00f3n con Axel Kicillof al manifestar que \u201cel mencionado Fondo de Fortalecimiento Fiscal de la Provincia de Buenos Aires, afect\u00f3 los intereses generales de la Naci\u00f3n en su conjunto, privando al Estado Nacional de recursos necesarios para el ordenamiento de las cuentas p\u00fablicas, por lo que resulta necesario derogar el art\u00edculo 4\u00b0 del Decreto N\u00b0 735 del 9 de septiembre de 2020\u2033.<\/span><\/strong><\/h3>\n<p style=\"margin-top: 0cm; text-align: justify; background: white;\"><strong><span style=\"font-size: 15.0pt; font-family: 'Open Sans',sans-serif; color: #212529;\">\u00a0<\/span><\/strong><\/p>\n<p style=\"margin-top: 0cm; text-align: justify; background: white;\"><strong><span style=\"font-size: 15.0pt; font-family: 'Open Sans',sans-serif; color: #212529;\">\u00a0<\/span><\/strong><\/p>\n","protected":false},"excerpt":{"rendered":"<p>Javier Milei avanza con el ajuste y con el enfrentamiento con los gobernadores. En medio&#8230;<\/p>\n","protected":false},"author":1,"featured_media":12283,"comment_status":"closed","ping_status":"closed","sticky":false,"template":"","format":"standard","meta":{"footnotes":""},"categories":[5],"tags":[],"class_list":["post-12282","post","type-post","status-publish","format-standard","has-post-thumbnail","hentry","category-nacionales-internacionales"],"yoast_head":"<!-- This site is optimized with the Yoast SEO plugin v26.1.1 - https:\/\/yoast.com\/wordpress\/plugins\/seo\/ -->\n<title>EL GOBIERNO ELIMIN\u00d3 EL FONDO PARA EL FORTALECIMIENTO FISCAL DE LA PROVINCIA DE BUENOS AIRES - Apuntes de San Luis<\/title>\n<meta name=\"robots\" content=\"index, follow, max-snippet:-1, max-image-preview:large, max-video-preview:-1\" \/>\n<link rel=\"canonical\" href=\"https:\/\/apuntesdesanluis.com\/index.php\/2024\/02\/26\/el-gobierno-elimino-el-fondo-para-el-fortalecimiento-fiscal-de-la-provincia-de-buenos-aires\/\" \/>\n<meta property=\"og:locale\" content=\"es_ES\" \/>\n<meta property=\"og:type\" content=\"article\" \/>\n<meta property=\"og:title\" content=\"EL GOBIERNO ELIMIN\u00d3 EL FONDO PARA EL FORTALECIMIENTO FISCAL DE LA PROVINCIA DE BUENOS AIRES - Apuntes de San Luis\" \/>\n<meta property=\"og:description\" content=\"Javier Milei avanza con el ajuste y con el enfrentamiento con los gobernadores. En medio...\" \/>\n<meta property=\"og:url\" content=\"https:\/\/apuntesdesanluis.com\/index.php\/2024\/02\/26\/el-gobierno-elimino-el-fondo-para-el-fortalecimiento-fiscal-de-la-provincia-de-buenos-aires\/\" \/>\n<meta property=\"og:site_name\" content=\"Apuntes de San Luis\" \/>\n<meta property=\"article:published_time\" content=\"2024-02-26T19:07:49+00:00\" \/>\n<meta property=\"og:image\" content=\"https:\/\/apuntesdesanluis.com\/wp-content\/uploads\/2024\/02\/milei-pelea-con-kicillof.png\" \/>\n\t<meta property=\"og:image:width\" content=\"600\" \/>\n\t<meta property=\"og:image:height\" content=\"345\" \/>\n\t<meta property=\"og:image:type\" content=\"image\/png\" \/>\n<meta name=\"author\" content=\"apuntesdesanluis.com\" \/>\n<meta name=\"twitter:card\" content=\"summary_large_image\" \/>\n<meta name=\"twitter:label1\" content=\"Escrito por\" \/>\n\t<meta name=\"twitter:data1\" content=\"apuntesdesanluis.com\" \/>\n\t<meta name=\"twitter:label2\" content=\"Tiempo de lectura\" \/>\n\t<meta name=\"twitter:data2\" content=\"3 minutos\" \/>\n<script type=\"application\/ld+json\" class=\"yoast-schema-graph\">{\"@context\":\"https:\/\/schema.org\",\"@graph\":[{\"@type\":\"Article\",\"@id\":\"https:\/\/apuntesdesanluis.com\/index.php\/2024\/02\/26\/el-gobierno-elimino-el-fondo-para-el-fortalecimiento-fiscal-de-la-provincia-de-buenos-aires\/#article\",\"isPartOf\":{\"@id\":\"https:\/\/apuntesdesanluis.com\/index.php\/2024\/02\/26\/el-gobierno-elimino-el-fondo-para-el-fortalecimiento-fiscal-de-la-provincia-de-buenos-aires\/\"},\"author\":{\"name\":\"apuntesdesanluis.com\",\"@id\":\"https:\/\/apuntesdesanluis.com\/#\/schema\/person\/b55151d52296fcce64d1a72538a70b90\"},\"headline\":\"EL GOBIERNO ELIMIN\u00d3 EL FONDO PARA EL FORTALECIMIENTO FISCAL DE LA PROVINCIA DE BUENOS AIRES\",\"datePublished\":\"2024-02-26T19:07:49+00:00\",\"mainEntityOfPage\":{\"@id\":\"https:\/\/apuntesdesanluis.com\/index.php\/2024\/02\/26\/el-gobierno-elimino-el-fondo-para-el-fortalecimiento-fiscal-de-la-provincia-de-buenos-aires\/\"},\"wordCount\":575,\"publisher\":{\"@id\":\"https:\/\/apuntesdesanluis.com\/#\/schema\/person\/b55151d52296fcce64d1a72538a70b90\"},\"image\":{\"@id\":\"https:\/\/apuntesdesanluis.com\/index.php\/2024\/02\/26\/el-gobierno-elimino-el-fondo-para-el-fortalecimiento-fiscal-de-la-provincia-de-buenos-aires\/#primaryimage\"},\"thumbnailUrl\":\"https:\/\/apuntesdesanluis.com\/wp-content\/uploads\/2024\/02\/milei-pelea-con-kicillof.png\",\"articleSection\":[\"Nacionales\/Internacionales\"],\"inLanguage\":\"es-AR\"},{\"@type\":\"WebPage\",\"@id\":\"https:\/\/apuntesdesanluis.com\/index.php\/2024\/02\/26\/el-gobierno-elimino-el-fondo-para-el-fortalecimiento-fiscal-de-la-provincia-de-buenos-aires\/\",\"url\":\"https:\/\/apuntesdesanluis.com\/index.php\/2024\/02\/26\/el-gobierno-elimino-el-fondo-para-el-fortalecimiento-fiscal-de-la-provincia-de-buenos-aires\/\",\"name\":\"EL GOBIERNO ELIMIN\u00d3 EL FONDO PARA EL FORTALECIMIENTO FISCAL DE LA PROVINCIA DE BUENOS AIRES - Apuntes de San Luis\",\"isPartOf\":{\"@id\":\"https:\/\/apuntesdesanluis.com\/#website\"},\"primaryImageOfPage\":{\"@id\":\"https:\/\/apuntesdesanluis.com\/index.php\/2024\/02\/26\/el-gobierno-elimino-el-fondo-para-el-fortalecimiento-fiscal-de-la-provincia-de-buenos-aires\/#primaryimage\"},\"image\":{\"@id\":\"https:\/\/apuntesdesanluis.com\/index.php\/2024\/02\/26\/el-gobierno-elimino-el-fondo-para-el-fortalecimiento-fiscal-de-la-provincia-de-buenos-aires\/#primaryimage\"},\"thumbnailUrl\":\"https:\/\/apuntesdesanluis.com\/wp-content\/uploads\/2024\/02\/milei-pelea-con-kicillof.png\",\"datePublished\":\"2024-02-26T19:07:49+00:00\",\"breadcrumb\":{\"@id\":\"https:\/\/apuntesdesanluis.com\/index.php\/2024\/02\/26\/el-gobierno-elimino-el-fondo-para-el-fortalecimiento-fiscal-de-la-provincia-de-buenos-aires\/#breadcrumb\"},\"inLanguage\":\"es-AR\",\"potentialAction\":[{\"@type\":\"ReadAction\",\"target\":[\"https:\/\/apuntesdesanluis.com\/index.php\/2024\/02\/26\/el-gobierno-elimino-el-fondo-para-el-fortalecimiento-fiscal-de-la-provincia-de-buenos-aires\/\"]}]},{\"@type\":\"ImageObject\",\"inLanguage\":\"es-AR\",\"@id\":\"https:\/\/apuntesdesanluis.com\/index.php\/2024\/02\/26\/el-gobierno-elimino-el-fondo-para-el-fortalecimiento-fiscal-de-la-provincia-de-buenos-aires\/#primaryimage\",\"url\":\"https:\/\/apuntesdesanluis.com\/wp-content\/uploads\/2024\/02\/milei-pelea-con-kicillof.png\",\"contentUrl\":\"https:\/\/apuntesdesanluis.com\/wp-content\/uploads\/2024\/02\/milei-pelea-con-kicillof.png\",\"width\":600,\"height\":345},{\"@type\":\"BreadcrumbList\",\"@id\":\"https:\/\/apuntesdesanluis.com\/index.php\/2024\/02\/26\/el-gobierno-elimino-el-fondo-para-el-fortalecimiento-fiscal-de-la-provincia-de-buenos-aires\/#breadcrumb\",\"itemListElement\":[{\"@type\":\"ListItem\",\"position\":1,\"name\":\"Inicio\",\"item\":\"https:\/\/apuntesdesanluis.com\/\"},{\"@type\":\"ListItem\",\"position\":2,\"name\":\"EL GOBIERNO ELIMIN\u00d3 EL FONDO PARA EL FORTALECIMIENTO FISCAL DE LA PROVINCIA DE BUENOS AIRES\"}]},{\"@type\":\"WebSite\",\"@id\":\"https:\/\/apuntesdesanluis.com\/#website\",\"url\":\"https:\/\/apuntesdesanluis.com\/\",\"name\":\"Apuntes de San Luis\",\"description\":\"\",\"publisher\":{\"@id\":\"https:\/\/apuntesdesanluis.com\/#\/schema\/person\/b55151d52296fcce64d1a72538a70b90\"},\"potentialAction\":[{\"@type\":\"SearchAction\",\"target\":{\"@type\":\"EntryPoint\",\"urlTemplate\":\"https:\/\/apuntesdesanluis.com\/?s={search_term_string}\"},\"query-input\":{\"@type\":\"PropertyValueSpecification\",\"valueRequired\":true,\"valueName\":\"search_term_string\"}}],\"inLanguage\":\"es-AR\"},{\"@type\":[\"Person\",\"Organization\"],\"@id\":\"https:\/\/apuntesdesanluis.com\/#\/schema\/person\/b55151d52296fcce64d1a72538a70b90\",\"name\":\"apuntesdesanluis.com\",\"image\":{\"@type\":\"ImageObject\",\"inLanguage\":\"es-AR\",\"@id\":\"https:\/\/apuntesdesanluis.com\/#\/schema\/person\/image\/\",\"url\":\"https:\/\/apuntesdesanluis.com\/wp-content\/uploads\/2023\/07\/cropped-apuntesdesanluis.png\",\"contentUrl\":\"https:\/\/apuntesdesanluis.com\/wp-content\/uploads\/2023\/07\/cropped-apuntesdesanluis.png\",\"width\":450,\"height\":112,\"caption\":\"apuntesdesanluis.com\"},\"logo\":{\"@id\":\"https:\/\/apuntesdesanluis.com\/#\/schema\/person\/image\/\"},\"sameAs\":[\"https:\/\/apuntesdesanluis.com\"],\"url\":\"https:\/\/apuntesdesanluis.com\/index.php\/author\/apuntesdesanluis-com\/\"}]}<\/script>\n<!-- \/ Yoast SEO plugin. -->","yoast_head_json":{"title":"EL GOBIERNO ELIMIN\u00d3 EL FONDO PARA EL FORTALECIMIENTO FISCAL DE LA PROVINCIA DE BUENOS AIRES - Apuntes de San Luis","robots":{"index":"index","follow":"follow","max-snippet":"max-snippet:-1","max-image-preview":"max-image-preview:large","max-video-preview":"max-video-preview:-1"},"canonical":"https:\/\/apuntesdesanluis.com\/index.php\/2024\/02\/26\/el-gobierno-elimino-el-fondo-para-el-fortalecimiento-fiscal-de-la-provincia-de-buenos-aires\/","og_locale":"es_ES","og_type":"article","og_title":"EL GOBIERNO ELIMIN\u00d3 EL FONDO PARA EL FORTALECIMIENTO FISCAL DE LA PROVINCIA DE BUENOS AIRES - Apuntes de San Luis","og_description":"Javier Milei avanza con el ajuste y con el enfrentamiento con los gobernadores. En medio...","og_url":"https:\/\/apuntesdesanluis.com\/index.php\/2024\/02\/26\/el-gobierno-elimino-el-fondo-para-el-fortalecimiento-fiscal-de-la-provincia-de-buenos-aires\/","og_site_name":"Apuntes de San Luis","article_published_time":"2024-02-26T19:07:49+00:00","og_image":[{"width":600,"height":345,"url":"https:\/\/apuntesdesanluis.com\/wp-content\/uploads\/2024\/02\/milei-pelea-con-kicillof.png","type":"image\/png"}],"author":"apuntesdesanluis.com","twitter_card":"summary_large_image","twitter_misc":{"Escrito por":"apuntesdesanluis.com","Tiempo de lectura":"3 minutos"},"schema":{"@context":"https:\/\/schema.org","@graph":[{"@type":"Article","@id":"https:\/\/apuntesdesanluis.com\/index.php\/2024\/02\/26\/el-gobierno-elimino-el-fondo-para-el-fortalecimiento-fiscal-de-la-provincia-de-buenos-aires\/#article","isPartOf":{"@id":"https:\/\/apuntesdesanluis.com\/index.php\/2024\/02\/26\/el-gobierno-elimino-el-fondo-para-el-fortalecimiento-fiscal-de-la-provincia-de-buenos-aires\/"},"author":{"name":"apuntesdesanluis.com","@id":"https:\/\/apuntesdesanluis.com\/#\/schema\/person\/b55151d52296fcce64d1a72538a70b90"},"headline":"EL GOBIERNO ELIMIN\u00d3 EL FONDO PARA EL FORTALECIMIENTO FISCAL DE LA PROVINCIA DE BUENOS AIRES","datePublished":"2024-02-26T19:07:49+00:00","mainEntityOfPage":{"@id":"https:\/\/apuntesdesanluis.com\/index.php\/2024\/02\/26\/el-gobierno-elimino-el-fondo-para-el-fortalecimiento-fiscal-de-la-provincia-de-buenos-aires\/"},"wordCount":575,"publisher":{"@id":"https:\/\/apuntesdesanluis.com\/#\/schema\/person\/b55151d52296fcce64d1a72538a70b90"},"image":{"@id":"https:\/\/apuntesdesanluis.com\/index.php\/2024\/02\/26\/el-gobierno-elimino-el-fondo-para-el-fortalecimiento-fiscal-de-la-provincia-de-buenos-aires\/#primaryimage"},"thumbnailUrl":"https:\/\/apuntesdesanluis.com\/wp-content\/uploads\/2024\/02\/milei-pelea-con-kicillof.png","articleSection":["Nacionales\/Internacionales"],"inLanguage":"es-AR"},{"@type":"WebPage","@id":"https:\/\/apuntesdesanluis.com\/index.php\/2024\/02\/26\/el-gobierno-elimino-el-fondo-para-el-fortalecimiento-fiscal-de-la-provincia-de-buenos-aires\/","url":"https:\/\/apuntesdesanluis.com\/index.php\/2024\/02\/26\/el-gobierno-elimino-el-fondo-para-el-fortalecimiento-fiscal-de-la-provincia-de-buenos-aires\/","name":"EL GOBIERNO ELIMIN\u00d3 EL FONDO PARA EL FORTALECIMIENTO FISCAL DE LA PROVINCIA DE BUENOS AIRES - Apuntes de San Luis","isPartOf":{"@id":"https:\/\/apuntesdesanluis.com\/#website"},"primaryImageOfPage":{"@id":"https:\/\/apuntesdesanluis.com\/index.php\/2024\/02\/26\/el-gobierno-elimino-el-fondo-para-el-fortalecimiento-fiscal-de-la-provincia-de-buenos-aires\/#primaryimage"},"image":{"@id":"https:\/\/apuntesdesanluis.com\/index.php\/2024\/02\/26\/el-gobierno-elimino-el-fondo-para-el-fortalecimiento-fiscal-de-la-provincia-de-buenos-aires\/#primaryimage"},"thumbnailUrl":"https:\/\/apuntesdesanluis.com\/wp-content\/uploads\/2024\/02\/milei-pelea-con-kicillof.png","datePublished":"2024-02-26T19:07:49+00:00","breadcrumb":{"@id":"https:\/\/apuntesdesanluis.com\/index.php\/2024\/02\/26\/el-gobierno-elimino-el-fondo-para-el-fortalecimiento-fiscal-de-la-provincia-de-buenos-aires\/#breadcrumb"},"inLanguage":"es-AR","potentialAction":[{"@type":"ReadAction","target":["https:\/\/apuntesdesanluis.com\/index.php\/2024\/02\/26\/el-gobierno-elimino-el-fondo-para-el-fortalecimiento-fiscal-de-la-provincia-de-buenos-aires\/"]}]},{"@type":"ImageObject","inLanguage":"es-AR","@id":"https:\/\/apuntesdesanluis.com\/index.php\/2024\/02\/26\/el-gobierno-elimino-el-fondo-para-el-fortalecimiento-fiscal-de-la-provincia-de-buenos-aires\/#primaryimage","url":"https:\/\/apuntesdesanluis.com\/wp-content\/uploads\/2024\/02\/milei-pelea-con-kicillof.png","contentUrl":"https:\/\/apuntesdesanluis.com\/wp-content\/uploads\/2024\/02\/milei-pelea-con-kicillof.png","width":600,"height":345},{"@type":"BreadcrumbList","@id":"https:\/\/apuntesdesanluis.com\/index.php\/2024\/02\/26\/el-gobierno-elimino-el-fondo-para-el-fortalecimiento-fiscal-de-la-provincia-de-buenos-aires\/#breadcrumb","itemListElement":[{"@type":"ListItem","position":1,"name":"Inicio","item":"https:\/\/apuntesdesanluis.com\/"},{"@type":"ListItem","position":2,"name":"EL GOBIERNO ELIMIN\u00d3 EL FONDO PARA EL FORTALECIMIENTO FISCAL DE LA PROVINCIA DE BUENOS AIRES"}]},{"@type":"WebSite","@id":"https:\/\/apuntesdesanluis.com\/#website","url":"https:\/\/apuntesdesanluis.com\/","name":"Apuntes de San Luis","description":"","publisher":{"@id":"https:\/\/apuntesdesanluis.com\/#\/schema\/person\/b55151d52296fcce64d1a72538a70b90"},"potentialAction":[{"@type":"SearchAction","target":{"@type":"EntryPoint","urlTemplate":"https:\/\/apuntesdesanluis.com\/?s={search_term_string}"},"query-input":{"@type":"PropertyValueSpecification","valueRequired":true,"valueName":"search_term_string"}}],"inLanguage":"es-AR"},{"@type":["Person","Organization"],"@id":"https:\/\/apuntesdesanluis.com\/#\/schema\/person\/b55151d52296fcce64d1a72538a70b90","name":"apuntesdesanluis.com","image":{"@type":"ImageObject","inLanguage":"es-AR","@id":"https:\/\/apuntesdesanluis.com\/#\/schema\/person\/image\/","url":"https:\/\/apuntesdesanluis.com\/wp-content\/uploads\/2023\/07\/cropped-apuntesdesanluis.png","contentUrl":"https:\/\/apuntesdesanluis.com\/wp-content\/uploads\/2023\/07\/cropped-apuntesdesanluis.png","width":450,"height":112,"caption":"apuntesdesanluis.com"},"logo":{"@id":"https:\/\/apuntesdesanluis.com\/#\/schema\/person\/image\/"},"sameAs":["https:\/\/apuntesdesanluis.com"],"url":"https:\/\/apuntesdesanluis.com\/index.php\/author\/apuntesdesanluis-com\/"}]}},"featured_image_urls":{"full":["https:\/\/apuntesdesanluis.com\/wp-content\/uploads\/2024\/02\/milei-pelea-con-kicillof.png",600,345,false],"thumbnail":["https:\/\/apuntesdesanluis.com\/wp-content\/uploads\/2024\/02\/milei-pelea-con-kicillof-150x150.png",150,150,true],"medium":["https:\/\/apuntesdesanluis.com\/wp-content\/uploads\/2024\/02\/milei-pelea-con-kicillof-300x173.png",300,173,true],"medium_large":["https:\/\/apuntesdesanluis.com\/wp-content\/uploads\/2024\/02\/milei-pelea-con-kicillof.png",600,345,false],"large":["https:\/\/apuntesdesanluis.com\/wp-content\/uploads\/2024\/02\/milei-pelea-con-kicillof.png",600,345,false],"1536x1536":["https:\/\/apuntesdesanluis.com\/wp-content\/uploads\/2024\/02\/milei-pelea-con-kicillof.png",600,345,false],"2048x2048":["https:\/\/apuntesdesanluis.com\/wp-content\/uploads\/2024\/02\/milei-pelea-con-kicillof.png",600,345,false],"newsever-slider-full":["https:\/\/apuntesdesanluis.com\/wp-content\/uploads\/2024\/02\/milei-pelea-con-kicillof.png",600,345,false],"newsever-featured":["https:\/\/apuntesdesanluis.com\/wp-content\/uploads\/2024\/02\/milei-pelea-con-kicillof.png",600,345,false],"newsever-medium":["https:\/\/apuntesdesanluis.com\/wp-content\/uploads\/2024\/02\/milei-pelea-con-kicillof.png",600,345,false]},"author_info":{"display_name":"apuntesdesanluis.com","author_link":"https:\/\/apuntesdesanluis.com\/index.php\/author\/apuntesdesanluis-com\/"},"category_info":"<a href=\"https:\/\/apuntesdesanluis.com\/index.php\/category\/nacionales-internacionales\/\" rel=\"category tag\">Nacionales\/Internacionales<\/a>","tag_info":"Nacionales\/Internacionales","comment_count":"0","_links":{"self":[{"href":"https:\/\/apuntesdesanluis.com\/index.php\/wp-json\/wp\/v2\/posts\/12282","targetHints":{"allow":["GET"]}}],"collection":[{"href":"https:\/\/apuntesdesanluis.com\/index.php\/wp-json\/wp\/v2\/posts"}],"about":[{"href":"https:\/\/apuntesdesanluis.com\/index.php\/wp-json\/wp\/v2\/types\/post"}],"author":[{"embeddable":true,"href":"https:\/\/apuntesdesanluis.com\/index.php\/wp-json\/wp\/v2\/users\/1"}],"replies":[{"embeddable":true,"href":"https:\/\/apuntesdesanluis.com\/index.php\/wp-json\/wp\/v2\/comments?post=12282"}],"version-history":[{"count":1,"href":"https:\/\/apuntesdesanluis.com\/index.php\/wp-json\/wp\/v2\/posts\/12282\/revisions"}],"predecessor-version":[{"id":12284,"href":"https:\/\/apuntesdesanluis.com\/index.php\/wp-json\/wp\/v2\/posts\/12282\/revisions\/12284"}],"wp:featuredmedia":[{"embeddable":true,"href":"https:\/\/apuntesdesanluis.com\/index.php\/wp-json\/wp\/v2\/media\/12283"}],"wp:attachment":[{"href":"https:\/\/apuntesdesanluis.com\/index.php\/wp-json\/wp\/v2\/media?parent=12282"}],"wp:term":[{"taxonomy":"category","embeddable":true,"href":"https:\/\/apuntesdesanluis.com\/index.php\/wp-json\/wp\/v2\/categories?post=12282"},{"taxonomy":"post_tag","embeddable":true,"href":"https:\/\/apuntesdesanluis.com\/index.php\/wp-json\/wp\/v2\/tags?post=12282"}],"curies":[{"name":"wp","href":"https:\/\/api.w.org\/{rel}","templated":true}]}}