{"id":12290,"date":"2024-02-26T16:59:51","date_gmt":"2024-02-26T19:59:51","guid":{"rendered":"https:\/\/apuntesdesanluis.com\/?p=12290"},"modified":"2024-02-26T19:56:56","modified_gmt":"2024-02-26T22:56:56","slug":"el-gobernador-reitero-los-ejes-educativos-y-fundamento-las-medidas-economicas","status":"publish","type":"post","link":"https:\/\/apuntesdesanluis.com\/index.php\/2024\/02\/26\/el-gobernador-reitero-los-ejes-educativos-y-fundamento-las-medidas-economicas\/","title":{"rendered":"POGGI REITER\u00d3 LOS EJES EDUCATIVOS Y FUNDAMENT\u00d3 LAS MEDIDAS ECON\u00d3MICAS"},"content":{"rendered":"<h3 style=\"text-align: justify; background: white;\"><strong><span style=\"font-family: 'Open Sans',sans-serif; color: #212529; font-weight: normal;\">El gobernador <strong>Claudio Poggi<\/strong> comenz\u00f3 su gira por las escuelas de toda la provincia en una de las m\u00e1s emblem\u00e1ticas, la N\u00b03 \u2018Manuel Belgrano\u2019 de la ciudad de San Luis. All\u00ed se refiri\u00f3 a los tres ejes b\u00e1sicos que plante\u00f3 para avanzar en materia educativa y explic\u00f3 el esfuerzo que est\u00e1 haciendo la provincia para que los sueldos no se vean afectados por los recortes que hizo la Naci\u00f3n.<\/span><\/strong><\/h3>\n<h3 style=\"text-align: justify; background: white;\"><strong><span style=\"font-family: 'Open Sans',sans-serif; color: #212529; font-weight: normal;\">\u201cVamos a generar mucha actividad durante estas dos primeras semanas de clases, visitando las escuelas y en cierta manera acompa\u00f1ando a la comunidad educativa, a los chicos, a los docentes, a los no docentes, a los padres. Siempre apostando a la educaci\u00f3n y convencido que la educaci\u00f3n nos va a sacar de la postergaci\u00f3n como sociedad\u201d, se\u00f1al\u00f3.<\/span><\/strong><\/h3>\n<h3 style=\"text-align: justify; background: white;\"><strong><span style=\"font-family: 'Open Sans',sans-serif; color: #212529; font-weight: normal;\">Si bien algunos gremios hab\u00edan convocado a un paro, siguiendo directivas nacionales, Poggi expres\u00f3 que, seg\u00fan su informaci\u00f3n, \u201cSan Luis tuvo un arranque normal\u201d.<\/span><\/strong><\/h3>\n<p><iframe title=\"Gobernador Claudio Poggi\" width=\"640\" height=\"360\" src=\"https:\/\/www.youtube.com\/embed\/Cm7nOVgph20?feature=oembed\" frameborder=\"0\" allow=\"accelerometer; autoplay; clipboard-write; encrypted-media; gyroscope; picture-in-picture; web-share\" referrerpolicy=\"strict-origin-when-cross-origin\" allowfullscreen><\/iframe><\/p>\n<h3 style=\"text-align: justify; background: white;\"><strong><span style=\"font-family: 'Open Sans',sans-serif; color: #212529; font-weight: normal;\">\u201cNos hemos fijado tres grandes objetivos. Uno es universalizar la sala de 3, o sea escolarizar m\u00e1s temprano al ni\u00f1o. Y la verdad que San Luis est\u00e1 atrasado, porque tiene solamente el 30% de los chicos de tres a\u00f1os escolarizados. Nos faltan 160 salas y las vamos a tener a lo largo de los pr\u00f3ximos cuatro a\u00f1os, a raz\u00f3n de 40 por ciclo lectivo\u201d, anunci\u00f3.<\/span><\/strong><\/h3>\n<h3 style=\"text-align: justify; background: white;\"><strong><span style=\"font-family: 'Open Sans',sans-serif; color: #212529; font-weight: normal;\">El segundo eje es el Plan de Alfabetizaci\u00f3n. \u201cTiene que ver con que los chicos de nuestra escuela primaria mejoren sustancialmente su comprensi\u00f3n lectora. Hoy tenemos la triste estad\u00edstica de que el 50% de los chicos de 10 a\u00f1os no comprende lo que lee. Y el tercer objetivo ser\u00e1 una mayor articulaci\u00f3n entre los \u00faltimos a\u00f1os del secundario con el nivel superior, con los terciarios, con las universidades, con los institutos de formaci\u00f3n docente\u201d, describi\u00f3, para agregar que \u201cla idea es que la mayor cantidad de chicos del secundario puedan cumplir sus estudios universitarios y no frustrarse de entrada\u201d.<\/span><\/strong><\/h3>\n<h3 style=\"margin-top: 0cm; text-align: justify; background: white;\"><strong><span style=\"font-family: 'Open Sans',sans-serif; color: #212529; font-weight: normal;\">Consultado sobre la cuesti\u00f3n salarial, asegur\u00f3 que \u201ccuando uno gobierna tiene que fijar prioridades. Primero perdimos el incentivo docente en todo el pa\u00eds, tambi\u00e9n el plus por conectividad. Entonces tomamos la decisi\u00f3n, que en lugar de que el docente tuviera que resignar un 8% de su salario, la provincia asumiera esa inversi\u00f3n en educaci\u00f3n. Y lo hicimos, en enero y tambi\u00e9n en febrero y marzo. La Naci\u00f3n tambi\u00e9n cort\u00f3 la subvenci\u00f3n del transporte, que cubrimos con fondos propios. Lo mismo con el boleto estudiantil para los chicos de las ciudades m\u00e1s grandes, hablamos con los intendentes y abordamos el tema&#8221;. <\/span><\/strong><\/h3>\n<h3 style=\"margin-top: 0cm; text-align: justify; background: white;\"><strong><span style=\"font-family: 'Open Sans',sans-serif; color: #212529; font-weight: normal;\">Agreg\u00f3 asimismo &#8220;el ambicioso plan alimentario y nutricional escolar, que implicar\u00e1 llegar en el primer semestre al 100% de los chicos del sistema educativo con el desayuno o la merienda, m\u00e1s otros 40.000 chicos de Nivel Inicial y Primario que tendr\u00e1n el almuerzo. Porque un chico que tiene hambre no aprende. Se nos duermen en las escuelas en la primera hora de clase hasta que desayunan y reci\u00e9n ah\u00ed se animan. Con estos gastos, las arcas de la provincia no est\u00e1n en condiciones de dar aumento, lo digo para despejar cualquier expectativa. Hoy la noticia es que pagamos en t\u00e9rmino el sueldo, sin desdoblamientos. Y lo que aumentamos fue la ayuda escolar para todos los empleados p\u00fablicos, la cuadruplicamos\u201d.<\/span><\/strong><\/h3>\n<p>&nbsp;<\/p>\n<p>&nbsp;<\/p>\n<p>&nbsp;<\/p>\n","protected":false},"excerpt":{"rendered":"<p>El gobernador Claudio Poggi comenz\u00f3 su gira por las escuelas de toda la provincia en&#8230;<\/p>\n","protected":false},"author":1,"featured_media":12291,"comment_status":"closed","ping_status":"closed","sticky":false,"template":"","format":"standard","meta":{"footnotes":""},"categories":[6],"tags":[],"class_list":["post-12290","post","type-post","status-publish","format-standard","has-post-thumbnail","hentry","category-ciudad-provincia"],"yoast_head":"<!-- This site is optimized with the Yoast SEO plugin v26.1.1 - https:\/\/yoast.com\/wordpress\/plugins\/seo\/ -->\n<title>POGGI REITER\u00d3 LOS EJES EDUCATIVOS Y FUNDAMENT\u00d3 LAS MEDIDAS ECON\u00d3MICAS - Apuntes de San Luis<\/title>\n<meta name=\"robots\" content=\"index, follow, max-snippet:-1, max-image-preview:large, max-video-preview:-1\" \/>\n<link rel=\"canonical\" href=\"https:\/\/apuntesdesanluis.com\/index.php\/2024\/02\/26\/el-gobernador-reitero-los-ejes-educativos-y-fundamento-las-medidas-economicas\/\" \/>\n<meta property=\"og:locale\" content=\"es_ES\" \/>\n<meta property=\"og:type\" content=\"article\" \/>\n<meta property=\"og:title\" content=\"POGGI REITER\u00d3 LOS EJES EDUCATIVOS Y FUNDAMENT\u00d3 LAS MEDIDAS ECON\u00d3MICAS - Apuntes de San Luis\" \/>\n<meta property=\"og:description\" content=\"El gobernador Claudio Poggi comenz\u00f3 su gira por las escuelas de toda la provincia en...\" \/>\n<meta property=\"og:url\" content=\"https:\/\/apuntesdesanluis.com\/index.php\/2024\/02\/26\/el-gobernador-reitero-los-ejes-educativos-y-fundamento-las-medidas-economicas\/\" \/>\n<meta property=\"og:site_name\" content=\"Apuntes de San Luis\" \/>\n<meta property=\"article:published_time\" content=\"2024-02-26T19:59:51+00:00\" \/>\n<meta property=\"article:modified_time\" content=\"2024-02-26T22:56:56+00:00\" \/>\n<meta property=\"og:image\" content=\"https:\/\/apuntesdesanluis.com\/wp-content\/uploads\/2024\/02\/poggi-araujo.png\" \/>\n\t<meta property=\"og:image:width\" content=\"578\" \/>\n\t<meta property=\"og:image:height\" content=\"342\" \/>\n\t<meta property=\"og:image:type\" content=\"image\/png\" \/>\n<meta name=\"author\" content=\"apuntesdesanluis.com\" \/>\n<meta name=\"twitter:card\" content=\"summary_large_image\" \/>\n<meta name=\"twitter:label1\" content=\"Escrito por\" \/>\n\t<meta name=\"twitter:data1\" content=\"apuntesdesanluis.com\" \/>\n\t<meta name=\"twitter:label2\" content=\"Tiempo de lectura\" \/>\n\t<meta name=\"twitter:data2\" content=\"3 minutos\" \/>\n<script type=\"application\/ld+json\" class=\"yoast-schema-graph\">{\"@context\":\"https:\/\/schema.org\",\"@graph\":[{\"@type\":\"Article\",\"@id\":\"https:\/\/apuntesdesanluis.com\/index.php\/2024\/02\/26\/el-gobernador-reitero-los-ejes-educativos-y-fundamento-las-medidas-economicas\/#article\",\"isPartOf\":{\"@id\":\"https:\/\/apuntesdesanluis.com\/index.php\/2024\/02\/26\/el-gobernador-reitero-los-ejes-educativos-y-fundamento-las-medidas-economicas\/\"},\"author\":{\"name\":\"apuntesdesanluis.com\",\"@id\":\"https:\/\/apuntesdesanluis.com\/#\/schema\/person\/b55151d52296fcce64d1a72538a70b90\"},\"headline\":\"POGGI REITER\u00d3 LOS EJES EDUCATIVOS Y FUNDAMENT\u00d3 LAS MEDIDAS ECON\u00d3MICAS\",\"datePublished\":\"2024-02-26T19:59:51+00:00\",\"dateModified\":\"2024-02-26T22:56:56+00:00\",\"mainEntityOfPage\":{\"@id\":\"https:\/\/apuntesdesanluis.com\/index.php\/2024\/02\/26\/el-gobernador-reitero-los-ejes-educativos-y-fundamento-las-medidas-economicas\/\"},\"wordCount\":587,\"publisher\":{\"@id\":\"https:\/\/apuntesdesanluis.com\/#\/schema\/person\/b55151d52296fcce64d1a72538a70b90\"},\"image\":{\"@id\":\"https:\/\/apuntesdesanluis.com\/index.php\/2024\/02\/26\/el-gobernador-reitero-los-ejes-educativos-y-fundamento-las-medidas-economicas\/#primaryimage\"},\"thumbnailUrl\":\"https:\/\/apuntesdesanluis.com\/wp-content\/uploads\/2024\/02\/poggi-araujo.png\",\"articleSection\":[\"Ciudad\/Provincia\"],\"inLanguage\":\"es-AR\"},{\"@type\":\"WebPage\",\"@id\":\"https:\/\/apuntesdesanluis.com\/index.php\/2024\/02\/26\/el-gobernador-reitero-los-ejes-educativos-y-fundamento-las-medidas-economicas\/\",\"url\":\"https:\/\/apuntesdesanluis.com\/index.php\/2024\/02\/26\/el-gobernador-reitero-los-ejes-educativos-y-fundamento-las-medidas-economicas\/\",\"name\":\"POGGI REITER\u00d3 LOS EJES EDUCATIVOS Y FUNDAMENT\u00d3 LAS MEDIDAS ECON\u00d3MICAS - Apuntes de San Luis\",\"isPartOf\":{\"@id\":\"https:\/\/apuntesdesanluis.com\/#website\"},\"primaryImageOfPage\":{\"@id\":\"https:\/\/apuntesdesanluis.com\/index.php\/2024\/02\/26\/el-gobernador-reitero-los-ejes-educativos-y-fundamento-las-medidas-economicas\/#primaryimage\"},\"image\":{\"@id\":\"https:\/\/apuntesdesanluis.com\/index.php\/2024\/02\/26\/el-gobernador-reitero-los-ejes-educativos-y-fundamento-las-medidas-economicas\/#primaryimage\"},\"thumbnailUrl\":\"https:\/\/apuntesdesanluis.com\/wp-content\/uploads\/2024\/02\/poggi-araujo.png\",\"datePublished\":\"2024-02-26T19:59:51+00:00\",\"dateModified\":\"2024-02-26T22:56:56+00:00\",\"breadcrumb\":{\"@id\":\"https:\/\/apuntesdesanluis.com\/index.php\/2024\/02\/26\/el-gobernador-reitero-los-ejes-educativos-y-fundamento-las-medidas-economicas\/#breadcrumb\"},\"inLanguage\":\"es-AR\",\"potentialAction\":[{\"@type\":\"ReadAction\",\"target\":[\"https:\/\/apuntesdesanluis.com\/index.php\/2024\/02\/26\/el-gobernador-reitero-los-ejes-educativos-y-fundamento-las-medidas-economicas\/\"]}]},{\"@type\":\"ImageObject\",\"inLanguage\":\"es-AR\",\"@id\":\"https:\/\/apuntesdesanluis.com\/index.php\/2024\/02\/26\/el-gobernador-reitero-los-ejes-educativos-y-fundamento-las-medidas-economicas\/#primaryimage\",\"url\":\"https:\/\/apuntesdesanluis.com\/wp-content\/uploads\/2024\/02\/poggi-araujo.png\",\"contentUrl\":\"https:\/\/apuntesdesanluis.com\/wp-content\/uploads\/2024\/02\/poggi-araujo.png\",\"width\":578,\"height\":342},{\"@type\":\"BreadcrumbList\",\"@id\":\"https:\/\/apuntesdesanluis.com\/index.php\/2024\/02\/26\/el-gobernador-reitero-los-ejes-educativos-y-fundamento-las-medidas-economicas\/#breadcrumb\",\"itemListElement\":[{\"@type\":\"ListItem\",\"position\":1,\"name\":\"Inicio\",\"item\":\"https:\/\/apuntesdesanluis.com\/\"},{\"@type\":\"ListItem\",\"position\":2,\"name\":\"POGGI REITER\u00d3 LOS EJES EDUCATIVOS Y FUNDAMENT\u00d3 LAS MEDIDAS ECON\u00d3MICAS\"}]},{\"@type\":\"WebSite\",\"@id\":\"https:\/\/apuntesdesanluis.com\/#website\",\"url\":\"https:\/\/apuntesdesanluis.com\/\",\"name\":\"Apuntes de San Luis\",\"description\":\"\",\"publisher\":{\"@id\":\"https:\/\/apuntesdesanluis.com\/#\/schema\/person\/b55151d52296fcce64d1a72538a70b90\"},\"potentialAction\":[{\"@type\":\"SearchAction\",\"target\":{\"@type\":\"EntryPoint\",\"urlTemplate\":\"https:\/\/apuntesdesanluis.com\/?s={search_term_string}\"},\"query-input\":{\"@type\":\"PropertyValueSpecification\",\"valueRequired\":true,\"valueName\":\"search_term_string\"}}],\"inLanguage\":\"es-AR\"},{\"@type\":[\"Person\",\"Organization\"],\"@id\":\"https:\/\/apuntesdesanluis.com\/#\/schema\/person\/b55151d52296fcce64d1a72538a70b90\",\"name\":\"apuntesdesanluis.com\",\"image\":{\"@type\":\"ImageObject\",\"inLanguage\":\"es-AR\",\"@id\":\"https:\/\/apuntesdesanluis.com\/#\/schema\/person\/image\/\",\"url\":\"https:\/\/apuntesdesanluis.com\/wp-content\/uploads\/2023\/07\/cropped-apuntesdesanluis.png\",\"contentUrl\":\"https:\/\/apuntesdesanluis.com\/wp-content\/uploads\/2023\/07\/cropped-apuntesdesanluis.png\",\"width\":450,\"height\":112,\"caption\":\"apuntesdesanluis.com\"},\"logo\":{\"@id\":\"https:\/\/apuntesdesanluis.com\/#\/schema\/person\/image\/\"},\"sameAs\":[\"https:\/\/apuntesdesanluis.com\"],\"url\":\"https:\/\/apuntesdesanluis.com\/index.php\/author\/apuntesdesanluis-com\/\"}]}<\/script>\n<!-- \/ Yoast SEO plugin. -->","yoast_head_json":{"title":"POGGI REITER\u00d3 LOS EJES EDUCATIVOS Y FUNDAMENT\u00d3 LAS MEDIDAS ECON\u00d3MICAS - Apuntes de San Luis","robots":{"index":"index","follow":"follow","max-snippet":"max-snippet:-1","max-image-preview":"max-image-preview:large","max-video-preview":"max-video-preview:-1"},"canonical":"https:\/\/apuntesdesanluis.com\/index.php\/2024\/02\/26\/el-gobernador-reitero-los-ejes-educativos-y-fundamento-las-medidas-economicas\/","og_locale":"es_ES","og_type":"article","og_title":"POGGI REITER\u00d3 LOS EJES EDUCATIVOS Y FUNDAMENT\u00d3 LAS MEDIDAS ECON\u00d3MICAS - Apuntes de San Luis","og_description":"El gobernador Claudio Poggi comenz\u00f3 su gira por las escuelas de toda la provincia en...","og_url":"https:\/\/apuntesdesanluis.com\/index.php\/2024\/02\/26\/el-gobernador-reitero-los-ejes-educativos-y-fundamento-las-medidas-economicas\/","og_site_name":"Apuntes de San Luis","article_published_time":"2024-02-26T19:59:51+00:00","article_modified_time":"2024-02-26T22:56:56+00:00","og_image":[{"width":578,"height":342,"url":"https:\/\/apuntesdesanluis.com\/wp-content\/uploads\/2024\/02\/poggi-araujo.png","type":"image\/png"}],"author":"apuntesdesanluis.com","twitter_card":"summary_large_image","twitter_misc":{"Escrito por":"apuntesdesanluis.com","Tiempo de lectura":"3 minutos"},"schema":{"@context":"https:\/\/schema.org","@graph":[{"@type":"Article","@id":"https:\/\/apuntesdesanluis.com\/index.php\/2024\/02\/26\/el-gobernador-reitero-los-ejes-educativos-y-fundamento-las-medidas-economicas\/#article","isPartOf":{"@id":"https:\/\/apuntesdesanluis.com\/index.php\/2024\/02\/26\/el-gobernador-reitero-los-ejes-educativos-y-fundamento-las-medidas-economicas\/"},"author":{"name":"apuntesdesanluis.com","@id":"https:\/\/apuntesdesanluis.com\/#\/schema\/person\/b55151d52296fcce64d1a72538a70b90"},"headline":"POGGI REITER\u00d3 LOS EJES EDUCATIVOS Y FUNDAMENT\u00d3 LAS MEDIDAS ECON\u00d3MICAS","datePublished":"2024-02-26T19:59:51+00:00","dateModified":"2024-02-26T22:56:56+00:00","mainEntityOfPage":{"@id":"https:\/\/apuntesdesanluis.com\/index.php\/2024\/02\/26\/el-gobernador-reitero-los-ejes-educativos-y-fundamento-las-medidas-economicas\/"},"wordCount":587,"publisher":{"@id":"https:\/\/apuntesdesanluis.com\/#\/schema\/person\/b55151d52296fcce64d1a72538a70b90"},"image":{"@id":"https:\/\/apuntesdesanluis.com\/index.php\/2024\/02\/26\/el-gobernador-reitero-los-ejes-educativos-y-fundamento-las-medidas-economicas\/#primaryimage"},"thumbnailUrl":"https:\/\/apuntesdesanluis.com\/wp-content\/uploads\/2024\/02\/poggi-araujo.png","articleSection":["Ciudad\/Provincia"],"inLanguage":"es-AR"},{"@type":"WebPage","@id":"https:\/\/apuntesdesanluis.com\/index.php\/2024\/02\/26\/el-gobernador-reitero-los-ejes-educativos-y-fundamento-las-medidas-economicas\/","url":"https:\/\/apuntesdesanluis.com\/index.php\/2024\/02\/26\/el-gobernador-reitero-los-ejes-educativos-y-fundamento-las-medidas-economicas\/","name":"POGGI REITER\u00d3 LOS EJES EDUCATIVOS Y FUNDAMENT\u00d3 LAS MEDIDAS ECON\u00d3MICAS - Apuntes de San Luis","isPartOf":{"@id":"https:\/\/apuntesdesanluis.com\/#website"},"primaryImageOfPage":{"@id":"https:\/\/apuntesdesanluis.com\/index.php\/2024\/02\/26\/el-gobernador-reitero-los-ejes-educativos-y-fundamento-las-medidas-economicas\/#primaryimage"},"image":{"@id":"https:\/\/apuntesdesanluis.com\/index.php\/2024\/02\/26\/el-gobernador-reitero-los-ejes-educativos-y-fundamento-las-medidas-economicas\/#primaryimage"},"thumbnailUrl":"https:\/\/apuntesdesanluis.com\/wp-content\/uploads\/2024\/02\/poggi-araujo.png","datePublished":"2024-02-26T19:59:51+00:00","dateModified":"2024-02-26T22:56:56+00:00","breadcrumb":{"@id":"https:\/\/apuntesdesanluis.com\/index.php\/2024\/02\/26\/el-gobernador-reitero-los-ejes-educativos-y-fundamento-las-medidas-economicas\/#breadcrumb"},"inLanguage":"es-AR","potentialAction":[{"@type":"ReadAction","target":["https:\/\/apuntesdesanluis.com\/index.php\/2024\/02\/26\/el-gobernador-reitero-los-ejes-educativos-y-fundamento-las-medidas-economicas\/"]}]},{"@type":"ImageObject","inLanguage":"es-AR","@id":"https:\/\/apuntesdesanluis.com\/index.php\/2024\/02\/26\/el-gobernador-reitero-los-ejes-educativos-y-fundamento-las-medidas-economicas\/#primaryimage","url":"https:\/\/apuntesdesanluis.com\/wp-content\/uploads\/2024\/02\/poggi-araujo.png","contentUrl":"https:\/\/apuntesdesanluis.com\/wp-content\/uploads\/2024\/02\/poggi-araujo.png","width":578,"height":342},{"@type":"BreadcrumbList","@id":"https:\/\/apuntesdesanluis.com\/index.php\/2024\/02\/26\/el-gobernador-reitero-los-ejes-educativos-y-fundamento-las-medidas-economicas\/#breadcrumb","itemListElement":[{"@type":"ListItem","position":1,"name":"Inicio","item":"https:\/\/apuntesdesanluis.com\/"},{"@type":"ListItem","position":2,"name":"POGGI REITER\u00d3 LOS EJES EDUCATIVOS Y FUNDAMENT\u00d3 LAS MEDIDAS ECON\u00d3MICAS"}]},{"@type":"WebSite","@id":"https:\/\/apuntesdesanluis.com\/#website","url":"https:\/\/apuntesdesanluis.com\/","name":"Apuntes de San Luis","description":"","publisher":{"@id":"https:\/\/apuntesdesanluis.com\/#\/schema\/person\/b55151d52296fcce64d1a72538a70b90"},"potentialAction":[{"@type":"SearchAction","target":{"@type":"EntryPoint","urlTemplate":"https:\/\/apuntesdesanluis.com\/?s={search_term_string}"},"query-input":{"@type":"PropertyValueSpecification","valueRequired":true,"valueName":"search_term_string"}}],"inLanguage":"es-AR"},{"@type":["Person","Organization"],"@id":"https:\/\/apuntesdesanluis.com\/#\/schema\/person\/b55151d52296fcce64d1a72538a70b90","name":"apuntesdesanluis.com","image":{"@type":"ImageObject","inLanguage":"es-AR","@id":"https:\/\/apuntesdesanluis.com\/#\/schema\/person\/image\/","url":"https:\/\/apuntesdesanluis.com\/wp-content\/uploads\/2023\/07\/cropped-apuntesdesanluis.png","contentUrl":"https:\/\/apuntesdesanluis.com\/wp-content\/uploads\/2023\/07\/cropped-apuntesdesanluis.png","width":450,"height":112,"caption":"apuntesdesanluis.com"},"logo":{"@id":"https:\/\/apuntesdesanluis.com\/#\/schema\/person\/image\/"},"sameAs":["https:\/\/apuntesdesanluis.com"],"url":"https:\/\/apuntesdesanluis.com\/index.php\/author\/apuntesdesanluis-com\/"}]}},"featured_image_urls":{"full":["https:\/\/apuntesdesanluis.com\/wp-content\/uploads\/2024\/02\/poggi-araujo.png",578,342,false],"thumbnail":["https:\/\/apuntesdesanluis.com\/wp-content\/uploads\/2024\/02\/poggi-araujo-150x150.png",150,150,true],"medium":["https:\/\/apuntesdesanluis.com\/wp-content\/uploads\/2024\/02\/poggi-araujo-300x178.png",300,178,true],"medium_large":["https:\/\/apuntesdesanluis.com\/wp-content\/uploads\/2024\/02\/poggi-araujo.png",578,342,false],"large":["https:\/\/apuntesdesanluis.com\/wp-content\/uploads\/2024\/02\/poggi-araujo.png",578,342,false],"1536x1536":["https:\/\/apuntesdesanluis.com\/wp-content\/uploads\/2024\/02\/poggi-araujo.png",578,342,false],"2048x2048":["https:\/\/apuntesdesanluis.com\/wp-content\/uploads\/2024\/02\/poggi-araujo.png",578,342,false],"newsever-slider-full":["https:\/\/apuntesdesanluis.com\/wp-content\/uploads\/2024\/02\/poggi-araujo.png",578,342,false],"newsever-featured":["https:\/\/apuntesdesanluis.com\/wp-content\/uploads\/2024\/02\/poggi-araujo.png",578,342,false],"newsever-medium":["https:\/\/apuntesdesanluis.com\/wp-content\/uploads\/2024\/02\/poggi-araujo.png",578,342,false]},"author_info":{"display_name":"apuntesdesanluis.com","author_link":"https:\/\/apuntesdesanluis.com\/index.php\/author\/apuntesdesanluis-com\/"},"category_info":"<a href=\"https:\/\/apuntesdesanluis.com\/index.php\/category\/ciudad-provincia\/\" rel=\"category tag\">Ciudad\/Provincia<\/a>","tag_info":"Ciudad\/Provincia","comment_count":"0","_links":{"self":[{"href":"https:\/\/apuntesdesanluis.com\/index.php\/wp-json\/wp\/v2\/posts\/12290","targetHints":{"allow":["GET"]}}],"collection":[{"href":"https:\/\/apuntesdesanluis.com\/index.php\/wp-json\/wp\/v2\/posts"}],"about":[{"href":"https:\/\/apuntesdesanluis.com\/index.php\/wp-json\/wp\/v2\/types\/post"}],"author":[{"embeddable":true,"href":"https:\/\/apuntesdesanluis.com\/index.php\/wp-json\/wp\/v2\/users\/1"}],"replies":[{"embeddable":true,"href":"https:\/\/apuntesdesanluis.com\/index.php\/wp-json\/wp\/v2\/comments?post=12290"}],"version-history":[{"count":3,"href":"https:\/\/apuntesdesanluis.com\/index.php\/wp-json\/wp\/v2\/posts\/12290\/revisions"}],"predecessor-version":[{"id":12301,"href":"https:\/\/apuntesdesanluis.com\/index.php\/wp-json\/wp\/v2\/posts\/12290\/revisions\/12301"}],"wp:featuredmedia":[{"embeddable":true,"href":"https:\/\/apuntesdesanluis.com\/index.php\/wp-json\/wp\/v2\/media\/12291"}],"wp:attachment":[{"href":"https:\/\/apuntesdesanluis.com\/index.php\/wp-json\/wp\/v2\/media?parent=12290"}],"wp:term":[{"taxonomy":"category","embeddable":true,"href":"https:\/\/apuntesdesanluis.com\/index.php\/wp-json\/wp\/v2\/categories?post=12290"},{"taxonomy":"post_tag","embeddable":true,"href":"https:\/\/apuntesdesanluis.com\/index.php\/wp-json\/wp\/v2\/tags?post=12290"}],"curies":[{"name":"wp","href":"https:\/\/api.w.org\/{rel}","templated":true}]}}