{"id":12294,"date":"2024-02-26T17:29:52","date_gmt":"2024-02-26T20:29:52","guid":{"rendered":"https:\/\/apuntesdesanluis.com\/?p=12294"},"modified":"2024-02-26T17:29:52","modified_gmt":"2024-02-26T20:29:52","slug":"patricia-bullrich-salio-a-juntar-firmas-en-apoyo-de-milei-y-le-disputa-a-macri-el-liderazgo-del-pro","status":"publish","type":"post","link":"https:\/\/apuntesdesanluis.com\/index.php\/2024\/02\/26\/patricia-bullrich-salio-a-juntar-firmas-en-apoyo-de-milei-y-le-disputa-a-macri-el-liderazgo-del-pro\/","title":{"rendered":"PATRICIA BULLRICH SALI\u00d3 A JUNTAR FIRMAS EN APOYO DE MILEI Y LE DISPUTA A MACRI EL LIDERAZGO DEL PRO"},"content":{"rendered":"<h3 style=\"text-align: justify; background: white;\"><strong><span style=\"font-family: 'Open Sans',sans-serif; color: #212529; font-weight: normal;\">La ministra de Seguridad, <strong>Patricia Bullrich<\/strong>, sali\u00f3 a juntar firmas del PRO para un documento de apoyo al presidente <strong>Javier Milei<\/strong> en medio del enfrentamiento con los gobernadores por la distribuci\u00f3n de la coparticipaci\u00f3n federal, y de las amenazas de los mandatarios de la Patagonia de interrumpir el suministro de gas y petr\u00f3leo a todo el pa\u00eds si el pr\u00f3ximo mi\u00e9rcoles no le restituyen a Chubut unos 13.500 millones de pesos que fueron descontados.<\/span><\/strong><\/h3>\n<h3 style=\"text-align: justify; background: white;\"><strong><span style=\"font-family: 'Open Sans',sans-serif; color: #212529; font-weight: normal;\">En t\u00e9rminos pol\u00edticos se trata de una decisi\u00f3n que tom\u00f3 la funcionaria desde Washington, donde viaj\u00f3 para participar con Milei de la cumbre conservadora CPAC, con el objetivo de disputarle a Mauricio Macri el liderazgo del PRO. El ex mandatario se mantuvo en silencio en las \u00faltimas horas, mientras los gobernadores que pertenecen a su partido e, incluso, el propio jefe de gobierno, Jorge Macri, se sumaron a la ofensiva de los mandatarios del peronismo.<\/span><\/strong><\/h3>\n<h3 style=\"text-align: justify; background: white;\"><strong><span style=\"font-family: 'Open Sans',sans-serif; color: #212529; font-weight: normal;\">El inicio de la rebeli\u00f3n, de hecho, empez\u00f3 por Ignacio \u201cNacho\u201d Torres, uno de los tres gobernadores del PRO puro. El chubutense no s\u00f3lo se quej\u00f3 de los recortes de la coparticipaci\u00f3n federal, sino que adem\u00e1s lanz\u00f3 la amenaza de cortar los env\u00edos de hidrocarburos. Fue la chispa que inici\u00f3 una reacci\u00f3n en cadena por gobernadores que vienen teniendo reducciones sensibles de fondos que hasta diciembre la Naci\u00f3n enviaba a las jurisdicciones provinciales.<\/span><\/strong><\/h3>\n<h3 style=\"text-align: justify; background: white;\"><strong><span style=\"font-family: 'Open Sans',sans-serif; color: #212529; font-weight: normal;\">De hecho, Torres antes de anunciar la interrupci\u00f3n del suministro de gas y petr\u00f3leo estuvo reunido con Macri en sus oficinas de Vicente L\u00f3pez, donde el gobernador patag\u00f3nico le anticip\u00f3 que anunciar\u00eda esa protesta si no ten\u00eda una respuesta inmediata a su reclamo de no avanzar con m\u00e1s recortes de partidas.<\/span><\/strong><\/h3>\n<h3 style=\"text-align: justify; background: white;\"><strong><span style=\"font-family: 'Open Sans',sans-serif; color: #212529; font-weight: normal;\">En el documento que elabor\u00f3 Patricia Bullrich y que fue girado a dirigentes del PRO de todo el pa\u00eds, la ministra de Seguridad rechaza las amenazas, defiende el \u201ccambio\u201d y reclama a los l\u00edderes del partido que se pongan del lado del presidente. Entre las adhesiones se destacan diputados, senadores, legisladores provinciales, intendente y otras personalidades.<\/span><\/strong><\/h3>\n<h3 style=\"text-align: justify; background: white;\"><strong><span style=\"font-family: 'Open Sans',sans-serif; color: #212529; font-weight: normal;\">Algunos de los firmantes del texto son Federico Pinedo, Diego Valenzuela, Federico Angelini, Fernando Iglesias, Laura Rodr\u00edguez Machado, Dami\u00e1n Arabia, Silvana Giudici, Patricia V\u00e1zquez, Gerardo Milman, Sabrina Ajmechet, Hebe Casado, Enrique Thomas, Francisco S\u00e1nchez, Juan Curutchet, Enrique Cristofani, Cornelia Schmidt Liermann, Eduardo Macchiavelli, Pablo Tonelli, Claudio Avruj, Alejandro Fargosi, Maximiliano Guerra, Alberto Fohrig, Pablo Walter, entre un total que ya supera la 250 adhesiones.<\/span><\/strong><\/h3>\n<h3 style=\"text-align: justify; background: white;\"><strong><span style=\"font-family: 'Open Sans',sans-serif; color: #212529; font-weight: normal;\">El documento al que tuvo acceso Infobae:<\/span><\/strong><\/h3>\n<h3 style=\"text-align: justify; background: white;\"><strong><span style=\"font-family: 'Open Sans',sans-serif; color: #212529; font-weight: normal;\">\u201cLos abajo firmantes, dirigentes y militantes del PRO, compartimos de diversas maneras la experiencia de gobierno 2015-2019. Las manifestaciones p\u00fablicas de nuestros principales dirigentes confirman un diagn\u00f3stico: se avanz\u00f3 demasiado lentamente y con exagerada prudencia y eso se pag\u00f3 con una crisis que impidi\u00f3 la continuidad del cambio. En caso de volver a ser gobierno, ser\u00eda necesario un mayor coraje y decisi\u00f3n.<\/span><\/strong><\/h3>\n<h3 style=\"text-align: justify; background: white;\"><strong><span style=\"font-family: 'Open Sans',sans-serif; color: #212529; font-weight: normal;\">La derrota parlamentaria de la ley Bases fue un duro golpe a nuestras aspiraciones, ya que mostr\u00f3 r\u00e1pidamente las dificultades que deber\u00e1 enfrentar todo plan de reforma y priv\u00f3 al gobierno nacional de las herramientas necesarias para enfrentar la desastrosa situaci\u00f3n heredada. Nuestro bloque se mantuvo compacto, votando a favor todos sus art\u00edculos al mismo tiempo que suger\u00eda medidas y propon\u00eda modificaciones. Es por esto que asistimos hoy consternados a la resistencia de muchos gobernadores a compartir el esfuerzo fiscal necesario para impedir una crisis hiperinflacionaria cuya v\u00edctima principal no ser\u00eda el gobierno sino los argentinos que habitan todas las provincias.<\/span><\/strong><\/h3>\n<h3 style=\"text-align: justify; background: white;\"><strong><span style=\"font-family: 'Open Sans',sans-serif; color: #212529; font-weight: normal;\">\u201cEs necesario discutir un nuevo marco para la coparticipaci\u00f3n y la distribuci\u00f3n de los recursos federales, como establece nuestra Constituci\u00f3n y nunca se ha cumplido. Entretanto, todos debemos sumar nuestros esfuerzos para que el pa\u00eds supere esta coyuntura cr\u00edtica. Conscientes de nuestra responsabilidad de apoyar el cambio que nuestros votantes y la mayor\u00eda de los argentinos exigen hacemos un llamado a la cordura a todos quienes comparten nuestra visi\u00f3n de un pa\u00eds federal en el que cada provincia genere sus propios recursos y sea sustentable, en el que la maquinita de imprimir billetes deje de financiar privilegios a expensas del bienestar de los argentinos y en el que la continuidad y el respeto de la Constituci\u00f3n y las leyes, y no el chantaje, sean el punto de partida de la resoluci\u00f3n de disputas y controversias\u201d.<\/span><\/strong><\/h3>\n<p>&nbsp;<\/p>\n<p>&nbsp;<\/p>\n<p>&nbsp;<\/p>\n","protected":false},"excerpt":{"rendered":"<p>La ministra de Seguridad, Patricia Bullrich, sali\u00f3 a juntar firmas del PRO para un documento&#8230;<\/p>\n","protected":false},"author":1,"featured_media":12295,"comment_status":"closed","ping_status":"closed","sticky":false,"template":"","format":"standard","meta":{"footnotes":""},"categories":[5],"tags":[],"class_list":["post-12294","post","type-post","status-publish","format-standard","has-post-thumbnail","hentry","category-nacionales-internacionales"],"yoast_head":"<!-- This site is optimized with the Yoast SEO plugin v26.1.1 - https:\/\/yoast.com\/wordpress\/plugins\/seo\/ -->\n<title>PATRICIA BULLRICH SALI\u00d3 A JUNTAR FIRMAS EN APOYO DE MILEI Y LE DISPUTA A MACRI EL LIDERAZGO DEL PRO - Apuntes de San Luis<\/title>\n<meta name=\"robots\" content=\"index, follow, max-snippet:-1, max-image-preview:large, max-video-preview:-1\" \/>\n<link rel=\"canonical\" href=\"https:\/\/apuntesdesanluis.com\/index.php\/2024\/02\/26\/patricia-bullrich-salio-a-juntar-firmas-en-apoyo-de-milei-y-le-disputa-a-macri-el-liderazgo-del-pro\/\" \/>\n<meta property=\"og:locale\" content=\"es_ES\" \/>\n<meta property=\"og:type\" content=\"article\" \/>\n<meta property=\"og:title\" content=\"PATRICIA BULLRICH SALI\u00d3 A JUNTAR FIRMAS EN APOYO DE MILEI Y LE DISPUTA A MACRI EL LIDERAZGO DEL PRO - Apuntes de San Luis\" \/>\n<meta property=\"og:description\" content=\"La ministra de Seguridad, Patricia Bullrich, sali\u00f3 a juntar firmas del PRO para un documento...\" \/>\n<meta property=\"og:url\" content=\"https:\/\/apuntesdesanluis.com\/index.php\/2024\/02\/26\/patricia-bullrich-salio-a-juntar-firmas-en-apoyo-de-milei-y-le-disputa-a-macri-el-liderazgo-del-pro\/\" \/>\n<meta property=\"og:site_name\" content=\"Apuntes de San Luis\" \/>\n<meta property=\"article:published_time\" content=\"2024-02-26T20:29:52+00:00\" \/>\n<meta property=\"og:image\" content=\"https:\/\/apuntesdesanluis.com\/wp-content\/uploads\/2024\/02\/bullrich-y-milei.png\" \/>\n\t<meta property=\"og:image:width\" content=\"595\" \/>\n\t<meta property=\"og:image:height\" content=\"355\" \/>\n\t<meta property=\"og:image:type\" content=\"image\/png\" \/>\n<meta name=\"author\" content=\"apuntesdesanluis.com\" \/>\n<meta name=\"twitter:card\" content=\"summary_large_image\" \/>\n<meta name=\"twitter:label1\" content=\"Escrito por\" \/>\n\t<meta name=\"twitter:data1\" content=\"apuntesdesanluis.com\" \/>\n\t<meta name=\"twitter:label2\" content=\"Tiempo de lectura\" \/>\n\t<meta name=\"twitter:data2\" content=\"4 minutos\" \/>\n<script type=\"application\/ld+json\" class=\"yoast-schema-graph\">{\"@context\":\"https:\/\/schema.org\",\"@graph\":[{\"@type\":\"Article\",\"@id\":\"https:\/\/apuntesdesanluis.com\/index.php\/2024\/02\/26\/patricia-bullrich-salio-a-juntar-firmas-en-apoyo-de-milei-y-le-disputa-a-macri-el-liderazgo-del-pro\/#article\",\"isPartOf\":{\"@id\":\"https:\/\/apuntesdesanluis.com\/index.php\/2024\/02\/26\/patricia-bullrich-salio-a-juntar-firmas-en-apoyo-de-milei-y-le-disputa-a-macri-el-liderazgo-del-pro\/\"},\"author\":{\"name\":\"apuntesdesanluis.com\",\"@id\":\"https:\/\/apuntesdesanluis.com\/#\/schema\/person\/b55151d52296fcce64d1a72538a70b90\"},\"headline\":\"PATRICIA BULLRICH SALI\u00d3 A JUNTAR FIRMAS EN APOYO DE MILEI Y LE DISPUTA A MACRI EL LIDERAZGO DEL PRO\",\"datePublished\":\"2024-02-26T20:29:52+00:00\",\"mainEntityOfPage\":{\"@id\":\"https:\/\/apuntesdesanluis.com\/index.php\/2024\/02\/26\/patricia-bullrich-salio-a-juntar-firmas-en-apoyo-de-milei-y-le-disputa-a-macri-el-liderazgo-del-pro\/\"},\"wordCount\":768,\"publisher\":{\"@id\":\"https:\/\/apuntesdesanluis.com\/#\/schema\/person\/b55151d52296fcce64d1a72538a70b90\"},\"image\":{\"@id\":\"https:\/\/apuntesdesanluis.com\/index.php\/2024\/02\/26\/patricia-bullrich-salio-a-juntar-firmas-en-apoyo-de-milei-y-le-disputa-a-macri-el-liderazgo-del-pro\/#primaryimage\"},\"thumbnailUrl\":\"https:\/\/apuntesdesanluis.com\/wp-content\/uploads\/2024\/02\/bullrich-y-milei.png\",\"articleSection\":[\"Nacionales\/Internacionales\"],\"inLanguage\":\"es-AR\"},{\"@type\":\"WebPage\",\"@id\":\"https:\/\/apuntesdesanluis.com\/index.php\/2024\/02\/26\/patricia-bullrich-salio-a-juntar-firmas-en-apoyo-de-milei-y-le-disputa-a-macri-el-liderazgo-del-pro\/\",\"url\":\"https:\/\/apuntesdesanluis.com\/index.php\/2024\/02\/26\/patricia-bullrich-salio-a-juntar-firmas-en-apoyo-de-milei-y-le-disputa-a-macri-el-liderazgo-del-pro\/\",\"name\":\"PATRICIA BULLRICH SALI\u00d3 A JUNTAR FIRMAS EN APOYO DE MILEI Y LE DISPUTA A MACRI EL LIDERAZGO DEL PRO - Apuntes de San Luis\",\"isPartOf\":{\"@id\":\"https:\/\/apuntesdesanluis.com\/#website\"},\"primaryImageOfPage\":{\"@id\":\"https:\/\/apuntesdesanluis.com\/index.php\/2024\/02\/26\/patricia-bullrich-salio-a-juntar-firmas-en-apoyo-de-milei-y-le-disputa-a-macri-el-liderazgo-del-pro\/#primaryimage\"},\"image\":{\"@id\":\"https:\/\/apuntesdesanluis.com\/index.php\/2024\/02\/26\/patricia-bullrich-salio-a-juntar-firmas-en-apoyo-de-milei-y-le-disputa-a-macri-el-liderazgo-del-pro\/#primaryimage\"},\"thumbnailUrl\":\"https:\/\/apuntesdesanluis.com\/wp-content\/uploads\/2024\/02\/bullrich-y-milei.png\",\"datePublished\":\"2024-02-26T20:29:52+00:00\",\"breadcrumb\":{\"@id\":\"https:\/\/apuntesdesanluis.com\/index.php\/2024\/02\/26\/patricia-bullrich-salio-a-juntar-firmas-en-apoyo-de-milei-y-le-disputa-a-macri-el-liderazgo-del-pro\/#breadcrumb\"},\"inLanguage\":\"es-AR\",\"potentialAction\":[{\"@type\":\"ReadAction\",\"target\":[\"https:\/\/apuntesdesanluis.com\/index.php\/2024\/02\/26\/patricia-bullrich-salio-a-juntar-firmas-en-apoyo-de-milei-y-le-disputa-a-macri-el-liderazgo-del-pro\/\"]}]},{\"@type\":\"ImageObject\",\"inLanguage\":\"es-AR\",\"@id\":\"https:\/\/apuntesdesanluis.com\/index.php\/2024\/02\/26\/patricia-bullrich-salio-a-juntar-firmas-en-apoyo-de-milei-y-le-disputa-a-macri-el-liderazgo-del-pro\/#primaryimage\",\"url\":\"https:\/\/apuntesdesanluis.com\/wp-content\/uploads\/2024\/02\/bullrich-y-milei.png\",\"contentUrl\":\"https:\/\/apuntesdesanluis.com\/wp-content\/uploads\/2024\/02\/bullrich-y-milei.png\",\"width\":595,\"height\":355},{\"@type\":\"BreadcrumbList\",\"@id\":\"https:\/\/apuntesdesanluis.com\/index.php\/2024\/02\/26\/patricia-bullrich-salio-a-juntar-firmas-en-apoyo-de-milei-y-le-disputa-a-macri-el-liderazgo-del-pro\/#breadcrumb\",\"itemListElement\":[{\"@type\":\"ListItem\",\"position\":1,\"name\":\"Inicio\",\"item\":\"https:\/\/apuntesdesanluis.com\/\"},{\"@type\":\"ListItem\",\"position\":2,\"name\":\"PATRICIA BULLRICH SALI\u00d3 A JUNTAR FIRMAS EN APOYO DE MILEI Y LE DISPUTA A MACRI EL LIDERAZGO DEL PRO\"}]},{\"@type\":\"WebSite\",\"@id\":\"https:\/\/apuntesdesanluis.com\/#website\",\"url\":\"https:\/\/apuntesdesanluis.com\/\",\"name\":\"Apuntes de San Luis\",\"description\":\"\",\"publisher\":{\"@id\":\"https:\/\/apuntesdesanluis.com\/#\/schema\/person\/b55151d52296fcce64d1a72538a70b90\"},\"potentialAction\":[{\"@type\":\"SearchAction\",\"target\":{\"@type\":\"EntryPoint\",\"urlTemplate\":\"https:\/\/apuntesdesanluis.com\/?s={search_term_string}\"},\"query-input\":{\"@type\":\"PropertyValueSpecification\",\"valueRequired\":true,\"valueName\":\"search_term_string\"}}],\"inLanguage\":\"es-AR\"},{\"@type\":[\"Person\",\"Organization\"],\"@id\":\"https:\/\/apuntesdesanluis.com\/#\/schema\/person\/b55151d52296fcce64d1a72538a70b90\",\"name\":\"apuntesdesanluis.com\",\"image\":{\"@type\":\"ImageObject\",\"inLanguage\":\"es-AR\",\"@id\":\"https:\/\/apuntesdesanluis.com\/#\/schema\/person\/image\/\",\"url\":\"https:\/\/apuntesdesanluis.com\/wp-content\/uploads\/2023\/07\/cropped-apuntesdesanluis.png\",\"contentUrl\":\"https:\/\/apuntesdesanluis.com\/wp-content\/uploads\/2023\/07\/cropped-apuntesdesanluis.png\",\"width\":450,\"height\":112,\"caption\":\"apuntesdesanluis.com\"},\"logo\":{\"@id\":\"https:\/\/apuntesdesanluis.com\/#\/schema\/person\/image\/\"},\"sameAs\":[\"https:\/\/apuntesdesanluis.com\"],\"url\":\"https:\/\/apuntesdesanluis.com\/index.php\/author\/apuntesdesanluis-com\/\"}]}<\/script>\n<!-- \/ Yoast SEO plugin. -->","yoast_head_json":{"title":"PATRICIA BULLRICH SALI\u00d3 A JUNTAR FIRMAS EN APOYO DE MILEI Y LE DISPUTA A MACRI EL LIDERAZGO DEL PRO - Apuntes de San Luis","robots":{"index":"index","follow":"follow","max-snippet":"max-snippet:-1","max-image-preview":"max-image-preview:large","max-video-preview":"max-video-preview:-1"},"canonical":"https:\/\/apuntesdesanluis.com\/index.php\/2024\/02\/26\/patricia-bullrich-salio-a-juntar-firmas-en-apoyo-de-milei-y-le-disputa-a-macri-el-liderazgo-del-pro\/","og_locale":"es_ES","og_type":"article","og_title":"PATRICIA BULLRICH SALI\u00d3 A JUNTAR FIRMAS EN APOYO DE MILEI Y LE DISPUTA A MACRI EL LIDERAZGO DEL PRO - Apuntes de San Luis","og_description":"La ministra de Seguridad, Patricia Bullrich, sali\u00f3 a juntar firmas del PRO para un documento...","og_url":"https:\/\/apuntesdesanluis.com\/index.php\/2024\/02\/26\/patricia-bullrich-salio-a-juntar-firmas-en-apoyo-de-milei-y-le-disputa-a-macri-el-liderazgo-del-pro\/","og_site_name":"Apuntes de San Luis","article_published_time":"2024-02-26T20:29:52+00:00","og_image":[{"width":595,"height":355,"url":"https:\/\/apuntesdesanluis.com\/wp-content\/uploads\/2024\/02\/bullrich-y-milei.png","type":"image\/png"}],"author":"apuntesdesanluis.com","twitter_card":"summary_large_image","twitter_misc":{"Escrito por":"apuntesdesanluis.com","Tiempo de lectura":"4 minutos"},"schema":{"@context":"https:\/\/schema.org","@graph":[{"@type":"Article","@id":"https:\/\/apuntesdesanluis.com\/index.php\/2024\/02\/26\/patricia-bullrich-salio-a-juntar-firmas-en-apoyo-de-milei-y-le-disputa-a-macri-el-liderazgo-del-pro\/#article","isPartOf":{"@id":"https:\/\/apuntesdesanluis.com\/index.php\/2024\/02\/26\/patricia-bullrich-salio-a-juntar-firmas-en-apoyo-de-milei-y-le-disputa-a-macri-el-liderazgo-del-pro\/"},"author":{"name":"apuntesdesanluis.com","@id":"https:\/\/apuntesdesanluis.com\/#\/schema\/person\/b55151d52296fcce64d1a72538a70b90"},"headline":"PATRICIA BULLRICH SALI\u00d3 A JUNTAR FIRMAS EN APOYO DE MILEI Y LE DISPUTA A MACRI EL LIDERAZGO DEL PRO","datePublished":"2024-02-26T20:29:52+00:00","mainEntityOfPage":{"@id":"https:\/\/apuntesdesanluis.com\/index.php\/2024\/02\/26\/patricia-bullrich-salio-a-juntar-firmas-en-apoyo-de-milei-y-le-disputa-a-macri-el-liderazgo-del-pro\/"},"wordCount":768,"publisher":{"@id":"https:\/\/apuntesdesanluis.com\/#\/schema\/person\/b55151d52296fcce64d1a72538a70b90"},"image":{"@id":"https:\/\/apuntesdesanluis.com\/index.php\/2024\/02\/26\/patricia-bullrich-salio-a-juntar-firmas-en-apoyo-de-milei-y-le-disputa-a-macri-el-liderazgo-del-pro\/#primaryimage"},"thumbnailUrl":"https:\/\/apuntesdesanluis.com\/wp-content\/uploads\/2024\/02\/bullrich-y-milei.png","articleSection":["Nacionales\/Internacionales"],"inLanguage":"es-AR"},{"@type":"WebPage","@id":"https:\/\/apuntesdesanluis.com\/index.php\/2024\/02\/26\/patricia-bullrich-salio-a-juntar-firmas-en-apoyo-de-milei-y-le-disputa-a-macri-el-liderazgo-del-pro\/","url":"https:\/\/apuntesdesanluis.com\/index.php\/2024\/02\/26\/patricia-bullrich-salio-a-juntar-firmas-en-apoyo-de-milei-y-le-disputa-a-macri-el-liderazgo-del-pro\/","name":"PATRICIA BULLRICH SALI\u00d3 A JUNTAR FIRMAS EN APOYO DE MILEI Y LE DISPUTA A MACRI EL LIDERAZGO DEL PRO - Apuntes de San Luis","isPartOf":{"@id":"https:\/\/apuntesdesanluis.com\/#website"},"primaryImageOfPage":{"@id":"https:\/\/apuntesdesanluis.com\/index.php\/2024\/02\/26\/patricia-bullrich-salio-a-juntar-firmas-en-apoyo-de-milei-y-le-disputa-a-macri-el-liderazgo-del-pro\/#primaryimage"},"image":{"@id":"https:\/\/apuntesdesanluis.com\/index.php\/2024\/02\/26\/patricia-bullrich-salio-a-juntar-firmas-en-apoyo-de-milei-y-le-disputa-a-macri-el-liderazgo-del-pro\/#primaryimage"},"thumbnailUrl":"https:\/\/apuntesdesanluis.com\/wp-content\/uploads\/2024\/02\/bullrich-y-milei.png","datePublished":"2024-02-26T20:29:52+00:00","breadcrumb":{"@id":"https:\/\/apuntesdesanluis.com\/index.php\/2024\/02\/26\/patricia-bullrich-salio-a-juntar-firmas-en-apoyo-de-milei-y-le-disputa-a-macri-el-liderazgo-del-pro\/#breadcrumb"},"inLanguage":"es-AR","potentialAction":[{"@type":"ReadAction","target":["https:\/\/apuntesdesanluis.com\/index.php\/2024\/02\/26\/patricia-bullrich-salio-a-juntar-firmas-en-apoyo-de-milei-y-le-disputa-a-macri-el-liderazgo-del-pro\/"]}]},{"@type":"ImageObject","inLanguage":"es-AR","@id":"https:\/\/apuntesdesanluis.com\/index.php\/2024\/02\/26\/patricia-bullrich-salio-a-juntar-firmas-en-apoyo-de-milei-y-le-disputa-a-macri-el-liderazgo-del-pro\/#primaryimage","url":"https:\/\/apuntesdesanluis.com\/wp-content\/uploads\/2024\/02\/bullrich-y-milei.png","contentUrl":"https:\/\/apuntesdesanluis.com\/wp-content\/uploads\/2024\/02\/bullrich-y-milei.png","width":595,"height":355},{"@type":"BreadcrumbList","@id":"https:\/\/apuntesdesanluis.com\/index.php\/2024\/02\/26\/patricia-bullrich-salio-a-juntar-firmas-en-apoyo-de-milei-y-le-disputa-a-macri-el-liderazgo-del-pro\/#breadcrumb","itemListElement":[{"@type":"ListItem","position":1,"name":"Inicio","item":"https:\/\/apuntesdesanluis.com\/"},{"@type":"ListItem","position":2,"name":"PATRICIA BULLRICH SALI\u00d3 A JUNTAR FIRMAS EN APOYO DE MILEI Y LE DISPUTA A MACRI EL LIDERAZGO DEL PRO"}]},{"@type":"WebSite","@id":"https:\/\/apuntesdesanluis.com\/#website","url":"https:\/\/apuntesdesanluis.com\/","name":"Apuntes de San Luis","description":"","publisher":{"@id":"https:\/\/apuntesdesanluis.com\/#\/schema\/person\/b55151d52296fcce64d1a72538a70b90"},"potentialAction":[{"@type":"SearchAction","target":{"@type":"EntryPoint","urlTemplate":"https:\/\/apuntesdesanluis.com\/?s={search_term_string}"},"query-input":{"@type":"PropertyValueSpecification","valueRequired":true,"valueName":"search_term_string"}}],"inLanguage":"es-AR"},{"@type":["Person","Organization"],"@id":"https:\/\/apuntesdesanluis.com\/#\/schema\/person\/b55151d52296fcce64d1a72538a70b90","name":"apuntesdesanluis.com","image":{"@type":"ImageObject","inLanguage":"es-AR","@id":"https:\/\/apuntesdesanluis.com\/#\/schema\/person\/image\/","url":"https:\/\/apuntesdesanluis.com\/wp-content\/uploads\/2023\/07\/cropped-apuntesdesanluis.png","contentUrl":"https:\/\/apuntesdesanluis.com\/wp-content\/uploads\/2023\/07\/cropped-apuntesdesanluis.png","width":450,"height":112,"caption":"apuntesdesanluis.com"},"logo":{"@id":"https:\/\/apuntesdesanluis.com\/#\/schema\/person\/image\/"},"sameAs":["https:\/\/apuntesdesanluis.com"],"url":"https:\/\/apuntesdesanluis.com\/index.php\/author\/apuntesdesanluis-com\/"}]}},"featured_image_urls":{"full":["https:\/\/apuntesdesanluis.com\/wp-content\/uploads\/2024\/02\/bullrich-y-milei.png",595,355,false],"thumbnail":["https:\/\/apuntesdesanluis.com\/wp-content\/uploads\/2024\/02\/bullrich-y-milei-150x150.png",150,150,true],"medium":["https:\/\/apuntesdesanluis.com\/wp-content\/uploads\/2024\/02\/bullrich-y-milei-300x179.png",300,179,true],"medium_large":["https:\/\/apuntesdesanluis.com\/wp-content\/uploads\/2024\/02\/bullrich-y-milei.png",595,355,false],"large":["https:\/\/apuntesdesanluis.com\/wp-content\/uploads\/2024\/02\/bullrich-y-milei.png",595,355,false],"1536x1536":["https:\/\/apuntesdesanluis.com\/wp-content\/uploads\/2024\/02\/bullrich-y-milei.png",595,355,false],"2048x2048":["https:\/\/apuntesdesanluis.com\/wp-content\/uploads\/2024\/02\/bullrich-y-milei.png",595,355,false],"newsever-slider-full":["https:\/\/apuntesdesanluis.com\/wp-content\/uploads\/2024\/02\/bullrich-y-milei.png",595,355,false],"newsever-featured":["https:\/\/apuntesdesanluis.com\/wp-content\/uploads\/2024\/02\/bullrich-y-milei.png",595,355,false],"newsever-medium":["https:\/\/apuntesdesanluis.com\/wp-content\/uploads\/2024\/02\/bullrich-y-milei.png",595,355,false]},"author_info":{"display_name":"apuntesdesanluis.com","author_link":"https:\/\/apuntesdesanluis.com\/index.php\/author\/apuntesdesanluis-com\/"},"category_info":"<a href=\"https:\/\/apuntesdesanluis.com\/index.php\/category\/nacionales-internacionales\/\" rel=\"category tag\">Nacionales\/Internacionales<\/a>","tag_info":"Nacionales\/Internacionales","comment_count":"0","_links":{"self":[{"href":"https:\/\/apuntesdesanluis.com\/index.php\/wp-json\/wp\/v2\/posts\/12294","targetHints":{"allow":["GET"]}}],"collection":[{"href":"https:\/\/apuntesdesanluis.com\/index.php\/wp-json\/wp\/v2\/posts"}],"about":[{"href":"https:\/\/apuntesdesanluis.com\/index.php\/wp-json\/wp\/v2\/types\/post"}],"author":[{"embeddable":true,"href":"https:\/\/apuntesdesanluis.com\/index.php\/wp-json\/wp\/v2\/users\/1"}],"replies":[{"embeddable":true,"href":"https:\/\/apuntesdesanluis.com\/index.php\/wp-json\/wp\/v2\/comments?post=12294"}],"version-history":[{"count":1,"href":"https:\/\/apuntesdesanluis.com\/index.php\/wp-json\/wp\/v2\/posts\/12294\/revisions"}],"predecessor-version":[{"id":12296,"href":"https:\/\/apuntesdesanluis.com\/index.php\/wp-json\/wp\/v2\/posts\/12294\/revisions\/12296"}],"wp:featuredmedia":[{"embeddable":true,"href":"https:\/\/apuntesdesanluis.com\/index.php\/wp-json\/wp\/v2\/media\/12295"}],"wp:attachment":[{"href":"https:\/\/apuntesdesanluis.com\/index.php\/wp-json\/wp\/v2\/media?parent=12294"}],"wp:term":[{"taxonomy":"category","embeddable":true,"href":"https:\/\/apuntesdesanluis.com\/index.php\/wp-json\/wp\/v2\/categories?post=12294"},{"taxonomy":"post_tag","embeddable":true,"href":"https:\/\/apuntesdesanluis.com\/index.php\/wp-json\/wp\/v2\/tags?post=12294"}],"curies":[{"name":"wp","href":"https:\/\/api.w.org\/{rel}","templated":true}]}}