{"id":12297,"date":"2024-02-26T19:43:08","date_gmt":"2024-02-26T22:43:08","guid":{"rendered":"https:\/\/apuntesdesanluis.com\/?p=12297"},"modified":"2024-02-26T19:43:08","modified_gmt":"2024-02-26T22:43:08","slug":"preocupacion-en-la-unvime-por-la-deuda-de-mas-de-130-millones-con-la-afip","status":"publish","type":"post","link":"https:\/\/apuntesdesanluis.com\/index.php\/2024\/02\/26\/preocupacion-en-la-unvime-por-la-deuda-de-mas-de-130-millones-con-la-afip\/","title":{"rendered":"PREOCUPACI\u00d3N EN LA UNVIME POR LA DEUDA DE M\u00c1S DE 130 MILLONES CON LA AFIP"},"content":{"rendered":"<h3>A la grav\u00edsima situaci\u00f3n de desfinanciamiento que padecen las universidades nacionales, por las transferencias sin actualizaci\u00f3n que dispuso el gobierno nacional, la <strong>Universidad Nacional de Villa Mercedes<\/strong> le suma la \u201cherencia\u201d recibida de la gesti\u00f3n del ex rector <strong>David Rivarola<\/strong>, con una millonaria deuda que complica su funcionamiento.<\/h3>\n<h3>Este lunes el Rector <strong>Marcelo Sosa<\/strong> y la Secretaria de Hacienda y Administraci\u00f3n, CPN <strong>Andrea Cabrera Rodr\u00edguez<\/strong>, fueron recibidos por el Delegado local de la AFIP, CPN <strong>Jorge Olivera.<\/strong><\/h3>\n<h3>El motivo fue plantear la preocupaci\u00f3n de la universidad por la millonaria deuda heredada de la anterior gesti\u00f3n, en concepto de contribuciones patronales.<\/h3>\n<h3>La contadora Andrea Rodr\u00edguez puntualiz\u00f3 que la deuda contra\u00edda entre los meses de marzo y agosto de 2023, durante la gesti\u00f3n del ex Rector David Rivarola, asciende a casi 133 millones de pesos, en concepto de capital e intereses.<\/h3>\n<h3>Toda la millonaria deuda contra\u00edda se desglosa en $ 15.408.091 en el mes de abril, $ 1.736.860 en junio, $ 49.701.199\u00a0 en julio, $ 29.344.800 en agosto y $ 36.528.214 en septiembre. Lo alarmante es que los \u00faltimos montos de la abultada deuda corresponden a agosto y setiembre 2023, cuando incluso la UNViMe ya ten\u00eda nuevo rector, elegido el 16 de agosto, pero que asumi\u00f3 reci\u00e9n el 30 de octubre.<\/h3>\n<p><img fetchpriority=\"high\" decoding=\"async\" class=\"wp-image-12299 aligncenter\" src=\"https:\/\/apuntesdesanluis.com\/wp-content\/uploads\/2024\/02\/sosa-cabrera-300x219.jpg\" alt=\"\" width=\"644\" height=\"470\" srcset=\"https:\/\/apuntesdesanluis.com\/wp-content\/uploads\/2024\/02\/sosa-cabrera-300x219.jpg 300w, https:\/\/apuntesdesanluis.com\/wp-content\/uploads\/2024\/02\/sosa-cabrera.jpg 600w\" sizes=\"(max-width: 644px) 100vw, 644px\" \/><\/p>\n<h3>El Dr. Sosa le manifest\u00f3 al funcionario nacional la preocupaci\u00f3n que lo \u201cperturba\u201d y el deseo de conocer si existen \u201cplanes de facilidades de pago o alguna moratoria que permita a la universidad regularizar su situaci\u00f3n ante el organismo recaudador\u201d.<\/h3>\n<h3>\u201cEsta situaci\u00f3n se encuentra bajo investigaci\u00f3n del \u00e1rea de Auditor\u00eda de nuestra universidad, porque podr\u00edamos estar en presencia de delitos tipificados en la Ley Penal Tributaria, como \u00b4retenci\u00f3n indebida de fondos de aportes de la seguridad social, incumplimiento de los deberes de funcionario p\u00fablico y administraci\u00f3n fraudulenta en perjuicio de la administraci\u00f3n p\u00fablica\u201d, explic\u00f3 el rector de la UNViMe.<\/h3>\n<h3>Agreg\u00f3 que \u201cen esa misma \u00e9poca que el ex rector (Rivarola) dej\u00f3 de pagar estas obligaciones, hab\u00eda recibido las transferencias de naci\u00f3n. O sea que de confirmarse todo esto, habr\u00eda adem\u00e1s un desv\u00edo de partidas\u201c.<\/h3>\n<h3>El Dr. Marcelo Sosa sostuvo por \u00faltimo que \u201cla situaci\u00f3n socioecon\u00f3mica de la universidad es muy delicada, frente a la disminuci\u00f3n de las transferencias del gobierno nacional, dado que no se actualizaron las partidas para el presente a\u00f1o. Estamos recibiendo los mismos montos que durante 2023 (calculados a fines de 2022), a pesar que la inflaci\u00f3n acumulada el a\u00f1o pasado fue del 211,4%\u201d, a lo que se agrega esta millonaria deuda con la AFIP.<\/h3>\n<h3>Esta crisis que soporta el sistema universitario por la falta de financiamiento mereci\u00f3 un pronunciamiento del <strong>Consejo Interuniversitario Nacional<\/strong> (CIN), el pasado 21 de febrero, que ser\u00e1 puesto a consideraci\u00f3n este martes, en la sesi\u00f3n que se ha convocado del <strong>Consejo Superior de la UNViMe<\/strong>.<\/h3>\n<h3><strong>(Prensa Institucional)<\/strong><\/h3>\n<p>&nbsp;<\/p>\n<p>&nbsp;<\/p>\n<p>&nbsp;<\/p>\n<p>&nbsp;<\/p>\n<p>&nbsp;<\/p>\n<p>&nbsp;<\/p>\n","protected":false},"excerpt":{"rendered":"<p>A la grav\u00edsima situaci\u00f3n de desfinanciamiento que padecen las universidades nacionales, por las transferencias sin&#8230;<\/p>\n","protected":false},"author":1,"featured_media":12298,"comment_status":"closed","ping_status":"closed","sticky":false,"template":"","format":"standard","meta":{"footnotes":""},"categories":[6],"tags":[],"class_list":["post-12297","post","type-post","status-publish","format-standard","has-post-thumbnail","hentry","category-ciudad-provincia"],"yoast_head":"<!-- This site is optimized with the Yoast SEO plugin v26.1.1 - https:\/\/yoast.com\/wordpress\/plugins\/seo\/ -->\n<title>PREOCUPACI\u00d3N EN LA UNVIME POR LA DEUDA DE M\u00c1S DE 130 MILLONES CON LA AFIP - Apuntes de San Luis<\/title>\n<meta name=\"robots\" content=\"index, follow, max-snippet:-1, max-image-preview:large, max-video-preview:-1\" \/>\n<link rel=\"canonical\" href=\"https:\/\/apuntesdesanluis.com\/index.php\/2024\/02\/26\/preocupacion-en-la-unvime-por-la-deuda-de-mas-de-130-millones-con-la-afip\/\" \/>\n<meta property=\"og:locale\" content=\"es_ES\" \/>\n<meta property=\"og:type\" content=\"article\" \/>\n<meta property=\"og:title\" content=\"PREOCUPACI\u00d3N EN LA UNVIME POR LA DEUDA DE M\u00c1S DE 130 MILLONES CON LA AFIP - Apuntes de San Luis\" \/>\n<meta property=\"og:description\" content=\"A la grav\u00edsima situaci\u00f3n de desfinanciamiento que padecen las universidades nacionales, por las transferencias sin...\" \/>\n<meta property=\"og:url\" content=\"https:\/\/apuntesdesanluis.com\/index.php\/2024\/02\/26\/preocupacion-en-la-unvime-por-la-deuda-de-mas-de-130-millones-con-la-afip\/\" \/>\n<meta property=\"og:site_name\" content=\"Apuntes de San Luis\" \/>\n<meta property=\"article:published_time\" content=\"2024-02-26T22:43:08+00:00\" \/>\n<meta property=\"og:image\" content=\"https:\/\/apuntesdesanluis.com\/wp-content\/uploads\/2024\/02\/sosa-con-afip.jpg\" \/>\n\t<meta property=\"og:image:width\" content=\"590\" \/>\n\t<meta property=\"og:image:height\" content=\"383\" \/>\n\t<meta property=\"og:image:type\" content=\"image\/jpeg\" \/>\n<meta name=\"author\" content=\"apuntesdesanluis.com\" \/>\n<meta name=\"twitter:card\" content=\"summary_large_image\" \/>\n<meta name=\"twitter:label1\" content=\"Escrito por\" \/>\n\t<meta name=\"twitter:data1\" content=\"apuntesdesanluis.com\" \/>\n\t<meta name=\"twitter:label2\" content=\"Tiempo de lectura\" \/>\n\t<meta name=\"twitter:data2\" content=\"3 minutos\" \/>\n<script type=\"application\/ld+json\" class=\"yoast-schema-graph\">{\"@context\":\"https:\/\/schema.org\",\"@graph\":[{\"@type\":\"Article\",\"@id\":\"https:\/\/apuntesdesanluis.com\/index.php\/2024\/02\/26\/preocupacion-en-la-unvime-por-la-deuda-de-mas-de-130-millones-con-la-afip\/#article\",\"isPartOf\":{\"@id\":\"https:\/\/apuntesdesanluis.com\/index.php\/2024\/02\/26\/preocupacion-en-la-unvime-por-la-deuda-de-mas-de-130-millones-con-la-afip\/\"},\"author\":{\"name\":\"apuntesdesanluis.com\",\"@id\":\"https:\/\/apuntesdesanluis.com\/#\/schema\/person\/b55151d52296fcce64d1a72538a70b90\"},\"headline\":\"PREOCUPACI\u00d3N EN LA UNVIME POR LA DEUDA DE M\u00c1S DE 130 MILLONES CON LA AFIP\",\"datePublished\":\"2024-02-26T22:43:08+00:00\",\"mainEntityOfPage\":{\"@id\":\"https:\/\/apuntesdesanluis.com\/index.php\/2024\/02\/26\/preocupacion-en-la-unvime-por-la-deuda-de-mas-de-130-millones-con-la-afip\/\"},\"wordCount\":505,\"publisher\":{\"@id\":\"https:\/\/apuntesdesanluis.com\/#\/schema\/person\/b55151d52296fcce64d1a72538a70b90\"},\"image\":{\"@id\":\"https:\/\/apuntesdesanluis.com\/index.php\/2024\/02\/26\/preocupacion-en-la-unvime-por-la-deuda-de-mas-de-130-millones-con-la-afip\/#primaryimage\"},\"thumbnailUrl\":\"https:\/\/apuntesdesanluis.com\/wp-content\/uploads\/2024\/02\/sosa-con-afip.jpg\",\"articleSection\":[\"Ciudad\/Provincia\"],\"inLanguage\":\"es-AR\"},{\"@type\":\"WebPage\",\"@id\":\"https:\/\/apuntesdesanluis.com\/index.php\/2024\/02\/26\/preocupacion-en-la-unvime-por-la-deuda-de-mas-de-130-millones-con-la-afip\/\",\"url\":\"https:\/\/apuntesdesanluis.com\/index.php\/2024\/02\/26\/preocupacion-en-la-unvime-por-la-deuda-de-mas-de-130-millones-con-la-afip\/\",\"name\":\"PREOCUPACI\u00d3N EN LA UNVIME POR LA DEUDA DE M\u00c1S DE 130 MILLONES CON LA AFIP - Apuntes de San Luis\",\"isPartOf\":{\"@id\":\"https:\/\/apuntesdesanluis.com\/#website\"},\"primaryImageOfPage\":{\"@id\":\"https:\/\/apuntesdesanluis.com\/index.php\/2024\/02\/26\/preocupacion-en-la-unvime-por-la-deuda-de-mas-de-130-millones-con-la-afip\/#primaryimage\"},\"image\":{\"@id\":\"https:\/\/apuntesdesanluis.com\/index.php\/2024\/02\/26\/preocupacion-en-la-unvime-por-la-deuda-de-mas-de-130-millones-con-la-afip\/#primaryimage\"},\"thumbnailUrl\":\"https:\/\/apuntesdesanluis.com\/wp-content\/uploads\/2024\/02\/sosa-con-afip.jpg\",\"datePublished\":\"2024-02-26T22:43:08+00:00\",\"breadcrumb\":{\"@id\":\"https:\/\/apuntesdesanluis.com\/index.php\/2024\/02\/26\/preocupacion-en-la-unvime-por-la-deuda-de-mas-de-130-millones-con-la-afip\/#breadcrumb\"},\"inLanguage\":\"es-AR\",\"potentialAction\":[{\"@type\":\"ReadAction\",\"target\":[\"https:\/\/apuntesdesanluis.com\/index.php\/2024\/02\/26\/preocupacion-en-la-unvime-por-la-deuda-de-mas-de-130-millones-con-la-afip\/\"]}]},{\"@type\":\"ImageObject\",\"inLanguage\":\"es-AR\",\"@id\":\"https:\/\/apuntesdesanluis.com\/index.php\/2024\/02\/26\/preocupacion-en-la-unvime-por-la-deuda-de-mas-de-130-millones-con-la-afip\/#primaryimage\",\"url\":\"https:\/\/apuntesdesanluis.com\/wp-content\/uploads\/2024\/02\/sosa-con-afip.jpg\",\"contentUrl\":\"https:\/\/apuntesdesanluis.com\/wp-content\/uploads\/2024\/02\/sosa-con-afip.jpg\",\"width\":590,\"height\":383},{\"@type\":\"BreadcrumbList\",\"@id\":\"https:\/\/apuntesdesanluis.com\/index.php\/2024\/02\/26\/preocupacion-en-la-unvime-por-la-deuda-de-mas-de-130-millones-con-la-afip\/#breadcrumb\",\"itemListElement\":[{\"@type\":\"ListItem\",\"position\":1,\"name\":\"Inicio\",\"item\":\"https:\/\/apuntesdesanluis.com\/\"},{\"@type\":\"ListItem\",\"position\":2,\"name\":\"PREOCUPACI\u00d3N EN LA UNVIME POR LA DEUDA DE M\u00c1S DE 130 MILLONES CON LA AFIP\"}]},{\"@type\":\"WebSite\",\"@id\":\"https:\/\/apuntesdesanluis.com\/#website\",\"url\":\"https:\/\/apuntesdesanluis.com\/\",\"name\":\"Apuntes de San Luis\",\"description\":\"\",\"publisher\":{\"@id\":\"https:\/\/apuntesdesanluis.com\/#\/schema\/person\/b55151d52296fcce64d1a72538a70b90\"},\"potentialAction\":[{\"@type\":\"SearchAction\",\"target\":{\"@type\":\"EntryPoint\",\"urlTemplate\":\"https:\/\/apuntesdesanluis.com\/?s={search_term_string}\"},\"query-input\":{\"@type\":\"PropertyValueSpecification\",\"valueRequired\":true,\"valueName\":\"search_term_string\"}}],\"inLanguage\":\"es-AR\"},{\"@type\":[\"Person\",\"Organization\"],\"@id\":\"https:\/\/apuntesdesanluis.com\/#\/schema\/person\/b55151d52296fcce64d1a72538a70b90\",\"name\":\"apuntesdesanluis.com\",\"image\":{\"@type\":\"ImageObject\",\"inLanguage\":\"es-AR\",\"@id\":\"https:\/\/apuntesdesanluis.com\/#\/schema\/person\/image\/\",\"url\":\"https:\/\/apuntesdesanluis.com\/wp-content\/uploads\/2023\/07\/cropped-apuntesdesanluis.png\",\"contentUrl\":\"https:\/\/apuntesdesanluis.com\/wp-content\/uploads\/2023\/07\/cropped-apuntesdesanluis.png\",\"width\":450,\"height\":112,\"caption\":\"apuntesdesanluis.com\"},\"logo\":{\"@id\":\"https:\/\/apuntesdesanluis.com\/#\/schema\/person\/image\/\"},\"sameAs\":[\"https:\/\/apuntesdesanluis.com\"],\"url\":\"https:\/\/apuntesdesanluis.com\/index.php\/author\/apuntesdesanluis-com\/\"}]}<\/script>\n<!-- \/ Yoast SEO plugin. -->","yoast_head_json":{"title":"PREOCUPACI\u00d3N EN LA UNVIME POR LA DEUDA DE M\u00c1S DE 130 MILLONES CON LA AFIP - Apuntes de San Luis","robots":{"index":"index","follow":"follow","max-snippet":"max-snippet:-1","max-image-preview":"max-image-preview:large","max-video-preview":"max-video-preview:-1"},"canonical":"https:\/\/apuntesdesanluis.com\/index.php\/2024\/02\/26\/preocupacion-en-la-unvime-por-la-deuda-de-mas-de-130-millones-con-la-afip\/","og_locale":"es_ES","og_type":"article","og_title":"PREOCUPACI\u00d3N EN LA UNVIME POR LA DEUDA DE M\u00c1S DE 130 MILLONES CON LA AFIP - Apuntes de San Luis","og_description":"A la grav\u00edsima situaci\u00f3n de desfinanciamiento que padecen las universidades nacionales, por las transferencias sin...","og_url":"https:\/\/apuntesdesanluis.com\/index.php\/2024\/02\/26\/preocupacion-en-la-unvime-por-la-deuda-de-mas-de-130-millones-con-la-afip\/","og_site_name":"Apuntes de San Luis","article_published_time":"2024-02-26T22:43:08+00:00","og_image":[{"width":590,"height":383,"url":"https:\/\/apuntesdesanluis.com\/wp-content\/uploads\/2024\/02\/sosa-con-afip.jpg","type":"image\/jpeg"}],"author":"apuntesdesanluis.com","twitter_card":"summary_large_image","twitter_misc":{"Escrito por":"apuntesdesanluis.com","Tiempo de lectura":"3 minutos"},"schema":{"@context":"https:\/\/schema.org","@graph":[{"@type":"Article","@id":"https:\/\/apuntesdesanluis.com\/index.php\/2024\/02\/26\/preocupacion-en-la-unvime-por-la-deuda-de-mas-de-130-millones-con-la-afip\/#article","isPartOf":{"@id":"https:\/\/apuntesdesanluis.com\/index.php\/2024\/02\/26\/preocupacion-en-la-unvime-por-la-deuda-de-mas-de-130-millones-con-la-afip\/"},"author":{"name":"apuntesdesanluis.com","@id":"https:\/\/apuntesdesanluis.com\/#\/schema\/person\/b55151d52296fcce64d1a72538a70b90"},"headline":"PREOCUPACI\u00d3N EN LA UNVIME POR LA DEUDA DE M\u00c1S DE 130 MILLONES CON LA AFIP","datePublished":"2024-02-26T22:43:08+00:00","mainEntityOfPage":{"@id":"https:\/\/apuntesdesanluis.com\/index.php\/2024\/02\/26\/preocupacion-en-la-unvime-por-la-deuda-de-mas-de-130-millones-con-la-afip\/"},"wordCount":505,"publisher":{"@id":"https:\/\/apuntesdesanluis.com\/#\/schema\/person\/b55151d52296fcce64d1a72538a70b90"},"image":{"@id":"https:\/\/apuntesdesanluis.com\/index.php\/2024\/02\/26\/preocupacion-en-la-unvime-por-la-deuda-de-mas-de-130-millones-con-la-afip\/#primaryimage"},"thumbnailUrl":"https:\/\/apuntesdesanluis.com\/wp-content\/uploads\/2024\/02\/sosa-con-afip.jpg","articleSection":["Ciudad\/Provincia"],"inLanguage":"es-AR"},{"@type":"WebPage","@id":"https:\/\/apuntesdesanluis.com\/index.php\/2024\/02\/26\/preocupacion-en-la-unvime-por-la-deuda-de-mas-de-130-millones-con-la-afip\/","url":"https:\/\/apuntesdesanluis.com\/index.php\/2024\/02\/26\/preocupacion-en-la-unvime-por-la-deuda-de-mas-de-130-millones-con-la-afip\/","name":"PREOCUPACI\u00d3N EN LA UNVIME POR LA DEUDA DE M\u00c1S DE 130 MILLONES CON LA AFIP - Apuntes de San Luis","isPartOf":{"@id":"https:\/\/apuntesdesanluis.com\/#website"},"primaryImageOfPage":{"@id":"https:\/\/apuntesdesanluis.com\/index.php\/2024\/02\/26\/preocupacion-en-la-unvime-por-la-deuda-de-mas-de-130-millones-con-la-afip\/#primaryimage"},"image":{"@id":"https:\/\/apuntesdesanluis.com\/index.php\/2024\/02\/26\/preocupacion-en-la-unvime-por-la-deuda-de-mas-de-130-millones-con-la-afip\/#primaryimage"},"thumbnailUrl":"https:\/\/apuntesdesanluis.com\/wp-content\/uploads\/2024\/02\/sosa-con-afip.jpg","datePublished":"2024-02-26T22:43:08+00:00","breadcrumb":{"@id":"https:\/\/apuntesdesanluis.com\/index.php\/2024\/02\/26\/preocupacion-en-la-unvime-por-la-deuda-de-mas-de-130-millones-con-la-afip\/#breadcrumb"},"inLanguage":"es-AR","potentialAction":[{"@type":"ReadAction","target":["https:\/\/apuntesdesanluis.com\/index.php\/2024\/02\/26\/preocupacion-en-la-unvime-por-la-deuda-de-mas-de-130-millones-con-la-afip\/"]}]},{"@type":"ImageObject","inLanguage":"es-AR","@id":"https:\/\/apuntesdesanluis.com\/index.php\/2024\/02\/26\/preocupacion-en-la-unvime-por-la-deuda-de-mas-de-130-millones-con-la-afip\/#primaryimage","url":"https:\/\/apuntesdesanluis.com\/wp-content\/uploads\/2024\/02\/sosa-con-afip.jpg","contentUrl":"https:\/\/apuntesdesanluis.com\/wp-content\/uploads\/2024\/02\/sosa-con-afip.jpg","width":590,"height":383},{"@type":"BreadcrumbList","@id":"https:\/\/apuntesdesanluis.com\/index.php\/2024\/02\/26\/preocupacion-en-la-unvime-por-la-deuda-de-mas-de-130-millones-con-la-afip\/#breadcrumb","itemListElement":[{"@type":"ListItem","position":1,"name":"Inicio","item":"https:\/\/apuntesdesanluis.com\/"},{"@type":"ListItem","position":2,"name":"PREOCUPACI\u00d3N EN LA UNVIME POR LA DEUDA DE M\u00c1S DE 130 MILLONES CON LA AFIP"}]},{"@type":"WebSite","@id":"https:\/\/apuntesdesanluis.com\/#website","url":"https:\/\/apuntesdesanluis.com\/","name":"Apuntes de San Luis","description":"","publisher":{"@id":"https:\/\/apuntesdesanluis.com\/#\/schema\/person\/b55151d52296fcce64d1a72538a70b90"},"potentialAction":[{"@type":"SearchAction","target":{"@type":"EntryPoint","urlTemplate":"https:\/\/apuntesdesanluis.com\/?s={search_term_string}"},"query-input":{"@type":"PropertyValueSpecification","valueRequired":true,"valueName":"search_term_string"}}],"inLanguage":"es-AR"},{"@type":["Person","Organization"],"@id":"https:\/\/apuntesdesanluis.com\/#\/schema\/person\/b55151d52296fcce64d1a72538a70b90","name":"apuntesdesanluis.com","image":{"@type":"ImageObject","inLanguage":"es-AR","@id":"https:\/\/apuntesdesanluis.com\/#\/schema\/person\/image\/","url":"https:\/\/apuntesdesanluis.com\/wp-content\/uploads\/2023\/07\/cropped-apuntesdesanluis.png","contentUrl":"https:\/\/apuntesdesanluis.com\/wp-content\/uploads\/2023\/07\/cropped-apuntesdesanluis.png","width":450,"height":112,"caption":"apuntesdesanluis.com"},"logo":{"@id":"https:\/\/apuntesdesanluis.com\/#\/schema\/person\/image\/"},"sameAs":["https:\/\/apuntesdesanluis.com"],"url":"https:\/\/apuntesdesanluis.com\/index.php\/author\/apuntesdesanluis-com\/"}]}},"featured_image_urls":{"full":["https:\/\/apuntesdesanluis.com\/wp-content\/uploads\/2024\/02\/sosa-con-afip.jpg",590,383,false],"thumbnail":["https:\/\/apuntesdesanluis.com\/wp-content\/uploads\/2024\/02\/sosa-con-afip-150x150.jpg",150,150,true],"medium":["https:\/\/apuntesdesanluis.com\/wp-content\/uploads\/2024\/02\/sosa-con-afip-300x195.jpg",300,195,true],"medium_large":["https:\/\/apuntesdesanluis.com\/wp-content\/uploads\/2024\/02\/sosa-con-afip.jpg",590,383,false],"large":["https:\/\/apuntesdesanluis.com\/wp-content\/uploads\/2024\/02\/sosa-con-afip.jpg",590,383,false],"1536x1536":["https:\/\/apuntesdesanluis.com\/wp-content\/uploads\/2024\/02\/sosa-con-afip.jpg",590,383,false],"2048x2048":["https:\/\/apuntesdesanluis.com\/wp-content\/uploads\/2024\/02\/sosa-con-afip.jpg",590,383,false],"newsever-slider-full":["https:\/\/apuntesdesanluis.com\/wp-content\/uploads\/2024\/02\/sosa-con-afip.jpg",590,383,false],"newsever-featured":["https:\/\/apuntesdesanluis.com\/wp-content\/uploads\/2024\/02\/sosa-con-afip.jpg",590,383,false],"newsever-medium":["https:\/\/apuntesdesanluis.com\/wp-content\/uploads\/2024\/02\/sosa-con-afip.jpg",590,383,false]},"author_info":{"display_name":"apuntesdesanluis.com","author_link":"https:\/\/apuntesdesanluis.com\/index.php\/author\/apuntesdesanluis-com\/"},"category_info":"<a href=\"https:\/\/apuntesdesanluis.com\/index.php\/category\/ciudad-provincia\/\" rel=\"category tag\">Ciudad\/Provincia<\/a>","tag_info":"Ciudad\/Provincia","comment_count":"0","_links":{"self":[{"href":"https:\/\/apuntesdesanluis.com\/index.php\/wp-json\/wp\/v2\/posts\/12297","targetHints":{"allow":["GET"]}}],"collection":[{"href":"https:\/\/apuntesdesanluis.com\/index.php\/wp-json\/wp\/v2\/posts"}],"about":[{"href":"https:\/\/apuntesdesanluis.com\/index.php\/wp-json\/wp\/v2\/types\/post"}],"author":[{"embeddable":true,"href":"https:\/\/apuntesdesanluis.com\/index.php\/wp-json\/wp\/v2\/users\/1"}],"replies":[{"embeddable":true,"href":"https:\/\/apuntesdesanluis.com\/index.php\/wp-json\/wp\/v2\/comments?post=12297"}],"version-history":[{"count":1,"href":"https:\/\/apuntesdesanluis.com\/index.php\/wp-json\/wp\/v2\/posts\/12297\/revisions"}],"predecessor-version":[{"id":12300,"href":"https:\/\/apuntesdesanluis.com\/index.php\/wp-json\/wp\/v2\/posts\/12297\/revisions\/12300"}],"wp:featuredmedia":[{"embeddable":true,"href":"https:\/\/apuntesdesanluis.com\/index.php\/wp-json\/wp\/v2\/media\/12298"}],"wp:attachment":[{"href":"https:\/\/apuntesdesanluis.com\/index.php\/wp-json\/wp\/v2\/media?parent=12297"}],"wp:term":[{"taxonomy":"category","embeddable":true,"href":"https:\/\/apuntesdesanluis.com\/index.php\/wp-json\/wp\/v2\/categories?post=12297"},{"taxonomy":"post_tag","embeddable":true,"href":"https:\/\/apuntesdesanluis.com\/index.php\/wp-json\/wp\/v2\/tags?post=12297"}],"curies":[{"name":"wp","href":"https:\/\/api.w.org\/{rel}","templated":true}]}}