{"id":12309,"date":"2024-02-26T23:34:56","date_gmt":"2024-02-27T02:34:56","guid":{"rendered":"https:\/\/apuntesdesanluis.com\/?p=12309"},"modified":"2024-02-26T23:34:56","modified_gmt":"2024-02-27T02:34:56","slug":"en-una-concurrida-marcha-los-sindicatos-docentes-hicieron-escuchar-sus-reclamos","status":"publish","type":"post","link":"https:\/\/apuntesdesanluis.com\/index.php\/2024\/02\/26\/en-una-concurrida-marcha-los-sindicatos-docentes-hicieron-escuchar-sus-reclamos\/","title":{"rendered":"EN UNA CONCURRIDA MARCHA, LOS SINDICATOS DOCENTES HICIERON ESCUCHAR SUS RECLAMOS"},"content":{"rendered":"<h3>Este lunes se realiz\u00f3 en la ciudad Capital la movilizaci\u00f3n principal que protagonizaron los educadores nucleados en los cinco gremios docentes y tambi\u00e9n autoconvocados, para protestar contra las pol\u00edticas de ajuste del presidente <strong>Javier Milei<\/strong> y elevar al mismo tiempo sus reclamos al gobierno provincial.<\/h3>\n<h3>En adhesi\u00f3n a lo dispuesto por la <strong>Confederaci\u00f3n de Trabajadores de la Educaci\u00f3n de la Rep\u00fablica Argentina (CTERA)<\/strong>, la representaci\u00f3n de los educadores resolvi\u00f3 la adhesi\u00f3n al paro general, exigiendo \u201cun urgente aumento salarial, el llamado a paritarias y la restituci\u00f3n del Fondo Nacional de Incentivo Docente e \u00edtem por conectividad\u201d.<\/h3>\n<h3>Si bien estos dos \u00faltimos puntos se anunci\u00f3 que los financiar\u00e1 con recursos propios el gobierno provincial, como tambi\u00e9n el subsidio al transporte y un plan nutricional en las escuelas, los docentes reclaman que sea el gobierno nacional el que restituya el financiamiento y la provincia disponga una recomposici\u00f3n salarial que permita compensar el deterioro del poder adquisitivo registrado en el \u00faltimo trimestre.<\/h3>\n<h3>La concentraci\u00f3n tuvo lugar en el\u00a0 Correo Central y cerca de las 19:00 comenz\u00f3 la movilizaci\u00f3n por las calles del microcentro puntano, con una gran bandera nacional como estandarte, c\u00e1nticos y pancartas.<\/h3>\n<p><img fetchpriority=\"high\" decoding=\"async\" class=\"wp-image-12311 aligncenter\" src=\"https:\/\/apuntesdesanluis.com\/wp-content\/uploads\/2024\/02\/marcha-300x164.png\" alt=\"\" width=\"589\" height=\"322\" srcset=\"https:\/\/apuntesdesanluis.com\/wp-content\/uploads\/2024\/02\/marcha-300x164.png 300w, https:\/\/apuntesdesanluis.com\/wp-content\/uploads\/2024\/02\/marcha-768x421.png 768w, https:\/\/apuntesdesanluis.com\/wp-content\/uploads\/2024\/02\/marcha.png 778w\" sizes=\"(max-width: 589px) 100vw, 589px\" \/><\/p>\n<h3>La marcha fue encabezada por los principales referentes de ASDE, UTEP, AMET, UDA y SADOP, en tanto que tambi\u00e9n adhiri\u00f3 la Asociaci\u00f3n de Docentes Universitarios (ADU) que, junto a las dos CONADU, se sumaron al paro de CTERA en el primer d\u00eda del ciclo lectivo.<\/h3>\n<h3><strong>Mar\u00eda In\u00e9s Quattropani<\/strong>, secretaria general de la Asociaci\u00f3n Sanluise\u00f1a de Docentes Estatales (ASDE), destac\u00f3 la unidad de los cinco sindicatos puntanos para reclamar tanto al gobierno nacional como al provincial. Que sepan que no nos vamos a resignar a sueldos de hambre, ni a alumnos mal alimentados, ni a instituciones intervenidas, ni a sueldos congelados\u201d, indic\u00f3.<\/h3>\n<h3>Agreg\u00f3 que tambi\u00e9n le reclaman al gobernador (Claudio Poggi) \u201cque le exija al gobierno nacional los fondos de educaci\u00f3n, de salud, de transporte, y no que nos aumenten los impuestos para pagar lo que por derecho nos corresponde. Necesitamos paritaria nacional y paritaria provincial docente para discutir condiciones de trabajo y un urgente incremento salarial\u201d.<\/h3>\n<h3>Los docentes insisten en que el \u00faltimo aumento salarial lo percibieron en noviembre y fue del 9% para compensar la inflaci\u00f3n de octubre, por lo que despu\u00e9s vino la devaluaci\u00f3n del 118% de diciembre, el aumento de combustibles y la escalada inflacionaria de ese mes, enero y lo que va de febrero.<\/h3>\n<p><img decoding=\"async\" class=\"wp-image-12312 aligncenter\" src=\"https:\/\/apuntesdesanluis.com\/wp-content\/uploads\/2024\/02\/marcha-2-300x152.png\" alt=\"\" width=\"612\" height=\"310\" srcset=\"https:\/\/apuntesdesanluis.com\/wp-content\/uploads\/2024\/02\/marcha-2-300x152.png 300w, https:\/\/apuntesdesanluis.com\/wp-content\/uploads\/2024\/02\/marcha-2.png 584w\" sizes=\"(max-width: 612px) 100vw, 612px\" \/><\/p>\n<h3>En cuanto al ausentismo, el gobierno indic\u00f3 que \u201ca partir de un relevamiento realizado por el ministerio de Educaci\u00f3n de San Luis, el 98% de los maestros y profesores recibieron a los casi 125.000 chicos y adolescentes que volvieron a las aulas\u201d.<\/h3>\n<h3>\u201cLa cartera que conduce <strong>Guillermo Araujo<\/strong> monitore\u00f3, como lo hace en cada jornada escolar, el presentismo en todas las regiones educativas, pudiendo determinar que en las regiones III y V el presentismo docente fue del 100%, en las regiones I, II y VI alcanz\u00f3 el 99% y en la regi\u00f3n IV se elev\u00f3 al 98%\u201d, asegur\u00f3 la Agencia de Noticias del gobierno.<\/h3>\n<h3>En cambio los voceros gremiales indicaron que si bien hubo mayor presentismo en el turno ma\u00f1ana, por la tarde el acatamiento a la huelga super\u00f3 el 50%, por lo que se mostraron satisfechos e indicaron que la multitudinaria marcha en San Luis y en el interior \u201cfue un \u00e9xito y es apenas el comienzo del plan de lucha&#8221;.<\/h3>\n","protected":false},"excerpt":{"rendered":"<p>Este lunes se realiz\u00f3 en la ciudad Capital la movilizaci\u00f3n principal que protagonizaron los educadores&#8230;<\/p>\n","protected":false},"author":1,"featured_media":12310,"comment_status":"closed","ping_status":"closed","sticky":false,"template":"","format":"standard","meta":{"footnotes":""},"categories":[6],"tags":[],"class_list":["post-12309","post","type-post","status-publish","format-standard","has-post-thumbnail","hentry","category-ciudad-provincia"],"yoast_head":"<!-- This site is optimized with the Yoast SEO plugin v26.1.1 - https:\/\/yoast.com\/wordpress\/plugins\/seo\/ -->\n<title>EN UNA CONCURRIDA MARCHA, LOS SINDICATOS DOCENTES HICIERON ESCUCHAR SUS RECLAMOS - Apuntes de San Luis<\/title>\n<meta name=\"robots\" content=\"index, follow, max-snippet:-1, max-image-preview:large, max-video-preview:-1\" \/>\n<link rel=\"canonical\" href=\"https:\/\/apuntesdesanluis.com\/index.php\/2024\/02\/26\/en-una-concurrida-marcha-los-sindicatos-docentes-hicieron-escuchar-sus-reclamos\/\" \/>\n<meta property=\"og:locale\" content=\"es_ES\" \/>\n<meta property=\"og:type\" content=\"article\" \/>\n<meta property=\"og:title\" content=\"EN UNA CONCURRIDA MARCHA, LOS SINDICATOS DOCENTES HICIERON ESCUCHAR SUS RECLAMOS - Apuntes de San Luis\" \/>\n<meta property=\"og:description\" content=\"Este lunes se realiz\u00f3 en la ciudad Capital la movilizaci\u00f3n principal que protagonizaron los educadores...\" \/>\n<meta property=\"og:url\" content=\"https:\/\/apuntesdesanluis.com\/index.php\/2024\/02\/26\/en-una-concurrida-marcha-los-sindicatos-docentes-hicieron-escuchar-sus-reclamos\/\" \/>\n<meta property=\"og:site_name\" content=\"Apuntes de San Luis\" \/>\n<meta property=\"article:published_time\" content=\"2024-02-27T02:34:56+00:00\" \/>\n<meta property=\"og:image\" content=\"https:\/\/apuntesdesanluis.com\/wp-content\/uploads\/2024\/02\/marcha-1.png\" \/>\n\t<meta property=\"og:image:width\" content=\"599\" \/>\n\t<meta property=\"og:image:height\" content=\"314\" \/>\n\t<meta property=\"og:image:type\" content=\"image\/png\" \/>\n<meta name=\"author\" content=\"apuntesdesanluis.com\" \/>\n<meta name=\"twitter:card\" content=\"summary_large_image\" \/>\n<meta name=\"twitter:label1\" content=\"Escrito por\" \/>\n\t<meta name=\"twitter:data1\" content=\"apuntesdesanluis.com\" \/>\n\t<meta name=\"twitter:label2\" content=\"Tiempo de lectura\" \/>\n\t<meta name=\"twitter:data2\" content=\"3 minutos\" \/>\n<script type=\"application\/ld+json\" class=\"yoast-schema-graph\">{\"@context\":\"https:\/\/schema.org\",\"@graph\":[{\"@type\":\"Article\",\"@id\":\"https:\/\/apuntesdesanluis.com\/index.php\/2024\/02\/26\/en-una-concurrida-marcha-los-sindicatos-docentes-hicieron-escuchar-sus-reclamos\/#article\",\"isPartOf\":{\"@id\":\"https:\/\/apuntesdesanluis.com\/index.php\/2024\/02\/26\/en-una-concurrida-marcha-los-sindicatos-docentes-hicieron-escuchar-sus-reclamos\/\"},\"author\":{\"name\":\"apuntesdesanluis.com\",\"@id\":\"https:\/\/apuntesdesanluis.com\/#\/schema\/person\/b55151d52296fcce64d1a72538a70b90\"},\"headline\":\"EN UNA CONCURRIDA MARCHA, LOS SINDICATOS DOCENTES HICIERON ESCUCHAR SUS RECLAMOS\",\"datePublished\":\"2024-02-27T02:34:56+00:00\",\"mainEntityOfPage\":{\"@id\":\"https:\/\/apuntesdesanluis.com\/index.php\/2024\/02\/26\/en-una-concurrida-marcha-los-sindicatos-docentes-hicieron-escuchar-sus-reclamos\/\"},\"wordCount\":593,\"publisher\":{\"@id\":\"https:\/\/apuntesdesanluis.com\/#\/schema\/person\/b55151d52296fcce64d1a72538a70b90\"},\"image\":{\"@id\":\"https:\/\/apuntesdesanluis.com\/index.php\/2024\/02\/26\/en-una-concurrida-marcha-los-sindicatos-docentes-hicieron-escuchar-sus-reclamos\/#primaryimage\"},\"thumbnailUrl\":\"https:\/\/apuntesdesanluis.com\/wp-content\/uploads\/2024\/02\/marcha-1.png\",\"articleSection\":[\"Ciudad\/Provincia\"],\"inLanguage\":\"es-AR\"},{\"@type\":\"WebPage\",\"@id\":\"https:\/\/apuntesdesanluis.com\/index.php\/2024\/02\/26\/en-una-concurrida-marcha-los-sindicatos-docentes-hicieron-escuchar-sus-reclamos\/\",\"url\":\"https:\/\/apuntesdesanluis.com\/index.php\/2024\/02\/26\/en-una-concurrida-marcha-los-sindicatos-docentes-hicieron-escuchar-sus-reclamos\/\",\"name\":\"EN UNA CONCURRIDA MARCHA, LOS SINDICATOS DOCENTES HICIERON ESCUCHAR SUS RECLAMOS - Apuntes de San Luis\",\"isPartOf\":{\"@id\":\"https:\/\/apuntesdesanluis.com\/#website\"},\"primaryImageOfPage\":{\"@id\":\"https:\/\/apuntesdesanluis.com\/index.php\/2024\/02\/26\/en-una-concurrida-marcha-los-sindicatos-docentes-hicieron-escuchar-sus-reclamos\/#primaryimage\"},\"image\":{\"@id\":\"https:\/\/apuntesdesanluis.com\/index.php\/2024\/02\/26\/en-una-concurrida-marcha-los-sindicatos-docentes-hicieron-escuchar-sus-reclamos\/#primaryimage\"},\"thumbnailUrl\":\"https:\/\/apuntesdesanluis.com\/wp-content\/uploads\/2024\/02\/marcha-1.png\",\"datePublished\":\"2024-02-27T02:34:56+00:00\",\"breadcrumb\":{\"@id\":\"https:\/\/apuntesdesanluis.com\/index.php\/2024\/02\/26\/en-una-concurrida-marcha-los-sindicatos-docentes-hicieron-escuchar-sus-reclamos\/#breadcrumb\"},\"inLanguage\":\"es-AR\",\"potentialAction\":[{\"@type\":\"ReadAction\",\"target\":[\"https:\/\/apuntesdesanluis.com\/index.php\/2024\/02\/26\/en-una-concurrida-marcha-los-sindicatos-docentes-hicieron-escuchar-sus-reclamos\/\"]}]},{\"@type\":\"ImageObject\",\"inLanguage\":\"es-AR\",\"@id\":\"https:\/\/apuntesdesanluis.com\/index.php\/2024\/02\/26\/en-una-concurrida-marcha-los-sindicatos-docentes-hicieron-escuchar-sus-reclamos\/#primaryimage\",\"url\":\"https:\/\/apuntesdesanluis.com\/wp-content\/uploads\/2024\/02\/marcha-1.png\",\"contentUrl\":\"https:\/\/apuntesdesanluis.com\/wp-content\/uploads\/2024\/02\/marcha-1.png\",\"width\":599,\"height\":314},{\"@type\":\"BreadcrumbList\",\"@id\":\"https:\/\/apuntesdesanluis.com\/index.php\/2024\/02\/26\/en-una-concurrida-marcha-los-sindicatos-docentes-hicieron-escuchar-sus-reclamos\/#breadcrumb\",\"itemListElement\":[{\"@type\":\"ListItem\",\"position\":1,\"name\":\"Inicio\",\"item\":\"https:\/\/apuntesdesanluis.com\/\"},{\"@type\":\"ListItem\",\"position\":2,\"name\":\"EN UNA CONCURRIDA MARCHA, LOS SINDICATOS DOCENTES HICIERON ESCUCHAR SUS RECLAMOS\"}]},{\"@type\":\"WebSite\",\"@id\":\"https:\/\/apuntesdesanluis.com\/#website\",\"url\":\"https:\/\/apuntesdesanluis.com\/\",\"name\":\"Apuntes de San Luis\",\"description\":\"\",\"publisher\":{\"@id\":\"https:\/\/apuntesdesanluis.com\/#\/schema\/person\/b55151d52296fcce64d1a72538a70b90\"},\"potentialAction\":[{\"@type\":\"SearchAction\",\"target\":{\"@type\":\"EntryPoint\",\"urlTemplate\":\"https:\/\/apuntesdesanluis.com\/?s={search_term_string}\"},\"query-input\":{\"@type\":\"PropertyValueSpecification\",\"valueRequired\":true,\"valueName\":\"search_term_string\"}}],\"inLanguage\":\"es-AR\"},{\"@type\":[\"Person\",\"Organization\"],\"@id\":\"https:\/\/apuntesdesanluis.com\/#\/schema\/person\/b55151d52296fcce64d1a72538a70b90\",\"name\":\"apuntesdesanluis.com\",\"image\":{\"@type\":\"ImageObject\",\"inLanguage\":\"es-AR\",\"@id\":\"https:\/\/apuntesdesanluis.com\/#\/schema\/person\/image\/\",\"url\":\"https:\/\/apuntesdesanluis.com\/wp-content\/uploads\/2023\/07\/cropped-apuntesdesanluis.png\",\"contentUrl\":\"https:\/\/apuntesdesanluis.com\/wp-content\/uploads\/2023\/07\/cropped-apuntesdesanluis.png\",\"width\":450,\"height\":112,\"caption\":\"apuntesdesanluis.com\"},\"logo\":{\"@id\":\"https:\/\/apuntesdesanluis.com\/#\/schema\/person\/image\/\"},\"sameAs\":[\"https:\/\/apuntesdesanluis.com\"],\"url\":\"https:\/\/apuntesdesanluis.com\/index.php\/author\/apuntesdesanluis-com\/\"}]}<\/script>\n<!-- \/ Yoast SEO plugin. -->","yoast_head_json":{"title":"EN UNA CONCURRIDA MARCHA, LOS SINDICATOS DOCENTES HICIERON ESCUCHAR SUS RECLAMOS - Apuntes de San Luis","robots":{"index":"index","follow":"follow","max-snippet":"max-snippet:-1","max-image-preview":"max-image-preview:large","max-video-preview":"max-video-preview:-1"},"canonical":"https:\/\/apuntesdesanluis.com\/index.php\/2024\/02\/26\/en-una-concurrida-marcha-los-sindicatos-docentes-hicieron-escuchar-sus-reclamos\/","og_locale":"es_ES","og_type":"article","og_title":"EN UNA CONCURRIDA MARCHA, LOS SINDICATOS DOCENTES HICIERON ESCUCHAR SUS RECLAMOS - Apuntes de San Luis","og_description":"Este lunes se realiz\u00f3 en la ciudad Capital la movilizaci\u00f3n principal que protagonizaron los educadores...","og_url":"https:\/\/apuntesdesanluis.com\/index.php\/2024\/02\/26\/en-una-concurrida-marcha-los-sindicatos-docentes-hicieron-escuchar-sus-reclamos\/","og_site_name":"Apuntes de San Luis","article_published_time":"2024-02-27T02:34:56+00:00","og_image":[{"width":599,"height":314,"url":"https:\/\/apuntesdesanluis.com\/wp-content\/uploads\/2024\/02\/marcha-1.png","type":"image\/png"}],"author":"apuntesdesanluis.com","twitter_card":"summary_large_image","twitter_misc":{"Escrito por":"apuntesdesanluis.com","Tiempo de lectura":"3 minutos"},"schema":{"@context":"https:\/\/schema.org","@graph":[{"@type":"Article","@id":"https:\/\/apuntesdesanluis.com\/index.php\/2024\/02\/26\/en-una-concurrida-marcha-los-sindicatos-docentes-hicieron-escuchar-sus-reclamos\/#article","isPartOf":{"@id":"https:\/\/apuntesdesanluis.com\/index.php\/2024\/02\/26\/en-una-concurrida-marcha-los-sindicatos-docentes-hicieron-escuchar-sus-reclamos\/"},"author":{"name":"apuntesdesanluis.com","@id":"https:\/\/apuntesdesanluis.com\/#\/schema\/person\/b55151d52296fcce64d1a72538a70b90"},"headline":"EN UNA CONCURRIDA MARCHA, LOS SINDICATOS DOCENTES HICIERON ESCUCHAR SUS RECLAMOS","datePublished":"2024-02-27T02:34:56+00:00","mainEntityOfPage":{"@id":"https:\/\/apuntesdesanluis.com\/index.php\/2024\/02\/26\/en-una-concurrida-marcha-los-sindicatos-docentes-hicieron-escuchar-sus-reclamos\/"},"wordCount":593,"publisher":{"@id":"https:\/\/apuntesdesanluis.com\/#\/schema\/person\/b55151d52296fcce64d1a72538a70b90"},"image":{"@id":"https:\/\/apuntesdesanluis.com\/index.php\/2024\/02\/26\/en-una-concurrida-marcha-los-sindicatos-docentes-hicieron-escuchar-sus-reclamos\/#primaryimage"},"thumbnailUrl":"https:\/\/apuntesdesanluis.com\/wp-content\/uploads\/2024\/02\/marcha-1.png","articleSection":["Ciudad\/Provincia"],"inLanguage":"es-AR"},{"@type":"WebPage","@id":"https:\/\/apuntesdesanluis.com\/index.php\/2024\/02\/26\/en-una-concurrida-marcha-los-sindicatos-docentes-hicieron-escuchar-sus-reclamos\/","url":"https:\/\/apuntesdesanluis.com\/index.php\/2024\/02\/26\/en-una-concurrida-marcha-los-sindicatos-docentes-hicieron-escuchar-sus-reclamos\/","name":"EN UNA CONCURRIDA MARCHA, LOS SINDICATOS DOCENTES HICIERON ESCUCHAR SUS RECLAMOS - Apuntes de San Luis","isPartOf":{"@id":"https:\/\/apuntesdesanluis.com\/#website"},"primaryImageOfPage":{"@id":"https:\/\/apuntesdesanluis.com\/index.php\/2024\/02\/26\/en-una-concurrida-marcha-los-sindicatos-docentes-hicieron-escuchar-sus-reclamos\/#primaryimage"},"image":{"@id":"https:\/\/apuntesdesanluis.com\/index.php\/2024\/02\/26\/en-una-concurrida-marcha-los-sindicatos-docentes-hicieron-escuchar-sus-reclamos\/#primaryimage"},"thumbnailUrl":"https:\/\/apuntesdesanluis.com\/wp-content\/uploads\/2024\/02\/marcha-1.png","datePublished":"2024-02-27T02:34:56+00:00","breadcrumb":{"@id":"https:\/\/apuntesdesanluis.com\/index.php\/2024\/02\/26\/en-una-concurrida-marcha-los-sindicatos-docentes-hicieron-escuchar-sus-reclamos\/#breadcrumb"},"inLanguage":"es-AR","potentialAction":[{"@type":"ReadAction","target":["https:\/\/apuntesdesanluis.com\/index.php\/2024\/02\/26\/en-una-concurrida-marcha-los-sindicatos-docentes-hicieron-escuchar-sus-reclamos\/"]}]},{"@type":"ImageObject","inLanguage":"es-AR","@id":"https:\/\/apuntesdesanluis.com\/index.php\/2024\/02\/26\/en-una-concurrida-marcha-los-sindicatos-docentes-hicieron-escuchar-sus-reclamos\/#primaryimage","url":"https:\/\/apuntesdesanluis.com\/wp-content\/uploads\/2024\/02\/marcha-1.png","contentUrl":"https:\/\/apuntesdesanluis.com\/wp-content\/uploads\/2024\/02\/marcha-1.png","width":599,"height":314},{"@type":"BreadcrumbList","@id":"https:\/\/apuntesdesanluis.com\/index.php\/2024\/02\/26\/en-una-concurrida-marcha-los-sindicatos-docentes-hicieron-escuchar-sus-reclamos\/#breadcrumb","itemListElement":[{"@type":"ListItem","position":1,"name":"Inicio","item":"https:\/\/apuntesdesanluis.com\/"},{"@type":"ListItem","position":2,"name":"EN UNA CONCURRIDA MARCHA, LOS SINDICATOS DOCENTES HICIERON ESCUCHAR SUS RECLAMOS"}]},{"@type":"WebSite","@id":"https:\/\/apuntesdesanluis.com\/#website","url":"https:\/\/apuntesdesanluis.com\/","name":"Apuntes de San Luis","description":"","publisher":{"@id":"https:\/\/apuntesdesanluis.com\/#\/schema\/person\/b55151d52296fcce64d1a72538a70b90"},"potentialAction":[{"@type":"SearchAction","target":{"@type":"EntryPoint","urlTemplate":"https:\/\/apuntesdesanluis.com\/?s={search_term_string}"},"query-input":{"@type":"PropertyValueSpecification","valueRequired":true,"valueName":"search_term_string"}}],"inLanguage":"es-AR"},{"@type":["Person","Organization"],"@id":"https:\/\/apuntesdesanluis.com\/#\/schema\/person\/b55151d52296fcce64d1a72538a70b90","name":"apuntesdesanluis.com","image":{"@type":"ImageObject","inLanguage":"es-AR","@id":"https:\/\/apuntesdesanluis.com\/#\/schema\/person\/image\/","url":"https:\/\/apuntesdesanluis.com\/wp-content\/uploads\/2023\/07\/cropped-apuntesdesanluis.png","contentUrl":"https:\/\/apuntesdesanluis.com\/wp-content\/uploads\/2023\/07\/cropped-apuntesdesanluis.png","width":450,"height":112,"caption":"apuntesdesanluis.com"},"logo":{"@id":"https:\/\/apuntesdesanluis.com\/#\/schema\/person\/image\/"},"sameAs":["https:\/\/apuntesdesanluis.com"],"url":"https:\/\/apuntesdesanluis.com\/index.php\/author\/apuntesdesanluis-com\/"}]}},"featured_image_urls":{"full":["https:\/\/apuntesdesanluis.com\/wp-content\/uploads\/2024\/02\/marcha-1.png",599,314,false],"thumbnail":["https:\/\/apuntesdesanluis.com\/wp-content\/uploads\/2024\/02\/marcha-1-150x150.png",150,150,true],"medium":["https:\/\/apuntesdesanluis.com\/wp-content\/uploads\/2024\/02\/marcha-1-300x157.png",300,157,true],"medium_large":["https:\/\/apuntesdesanluis.com\/wp-content\/uploads\/2024\/02\/marcha-1.png",599,314,false],"large":["https:\/\/apuntesdesanluis.com\/wp-content\/uploads\/2024\/02\/marcha-1.png",599,314,false],"1536x1536":["https:\/\/apuntesdesanluis.com\/wp-content\/uploads\/2024\/02\/marcha-1.png",599,314,false],"2048x2048":["https:\/\/apuntesdesanluis.com\/wp-content\/uploads\/2024\/02\/marcha-1.png",599,314,false],"newsever-slider-full":["https:\/\/apuntesdesanluis.com\/wp-content\/uploads\/2024\/02\/marcha-1.png",599,314,false],"newsever-featured":["https:\/\/apuntesdesanluis.com\/wp-content\/uploads\/2024\/02\/marcha-1.png",599,314,false],"newsever-medium":["https:\/\/apuntesdesanluis.com\/wp-content\/uploads\/2024\/02\/marcha-1.png",599,314,false]},"author_info":{"display_name":"apuntesdesanluis.com","author_link":"https:\/\/apuntesdesanluis.com\/index.php\/author\/apuntesdesanluis-com\/"},"category_info":"<a href=\"https:\/\/apuntesdesanluis.com\/index.php\/category\/ciudad-provincia\/\" rel=\"category tag\">Ciudad\/Provincia<\/a>","tag_info":"Ciudad\/Provincia","comment_count":"0","_links":{"self":[{"href":"https:\/\/apuntesdesanluis.com\/index.php\/wp-json\/wp\/v2\/posts\/12309","targetHints":{"allow":["GET"]}}],"collection":[{"href":"https:\/\/apuntesdesanluis.com\/index.php\/wp-json\/wp\/v2\/posts"}],"about":[{"href":"https:\/\/apuntesdesanluis.com\/index.php\/wp-json\/wp\/v2\/types\/post"}],"author":[{"embeddable":true,"href":"https:\/\/apuntesdesanluis.com\/index.php\/wp-json\/wp\/v2\/users\/1"}],"replies":[{"embeddable":true,"href":"https:\/\/apuntesdesanluis.com\/index.php\/wp-json\/wp\/v2\/comments?post=12309"}],"version-history":[{"count":1,"href":"https:\/\/apuntesdesanluis.com\/index.php\/wp-json\/wp\/v2\/posts\/12309\/revisions"}],"predecessor-version":[{"id":12313,"href":"https:\/\/apuntesdesanluis.com\/index.php\/wp-json\/wp\/v2\/posts\/12309\/revisions\/12313"}],"wp:featuredmedia":[{"embeddable":true,"href":"https:\/\/apuntesdesanluis.com\/index.php\/wp-json\/wp\/v2\/media\/12310"}],"wp:attachment":[{"href":"https:\/\/apuntesdesanluis.com\/index.php\/wp-json\/wp\/v2\/media?parent=12309"}],"wp:term":[{"taxonomy":"category","embeddable":true,"href":"https:\/\/apuntesdesanluis.com\/index.php\/wp-json\/wp\/v2\/categories?post=12309"},{"taxonomy":"post_tag","embeddable":true,"href":"https:\/\/apuntesdesanluis.com\/index.php\/wp-json\/wp\/v2\/tags?post=12309"}],"curies":[{"name":"wp","href":"https:\/\/api.w.org\/{rel}","templated":true}]}}