{"id":12314,"date":"2024-02-26T23:48:52","date_gmt":"2024-02-27T02:48:52","guid":{"rendered":"https:\/\/apuntesdesanluis.com\/?p=12314"},"modified":"2024-02-26T23:48:52","modified_gmt":"2024-02-27T02:48:52","slug":"el-gobierno-anuncio-que-el-viernes-a-las-21-horas-milei-inaugurara-las-sesiones-del-congreso","status":"publish","type":"post","link":"https:\/\/apuntesdesanluis.com\/index.php\/2024\/02\/26\/el-gobierno-anuncio-que-el-viernes-a-las-21-horas-milei-inaugurara-las-sesiones-del-congreso\/","title":{"rendered":"EL GOBIERNO ANUNCI\u00d3 QUE EL VIERNES A LAS 21 HORAS, MILEI INAUGURAR\u00c1 LAS SESIONES DEL CONGRESO"},"content":{"rendered":"<h3>El Gobierno inform\u00f3 que el presidente <strong>Javier Milei<\/strong> encabezar\u00e1 el acto de apertura de las sesiones ordinarias en el Congreso el pr\u00f3ximo viernes a las 21 horas y no al mediod\u00eda, como se suele acostumbrar.<\/h3>\n<h3>La decisi\u00f3n fue publicada en un decreto que se dio a conocer este lunes por la noche y que fue confirmado por el vocero presidencial <strong>Manuel Adorni<\/strong> en TN.<\/h3>\n<h3>En su art\u00edculo 1, el decreto 2024-197 se\u00f1ala a \u201clas 21:00 horas del d\u00eda 1\u00ba de marzo pr\u00f3ximo para la apertura de las Sesiones Ordinarias del H. Congreso de la Naci\u00f3n, correspondientes al a\u00f1o en curso\u201d.<\/h3>\n<h3>La norma lleva las firmas del presidente Milei, y su jefe de Gabinete, Nicol\u00e1s Posse. La misma se apoya en \u201clas facultades conferidas por el art\u00edculo 99, inciso 8 de la Constituci\u00f3n Nacional\u201d.<\/h3>\n<h3>El vocero explic\u00f3 en declaraciones televisivas que \u201cnos parec\u00eda razonable hacerlo en un horario donde haya mayor encendido\u201d, imitando lo que habitualmente se hace en EE.UU.<\/h3>\n<h3>Por otro lado, remarc\u00f3 que el Presidente no tiene \u201cuna l\u00ednea\u201d escrita todav\u00eda del discurso, aunque destac\u00f3 que estar\u00e1 basado en \u201clo que encontramos\u201d y \u201cplagado de datos de lo que viene en la Argentina\u201d.<\/h3>\n<h3>Milei afrontar\u00e1 su primer discurso ante legisladores, en lo que marcar\u00e1 el inicio del 142\u00ba per\u00edodo de sesiones ordinarias del Congreso de la Naci\u00f3n, tras su fuerte descontento por la ca\u00edda de la Ley \u00d3mnibus que propuso su gobierno.<\/h3>\n<h3>Respecto de su decisi\u00f3n del 10 de diciembre durante su asunci\u00f3n a la Presidencia de no hablar ante los legisladores en el recinto, el mandatario aclar\u00f3 d\u00edas atr\u00e1s que \u201chay una cuesti\u00f3n de protocolo\u201d y que deber\u00e1 realizar su discurso dentro del Congreso.<\/h3>\n<h3><strong>VERSIONES<\/strong><\/h3>\n<h3>Trascendi\u00f3 que el primer mandatario aguarda por estas horas un un informe de auditor\u00eda para preparar un discurso de fuerte contenido &#8220;contra la corrupci\u00f3n&#8221;.<\/h3>\n<h3>Adem\u00e1s, Milei ya convoc\u00f3 a una reuni\u00f3n con las bancadas de diputados y senadores de La Libertad Avanza (LLA) para este mi\u00e9rcoles a las 10 de la ma\u00f1ana. El objetivo ser\u00eda &#8220;ordenar la tropa&#8221;.<\/h3>\n<h3>Un legislador admiti\u00f3 que hay preocupaci\u00f3n en los bloques libertarios porque el gobierno tiene demasiados frentes abiertos al mismo tiempo. &#8220;No sabemos si lo van a putear o se van a levantar y se van a ir los opositores&#8221;, expres\u00f3 con preocupaci\u00f3n.<\/h3>\n<h3>No obstante, se supo que desde el kirchnerismo se baj\u00f3 la orden de que nadie apele a gritos o agravios contra el Presidente por lo que diga en su discurso.<\/h3>\n<h3>Por lo dem\u00e1s, los legisladores de LLA atraviesan una crisis de proporciones por falta de conducci\u00f3n pol\u00edtica, tal como inform\u00f3 este medio despu\u00e9s del fracaso de la ley \u00f3mnibus. &#8220;Est\u00e1 al frente (Oscar) Zago pero (Mart\u00edn) Menem qued\u00f3 muy desdibujado&#8221;, dijo otro diputado.<\/h3>\n<h3>Ante la consulta sobre la posibilidad de que alg\u00fan legislador realice alg\u00fan planteo ante el Jefe de Estado, la fuente neg\u00f3 de plano cualquier chance de que ocurra. &#8220;Nadie se anima a decirle nada, vamos a ir a escuchar&#8221;, resumi\u00f3.<\/h3>\n<p>&nbsp;<\/p>\n<p>&nbsp;<\/p>\n<p>&nbsp;<\/p>\n","protected":false},"excerpt":{"rendered":"<p>El Gobierno inform\u00f3 que el presidente Javier Milei encabezar\u00e1 el acto de apertura de las&#8230;<\/p>\n","protected":false},"author":1,"featured_media":12315,"comment_status":"closed","ping_status":"closed","sticky":false,"template":"","format":"standard","meta":{"footnotes":""},"categories":[5],"tags":[],"class_list":["post-12314","post","type-post","status-publish","format-standard","has-post-thumbnail","hentry","category-nacionales-internacionales"],"yoast_head":"<!-- This site is optimized with the Yoast SEO plugin v26.1.1 - https:\/\/yoast.com\/wordpress\/plugins\/seo\/ -->\n<title>EL GOBIERNO ANUNCI\u00d3 QUE EL VIERNES A LAS 21 HORAS, MILEI INAUGURAR\u00c1 LAS SESIONES DEL CONGRESO - Apuntes de San Luis<\/title>\n<meta name=\"robots\" content=\"index, follow, max-snippet:-1, max-image-preview:large, max-video-preview:-1\" \/>\n<link rel=\"canonical\" href=\"https:\/\/apuntesdesanluis.com\/index.php\/2024\/02\/26\/el-gobierno-anuncio-que-el-viernes-a-las-21-horas-milei-inaugurara-las-sesiones-del-congreso\/\" \/>\n<meta property=\"og:locale\" content=\"es_ES\" \/>\n<meta property=\"og:type\" content=\"article\" \/>\n<meta property=\"og:title\" content=\"EL GOBIERNO ANUNCI\u00d3 QUE EL VIERNES A LAS 21 HORAS, MILEI INAUGURAR\u00c1 LAS SESIONES DEL CONGRESO - Apuntes de San Luis\" \/>\n<meta property=\"og:description\" content=\"El Gobierno inform\u00f3 que el presidente Javier Milei encabezar\u00e1 el acto de apertura de las...\" \/>\n<meta property=\"og:url\" content=\"https:\/\/apuntesdesanluis.com\/index.php\/2024\/02\/26\/el-gobierno-anuncio-que-el-viernes-a-las-21-horas-milei-inaugurara-las-sesiones-del-congreso\/\" \/>\n<meta property=\"og:site_name\" content=\"Apuntes de San Luis\" \/>\n<meta property=\"article:published_time\" content=\"2024-02-27T02:48:52+00:00\" \/>\n<meta property=\"og:image\" content=\"https:\/\/apuntesdesanluis.com\/wp-content\/uploads\/2024\/02\/milei-4.png\" \/>\n\t<meta property=\"og:image:width\" content=\"600\" \/>\n\t<meta property=\"og:image:height\" content=\"360\" \/>\n\t<meta property=\"og:image:type\" content=\"image\/png\" \/>\n<meta name=\"author\" content=\"apuntesdesanluis.com\" \/>\n<meta name=\"twitter:card\" content=\"summary_large_image\" \/>\n<meta name=\"twitter:label1\" content=\"Escrito por\" \/>\n\t<meta name=\"twitter:data1\" content=\"apuntesdesanluis.com\" \/>\n\t<meta name=\"twitter:label2\" content=\"Tiempo de lectura\" \/>\n\t<meta name=\"twitter:data2\" content=\"3 minutos\" \/>\n<script type=\"application\/ld+json\" class=\"yoast-schema-graph\">{\"@context\":\"https:\/\/schema.org\",\"@graph\":[{\"@type\":\"Article\",\"@id\":\"https:\/\/apuntesdesanluis.com\/index.php\/2024\/02\/26\/el-gobierno-anuncio-que-el-viernes-a-las-21-horas-milei-inaugurara-las-sesiones-del-congreso\/#article\",\"isPartOf\":{\"@id\":\"https:\/\/apuntesdesanluis.com\/index.php\/2024\/02\/26\/el-gobierno-anuncio-que-el-viernes-a-las-21-horas-milei-inaugurara-las-sesiones-del-congreso\/\"},\"author\":{\"name\":\"apuntesdesanluis.com\",\"@id\":\"https:\/\/apuntesdesanluis.com\/#\/schema\/person\/b55151d52296fcce64d1a72538a70b90\"},\"headline\":\"EL GOBIERNO ANUNCI\u00d3 QUE EL VIERNES A LAS 21 HORAS, MILEI INAUGURAR\u00c1 LAS SESIONES DEL CONGRESO\",\"datePublished\":\"2024-02-27T02:48:52+00:00\",\"mainEntityOfPage\":{\"@id\":\"https:\/\/apuntesdesanluis.com\/index.php\/2024\/02\/26\/el-gobierno-anuncio-que-el-viernes-a-las-21-horas-milei-inaugurara-las-sesiones-del-congreso\/\"},\"wordCount\":539,\"publisher\":{\"@id\":\"https:\/\/apuntesdesanluis.com\/#\/schema\/person\/b55151d52296fcce64d1a72538a70b90\"},\"image\":{\"@id\":\"https:\/\/apuntesdesanluis.com\/index.php\/2024\/02\/26\/el-gobierno-anuncio-que-el-viernes-a-las-21-horas-milei-inaugurara-las-sesiones-del-congreso\/#primaryimage\"},\"thumbnailUrl\":\"https:\/\/apuntesdesanluis.com\/wp-content\/uploads\/2024\/02\/milei-4.png\",\"articleSection\":[\"Nacionales\/Internacionales\"],\"inLanguage\":\"es-AR\"},{\"@type\":\"WebPage\",\"@id\":\"https:\/\/apuntesdesanluis.com\/index.php\/2024\/02\/26\/el-gobierno-anuncio-que-el-viernes-a-las-21-horas-milei-inaugurara-las-sesiones-del-congreso\/\",\"url\":\"https:\/\/apuntesdesanluis.com\/index.php\/2024\/02\/26\/el-gobierno-anuncio-que-el-viernes-a-las-21-horas-milei-inaugurara-las-sesiones-del-congreso\/\",\"name\":\"EL GOBIERNO ANUNCI\u00d3 QUE EL VIERNES A LAS 21 HORAS, MILEI INAUGURAR\u00c1 LAS SESIONES DEL CONGRESO - Apuntes de San Luis\",\"isPartOf\":{\"@id\":\"https:\/\/apuntesdesanluis.com\/#website\"},\"primaryImageOfPage\":{\"@id\":\"https:\/\/apuntesdesanluis.com\/index.php\/2024\/02\/26\/el-gobierno-anuncio-que-el-viernes-a-las-21-horas-milei-inaugurara-las-sesiones-del-congreso\/#primaryimage\"},\"image\":{\"@id\":\"https:\/\/apuntesdesanluis.com\/index.php\/2024\/02\/26\/el-gobierno-anuncio-que-el-viernes-a-las-21-horas-milei-inaugurara-las-sesiones-del-congreso\/#primaryimage\"},\"thumbnailUrl\":\"https:\/\/apuntesdesanluis.com\/wp-content\/uploads\/2024\/02\/milei-4.png\",\"datePublished\":\"2024-02-27T02:48:52+00:00\",\"breadcrumb\":{\"@id\":\"https:\/\/apuntesdesanluis.com\/index.php\/2024\/02\/26\/el-gobierno-anuncio-que-el-viernes-a-las-21-horas-milei-inaugurara-las-sesiones-del-congreso\/#breadcrumb\"},\"inLanguage\":\"es-AR\",\"potentialAction\":[{\"@type\":\"ReadAction\",\"target\":[\"https:\/\/apuntesdesanluis.com\/index.php\/2024\/02\/26\/el-gobierno-anuncio-que-el-viernes-a-las-21-horas-milei-inaugurara-las-sesiones-del-congreso\/\"]}]},{\"@type\":\"ImageObject\",\"inLanguage\":\"es-AR\",\"@id\":\"https:\/\/apuntesdesanluis.com\/index.php\/2024\/02\/26\/el-gobierno-anuncio-que-el-viernes-a-las-21-horas-milei-inaugurara-las-sesiones-del-congreso\/#primaryimage\",\"url\":\"https:\/\/apuntesdesanluis.com\/wp-content\/uploads\/2024\/02\/milei-4.png\",\"contentUrl\":\"https:\/\/apuntesdesanluis.com\/wp-content\/uploads\/2024\/02\/milei-4.png\",\"width\":600,\"height\":360},{\"@type\":\"BreadcrumbList\",\"@id\":\"https:\/\/apuntesdesanluis.com\/index.php\/2024\/02\/26\/el-gobierno-anuncio-que-el-viernes-a-las-21-horas-milei-inaugurara-las-sesiones-del-congreso\/#breadcrumb\",\"itemListElement\":[{\"@type\":\"ListItem\",\"position\":1,\"name\":\"Inicio\",\"item\":\"https:\/\/apuntesdesanluis.com\/\"},{\"@type\":\"ListItem\",\"position\":2,\"name\":\"EL GOBIERNO ANUNCI\u00d3 QUE EL VIERNES A LAS 21 HORAS, MILEI INAUGURAR\u00c1 LAS SESIONES DEL CONGRESO\"}]},{\"@type\":\"WebSite\",\"@id\":\"https:\/\/apuntesdesanluis.com\/#website\",\"url\":\"https:\/\/apuntesdesanluis.com\/\",\"name\":\"Apuntes de San Luis\",\"description\":\"\",\"publisher\":{\"@id\":\"https:\/\/apuntesdesanluis.com\/#\/schema\/person\/b55151d52296fcce64d1a72538a70b90\"},\"potentialAction\":[{\"@type\":\"SearchAction\",\"target\":{\"@type\":\"EntryPoint\",\"urlTemplate\":\"https:\/\/apuntesdesanluis.com\/?s={search_term_string}\"},\"query-input\":{\"@type\":\"PropertyValueSpecification\",\"valueRequired\":true,\"valueName\":\"search_term_string\"}}],\"inLanguage\":\"es-AR\"},{\"@type\":[\"Person\",\"Organization\"],\"@id\":\"https:\/\/apuntesdesanluis.com\/#\/schema\/person\/b55151d52296fcce64d1a72538a70b90\",\"name\":\"apuntesdesanluis.com\",\"image\":{\"@type\":\"ImageObject\",\"inLanguage\":\"es-AR\",\"@id\":\"https:\/\/apuntesdesanluis.com\/#\/schema\/person\/image\/\",\"url\":\"https:\/\/apuntesdesanluis.com\/wp-content\/uploads\/2023\/07\/cropped-apuntesdesanluis.png\",\"contentUrl\":\"https:\/\/apuntesdesanluis.com\/wp-content\/uploads\/2023\/07\/cropped-apuntesdesanluis.png\",\"width\":450,\"height\":112,\"caption\":\"apuntesdesanluis.com\"},\"logo\":{\"@id\":\"https:\/\/apuntesdesanluis.com\/#\/schema\/person\/image\/\"},\"sameAs\":[\"https:\/\/apuntesdesanluis.com\"],\"url\":\"https:\/\/apuntesdesanluis.com\/index.php\/author\/apuntesdesanluis-com\/\"}]}<\/script>\n<!-- \/ Yoast SEO plugin. -->","yoast_head_json":{"title":"EL GOBIERNO ANUNCI\u00d3 QUE EL VIERNES A LAS 21 HORAS, MILEI INAUGURAR\u00c1 LAS SESIONES DEL CONGRESO - Apuntes de San Luis","robots":{"index":"index","follow":"follow","max-snippet":"max-snippet:-1","max-image-preview":"max-image-preview:large","max-video-preview":"max-video-preview:-1"},"canonical":"https:\/\/apuntesdesanluis.com\/index.php\/2024\/02\/26\/el-gobierno-anuncio-que-el-viernes-a-las-21-horas-milei-inaugurara-las-sesiones-del-congreso\/","og_locale":"es_ES","og_type":"article","og_title":"EL GOBIERNO ANUNCI\u00d3 QUE EL VIERNES A LAS 21 HORAS, MILEI INAUGURAR\u00c1 LAS SESIONES DEL CONGRESO - Apuntes de San Luis","og_description":"El Gobierno inform\u00f3 que el presidente Javier Milei encabezar\u00e1 el acto de apertura de las...","og_url":"https:\/\/apuntesdesanluis.com\/index.php\/2024\/02\/26\/el-gobierno-anuncio-que-el-viernes-a-las-21-horas-milei-inaugurara-las-sesiones-del-congreso\/","og_site_name":"Apuntes de San Luis","article_published_time":"2024-02-27T02:48:52+00:00","og_image":[{"width":600,"height":360,"url":"https:\/\/apuntesdesanluis.com\/wp-content\/uploads\/2024\/02\/milei-4.png","type":"image\/png"}],"author":"apuntesdesanluis.com","twitter_card":"summary_large_image","twitter_misc":{"Escrito por":"apuntesdesanluis.com","Tiempo de lectura":"3 minutos"},"schema":{"@context":"https:\/\/schema.org","@graph":[{"@type":"Article","@id":"https:\/\/apuntesdesanluis.com\/index.php\/2024\/02\/26\/el-gobierno-anuncio-que-el-viernes-a-las-21-horas-milei-inaugurara-las-sesiones-del-congreso\/#article","isPartOf":{"@id":"https:\/\/apuntesdesanluis.com\/index.php\/2024\/02\/26\/el-gobierno-anuncio-que-el-viernes-a-las-21-horas-milei-inaugurara-las-sesiones-del-congreso\/"},"author":{"name":"apuntesdesanluis.com","@id":"https:\/\/apuntesdesanluis.com\/#\/schema\/person\/b55151d52296fcce64d1a72538a70b90"},"headline":"EL GOBIERNO ANUNCI\u00d3 QUE EL VIERNES A LAS 21 HORAS, MILEI INAUGURAR\u00c1 LAS SESIONES DEL CONGRESO","datePublished":"2024-02-27T02:48:52+00:00","mainEntityOfPage":{"@id":"https:\/\/apuntesdesanluis.com\/index.php\/2024\/02\/26\/el-gobierno-anuncio-que-el-viernes-a-las-21-horas-milei-inaugurara-las-sesiones-del-congreso\/"},"wordCount":539,"publisher":{"@id":"https:\/\/apuntesdesanluis.com\/#\/schema\/person\/b55151d52296fcce64d1a72538a70b90"},"image":{"@id":"https:\/\/apuntesdesanluis.com\/index.php\/2024\/02\/26\/el-gobierno-anuncio-que-el-viernes-a-las-21-horas-milei-inaugurara-las-sesiones-del-congreso\/#primaryimage"},"thumbnailUrl":"https:\/\/apuntesdesanluis.com\/wp-content\/uploads\/2024\/02\/milei-4.png","articleSection":["Nacionales\/Internacionales"],"inLanguage":"es-AR"},{"@type":"WebPage","@id":"https:\/\/apuntesdesanluis.com\/index.php\/2024\/02\/26\/el-gobierno-anuncio-que-el-viernes-a-las-21-horas-milei-inaugurara-las-sesiones-del-congreso\/","url":"https:\/\/apuntesdesanluis.com\/index.php\/2024\/02\/26\/el-gobierno-anuncio-que-el-viernes-a-las-21-horas-milei-inaugurara-las-sesiones-del-congreso\/","name":"EL GOBIERNO ANUNCI\u00d3 QUE EL VIERNES A LAS 21 HORAS, MILEI INAUGURAR\u00c1 LAS SESIONES DEL CONGRESO - Apuntes de San Luis","isPartOf":{"@id":"https:\/\/apuntesdesanluis.com\/#website"},"primaryImageOfPage":{"@id":"https:\/\/apuntesdesanluis.com\/index.php\/2024\/02\/26\/el-gobierno-anuncio-que-el-viernes-a-las-21-horas-milei-inaugurara-las-sesiones-del-congreso\/#primaryimage"},"image":{"@id":"https:\/\/apuntesdesanluis.com\/index.php\/2024\/02\/26\/el-gobierno-anuncio-que-el-viernes-a-las-21-horas-milei-inaugurara-las-sesiones-del-congreso\/#primaryimage"},"thumbnailUrl":"https:\/\/apuntesdesanluis.com\/wp-content\/uploads\/2024\/02\/milei-4.png","datePublished":"2024-02-27T02:48:52+00:00","breadcrumb":{"@id":"https:\/\/apuntesdesanluis.com\/index.php\/2024\/02\/26\/el-gobierno-anuncio-que-el-viernes-a-las-21-horas-milei-inaugurara-las-sesiones-del-congreso\/#breadcrumb"},"inLanguage":"es-AR","potentialAction":[{"@type":"ReadAction","target":["https:\/\/apuntesdesanluis.com\/index.php\/2024\/02\/26\/el-gobierno-anuncio-que-el-viernes-a-las-21-horas-milei-inaugurara-las-sesiones-del-congreso\/"]}]},{"@type":"ImageObject","inLanguage":"es-AR","@id":"https:\/\/apuntesdesanluis.com\/index.php\/2024\/02\/26\/el-gobierno-anuncio-que-el-viernes-a-las-21-horas-milei-inaugurara-las-sesiones-del-congreso\/#primaryimage","url":"https:\/\/apuntesdesanluis.com\/wp-content\/uploads\/2024\/02\/milei-4.png","contentUrl":"https:\/\/apuntesdesanluis.com\/wp-content\/uploads\/2024\/02\/milei-4.png","width":600,"height":360},{"@type":"BreadcrumbList","@id":"https:\/\/apuntesdesanluis.com\/index.php\/2024\/02\/26\/el-gobierno-anuncio-que-el-viernes-a-las-21-horas-milei-inaugurara-las-sesiones-del-congreso\/#breadcrumb","itemListElement":[{"@type":"ListItem","position":1,"name":"Inicio","item":"https:\/\/apuntesdesanluis.com\/"},{"@type":"ListItem","position":2,"name":"EL GOBIERNO ANUNCI\u00d3 QUE EL VIERNES A LAS 21 HORAS, MILEI INAUGURAR\u00c1 LAS SESIONES DEL CONGRESO"}]},{"@type":"WebSite","@id":"https:\/\/apuntesdesanluis.com\/#website","url":"https:\/\/apuntesdesanluis.com\/","name":"Apuntes de San Luis","description":"","publisher":{"@id":"https:\/\/apuntesdesanluis.com\/#\/schema\/person\/b55151d52296fcce64d1a72538a70b90"},"potentialAction":[{"@type":"SearchAction","target":{"@type":"EntryPoint","urlTemplate":"https:\/\/apuntesdesanluis.com\/?s={search_term_string}"},"query-input":{"@type":"PropertyValueSpecification","valueRequired":true,"valueName":"search_term_string"}}],"inLanguage":"es-AR"},{"@type":["Person","Organization"],"@id":"https:\/\/apuntesdesanluis.com\/#\/schema\/person\/b55151d52296fcce64d1a72538a70b90","name":"apuntesdesanluis.com","image":{"@type":"ImageObject","inLanguage":"es-AR","@id":"https:\/\/apuntesdesanluis.com\/#\/schema\/person\/image\/","url":"https:\/\/apuntesdesanluis.com\/wp-content\/uploads\/2023\/07\/cropped-apuntesdesanluis.png","contentUrl":"https:\/\/apuntesdesanluis.com\/wp-content\/uploads\/2023\/07\/cropped-apuntesdesanluis.png","width":450,"height":112,"caption":"apuntesdesanluis.com"},"logo":{"@id":"https:\/\/apuntesdesanluis.com\/#\/schema\/person\/image\/"},"sameAs":["https:\/\/apuntesdesanluis.com"],"url":"https:\/\/apuntesdesanluis.com\/index.php\/author\/apuntesdesanluis-com\/"}]}},"featured_image_urls":{"full":["https:\/\/apuntesdesanluis.com\/wp-content\/uploads\/2024\/02\/milei-4.png",600,360,false],"thumbnail":["https:\/\/apuntesdesanluis.com\/wp-content\/uploads\/2024\/02\/milei-4-150x150.png",150,150,true],"medium":["https:\/\/apuntesdesanluis.com\/wp-content\/uploads\/2024\/02\/milei-4-300x180.png",300,180,true],"medium_large":["https:\/\/apuntesdesanluis.com\/wp-content\/uploads\/2024\/02\/milei-4.png",600,360,false],"large":["https:\/\/apuntesdesanluis.com\/wp-content\/uploads\/2024\/02\/milei-4.png",600,360,false],"1536x1536":["https:\/\/apuntesdesanluis.com\/wp-content\/uploads\/2024\/02\/milei-4.png",600,360,false],"2048x2048":["https:\/\/apuntesdesanluis.com\/wp-content\/uploads\/2024\/02\/milei-4.png",600,360,false],"newsever-slider-full":["https:\/\/apuntesdesanluis.com\/wp-content\/uploads\/2024\/02\/milei-4.png",600,360,false],"newsever-featured":["https:\/\/apuntesdesanluis.com\/wp-content\/uploads\/2024\/02\/milei-4.png",600,360,false],"newsever-medium":["https:\/\/apuntesdesanluis.com\/wp-content\/uploads\/2024\/02\/milei-4.png",600,360,false]},"author_info":{"display_name":"apuntesdesanluis.com","author_link":"https:\/\/apuntesdesanluis.com\/index.php\/author\/apuntesdesanluis-com\/"},"category_info":"<a href=\"https:\/\/apuntesdesanluis.com\/index.php\/category\/nacionales-internacionales\/\" rel=\"category tag\">Nacionales\/Internacionales<\/a>","tag_info":"Nacionales\/Internacionales","comment_count":"0","_links":{"self":[{"href":"https:\/\/apuntesdesanluis.com\/index.php\/wp-json\/wp\/v2\/posts\/12314","targetHints":{"allow":["GET"]}}],"collection":[{"href":"https:\/\/apuntesdesanluis.com\/index.php\/wp-json\/wp\/v2\/posts"}],"about":[{"href":"https:\/\/apuntesdesanluis.com\/index.php\/wp-json\/wp\/v2\/types\/post"}],"author":[{"embeddable":true,"href":"https:\/\/apuntesdesanluis.com\/index.php\/wp-json\/wp\/v2\/users\/1"}],"replies":[{"embeddable":true,"href":"https:\/\/apuntesdesanluis.com\/index.php\/wp-json\/wp\/v2\/comments?post=12314"}],"version-history":[{"count":1,"href":"https:\/\/apuntesdesanluis.com\/index.php\/wp-json\/wp\/v2\/posts\/12314\/revisions"}],"predecessor-version":[{"id":12316,"href":"https:\/\/apuntesdesanluis.com\/index.php\/wp-json\/wp\/v2\/posts\/12314\/revisions\/12316"}],"wp:featuredmedia":[{"embeddable":true,"href":"https:\/\/apuntesdesanluis.com\/index.php\/wp-json\/wp\/v2\/media\/12315"}],"wp:attachment":[{"href":"https:\/\/apuntesdesanluis.com\/index.php\/wp-json\/wp\/v2\/media?parent=12314"}],"wp:term":[{"taxonomy":"category","embeddable":true,"href":"https:\/\/apuntesdesanluis.com\/index.php\/wp-json\/wp\/v2\/categories?post=12314"},{"taxonomy":"post_tag","embeddable":true,"href":"https:\/\/apuntesdesanluis.com\/index.php\/wp-json\/wp\/v2\/tags?post=12314"}],"curies":[{"name":"wp","href":"https:\/\/api.w.org\/{rel}","templated":true}]}}