{"id":12317,"date":"2024-02-26T23:53:04","date_gmt":"2024-02-27T02:53:04","guid":{"rendered":"https:\/\/apuntesdesanluis.com\/?p=12317"},"modified":"2024-02-27T08:17:39","modified_gmt":"2024-02-27T11:17:39","slug":"solicitan-el-paradero-de-un-adolescente-que-se-ausento-el-sabado","status":"publish","type":"post","link":"https:\/\/apuntesdesanluis.com\/index.php\/2024\/02\/26\/solicitan-el-paradero-de-un-adolescente-que-se-ausento-el-sabado\/","title":{"rendered":"FUE ENCONTRADO EL ADOLESCENTE QUE SE AUSENT\u00d3 EL S\u00c1BADO"},"content":{"rendered":"<h3>Desde la Comisar\u00eda de Atenci\u00f3n a la Ni\u00f1ez, Adolescencia y Familia (CANAF) de Villa Mercedes se hab\u00eda librado ayer la solicitud de paradero de <strong>Lucas Miranda<\/strong>, de 15 a\u00f1os de edad.<\/h3>\n<h3>El mismo faltaba de su hogar desde el s\u00e1bado 24 de febrero del corriente a\u00f1o, desde las 22:00 hs. aproximadamente.<\/h3>\n<h3>Este martes a primera hora la polic\u00eda inform\u00f3 su hallazgo en buen estado y dej\u00f3 sin efecto la solicitud de paradero.<\/h3>\n<p>&nbsp;<\/p>\n<p>&nbsp;<\/p>\n<p>&nbsp;<\/p>\n","protected":false},"excerpt":{"rendered":"<p>Desde la Comisar\u00eda de Atenci\u00f3n a la Ni\u00f1ez, Adolescencia y Familia (CANAF) de Villa Mercedes&#8230;<\/p>\n","protected":false},"author":1,"featured_media":12318,"comment_status":"closed","ping_status":"closed","sticky":false,"template":"","format":"standard","meta":{"footnotes":""},"categories":[6],"tags":[],"class_list":["post-12317","post","type-post","status-publish","format-standard","has-post-thumbnail","hentry","category-ciudad-provincia"],"yoast_head":"<!-- This site is optimized with the Yoast SEO plugin v26.1.1 - https:\/\/yoast.com\/wordpress\/plugins\/seo\/ -->\n<title>FUE ENCONTRADO EL ADOLESCENTE QUE SE AUSENT\u00d3 EL S\u00c1BADO - Apuntes de San Luis<\/title>\n<meta name=\"robots\" content=\"index, follow, max-snippet:-1, max-image-preview:large, max-video-preview:-1\" \/>\n<link rel=\"canonical\" href=\"https:\/\/apuntesdesanluis.com\/index.php\/2024\/02\/26\/solicitan-el-paradero-de-un-adolescente-que-se-ausento-el-sabado\/\" \/>\n<meta property=\"og:locale\" content=\"es_ES\" \/>\n<meta property=\"og:type\" content=\"article\" \/>\n<meta property=\"og:title\" content=\"FUE ENCONTRADO EL ADOLESCENTE QUE SE AUSENT\u00d3 EL S\u00c1BADO - Apuntes de San Luis\" \/>\n<meta property=\"og:description\" content=\"Desde la Comisar\u00eda de Atenci\u00f3n a la Ni\u00f1ez, Adolescencia y Familia (CANAF) de Villa Mercedes...\" \/>\n<meta property=\"og:url\" content=\"https:\/\/apuntesdesanluis.com\/index.php\/2024\/02\/26\/solicitan-el-paradero-de-un-adolescente-que-se-ausento-el-sabado\/\" \/>\n<meta property=\"og:site_name\" content=\"Apuntes de San Luis\" \/>\n<meta property=\"article:published_time\" content=\"2024-02-27T02:53:04+00:00\" \/>\n<meta property=\"article:modified_time\" content=\"2024-02-27T11:17:39+00:00\" \/>\n<meta property=\"og:image\" content=\"https:\/\/apuntesdesanluis.com\/wp-content\/uploads\/2024\/02\/adolescente-perdido.jpg\" \/>\n\t<meta property=\"og:image:width\" content=\"600\" \/>\n\t<meta property=\"og:image:height\" content=\"358\" \/>\n\t<meta property=\"og:image:type\" content=\"image\/jpeg\" \/>\n<meta name=\"author\" content=\"apuntesdesanluis.com\" \/>\n<meta name=\"twitter:card\" content=\"summary_large_image\" \/>\n<meta name=\"twitter:label1\" content=\"Escrito por\" \/>\n\t<meta name=\"twitter:data1\" content=\"apuntesdesanluis.com\" \/>\n\t<meta name=\"twitter:label2\" content=\"Tiempo de lectura\" \/>\n\t<meta name=\"twitter:data2\" content=\"1 minuto\" \/>\n<script type=\"application\/ld+json\" class=\"yoast-schema-graph\">{\"@context\":\"https:\/\/schema.org\",\"@graph\":[{\"@type\":\"Article\",\"@id\":\"https:\/\/apuntesdesanluis.com\/index.php\/2024\/02\/26\/solicitan-el-paradero-de-un-adolescente-que-se-ausento-el-sabado\/#article\",\"isPartOf\":{\"@id\":\"https:\/\/apuntesdesanluis.com\/index.php\/2024\/02\/26\/solicitan-el-paradero-de-un-adolescente-que-se-ausento-el-sabado\/\"},\"author\":{\"name\":\"apuntesdesanluis.com\",\"@id\":\"https:\/\/apuntesdesanluis.com\/#\/schema\/person\/b55151d52296fcce64d1a72538a70b90\"},\"headline\":\"FUE ENCONTRADO EL ADOLESCENTE QUE SE AUSENT\u00d3 EL S\u00c1BADO\",\"datePublished\":\"2024-02-27T02:53:04+00:00\",\"dateModified\":\"2024-02-27T11:17:39+00:00\",\"mainEntityOfPage\":{\"@id\":\"https:\/\/apuntesdesanluis.com\/index.php\/2024\/02\/26\/solicitan-el-paradero-de-un-adolescente-que-se-ausento-el-sabado\/\"},\"wordCount\":90,\"publisher\":{\"@id\":\"https:\/\/apuntesdesanluis.com\/#\/schema\/person\/b55151d52296fcce64d1a72538a70b90\"},\"image\":{\"@id\":\"https:\/\/apuntesdesanluis.com\/index.php\/2024\/02\/26\/solicitan-el-paradero-de-un-adolescente-que-se-ausento-el-sabado\/#primaryimage\"},\"thumbnailUrl\":\"https:\/\/apuntesdesanluis.com\/wp-content\/uploads\/2024\/02\/adolescente-perdido.jpg\",\"articleSection\":[\"Ciudad\/Provincia\"],\"inLanguage\":\"es-AR\"},{\"@type\":\"WebPage\",\"@id\":\"https:\/\/apuntesdesanluis.com\/index.php\/2024\/02\/26\/solicitan-el-paradero-de-un-adolescente-que-se-ausento-el-sabado\/\",\"url\":\"https:\/\/apuntesdesanluis.com\/index.php\/2024\/02\/26\/solicitan-el-paradero-de-un-adolescente-que-se-ausento-el-sabado\/\",\"name\":\"FUE ENCONTRADO EL ADOLESCENTE QUE SE AUSENT\u00d3 EL S\u00c1BADO - Apuntes de San Luis\",\"isPartOf\":{\"@id\":\"https:\/\/apuntesdesanluis.com\/#website\"},\"primaryImageOfPage\":{\"@id\":\"https:\/\/apuntesdesanluis.com\/index.php\/2024\/02\/26\/solicitan-el-paradero-de-un-adolescente-que-se-ausento-el-sabado\/#primaryimage\"},\"image\":{\"@id\":\"https:\/\/apuntesdesanluis.com\/index.php\/2024\/02\/26\/solicitan-el-paradero-de-un-adolescente-que-se-ausento-el-sabado\/#primaryimage\"},\"thumbnailUrl\":\"https:\/\/apuntesdesanluis.com\/wp-content\/uploads\/2024\/02\/adolescente-perdido.jpg\",\"datePublished\":\"2024-02-27T02:53:04+00:00\",\"dateModified\":\"2024-02-27T11:17:39+00:00\",\"breadcrumb\":{\"@id\":\"https:\/\/apuntesdesanluis.com\/index.php\/2024\/02\/26\/solicitan-el-paradero-de-un-adolescente-que-se-ausento-el-sabado\/#breadcrumb\"},\"inLanguage\":\"es-AR\",\"potentialAction\":[{\"@type\":\"ReadAction\",\"target\":[\"https:\/\/apuntesdesanluis.com\/index.php\/2024\/02\/26\/solicitan-el-paradero-de-un-adolescente-que-se-ausento-el-sabado\/\"]}]},{\"@type\":\"ImageObject\",\"inLanguage\":\"es-AR\",\"@id\":\"https:\/\/apuntesdesanluis.com\/index.php\/2024\/02\/26\/solicitan-el-paradero-de-un-adolescente-que-se-ausento-el-sabado\/#primaryimage\",\"url\":\"https:\/\/apuntesdesanluis.com\/wp-content\/uploads\/2024\/02\/adolescente-perdido.jpg\",\"contentUrl\":\"https:\/\/apuntesdesanluis.com\/wp-content\/uploads\/2024\/02\/adolescente-perdido.jpg\",\"width\":600,\"height\":358},{\"@type\":\"BreadcrumbList\",\"@id\":\"https:\/\/apuntesdesanluis.com\/index.php\/2024\/02\/26\/solicitan-el-paradero-de-un-adolescente-que-se-ausento-el-sabado\/#breadcrumb\",\"itemListElement\":[{\"@type\":\"ListItem\",\"position\":1,\"name\":\"Inicio\",\"item\":\"https:\/\/apuntesdesanluis.com\/\"},{\"@type\":\"ListItem\",\"position\":2,\"name\":\"FUE ENCONTRADO EL ADOLESCENTE QUE SE AUSENT\u00d3 EL S\u00c1BADO\"}]},{\"@type\":\"WebSite\",\"@id\":\"https:\/\/apuntesdesanluis.com\/#website\",\"url\":\"https:\/\/apuntesdesanluis.com\/\",\"name\":\"Apuntes de San Luis\",\"description\":\"\",\"publisher\":{\"@id\":\"https:\/\/apuntesdesanluis.com\/#\/schema\/person\/b55151d52296fcce64d1a72538a70b90\"},\"potentialAction\":[{\"@type\":\"SearchAction\",\"target\":{\"@type\":\"EntryPoint\",\"urlTemplate\":\"https:\/\/apuntesdesanluis.com\/?s={search_term_string}\"},\"query-input\":{\"@type\":\"PropertyValueSpecification\",\"valueRequired\":true,\"valueName\":\"search_term_string\"}}],\"inLanguage\":\"es-AR\"},{\"@type\":[\"Person\",\"Organization\"],\"@id\":\"https:\/\/apuntesdesanluis.com\/#\/schema\/person\/b55151d52296fcce64d1a72538a70b90\",\"name\":\"apuntesdesanluis.com\",\"image\":{\"@type\":\"ImageObject\",\"inLanguage\":\"es-AR\",\"@id\":\"https:\/\/apuntesdesanluis.com\/#\/schema\/person\/image\/\",\"url\":\"https:\/\/apuntesdesanluis.com\/wp-content\/uploads\/2023\/07\/cropped-apuntesdesanluis.png\",\"contentUrl\":\"https:\/\/apuntesdesanluis.com\/wp-content\/uploads\/2023\/07\/cropped-apuntesdesanluis.png\",\"width\":450,\"height\":112,\"caption\":\"apuntesdesanluis.com\"},\"logo\":{\"@id\":\"https:\/\/apuntesdesanluis.com\/#\/schema\/person\/image\/\"},\"sameAs\":[\"https:\/\/apuntesdesanluis.com\"],\"url\":\"https:\/\/apuntesdesanluis.com\/index.php\/author\/apuntesdesanluis-com\/\"}]}<\/script>\n<!-- \/ Yoast SEO plugin. -->","yoast_head_json":{"title":"FUE ENCONTRADO EL ADOLESCENTE QUE SE AUSENT\u00d3 EL S\u00c1BADO - Apuntes de San Luis","robots":{"index":"index","follow":"follow","max-snippet":"max-snippet:-1","max-image-preview":"max-image-preview:large","max-video-preview":"max-video-preview:-1"},"canonical":"https:\/\/apuntesdesanluis.com\/index.php\/2024\/02\/26\/solicitan-el-paradero-de-un-adolescente-que-se-ausento-el-sabado\/","og_locale":"es_ES","og_type":"article","og_title":"FUE ENCONTRADO EL ADOLESCENTE QUE SE AUSENT\u00d3 EL S\u00c1BADO - Apuntes de San Luis","og_description":"Desde la Comisar\u00eda de Atenci\u00f3n a la Ni\u00f1ez, Adolescencia y Familia (CANAF) de Villa Mercedes...","og_url":"https:\/\/apuntesdesanluis.com\/index.php\/2024\/02\/26\/solicitan-el-paradero-de-un-adolescente-que-se-ausento-el-sabado\/","og_site_name":"Apuntes de San Luis","article_published_time":"2024-02-27T02:53:04+00:00","article_modified_time":"2024-02-27T11:17:39+00:00","og_image":[{"width":600,"height":358,"url":"https:\/\/apuntesdesanluis.com\/wp-content\/uploads\/2024\/02\/adolescente-perdido.jpg","type":"image\/jpeg"}],"author":"apuntesdesanluis.com","twitter_card":"summary_large_image","twitter_misc":{"Escrito por":"apuntesdesanluis.com","Tiempo de lectura":"1 minuto"},"schema":{"@context":"https:\/\/schema.org","@graph":[{"@type":"Article","@id":"https:\/\/apuntesdesanluis.com\/index.php\/2024\/02\/26\/solicitan-el-paradero-de-un-adolescente-que-se-ausento-el-sabado\/#article","isPartOf":{"@id":"https:\/\/apuntesdesanluis.com\/index.php\/2024\/02\/26\/solicitan-el-paradero-de-un-adolescente-que-se-ausento-el-sabado\/"},"author":{"name":"apuntesdesanluis.com","@id":"https:\/\/apuntesdesanluis.com\/#\/schema\/person\/b55151d52296fcce64d1a72538a70b90"},"headline":"FUE ENCONTRADO EL ADOLESCENTE QUE SE AUSENT\u00d3 EL S\u00c1BADO","datePublished":"2024-02-27T02:53:04+00:00","dateModified":"2024-02-27T11:17:39+00:00","mainEntityOfPage":{"@id":"https:\/\/apuntesdesanluis.com\/index.php\/2024\/02\/26\/solicitan-el-paradero-de-un-adolescente-que-se-ausento-el-sabado\/"},"wordCount":90,"publisher":{"@id":"https:\/\/apuntesdesanluis.com\/#\/schema\/person\/b55151d52296fcce64d1a72538a70b90"},"image":{"@id":"https:\/\/apuntesdesanluis.com\/index.php\/2024\/02\/26\/solicitan-el-paradero-de-un-adolescente-que-se-ausento-el-sabado\/#primaryimage"},"thumbnailUrl":"https:\/\/apuntesdesanluis.com\/wp-content\/uploads\/2024\/02\/adolescente-perdido.jpg","articleSection":["Ciudad\/Provincia"],"inLanguage":"es-AR"},{"@type":"WebPage","@id":"https:\/\/apuntesdesanluis.com\/index.php\/2024\/02\/26\/solicitan-el-paradero-de-un-adolescente-que-se-ausento-el-sabado\/","url":"https:\/\/apuntesdesanluis.com\/index.php\/2024\/02\/26\/solicitan-el-paradero-de-un-adolescente-que-se-ausento-el-sabado\/","name":"FUE ENCONTRADO EL ADOLESCENTE QUE SE AUSENT\u00d3 EL S\u00c1BADO - Apuntes de San Luis","isPartOf":{"@id":"https:\/\/apuntesdesanluis.com\/#website"},"primaryImageOfPage":{"@id":"https:\/\/apuntesdesanluis.com\/index.php\/2024\/02\/26\/solicitan-el-paradero-de-un-adolescente-que-se-ausento-el-sabado\/#primaryimage"},"image":{"@id":"https:\/\/apuntesdesanluis.com\/index.php\/2024\/02\/26\/solicitan-el-paradero-de-un-adolescente-que-se-ausento-el-sabado\/#primaryimage"},"thumbnailUrl":"https:\/\/apuntesdesanluis.com\/wp-content\/uploads\/2024\/02\/adolescente-perdido.jpg","datePublished":"2024-02-27T02:53:04+00:00","dateModified":"2024-02-27T11:17:39+00:00","breadcrumb":{"@id":"https:\/\/apuntesdesanluis.com\/index.php\/2024\/02\/26\/solicitan-el-paradero-de-un-adolescente-que-se-ausento-el-sabado\/#breadcrumb"},"inLanguage":"es-AR","potentialAction":[{"@type":"ReadAction","target":["https:\/\/apuntesdesanluis.com\/index.php\/2024\/02\/26\/solicitan-el-paradero-de-un-adolescente-que-se-ausento-el-sabado\/"]}]},{"@type":"ImageObject","inLanguage":"es-AR","@id":"https:\/\/apuntesdesanluis.com\/index.php\/2024\/02\/26\/solicitan-el-paradero-de-un-adolescente-que-se-ausento-el-sabado\/#primaryimage","url":"https:\/\/apuntesdesanluis.com\/wp-content\/uploads\/2024\/02\/adolescente-perdido.jpg","contentUrl":"https:\/\/apuntesdesanluis.com\/wp-content\/uploads\/2024\/02\/adolescente-perdido.jpg","width":600,"height":358},{"@type":"BreadcrumbList","@id":"https:\/\/apuntesdesanluis.com\/index.php\/2024\/02\/26\/solicitan-el-paradero-de-un-adolescente-que-se-ausento-el-sabado\/#breadcrumb","itemListElement":[{"@type":"ListItem","position":1,"name":"Inicio","item":"https:\/\/apuntesdesanluis.com\/"},{"@type":"ListItem","position":2,"name":"FUE ENCONTRADO EL ADOLESCENTE QUE SE AUSENT\u00d3 EL S\u00c1BADO"}]},{"@type":"WebSite","@id":"https:\/\/apuntesdesanluis.com\/#website","url":"https:\/\/apuntesdesanluis.com\/","name":"Apuntes de San Luis","description":"","publisher":{"@id":"https:\/\/apuntesdesanluis.com\/#\/schema\/person\/b55151d52296fcce64d1a72538a70b90"},"potentialAction":[{"@type":"SearchAction","target":{"@type":"EntryPoint","urlTemplate":"https:\/\/apuntesdesanluis.com\/?s={search_term_string}"},"query-input":{"@type":"PropertyValueSpecification","valueRequired":true,"valueName":"search_term_string"}}],"inLanguage":"es-AR"},{"@type":["Person","Organization"],"@id":"https:\/\/apuntesdesanluis.com\/#\/schema\/person\/b55151d52296fcce64d1a72538a70b90","name":"apuntesdesanluis.com","image":{"@type":"ImageObject","inLanguage":"es-AR","@id":"https:\/\/apuntesdesanluis.com\/#\/schema\/person\/image\/","url":"https:\/\/apuntesdesanluis.com\/wp-content\/uploads\/2023\/07\/cropped-apuntesdesanluis.png","contentUrl":"https:\/\/apuntesdesanluis.com\/wp-content\/uploads\/2023\/07\/cropped-apuntesdesanluis.png","width":450,"height":112,"caption":"apuntesdesanluis.com"},"logo":{"@id":"https:\/\/apuntesdesanluis.com\/#\/schema\/person\/image\/"},"sameAs":["https:\/\/apuntesdesanluis.com"],"url":"https:\/\/apuntesdesanluis.com\/index.php\/author\/apuntesdesanluis-com\/"}]}},"featured_image_urls":{"full":["https:\/\/apuntesdesanluis.com\/wp-content\/uploads\/2024\/02\/adolescente-perdido.jpg",600,358,false],"thumbnail":["https:\/\/apuntesdesanluis.com\/wp-content\/uploads\/2024\/02\/adolescente-perdido-150x150.jpg",150,150,true],"medium":["https:\/\/apuntesdesanluis.com\/wp-content\/uploads\/2024\/02\/adolescente-perdido-300x179.jpg",300,179,true],"medium_large":["https:\/\/apuntesdesanluis.com\/wp-content\/uploads\/2024\/02\/adolescente-perdido.jpg",600,358,false],"large":["https:\/\/apuntesdesanluis.com\/wp-content\/uploads\/2024\/02\/adolescente-perdido.jpg",600,358,false],"1536x1536":["https:\/\/apuntesdesanluis.com\/wp-content\/uploads\/2024\/02\/adolescente-perdido.jpg",600,358,false],"2048x2048":["https:\/\/apuntesdesanluis.com\/wp-content\/uploads\/2024\/02\/adolescente-perdido.jpg",600,358,false],"newsever-slider-full":["https:\/\/apuntesdesanluis.com\/wp-content\/uploads\/2024\/02\/adolescente-perdido.jpg",600,358,false],"newsever-featured":["https:\/\/apuntesdesanluis.com\/wp-content\/uploads\/2024\/02\/adolescente-perdido.jpg",600,358,false],"newsever-medium":["https:\/\/apuntesdesanluis.com\/wp-content\/uploads\/2024\/02\/adolescente-perdido.jpg",600,358,false]},"author_info":{"display_name":"apuntesdesanluis.com","author_link":"https:\/\/apuntesdesanluis.com\/index.php\/author\/apuntesdesanluis-com\/"},"category_info":"<a href=\"https:\/\/apuntesdesanluis.com\/index.php\/category\/ciudad-provincia\/\" rel=\"category tag\">Ciudad\/Provincia<\/a>","tag_info":"Ciudad\/Provincia","comment_count":"0","_links":{"self":[{"href":"https:\/\/apuntesdesanluis.com\/index.php\/wp-json\/wp\/v2\/posts\/12317","targetHints":{"allow":["GET"]}}],"collection":[{"href":"https:\/\/apuntesdesanluis.com\/index.php\/wp-json\/wp\/v2\/posts"}],"about":[{"href":"https:\/\/apuntesdesanluis.com\/index.php\/wp-json\/wp\/v2\/types\/post"}],"author":[{"embeddable":true,"href":"https:\/\/apuntesdesanluis.com\/index.php\/wp-json\/wp\/v2\/users\/1"}],"replies":[{"embeddable":true,"href":"https:\/\/apuntesdesanluis.com\/index.php\/wp-json\/wp\/v2\/comments?post=12317"}],"version-history":[{"count":4,"href":"https:\/\/apuntesdesanluis.com\/index.php\/wp-json\/wp\/v2\/posts\/12317\/revisions"}],"predecessor-version":[{"id":12322,"href":"https:\/\/apuntesdesanluis.com\/index.php\/wp-json\/wp\/v2\/posts\/12317\/revisions\/12322"}],"wp:featuredmedia":[{"embeddable":true,"href":"https:\/\/apuntesdesanluis.com\/index.php\/wp-json\/wp\/v2\/media\/12318"}],"wp:attachment":[{"href":"https:\/\/apuntesdesanluis.com\/index.php\/wp-json\/wp\/v2\/media?parent=12317"}],"wp:term":[{"taxonomy":"category","embeddable":true,"href":"https:\/\/apuntesdesanluis.com\/index.php\/wp-json\/wp\/v2\/categories?post=12317"},{"taxonomy":"post_tag","embeddable":true,"href":"https:\/\/apuntesdesanluis.com\/index.php\/wp-json\/wp\/v2\/tags?post=12317"}],"curies":[{"name":"wp","href":"https:\/\/api.w.org\/{rel}","templated":true}]}}