{"id":12323,"date":"2024-02-27T08:37:05","date_gmt":"2024-02-27T11:37:05","guid":{"rendered":"https:\/\/apuntesdesanluis.com\/?p=12323"},"modified":"2024-02-27T08:43:40","modified_gmt":"2024-02-27T11:43:40","slug":"tres-detenidos-por-el-crimen-del-motociclista-en-las-1000-viviendas","status":"publish","type":"post","link":"https:\/\/apuntesdesanluis.com\/index.php\/2024\/02\/27\/tres-detenidos-por-el-crimen-del-motociclista-en-las-1000-viviendas\/","title":{"rendered":"TRES DETENIDOS POR EL CRIMEN DEL MOTOCICLISTA EN LAS 1000 VIVIENDAS"},"content":{"rendered":"<h3>Tras una ardua tarea investigativa, por estas \u00faltimas horas, la Polic\u00eda allan\u00f3 domicilios en barrios de Villa Mercedes y procedi\u00f3 a la detenci\u00f3n de tres personas masculinas.<\/h3>\n<p><img fetchpriority=\"high\" decoding=\"async\" class=\"wp-image-12328 aligncenter\" src=\"https:\/\/apuntesdesanluis.com\/wp-content\/uploads\/2024\/02\/bf1a4a0f-84ee-4c45-b27b-776d00fd5d21-300x231.jpg\" alt=\"\" width=\"492\" height=\"379\" srcset=\"https:\/\/apuntesdesanluis.com\/wp-content\/uploads\/2024\/02\/bf1a4a0f-84ee-4c45-b27b-776d00fd5d21-300x231.jpg 300w, https:\/\/apuntesdesanluis.com\/wp-content\/uploads\/2024\/02\/bf1a4a0f-84ee-4c45-b27b-776d00fd5d21.jpg 600w\" sizes=\"(max-width: 492px) 100vw, 492px\" \/><\/p>\n<h3>El adelanto de la informaci\u00f3n oficial indica que en los allanamientos se recuperaron elementos relacionados a la causa, caratulada \u201cAveriguaci\u00f3n Homicidio calificado en ocasi\u00f3n de robo\u201d.<\/h3>\n<h3>El hecho tuvo lugar el domingo en horas de la madrugada, cuando <strong>Jes\u00fas Mu\u00f1oz<\/strong>, de 27 a\u00f1os, se encontraba junto a una amiga en una plazoleta ubicada en calles Jujuy y Pedro B. D\u00edaz, en el barrio de las 1.000 Viviendas de esta ciudad. En esas circunstancias fue sorprendido por tres j\u00f3venes, con quienes se habr\u00eda trenzado en lucha para evitar que le robaran.<\/h3>\n<h3>Como consecuencia de ello recibi\u00f3 varias cuchilladas que le provocaron la muerte, cuando estaba siendo atendido en el hospital regional Juan Domingo Per\u00f3n.<\/h3>\n<p><img decoding=\"async\" class=\"wp-image-12329 aligncenter\" src=\"https:\/\/apuntesdesanluis.com\/wp-content\/uploads\/2024\/02\/Moto-300x184.jpg\" alt=\"\" width=\"474\" height=\"291\" srcset=\"https:\/\/apuntesdesanluis.com\/wp-content\/uploads\/2024\/02\/Moto-300x184.jpg 300w, https:\/\/apuntesdesanluis.com\/wp-content\/uploads\/2024\/02\/Moto.jpg 600w\" sizes=\"(max-width: 474px) 100vw, 474px\" \/><\/p>\n<h3>Entre lo secuestrado hay una moto, un casco y un tel\u00e9fono celular de la v\u00edctima y la moto utilizada para efectuar el robo.<\/h3>\n<h3>Interviene el fiscal Dr. Olgu\u00edn de Villa Mercedes.<\/h3>\n<h3>El deceso de Mu\u00f1oz provoc\u00f3 hondo pesar tambi\u00e9n en la comunidad educativa del IFDC, donde estudiaba el Profesorado en Educaci\u00f3n Tecnol\u00f3gica.<\/h3>\n<p>&nbsp;<\/p>\n<p>&nbsp;<\/p>\n<p>&nbsp;<\/p>\n<p>&nbsp;<\/p>\n<p>&nbsp;<\/p>\n","protected":false},"excerpt":{"rendered":"<p>Tras una ardua tarea investigativa, por estas \u00faltimas horas, la Polic\u00eda allan\u00f3 domicilios en barrios&#8230;<\/p>\n","protected":false},"author":1,"featured_media":12324,"comment_status":"closed","ping_status":"closed","sticky":false,"template":"","format":"standard","meta":{"footnotes":""},"categories":[6],"tags":[],"class_list":["post-12323","post","type-post","status-publish","format-standard","has-post-thumbnail","hentry","category-ciudad-provincia"],"yoast_head":"<!-- This site is optimized with the Yoast SEO plugin v26.1.1 - https:\/\/yoast.com\/wordpress\/plugins\/seo\/ -->\n<title>TRES DETENIDOS POR EL CRIMEN DEL MOTOCICLISTA EN LAS 1000 VIVIENDAS - Apuntes de San Luis<\/title>\n<meta name=\"robots\" content=\"index, follow, max-snippet:-1, max-image-preview:large, max-video-preview:-1\" \/>\n<link rel=\"canonical\" href=\"https:\/\/apuntesdesanluis.com\/index.php\/2024\/02\/27\/tres-detenidos-por-el-crimen-del-motociclista-en-las-1000-viviendas\/\" \/>\n<meta property=\"og:locale\" content=\"es_ES\" \/>\n<meta property=\"og:type\" content=\"article\" \/>\n<meta property=\"og:title\" content=\"TRES DETENIDOS POR EL CRIMEN DEL MOTOCICLISTA EN LAS 1000 VIVIENDAS - Apuntes de San Luis\" \/>\n<meta property=\"og:description\" content=\"Tras una ardua tarea investigativa, por estas \u00faltimas horas, la Polic\u00eda allan\u00f3 domicilios en barrios...\" \/>\n<meta property=\"og:url\" content=\"https:\/\/apuntesdesanluis.com\/index.php\/2024\/02\/27\/tres-detenidos-por-el-crimen-del-motociclista-en-las-1000-viviendas\/\" \/>\n<meta property=\"og:site_name\" content=\"Apuntes de San Luis\" \/>\n<meta property=\"article:published_time\" content=\"2024-02-27T11:37:05+00:00\" \/>\n<meta property=\"article:modified_time\" content=\"2024-02-27T11:43:40+00:00\" \/>\n<meta property=\"og:image\" content=\"https:\/\/apuntesdesanluis.com\/wp-content\/uploads\/2024\/02\/Jesus-Munoz.png\" \/>\n\t<meta property=\"og:image:width\" content=\"592\" \/>\n\t<meta property=\"og:image:height\" content=\"315\" \/>\n\t<meta property=\"og:image:type\" content=\"image\/png\" \/>\n<meta name=\"author\" content=\"apuntesdesanluis.com\" \/>\n<meta name=\"twitter:card\" content=\"summary_large_image\" \/>\n<meta name=\"twitter:label1\" content=\"Escrito por\" \/>\n\t<meta name=\"twitter:data1\" content=\"apuntesdesanluis.com\" \/>\n\t<meta name=\"twitter:label2\" content=\"Tiempo de lectura\" \/>\n\t<meta name=\"twitter:data2\" content=\"2 minutos\" \/>\n<script type=\"application\/ld+json\" class=\"yoast-schema-graph\">{\"@context\":\"https:\/\/schema.org\",\"@graph\":[{\"@type\":\"Article\",\"@id\":\"https:\/\/apuntesdesanluis.com\/index.php\/2024\/02\/27\/tres-detenidos-por-el-crimen-del-motociclista-en-las-1000-viviendas\/#article\",\"isPartOf\":{\"@id\":\"https:\/\/apuntesdesanluis.com\/index.php\/2024\/02\/27\/tres-detenidos-por-el-crimen-del-motociclista-en-las-1000-viviendas\/\"},\"author\":{\"name\":\"apuntesdesanluis.com\",\"@id\":\"https:\/\/apuntesdesanluis.com\/#\/schema\/person\/b55151d52296fcce64d1a72538a70b90\"},\"headline\":\"TRES DETENIDOS POR EL CRIMEN DEL MOTOCICLISTA EN LAS 1000 VIVIENDAS\",\"datePublished\":\"2024-02-27T11:37:05+00:00\",\"dateModified\":\"2024-02-27T11:43:40+00:00\",\"mainEntityOfPage\":{\"@id\":\"https:\/\/apuntesdesanluis.com\/index.php\/2024\/02\/27\/tres-detenidos-por-el-crimen-del-motociclista-en-las-1000-viviendas\/\"},\"wordCount\":224,\"publisher\":{\"@id\":\"https:\/\/apuntesdesanluis.com\/#\/schema\/person\/b55151d52296fcce64d1a72538a70b90\"},\"image\":{\"@id\":\"https:\/\/apuntesdesanluis.com\/index.php\/2024\/02\/27\/tres-detenidos-por-el-crimen-del-motociclista-en-las-1000-viviendas\/#primaryimage\"},\"thumbnailUrl\":\"https:\/\/apuntesdesanluis.com\/wp-content\/uploads\/2024\/02\/Jesus-Munoz.png\",\"articleSection\":[\"Ciudad\/Provincia\"],\"inLanguage\":\"es-AR\"},{\"@type\":\"WebPage\",\"@id\":\"https:\/\/apuntesdesanluis.com\/index.php\/2024\/02\/27\/tres-detenidos-por-el-crimen-del-motociclista-en-las-1000-viviendas\/\",\"url\":\"https:\/\/apuntesdesanluis.com\/index.php\/2024\/02\/27\/tres-detenidos-por-el-crimen-del-motociclista-en-las-1000-viviendas\/\",\"name\":\"TRES DETENIDOS POR EL CRIMEN DEL MOTOCICLISTA EN LAS 1000 VIVIENDAS - Apuntes de San Luis\",\"isPartOf\":{\"@id\":\"https:\/\/apuntesdesanluis.com\/#website\"},\"primaryImageOfPage\":{\"@id\":\"https:\/\/apuntesdesanluis.com\/index.php\/2024\/02\/27\/tres-detenidos-por-el-crimen-del-motociclista-en-las-1000-viviendas\/#primaryimage\"},\"image\":{\"@id\":\"https:\/\/apuntesdesanluis.com\/index.php\/2024\/02\/27\/tres-detenidos-por-el-crimen-del-motociclista-en-las-1000-viviendas\/#primaryimage\"},\"thumbnailUrl\":\"https:\/\/apuntesdesanluis.com\/wp-content\/uploads\/2024\/02\/Jesus-Munoz.png\",\"datePublished\":\"2024-02-27T11:37:05+00:00\",\"dateModified\":\"2024-02-27T11:43:40+00:00\",\"breadcrumb\":{\"@id\":\"https:\/\/apuntesdesanluis.com\/index.php\/2024\/02\/27\/tres-detenidos-por-el-crimen-del-motociclista-en-las-1000-viviendas\/#breadcrumb\"},\"inLanguage\":\"es-AR\",\"potentialAction\":[{\"@type\":\"ReadAction\",\"target\":[\"https:\/\/apuntesdesanluis.com\/index.php\/2024\/02\/27\/tres-detenidos-por-el-crimen-del-motociclista-en-las-1000-viviendas\/\"]}]},{\"@type\":\"ImageObject\",\"inLanguage\":\"es-AR\",\"@id\":\"https:\/\/apuntesdesanluis.com\/index.php\/2024\/02\/27\/tres-detenidos-por-el-crimen-del-motociclista-en-las-1000-viviendas\/#primaryimage\",\"url\":\"https:\/\/apuntesdesanluis.com\/wp-content\/uploads\/2024\/02\/Jesus-Munoz.png\",\"contentUrl\":\"https:\/\/apuntesdesanluis.com\/wp-content\/uploads\/2024\/02\/Jesus-Munoz.png\",\"width\":592,\"height\":315},{\"@type\":\"BreadcrumbList\",\"@id\":\"https:\/\/apuntesdesanluis.com\/index.php\/2024\/02\/27\/tres-detenidos-por-el-crimen-del-motociclista-en-las-1000-viviendas\/#breadcrumb\",\"itemListElement\":[{\"@type\":\"ListItem\",\"position\":1,\"name\":\"Inicio\",\"item\":\"https:\/\/apuntesdesanluis.com\/\"},{\"@type\":\"ListItem\",\"position\":2,\"name\":\"TRES DETENIDOS POR EL CRIMEN DEL MOTOCICLISTA EN LAS 1000 VIVIENDAS\"}]},{\"@type\":\"WebSite\",\"@id\":\"https:\/\/apuntesdesanluis.com\/#website\",\"url\":\"https:\/\/apuntesdesanluis.com\/\",\"name\":\"Apuntes de San Luis\",\"description\":\"\",\"publisher\":{\"@id\":\"https:\/\/apuntesdesanluis.com\/#\/schema\/person\/b55151d52296fcce64d1a72538a70b90\"},\"potentialAction\":[{\"@type\":\"SearchAction\",\"target\":{\"@type\":\"EntryPoint\",\"urlTemplate\":\"https:\/\/apuntesdesanluis.com\/?s={search_term_string}\"},\"query-input\":{\"@type\":\"PropertyValueSpecification\",\"valueRequired\":true,\"valueName\":\"search_term_string\"}}],\"inLanguage\":\"es-AR\"},{\"@type\":[\"Person\",\"Organization\"],\"@id\":\"https:\/\/apuntesdesanluis.com\/#\/schema\/person\/b55151d52296fcce64d1a72538a70b90\",\"name\":\"apuntesdesanluis.com\",\"image\":{\"@type\":\"ImageObject\",\"inLanguage\":\"es-AR\",\"@id\":\"https:\/\/apuntesdesanluis.com\/#\/schema\/person\/image\/\",\"url\":\"https:\/\/apuntesdesanluis.com\/wp-content\/uploads\/2023\/07\/cropped-apuntesdesanluis.png\",\"contentUrl\":\"https:\/\/apuntesdesanluis.com\/wp-content\/uploads\/2023\/07\/cropped-apuntesdesanluis.png\",\"width\":450,\"height\":112,\"caption\":\"apuntesdesanluis.com\"},\"logo\":{\"@id\":\"https:\/\/apuntesdesanluis.com\/#\/schema\/person\/image\/\"},\"sameAs\":[\"https:\/\/apuntesdesanluis.com\"],\"url\":\"https:\/\/apuntesdesanluis.com\/index.php\/author\/apuntesdesanluis-com\/\"}]}<\/script>\n<!-- \/ Yoast SEO plugin. -->","yoast_head_json":{"title":"TRES DETENIDOS POR EL CRIMEN DEL MOTOCICLISTA EN LAS 1000 VIVIENDAS - Apuntes de San Luis","robots":{"index":"index","follow":"follow","max-snippet":"max-snippet:-1","max-image-preview":"max-image-preview:large","max-video-preview":"max-video-preview:-1"},"canonical":"https:\/\/apuntesdesanluis.com\/index.php\/2024\/02\/27\/tres-detenidos-por-el-crimen-del-motociclista-en-las-1000-viviendas\/","og_locale":"es_ES","og_type":"article","og_title":"TRES DETENIDOS POR EL CRIMEN DEL MOTOCICLISTA EN LAS 1000 VIVIENDAS - Apuntes de San Luis","og_description":"Tras una ardua tarea investigativa, por estas \u00faltimas horas, la Polic\u00eda allan\u00f3 domicilios en barrios...","og_url":"https:\/\/apuntesdesanluis.com\/index.php\/2024\/02\/27\/tres-detenidos-por-el-crimen-del-motociclista-en-las-1000-viviendas\/","og_site_name":"Apuntes de San Luis","article_published_time":"2024-02-27T11:37:05+00:00","article_modified_time":"2024-02-27T11:43:40+00:00","og_image":[{"width":592,"height":315,"url":"https:\/\/apuntesdesanluis.com\/wp-content\/uploads\/2024\/02\/Jesus-Munoz.png","type":"image\/png"}],"author":"apuntesdesanluis.com","twitter_card":"summary_large_image","twitter_misc":{"Escrito por":"apuntesdesanluis.com","Tiempo de lectura":"2 minutos"},"schema":{"@context":"https:\/\/schema.org","@graph":[{"@type":"Article","@id":"https:\/\/apuntesdesanluis.com\/index.php\/2024\/02\/27\/tres-detenidos-por-el-crimen-del-motociclista-en-las-1000-viviendas\/#article","isPartOf":{"@id":"https:\/\/apuntesdesanluis.com\/index.php\/2024\/02\/27\/tres-detenidos-por-el-crimen-del-motociclista-en-las-1000-viviendas\/"},"author":{"name":"apuntesdesanluis.com","@id":"https:\/\/apuntesdesanluis.com\/#\/schema\/person\/b55151d52296fcce64d1a72538a70b90"},"headline":"TRES DETENIDOS POR EL CRIMEN DEL MOTOCICLISTA EN LAS 1000 VIVIENDAS","datePublished":"2024-02-27T11:37:05+00:00","dateModified":"2024-02-27T11:43:40+00:00","mainEntityOfPage":{"@id":"https:\/\/apuntesdesanluis.com\/index.php\/2024\/02\/27\/tres-detenidos-por-el-crimen-del-motociclista-en-las-1000-viviendas\/"},"wordCount":224,"publisher":{"@id":"https:\/\/apuntesdesanluis.com\/#\/schema\/person\/b55151d52296fcce64d1a72538a70b90"},"image":{"@id":"https:\/\/apuntesdesanluis.com\/index.php\/2024\/02\/27\/tres-detenidos-por-el-crimen-del-motociclista-en-las-1000-viviendas\/#primaryimage"},"thumbnailUrl":"https:\/\/apuntesdesanluis.com\/wp-content\/uploads\/2024\/02\/Jesus-Munoz.png","articleSection":["Ciudad\/Provincia"],"inLanguage":"es-AR"},{"@type":"WebPage","@id":"https:\/\/apuntesdesanluis.com\/index.php\/2024\/02\/27\/tres-detenidos-por-el-crimen-del-motociclista-en-las-1000-viviendas\/","url":"https:\/\/apuntesdesanluis.com\/index.php\/2024\/02\/27\/tres-detenidos-por-el-crimen-del-motociclista-en-las-1000-viviendas\/","name":"TRES DETENIDOS POR EL CRIMEN DEL MOTOCICLISTA EN LAS 1000 VIVIENDAS - Apuntes de San Luis","isPartOf":{"@id":"https:\/\/apuntesdesanluis.com\/#website"},"primaryImageOfPage":{"@id":"https:\/\/apuntesdesanluis.com\/index.php\/2024\/02\/27\/tres-detenidos-por-el-crimen-del-motociclista-en-las-1000-viviendas\/#primaryimage"},"image":{"@id":"https:\/\/apuntesdesanluis.com\/index.php\/2024\/02\/27\/tres-detenidos-por-el-crimen-del-motociclista-en-las-1000-viviendas\/#primaryimage"},"thumbnailUrl":"https:\/\/apuntesdesanluis.com\/wp-content\/uploads\/2024\/02\/Jesus-Munoz.png","datePublished":"2024-02-27T11:37:05+00:00","dateModified":"2024-02-27T11:43:40+00:00","breadcrumb":{"@id":"https:\/\/apuntesdesanluis.com\/index.php\/2024\/02\/27\/tres-detenidos-por-el-crimen-del-motociclista-en-las-1000-viviendas\/#breadcrumb"},"inLanguage":"es-AR","potentialAction":[{"@type":"ReadAction","target":["https:\/\/apuntesdesanluis.com\/index.php\/2024\/02\/27\/tres-detenidos-por-el-crimen-del-motociclista-en-las-1000-viviendas\/"]}]},{"@type":"ImageObject","inLanguage":"es-AR","@id":"https:\/\/apuntesdesanluis.com\/index.php\/2024\/02\/27\/tres-detenidos-por-el-crimen-del-motociclista-en-las-1000-viviendas\/#primaryimage","url":"https:\/\/apuntesdesanluis.com\/wp-content\/uploads\/2024\/02\/Jesus-Munoz.png","contentUrl":"https:\/\/apuntesdesanluis.com\/wp-content\/uploads\/2024\/02\/Jesus-Munoz.png","width":592,"height":315},{"@type":"BreadcrumbList","@id":"https:\/\/apuntesdesanluis.com\/index.php\/2024\/02\/27\/tres-detenidos-por-el-crimen-del-motociclista-en-las-1000-viviendas\/#breadcrumb","itemListElement":[{"@type":"ListItem","position":1,"name":"Inicio","item":"https:\/\/apuntesdesanluis.com\/"},{"@type":"ListItem","position":2,"name":"TRES DETENIDOS POR EL CRIMEN DEL MOTOCICLISTA EN LAS 1000 VIVIENDAS"}]},{"@type":"WebSite","@id":"https:\/\/apuntesdesanluis.com\/#website","url":"https:\/\/apuntesdesanluis.com\/","name":"Apuntes de San Luis","description":"","publisher":{"@id":"https:\/\/apuntesdesanluis.com\/#\/schema\/person\/b55151d52296fcce64d1a72538a70b90"},"potentialAction":[{"@type":"SearchAction","target":{"@type":"EntryPoint","urlTemplate":"https:\/\/apuntesdesanluis.com\/?s={search_term_string}"},"query-input":{"@type":"PropertyValueSpecification","valueRequired":true,"valueName":"search_term_string"}}],"inLanguage":"es-AR"},{"@type":["Person","Organization"],"@id":"https:\/\/apuntesdesanluis.com\/#\/schema\/person\/b55151d52296fcce64d1a72538a70b90","name":"apuntesdesanluis.com","image":{"@type":"ImageObject","inLanguage":"es-AR","@id":"https:\/\/apuntesdesanluis.com\/#\/schema\/person\/image\/","url":"https:\/\/apuntesdesanluis.com\/wp-content\/uploads\/2023\/07\/cropped-apuntesdesanluis.png","contentUrl":"https:\/\/apuntesdesanluis.com\/wp-content\/uploads\/2023\/07\/cropped-apuntesdesanluis.png","width":450,"height":112,"caption":"apuntesdesanluis.com"},"logo":{"@id":"https:\/\/apuntesdesanluis.com\/#\/schema\/person\/image\/"},"sameAs":["https:\/\/apuntesdesanluis.com"],"url":"https:\/\/apuntesdesanluis.com\/index.php\/author\/apuntesdesanluis-com\/"}]}},"featured_image_urls":{"full":["https:\/\/apuntesdesanluis.com\/wp-content\/uploads\/2024\/02\/Jesus-Munoz.png",592,315,false],"thumbnail":["https:\/\/apuntesdesanluis.com\/wp-content\/uploads\/2024\/02\/Jesus-Munoz-150x150.png",150,150,true],"medium":["https:\/\/apuntesdesanluis.com\/wp-content\/uploads\/2024\/02\/Jesus-Munoz-300x160.png",300,160,true],"medium_large":["https:\/\/apuntesdesanluis.com\/wp-content\/uploads\/2024\/02\/Jesus-Munoz.png",592,315,false],"large":["https:\/\/apuntesdesanluis.com\/wp-content\/uploads\/2024\/02\/Jesus-Munoz.png",592,315,false],"1536x1536":["https:\/\/apuntesdesanluis.com\/wp-content\/uploads\/2024\/02\/Jesus-Munoz.png",592,315,false],"2048x2048":["https:\/\/apuntesdesanluis.com\/wp-content\/uploads\/2024\/02\/Jesus-Munoz.png",592,315,false],"newsever-slider-full":["https:\/\/apuntesdesanluis.com\/wp-content\/uploads\/2024\/02\/Jesus-Munoz.png",592,315,false],"newsever-featured":["https:\/\/apuntesdesanluis.com\/wp-content\/uploads\/2024\/02\/Jesus-Munoz.png",592,315,false],"newsever-medium":["https:\/\/apuntesdesanluis.com\/wp-content\/uploads\/2024\/02\/Jesus-Munoz.png",592,315,false]},"author_info":{"display_name":"apuntesdesanluis.com","author_link":"https:\/\/apuntesdesanluis.com\/index.php\/author\/apuntesdesanluis-com\/"},"category_info":"<a href=\"https:\/\/apuntesdesanluis.com\/index.php\/category\/ciudad-provincia\/\" rel=\"category tag\">Ciudad\/Provincia<\/a>","tag_info":"Ciudad\/Provincia","comment_count":"0","_links":{"self":[{"href":"https:\/\/apuntesdesanluis.com\/index.php\/wp-json\/wp\/v2\/posts\/12323","targetHints":{"allow":["GET"]}}],"collection":[{"href":"https:\/\/apuntesdesanluis.com\/index.php\/wp-json\/wp\/v2\/posts"}],"about":[{"href":"https:\/\/apuntesdesanluis.com\/index.php\/wp-json\/wp\/v2\/types\/post"}],"author":[{"embeddable":true,"href":"https:\/\/apuntesdesanluis.com\/index.php\/wp-json\/wp\/v2\/users\/1"}],"replies":[{"embeddable":true,"href":"https:\/\/apuntesdesanluis.com\/index.php\/wp-json\/wp\/v2\/comments?post=12323"}],"version-history":[{"count":4,"href":"https:\/\/apuntesdesanluis.com\/index.php\/wp-json\/wp\/v2\/posts\/12323\/revisions"}],"predecessor-version":[{"id":12330,"href":"https:\/\/apuntesdesanluis.com\/index.php\/wp-json\/wp\/v2\/posts\/12323\/revisions\/12330"}],"wp:featuredmedia":[{"embeddable":true,"href":"https:\/\/apuntesdesanluis.com\/index.php\/wp-json\/wp\/v2\/media\/12324"}],"wp:attachment":[{"href":"https:\/\/apuntesdesanluis.com\/index.php\/wp-json\/wp\/v2\/media?parent=12323"}],"wp:term":[{"taxonomy":"category","embeddable":true,"href":"https:\/\/apuntesdesanluis.com\/index.php\/wp-json\/wp\/v2\/categories?post=12323"},{"taxonomy":"post_tag","embeddable":true,"href":"https:\/\/apuntesdesanluis.com\/index.php\/wp-json\/wp\/v2\/tags?post=12323"}],"curies":[{"name":"wp","href":"https:\/\/api.w.org\/{rel}","templated":true}]}}