{"id":12334,"date":"2024-02-27T13:12:02","date_gmt":"2024-02-27T16:12:02","guid":{"rendered":"https:\/\/apuntesdesanluis.com\/?p=12334"},"modified":"2024-02-27T13:14:47","modified_gmt":"2024-02-27T16:14:47","slug":"el-gobierno-desplazo-a-rectores-organizadores-y-amenaza-cerrar-5-universidades","status":"publish","type":"post","link":"https:\/\/apuntesdesanluis.com\/index.php\/2024\/02\/27\/el-gobierno-desplazo-a-rectores-organizadores-y-amenaza-cerrar-5-universidades\/","title":{"rendered":"EL GOBIERNO DESPLAZ\u00d3 A RECTORES ORGANIZADORES Y AMENAZA CERRAR 5 UNIVERSIDADES"},"content":{"rendered":"<h3>Lo hizo a trav\u00e9s de una Resoluci\u00f3n del Ministerio de Capital Humano, en la cual se establece la \u201crevisi\u00f3n de creaci\u00f3n e inicio de actividades acad\u00e9micas de nuevas instituciones universitarias nacionales\u201d, creadas por leyes del Congreso Nacional aprobadas el a\u00f1o pasado.<\/h3>\n<h3>La disposici\u00f3n de la cartera que conduce <strong>Sandra Pettovello<\/strong> abarca a las <strong>Universidades Nacionales de Pilar, R\u00edo Tercero, Ezeiza, del Delta y Madres de Plaza de Mayo<\/strong>.<\/h3>\n<p><img fetchpriority=\"high\" decoding=\"async\" class=\"wp-image-12337 aligncenter\" src=\"https:\/\/apuntesdesanluis.com\/wp-content\/uploads\/2024\/02\/petovello-y-milei-300x225.jpg\" alt=\"\" width=\"585\" height=\"439\" srcset=\"https:\/\/apuntesdesanluis.com\/wp-content\/uploads\/2024\/02\/petovello-y-milei-300x225.jpg 300w, https:\/\/apuntesdesanluis.com\/wp-content\/uploads\/2024\/02\/petovello-y-milei.jpg 600w\" sizes=\"(max-width: 585px) 100vw, 585px\" \/><\/p>\n<h3>En los considerandos de la resoluci\u00f3n se reconoce que la creaci\u00f3n de estas casas de estudios superiores se hizo cumpliendo los pasos legales, en cuanto a lo fijado en el Art\u00edculo 48 de la Ley de Educaci\u00f3n Superior N\u00b0 24.521, el cual establece que las instituciones universitarias nacionales son creadas por ley de la Naci\u00f3n.<\/h3>\n<h3>Que, asimismo, el Art\u00edculo 49 de la referida ley determina que para que puedan comenzar a funcionar dichas instituciones universitarias el Ministerio de Educaci\u00f3n debe designar un rector organizador para conducir el proceso de formulaci\u00f3n del proyecto institucional y del proyecto de estatuto provisorio.<\/h3>\n<h3>No obstante, el fundamento de la revisi\u00f3n indica que \u201catendiendo a razones de dar cumplimiento a lo establecido en las leyes vigentes, de evitar la duplicaci\u00f3n y superposici\u00f3n de estructuras jer\u00e1rquicas y de garantizar que la oferta educativa cumpla con la calidad y pertinencia debida, resulta necesaria la adopci\u00f3n de medidas tendientes a revisar el inicio de actividades acad\u00e9micas de las Casas de Altos Estudios antes mencionadas, para determinar si el procedimiento administrativo exigido por la Ley de Educaci\u00f3n Superior para crear nuevas universidades fue debidamente cumplido, si las condiciones all\u00ed establecidas fueron realmente satisfechas y se encuentren debidamente documentadas y si la pertinencia, oportunidad y la previsi\u00f3n del cr\u00e9dito presupuestario correspondiente, en base a un estudio de factibilidad, aval\u00f3 la iniciativa\u201d.<\/h3>\n<h3>Agrega que \u201ca los fines de llevar a cabo correctamente este proceso de revisi\u00f3n corresponde dejar sin efecto\u201d las Resoluciones Ministeriales que dispusieron las designaciones de los rectores organizadores de esas nuevas universidades.<\/h3>\n<h3><\/h3>\n<h3>VER: <span style=\"color: #3366ff;\"><a style=\"color: #3366ff;\" href=\"https:\/\/apuntesdesanluis.com\/wp-content\/uploads\/2024\/02\/RS-2024-20166285-APN-MCH.pdf\" target=\"_blank\" rel=\"noopener\">RS-2024-20166285-APN-MCH<\/a><\/span><\/h3>\n<p>&nbsp;<\/p>\n<p>&nbsp;<\/p>\n<p>&nbsp;<\/p>\n","protected":false},"excerpt":{"rendered":"<p>Lo hizo a trav\u00e9s de una Resoluci\u00f3n del Ministerio de Capital Humano, en la cual&#8230;<\/p>\n","protected":false},"author":1,"featured_media":12335,"comment_status":"closed","ping_status":"closed","sticky":false,"template":"","format":"standard","meta":{"footnotes":""},"categories":[5],"tags":[],"class_list":["post-12334","post","type-post","status-publish","format-standard","has-post-thumbnail","hentry","category-nacionales-internacionales"],"yoast_head":"<!-- This site is optimized with the Yoast SEO plugin v26.1.1 - https:\/\/yoast.com\/wordpress\/plugins\/seo\/ -->\n<title>EL GOBIERNO DESPLAZ\u00d3 A RECTORES ORGANIZADORES Y AMENAZA CERRAR 5 UNIVERSIDADES - Apuntes de San Luis<\/title>\n<meta name=\"robots\" content=\"index, follow, max-snippet:-1, max-image-preview:large, max-video-preview:-1\" \/>\n<link rel=\"canonical\" href=\"https:\/\/apuntesdesanluis.com\/index.php\/2024\/02\/27\/el-gobierno-desplazo-a-rectores-organizadores-y-amenaza-cerrar-5-universidades\/\" \/>\n<meta property=\"og:locale\" content=\"es_ES\" \/>\n<meta property=\"og:type\" content=\"article\" \/>\n<meta property=\"og:title\" content=\"EL GOBIERNO DESPLAZ\u00d3 A RECTORES ORGANIZADORES Y AMENAZA CERRAR 5 UNIVERSIDADES - Apuntes de San Luis\" \/>\n<meta property=\"og:description\" content=\"Lo hizo a trav\u00e9s de una Resoluci\u00f3n del Ministerio de Capital Humano, en la cual...\" \/>\n<meta property=\"og:url\" content=\"https:\/\/apuntesdesanluis.com\/index.php\/2024\/02\/27\/el-gobierno-desplazo-a-rectores-organizadores-y-amenaza-cerrar-5-universidades\/\" \/>\n<meta property=\"og:site_name\" content=\"Apuntes de San Luis\" \/>\n<meta property=\"article:published_time\" content=\"2024-02-27T16:12:02+00:00\" \/>\n<meta property=\"article:modified_time\" content=\"2024-02-27T16:14:47+00:00\" \/>\n<meta property=\"og:image\" content=\"https:\/\/apuntesdesanluis.com\/wp-content\/uploads\/2024\/02\/cREACION-DE-UNIVERSIDADES.png\" \/>\n\t<meta property=\"og:image:width\" content=\"822\" \/>\n\t<meta property=\"og:image:height\" content=\"483\" \/>\n\t<meta property=\"og:image:type\" content=\"image\/png\" \/>\n<meta name=\"author\" content=\"apuntesdesanluis.com\" \/>\n<meta name=\"twitter:card\" content=\"summary_large_image\" \/>\n<meta name=\"twitter:label1\" content=\"Escrito por\" \/>\n\t<meta name=\"twitter:data1\" content=\"apuntesdesanluis.com\" \/>\n\t<meta name=\"twitter:label2\" content=\"Tiempo de lectura\" \/>\n\t<meta name=\"twitter:data2\" content=\"2 minutos\" \/>\n<script type=\"application\/ld+json\" class=\"yoast-schema-graph\">{\"@context\":\"https:\/\/schema.org\",\"@graph\":[{\"@type\":\"Article\",\"@id\":\"https:\/\/apuntesdesanluis.com\/index.php\/2024\/02\/27\/el-gobierno-desplazo-a-rectores-organizadores-y-amenaza-cerrar-5-universidades\/#article\",\"isPartOf\":{\"@id\":\"https:\/\/apuntesdesanluis.com\/index.php\/2024\/02\/27\/el-gobierno-desplazo-a-rectores-organizadores-y-amenaza-cerrar-5-universidades\/\"},\"author\":{\"name\":\"apuntesdesanluis.com\",\"@id\":\"https:\/\/apuntesdesanluis.com\/#\/schema\/person\/b55151d52296fcce64d1a72538a70b90\"},\"headline\":\"EL GOBIERNO DESPLAZ\u00d3 A RECTORES ORGANIZADORES Y AMENAZA CERRAR 5 UNIVERSIDADES\",\"datePublished\":\"2024-02-27T16:12:02+00:00\",\"dateModified\":\"2024-02-27T16:14:47+00:00\",\"mainEntityOfPage\":{\"@id\":\"https:\/\/apuntesdesanluis.com\/index.php\/2024\/02\/27\/el-gobierno-desplazo-a-rectores-organizadores-y-amenaza-cerrar-5-universidades\/\"},\"wordCount\":362,\"publisher\":{\"@id\":\"https:\/\/apuntesdesanluis.com\/#\/schema\/person\/b55151d52296fcce64d1a72538a70b90\"},\"image\":{\"@id\":\"https:\/\/apuntesdesanluis.com\/index.php\/2024\/02\/27\/el-gobierno-desplazo-a-rectores-organizadores-y-amenaza-cerrar-5-universidades\/#primaryimage\"},\"thumbnailUrl\":\"https:\/\/apuntesdesanluis.com\/wp-content\/uploads\/2024\/02\/cREACION-DE-UNIVERSIDADES.png\",\"articleSection\":[\"Nacionales\/Internacionales\"],\"inLanguage\":\"es-AR\"},{\"@type\":\"WebPage\",\"@id\":\"https:\/\/apuntesdesanluis.com\/index.php\/2024\/02\/27\/el-gobierno-desplazo-a-rectores-organizadores-y-amenaza-cerrar-5-universidades\/\",\"url\":\"https:\/\/apuntesdesanluis.com\/index.php\/2024\/02\/27\/el-gobierno-desplazo-a-rectores-organizadores-y-amenaza-cerrar-5-universidades\/\",\"name\":\"EL GOBIERNO DESPLAZ\u00d3 A RECTORES ORGANIZADORES Y AMENAZA CERRAR 5 UNIVERSIDADES - Apuntes de San Luis\",\"isPartOf\":{\"@id\":\"https:\/\/apuntesdesanluis.com\/#website\"},\"primaryImageOfPage\":{\"@id\":\"https:\/\/apuntesdesanluis.com\/index.php\/2024\/02\/27\/el-gobierno-desplazo-a-rectores-organizadores-y-amenaza-cerrar-5-universidades\/#primaryimage\"},\"image\":{\"@id\":\"https:\/\/apuntesdesanluis.com\/index.php\/2024\/02\/27\/el-gobierno-desplazo-a-rectores-organizadores-y-amenaza-cerrar-5-universidades\/#primaryimage\"},\"thumbnailUrl\":\"https:\/\/apuntesdesanluis.com\/wp-content\/uploads\/2024\/02\/cREACION-DE-UNIVERSIDADES.png\",\"datePublished\":\"2024-02-27T16:12:02+00:00\",\"dateModified\":\"2024-02-27T16:14:47+00:00\",\"breadcrumb\":{\"@id\":\"https:\/\/apuntesdesanluis.com\/index.php\/2024\/02\/27\/el-gobierno-desplazo-a-rectores-organizadores-y-amenaza-cerrar-5-universidades\/#breadcrumb\"},\"inLanguage\":\"es-AR\",\"potentialAction\":[{\"@type\":\"ReadAction\",\"target\":[\"https:\/\/apuntesdesanluis.com\/index.php\/2024\/02\/27\/el-gobierno-desplazo-a-rectores-organizadores-y-amenaza-cerrar-5-universidades\/\"]}]},{\"@type\":\"ImageObject\",\"inLanguage\":\"es-AR\",\"@id\":\"https:\/\/apuntesdesanluis.com\/index.php\/2024\/02\/27\/el-gobierno-desplazo-a-rectores-organizadores-y-amenaza-cerrar-5-universidades\/#primaryimage\",\"url\":\"https:\/\/apuntesdesanluis.com\/wp-content\/uploads\/2024\/02\/cREACION-DE-UNIVERSIDADES.png\",\"contentUrl\":\"https:\/\/apuntesdesanluis.com\/wp-content\/uploads\/2024\/02\/cREACION-DE-UNIVERSIDADES.png\",\"width\":822,\"height\":483},{\"@type\":\"BreadcrumbList\",\"@id\":\"https:\/\/apuntesdesanluis.com\/index.php\/2024\/02\/27\/el-gobierno-desplazo-a-rectores-organizadores-y-amenaza-cerrar-5-universidades\/#breadcrumb\",\"itemListElement\":[{\"@type\":\"ListItem\",\"position\":1,\"name\":\"Inicio\",\"item\":\"https:\/\/apuntesdesanluis.com\/\"},{\"@type\":\"ListItem\",\"position\":2,\"name\":\"EL GOBIERNO DESPLAZ\u00d3 A RECTORES ORGANIZADORES Y AMENAZA CERRAR 5 UNIVERSIDADES\"}]},{\"@type\":\"WebSite\",\"@id\":\"https:\/\/apuntesdesanluis.com\/#website\",\"url\":\"https:\/\/apuntesdesanluis.com\/\",\"name\":\"Apuntes de San Luis\",\"description\":\"\",\"publisher\":{\"@id\":\"https:\/\/apuntesdesanluis.com\/#\/schema\/person\/b55151d52296fcce64d1a72538a70b90\"},\"potentialAction\":[{\"@type\":\"SearchAction\",\"target\":{\"@type\":\"EntryPoint\",\"urlTemplate\":\"https:\/\/apuntesdesanluis.com\/?s={search_term_string}\"},\"query-input\":{\"@type\":\"PropertyValueSpecification\",\"valueRequired\":true,\"valueName\":\"search_term_string\"}}],\"inLanguage\":\"es-AR\"},{\"@type\":[\"Person\",\"Organization\"],\"@id\":\"https:\/\/apuntesdesanluis.com\/#\/schema\/person\/b55151d52296fcce64d1a72538a70b90\",\"name\":\"apuntesdesanluis.com\",\"image\":{\"@type\":\"ImageObject\",\"inLanguage\":\"es-AR\",\"@id\":\"https:\/\/apuntesdesanluis.com\/#\/schema\/person\/image\/\",\"url\":\"https:\/\/apuntesdesanluis.com\/wp-content\/uploads\/2023\/07\/cropped-apuntesdesanluis.png\",\"contentUrl\":\"https:\/\/apuntesdesanluis.com\/wp-content\/uploads\/2023\/07\/cropped-apuntesdesanluis.png\",\"width\":450,\"height\":112,\"caption\":\"apuntesdesanluis.com\"},\"logo\":{\"@id\":\"https:\/\/apuntesdesanluis.com\/#\/schema\/person\/image\/\"},\"sameAs\":[\"https:\/\/apuntesdesanluis.com\"],\"url\":\"https:\/\/apuntesdesanluis.com\/index.php\/author\/apuntesdesanluis-com\/\"}]}<\/script>\n<!-- \/ Yoast SEO plugin. -->","yoast_head_json":{"title":"EL GOBIERNO DESPLAZ\u00d3 A RECTORES ORGANIZADORES Y AMENAZA CERRAR 5 UNIVERSIDADES - Apuntes de San Luis","robots":{"index":"index","follow":"follow","max-snippet":"max-snippet:-1","max-image-preview":"max-image-preview:large","max-video-preview":"max-video-preview:-1"},"canonical":"https:\/\/apuntesdesanluis.com\/index.php\/2024\/02\/27\/el-gobierno-desplazo-a-rectores-organizadores-y-amenaza-cerrar-5-universidades\/","og_locale":"es_ES","og_type":"article","og_title":"EL GOBIERNO DESPLAZ\u00d3 A RECTORES ORGANIZADORES Y AMENAZA CERRAR 5 UNIVERSIDADES - Apuntes de San Luis","og_description":"Lo hizo a trav\u00e9s de una Resoluci\u00f3n del Ministerio de Capital Humano, en la cual...","og_url":"https:\/\/apuntesdesanluis.com\/index.php\/2024\/02\/27\/el-gobierno-desplazo-a-rectores-organizadores-y-amenaza-cerrar-5-universidades\/","og_site_name":"Apuntes de San Luis","article_published_time":"2024-02-27T16:12:02+00:00","article_modified_time":"2024-02-27T16:14:47+00:00","og_image":[{"width":822,"height":483,"url":"https:\/\/apuntesdesanluis.com\/wp-content\/uploads\/2024\/02\/cREACION-DE-UNIVERSIDADES.png","type":"image\/png"}],"author":"apuntesdesanluis.com","twitter_card":"summary_large_image","twitter_misc":{"Escrito por":"apuntesdesanluis.com","Tiempo de lectura":"2 minutos"},"schema":{"@context":"https:\/\/schema.org","@graph":[{"@type":"Article","@id":"https:\/\/apuntesdesanluis.com\/index.php\/2024\/02\/27\/el-gobierno-desplazo-a-rectores-organizadores-y-amenaza-cerrar-5-universidades\/#article","isPartOf":{"@id":"https:\/\/apuntesdesanluis.com\/index.php\/2024\/02\/27\/el-gobierno-desplazo-a-rectores-organizadores-y-amenaza-cerrar-5-universidades\/"},"author":{"name":"apuntesdesanluis.com","@id":"https:\/\/apuntesdesanluis.com\/#\/schema\/person\/b55151d52296fcce64d1a72538a70b90"},"headline":"EL GOBIERNO DESPLAZ\u00d3 A RECTORES ORGANIZADORES Y AMENAZA CERRAR 5 UNIVERSIDADES","datePublished":"2024-02-27T16:12:02+00:00","dateModified":"2024-02-27T16:14:47+00:00","mainEntityOfPage":{"@id":"https:\/\/apuntesdesanluis.com\/index.php\/2024\/02\/27\/el-gobierno-desplazo-a-rectores-organizadores-y-amenaza-cerrar-5-universidades\/"},"wordCount":362,"publisher":{"@id":"https:\/\/apuntesdesanluis.com\/#\/schema\/person\/b55151d52296fcce64d1a72538a70b90"},"image":{"@id":"https:\/\/apuntesdesanluis.com\/index.php\/2024\/02\/27\/el-gobierno-desplazo-a-rectores-organizadores-y-amenaza-cerrar-5-universidades\/#primaryimage"},"thumbnailUrl":"https:\/\/apuntesdesanluis.com\/wp-content\/uploads\/2024\/02\/cREACION-DE-UNIVERSIDADES.png","articleSection":["Nacionales\/Internacionales"],"inLanguage":"es-AR"},{"@type":"WebPage","@id":"https:\/\/apuntesdesanluis.com\/index.php\/2024\/02\/27\/el-gobierno-desplazo-a-rectores-organizadores-y-amenaza-cerrar-5-universidades\/","url":"https:\/\/apuntesdesanluis.com\/index.php\/2024\/02\/27\/el-gobierno-desplazo-a-rectores-organizadores-y-amenaza-cerrar-5-universidades\/","name":"EL GOBIERNO DESPLAZ\u00d3 A RECTORES ORGANIZADORES Y AMENAZA CERRAR 5 UNIVERSIDADES - Apuntes de San Luis","isPartOf":{"@id":"https:\/\/apuntesdesanluis.com\/#website"},"primaryImageOfPage":{"@id":"https:\/\/apuntesdesanluis.com\/index.php\/2024\/02\/27\/el-gobierno-desplazo-a-rectores-organizadores-y-amenaza-cerrar-5-universidades\/#primaryimage"},"image":{"@id":"https:\/\/apuntesdesanluis.com\/index.php\/2024\/02\/27\/el-gobierno-desplazo-a-rectores-organizadores-y-amenaza-cerrar-5-universidades\/#primaryimage"},"thumbnailUrl":"https:\/\/apuntesdesanluis.com\/wp-content\/uploads\/2024\/02\/cREACION-DE-UNIVERSIDADES.png","datePublished":"2024-02-27T16:12:02+00:00","dateModified":"2024-02-27T16:14:47+00:00","breadcrumb":{"@id":"https:\/\/apuntesdesanluis.com\/index.php\/2024\/02\/27\/el-gobierno-desplazo-a-rectores-organizadores-y-amenaza-cerrar-5-universidades\/#breadcrumb"},"inLanguage":"es-AR","potentialAction":[{"@type":"ReadAction","target":["https:\/\/apuntesdesanluis.com\/index.php\/2024\/02\/27\/el-gobierno-desplazo-a-rectores-organizadores-y-amenaza-cerrar-5-universidades\/"]}]},{"@type":"ImageObject","inLanguage":"es-AR","@id":"https:\/\/apuntesdesanluis.com\/index.php\/2024\/02\/27\/el-gobierno-desplazo-a-rectores-organizadores-y-amenaza-cerrar-5-universidades\/#primaryimage","url":"https:\/\/apuntesdesanluis.com\/wp-content\/uploads\/2024\/02\/cREACION-DE-UNIVERSIDADES.png","contentUrl":"https:\/\/apuntesdesanluis.com\/wp-content\/uploads\/2024\/02\/cREACION-DE-UNIVERSIDADES.png","width":822,"height":483},{"@type":"BreadcrumbList","@id":"https:\/\/apuntesdesanluis.com\/index.php\/2024\/02\/27\/el-gobierno-desplazo-a-rectores-organizadores-y-amenaza-cerrar-5-universidades\/#breadcrumb","itemListElement":[{"@type":"ListItem","position":1,"name":"Inicio","item":"https:\/\/apuntesdesanluis.com\/"},{"@type":"ListItem","position":2,"name":"EL GOBIERNO DESPLAZ\u00d3 A RECTORES ORGANIZADORES Y AMENAZA CERRAR 5 UNIVERSIDADES"}]},{"@type":"WebSite","@id":"https:\/\/apuntesdesanluis.com\/#website","url":"https:\/\/apuntesdesanluis.com\/","name":"Apuntes de San Luis","description":"","publisher":{"@id":"https:\/\/apuntesdesanluis.com\/#\/schema\/person\/b55151d52296fcce64d1a72538a70b90"},"potentialAction":[{"@type":"SearchAction","target":{"@type":"EntryPoint","urlTemplate":"https:\/\/apuntesdesanluis.com\/?s={search_term_string}"},"query-input":{"@type":"PropertyValueSpecification","valueRequired":true,"valueName":"search_term_string"}}],"inLanguage":"es-AR"},{"@type":["Person","Organization"],"@id":"https:\/\/apuntesdesanluis.com\/#\/schema\/person\/b55151d52296fcce64d1a72538a70b90","name":"apuntesdesanluis.com","image":{"@type":"ImageObject","inLanguage":"es-AR","@id":"https:\/\/apuntesdesanluis.com\/#\/schema\/person\/image\/","url":"https:\/\/apuntesdesanluis.com\/wp-content\/uploads\/2023\/07\/cropped-apuntesdesanluis.png","contentUrl":"https:\/\/apuntesdesanluis.com\/wp-content\/uploads\/2023\/07\/cropped-apuntesdesanluis.png","width":450,"height":112,"caption":"apuntesdesanluis.com"},"logo":{"@id":"https:\/\/apuntesdesanluis.com\/#\/schema\/person\/image\/"},"sameAs":["https:\/\/apuntesdesanluis.com"],"url":"https:\/\/apuntesdesanluis.com\/index.php\/author\/apuntesdesanluis-com\/"}]}},"featured_image_urls":{"full":["https:\/\/apuntesdesanluis.com\/wp-content\/uploads\/2024\/02\/cREACION-DE-UNIVERSIDADES.png",822,483,false],"thumbnail":["https:\/\/apuntesdesanluis.com\/wp-content\/uploads\/2024\/02\/cREACION-DE-UNIVERSIDADES-150x150.png",150,150,true],"medium":["https:\/\/apuntesdesanluis.com\/wp-content\/uploads\/2024\/02\/cREACION-DE-UNIVERSIDADES-300x176.png",300,176,true],"medium_large":["https:\/\/apuntesdesanluis.com\/wp-content\/uploads\/2024\/02\/cREACION-DE-UNIVERSIDADES-768x451.png",640,376,true],"large":["https:\/\/apuntesdesanluis.com\/wp-content\/uploads\/2024\/02\/cREACION-DE-UNIVERSIDADES.png",640,376,false],"1536x1536":["https:\/\/apuntesdesanluis.com\/wp-content\/uploads\/2024\/02\/cREACION-DE-UNIVERSIDADES.png",822,483,false],"2048x2048":["https:\/\/apuntesdesanluis.com\/wp-content\/uploads\/2024\/02\/cREACION-DE-UNIVERSIDADES.png",822,483,false],"newsever-slider-full":["https:\/\/apuntesdesanluis.com\/wp-content\/uploads\/2024\/02\/cREACION-DE-UNIVERSIDADES.png",822,483,false],"newsever-featured":["https:\/\/apuntesdesanluis.com\/wp-content\/uploads\/2024\/02\/cREACION-DE-UNIVERSIDADES.png",822,483,false],"newsever-medium":["https:\/\/apuntesdesanluis.com\/wp-content\/uploads\/2024\/02\/cREACION-DE-UNIVERSIDADES-720x475.png",720,475,true]},"author_info":{"display_name":"apuntesdesanluis.com","author_link":"https:\/\/apuntesdesanluis.com\/index.php\/author\/apuntesdesanluis-com\/"},"category_info":"<a href=\"https:\/\/apuntesdesanluis.com\/index.php\/category\/nacionales-internacionales\/\" rel=\"category tag\">Nacionales\/Internacionales<\/a>","tag_info":"Nacionales\/Internacionales","comment_count":"0","_links":{"self":[{"href":"https:\/\/apuntesdesanluis.com\/index.php\/wp-json\/wp\/v2\/posts\/12334","targetHints":{"allow":["GET"]}}],"collection":[{"href":"https:\/\/apuntesdesanluis.com\/index.php\/wp-json\/wp\/v2\/posts"}],"about":[{"href":"https:\/\/apuntesdesanluis.com\/index.php\/wp-json\/wp\/v2\/types\/post"}],"author":[{"embeddable":true,"href":"https:\/\/apuntesdesanluis.com\/index.php\/wp-json\/wp\/v2\/users\/1"}],"replies":[{"embeddable":true,"href":"https:\/\/apuntesdesanluis.com\/index.php\/wp-json\/wp\/v2\/comments?post=12334"}],"version-history":[{"count":2,"href":"https:\/\/apuntesdesanluis.com\/index.php\/wp-json\/wp\/v2\/posts\/12334\/revisions"}],"predecessor-version":[{"id":12339,"href":"https:\/\/apuntesdesanluis.com\/index.php\/wp-json\/wp\/v2\/posts\/12334\/revisions\/12339"}],"wp:featuredmedia":[{"embeddable":true,"href":"https:\/\/apuntesdesanluis.com\/index.php\/wp-json\/wp\/v2\/media\/12335"}],"wp:attachment":[{"href":"https:\/\/apuntesdesanluis.com\/index.php\/wp-json\/wp\/v2\/media?parent=12334"}],"wp:term":[{"taxonomy":"category","embeddable":true,"href":"https:\/\/apuntesdesanluis.com\/index.php\/wp-json\/wp\/v2\/categories?post=12334"},{"taxonomy":"post_tag","embeddable":true,"href":"https:\/\/apuntesdesanluis.com\/index.php\/wp-json\/wp\/v2\/tags?post=12334"}],"curies":[{"name":"wp","href":"https:\/\/api.w.org\/{rel}","templated":true}]}}