{"id":12340,"date":"2024-02-27T13:30:51","date_gmt":"2024-02-27T16:30:51","guid":{"rendered":"https:\/\/apuntesdesanluis.com\/?p=12340"},"modified":"2024-02-27T13:30:51","modified_gmt":"2024-02-27T16:30:51","slug":"la-unvime-adhirio-al-comunicado-del-cin-y-declaro-el-estado-de-alerta-y-movilizacion","status":"publish","type":"post","link":"https:\/\/apuntesdesanluis.com\/index.php\/2024\/02\/27\/la-unvime-adhirio-al-comunicado-del-cin-y-declaro-el-estado-de-alerta-y-movilizacion\/","title":{"rendered":"LA UNVIME ADHIRI\u00d3 AL COMUNICADO DEL CIN Y DECLAR\u00d3 EL ESTADO DE ALERTA Y MOVILIZACI\u00d3N"},"content":{"rendered":"<h3>Este martes en horas de la ma\u00f1ana el Consejo Superior de la <strong>Universidad Nacional de Villa Mercedes<\/strong> tuvo su primera sesi\u00f3n del a\u00f1o, oportunidad en que expres\u00f3 su \u201cprofunda preocupaci\u00f3n\u201d por la situaci\u00f3n de desfinanciamiento que sufren las universidades, y adhiri\u00f3 al pronunciamiento emitido por el CIN el 21 de febrero pasado.<\/h3>\n<h3>Presidido por el Rector <strong>Marcelo Sosa<\/strong>, acompa\u00f1ado por el Vicerrector <strong>Santiago Farenga<\/strong> y el Secretario General <strong>Santiago Tell<\/strong>, en la primera parte se brind\u00f3 un diagn\u00f3stico del funcionamiento actual de la UNViMe.<\/h3>\n<p><img fetchpriority=\"high\" decoding=\"async\" class=\"wp-image-12341 aligncenter\" src=\"https:\/\/apuntesdesanluis.com\/wp-content\/uploads\/2024\/02\/Sosa-Tell-300x199.jpg\" alt=\"\" width=\"562\" height=\"373\" srcset=\"https:\/\/apuntesdesanluis.com\/wp-content\/uploads\/2024\/02\/Sosa-Tell-300x199.jpg 300w, https:\/\/apuntesdesanluis.com\/wp-content\/uploads\/2024\/02\/Sosa-Tell.jpg 600w\" sizes=\"(max-width: 562px) 100vw, 562px\" \/><\/p>\n<h3>El rector inform\u00f3 que durante el mes de enero se recibi\u00f3 un 20% menos de partidas para el pago de salarios y cero pesos para gastos de funcionamiento. Agreg\u00f3 que a esta restricci\u00f3n se suma la deuda heredada de la anterior gesti\u00f3n, por casi 133 millones de pesos, en concepto de aportes y contribuciones a la seguridad social.<\/h3>\n<h3>\u201cSe nos est\u00e1n enviando los mismos recursos que el a\u00f1o pasado. No se est\u00e1n contemplando los aumentos inflacionarios, la devaluaci\u00f3n de diciembre ni la actualizaci\u00f3n de salarios de docentes y no docentes por los acuerdos paritarios. Esto compromete no solo el funcionamiento de la instituci\u00f3n, sino que pone en riesgo el futuro de la universidad, por eso debemos estar muy atentos, ser muy austeros en el uso de los recursos y buscar alternativas creativas para salir de la crisis\u201d, sintetiz\u00f3.<\/h3>\n<h3>Al ponerse en consideraci\u00f3n el documento del Consejo Interuniversitario Nacional, los consejeros de los diferentes claustros fueron manifestando su total adhesi\u00f3n, consignando opiniones concretas referidas a la realidad de cada escuela y al contexto actual.<\/h3>\n<h3>Se hizo moci\u00f3n de tomar como propio el pronunciamiento del CIN pero adem\u00e1s declarar el estado de alerta y movilizaci\u00f3n, propuesta que fue votada por unanimidad. Tambi\u00e9n se encomend\u00f3 al rector llevar adelante todas las acciones necesarias para la defensa de los intereses de la universidad.<\/h3>\n<h3>Las diferentes ponencias tuvieron como denominador com\u00fan instar a la \u201cunidad de todos los sectores, involucrar a la comunidad en esta problem\u00e1tica y no caer en el des\u00e1nimo ni bajar los brazos\u201d.<\/h3>\n<h3>El Dr. Sosa coincidi\u00f3 y recalc\u00f3 en este marco: \u201cEntendamos que debemos dejar de lado las divisiones, aqu\u00ed ya no hay una lista u otra. Debemos estar juntos, unidos y fortalecidos, para salir adelante. Pero esperanzados. La Universidad es esperanza o reducto de eruditos\u201d.<\/h3>\n<h3>Apoy\u00f3 tambi\u00e9n el planteo de la Directora de la Escuela de Ciencias de la Salud, Vanesa Cassano, quien propuso facilitar los tr\u00e1mites de alumnos oriundos de Villa Mercedes que estudian en universidades de otras provincias y est\u00e1n solicitando equivalencias porque planean regresar aqu\u00ed por las dificultades econ\u00f3micas.<\/h3>\n<h3><strong>NUEVO EDIFICIO<\/strong><\/h3>\n<h3>Por otro lado, el rector puso en conocimiento del cuerpo los t\u00e9rminos del contrato de comodato que se firmar\u00e1 esta semana con el gobierno de la provincia, para el uso del edificio de la UPrO ubicado en barrio Los Poetas.<\/h3>\n<p><img decoding=\"async\" class=\"wp-image-12343 aligncenter\" src=\"https:\/\/apuntesdesanluis.com\/wp-content\/uploads\/2024\/02\/edificio-de-la-upro-300x132.png\" alt=\"\" width=\"605\" height=\"266\" srcset=\"https:\/\/apuntesdesanluis.com\/wp-content\/uploads\/2024\/02\/edificio-de-la-upro-300x132.png 300w, https:\/\/apuntesdesanluis.com\/wp-content\/uploads\/2024\/02\/edificio-de-la-upro.png 646w\" sizes=\"(max-width: 605px) 100vw, 605px\" \/><\/p>\n<h3>\u201cEsta es una buena noticia, porque all\u00ed mudaremos el dictado de las carreras de las Escuelas de Gesti\u00f3n de Empresas y Econom\u00eda e Ingenier\u00eda y Ciencias Ambientales. Se trata de un edificio nuevo, con aulas amplias y comodidades que hoy no tenemos. Nos permitir\u00e1 concentrar las actividades y tal vez tambi\u00e9n dictar la carrera de Obstetricia, teniendo en cuenta que en frente se encuentra la Maternidad\u201d, se\u00f1al\u00f3.<\/h3>\n<h3>Por otro lado, agradeci\u00f3 la \u201cgenerosidad del gobierno de la provincia, a trav\u00e9s de Claudio Poggi, quien me ofreci\u00f3 este pr\u00e9stamo en el mes de diciembre. Y tambi\u00e9n debo agradecer y resaltar las gestiones de un docente de nuestra casa, hoy rector de la UPrO, Rudy C\u00e1mera\u201d.<\/h3>\n<h3>El comodato, por definici\u00f3n, es un pr\u00e9stamo de uso sin cargo, explic\u00f3 el Dr. Sosa, consignando que en principio es por dos a\u00f1os, pero prorrogable, al tiempo que invit\u00f3 a los consejeros y a la comunidad universitaria a participar de la inminente firma del convenio.<\/h3>\n<h3>Posteriormente concedi\u00f3 la palabra al Director de la Escuela de Gesti\u00f3n de Empresas, Diego P\u00e1jaro, a quien el rector design\u00f3 como responsable de la log\u00edstica necesaria para concretar la mudanza de carreras y la ocupaci\u00f3n de los espacios.<\/h3>\n<h3><strong>COMUNICADO DEL CIN<\/strong><\/h3>\n<h3>El pronunciamiento del Consejo Interuniversitario Nacional (CIN), al que adquiri\u00f3 el Consejo Superior de la UNViMe, expresa en forma textual:<\/h3>\n<h3>\u201cLos rectores y las rectoras, reunidos en el Consejo Interuniversitario Nacional (CIN), advertimos sobre la dif\u00edcil situaci\u00f3n por la que atraviesa el sistema universitario p\u00fablico nacional.<\/h3>\n<h3>Conscientes de la delicada situaci\u00f3n que atraviesa la Argentina, las autoridades del sistema universitario p\u00fablico hemos compartido nuestras preocupaciones responsablemente, hemos gestionado ante las autoridades competentes las acciones que entendemos necesarias y, producto del esfuerzo colectivo de nuestras comunidades, hemos garantizado, en condiciones muy dif\u00edciles, la continuidad de las actividades en cumplimiento de nuestra misi\u00f3n, pero es tiempo de advertir, con la gravedad que la situaci\u00f3n impone, que, de no mediar acciones que rectifiquen el rumbo, se ver\u00e1 seriamente afectado el pleno funcionamiento de las instituciones universitarias p\u00fablicas.<\/h3>\n<h3>Frente a esta realidad, este Consejo sostiene la necesidad de: a) incrementar razonablemente los gastos de funcionamiento mensuales, actualiz\u00e1ndolos conforme el proceso inflacionario que atravesamos, de manera de garantizar la continuidad de nuestras actividades y el cumplimiento de nuestra misi\u00f3n; b) actualizar los salarios de docentes y nodocentes; c) dar continuidad a los programas universitarios vigentes destinados a inversi\u00f3n en obras de infraestructura, equipamiento y sostenimiento de los programas de becas; y d) garantizar el presupuesto necesario para sostener las actividades de ciencia, tecnolog\u00eda y extensi\u00f3n.<\/h3>\n<h3>En estos 40 a\u00f1os de democracia las universidades p\u00fablicas han sido un claro ejemplo de institucionalidad, destacada formaci\u00f3n profesional de excelencia, producci\u00f3n de conocimiento comprometido con los grandes problemas nacionales, construcci\u00f3n democr\u00e1tica y respeto por los derechos humanos. En Argentina, todos los sectores vinculados con el desarrollo productivo incluyen investigaci\u00f3n y conocimiento generado en las universidades y el sistema cient\u00edfico. En las escuelas, los hospitales, las f\u00e1bricas, los comercios, el campo, los escenarios, el mar, el espacio y en cada casa, las y los profesionales, el conocimiento, el arte y la tecnolog\u00eda que salen de las universidades est\u00e1n en todos lados y son parte de la vida cotidiana de los 47.000.000 de argentinas y argentinos.<\/h3>\n<h3>Sostener el valor estrat\u00e9gico que la educaci\u00f3n universitaria p\u00fablica tiene, sobre todo para un pa\u00eds que atraviesa tantos problemas estructurales, es responsabilidad de todas y de todos. Todo lo que nos pasa se soluciona con m\u00e1s y mejor educaci\u00f3n y universidad p\u00fablica, con m\u00e1s y mejor inversi\u00f3n en formaci\u00f3n universitaria y ciencia nacional\u201d.<\/h3>\n<h3><strong>Comit\u00e9 Ejecutivo ampliado \u2013 Consejo Interuniversitario Nacional (CIN)<\/strong><\/h3>\n<h3>21 de febrero de 2024<\/h3>\n<p>&nbsp;<\/p>\n<p>&nbsp;<\/p>\n<p>&nbsp;<\/p>\n<p>&nbsp;<\/p>\n<p>&nbsp;<\/p>\n<p>&nbsp;<\/p>\n","protected":false},"excerpt":{"rendered":"<p>Este martes en horas de la ma\u00f1ana el Consejo Superior de la Universidad Nacional de&#8230;<\/p>\n","protected":false},"author":1,"featured_media":12342,"comment_status":"closed","ping_status":"closed","sticky":false,"template":"","format":"standard","meta":{"footnotes":""},"categories":[6],"tags":[],"class_list":["post-12340","post","type-post","status-publish","format-standard","has-post-thumbnail","hentry","category-ciudad-provincia"],"yoast_head":"<!-- This site is optimized with the Yoast SEO plugin v26.1.1 - https:\/\/yoast.com\/wordpress\/plugins\/seo\/ -->\n<title>LA UNVIME ADHIRI\u00d3 AL COMUNICADO DEL CIN Y DECLAR\u00d3 EL ESTADO DE ALERTA Y MOVILIZACI\u00d3N - Apuntes de San Luis<\/title>\n<meta name=\"robots\" content=\"index, follow, max-snippet:-1, max-image-preview:large, max-video-preview:-1\" \/>\n<link rel=\"canonical\" href=\"https:\/\/apuntesdesanluis.com\/index.php\/2024\/02\/27\/la-unvime-adhirio-al-comunicado-del-cin-y-declaro-el-estado-de-alerta-y-movilizacion\/\" \/>\n<meta property=\"og:locale\" content=\"es_ES\" \/>\n<meta property=\"og:type\" content=\"article\" \/>\n<meta property=\"og:title\" content=\"LA UNVIME ADHIRI\u00d3 AL COMUNICADO DEL CIN Y DECLAR\u00d3 EL ESTADO DE ALERTA Y MOVILIZACI\u00d3N - Apuntes de San Luis\" \/>\n<meta property=\"og:description\" content=\"Este martes en horas de la ma\u00f1ana el Consejo Superior de la Universidad Nacional de...\" \/>\n<meta property=\"og:url\" content=\"https:\/\/apuntesdesanluis.com\/index.php\/2024\/02\/27\/la-unvime-adhirio-al-comunicado-del-cin-y-declaro-el-estado-de-alerta-y-movilizacion\/\" \/>\n<meta property=\"og:site_name\" content=\"Apuntes de San Luis\" \/>\n<meta property=\"article:published_time\" content=\"2024-02-27T16:30:51+00:00\" \/>\n<meta property=\"og:image\" content=\"https:\/\/apuntesdesanluis.com\/wp-content\/uploads\/2024\/02\/Consejo-superior.jpg\" \/>\n\t<meta property=\"og:image:width\" content=\"568\" \/>\n\t<meta property=\"og:image:height\" content=\"373\" \/>\n\t<meta property=\"og:image:type\" content=\"image\/jpeg\" \/>\n<meta name=\"author\" content=\"apuntesdesanluis.com\" \/>\n<meta name=\"twitter:card\" content=\"summary_large_image\" \/>\n<meta name=\"twitter:label1\" content=\"Escrito por\" \/>\n\t<meta name=\"twitter:data1\" content=\"apuntesdesanluis.com\" \/>\n\t<meta name=\"twitter:label2\" content=\"Tiempo de lectura\" \/>\n\t<meta name=\"twitter:data2\" content=\"6 minutos\" \/>\n<script type=\"application\/ld+json\" class=\"yoast-schema-graph\">{\"@context\":\"https:\/\/schema.org\",\"@graph\":[{\"@type\":\"Article\",\"@id\":\"https:\/\/apuntesdesanluis.com\/index.php\/2024\/02\/27\/la-unvime-adhirio-al-comunicado-del-cin-y-declaro-el-estado-de-alerta-y-movilizacion\/#article\",\"isPartOf\":{\"@id\":\"https:\/\/apuntesdesanluis.com\/index.php\/2024\/02\/27\/la-unvime-adhirio-al-comunicado-del-cin-y-declaro-el-estado-de-alerta-y-movilizacion\/\"},\"author\":{\"name\":\"apuntesdesanluis.com\",\"@id\":\"https:\/\/apuntesdesanluis.com\/#\/schema\/person\/b55151d52296fcce64d1a72538a70b90\"},\"headline\":\"LA UNVIME ADHIRI\u00d3 AL COMUNICADO DEL CIN Y DECLAR\u00d3 EL ESTADO DE ALERTA Y MOVILIZACI\u00d3N\",\"datePublished\":\"2024-02-27T16:30:51+00:00\",\"mainEntityOfPage\":{\"@id\":\"https:\/\/apuntesdesanluis.com\/index.php\/2024\/02\/27\/la-unvime-adhirio-al-comunicado-del-cin-y-declaro-el-estado-de-alerta-y-movilizacion\/\"},\"wordCount\":1163,\"publisher\":{\"@id\":\"https:\/\/apuntesdesanluis.com\/#\/schema\/person\/b55151d52296fcce64d1a72538a70b90\"},\"image\":{\"@id\":\"https:\/\/apuntesdesanluis.com\/index.php\/2024\/02\/27\/la-unvime-adhirio-al-comunicado-del-cin-y-declaro-el-estado-de-alerta-y-movilizacion\/#primaryimage\"},\"thumbnailUrl\":\"https:\/\/apuntesdesanluis.com\/wp-content\/uploads\/2024\/02\/Consejo-superior.jpg\",\"articleSection\":[\"Ciudad\/Provincia\"],\"inLanguage\":\"es-AR\"},{\"@type\":\"WebPage\",\"@id\":\"https:\/\/apuntesdesanluis.com\/index.php\/2024\/02\/27\/la-unvime-adhirio-al-comunicado-del-cin-y-declaro-el-estado-de-alerta-y-movilizacion\/\",\"url\":\"https:\/\/apuntesdesanluis.com\/index.php\/2024\/02\/27\/la-unvime-adhirio-al-comunicado-del-cin-y-declaro-el-estado-de-alerta-y-movilizacion\/\",\"name\":\"LA UNVIME ADHIRI\u00d3 AL COMUNICADO DEL CIN Y DECLAR\u00d3 EL ESTADO DE ALERTA Y MOVILIZACI\u00d3N - Apuntes de San Luis\",\"isPartOf\":{\"@id\":\"https:\/\/apuntesdesanluis.com\/#website\"},\"primaryImageOfPage\":{\"@id\":\"https:\/\/apuntesdesanluis.com\/index.php\/2024\/02\/27\/la-unvime-adhirio-al-comunicado-del-cin-y-declaro-el-estado-de-alerta-y-movilizacion\/#primaryimage\"},\"image\":{\"@id\":\"https:\/\/apuntesdesanluis.com\/index.php\/2024\/02\/27\/la-unvime-adhirio-al-comunicado-del-cin-y-declaro-el-estado-de-alerta-y-movilizacion\/#primaryimage\"},\"thumbnailUrl\":\"https:\/\/apuntesdesanluis.com\/wp-content\/uploads\/2024\/02\/Consejo-superior.jpg\",\"datePublished\":\"2024-02-27T16:30:51+00:00\",\"breadcrumb\":{\"@id\":\"https:\/\/apuntesdesanluis.com\/index.php\/2024\/02\/27\/la-unvime-adhirio-al-comunicado-del-cin-y-declaro-el-estado-de-alerta-y-movilizacion\/#breadcrumb\"},\"inLanguage\":\"es-AR\",\"potentialAction\":[{\"@type\":\"ReadAction\",\"target\":[\"https:\/\/apuntesdesanluis.com\/index.php\/2024\/02\/27\/la-unvime-adhirio-al-comunicado-del-cin-y-declaro-el-estado-de-alerta-y-movilizacion\/\"]}]},{\"@type\":\"ImageObject\",\"inLanguage\":\"es-AR\",\"@id\":\"https:\/\/apuntesdesanluis.com\/index.php\/2024\/02\/27\/la-unvime-adhirio-al-comunicado-del-cin-y-declaro-el-estado-de-alerta-y-movilizacion\/#primaryimage\",\"url\":\"https:\/\/apuntesdesanluis.com\/wp-content\/uploads\/2024\/02\/Consejo-superior.jpg\",\"contentUrl\":\"https:\/\/apuntesdesanluis.com\/wp-content\/uploads\/2024\/02\/Consejo-superior.jpg\",\"width\":568,\"height\":373},{\"@type\":\"BreadcrumbList\",\"@id\":\"https:\/\/apuntesdesanluis.com\/index.php\/2024\/02\/27\/la-unvime-adhirio-al-comunicado-del-cin-y-declaro-el-estado-de-alerta-y-movilizacion\/#breadcrumb\",\"itemListElement\":[{\"@type\":\"ListItem\",\"position\":1,\"name\":\"Inicio\",\"item\":\"https:\/\/apuntesdesanluis.com\/\"},{\"@type\":\"ListItem\",\"position\":2,\"name\":\"LA UNVIME ADHIRI\u00d3 AL COMUNICADO DEL CIN Y DECLAR\u00d3 EL ESTADO DE ALERTA Y MOVILIZACI\u00d3N\"}]},{\"@type\":\"WebSite\",\"@id\":\"https:\/\/apuntesdesanluis.com\/#website\",\"url\":\"https:\/\/apuntesdesanluis.com\/\",\"name\":\"Apuntes de San Luis\",\"description\":\"\",\"publisher\":{\"@id\":\"https:\/\/apuntesdesanluis.com\/#\/schema\/person\/b55151d52296fcce64d1a72538a70b90\"},\"potentialAction\":[{\"@type\":\"SearchAction\",\"target\":{\"@type\":\"EntryPoint\",\"urlTemplate\":\"https:\/\/apuntesdesanluis.com\/?s={search_term_string}\"},\"query-input\":{\"@type\":\"PropertyValueSpecification\",\"valueRequired\":true,\"valueName\":\"search_term_string\"}}],\"inLanguage\":\"es-AR\"},{\"@type\":[\"Person\",\"Organization\"],\"@id\":\"https:\/\/apuntesdesanluis.com\/#\/schema\/person\/b55151d52296fcce64d1a72538a70b90\",\"name\":\"apuntesdesanluis.com\",\"image\":{\"@type\":\"ImageObject\",\"inLanguage\":\"es-AR\",\"@id\":\"https:\/\/apuntesdesanluis.com\/#\/schema\/person\/image\/\",\"url\":\"https:\/\/apuntesdesanluis.com\/wp-content\/uploads\/2023\/07\/cropped-apuntesdesanluis.png\",\"contentUrl\":\"https:\/\/apuntesdesanluis.com\/wp-content\/uploads\/2023\/07\/cropped-apuntesdesanluis.png\",\"width\":450,\"height\":112,\"caption\":\"apuntesdesanluis.com\"},\"logo\":{\"@id\":\"https:\/\/apuntesdesanluis.com\/#\/schema\/person\/image\/\"},\"sameAs\":[\"https:\/\/apuntesdesanluis.com\"],\"url\":\"https:\/\/apuntesdesanluis.com\/index.php\/author\/apuntesdesanluis-com\/\"}]}<\/script>\n<!-- \/ Yoast SEO plugin. -->","yoast_head_json":{"title":"LA UNVIME ADHIRI\u00d3 AL COMUNICADO DEL CIN Y DECLAR\u00d3 EL ESTADO DE ALERTA Y MOVILIZACI\u00d3N - Apuntes de San Luis","robots":{"index":"index","follow":"follow","max-snippet":"max-snippet:-1","max-image-preview":"max-image-preview:large","max-video-preview":"max-video-preview:-1"},"canonical":"https:\/\/apuntesdesanluis.com\/index.php\/2024\/02\/27\/la-unvime-adhirio-al-comunicado-del-cin-y-declaro-el-estado-de-alerta-y-movilizacion\/","og_locale":"es_ES","og_type":"article","og_title":"LA UNVIME ADHIRI\u00d3 AL COMUNICADO DEL CIN Y DECLAR\u00d3 EL ESTADO DE ALERTA Y MOVILIZACI\u00d3N - Apuntes de San Luis","og_description":"Este martes en horas de la ma\u00f1ana el Consejo Superior de la Universidad Nacional de...","og_url":"https:\/\/apuntesdesanluis.com\/index.php\/2024\/02\/27\/la-unvime-adhirio-al-comunicado-del-cin-y-declaro-el-estado-de-alerta-y-movilizacion\/","og_site_name":"Apuntes de San Luis","article_published_time":"2024-02-27T16:30:51+00:00","og_image":[{"width":568,"height":373,"url":"https:\/\/apuntesdesanluis.com\/wp-content\/uploads\/2024\/02\/Consejo-superior.jpg","type":"image\/jpeg"}],"author":"apuntesdesanluis.com","twitter_card":"summary_large_image","twitter_misc":{"Escrito por":"apuntesdesanluis.com","Tiempo de lectura":"6 minutos"},"schema":{"@context":"https:\/\/schema.org","@graph":[{"@type":"Article","@id":"https:\/\/apuntesdesanluis.com\/index.php\/2024\/02\/27\/la-unvime-adhirio-al-comunicado-del-cin-y-declaro-el-estado-de-alerta-y-movilizacion\/#article","isPartOf":{"@id":"https:\/\/apuntesdesanluis.com\/index.php\/2024\/02\/27\/la-unvime-adhirio-al-comunicado-del-cin-y-declaro-el-estado-de-alerta-y-movilizacion\/"},"author":{"name":"apuntesdesanluis.com","@id":"https:\/\/apuntesdesanluis.com\/#\/schema\/person\/b55151d52296fcce64d1a72538a70b90"},"headline":"LA UNVIME ADHIRI\u00d3 AL COMUNICADO DEL CIN Y DECLAR\u00d3 EL ESTADO DE ALERTA Y MOVILIZACI\u00d3N","datePublished":"2024-02-27T16:30:51+00:00","mainEntityOfPage":{"@id":"https:\/\/apuntesdesanluis.com\/index.php\/2024\/02\/27\/la-unvime-adhirio-al-comunicado-del-cin-y-declaro-el-estado-de-alerta-y-movilizacion\/"},"wordCount":1163,"publisher":{"@id":"https:\/\/apuntesdesanluis.com\/#\/schema\/person\/b55151d52296fcce64d1a72538a70b90"},"image":{"@id":"https:\/\/apuntesdesanluis.com\/index.php\/2024\/02\/27\/la-unvime-adhirio-al-comunicado-del-cin-y-declaro-el-estado-de-alerta-y-movilizacion\/#primaryimage"},"thumbnailUrl":"https:\/\/apuntesdesanluis.com\/wp-content\/uploads\/2024\/02\/Consejo-superior.jpg","articleSection":["Ciudad\/Provincia"],"inLanguage":"es-AR"},{"@type":"WebPage","@id":"https:\/\/apuntesdesanluis.com\/index.php\/2024\/02\/27\/la-unvime-adhirio-al-comunicado-del-cin-y-declaro-el-estado-de-alerta-y-movilizacion\/","url":"https:\/\/apuntesdesanluis.com\/index.php\/2024\/02\/27\/la-unvime-adhirio-al-comunicado-del-cin-y-declaro-el-estado-de-alerta-y-movilizacion\/","name":"LA UNVIME ADHIRI\u00d3 AL COMUNICADO DEL CIN Y DECLAR\u00d3 EL ESTADO DE ALERTA Y MOVILIZACI\u00d3N - Apuntes de San Luis","isPartOf":{"@id":"https:\/\/apuntesdesanluis.com\/#website"},"primaryImageOfPage":{"@id":"https:\/\/apuntesdesanluis.com\/index.php\/2024\/02\/27\/la-unvime-adhirio-al-comunicado-del-cin-y-declaro-el-estado-de-alerta-y-movilizacion\/#primaryimage"},"image":{"@id":"https:\/\/apuntesdesanluis.com\/index.php\/2024\/02\/27\/la-unvime-adhirio-al-comunicado-del-cin-y-declaro-el-estado-de-alerta-y-movilizacion\/#primaryimage"},"thumbnailUrl":"https:\/\/apuntesdesanluis.com\/wp-content\/uploads\/2024\/02\/Consejo-superior.jpg","datePublished":"2024-02-27T16:30:51+00:00","breadcrumb":{"@id":"https:\/\/apuntesdesanluis.com\/index.php\/2024\/02\/27\/la-unvime-adhirio-al-comunicado-del-cin-y-declaro-el-estado-de-alerta-y-movilizacion\/#breadcrumb"},"inLanguage":"es-AR","potentialAction":[{"@type":"ReadAction","target":["https:\/\/apuntesdesanluis.com\/index.php\/2024\/02\/27\/la-unvime-adhirio-al-comunicado-del-cin-y-declaro-el-estado-de-alerta-y-movilizacion\/"]}]},{"@type":"ImageObject","inLanguage":"es-AR","@id":"https:\/\/apuntesdesanluis.com\/index.php\/2024\/02\/27\/la-unvime-adhirio-al-comunicado-del-cin-y-declaro-el-estado-de-alerta-y-movilizacion\/#primaryimage","url":"https:\/\/apuntesdesanluis.com\/wp-content\/uploads\/2024\/02\/Consejo-superior.jpg","contentUrl":"https:\/\/apuntesdesanluis.com\/wp-content\/uploads\/2024\/02\/Consejo-superior.jpg","width":568,"height":373},{"@type":"BreadcrumbList","@id":"https:\/\/apuntesdesanluis.com\/index.php\/2024\/02\/27\/la-unvime-adhirio-al-comunicado-del-cin-y-declaro-el-estado-de-alerta-y-movilizacion\/#breadcrumb","itemListElement":[{"@type":"ListItem","position":1,"name":"Inicio","item":"https:\/\/apuntesdesanluis.com\/"},{"@type":"ListItem","position":2,"name":"LA UNVIME ADHIRI\u00d3 AL COMUNICADO DEL CIN Y DECLAR\u00d3 EL ESTADO DE ALERTA Y MOVILIZACI\u00d3N"}]},{"@type":"WebSite","@id":"https:\/\/apuntesdesanluis.com\/#website","url":"https:\/\/apuntesdesanluis.com\/","name":"Apuntes de San Luis","description":"","publisher":{"@id":"https:\/\/apuntesdesanluis.com\/#\/schema\/person\/b55151d52296fcce64d1a72538a70b90"},"potentialAction":[{"@type":"SearchAction","target":{"@type":"EntryPoint","urlTemplate":"https:\/\/apuntesdesanluis.com\/?s={search_term_string}"},"query-input":{"@type":"PropertyValueSpecification","valueRequired":true,"valueName":"search_term_string"}}],"inLanguage":"es-AR"},{"@type":["Person","Organization"],"@id":"https:\/\/apuntesdesanluis.com\/#\/schema\/person\/b55151d52296fcce64d1a72538a70b90","name":"apuntesdesanluis.com","image":{"@type":"ImageObject","inLanguage":"es-AR","@id":"https:\/\/apuntesdesanluis.com\/#\/schema\/person\/image\/","url":"https:\/\/apuntesdesanluis.com\/wp-content\/uploads\/2023\/07\/cropped-apuntesdesanluis.png","contentUrl":"https:\/\/apuntesdesanluis.com\/wp-content\/uploads\/2023\/07\/cropped-apuntesdesanluis.png","width":450,"height":112,"caption":"apuntesdesanluis.com"},"logo":{"@id":"https:\/\/apuntesdesanluis.com\/#\/schema\/person\/image\/"},"sameAs":["https:\/\/apuntesdesanluis.com"],"url":"https:\/\/apuntesdesanluis.com\/index.php\/author\/apuntesdesanluis-com\/"}]}},"featured_image_urls":{"full":["https:\/\/apuntesdesanluis.com\/wp-content\/uploads\/2024\/02\/Consejo-superior.jpg",568,373,false],"thumbnail":["https:\/\/apuntesdesanluis.com\/wp-content\/uploads\/2024\/02\/Consejo-superior-150x150.jpg",150,150,true],"medium":["https:\/\/apuntesdesanluis.com\/wp-content\/uploads\/2024\/02\/Consejo-superior-300x197.jpg",300,197,true],"medium_large":["https:\/\/apuntesdesanluis.com\/wp-content\/uploads\/2024\/02\/Consejo-superior.jpg",568,373,false],"large":["https:\/\/apuntesdesanluis.com\/wp-content\/uploads\/2024\/02\/Consejo-superior.jpg",568,373,false],"1536x1536":["https:\/\/apuntesdesanluis.com\/wp-content\/uploads\/2024\/02\/Consejo-superior.jpg",568,373,false],"2048x2048":["https:\/\/apuntesdesanluis.com\/wp-content\/uploads\/2024\/02\/Consejo-superior.jpg",568,373,false],"newsever-slider-full":["https:\/\/apuntesdesanluis.com\/wp-content\/uploads\/2024\/02\/Consejo-superior.jpg",568,373,false],"newsever-featured":["https:\/\/apuntesdesanluis.com\/wp-content\/uploads\/2024\/02\/Consejo-superior.jpg",568,373,false],"newsever-medium":["https:\/\/apuntesdesanluis.com\/wp-content\/uploads\/2024\/02\/Consejo-superior.jpg",568,373,false]},"author_info":{"display_name":"apuntesdesanluis.com","author_link":"https:\/\/apuntesdesanluis.com\/index.php\/author\/apuntesdesanluis-com\/"},"category_info":"<a href=\"https:\/\/apuntesdesanluis.com\/index.php\/category\/ciudad-provincia\/\" rel=\"category tag\">Ciudad\/Provincia<\/a>","tag_info":"Ciudad\/Provincia","comment_count":"0","_links":{"self":[{"href":"https:\/\/apuntesdesanluis.com\/index.php\/wp-json\/wp\/v2\/posts\/12340","targetHints":{"allow":["GET"]}}],"collection":[{"href":"https:\/\/apuntesdesanluis.com\/index.php\/wp-json\/wp\/v2\/posts"}],"about":[{"href":"https:\/\/apuntesdesanluis.com\/index.php\/wp-json\/wp\/v2\/types\/post"}],"author":[{"embeddable":true,"href":"https:\/\/apuntesdesanluis.com\/index.php\/wp-json\/wp\/v2\/users\/1"}],"replies":[{"embeddable":true,"href":"https:\/\/apuntesdesanluis.com\/index.php\/wp-json\/wp\/v2\/comments?post=12340"}],"version-history":[{"count":1,"href":"https:\/\/apuntesdesanluis.com\/index.php\/wp-json\/wp\/v2\/posts\/12340\/revisions"}],"predecessor-version":[{"id":12344,"href":"https:\/\/apuntesdesanluis.com\/index.php\/wp-json\/wp\/v2\/posts\/12340\/revisions\/12344"}],"wp:featuredmedia":[{"embeddable":true,"href":"https:\/\/apuntesdesanluis.com\/index.php\/wp-json\/wp\/v2\/media\/12342"}],"wp:attachment":[{"href":"https:\/\/apuntesdesanluis.com\/index.php\/wp-json\/wp\/v2\/media?parent=12340"}],"wp:term":[{"taxonomy":"category","embeddable":true,"href":"https:\/\/apuntesdesanluis.com\/index.php\/wp-json\/wp\/v2\/categories?post=12340"},{"taxonomy":"post_tag","embeddable":true,"href":"https:\/\/apuntesdesanluis.com\/index.php\/wp-json\/wp\/v2\/tags?post=12340"}],"curies":[{"name":"wp","href":"https:\/\/api.w.org\/{rel}","templated":true}]}}