{"id":12348,"date":"2024-02-27T13:41:21","date_gmt":"2024-02-27T16:41:21","guid":{"rendered":"https:\/\/apuntesdesanluis.com\/?p=12348"},"modified":"2024-02-27T13:41:21","modified_gmt":"2024-02-27T16:41:21","slug":"rechazan-pedido-de-excarcelacion-para-acusado-de-abusar-y-apunalar-a-una-companera","status":"publish","type":"post","link":"https:\/\/apuntesdesanluis.com\/index.php\/2024\/02\/27\/rechazan-pedido-de-excarcelacion-para-acusado-de-abusar-y-apunalar-a-una-companera\/","title":{"rendered":"RECHAZAN PEDIDO DE EXCARCELACI\u00d3N PARA ACUSADO DE ABUSAR Y APU\u00d1ALAR A UNA COMPA\u00d1ERA"},"content":{"rendered":"<h3>El juez de Garant\u00eda N\u00b0 2 de la de la ciudad de San Luis, Juan Manuel Montiveros Chada, no hizo lugar al pedido de excarcelaci\u00f3n presentada por la defensa de F.B. por lo que el imputado de 18 a\u00f1os continuar\u00e1 alojado en el Servicio Penitenciario Provincial hasta el desarrollo del debate oral, que tiene fecha para el 9 y 10 de mayo pr\u00f3ximos.<\/h3>\n<h3>El joven est\u00e1 acusado de abusar sexualmente a una compa\u00f1era de colegio y de apu\u00f1alarla al menos 43 veces con un destornillador en la cabeza, t\u00f3rax y cara.<\/h3>\n<h3>El hecho que se investiga ocurri\u00f3 el lunes 24 de octubre de 2022 a las 16 horas, en un lote en construcci\u00f3n ubicado en la intersecci\u00f3n de las calles Balde y Los Puquios, en el barrio 131 Viviendas de la ciudad de San Luis. Desde esa fecha, el acusado permanece alojado en el Servicio Penitenciario provincial.<\/h3>\n<h3>En la audiencia de este lunes, Guillermo S\u00e1nchez Pagano, abogado del adolescente denunciado, argument\u00f3 que su defendido cumple prisi\u00f3n preventiva desde hace 15 meses, que ya se cumpli\u00f3 con la totalidad de la instrucci\u00f3n, que no se observan riesgos procesales y que la calificaci\u00f3n legal endilgada por la fiscal\u00eda no re\u00fane los requisitos de ley. Tambi\u00e9n ofreci\u00f3 una cauci\u00f3n personal y real de un mill\u00f3n de pesos.<\/h3>\n<h3>El fiscal de Instrucci\u00f3n N\u00b0 3, Esteban Roche, solicit\u00f3 que se rechace el planteo de la defensa y que los riesgos procesales siguen vigentes.<\/h3>\n<h3>En la audiencia de formulaci\u00f3n de cargos realizada en octubre del a\u00f1o pasado, el representante del Ministerio P\u00fablico Fiscal fundament\u00f3 el pedido de prisi\u00f3n preventiva por la existencia de elementos de convicci\u00f3n suficientes en cuanto a la autor\u00eda por parte del imputado y su participaci\u00f3n en el hecho; el peligro de fuga a partir de las caracter\u00edsticas del hecho investigado y el entorpecimiento de la causa debido al comportamiento del joven.<\/h3>\n<h3>En este sentido, Roche mencion\u00f3 que, al momento de ser detenido, el presunto agresor intent\u00f3 quemar la vestimenta que ten\u00eda al momento de cometer los supuestos hechos.<\/h3>\n<h3>Al acusado se le imputan los delitos de abuso sexual con acceso carnal en concurso real con el de homicidio agravado por mediar violencia de g\u00e9nero en grado de tentativa. La Fiscal\u00eda solicit\u00f3 una pena de 20 a\u00f1os de prisi\u00f3n.<\/h3>\n<h3><strong>COMIENZA EL DEBATE ORAL<\/strong><\/h3>\n<h3>La Direcci\u00f3n del Colegio de Jueces inform\u00f3 que la causa tiene fecha de debates para el 9 y 10 de mayo de 2024 a las 9 horas. El tribunal estar\u00e1 conformado por Jos\u00e9 Luis Flores en la presidencia, Julio Fernando De Viana como primer vocal y un juez de la Segunda Circunscripci\u00f3n ocupar\u00e1 el lugar del segundo vocal, encontr\u00e1ndose los otros Magistrados del Colegio de Jueces avocados a otros juicios.<\/h3>\n<h3>La Fiscal de Juicio ser\u00e1 Virginia Palacios Gonella y los abogados de la particular damnificada ser\u00e1n Federico Putelli y Santiago Calder\u00f3n Salom\u00f3n. La defensa t\u00e9cnica del imputado estar\u00e1 representada por S\u00e1nchez Pagano.<\/h3>\n<p>&nbsp;<\/p>\n<p>&nbsp;<\/p>\n<p>&nbsp;<\/p>\n<p>&nbsp;<\/p>\n<p>&nbsp;<\/p>\n<p>&nbsp;<\/p>\n<p>&nbsp;<\/p>\n","protected":false},"excerpt":{"rendered":"<p>El juez de Garant\u00eda N\u00b0 2 de la de la ciudad de San Luis, Juan&#8230;<\/p>\n","protected":false},"author":1,"featured_media":580,"comment_status":"closed","ping_status":"closed","sticky":false,"template":"","format":"standard","meta":{"footnotes":""},"categories":[6],"tags":[],"class_list":["post-12348","post","type-post","status-publish","format-standard","has-post-thumbnail","hentry","category-ciudad-provincia"],"yoast_head":"<!-- This site is optimized with the Yoast SEO plugin v26.1.1 - https:\/\/yoast.com\/wordpress\/plugins\/seo\/ -->\n<title>RECHAZAN PEDIDO DE EXCARCELACI\u00d3N PARA ACUSADO DE ABUSAR Y APU\u00d1ALAR A UNA COMPA\u00d1ERA - Apuntes de San Luis<\/title>\n<meta name=\"robots\" content=\"index, follow, max-snippet:-1, max-image-preview:large, max-video-preview:-1\" \/>\n<link rel=\"canonical\" href=\"https:\/\/apuntesdesanluis.com\/index.php\/2024\/02\/27\/rechazan-pedido-de-excarcelacion-para-acusado-de-abusar-y-apunalar-a-una-companera\/\" \/>\n<meta property=\"og:locale\" content=\"es_ES\" \/>\n<meta property=\"og:type\" content=\"article\" \/>\n<meta property=\"og:title\" content=\"RECHAZAN PEDIDO DE EXCARCELACI\u00d3N PARA ACUSADO DE ABUSAR Y APU\u00d1ALAR A UNA COMPA\u00d1ERA - Apuntes de San Luis\" \/>\n<meta property=\"og:description\" content=\"El juez de Garant\u00eda N\u00b0 2 de la de la ciudad de San Luis, Juan...\" \/>\n<meta property=\"og:url\" content=\"https:\/\/apuntesdesanluis.com\/index.php\/2024\/02\/27\/rechazan-pedido-de-excarcelacion-para-acusado-de-abusar-y-apunalar-a-una-companera\/\" \/>\n<meta property=\"og:site_name\" content=\"Apuntes de San Luis\" \/>\n<meta property=\"article:published_time\" content=\"2024-02-27T16:41:21+00:00\" \/>\n<meta property=\"og:image\" content=\"https:\/\/apuntesdesanluis.com\/wp-content\/uploads\/2023\/07\/tribunales-puntanos.png\" \/>\n\t<meta property=\"og:image:width\" content=\"788\" \/>\n\t<meta property=\"og:image:height\" content=\"480\" \/>\n\t<meta property=\"og:image:type\" content=\"image\/png\" \/>\n<meta name=\"author\" content=\"apuntesdesanluis.com\" \/>\n<meta name=\"twitter:card\" content=\"summary_large_image\" \/>\n<meta name=\"twitter:label1\" content=\"Escrito por\" \/>\n\t<meta name=\"twitter:data1\" content=\"apuntesdesanluis.com\" \/>\n\t<meta name=\"twitter:label2\" content=\"Tiempo de lectura\" \/>\n\t<meta name=\"twitter:data2\" content=\"3 minutos\" \/>\n<script type=\"application\/ld+json\" class=\"yoast-schema-graph\">{\"@context\":\"https:\/\/schema.org\",\"@graph\":[{\"@type\":\"Article\",\"@id\":\"https:\/\/apuntesdesanluis.com\/index.php\/2024\/02\/27\/rechazan-pedido-de-excarcelacion-para-acusado-de-abusar-y-apunalar-a-una-companera\/#article\",\"isPartOf\":{\"@id\":\"https:\/\/apuntesdesanluis.com\/index.php\/2024\/02\/27\/rechazan-pedido-de-excarcelacion-para-acusado-de-abusar-y-apunalar-a-una-companera\/\"},\"author\":{\"name\":\"apuntesdesanluis.com\",\"@id\":\"https:\/\/apuntesdesanluis.com\/#\/schema\/person\/b55151d52296fcce64d1a72538a70b90\"},\"headline\":\"RECHAZAN PEDIDO DE EXCARCELACI\u00d3N PARA ACUSADO DE ABUSAR Y APU\u00d1ALAR A UNA COMPA\u00d1ERA\",\"datePublished\":\"2024-02-27T16:41:21+00:00\",\"mainEntityOfPage\":{\"@id\":\"https:\/\/apuntesdesanluis.com\/index.php\/2024\/02\/27\/rechazan-pedido-de-excarcelacion-para-acusado-de-abusar-y-apunalar-a-una-companera\/\"},\"wordCount\":530,\"publisher\":{\"@id\":\"https:\/\/apuntesdesanluis.com\/#\/schema\/person\/b55151d52296fcce64d1a72538a70b90\"},\"image\":{\"@id\":\"https:\/\/apuntesdesanluis.com\/index.php\/2024\/02\/27\/rechazan-pedido-de-excarcelacion-para-acusado-de-abusar-y-apunalar-a-una-companera\/#primaryimage\"},\"thumbnailUrl\":\"https:\/\/apuntesdesanluis.com\/wp-content\/uploads\/2023\/07\/tribunales-puntanos.png\",\"articleSection\":[\"Ciudad\/Provincia\"],\"inLanguage\":\"es-AR\"},{\"@type\":\"WebPage\",\"@id\":\"https:\/\/apuntesdesanluis.com\/index.php\/2024\/02\/27\/rechazan-pedido-de-excarcelacion-para-acusado-de-abusar-y-apunalar-a-una-companera\/\",\"url\":\"https:\/\/apuntesdesanluis.com\/index.php\/2024\/02\/27\/rechazan-pedido-de-excarcelacion-para-acusado-de-abusar-y-apunalar-a-una-companera\/\",\"name\":\"RECHAZAN PEDIDO DE EXCARCELACI\u00d3N PARA ACUSADO DE ABUSAR Y APU\u00d1ALAR A UNA COMPA\u00d1ERA - Apuntes de San Luis\",\"isPartOf\":{\"@id\":\"https:\/\/apuntesdesanluis.com\/#website\"},\"primaryImageOfPage\":{\"@id\":\"https:\/\/apuntesdesanluis.com\/index.php\/2024\/02\/27\/rechazan-pedido-de-excarcelacion-para-acusado-de-abusar-y-apunalar-a-una-companera\/#primaryimage\"},\"image\":{\"@id\":\"https:\/\/apuntesdesanluis.com\/index.php\/2024\/02\/27\/rechazan-pedido-de-excarcelacion-para-acusado-de-abusar-y-apunalar-a-una-companera\/#primaryimage\"},\"thumbnailUrl\":\"https:\/\/apuntesdesanluis.com\/wp-content\/uploads\/2023\/07\/tribunales-puntanos.png\",\"datePublished\":\"2024-02-27T16:41:21+00:00\",\"breadcrumb\":{\"@id\":\"https:\/\/apuntesdesanluis.com\/index.php\/2024\/02\/27\/rechazan-pedido-de-excarcelacion-para-acusado-de-abusar-y-apunalar-a-una-companera\/#breadcrumb\"},\"inLanguage\":\"es-AR\",\"potentialAction\":[{\"@type\":\"ReadAction\",\"target\":[\"https:\/\/apuntesdesanluis.com\/index.php\/2024\/02\/27\/rechazan-pedido-de-excarcelacion-para-acusado-de-abusar-y-apunalar-a-una-companera\/\"]}]},{\"@type\":\"ImageObject\",\"inLanguage\":\"es-AR\",\"@id\":\"https:\/\/apuntesdesanluis.com\/index.php\/2024\/02\/27\/rechazan-pedido-de-excarcelacion-para-acusado-de-abusar-y-apunalar-a-una-companera\/#primaryimage\",\"url\":\"https:\/\/apuntesdesanluis.com\/wp-content\/uploads\/2023\/07\/tribunales-puntanos.png\",\"contentUrl\":\"https:\/\/apuntesdesanluis.com\/wp-content\/uploads\/2023\/07\/tribunales-puntanos.png\",\"width\":788,\"height\":480},{\"@type\":\"BreadcrumbList\",\"@id\":\"https:\/\/apuntesdesanluis.com\/index.php\/2024\/02\/27\/rechazan-pedido-de-excarcelacion-para-acusado-de-abusar-y-apunalar-a-una-companera\/#breadcrumb\",\"itemListElement\":[{\"@type\":\"ListItem\",\"position\":1,\"name\":\"Inicio\",\"item\":\"https:\/\/apuntesdesanluis.com\/\"},{\"@type\":\"ListItem\",\"position\":2,\"name\":\"RECHAZAN PEDIDO DE EXCARCELACI\u00d3N PARA ACUSADO DE ABUSAR Y APU\u00d1ALAR A UNA COMPA\u00d1ERA\"}]},{\"@type\":\"WebSite\",\"@id\":\"https:\/\/apuntesdesanluis.com\/#website\",\"url\":\"https:\/\/apuntesdesanluis.com\/\",\"name\":\"Apuntes de San Luis\",\"description\":\"\",\"publisher\":{\"@id\":\"https:\/\/apuntesdesanluis.com\/#\/schema\/person\/b55151d52296fcce64d1a72538a70b90\"},\"potentialAction\":[{\"@type\":\"SearchAction\",\"target\":{\"@type\":\"EntryPoint\",\"urlTemplate\":\"https:\/\/apuntesdesanluis.com\/?s={search_term_string}\"},\"query-input\":{\"@type\":\"PropertyValueSpecification\",\"valueRequired\":true,\"valueName\":\"search_term_string\"}}],\"inLanguage\":\"es-AR\"},{\"@type\":[\"Person\",\"Organization\"],\"@id\":\"https:\/\/apuntesdesanluis.com\/#\/schema\/person\/b55151d52296fcce64d1a72538a70b90\",\"name\":\"apuntesdesanluis.com\",\"image\":{\"@type\":\"ImageObject\",\"inLanguage\":\"es-AR\",\"@id\":\"https:\/\/apuntesdesanluis.com\/#\/schema\/person\/image\/\",\"url\":\"https:\/\/apuntesdesanluis.com\/wp-content\/uploads\/2023\/07\/cropped-apuntesdesanluis.png\",\"contentUrl\":\"https:\/\/apuntesdesanluis.com\/wp-content\/uploads\/2023\/07\/cropped-apuntesdesanluis.png\",\"width\":450,\"height\":112,\"caption\":\"apuntesdesanluis.com\"},\"logo\":{\"@id\":\"https:\/\/apuntesdesanluis.com\/#\/schema\/person\/image\/\"},\"sameAs\":[\"https:\/\/apuntesdesanluis.com\"],\"url\":\"https:\/\/apuntesdesanluis.com\/index.php\/author\/apuntesdesanluis-com\/\"}]}<\/script>\n<!-- \/ Yoast SEO plugin. -->","yoast_head_json":{"title":"RECHAZAN PEDIDO DE EXCARCELACI\u00d3N PARA ACUSADO DE ABUSAR Y APU\u00d1ALAR A UNA COMPA\u00d1ERA - Apuntes de San Luis","robots":{"index":"index","follow":"follow","max-snippet":"max-snippet:-1","max-image-preview":"max-image-preview:large","max-video-preview":"max-video-preview:-1"},"canonical":"https:\/\/apuntesdesanluis.com\/index.php\/2024\/02\/27\/rechazan-pedido-de-excarcelacion-para-acusado-de-abusar-y-apunalar-a-una-companera\/","og_locale":"es_ES","og_type":"article","og_title":"RECHAZAN PEDIDO DE EXCARCELACI\u00d3N PARA ACUSADO DE ABUSAR Y APU\u00d1ALAR A UNA COMPA\u00d1ERA - Apuntes de San Luis","og_description":"El juez de Garant\u00eda N\u00b0 2 de la de la ciudad de San Luis, Juan...","og_url":"https:\/\/apuntesdesanluis.com\/index.php\/2024\/02\/27\/rechazan-pedido-de-excarcelacion-para-acusado-de-abusar-y-apunalar-a-una-companera\/","og_site_name":"Apuntes de San Luis","article_published_time":"2024-02-27T16:41:21+00:00","og_image":[{"width":788,"height":480,"url":"https:\/\/apuntesdesanluis.com\/wp-content\/uploads\/2023\/07\/tribunales-puntanos.png","type":"image\/png"}],"author":"apuntesdesanluis.com","twitter_card":"summary_large_image","twitter_misc":{"Escrito por":"apuntesdesanluis.com","Tiempo de lectura":"3 minutos"},"schema":{"@context":"https:\/\/schema.org","@graph":[{"@type":"Article","@id":"https:\/\/apuntesdesanluis.com\/index.php\/2024\/02\/27\/rechazan-pedido-de-excarcelacion-para-acusado-de-abusar-y-apunalar-a-una-companera\/#article","isPartOf":{"@id":"https:\/\/apuntesdesanluis.com\/index.php\/2024\/02\/27\/rechazan-pedido-de-excarcelacion-para-acusado-de-abusar-y-apunalar-a-una-companera\/"},"author":{"name":"apuntesdesanluis.com","@id":"https:\/\/apuntesdesanluis.com\/#\/schema\/person\/b55151d52296fcce64d1a72538a70b90"},"headline":"RECHAZAN PEDIDO DE EXCARCELACI\u00d3N PARA ACUSADO DE ABUSAR Y APU\u00d1ALAR A UNA COMPA\u00d1ERA","datePublished":"2024-02-27T16:41:21+00:00","mainEntityOfPage":{"@id":"https:\/\/apuntesdesanluis.com\/index.php\/2024\/02\/27\/rechazan-pedido-de-excarcelacion-para-acusado-de-abusar-y-apunalar-a-una-companera\/"},"wordCount":530,"publisher":{"@id":"https:\/\/apuntesdesanluis.com\/#\/schema\/person\/b55151d52296fcce64d1a72538a70b90"},"image":{"@id":"https:\/\/apuntesdesanluis.com\/index.php\/2024\/02\/27\/rechazan-pedido-de-excarcelacion-para-acusado-de-abusar-y-apunalar-a-una-companera\/#primaryimage"},"thumbnailUrl":"https:\/\/apuntesdesanluis.com\/wp-content\/uploads\/2023\/07\/tribunales-puntanos.png","articleSection":["Ciudad\/Provincia"],"inLanguage":"es-AR"},{"@type":"WebPage","@id":"https:\/\/apuntesdesanluis.com\/index.php\/2024\/02\/27\/rechazan-pedido-de-excarcelacion-para-acusado-de-abusar-y-apunalar-a-una-companera\/","url":"https:\/\/apuntesdesanluis.com\/index.php\/2024\/02\/27\/rechazan-pedido-de-excarcelacion-para-acusado-de-abusar-y-apunalar-a-una-companera\/","name":"RECHAZAN PEDIDO DE EXCARCELACI\u00d3N PARA ACUSADO DE ABUSAR Y APU\u00d1ALAR A UNA COMPA\u00d1ERA - Apuntes de San Luis","isPartOf":{"@id":"https:\/\/apuntesdesanluis.com\/#website"},"primaryImageOfPage":{"@id":"https:\/\/apuntesdesanluis.com\/index.php\/2024\/02\/27\/rechazan-pedido-de-excarcelacion-para-acusado-de-abusar-y-apunalar-a-una-companera\/#primaryimage"},"image":{"@id":"https:\/\/apuntesdesanluis.com\/index.php\/2024\/02\/27\/rechazan-pedido-de-excarcelacion-para-acusado-de-abusar-y-apunalar-a-una-companera\/#primaryimage"},"thumbnailUrl":"https:\/\/apuntesdesanluis.com\/wp-content\/uploads\/2023\/07\/tribunales-puntanos.png","datePublished":"2024-02-27T16:41:21+00:00","breadcrumb":{"@id":"https:\/\/apuntesdesanluis.com\/index.php\/2024\/02\/27\/rechazan-pedido-de-excarcelacion-para-acusado-de-abusar-y-apunalar-a-una-companera\/#breadcrumb"},"inLanguage":"es-AR","potentialAction":[{"@type":"ReadAction","target":["https:\/\/apuntesdesanluis.com\/index.php\/2024\/02\/27\/rechazan-pedido-de-excarcelacion-para-acusado-de-abusar-y-apunalar-a-una-companera\/"]}]},{"@type":"ImageObject","inLanguage":"es-AR","@id":"https:\/\/apuntesdesanluis.com\/index.php\/2024\/02\/27\/rechazan-pedido-de-excarcelacion-para-acusado-de-abusar-y-apunalar-a-una-companera\/#primaryimage","url":"https:\/\/apuntesdesanluis.com\/wp-content\/uploads\/2023\/07\/tribunales-puntanos.png","contentUrl":"https:\/\/apuntesdesanluis.com\/wp-content\/uploads\/2023\/07\/tribunales-puntanos.png","width":788,"height":480},{"@type":"BreadcrumbList","@id":"https:\/\/apuntesdesanluis.com\/index.php\/2024\/02\/27\/rechazan-pedido-de-excarcelacion-para-acusado-de-abusar-y-apunalar-a-una-companera\/#breadcrumb","itemListElement":[{"@type":"ListItem","position":1,"name":"Inicio","item":"https:\/\/apuntesdesanluis.com\/"},{"@type":"ListItem","position":2,"name":"RECHAZAN PEDIDO DE EXCARCELACI\u00d3N PARA ACUSADO DE ABUSAR Y APU\u00d1ALAR A UNA COMPA\u00d1ERA"}]},{"@type":"WebSite","@id":"https:\/\/apuntesdesanluis.com\/#website","url":"https:\/\/apuntesdesanluis.com\/","name":"Apuntes de San Luis","description":"","publisher":{"@id":"https:\/\/apuntesdesanluis.com\/#\/schema\/person\/b55151d52296fcce64d1a72538a70b90"},"potentialAction":[{"@type":"SearchAction","target":{"@type":"EntryPoint","urlTemplate":"https:\/\/apuntesdesanluis.com\/?s={search_term_string}"},"query-input":{"@type":"PropertyValueSpecification","valueRequired":true,"valueName":"search_term_string"}}],"inLanguage":"es-AR"},{"@type":["Person","Organization"],"@id":"https:\/\/apuntesdesanluis.com\/#\/schema\/person\/b55151d52296fcce64d1a72538a70b90","name":"apuntesdesanluis.com","image":{"@type":"ImageObject","inLanguage":"es-AR","@id":"https:\/\/apuntesdesanluis.com\/#\/schema\/person\/image\/","url":"https:\/\/apuntesdesanluis.com\/wp-content\/uploads\/2023\/07\/cropped-apuntesdesanluis.png","contentUrl":"https:\/\/apuntesdesanluis.com\/wp-content\/uploads\/2023\/07\/cropped-apuntesdesanluis.png","width":450,"height":112,"caption":"apuntesdesanluis.com"},"logo":{"@id":"https:\/\/apuntesdesanluis.com\/#\/schema\/person\/image\/"},"sameAs":["https:\/\/apuntesdesanluis.com"],"url":"https:\/\/apuntesdesanluis.com\/index.php\/author\/apuntesdesanluis-com\/"}]}},"featured_image_urls":{"full":["https:\/\/apuntesdesanluis.com\/wp-content\/uploads\/2023\/07\/tribunales-puntanos.png",788,480,false],"thumbnail":["https:\/\/apuntesdesanluis.com\/wp-content\/uploads\/2023\/07\/tribunales-puntanos-150x150.png",150,150,true],"medium":["https:\/\/apuntesdesanluis.com\/wp-content\/uploads\/2023\/07\/tribunales-puntanos-300x183.png",300,183,true],"medium_large":["https:\/\/apuntesdesanluis.com\/wp-content\/uploads\/2023\/07\/tribunales-puntanos-768x468.png",640,390,true],"large":["https:\/\/apuntesdesanluis.com\/wp-content\/uploads\/2023\/07\/tribunales-puntanos.png",640,390,false],"1536x1536":["https:\/\/apuntesdesanluis.com\/wp-content\/uploads\/2023\/07\/tribunales-puntanos.png",788,480,false],"2048x2048":["https:\/\/apuntesdesanluis.com\/wp-content\/uploads\/2023\/07\/tribunales-puntanos.png",788,480,false],"newsever-slider-full":["https:\/\/apuntesdesanluis.com\/wp-content\/uploads\/2023\/07\/tribunales-puntanos.png",788,480,false],"newsever-featured":["https:\/\/apuntesdesanluis.com\/wp-content\/uploads\/2023\/07\/tribunales-puntanos.png",788,480,false],"newsever-medium":["https:\/\/apuntesdesanluis.com\/wp-content\/uploads\/2023\/07\/tribunales-puntanos-720x475.png",720,475,true]},"author_info":{"display_name":"apuntesdesanluis.com","author_link":"https:\/\/apuntesdesanluis.com\/index.php\/author\/apuntesdesanluis-com\/"},"category_info":"<a href=\"https:\/\/apuntesdesanluis.com\/index.php\/category\/ciudad-provincia\/\" rel=\"category tag\">Ciudad\/Provincia<\/a>","tag_info":"Ciudad\/Provincia","comment_count":"0","_links":{"self":[{"href":"https:\/\/apuntesdesanluis.com\/index.php\/wp-json\/wp\/v2\/posts\/12348","targetHints":{"allow":["GET"]}}],"collection":[{"href":"https:\/\/apuntesdesanluis.com\/index.php\/wp-json\/wp\/v2\/posts"}],"about":[{"href":"https:\/\/apuntesdesanluis.com\/index.php\/wp-json\/wp\/v2\/types\/post"}],"author":[{"embeddable":true,"href":"https:\/\/apuntesdesanluis.com\/index.php\/wp-json\/wp\/v2\/users\/1"}],"replies":[{"embeddable":true,"href":"https:\/\/apuntesdesanluis.com\/index.php\/wp-json\/wp\/v2\/comments?post=12348"}],"version-history":[{"count":1,"href":"https:\/\/apuntesdesanluis.com\/index.php\/wp-json\/wp\/v2\/posts\/12348\/revisions"}],"predecessor-version":[{"id":12349,"href":"https:\/\/apuntesdesanluis.com\/index.php\/wp-json\/wp\/v2\/posts\/12348\/revisions\/12349"}],"wp:featuredmedia":[{"embeddable":true,"href":"https:\/\/apuntesdesanluis.com\/index.php\/wp-json\/wp\/v2\/media\/580"}],"wp:attachment":[{"href":"https:\/\/apuntesdesanluis.com\/index.php\/wp-json\/wp\/v2\/media?parent=12348"}],"wp:term":[{"taxonomy":"category","embeddable":true,"href":"https:\/\/apuntesdesanluis.com\/index.php\/wp-json\/wp\/v2\/categories?post=12348"},{"taxonomy":"post_tag","embeddable":true,"href":"https:\/\/apuntesdesanluis.com\/index.php\/wp-json\/wp\/v2\/tags?post=12348"}],"curies":[{"name":"wp","href":"https:\/\/api.w.org\/{rel}","templated":true}]}}