{"id":1236,"date":"2023-08-07T20:57:35","date_gmt":"2023-08-07T23:57:35","guid":{"rendered":"https:\/\/apuntesdesanluis.com\/?p=1236"},"modified":"2023-08-07T20:59:01","modified_gmt":"2023-08-07T23:59:01","slug":"homicidio-de-jose-acosta-rechazaron-planteo-de-la-defensa","status":"publish","type":"post","link":"https:\/\/apuntesdesanluis.com\/index.php\/2023\/08\/07\/homicidio-de-jose-acosta-rechazaron-planteo-de-la-defensa\/","title":{"rendered":"HOMICIDIO DE JOSE ACOSTA: RECHAZARON PLANTEO DE LA DEFENSA"},"content":{"rendered":"<h3>El Tribunal de Impugnaci\u00f3n de la Segunda y Tercera Circunscripci\u00f3n Judicial, confirm\u00f3 en todas sus partes lo resuelto por el Juez de Garant\u00eda <strong>Dr. Santiago Ortiz,<\/strong> en cuanto a la formulaci\u00f3n de cargos\u00a0por el delito de homicidio calificado por el uso de arma de fuego y en relaci\u00f3n a la prisi\u00f3n preventiva, oportunamente ordenada.<\/h3>\n<h3>El tribunal integrado por las Dras. Mar\u00eda Monserrath Bocca, Cintia Paola Mart\u00edn y Yanina del Viso resolvi\u00f3 rechazar el recurso de apelaci\u00f3n articulado por la defensa y confirmar lo resuelto por el Juez de Garant\u00eda N\u00ba 4 en relaci\u00f3n a la calificaci\u00f3n legal.<\/h3>\n<h3>El hecho investigado \u00a0sucedi\u00f3 el pasado 17 de abril a la madrugada en el Barrio Eva Per\u00f3n N\u00ba 1 de Villa Mercedes y \u00a0tuvo como v\u00edctima fatal a Jos\u00e9 Acosta.\u00a0En\u00a0la audiencia de formulaci\u00f3n de cargos dos\u00a0 hombres resultaron imputados por el delito de homicidio calificado por el uso de arma de fuego. Como medida de coerci\u00f3n se orden\u00f3 la prisi\u00f3n preventiva por el t\u00e9rmino de 4 meses.<em>\u00a0Esta resoluci\u00f3n del Dr. Santiago Ortiz fue apelada por la defensa de uno de los acusados, ejercida por la Defensora Oficial N\u00ba 2, Dra. Eliana Pradel por lo que la causa se elev\u00f3 al Tribunal de Impugnaci\u00f3n.<\/em><\/h3>\n<h3>En la audiencia celebrada en el Tribunal de Impugnaci\u00f3n la <strong>Dra. Pradel<\/strong>, plante\u00f3 que la resoluci\u00f3n result\u00f3 arbitraria porque careci\u00f3 de fundamentaci\u00f3n legal, se efectuaron err\u00f3neas interpretaciones de las normativas de fondos y procesales, y en consecuencia, consider\u00f3 que violent\u00f3 principios y garant\u00edas constitucionales, causando un grave e irreparable perjuicio a ambas personas. Asimismo, sostuvo que no correspond\u00eda agravar la imputaci\u00f3n por lo previsto en el art\u00edculo 41 bis del C\u00f3digo Penal Argentino.<\/h3>\n<h4><em>Art\u00edculo 41 bis C\u00f3digo Penal: Cuando alguno de los delitos previstos en este\u00a0C\u00f3digo\u00a0se cometiera con violencia o intimidaci\u00f3n contra las personas mediante el empleo de un arma de fuego la escala\u00a0penal\u00a0prevista para el delito de\u00a0que\u00a0se trate se elevar\u00e1 en un tercio en su m\u00ednimo y en su m\u00e1ximo, sin\u00a0que\u00a0\u00e9sta pueda exceder el m\u00e1ximo.<\/em><\/h4>\n<h3>Al planteo de la defensora oficial, se sum\u00f3 el <strong>Dr. Valent\u00edn Rivadera<\/strong>, quien asumi\u00f3 la representaci\u00f3n de uno de los imputados. Ambos defensores se expresaron tambi\u00e9n en contra de la medida de coerci\u00f3n ordenada por el Juez de Garant\u00eda.<\/h3>\n<h3><strong>RESOLUCI\u00d3N<\/strong><\/h3>\n<h3>Mediante el Auto Interlocutorio N\u00famero Cincuenta y Tres,\u00a0<strong>el Tribunal de Impugnaci\u00f3n resolvi\u00f3:<\/strong><\/h3>\n<ul>\n<li>\n<h3><strong>No hacer lugar al recurso de apelaci\u00f3n articulado por la defensa de los imputados \u2013 en contra de la resoluci\u00f3n dictada por el Juez de Garant\u00edas N\u00b0 4, Dr. Santiago Ortiz, en audiencia de formulaci\u00f3n de cargos de fecha 27\/04\/23.<\/strong><\/h3>\n<\/li>\n<li>\n<h3><strong>Confirmar en todas sus partes la resoluci\u00f3n dictada en audiencia de formulaci\u00f3n de cargos de fecha 27\/04\/23, por el Juez de Garant\u00eda N\u00ba 4, Santiago Ortiz, en la que dispuso tener por formulados cargos (conforme art\u00edculo 110 del C\u00f3digo procesal Penal) en contra de los ciudadanos F.R.G. y R.M. por el delito de HOMICIDIO CALIFICADO POR EL USO DE ARMA DE FUEGO, previsto en los art\u00edculos 79, 41 bis y 45 del C\u00f3digo Penal, e impuso para ambos imputados, la medida de coerci\u00f3n personal de prisi\u00f3n preventiva por el plazo de cuatro (4) meses.<\/strong><\/h3>\n<\/li>\n<\/ul>\n<h3>A la hora de resolver frente al cuestionamiento de la calificaci\u00f3n legal formulado por la defensa el tribunal consider\u00f3 que \u201chasta el momento y con las evidencias obrantes en autos, sumado a lo expresado por las partes en audiencia, el agravante del art\u00edculo 41 bis es aplicable; motivo por el cual se considera que lo resuelto por el Juez de Garant\u00edas N\u00b0 4, Dr. Santiago Ortiz, debe confirmarse y tenerse por formulados cargos en contra de los imputados de autos, por el delito de homicidio simple agravado por el uso de arma de fuego\u201d.-<\/h3>\n<h3>En cuanto a la medida de coerci\u00f3n, el tribunal estim\u00f3 \u201cque el plazo de cuatro (4) meses, es proporcional y razonable en relaci\u00f3n al hecho investigado, as\u00ed como a las evidencias y medidas que restan realizarse; por lo que, tambi\u00e9n se estima prudente confirmar la prisi\u00f3n preventiva y el plazo de la misma\u201d.<\/h3>\n","protected":false},"excerpt":{"rendered":"<p>El Tribunal de Impugnaci\u00f3n de la Segunda y Tercera Circunscripci\u00f3n Judicial, confirm\u00f3 en todas sus&#8230;<\/p>\n","protected":false},"author":1,"featured_media":764,"comment_status":"closed","ping_status":"closed","sticky":false,"template":"","format":"standard","meta":{"footnotes":""},"categories":[6],"tags":[],"class_list":["post-1236","post","type-post","status-publish","format-standard","has-post-thumbnail","hentry","category-ciudad-provincia"],"yoast_head":"<!-- This site is optimized with the Yoast SEO plugin v26.1.1 - https:\/\/yoast.com\/wordpress\/plugins\/seo\/ -->\n<title>HOMICIDIO DE JOSE ACOSTA: RECHAZARON PLANTEO DE LA DEFENSA - Apuntes de San Luis<\/title>\n<meta name=\"robots\" content=\"index, follow, max-snippet:-1, max-image-preview:large, max-video-preview:-1\" \/>\n<link rel=\"canonical\" href=\"https:\/\/apuntesdesanluis.com\/index.php\/2023\/08\/07\/homicidio-de-jose-acosta-rechazaron-planteo-de-la-defensa\/\" \/>\n<meta property=\"og:locale\" content=\"es_ES\" \/>\n<meta property=\"og:type\" content=\"article\" \/>\n<meta property=\"og:title\" content=\"HOMICIDIO DE JOSE ACOSTA: RECHAZARON PLANTEO DE LA DEFENSA - Apuntes de San Luis\" \/>\n<meta property=\"og:description\" content=\"El Tribunal de Impugnaci\u00f3n de la Segunda y Tercera Circunscripci\u00f3n Judicial, confirm\u00f3 en todas sus...\" \/>\n<meta property=\"og:url\" content=\"https:\/\/apuntesdesanluis.com\/index.php\/2023\/08\/07\/homicidio-de-jose-acosta-rechazaron-planteo-de-la-defensa\/\" \/>\n<meta property=\"og:site_name\" content=\"Apuntes de San Luis\" \/>\n<meta property=\"article:published_time\" content=\"2023-08-07T23:57:35+00:00\" \/>\n<meta property=\"article:modified_time\" content=\"2023-08-07T23:59:01+00:00\" \/>\n<meta property=\"og:image\" content=\"https:\/\/apuntesdesanluis.com\/wp-content\/uploads\/2023\/07\/tribunales-de-villa-mercedes.png\" \/>\n\t<meta property=\"og:image:width\" content=\"739\" \/>\n\t<meta property=\"og:image:height\" content=\"443\" \/>\n\t<meta property=\"og:image:type\" content=\"image\/png\" \/>\n<meta name=\"author\" content=\"apuntesdesanluis.com\" \/>\n<meta name=\"twitter:card\" content=\"summary_large_image\" \/>\n<meta name=\"twitter:label1\" content=\"Escrito por\" \/>\n\t<meta name=\"twitter:data1\" content=\"apuntesdesanluis.com\" \/>\n\t<meta name=\"twitter:label2\" content=\"Tiempo de lectura\" \/>\n\t<meta name=\"twitter:data2\" content=\"4 minutos\" \/>\n<script type=\"application\/ld+json\" class=\"yoast-schema-graph\">{\"@context\":\"https:\/\/schema.org\",\"@graph\":[{\"@type\":\"Article\",\"@id\":\"https:\/\/apuntesdesanluis.com\/index.php\/2023\/08\/07\/homicidio-de-jose-acosta-rechazaron-planteo-de-la-defensa\/#article\",\"isPartOf\":{\"@id\":\"https:\/\/apuntesdesanluis.com\/index.php\/2023\/08\/07\/homicidio-de-jose-acosta-rechazaron-planteo-de-la-defensa\/\"},\"author\":{\"name\":\"apuntesdesanluis.com\",\"@id\":\"https:\/\/apuntesdesanluis.com\/#\/schema\/person\/b55151d52296fcce64d1a72538a70b90\"},\"headline\":\"HOMICIDIO DE JOSE ACOSTA: RECHAZARON PLANTEO DE LA DEFENSA\",\"datePublished\":\"2023-08-07T23:57:35+00:00\",\"dateModified\":\"2023-08-07T23:59:01+00:00\",\"mainEntityOfPage\":{\"@id\":\"https:\/\/apuntesdesanluis.com\/index.php\/2023\/08\/07\/homicidio-de-jose-acosta-rechazaron-planteo-de-la-defensa\/\"},\"wordCount\":729,\"publisher\":{\"@id\":\"https:\/\/apuntesdesanluis.com\/#\/schema\/person\/b55151d52296fcce64d1a72538a70b90\"},\"image\":{\"@id\":\"https:\/\/apuntesdesanluis.com\/index.php\/2023\/08\/07\/homicidio-de-jose-acosta-rechazaron-planteo-de-la-defensa\/#primaryimage\"},\"thumbnailUrl\":\"https:\/\/apuntesdesanluis.com\/wp-content\/uploads\/2023\/07\/tribunales-de-villa-mercedes.png\",\"articleSection\":[\"Ciudad\/Provincia\"],\"inLanguage\":\"es-AR\"},{\"@type\":\"WebPage\",\"@id\":\"https:\/\/apuntesdesanluis.com\/index.php\/2023\/08\/07\/homicidio-de-jose-acosta-rechazaron-planteo-de-la-defensa\/\",\"url\":\"https:\/\/apuntesdesanluis.com\/index.php\/2023\/08\/07\/homicidio-de-jose-acosta-rechazaron-planteo-de-la-defensa\/\",\"name\":\"HOMICIDIO DE JOSE ACOSTA: RECHAZARON PLANTEO DE LA DEFENSA - Apuntes de San Luis\",\"isPartOf\":{\"@id\":\"https:\/\/apuntesdesanluis.com\/#website\"},\"primaryImageOfPage\":{\"@id\":\"https:\/\/apuntesdesanluis.com\/index.php\/2023\/08\/07\/homicidio-de-jose-acosta-rechazaron-planteo-de-la-defensa\/#primaryimage\"},\"image\":{\"@id\":\"https:\/\/apuntesdesanluis.com\/index.php\/2023\/08\/07\/homicidio-de-jose-acosta-rechazaron-planteo-de-la-defensa\/#primaryimage\"},\"thumbnailUrl\":\"https:\/\/apuntesdesanluis.com\/wp-content\/uploads\/2023\/07\/tribunales-de-villa-mercedes.png\",\"datePublished\":\"2023-08-07T23:57:35+00:00\",\"dateModified\":\"2023-08-07T23:59:01+00:00\",\"breadcrumb\":{\"@id\":\"https:\/\/apuntesdesanluis.com\/index.php\/2023\/08\/07\/homicidio-de-jose-acosta-rechazaron-planteo-de-la-defensa\/#breadcrumb\"},\"inLanguage\":\"es-AR\",\"potentialAction\":[{\"@type\":\"ReadAction\",\"target\":[\"https:\/\/apuntesdesanluis.com\/index.php\/2023\/08\/07\/homicidio-de-jose-acosta-rechazaron-planteo-de-la-defensa\/\"]}]},{\"@type\":\"ImageObject\",\"inLanguage\":\"es-AR\",\"@id\":\"https:\/\/apuntesdesanluis.com\/index.php\/2023\/08\/07\/homicidio-de-jose-acosta-rechazaron-planteo-de-la-defensa\/#primaryimage\",\"url\":\"https:\/\/apuntesdesanluis.com\/wp-content\/uploads\/2023\/07\/tribunales-de-villa-mercedes.png\",\"contentUrl\":\"https:\/\/apuntesdesanluis.com\/wp-content\/uploads\/2023\/07\/tribunales-de-villa-mercedes.png\",\"width\":739,\"height\":443},{\"@type\":\"BreadcrumbList\",\"@id\":\"https:\/\/apuntesdesanluis.com\/index.php\/2023\/08\/07\/homicidio-de-jose-acosta-rechazaron-planteo-de-la-defensa\/#breadcrumb\",\"itemListElement\":[{\"@type\":\"ListItem\",\"position\":1,\"name\":\"Inicio\",\"item\":\"https:\/\/apuntesdesanluis.com\/\"},{\"@type\":\"ListItem\",\"position\":2,\"name\":\"HOMICIDIO DE JOSE ACOSTA: RECHAZARON PLANTEO DE LA DEFENSA\"}]},{\"@type\":\"WebSite\",\"@id\":\"https:\/\/apuntesdesanluis.com\/#website\",\"url\":\"https:\/\/apuntesdesanluis.com\/\",\"name\":\"Apuntes de San Luis\",\"description\":\"\",\"publisher\":{\"@id\":\"https:\/\/apuntesdesanluis.com\/#\/schema\/person\/b55151d52296fcce64d1a72538a70b90\"},\"potentialAction\":[{\"@type\":\"SearchAction\",\"target\":{\"@type\":\"EntryPoint\",\"urlTemplate\":\"https:\/\/apuntesdesanluis.com\/?s={search_term_string}\"},\"query-input\":{\"@type\":\"PropertyValueSpecification\",\"valueRequired\":true,\"valueName\":\"search_term_string\"}}],\"inLanguage\":\"es-AR\"},{\"@type\":[\"Person\",\"Organization\"],\"@id\":\"https:\/\/apuntesdesanluis.com\/#\/schema\/person\/b55151d52296fcce64d1a72538a70b90\",\"name\":\"apuntesdesanluis.com\",\"image\":{\"@type\":\"ImageObject\",\"inLanguage\":\"es-AR\",\"@id\":\"https:\/\/apuntesdesanluis.com\/#\/schema\/person\/image\/\",\"url\":\"https:\/\/apuntesdesanluis.com\/wp-content\/uploads\/2023\/07\/cropped-apuntesdesanluis.png\",\"contentUrl\":\"https:\/\/apuntesdesanluis.com\/wp-content\/uploads\/2023\/07\/cropped-apuntesdesanluis.png\",\"width\":450,\"height\":112,\"caption\":\"apuntesdesanluis.com\"},\"logo\":{\"@id\":\"https:\/\/apuntesdesanluis.com\/#\/schema\/person\/image\/\"},\"sameAs\":[\"https:\/\/apuntesdesanluis.com\"],\"url\":\"https:\/\/apuntesdesanluis.com\/index.php\/author\/apuntesdesanluis-com\/\"}]}<\/script>\n<!-- \/ Yoast SEO plugin. -->","yoast_head_json":{"title":"HOMICIDIO DE JOSE ACOSTA: RECHAZARON PLANTEO DE LA DEFENSA - Apuntes de San Luis","robots":{"index":"index","follow":"follow","max-snippet":"max-snippet:-1","max-image-preview":"max-image-preview:large","max-video-preview":"max-video-preview:-1"},"canonical":"https:\/\/apuntesdesanluis.com\/index.php\/2023\/08\/07\/homicidio-de-jose-acosta-rechazaron-planteo-de-la-defensa\/","og_locale":"es_ES","og_type":"article","og_title":"HOMICIDIO DE JOSE ACOSTA: RECHAZARON PLANTEO DE LA DEFENSA - Apuntes de San Luis","og_description":"El Tribunal de Impugnaci\u00f3n de la Segunda y Tercera Circunscripci\u00f3n Judicial, confirm\u00f3 en todas sus...","og_url":"https:\/\/apuntesdesanluis.com\/index.php\/2023\/08\/07\/homicidio-de-jose-acosta-rechazaron-planteo-de-la-defensa\/","og_site_name":"Apuntes de San Luis","article_published_time":"2023-08-07T23:57:35+00:00","article_modified_time":"2023-08-07T23:59:01+00:00","og_image":[{"width":739,"height":443,"url":"https:\/\/apuntesdesanluis.com\/wp-content\/uploads\/2023\/07\/tribunales-de-villa-mercedes.png","type":"image\/png"}],"author":"apuntesdesanluis.com","twitter_card":"summary_large_image","twitter_misc":{"Escrito por":"apuntesdesanluis.com","Tiempo de lectura":"4 minutos"},"schema":{"@context":"https:\/\/schema.org","@graph":[{"@type":"Article","@id":"https:\/\/apuntesdesanluis.com\/index.php\/2023\/08\/07\/homicidio-de-jose-acosta-rechazaron-planteo-de-la-defensa\/#article","isPartOf":{"@id":"https:\/\/apuntesdesanluis.com\/index.php\/2023\/08\/07\/homicidio-de-jose-acosta-rechazaron-planteo-de-la-defensa\/"},"author":{"name":"apuntesdesanluis.com","@id":"https:\/\/apuntesdesanluis.com\/#\/schema\/person\/b55151d52296fcce64d1a72538a70b90"},"headline":"HOMICIDIO DE JOSE ACOSTA: RECHAZARON PLANTEO DE LA DEFENSA","datePublished":"2023-08-07T23:57:35+00:00","dateModified":"2023-08-07T23:59:01+00:00","mainEntityOfPage":{"@id":"https:\/\/apuntesdesanluis.com\/index.php\/2023\/08\/07\/homicidio-de-jose-acosta-rechazaron-planteo-de-la-defensa\/"},"wordCount":729,"publisher":{"@id":"https:\/\/apuntesdesanluis.com\/#\/schema\/person\/b55151d52296fcce64d1a72538a70b90"},"image":{"@id":"https:\/\/apuntesdesanluis.com\/index.php\/2023\/08\/07\/homicidio-de-jose-acosta-rechazaron-planteo-de-la-defensa\/#primaryimage"},"thumbnailUrl":"https:\/\/apuntesdesanluis.com\/wp-content\/uploads\/2023\/07\/tribunales-de-villa-mercedes.png","articleSection":["Ciudad\/Provincia"],"inLanguage":"es-AR"},{"@type":"WebPage","@id":"https:\/\/apuntesdesanluis.com\/index.php\/2023\/08\/07\/homicidio-de-jose-acosta-rechazaron-planteo-de-la-defensa\/","url":"https:\/\/apuntesdesanluis.com\/index.php\/2023\/08\/07\/homicidio-de-jose-acosta-rechazaron-planteo-de-la-defensa\/","name":"HOMICIDIO DE JOSE ACOSTA: RECHAZARON PLANTEO DE LA DEFENSA - Apuntes de San Luis","isPartOf":{"@id":"https:\/\/apuntesdesanluis.com\/#website"},"primaryImageOfPage":{"@id":"https:\/\/apuntesdesanluis.com\/index.php\/2023\/08\/07\/homicidio-de-jose-acosta-rechazaron-planteo-de-la-defensa\/#primaryimage"},"image":{"@id":"https:\/\/apuntesdesanluis.com\/index.php\/2023\/08\/07\/homicidio-de-jose-acosta-rechazaron-planteo-de-la-defensa\/#primaryimage"},"thumbnailUrl":"https:\/\/apuntesdesanluis.com\/wp-content\/uploads\/2023\/07\/tribunales-de-villa-mercedes.png","datePublished":"2023-08-07T23:57:35+00:00","dateModified":"2023-08-07T23:59:01+00:00","breadcrumb":{"@id":"https:\/\/apuntesdesanluis.com\/index.php\/2023\/08\/07\/homicidio-de-jose-acosta-rechazaron-planteo-de-la-defensa\/#breadcrumb"},"inLanguage":"es-AR","potentialAction":[{"@type":"ReadAction","target":["https:\/\/apuntesdesanluis.com\/index.php\/2023\/08\/07\/homicidio-de-jose-acosta-rechazaron-planteo-de-la-defensa\/"]}]},{"@type":"ImageObject","inLanguage":"es-AR","@id":"https:\/\/apuntesdesanluis.com\/index.php\/2023\/08\/07\/homicidio-de-jose-acosta-rechazaron-planteo-de-la-defensa\/#primaryimage","url":"https:\/\/apuntesdesanluis.com\/wp-content\/uploads\/2023\/07\/tribunales-de-villa-mercedes.png","contentUrl":"https:\/\/apuntesdesanluis.com\/wp-content\/uploads\/2023\/07\/tribunales-de-villa-mercedes.png","width":739,"height":443},{"@type":"BreadcrumbList","@id":"https:\/\/apuntesdesanluis.com\/index.php\/2023\/08\/07\/homicidio-de-jose-acosta-rechazaron-planteo-de-la-defensa\/#breadcrumb","itemListElement":[{"@type":"ListItem","position":1,"name":"Inicio","item":"https:\/\/apuntesdesanluis.com\/"},{"@type":"ListItem","position":2,"name":"HOMICIDIO DE JOSE ACOSTA: RECHAZARON PLANTEO DE LA DEFENSA"}]},{"@type":"WebSite","@id":"https:\/\/apuntesdesanluis.com\/#website","url":"https:\/\/apuntesdesanluis.com\/","name":"Apuntes de San Luis","description":"","publisher":{"@id":"https:\/\/apuntesdesanluis.com\/#\/schema\/person\/b55151d52296fcce64d1a72538a70b90"},"potentialAction":[{"@type":"SearchAction","target":{"@type":"EntryPoint","urlTemplate":"https:\/\/apuntesdesanluis.com\/?s={search_term_string}"},"query-input":{"@type":"PropertyValueSpecification","valueRequired":true,"valueName":"search_term_string"}}],"inLanguage":"es-AR"},{"@type":["Person","Organization"],"@id":"https:\/\/apuntesdesanluis.com\/#\/schema\/person\/b55151d52296fcce64d1a72538a70b90","name":"apuntesdesanluis.com","image":{"@type":"ImageObject","inLanguage":"es-AR","@id":"https:\/\/apuntesdesanluis.com\/#\/schema\/person\/image\/","url":"https:\/\/apuntesdesanluis.com\/wp-content\/uploads\/2023\/07\/cropped-apuntesdesanluis.png","contentUrl":"https:\/\/apuntesdesanluis.com\/wp-content\/uploads\/2023\/07\/cropped-apuntesdesanluis.png","width":450,"height":112,"caption":"apuntesdesanluis.com"},"logo":{"@id":"https:\/\/apuntesdesanluis.com\/#\/schema\/person\/image\/"},"sameAs":["https:\/\/apuntesdesanluis.com"],"url":"https:\/\/apuntesdesanluis.com\/index.php\/author\/apuntesdesanluis-com\/"}]}},"featured_image_urls":{"full":["https:\/\/apuntesdesanluis.com\/wp-content\/uploads\/2023\/07\/tribunales-de-villa-mercedes.png",739,443,false],"thumbnail":["https:\/\/apuntesdesanluis.com\/wp-content\/uploads\/2023\/07\/tribunales-de-villa-mercedes-150x150.png",150,150,true],"medium":["https:\/\/apuntesdesanluis.com\/wp-content\/uploads\/2023\/07\/tribunales-de-villa-mercedes-300x180.png",300,180,true],"medium_large":["https:\/\/apuntesdesanluis.com\/wp-content\/uploads\/2023\/07\/tribunales-de-villa-mercedes.png",640,384,false],"large":["https:\/\/apuntesdesanluis.com\/wp-content\/uploads\/2023\/07\/tribunales-de-villa-mercedes.png",640,384,false],"1536x1536":["https:\/\/apuntesdesanluis.com\/wp-content\/uploads\/2023\/07\/tribunales-de-villa-mercedes.png",739,443,false],"2048x2048":["https:\/\/apuntesdesanluis.com\/wp-content\/uploads\/2023\/07\/tribunales-de-villa-mercedes.png",739,443,false],"newsever-slider-full":["https:\/\/apuntesdesanluis.com\/wp-content\/uploads\/2023\/07\/tribunales-de-villa-mercedes.png",739,443,false],"newsever-featured":["https:\/\/apuntesdesanluis.com\/wp-content\/uploads\/2023\/07\/tribunales-de-villa-mercedes.png",739,443,false],"newsever-medium":["https:\/\/apuntesdesanluis.com\/wp-content\/uploads\/2023\/07\/tribunales-de-villa-mercedes-720x443.png",720,443,true]},"author_info":{"display_name":"apuntesdesanluis.com","author_link":"https:\/\/apuntesdesanluis.com\/index.php\/author\/apuntesdesanluis-com\/"},"category_info":"<a href=\"https:\/\/apuntesdesanluis.com\/index.php\/category\/ciudad-provincia\/\" rel=\"category tag\">Ciudad\/Provincia<\/a>","tag_info":"Ciudad\/Provincia","comment_count":"0","_links":{"self":[{"href":"https:\/\/apuntesdesanluis.com\/index.php\/wp-json\/wp\/v2\/posts\/1236","targetHints":{"allow":["GET"]}}],"collection":[{"href":"https:\/\/apuntesdesanluis.com\/index.php\/wp-json\/wp\/v2\/posts"}],"about":[{"href":"https:\/\/apuntesdesanluis.com\/index.php\/wp-json\/wp\/v2\/types\/post"}],"author":[{"embeddable":true,"href":"https:\/\/apuntesdesanluis.com\/index.php\/wp-json\/wp\/v2\/users\/1"}],"replies":[{"embeddable":true,"href":"https:\/\/apuntesdesanluis.com\/index.php\/wp-json\/wp\/v2\/comments?post=1236"}],"version-history":[{"count":3,"href":"https:\/\/apuntesdesanluis.com\/index.php\/wp-json\/wp\/v2\/posts\/1236\/revisions"}],"predecessor-version":[{"id":1239,"href":"https:\/\/apuntesdesanluis.com\/index.php\/wp-json\/wp\/v2\/posts\/1236\/revisions\/1239"}],"wp:featuredmedia":[{"embeddable":true,"href":"https:\/\/apuntesdesanluis.com\/index.php\/wp-json\/wp\/v2\/media\/764"}],"wp:attachment":[{"href":"https:\/\/apuntesdesanluis.com\/index.php\/wp-json\/wp\/v2\/media?parent=1236"}],"wp:term":[{"taxonomy":"category","embeddable":true,"href":"https:\/\/apuntesdesanluis.com\/index.php\/wp-json\/wp\/v2\/categories?post=1236"},{"taxonomy":"post_tag","embeddable":true,"href":"https:\/\/apuntesdesanluis.com\/index.php\/wp-json\/wp\/v2\/tags?post=1236"}],"curies":[{"name":"wp","href":"https:\/\/api.w.org\/{rel}","templated":true}]}}