{"id":12375,"date":"2024-02-27T21:34:08","date_gmt":"2024-02-28T00:34:08","guid":{"rendered":"https:\/\/apuntesdesanluis.com\/?p=12375"},"modified":"2024-02-27T21:34:08","modified_gmt":"2024-02-28T00:34:08","slug":"el-gobierno-decidio-eliminar-el-potenciar-trabajo-y-les-quitara-a-los-piqueteros-el-control-de-los-planes-sociales","status":"publish","type":"post","link":"https:\/\/apuntesdesanluis.com\/index.php\/2024\/02\/27\/el-gobierno-decidio-eliminar-el-potenciar-trabajo-y-les-quitara-a-los-piqueteros-el-control-de-los-planes-sociales\/","title":{"rendered":"EL GOBIERNO DECIDI\u00d3 ELIMINAR EL POTENCIAR TRABAJO Y LES QUITAR\u00c1 A LOS PIQUETEROS EL CONTROL DE LOS PLANES SOCIALES"},"content":{"rendered":"<h3>El Gobierno decidi\u00f3 eliminar el programa <strong>Potenciar Trabajo<\/strong> y crear otros dos nuevos planes para continuar con la asistencia que se brinda, pero quitar del proceso a los intermediarios, como los movimientos sociales y municipios, que actualmente demandan una inversi\u00f3n de unos 34 millones de d\u00f3lares al a\u00f1o.<\/h3>\n<h3>La medida se confirm\u00f3 a trav\u00e9s de un decreto publicado en el Bolet\u00edn Oficial y que lleva las firmas del presidente, <strong>Javier Milei<\/strong>, y de la ministra de Capital Humano, <strong>Sandra Pettovello<\/strong>, aunque los detalles se conocer\u00e1n en una Resoluci\u00f3n que estar\u00e1 en los siguientes d\u00edas.<\/h3>\n<h3>Seg\u00fan pudo saberse, las autoridades nacionales resolvieron terminar con este plan, al considerar que el mismo est\u00e1 \u201cmal dise\u00f1ado\u201d y que durante el tiempo en el que estuvo vigente no cumpli\u00f3 con los objetivos para los que fue creado.<\/h3>\n<h3>De hecho, seg\u00fan un relevamiento hecho por la cartera que conduce Petovello, de las aproximadamente 1,4 millones de personas que se encuentran registradas en este programa, tan solo el 1,3% termina consiguiendo empleo, por lo que la mayor\u00eda de las salidas de beneficiarios se deben a incompatibilidades de ellos con la asistencia (viajes al exterior o un salario registrado, por ejemplo), o jubilaci\u00f3n o fallecimiento.<\/h3>\n<h3>En este sentido, los nuevos funcionarios consideraron que ya existen otras iniciativas en el Estado que son m\u00e1s eficaces, por lo que, tras unos meses de an\u00e1lisis, decidieron eliminar el Potenciar Trabajo y reemplazarlo por dos nuevos planes.<\/h3>\n<h3>Uno de ellos se llamar\u00e1 \u201c<strong>Volver al Trabajo<\/strong>\u201d y depender\u00e1 de la Secretar\u00eda de Trabajo, Empleo y Seguridad Social, que encabeza Omar Yasin, mientras que el otro, denominado \u201c<strong>Acompa\u00f1amiento Social<\/strong>\u201d, ser\u00e1 una asistencia que gestionar\u00e1 la Secretar\u00eda de Ni\u00f1ez y Familia, la cual est\u00e1 en manos de Pablo de la Torre.<\/h3>\n<h3><img fetchpriority=\"high\" decoding=\"async\" class=\"wp-image-12377 aligncenter\" src=\"https:\/\/apuntesdesanluis.com\/wp-content\/uploads\/2024\/02\/omar-yasin-300x216.png\" alt=\"\" width=\"644\" height=\"464\" srcset=\"https:\/\/apuntesdesanluis.com\/wp-content\/uploads\/2024\/02\/omar-yasin-300x216.png 300w, https:\/\/apuntesdesanluis.com\/wp-content\/uploads\/2024\/02\/omar-yasin.png 604w\" sizes=\"(max-width: 644px) 100vw, 644px\" \/><\/h3>\n<h4 style=\"text-align: center;\"><em>El secretario Trabajo, Omar Yasin.<\/em><\/h4>\n<h3>Al respecto, fuentes oficiales precisaron a este medio que la intenci\u00f3n es segmentar a los beneficiarios actuales del Potenciar Trabajo en dos categor\u00edas, los que tienen mayor probabilidad de conseguir un puesto laboral en el corto plazo y aquellos que se encuentran en una situaci\u00f3n m\u00e1s complicada.<\/h3>\n<h3>El primer grupo consta de alrededor de un mill\u00f3n de personas que cumplen con ciertos requisitos b\u00e1sicos de edad y formaci\u00f3n, quienes ser\u00e1n traspasados al programa \u201cVolver al Trabajo\u201d, con algunas mejoras con respecto a su situaci\u00f3n en este momento.<\/h3>\n<h3>En primer lugar, para quienes perciban esta ayuda del Estado ya no ser\u00e1 incompatible tener un sueldo en blanco, sino que podr\u00e1n cobrar hasta tres salarios m\u00ednimos y continuar recibiendo la asistencia, en principio, por hasta dos a\u00f1os.<\/h3>\n<h3>Esta decisi\u00f3n se tom\u00f3 porque el Ministerio cree que las restricciones que existen desalientan al beneficiario a incorporarse al mercado laboral, optando en muchos casos a rechazar un puesto en el sector privado para no perder el plan.<\/h3>\n<h3>Adem\u00e1s, una vez que ingresen al nuevo programa, dejar\u00e1 de ser obligatorio que cumplan con tareas espec\u00edficas, como pintar o barrer en espacios p\u00fablicos, sino que solamente se les pedir\u00e1 que completen diferentes cursos de capacitaci\u00f3n. Seg\u00fan anticiparon, esta gesti\u00f3n tiene previsto poner el foco en la formaci\u00f3n.<\/h3>\n<h3>Al respecto, las autoridades nacionales remarcan que, de esta manera, el Gobierno prescindir\u00e1 de las denominadas unidades de gesti\u00f3n, que son organismos de distinto tipo que se encargan de controlar que los beneficiarios de los planes cumplan con las contraprestaciones.<\/h3>\n<p><img decoding=\"async\" class=\"wp-image-12378 aligncenter\" src=\"https:\/\/apuntesdesanluis.com\/wp-content\/uploads\/2024\/02\/piqueteros-300x167.png\" alt=\"\" width=\"640\" height=\"356\" srcset=\"https:\/\/apuntesdesanluis.com\/wp-content\/uploads\/2024\/02\/piqueteros-300x167.png 300w, https:\/\/apuntesdesanluis.com\/wp-content\/uploads\/2024\/02\/piqueteros.png 658w\" sizes=\"(max-width: 640px) 100vw, 640px\" \/><\/p>\n<h3>Estas entidades, que suman unas 400 y pueden ser desde ONG hasta movimientos sociales y municipios, demandan una inversi\u00f3n de unos 34 millones de d\u00f3lares al a\u00f1o para verificar la presencialidad de las personas que reciben la asistencia estatal en sus tareas asignadas.<\/h3>\n<h3>Si bien continuar\u00e1n existiendo algunas capacitaciones presenciales, en principio la cartera de Capital Humano pretende que el registro de quienes asistan a las mismas la lleven los propios funcionarios de las \u00e1reas en las cuales se desarrollar\u00e1n. Por ejemplo, si un beneficiario realiza un curso de electricista en las dependencias del Ministerio de Defensa, ser\u00e1n los propios empleados del sector los que certificar\u00e1n la labor.<\/h3>\n<h3>A las 400 mil personas restantes del Potenciar Trabajo que no ser\u00e1n derivadas a este nuevo programa, la Secretar\u00eda de Ni\u00f1ez y Familia les entregar\u00e1 una ayuda mensual hasta que sean contratados, ya sea en el \u00e1mbito p\u00fablico o en el privado. En este caso, se mantiene la incompatibilidad de cobrar un salario y el plan al mismo tiempo.<\/h3>\n<h3>Para el Gobierno, esta asistencia es solo temporal y para aquellos individuos que se encuentren en una situaci\u00f3n m\u00e1s vulnerable, ya sea porque ya son mayores o porque tienen menos posibilidades de ingresar al mercado formal.<\/h3>\n<h3>En este segmento se encuentran los mayores de 50 a\u00f1os, las madres con m\u00e1s de cuatro hijos y los adultos mayores que enfrentan desaf\u00edos relacionados con la salud, la soledad y la seguridad financiera.<\/h3>\n<h3>Este grupo, adem\u00e1s de la cuesti\u00f3n monetaria, tambi\u00e9n acceder\u00e1 a una ayuda alimentaria \u201cpara asegurar la nutrici\u00f3n adecuada\u201d, la cual se intentar\u00e1 que sea tambi\u00e9n de manera directa y sin intermediarios en el proceso, para tratar de disminuir los gastos que demanda la medida.<\/h3>\n<h3>El Ministerio destina cerca de 1,5 billones de pesos en financiar las tarjetas para comprar comida o ir a comederos, y otros 40 mil millones en la adquisici\u00f3n de alimentos secos para repartir entre las familias vulnerables. Si bien este presupuesto se mantendr\u00e1 como est\u00e1, el objetivo es que la asistencia se entregue directamente a los necesitados.<\/h3>\n<h3><\/h3>\n<h3><\/h3>\n<p>&nbsp;<\/p>\n<h3><\/h3>\n<h3><\/h3>\n","protected":false},"excerpt":{"rendered":"<p>El Gobierno decidi\u00f3 eliminar el programa Potenciar Trabajo y crear otros dos nuevos planes para&#8230;<\/p>\n","protected":false},"author":1,"featured_media":12376,"comment_status":"closed","ping_status":"closed","sticky":false,"template":"","format":"standard","meta":{"footnotes":""},"categories":[5],"tags":[],"class_list":["post-12375","post","type-post","status-publish","format-standard","has-post-thumbnail","hentry","category-nacionales-internacionales"],"yoast_head":"<!-- This site is optimized with the Yoast SEO plugin v26.1.1 - https:\/\/yoast.com\/wordpress\/plugins\/seo\/ -->\n<title>EL GOBIERNO DECIDI\u00d3 ELIMINAR EL POTENCIAR TRABAJO Y LES QUITAR\u00c1 A LOS PIQUETEROS EL CONTROL DE LOS PLANES SOCIALES - Apuntes de San Luis<\/title>\n<meta name=\"robots\" content=\"index, follow, max-snippet:-1, max-image-preview:large, max-video-preview:-1\" \/>\n<link rel=\"canonical\" href=\"https:\/\/apuntesdesanluis.com\/index.php\/2024\/02\/27\/el-gobierno-decidio-eliminar-el-potenciar-trabajo-y-les-quitara-a-los-piqueteros-el-control-de-los-planes-sociales\/\" \/>\n<meta property=\"og:locale\" content=\"es_ES\" \/>\n<meta property=\"og:type\" content=\"article\" \/>\n<meta property=\"og:title\" content=\"EL GOBIERNO DECIDI\u00d3 ELIMINAR EL POTENCIAR TRABAJO Y LES QUITAR\u00c1 A LOS PIQUETEROS EL CONTROL DE LOS PLANES SOCIALES - Apuntes de San Luis\" \/>\n<meta property=\"og:description\" content=\"El Gobierno decidi\u00f3 eliminar el programa Potenciar Trabajo y crear otros dos nuevos planes para...\" \/>\n<meta property=\"og:url\" content=\"https:\/\/apuntesdesanluis.com\/index.php\/2024\/02\/27\/el-gobierno-decidio-eliminar-el-potenciar-trabajo-y-les-quitara-a-los-piqueteros-el-control-de-los-planes-sociales\/\" \/>\n<meta property=\"og:site_name\" content=\"Apuntes de San Luis\" \/>\n<meta property=\"article:published_time\" content=\"2024-02-28T00:34:08+00:00\" \/>\n<meta property=\"og:image\" content=\"https:\/\/apuntesdesanluis.com\/wp-content\/uploads\/2024\/02\/pettovello.png\" \/>\n\t<meta property=\"og:image:width\" content=\"599\" \/>\n\t<meta property=\"og:image:height\" content=\"348\" \/>\n\t<meta property=\"og:image:type\" content=\"image\/png\" \/>\n<meta name=\"author\" content=\"apuntesdesanluis.com\" \/>\n<meta name=\"twitter:card\" content=\"summary_large_image\" \/>\n<meta name=\"twitter:label1\" content=\"Escrito por\" \/>\n\t<meta name=\"twitter:data1\" content=\"apuntesdesanluis.com\" \/>\n\t<meta name=\"twitter:label2\" content=\"Tiempo de lectura\" \/>\n\t<meta name=\"twitter:data2\" content=\"5 minutos\" \/>\n<script type=\"application\/ld+json\" class=\"yoast-schema-graph\">{\"@context\":\"https:\/\/schema.org\",\"@graph\":[{\"@type\":\"Article\",\"@id\":\"https:\/\/apuntesdesanluis.com\/index.php\/2024\/02\/27\/el-gobierno-decidio-eliminar-el-potenciar-trabajo-y-les-quitara-a-los-piqueteros-el-control-de-los-planes-sociales\/#article\",\"isPartOf\":{\"@id\":\"https:\/\/apuntesdesanluis.com\/index.php\/2024\/02\/27\/el-gobierno-decidio-eliminar-el-potenciar-trabajo-y-les-quitara-a-los-piqueteros-el-control-de-los-planes-sociales\/\"},\"author\":{\"name\":\"apuntesdesanluis.com\",\"@id\":\"https:\/\/apuntesdesanluis.com\/#\/schema\/person\/b55151d52296fcce64d1a72538a70b90\"},\"headline\":\"EL GOBIERNO DECIDI\u00d3 ELIMINAR EL POTENCIAR TRABAJO Y LES QUITAR\u00c1 A LOS PIQUETEROS EL CONTROL DE LOS PLANES SOCIALES\",\"datePublished\":\"2024-02-28T00:34:08+00:00\",\"mainEntityOfPage\":{\"@id\":\"https:\/\/apuntesdesanluis.com\/index.php\/2024\/02\/27\/el-gobierno-decidio-eliminar-el-potenciar-trabajo-y-les-quitara-a-los-piqueteros-el-control-de-los-planes-sociales\/\"},\"wordCount\":954,\"publisher\":{\"@id\":\"https:\/\/apuntesdesanluis.com\/#\/schema\/person\/b55151d52296fcce64d1a72538a70b90\"},\"image\":{\"@id\":\"https:\/\/apuntesdesanluis.com\/index.php\/2024\/02\/27\/el-gobierno-decidio-eliminar-el-potenciar-trabajo-y-les-quitara-a-los-piqueteros-el-control-de-los-planes-sociales\/#primaryimage\"},\"thumbnailUrl\":\"https:\/\/apuntesdesanluis.com\/wp-content\/uploads\/2024\/02\/pettovello.png\",\"articleSection\":[\"Nacionales\/Internacionales\"],\"inLanguage\":\"es-AR\"},{\"@type\":\"WebPage\",\"@id\":\"https:\/\/apuntesdesanluis.com\/index.php\/2024\/02\/27\/el-gobierno-decidio-eliminar-el-potenciar-trabajo-y-les-quitara-a-los-piqueteros-el-control-de-los-planes-sociales\/\",\"url\":\"https:\/\/apuntesdesanluis.com\/index.php\/2024\/02\/27\/el-gobierno-decidio-eliminar-el-potenciar-trabajo-y-les-quitara-a-los-piqueteros-el-control-de-los-planes-sociales\/\",\"name\":\"EL GOBIERNO DECIDI\u00d3 ELIMINAR EL POTENCIAR TRABAJO Y LES QUITAR\u00c1 A LOS PIQUETEROS EL CONTROL DE LOS PLANES SOCIALES - Apuntes de San Luis\",\"isPartOf\":{\"@id\":\"https:\/\/apuntesdesanluis.com\/#website\"},\"primaryImageOfPage\":{\"@id\":\"https:\/\/apuntesdesanluis.com\/index.php\/2024\/02\/27\/el-gobierno-decidio-eliminar-el-potenciar-trabajo-y-les-quitara-a-los-piqueteros-el-control-de-los-planes-sociales\/#primaryimage\"},\"image\":{\"@id\":\"https:\/\/apuntesdesanluis.com\/index.php\/2024\/02\/27\/el-gobierno-decidio-eliminar-el-potenciar-trabajo-y-les-quitara-a-los-piqueteros-el-control-de-los-planes-sociales\/#primaryimage\"},\"thumbnailUrl\":\"https:\/\/apuntesdesanluis.com\/wp-content\/uploads\/2024\/02\/pettovello.png\",\"datePublished\":\"2024-02-28T00:34:08+00:00\",\"breadcrumb\":{\"@id\":\"https:\/\/apuntesdesanluis.com\/index.php\/2024\/02\/27\/el-gobierno-decidio-eliminar-el-potenciar-trabajo-y-les-quitara-a-los-piqueteros-el-control-de-los-planes-sociales\/#breadcrumb\"},\"inLanguage\":\"es-AR\",\"potentialAction\":[{\"@type\":\"ReadAction\",\"target\":[\"https:\/\/apuntesdesanluis.com\/index.php\/2024\/02\/27\/el-gobierno-decidio-eliminar-el-potenciar-trabajo-y-les-quitara-a-los-piqueteros-el-control-de-los-planes-sociales\/\"]}]},{\"@type\":\"ImageObject\",\"inLanguage\":\"es-AR\",\"@id\":\"https:\/\/apuntesdesanluis.com\/index.php\/2024\/02\/27\/el-gobierno-decidio-eliminar-el-potenciar-trabajo-y-les-quitara-a-los-piqueteros-el-control-de-los-planes-sociales\/#primaryimage\",\"url\":\"https:\/\/apuntesdesanluis.com\/wp-content\/uploads\/2024\/02\/pettovello.png\",\"contentUrl\":\"https:\/\/apuntesdesanluis.com\/wp-content\/uploads\/2024\/02\/pettovello.png\",\"width\":599,\"height\":348},{\"@type\":\"BreadcrumbList\",\"@id\":\"https:\/\/apuntesdesanluis.com\/index.php\/2024\/02\/27\/el-gobierno-decidio-eliminar-el-potenciar-trabajo-y-les-quitara-a-los-piqueteros-el-control-de-los-planes-sociales\/#breadcrumb\",\"itemListElement\":[{\"@type\":\"ListItem\",\"position\":1,\"name\":\"Inicio\",\"item\":\"https:\/\/apuntesdesanluis.com\/\"},{\"@type\":\"ListItem\",\"position\":2,\"name\":\"EL GOBIERNO DECIDI\u00d3 ELIMINAR EL POTENCIAR TRABAJO Y LES QUITAR\u00c1 A LOS PIQUETEROS EL CONTROL DE LOS PLANES SOCIALES\"}]},{\"@type\":\"WebSite\",\"@id\":\"https:\/\/apuntesdesanluis.com\/#website\",\"url\":\"https:\/\/apuntesdesanluis.com\/\",\"name\":\"Apuntes de San Luis\",\"description\":\"\",\"publisher\":{\"@id\":\"https:\/\/apuntesdesanluis.com\/#\/schema\/person\/b55151d52296fcce64d1a72538a70b90\"},\"potentialAction\":[{\"@type\":\"SearchAction\",\"target\":{\"@type\":\"EntryPoint\",\"urlTemplate\":\"https:\/\/apuntesdesanluis.com\/?s={search_term_string}\"},\"query-input\":{\"@type\":\"PropertyValueSpecification\",\"valueRequired\":true,\"valueName\":\"search_term_string\"}}],\"inLanguage\":\"es-AR\"},{\"@type\":[\"Person\",\"Organization\"],\"@id\":\"https:\/\/apuntesdesanluis.com\/#\/schema\/person\/b55151d52296fcce64d1a72538a70b90\",\"name\":\"apuntesdesanluis.com\",\"image\":{\"@type\":\"ImageObject\",\"inLanguage\":\"es-AR\",\"@id\":\"https:\/\/apuntesdesanluis.com\/#\/schema\/person\/image\/\",\"url\":\"https:\/\/apuntesdesanluis.com\/wp-content\/uploads\/2023\/07\/cropped-apuntesdesanluis.png\",\"contentUrl\":\"https:\/\/apuntesdesanluis.com\/wp-content\/uploads\/2023\/07\/cropped-apuntesdesanluis.png\",\"width\":450,\"height\":112,\"caption\":\"apuntesdesanluis.com\"},\"logo\":{\"@id\":\"https:\/\/apuntesdesanluis.com\/#\/schema\/person\/image\/\"},\"sameAs\":[\"https:\/\/apuntesdesanluis.com\"],\"url\":\"https:\/\/apuntesdesanluis.com\/index.php\/author\/apuntesdesanluis-com\/\"}]}<\/script>\n<!-- \/ Yoast SEO plugin. -->","yoast_head_json":{"title":"EL GOBIERNO DECIDI\u00d3 ELIMINAR EL POTENCIAR TRABAJO Y LES QUITAR\u00c1 A LOS PIQUETEROS EL CONTROL DE LOS PLANES SOCIALES - Apuntes de San Luis","robots":{"index":"index","follow":"follow","max-snippet":"max-snippet:-1","max-image-preview":"max-image-preview:large","max-video-preview":"max-video-preview:-1"},"canonical":"https:\/\/apuntesdesanluis.com\/index.php\/2024\/02\/27\/el-gobierno-decidio-eliminar-el-potenciar-trabajo-y-les-quitara-a-los-piqueteros-el-control-de-los-planes-sociales\/","og_locale":"es_ES","og_type":"article","og_title":"EL GOBIERNO DECIDI\u00d3 ELIMINAR EL POTENCIAR TRABAJO Y LES QUITAR\u00c1 A LOS PIQUETEROS EL CONTROL DE LOS PLANES SOCIALES - Apuntes de San Luis","og_description":"El Gobierno decidi\u00f3 eliminar el programa Potenciar Trabajo y crear otros dos nuevos planes para...","og_url":"https:\/\/apuntesdesanluis.com\/index.php\/2024\/02\/27\/el-gobierno-decidio-eliminar-el-potenciar-trabajo-y-les-quitara-a-los-piqueteros-el-control-de-los-planes-sociales\/","og_site_name":"Apuntes de San Luis","article_published_time":"2024-02-28T00:34:08+00:00","og_image":[{"width":599,"height":348,"url":"https:\/\/apuntesdesanluis.com\/wp-content\/uploads\/2024\/02\/pettovello.png","type":"image\/png"}],"author":"apuntesdesanluis.com","twitter_card":"summary_large_image","twitter_misc":{"Escrito por":"apuntesdesanluis.com","Tiempo de lectura":"5 minutos"},"schema":{"@context":"https:\/\/schema.org","@graph":[{"@type":"Article","@id":"https:\/\/apuntesdesanluis.com\/index.php\/2024\/02\/27\/el-gobierno-decidio-eliminar-el-potenciar-trabajo-y-les-quitara-a-los-piqueteros-el-control-de-los-planes-sociales\/#article","isPartOf":{"@id":"https:\/\/apuntesdesanluis.com\/index.php\/2024\/02\/27\/el-gobierno-decidio-eliminar-el-potenciar-trabajo-y-les-quitara-a-los-piqueteros-el-control-de-los-planes-sociales\/"},"author":{"name":"apuntesdesanluis.com","@id":"https:\/\/apuntesdesanluis.com\/#\/schema\/person\/b55151d52296fcce64d1a72538a70b90"},"headline":"EL GOBIERNO DECIDI\u00d3 ELIMINAR EL POTENCIAR TRABAJO Y LES QUITAR\u00c1 A LOS PIQUETEROS EL CONTROL DE LOS PLANES SOCIALES","datePublished":"2024-02-28T00:34:08+00:00","mainEntityOfPage":{"@id":"https:\/\/apuntesdesanluis.com\/index.php\/2024\/02\/27\/el-gobierno-decidio-eliminar-el-potenciar-trabajo-y-les-quitara-a-los-piqueteros-el-control-de-los-planes-sociales\/"},"wordCount":954,"publisher":{"@id":"https:\/\/apuntesdesanluis.com\/#\/schema\/person\/b55151d52296fcce64d1a72538a70b90"},"image":{"@id":"https:\/\/apuntesdesanluis.com\/index.php\/2024\/02\/27\/el-gobierno-decidio-eliminar-el-potenciar-trabajo-y-les-quitara-a-los-piqueteros-el-control-de-los-planes-sociales\/#primaryimage"},"thumbnailUrl":"https:\/\/apuntesdesanluis.com\/wp-content\/uploads\/2024\/02\/pettovello.png","articleSection":["Nacionales\/Internacionales"],"inLanguage":"es-AR"},{"@type":"WebPage","@id":"https:\/\/apuntesdesanluis.com\/index.php\/2024\/02\/27\/el-gobierno-decidio-eliminar-el-potenciar-trabajo-y-les-quitara-a-los-piqueteros-el-control-de-los-planes-sociales\/","url":"https:\/\/apuntesdesanluis.com\/index.php\/2024\/02\/27\/el-gobierno-decidio-eliminar-el-potenciar-trabajo-y-les-quitara-a-los-piqueteros-el-control-de-los-planes-sociales\/","name":"EL GOBIERNO DECIDI\u00d3 ELIMINAR EL POTENCIAR TRABAJO Y LES QUITAR\u00c1 A LOS PIQUETEROS EL CONTROL DE LOS PLANES SOCIALES - Apuntes de San Luis","isPartOf":{"@id":"https:\/\/apuntesdesanluis.com\/#website"},"primaryImageOfPage":{"@id":"https:\/\/apuntesdesanluis.com\/index.php\/2024\/02\/27\/el-gobierno-decidio-eliminar-el-potenciar-trabajo-y-les-quitara-a-los-piqueteros-el-control-de-los-planes-sociales\/#primaryimage"},"image":{"@id":"https:\/\/apuntesdesanluis.com\/index.php\/2024\/02\/27\/el-gobierno-decidio-eliminar-el-potenciar-trabajo-y-les-quitara-a-los-piqueteros-el-control-de-los-planes-sociales\/#primaryimage"},"thumbnailUrl":"https:\/\/apuntesdesanluis.com\/wp-content\/uploads\/2024\/02\/pettovello.png","datePublished":"2024-02-28T00:34:08+00:00","breadcrumb":{"@id":"https:\/\/apuntesdesanluis.com\/index.php\/2024\/02\/27\/el-gobierno-decidio-eliminar-el-potenciar-trabajo-y-les-quitara-a-los-piqueteros-el-control-de-los-planes-sociales\/#breadcrumb"},"inLanguage":"es-AR","potentialAction":[{"@type":"ReadAction","target":["https:\/\/apuntesdesanluis.com\/index.php\/2024\/02\/27\/el-gobierno-decidio-eliminar-el-potenciar-trabajo-y-les-quitara-a-los-piqueteros-el-control-de-los-planes-sociales\/"]}]},{"@type":"ImageObject","inLanguage":"es-AR","@id":"https:\/\/apuntesdesanluis.com\/index.php\/2024\/02\/27\/el-gobierno-decidio-eliminar-el-potenciar-trabajo-y-les-quitara-a-los-piqueteros-el-control-de-los-planes-sociales\/#primaryimage","url":"https:\/\/apuntesdesanluis.com\/wp-content\/uploads\/2024\/02\/pettovello.png","contentUrl":"https:\/\/apuntesdesanluis.com\/wp-content\/uploads\/2024\/02\/pettovello.png","width":599,"height":348},{"@type":"BreadcrumbList","@id":"https:\/\/apuntesdesanluis.com\/index.php\/2024\/02\/27\/el-gobierno-decidio-eliminar-el-potenciar-trabajo-y-les-quitara-a-los-piqueteros-el-control-de-los-planes-sociales\/#breadcrumb","itemListElement":[{"@type":"ListItem","position":1,"name":"Inicio","item":"https:\/\/apuntesdesanluis.com\/"},{"@type":"ListItem","position":2,"name":"EL GOBIERNO DECIDI\u00d3 ELIMINAR EL POTENCIAR TRABAJO Y LES QUITAR\u00c1 A LOS PIQUETEROS EL CONTROL DE LOS PLANES SOCIALES"}]},{"@type":"WebSite","@id":"https:\/\/apuntesdesanluis.com\/#website","url":"https:\/\/apuntesdesanluis.com\/","name":"Apuntes de San Luis","description":"","publisher":{"@id":"https:\/\/apuntesdesanluis.com\/#\/schema\/person\/b55151d52296fcce64d1a72538a70b90"},"potentialAction":[{"@type":"SearchAction","target":{"@type":"EntryPoint","urlTemplate":"https:\/\/apuntesdesanluis.com\/?s={search_term_string}"},"query-input":{"@type":"PropertyValueSpecification","valueRequired":true,"valueName":"search_term_string"}}],"inLanguage":"es-AR"},{"@type":["Person","Organization"],"@id":"https:\/\/apuntesdesanluis.com\/#\/schema\/person\/b55151d52296fcce64d1a72538a70b90","name":"apuntesdesanluis.com","image":{"@type":"ImageObject","inLanguage":"es-AR","@id":"https:\/\/apuntesdesanluis.com\/#\/schema\/person\/image\/","url":"https:\/\/apuntesdesanluis.com\/wp-content\/uploads\/2023\/07\/cropped-apuntesdesanluis.png","contentUrl":"https:\/\/apuntesdesanluis.com\/wp-content\/uploads\/2023\/07\/cropped-apuntesdesanluis.png","width":450,"height":112,"caption":"apuntesdesanluis.com"},"logo":{"@id":"https:\/\/apuntesdesanluis.com\/#\/schema\/person\/image\/"},"sameAs":["https:\/\/apuntesdesanluis.com"],"url":"https:\/\/apuntesdesanluis.com\/index.php\/author\/apuntesdesanluis-com\/"}]}},"featured_image_urls":{"full":["https:\/\/apuntesdesanluis.com\/wp-content\/uploads\/2024\/02\/pettovello.png",599,348,false],"thumbnail":["https:\/\/apuntesdesanluis.com\/wp-content\/uploads\/2024\/02\/pettovello-150x150.png",150,150,true],"medium":["https:\/\/apuntesdesanluis.com\/wp-content\/uploads\/2024\/02\/pettovello-300x174.png",300,174,true],"medium_large":["https:\/\/apuntesdesanluis.com\/wp-content\/uploads\/2024\/02\/pettovello.png",599,348,false],"large":["https:\/\/apuntesdesanluis.com\/wp-content\/uploads\/2024\/02\/pettovello.png",599,348,false],"1536x1536":["https:\/\/apuntesdesanluis.com\/wp-content\/uploads\/2024\/02\/pettovello.png",599,348,false],"2048x2048":["https:\/\/apuntesdesanluis.com\/wp-content\/uploads\/2024\/02\/pettovello.png",599,348,false],"newsever-slider-full":["https:\/\/apuntesdesanluis.com\/wp-content\/uploads\/2024\/02\/pettovello.png",599,348,false],"newsever-featured":["https:\/\/apuntesdesanluis.com\/wp-content\/uploads\/2024\/02\/pettovello.png",599,348,false],"newsever-medium":["https:\/\/apuntesdesanluis.com\/wp-content\/uploads\/2024\/02\/pettovello.png",599,348,false]},"author_info":{"display_name":"apuntesdesanluis.com","author_link":"https:\/\/apuntesdesanluis.com\/index.php\/author\/apuntesdesanluis-com\/"},"category_info":"<a href=\"https:\/\/apuntesdesanluis.com\/index.php\/category\/nacionales-internacionales\/\" rel=\"category tag\">Nacionales\/Internacionales<\/a>","tag_info":"Nacionales\/Internacionales","comment_count":"0","_links":{"self":[{"href":"https:\/\/apuntesdesanluis.com\/index.php\/wp-json\/wp\/v2\/posts\/12375","targetHints":{"allow":["GET"]}}],"collection":[{"href":"https:\/\/apuntesdesanluis.com\/index.php\/wp-json\/wp\/v2\/posts"}],"about":[{"href":"https:\/\/apuntesdesanluis.com\/index.php\/wp-json\/wp\/v2\/types\/post"}],"author":[{"embeddable":true,"href":"https:\/\/apuntesdesanluis.com\/index.php\/wp-json\/wp\/v2\/users\/1"}],"replies":[{"embeddable":true,"href":"https:\/\/apuntesdesanluis.com\/index.php\/wp-json\/wp\/v2\/comments?post=12375"}],"version-history":[{"count":1,"href":"https:\/\/apuntesdesanluis.com\/index.php\/wp-json\/wp\/v2\/posts\/12375\/revisions"}],"predecessor-version":[{"id":12379,"href":"https:\/\/apuntesdesanluis.com\/index.php\/wp-json\/wp\/v2\/posts\/12375\/revisions\/12379"}],"wp:featuredmedia":[{"embeddable":true,"href":"https:\/\/apuntesdesanluis.com\/index.php\/wp-json\/wp\/v2\/media\/12376"}],"wp:attachment":[{"href":"https:\/\/apuntesdesanluis.com\/index.php\/wp-json\/wp\/v2\/media?parent=12375"}],"wp:term":[{"taxonomy":"category","embeddable":true,"href":"https:\/\/apuntesdesanluis.com\/index.php\/wp-json\/wp\/v2\/categories?post=12375"},{"taxonomy":"post_tag","embeddable":true,"href":"https:\/\/apuntesdesanluis.com\/index.php\/wp-json\/wp\/v2\/tags?post=12375"}],"curies":[{"name":"wp","href":"https:\/\/api.w.org\/{rel}","templated":true}]}}