{"id":12392,"date":"2024-02-27T22:19:13","date_gmt":"2024-02-28T01:19:13","guid":{"rendered":"https:\/\/apuntesdesanluis.com\/?p=12392"},"modified":"2024-02-27T22:19:13","modified_gmt":"2024-02-28T01:19:13","slug":"gremios-docentes-no-llegaron-a-un-acuerdo-con-el-gobierno-no-ofrecieron-nada-fue-un-dialogo-de-sordos","status":"publish","type":"post","link":"https:\/\/apuntesdesanluis.com\/index.php\/2024\/02\/27\/gremios-docentes-no-llegaron-a-un-acuerdo-con-el-gobierno-no-ofrecieron-nada-fue-un-dialogo-de-sordos\/","title":{"rendered":"GREMIOS DOCENTES NO LLEGARON A UN ACUERDO CON EL GOBIERNO: &#8220;NO OFRECIERON NADA. FUE UN DI\u00c1LOGO DE SORDOS&#8221;"},"content":{"rendered":"<h3>La reuni\u00f3n del secretario de Educaci\u00f3n, <strong>Carlos Torrendell<\/strong>, con representantes de <strong>CTERA, UDA, AMET, SADOP y CEA<\/strong> no avanz\u00f3 y podr\u00eda haber un nuevo paro nacional.<\/h3>\n<h3>Dirigentes de los cinco sindicatos docentes nacionales se reunieron con autoridades del Gobierno para discutir el ingreso m\u00ednimo del sector, luego del paro que realiz\u00f3 CTERA el lunes, en el inicio del ciclo lectivo en algunas provincias.<\/h3>\n<h3>El secretario de Educaci\u00f3n, Carlos Torrendell, recibi\u00f3 a los representantes de CTERA, UDA, AMET, SADOP y CEA y les confirm\u00f3 la continuidad del Fondo Compensador (destinado a las provincias de menores recursos) y el fin del Fondo Nacional de Incentivo Docente (FONID).\u00a0 El funcionario explic\u00f3 que se buscar\u00e1 reorientar los fondos a pol\u00edticas vinculadas con &#8220;aprendizajes efectivos&#8221; (como el Plan Nacional de Alfabetizaci\u00f3n) y al sistema de informaci\u00f3n escolar.<\/h3>\n<h3>&#8220;No ofrecieron nada. Fue un di\u00e1logo de sordos. Hasta en un momento determinado quisieron negar el \u00e1mbito paritario. Nos vamos muy tristes, porque tenemos docentes con el salario m\u00ednimo en Argentina en 250 mil pesos. Muchos de ellos son jefes de familia&#8221;, asegur\u00f3 el secretario general nacional de la Uni\u00f3n Docentes Argentinos (UDA), Sergio Romero, luego del encuentro en declaraciones a la prensa.<\/h3>\n<h3>En esa l\u00ednea, el gremialista agreg\u00f3: &#8220;Al no pagar el incentivo, ya no son m\u00e1s 250 mil, sino que le est\u00e1n restando al salario inicial. Todas malas noticias, no se habl\u00f3 de inversi\u00f3n. Es una responsabilidad del Estado nacional garantizar el financiamiento educativo&#8221;. A su vez, Romero anunci\u00f3 una convocatoria para el mi\u00e9rcoles 28 a las 17:00, en el sal\u00f3n Sa\u00fal Ubaldini de la Confederaci\u00f3n General del Trabajo (CGT), donde tienen pensado llamar a un paro general de los gremios docentes agrupados en esa central obrera.<\/h3>\n<h3>Por su parte, la titular de la Confederaci\u00f3n de Trabajadores de la Educaci\u00f3n de la Rep\u00fablica Argentina (CTERA), Sonia Alesso, expres\u00f3: &#8220;Nosotros tenemos votadas las medidas de acci\u00f3n en el Congreso de CTERA. No tenemos mucho que dudar en este sentido. S\u00ed una cuesti\u00f3n de temporalidad porque nosotros estamos convencidos de que nos asiste la raz\u00f3n, en el sentido de que esto debe ser cumplido y que ya est\u00e1n perjudic\u00e1ndonos a los docentes&#8221;.<\/h3>\n<h3>&#8220;En la no convocatoria formal, en tiempo y forma, con un temario, una propuesta y el no env\u00edo de fondos a los docentes de las provincias ya est\u00e1 trayendo consecuencias que son paros en las provincias. Si esto no se resuelve el martes, van a continuar&#8221;, agreg\u00f3 la dirigente gremial.<\/h3>\n<h3>Por su lado, luego del encuentro con los gremios docentes, desde el Gobierno confirmaron &#8220;la continuidad del Fondo Compensador y el fin del Fondo Nacional de Incentivo Docente, donde se buscar\u00e1 reorientar los fondos a pol\u00edticas vinculadas con aprendizajes efectivos (como el Plan Nacional de Alfabetizaci\u00f3n) y al sistema de informaci\u00f3n escolar&#8221;.<\/h3>\n<h3>A su vez, aseguraron que para &#8220;establecer el piso salarial, se pidi\u00f3 que las provincias hagan llegar su oferta para discutirla en la mesa&#8221;. Durante el encuentro, los gremios docentes solicitaron la recomposici\u00f3n salarial, el pago de la deuda con respecto al FONID y que el Gobierno le d\u00e9 continuidad el fondo compensador docente.<\/h3>\n<h3>En tanto, la reuni\u00f3n pas\u00f3 a un cuarto intermedio hasta el martes pr\u00f3ximo, cuando existir\u00e1 una nueva convocatoria para destrabar el conflicto con los sindicatos docentes. La citaci\u00f3n incluy\u00f3 a los ministros de Educaci\u00f3n de las provincias y de la Ciudad de Buenos Aires, todos como parte del Consejo Federal de Educaci\u00f3n, con el fin de &#8220;iniciar los di\u00e1logos a fin de acordar el convenio marco nacional del salario m\u00ednimo docente&#8221;.<\/h3>\n<h3>El lunes \u00faltimo, CTERA, el sindicato mayoritario de docentes nacionales, concret\u00f3 un paro en todo el pa\u00eds, en rechazo a la eliminaci\u00f3n del Fondo Nacional de Incentivo Docente (FONID) y el Fondo de Compensaci\u00f3n Salarial. Por su parte, ante la convocatoria que hab\u00eda hecho llegar el Gobierno, se bajaron del paro los otros cuatro sindicatos docentes nacionales, que forman parte de la CGT: UDA, Sadop, AMET y CEA.<\/h3>\n<p>&nbsp;<\/p>\n<p>&nbsp;<\/p>\n<p>&nbsp;<\/p>\n<p>&nbsp;<\/p>\n<p>&nbsp;<\/p>\n<p>&nbsp;<\/p>\n","protected":false},"excerpt":{"rendered":"<p>La reuni\u00f3n del secretario de Educaci\u00f3n, Carlos Torrendell, con representantes de CTERA, UDA, AMET, SADOP&#8230;<\/p>\n","protected":false},"author":1,"featured_media":12065,"comment_status":"closed","ping_status":"closed","sticky":false,"template":"","format":"standard","meta":{"footnotes":""},"categories":[5],"tags":[],"class_list":["post-12392","post","type-post","status-publish","format-standard","has-post-thumbnail","hentry","category-nacionales-internacionales"],"yoast_head":"<!-- This site is optimized with the Yoast SEO plugin v26.1.1 - https:\/\/yoast.com\/wordpress\/plugins\/seo\/ -->\n<title>GREMIOS DOCENTES NO LLEGARON A UN ACUERDO CON EL GOBIERNO: &quot;NO OFRECIERON NADA. FUE UN DI\u00c1LOGO DE SORDOS&quot; - Apuntes de San Luis<\/title>\n<meta name=\"robots\" content=\"index, follow, max-snippet:-1, max-image-preview:large, max-video-preview:-1\" \/>\n<link rel=\"canonical\" href=\"https:\/\/apuntesdesanluis.com\/index.php\/2024\/02\/27\/gremios-docentes-no-llegaron-a-un-acuerdo-con-el-gobierno-no-ofrecieron-nada-fue-un-dialogo-de-sordos\/\" \/>\n<meta property=\"og:locale\" content=\"es_ES\" \/>\n<meta property=\"og:type\" content=\"article\" \/>\n<meta property=\"og:title\" content=\"GREMIOS DOCENTES NO LLEGARON A UN ACUERDO CON EL GOBIERNO: &quot;NO OFRECIERON NADA. FUE UN DI\u00c1LOGO DE SORDOS&quot; - Apuntes de San Luis\" \/>\n<meta property=\"og:description\" content=\"La reuni\u00f3n del secretario de Educaci\u00f3n, Carlos Torrendell, con representantes de CTERA, UDA, AMET, SADOP...\" \/>\n<meta property=\"og:url\" content=\"https:\/\/apuntesdesanluis.com\/index.php\/2024\/02\/27\/gremios-docentes-no-llegaron-a-un-acuerdo-con-el-gobierno-no-ofrecieron-nada-fue-un-dialogo-de-sordos\/\" \/>\n<meta property=\"og:site_name\" content=\"Apuntes de San Luis\" \/>\n<meta property=\"article:published_time\" content=\"2024-02-28T01:19:13+00:00\" \/>\n<meta property=\"og:image\" content=\"https:\/\/apuntesdesanluis.com\/wp-content\/uploads\/2024\/02\/CARLOS-TORRENDELL.png\" \/>\n\t<meta property=\"og:image:width\" content=\"680\" \/>\n\t<meta property=\"og:image:height\" content=\"383\" \/>\n\t<meta property=\"og:image:type\" content=\"image\/png\" \/>\n<meta name=\"author\" content=\"apuntesdesanluis.com\" \/>\n<meta name=\"twitter:card\" content=\"summary_large_image\" \/>\n<meta name=\"twitter:label1\" content=\"Escrito por\" \/>\n\t<meta name=\"twitter:data1\" content=\"apuntesdesanluis.com\" \/>\n\t<meta name=\"twitter:label2\" content=\"Tiempo de lectura\" \/>\n\t<meta name=\"twitter:data2\" content=\"3 minutos\" \/>\n<script type=\"application\/ld+json\" class=\"yoast-schema-graph\">{\"@context\":\"https:\/\/schema.org\",\"@graph\":[{\"@type\":\"Article\",\"@id\":\"https:\/\/apuntesdesanluis.com\/index.php\/2024\/02\/27\/gremios-docentes-no-llegaron-a-un-acuerdo-con-el-gobierno-no-ofrecieron-nada-fue-un-dialogo-de-sordos\/#article\",\"isPartOf\":{\"@id\":\"https:\/\/apuntesdesanluis.com\/index.php\/2024\/02\/27\/gremios-docentes-no-llegaron-a-un-acuerdo-con-el-gobierno-no-ofrecieron-nada-fue-un-dialogo-de-sordos\/\"},\"author\":{\"name\":\"apuntesdesanluis.com\",\"@id\":\"https:\/\/apuntesdesanluis.com\/#\/schema\/person\/b55151d52296fcce64d1a72538a70b90\"},\"headline\":\"GREMIOS DOCENTES NO LLEGARON A UN ACUERDO CON EL GOBIERNO: &#8220;NO OFRECIERON NADA. FUE UN DI\u00c1LOGO DE SORDOS&#8221;\",\"datePublished\":\"2024-02-28T01:19:13+00:00\",\"mainEntityOfPage\":{\"@id\":\"https:\/\/apuntesdesanluis.com\/index.php\/2024\/02\/27\/gremios-docentes-no-llegaron-a-un-acuerdo-con-el-gobierno-no-ofrecieron-nada-fue-un-dialogo-de-sordos\/\"},\"wordCount\":713,\"publisher\":{\"@id\":\"https:\/\/apuntesdesanluis.com\/#\/schema\/person\/b55151d52296fcce64d1a72538a70b90\"},\"image\":{\"@id\":\"https:\/\/apuntesdesanluis.com\/index.php\/2024\/02\/27\/gremios-docentes-no-llegaron-a-un-acuerdo-con-el-gobierno-no-ofrecieron-nada-fue-un-dialogo-de-sordos\/#primaryimage\"},\"thumbnailUrl\":\"https:\/\/apuntesdesanluis.com\/wp-content\/uploads\/2024\/02\/CARLOS-TORRENDELL.png\",\"articleSection\":[\"Nacionales\/Internacionales\"],\"inLanguage\":\"es-AR\"},{\"@type\":\"WebPage\",\"@id\":\"https:\/\/apuntesdesanluis.com\/index.php\/2024\/02\/27\/gremios-docentes-no-llegaron-a-un-acuerdo-con-el-gobierno-no-ofrecieron-nada-fue-un-dialogo-de-sordos\/\",\"url\":\"https:\/\/apuntesdesanluis.com\/index.php\/2024\/02\/27\/gremios-docentes-no-llegaron-a-un-acuerdo-con-el-gobierno-no-ofrecieron-nada-fue-un-dialogo-de-sordos\/\",\"name\":\"GREMIOS DOCENTES NO LLEGARON A UN ACUERDO CON EL GOBIERNO: \\\"NO OFRECIERON NADA. FUE UN DI\u00c1LOGO DE SORDOS\\\" - Apuntes de San Luis\",\"isPartOf\":{\"@id\":\"https:\/\/apuntesdesanluis.com\/#website\"},\"primaryImageOfPage\":{\"@id\":\"https:\/\/apuntesdesanluis.com\/index.php\/2024\/02\/27\/gremios-docentes-no-llegaron-a-un-acuerdo-con-el-gobierno-no-ofrecieron-nada-fue-un-dialogo-de-sordos\/#primaryimage\"},\"image\":{\"@id\":\"https:\/\/apuntesdesanluis.com\/index.php\/2024\/02\/27\/gremios-docentes-no-llegaron-a-un-acuerdo-con-el-gobierno-no-ofrecieron-nada-fue-un-dialogo-de-sordos\/#primaryimage\"},\"thumbnailUrl\":\"https:\/\/apuntesdesanluis.com\/wp-content\/uploads\/2024\/02\/CARLOS-TORRENDELL.png\",\"datePublished\":\"2024-02-28T01:19:13+00:00\",\"breadcrumb\":{\"@id\":\"https:\/\/apuntesdesanluis.com\/index.php\/2024\/02\/27\/gremios-docentes-no-llegaron-a-un-acuerdo-con-el-gobierno-no-ofrecieron-nada-fue-un-dialogo-de-sordos\/#breadcrumb\"},\"inLanguage\":\"es-AR\",\"potentialAction\":[{\"@type\":\"ReadAction\",\"target\":[\"https:\/\/apuntesdesanluis.com\/index.php\/2024\/02\/27\/gremios-docentes-no-llegaron-a-un-acuerdo-con-el-gobierno-no-ofrecieron-nada-fue-un-dialogo-de-sordos\/\"]}]},{\"@type\":\"ImageObject\",\"inLanguage\":\"es-AR\",\"@id\":\"https:\/\/apuntesdesanluis.com\/index.php\/2024\/02\/27\/gremios-docentes-no-llegaron-a-un-acuerdo-con-el-gobierno-no-ofrecieron-nada-fue-un-dialogo-de-sordos\/#primaryimage\",\"url\":\"https:\/\/apuntesdesanluis.com\/wp-content\/uploads\/2024\/02\/CARLOS-TORRENDELL.png\",\"contentUrl\":\"https:\/\/apuntesdesanluis.com\/wp-content\/uploads\/2024\/02\/CARLOS-TORRENDELL.png\",\"width\":680,\"height\":383},{\"@type\":\"BreadcrumbList\",\"@id\":\"https:\/\/apuntesdesanluis.com\/index.php\/2024\/02\/27\/gremios-docentes-no-llegaron-a-un-acuerdo-con-el-gobierno-no-ofrecieron-nada-fue-un-dialogo-de-sordos\/#breadcrumb\",\"itemListElement\":[{\"@type\":\"ListItem\",\"position\":1,\"name\":\"Inicio\",\"item\":\"https:\/\/apuntesdesanluis.com\/\"},{\"@type\":\"ListItem\",\"position\":2,\"name\":\"GREMIOS DOCENTES NO LLEGARON A UN ACUERDO CON EL GOBIERNO: &#8220;NO OFRECIERON NADA. FUE UN DI\u00c1LOGO DE SORDOS&#8221;\"}]},{\"@type\":\"WebSite\",\"@id\":\"https:\/\/apuntesdesanluis.com\/#website\",\"url\":\"https:\/\/apuntesdesanluis.com\/\",\"name\":\"Apuntes de San Luis\",\"description\":\"\",\"publisher\":{\"@id\":\"https:\/\/apuntesdesanluis.com\/#\/schema\/person\/b55151d52296fcce64d1a72538a70b90\"},\"potentialAction\":[{\"@type\":\"SearchAction\",\"target\":{\"@type\":\"EntryPoint\",\"urlTemplate\":\"https:\/\/apuntesdesanluis.com\/?s={search_term_string}\"},\"query-input\":{\"@type\":\"PropertyValueSpecification\",\"valueRequired\":true,\"valueName\":\"search_term_string\"}}],\"inLanguage\":\"es-AR\"},{\"@type\":[\"Person\",\"Organization\"],\"@id\":\"https:\/\/apuntesdesanluis.com\/#\/schema\/person\/b55151d52296fcce64d1a72538a70b90\",\"name\":\"apuntesdesanluis.com\",\"image\":{\"@type\":\"ImageObject\",\"inLanguage\":\"es-AR\",\"@id\":\"https:\/\/apuntesdesanluis.com\/#\/schema\/person\/image\/\",\"url\":\"https:\/\/apuntesdesanluis.com\/wp-content\/uploads\/2023\/07\/cropped-apuntesdesanluis.png\",\"contentUrl\":\"https:\/\/apuntesdesanluis.com\/wp-content\/uploads\/2023\/07\/cropped-apuntesdesanluis.png\",\"width\":450,\"height\":112,\"caption\":\"apuntesdesanluis.com\"},\"logo\":{\"@id\":\"https:\/\/apuntesdesanluis.com\/#\/schema\/person\/image\/\"},\"sameAs\":[\"https:\/\/apuntesdesanluis.com\"],\"url\":\"https:\/\/apuntesdesanluis.com\/index.php\/author\/apuntesdesanluis-com\/\"}]}<\/script>\n<!-- \/ Yoast SEO plugin. -->","yoast_head_json":{"title":"GREMIOS DOCENTES NO LLEGARON A UN ACUERDO CON EL GOBIERNO: \"NO OFRECIERON NADA. FUE UN DI\u00c1LOGO DE SORDOS\" - Apuntes de San Luis","robots":{"index":"index","follow":"follow","max-snippet":"max-snippet:-1","max-image-preview":"max-image-preview:large","max-video-preview":"max-video-preview:-1"},"canonical":"https:\/\/apuntesdesanluis.com\/index.php\/2024\/02\/27\/gremios-docentes-no-llegaron-a-un-acuerdo-con-el-gobierno-no-ofrecieron-nada-fue-un-dialogo-de-sordos\/","og_locale":"es_ES","og_type":"article","og_title":"GREMIOS DOCENTES NO LLEGARON A UN ACUERDO CON EL GOBIERNO: \"NO OFRECIERON NADA. FUE UN DI\u00c1LOGO DE SORDOS\" - Apuntes de San Luis","og_description":"La reuni\u00f3n del secretario de Educaci\u00f3n, Carlos Torrendell, con representantes de CTERA, UDA, AMET, SADOP...","og_url":"https:\/\/apuntesdesanluis.com\/index.php\/2024\/02\/27\/gremios-docentes-no-llegaron-a-un-acuerdo-con-el-gobierno-no-ofrecieron-nada-fue-un-dialogo-de-sordos\/","og_site_name":"Apuntes de San Luis","article_published_time":"2024-02-28T01:19:13+00:00","og_image":[{"width":680,"height":383,"url":"https:\/\/apuntesdesanluis.com\/wp-content\/uploads\/2024\/02\/CARLOS-TORRENDELL.png","type":"image\/png"}],"author":"apuntesdesanluis.com","twitter_card":"summary_large_image","twitter_misc":{"Escrito por":"apuntesdesanluis.com","Tiempo de lectura":"3 minutos"},"schema":{"@context":"https:\/\/schema.org","@graph":[{"@type":"Article","@id":"https:\/\/apuntesdesanluis.com\/index.php\/2024\/02\/27\/gremios-docentes-no-llegaron-a-un-acuerdo-con-el-gobierno-no-ofrecieron-nada-fue-un-dialogo-de-sordos\/#article","isPartOf":{"@id":"https:\/\/apuntesdesanluis.com\/index.php\/2024\/02\/27\/gremios-docentes-no-llegaron-a-un-acuerdo-con-el-gobierno-no-ofrecieron-nada-fue-un-dialogo-de-sordos\/"},"author":{"name":"apuntesdesanluis.com","@id":"https:\/\/apuntesdesanluis.com\/#\/schema\/person\/b55151d52296fcce64d1a72538a70b90"},"headline":"GREMIOS DOCENTES NO LLEGARON A UN ACUERDO CON EL GOBIERNO: &#8220;NO OFRECIERON NADA. FUE UN DI\u00c1LOGO DE SORDOS&#8221;","datePublished":"2024-02-28T01:19:13+00:00","mainEntityOfPage":{"@id":"https:\/\/apuntesdesanluis.com\/index.php\/2024\/02\/27\/gremios-docentes-no-llegaron-a-un-acuerdo-con-el-gobierno-no-ofrecieron-nada-fue-un-dialogo-de-sordos\/"},"wordCount":713,"publisher":{"@id":"https:\/\/apuntesdesanluis.com\/#\/schema\/person\/b55151d52296fcce64d1a72538a70b90"},"image":{"@id":"https:\/\/apuntesdesanluis.com\/index.php\/2024\/02\/27\/gremios-docentes-no-llegaron-a-un-acuerdo-con-el-gobierno-no-ofrecieron-nada-fue-un-dialogo-de-sordos\/#primaryimage"},"thumbnailUrl":"https:\/\/apuntesdesanluis.com\/wp-content\/uploads\/2024\/02\/CARLOS-TORRENDELL.png","articleSection":["Nacionales\/Internacionales"],"inLanguage":"es-AR"},{"@type":"WebPage","@id":"https:\/\/apuntesdesanluis.com\/index.php\/2024\/02\/27\/gremios-docentes-no-llegaron-a-un-acuerdo-con-el-gobierno-no-ofrecieron-nada-fue-un-dialogo-de-sordos\/","url":"https:\/\/apuntesdesanluis.com\/index.php\/2024\/02\/27\/gremios-docentes-no-llegaron-a-un-acuerdo-con-el-gobierno-no-ofrecieron-nada-fue-un-dialogo-de-sordos\/","name":"GREMIOS DOCENTES NO LLEGARON A UN ACUERDO CON EL GOBIERNO: \"NO OFRECIERON NADA. FUE UN DI\u00c1LOGO DE SORDOS\" - Apuntes de San Luis","isPartOf":{"@id":"https:\/\/apuntesdesanluis.com\/#website"},"primaryImageOfPage":{"@id":"https:\/\/apuntesdesanluis.com\/index.php\/2024\/02\/27\/gremios-docentes-no-llegaron-a-un-acuerdo-con-el-gobierno-no-ofrecieron-nada-fue-un-dialogo-de-sordos\/#primaryimage"},"image":{"@id":"https:\/\/apuntesdesanluis.com\/index.php\/2024\/02\/27\/gremios-docentes-no-llegaron-a-un-acuerdo-con-el-gobierno-no-ofrecieron-nada-fue-un-dialogo-de-sordos\/#primaryimage"},"thumbnailUrl":"https:\/\/apuntesdesanluis.com\/wp-content\/uploads\/2024\/02\/CARLOS-TORRENDELL.png","datePublished":"2024-02-28T01:19:13+00:00","breadcrumb":{"@id":"https:\/\/apuntesdesanluis.com\/index.php\/2024\/02\/27\/gremios-docentes-no-llegaron-a-un-acuerdo-con-el-gobierno-no-ofrecieron-nada-fue-un-dialogo-de-sordos\/#breadcrumb"},"inLanguage":"es-AR","potentialAction":[{"@type":"ReadAction","target":["https:\/\/apuntesdesanluis.com\/index.php\/2024\/02\/27\/gremios-docentes-no-llegaron-a-un-acuerdo-con-el-gobierno-no-ofrecieron-nada-fue-un-dialogo-de-sordos\/"]}]},{"@type":"ImageObject","inLanguage":"es-AR","@id":"https:\/\/apuntesdesanluis.com\/index.php\/2024\/02\/27\/gremios-docentes-no-llegaron-a-un-acuerdo-con-el-gobierno-no-ofrecieron-nada-fue-un-dialogo-de-sordos\/#primaryimage","url":"https:\/\/apuntesdesanluis.com\/wp-content\/uploads\/2024\/02\/CARLOS-TORRENDELL.png","contentUrl":"https:\/\/apuntesdesanluis.com\/wp-content\/uploads\/2024\/02\/CARLOS-TORRENDELL.png","width":680,"height":383},{"@type":"BreadcrumbList","@id":"https:\/\/apuntesdesanluis.com\/index.php\/2024\/02\/27\/gremios-docentes-no-llegaron-a-un-acuerdo-con-el-gobierno-no-ofrecieron-nada-fue-un-dialogo-de-sordos\/#breadcrumb","itemListElement":[{"@type":"ListItem","position":1,"name":"Inicio","item":"https:\/\/apuntesdesanluis.com\/"},{"@type":"ListItem","position":2,"name":"GREMIOS DOCENTES NO LLEGARON A UN ACUERDO CON EL GOBIERNO: &#8220;NO OFRECIERON NADA. FUE UN DI\u00c1LOGO DE SORDOS&#8221;"}]},{"@type":"WebSite","@id":"https:\/\/apuntesdesanluis.com\/#website","url":"https:\/\/apuntesdesanluis.com\/","name":"Apuntes de San Luis","description":"","publisher":{"@id":"https:\/\/apuntesdesanluis.com\/#\/schema\/person\/b55151d52296fcce64d1a72538a70b90"},"potentialAction":[{"@type":"SearchAction","target":{"@type":"EntryPoint","urlTemplate":"https:\/\/apuntesdesanluis.com\/?s={search_term_string}"},"query-input":{"@type":"PropertyValueSpecification","valueRequired":true,"valueName":"search_term_string"}}],"inLanguage":"es-AR"},{"@type":["Person","Organization"],"@id":"https:\/\/apuntesdesanluis.com\/#\/schema\/person\/b55151d52296fcce64d1a72538a70b90","name":"apuntesdesanluis.com","image":{"@type":"ImageObject","inLanguage":"es-AR","@id":"https:\/\/apuntesdesanluis.com\/#\/schema\/person\/image\/","url":"https:\/\/apuntesdesanluis.com\/wp-content\/uploads\/2023\/07\/cropped-apuntesdesanluis.png","contentUrl":"https:\/\/apuntesdesanluis.com\/wp-content\/uploads\/2023\/07\/cropped-apuntesdesanluis.png","width":450,"height":112,"caption":"apuntesdesanluis.com"},"logo":{"@id":"https:\/\/apuntesdesanluis.com\/#\/schema\/person\/image\/"},"sameAs":["https:\/\/apuntesdesanluis.com"],"url":"https:\/\/apuntesdesanluis.com\/index.php\/author\/apuntesdesanluis-com\/"}]}},"featured_image_urls":{"full":["https:\/\/apuntesdesanluis.com\/wp-content\/uploads\/2024\/02\/CARLOS-TORRENDELL.png",680,383,false],"thumbnail":["https:\/\/apuntesdesanluis.com\/wp-content\/uploads\/2024\/02\/CARLOS-TORRENDELL-150x150.png",150,150,true],"medium":["https:\/\/apuntesdesanluis.com\/wp-content\/uploads\/2024\/02\/CARLOS-TORRENDELL-300x169.png",300,169,true],"medium_large":["https:\/\/apuntesdesanluis.com\/wp-content\/uploads\/2024\/02\/CARLOS-TORRENDELL.png",640,360,false],"large":["https:\/\/apuntesdesanluis.com\/wp-content\/uploads\/2024\/02\/CARLOS-TORRENDELL.png",640,360,false],"1536x1536":["https:\/\/apuntesdesanluis.com\/wp-content\/uploads\/2024\/02\/CARLOS-TORRENDELL.png",680,383,false],"2048x2048":["https:\/\/apuntesdesanluis.com\/wp-content\/uploads\/2024\/02\/CARLOS-TORRENDELL.png",680,383,false],"newsever-slider-full":["https:\/\/apuntesdesanluis.com\/wp-content\/uploads\/2024\/02\/CARLOS-TORRENDELL.png",680,383,false],"newsever-featured":["https:\/\/apuntesdesanluis.com\/wp-content\/uploads\/2024\/02\/CARLOS-TORRENDELL.png",680,383,false],"newsever-medium":["https:\/\/apuntesdesanluis.com\/wp-content\/uploads\/2024\/02\/CARLOS-TORRENDELL.png",680,383,false]},"author_info":{"display_name":"apuntesdesanluis.com","author_link":"https:\/\/apuntesdesanluis.com\/index.php\/author\/apuntesdesanluis-com\/"},"category_info":"<a href=\"https:\/\/apuntesdesanluis.com\/index.php\/category\/nacionales-internacionales\/\" rel=\"category tag\">Nacionales\/Internacionales<\/a>","tag_info":"Nacionales\/Internacionales","comment_count":"0","_links":{"self":[{"href":"https:\/\/apuntesdesanluis.com\/index.php\/wp-json\/wp\/v2\/posts\/12392","targetHints":{"allow":["GET"]}}],"collection":[{"href":"https:\/\/apuntesdesanluis.com\/index.php\/wp-json\/wp\/v2\/posts"}],"about":[{"href":"https:\/\/apuntesdesanluis.com\/index.php\/wp-json\/wp\/v2\/types\/post"}],"author":[{"embeddable":true,"href":"https:\/\/apuntesdesanluis.com\/index.php\/wp-json\/wp\/v2\/users\/1"}],"replies":[{"embeddable":true,"href":"https:\/\/apuntesdesanluis.com\/index.php\/wp-json\/wp\/v2\/comments?post=12392"}],"version-history":[{"count":1,"href":"https:\/\/apuntesdesanluis.com\/index.php\/wp-json\/wp\/v2\/posts\/12392\/revisions"}],"predecessor-version":[{"id":12393,"href":"https:\/\/apuntesdesanluis.com\/index.php\/wp-json\/wp\/v2\/posts\/12392\/revisions\/12393"}],"wp:featuredmedia":[{"embeddable":true,"href":"https:\/\/apuntesdesanluis.com\/index.php\/wp-json\/wp\/v2\/media\/12065"}],"wp:attachment":[{"href":"https:\/\/apuntesdesanluis.com\/index.php\/wp-json\/wp\/v2\/media?parent=12392"}],"wp:term":[{"taxonomy":"category","embeddable":true,"href":"https:\/\/apuntesdesanluis.com\/index.php\/wp-json\/wp\/v2\/categories?post=12392"},{"taxonomy":"post_tag","embeddable":true,"href":"https:\/\/apuntesdesanluis.com\/index.php\/wp-json\/wp\/v2\/tags?post=12392"}],"curies":[{"name":"wp","href":"https:\/\/api.w.org\/{rel}","templated":true}]}}