{"id":12395,"date":"2024-02-27T23:52:16","date_gmt":"2024-02-28T02:52:16","guid":{"rendered":"https:\/\/apuntesdesanluis.com\/?p=12395"},"modified":"2024-02-27T23:52:16","modified_gmt":"2024-02-28T02:52:16","slug":"la-mesa-intersindical-estatal-reitero-sus-reclamos-al-gobierno-y-espera-respuestas","status":"publish","type":"post","link":"https:\/\/apuntesdesanluis.com\/index.php\/2024\/02\/27\/la-mesa-intersindical-estatal-reitero-sus-reclamos-al-gobierno-y-espera-respuestas\/","title":{"rendered":"LA MESA INTERSINDICAL ESTATAL REITER\u00d3 SUS RECLAMOS AL GOBIERNO Y ESPERA RESPUESTAS"},"content":{"rendered":"<h3>Luego de la Jornada de Lucha Nacional Salarial llevada a cabo el pasado lunes 26, \u201ccon una gran convocatoria y en conjunto con distintos gremios docentes y de otros sectores\u201d, la <strong>Mesa Intersindical<\/strong> que integran las organizaciones estatales fue convocada este martes a Terrazas del Portezuelo, por el Ministro de Gobierno <strong>Facundo Endeiza<\/strong>.<\/h3>\n<h3>Los referentes de cada sindicato expusieron al funcionario provincial la preocupaci\u00f3n existente por la p\u00e9rdida de poder adquisitivo que han sufrido los trabajadores en el \u00faltimo trimestre, cuyos ingresos se encuentran por debajo de la l\u00ednea de pobreza, y la falta de respuesta al pedido de una urgente recomposici\u00f3n salarial.<\/h3>\n<h3>Asimismo, reclamaron una \u201cmesa de trabajo entre los sindicatos estatales y el gobierno que perdure en el tiempo\u201d, a los fines de \u201cencontrar soluciones a las demandas salariales y a las necesidades que sufren los trabajadores\u201d.<\/h3>\n<p><img fetchpriority=\"high\" decoding=\"async\" class=\"wp-image-12398 aligncenter\" src=\"https:\/\/apuntesdesanluis.com\/wp-content\/uploads\/2024\/02\/gremios-estatales-300x219.png\" alt=\"\" width=\"582\" height=\"425\" srcset=\"https:\/\/apuntesdesanluis.com\/wp-content\/uploads\/2024\/02\/gremios-estatales-300x219.png 300w, https:\/\/apuntesdesanluis.com\/wp-content\/uploads\/2024\/02\/gremios-estatales.png 596w\" sizes=\"(max-width: 582px) 100vw, 582px\" \/><\/p>\n<h3>Por su parte el ministro Endeiza se comprometi\u00f3 a trasladar los reclamos al seno del gabinete provincial y al gobernador <strong>Claudio Poggi<\/strong>, para luego convocar a la Mesa Intersindical Estatal a un nuevo encuentro, \u201ccon el objeto de brindar una respuesta al pedido de recomposici\u00f3n salarial y a los distintos reclamos planteados\u201d.<\/h3>\n<h3>El <strong>Sindicato Judiciales Puntanos<\/strong> (SiJuPu) que lidera <strong>Luciano Cardarelli<\/strong>\u00a0 inform\u00f3 tras la reuni\u00f3n que \u201ccada sector continuar\u00e1 con las medidas y planes de lucha ya estipulados sin dejar de lado la uni\u00f3n formada y afianzada en esta mesa\u201d.<\/h3>\n<h3>A trav\u00e9s de la CTA &#8211; AUT\u00d3NOMA y los sindicatos que forman parte, ATE APTS Y SIJUPU, se decidi\u00f3 realizar un Plenario para el Cuerpo de Delegados\/as y Afiliados\/as de cada sindicato, haci\u00e9ndose extensivo a otros gremios estatales, \u201ca los fines de llevar a cabo una concientizaci\u00f3n sobre la importancia de un salario justo y digno de todo el sector estatal provincial y nacional\u201d.<\/h3>\n<p><img decoding=\"async\" class=\"wp-image-12400 aligncenter\" src=\"https:\/\/apuntesdesanluis.com\/wp-content\/uploads\/2024\/02\/Mesa-Intersindical-212x300.jpg\" alt=\"\" width=\"618\" height=\"874\" srcset=\"https:\/\/apuntesdesanluis.com\/wp-content\/uploads\/2024\/02\/Mesa-Intersindical-212x300.jpg 212w, https:\/\/apuntesdesanluis.com\/wp-content\/uploads\/2024\/02\/Mesa-Intersindical.jpg 700w\" sizes=\"(max-width: 618px) 100vw, 618px\" \/><\/p>\n<p>&nbsp;<\/p>\n<p>&nbsp;<\/p>\n<p>&nbsp;<\/p>\n<p>&nbsp;<\/p>\n","protected":false},"excerpt":{"rendered":"<p>Luego de la Jornada de Lucha Nacional Salarial llevada a cabo el pasado lunes 26,&#8230;<\/p>\n","protected":false},"author":1,"featured_media":12399,"comment_status":"closed","ping_status":"closed","sticky":false,"template":"","format":"standard","meta":{"footnotes":""},"categories":[6],"tags":[],"class_list":["post-12395","post","type-post","status-publish","format-standard","has-post-thumbnail","hentry","category-ciudad-provincia"],"yoast_head":"<!-- This site is optimized with the Yoast SEO plugin v26.1.1 - https:\/\/yoast.com\/wordpress\/plugins\/seo\/ -->\n<title>LA MESA INTERSINDICAL ESTATAL REITER\u00d3 SUS RECLAMOS AL GOBIERNO Y ESPERA RESPUESTAS - Apuntes de San Luis<\/title>\n<meta name=\"robots\" content=\"index, follow, max-snippet:-1, max-image-preview:large, max-video-preview:-1\" \/>\n<link rel=\"canonical\" href=\"https:\/\/apuntesdesanluis.com\/index.php\/2024\/02\/27\/la-mesa-intersindical-estatal-reitero-sus-reclamos-al-gobierno-y-espera-respuestas\/\" \/>\n<meta property=\"og:locale\" content=\"es_ES\" \/>\n<meta property=\"og:type\" content=\"article\" \/>\n<meta property=\"og:title\" content=\"LA MESA INTERSINDICAL ESTATAL REITER\u00d3 SUS RECLAMOS AL GOBIERNO Y ESPERA RESPUESTAS - Apuntes de San Luis\" \/>\n<meta property=\"og:description\" content=\"Luego de la Jornada de Lucha Nacional Salarial llevada a cabo el pasado lunes 26,...\" \/>\n<meta property=\"og:url\" content=\"https:\/\/apuntesdesanluis.com\/index.php\/2024\/02\/27\/la-mesa-intersindical-estatal-reitero-sus-reclamos-al-gobierno-y-espera-respuestas\/\" \/>\n<meta property=\"og:site_name\" content=\"Apuntes de San Luis\" \/>\n<meta property=\"article:published_time\" content=\"2024-02-28T02:52:16+00:00\" \/>\n<meta property=\"og:image\" content=\"https:\/\/apuntesdesanluis.com\/wp-content\/uploads\/2024\/02\/cardarelli-con-endeiza.png\" \/>\n\t<meta property=\"og:image:width\" content=\"600\" \/>\n\t<meta property=\"og:image:height\" content=\"363\" \/>\n\t<meta property=\"og:image:type\" content=\"image\/png\" \/>\n<meta name=\"author\" content=\"apuntesdesanluis.com\" \/>\n<meta name=\"twitter:card\" content=\"summary_large_image\" \/>\n<meta name=\"twitter:label1\" content=\"Escrito por\" \/>\n\t<meta name=\"twitter:data1\" content=\"apuntesdesanluis.com\" \/>\n\t<meta name=\"twitter:label2\" content=\"Tiempo de lectura\" \/>\n\t<meta name=\"twitter:data2\" content=\"2 minutos\" \/>\n<script type=\"application\/ld+json\" class=\"yoast-schema-graph\">{\"@context\":\"https:\/\/schema.org\",\"@graph\":[{\"@type\":\"Article\",\"@id\":\"https:\/\/apuntesdesanluis.com\/index.php\/2024\/02\/27\/la-mesa-intersindical-estatal-reitero-sus-reclamos-al-gobierno-y-espera-respuestas\/#article\",\"isPartOf\":{\"@id\":\"https:\/\/apuntesdesanluis.com\/index.php\/2024\/02\/27\/la-mesa-intersindical-estatal-reitero-sus-reclamos-al-gobierno-y-espera-respuestas\/\"},\"author\":{\"name\":\"apuntesdesanluis.com\",\"@id\":\"https:\/\/apuntesdesanluis.com\/#\/schema\/person\/b55151d52296fcce64d1a72538a70b90\"},\"headline\":\"LA MESA INTERSINDICAL ESTATAL REITER\u00d3 SUS RECLAMOS AL GOBIERNO Y ESPERA RESPUESTAS\",\"datePublished\":\"2024-02-28T02:52:16+00:00\",\"mainEntityOfPage\":{\"@id\":\"https:\/\/apuntesdesanluis.com\/index.php\/2024\/02\/27\/la-mesa-intersindical-estatal-reitero-sus-reclamos-al-gobierno-y-espera-respuestas\/\"},\"wordCount\":321,\"publisher\":{\"@id\":\"https:\/\/apuntesdesanluis.com\/#\/schema\/person\/b55151d52296fcce64d1a72538a70b90\"},\"image\":{\"@id\":\"https:\/\/apuntesdesanluis.com\/index.php\/2024\/02\/27\/la-mesa-intersindical-estatal-reitero-sus-reclamos-al-gobierno-y-espera-respuestas\/#primaryimage\"},\"thumbnailUrl\":\"https:\/\/apuntesdesanluis.com\/wp-content\/uploads\/2024\/02\/cardarelli-con-endeiza.png\",\"articleSection\":[\"Ciudad\/Provincia\"],\"inLanguage\":\"es-AR\"},{\"@type\":\"WebPage\",\"@id\":\"https:\/\/apuntesdesanluis.com\/index.php\/2024\/02\/27\/la-mesa-intersindical-estatal-reitero-sus-reclamos-al-gobierno-y-espera-respuestas\/\",\"url\":\"https:\/\/apuntesdesanluis.com\/index.php\/2024\/02\/27\/la-mesa-intersindical-estatal-reitero-sus-reclamos-al-gobierno-y-espera-respuestas\/\",\"name\":\"LA MESA INTERSINDICAL ESTATAL REITER\u00d3 SUS RECLAMOS AL GOBIERNO Y ESPERA RESPUESTAS - Apuntes de San Luis\",\"isPartOf\":{\"@id\":\"https:\/\/apuntesdesanluis.com\/#website\"},\"primaryImageOfPage\":{\"@id\":\"https:\/\/apuntesdesanluis.com\/index.php\/2024\/02\/27\/la-mesa-intersindical-estatal-reitero-sus-reclamos-al-gobierno-y-espera-respuestas\/#primaryimage\"},\"image\":{\"@id\":\"https:\/\/apuntesdesanluis.com\/index.php\/2024\/02\/27\/la-mesa-intersindical-estatal-reitero-sus-reclamos-al-gobierno-y-espera-respuestas\/#primaryimage\"},\"thumbnailUrl\":\"https:\/\/apuntesdesanluis.com\/wp-content\/uploads\/2024\/02\/cardarelli-con-endeiza.png\",\"datePublished\":\"2024-02-28T02:52:16+00:00\",\"breadcrumb\":{\"@id\":\"https:\/\/apuntesdesanluis.com\/index.php\/2024\/02\/27\/la-mesa-intersindical-estatal-reitero-sus-reclamos-al-gobierno-y-espera-respuestas\/#breadcrumb\"},\"inLanguage\":\"es-AR\",\"potentialAction\":[{\"@type\":\"ReadAction\",\"target\":[\"https:\/\/apuntesdesanluis.com\/index.php\/2024\/02\/27\/la-mesa-intersindical-estatal-reitero-sus-reclamos-al-gobierno-y-espera-respuestas\/\"]}]},{\"@type\":\"ImageObject\",\"inLanguage\":\"es-AR\",\"@id\":\"https:\/\/apuntesdesanluis.com\/index.php\/2024\/02\/27\/la-mesa-intersindical-estatal-reitero-sus-reclamos-al-gobierno-y-espera-respuestas\/#primaryimage\",\"url\":\"https:\/\/apuntesdesanluis.com\/wp-content\/uploads\/2024\/02\/cardarelli-con-endeiza.png\",\"contentUrl\":\"https:\/\/apuntesdesanluis.com\/wp-content\/uploads\/2024\/02\/cardarelli-con-endeiza.png\",\"width\":600,\"height\":363},{\"@type\":\"BreadcrumbList\",\"@id\":\"https:\/\/apuntesdesanluis.com\/index.php\/2024\/02\/27\/la-mesa-intersindical-estatal-reitero-sus-reclamos-al-gobierno-y-espera-respuestas\/#breadcrumb\",\"itemListElement\":[{\"@type\":\"ListItem\",\"position\":1,\"name\":\"Inicio\",\"item\":\"https:\/\/apuntesdesanluis.com\/\"},{\"@type\":\"ListItem\",\"position\":2,\"name\":\"LA MESA INTERSINDICAL ESTATAL REITER\u00d3 SUS RECLAMOS AL GOBIERNO Y ESPERA RESPUESTAS\"}]},{\"@type\":\"WebSite\",\"@id\":\"https:\/\/apuntesdesanluis.com\/#website\",\"url\":\"https:\/\/apuntesdesanluis.com\/\",\"name\":\"Apuntes de San Luis\",\"description\":\"\",\"publisher\":{\"@id\":\"https:\/\/apuntesdesanluis.com\/#\/schema\/person\/b55151d52296fcce64d1a72538a70b90\"},\"potentialAction\":[{\"@type\":\"SearchAction\",\"target\":{\"@type\":\"EntryPoint\",\"urlTemplate\":\"https:\/\/apuntesdesanluis.com\/?s={search_term_string}\"},\"query-input\":{\"@type\":\"PropertyValueSpecification\",\"valueRequired\":true,\"valueName\":\"search_term_string\"}}],\"inLanguage\":\"es-AR\"},{\"@type\":[\"Person\",\"Organization\"],\"@id\":\"https:\/\/apuntesdesanluis.com\/#\/schema\/person\/b55151d52296fcce64d1a72538a70b90\",\"name\":\"apuntesdesanluis.com\",\"image\":{\"@type\":\"ImageObject\",\"inLanguage\":\"es-AR\",\"@id\":\"https:\/\/apuntesdesanluis.com\/#\/schema\/person\/image\/\",\"url\":\"https:\/\/apuntesdesanluis.com\/wp-content\/uploads\/2023\/07\/cropped-apuntesdesanluis.png\",\"contentUrl\":\"https:\/\/apuntesdesanluis.com\/wp-content\/uploads\/2023\/07\/cropped-apuntesdesanluis.png\",\"width\":450,\"height\":112,\"caption\":\"apuntesdesanluis.com\"},\"logo\":{\"@id\":\"https:\/\/apuntesdesanluis.com\/#\/schema\/person\/image\/\"},\"sameAs\":[\"https:\/\/apuntesdesanluis.com\"],\"url\":\"https:\/\/apuntesdesanluis.com\/index.php\/author\/apuntesdesanluis-com\/\"}]}<\/script>\n<!-- \/ Yoast SEO plugin. -->","yoast_head_json":{"title":"LA MESA INTERSINDICAL ESTATAL REITER\u00d3 SUS RECLAMOS AL GOBIERNO Y ESPERA RESPUESTAS - Apuntes de San Luis","robots":{"index":"index","follow":"follow","max-snippet":"max-snippet:-1","max-image-preview":"max-image-preview:large","max-video-preview":"max-video-preview:-1"},"canonical":"https:\/\/apuntesdesanluis.com\/index.php\/2024\/02\/27\/la-mesa-intersindical-estatal-reitero-sus-reclamos-al-gobierno-y-espera-respuestas\/","og_locale":"es_ES","og_type":"article","og_title":"LA MESA INTERSINDICAL ESTATAL REITER\u00d3 SUS RECLAMOS AL GOBIERNO Y ESPERA RESPUESTAS - Apuntes de San Luis","og_description":"Luego de la Jornada de Lucha Nacional Salarial llevada a cabo el pasado lunes 26,...","og_url":"https:\/\/apuntesdesanluis.com\/index.php\/2024\/02\/27\/la-mesa-intersindical-estatal-reitero-sus-reclamos-al-gobierno-y-espera-respuestas\/","og_site_name":"Apuntes de San Luis","article_published_time":"2024-02-28T02:52:16+00:00","og_image":[{"width":600,"height":363,"url":"https:\/\/apuntesdesanluis.com\/wp-content\/uploads\/2024\/02\/cardarelli-con-endeiza.png","type":"image\/png"}],"author":"apuntesdesanluis.com","twitter_card":"summary_large_image","twitter_misc":{"Escrito por":"apuntesdesanluis.com","Tiempo de lectura":"2 minutos"},"schema":{"@context":"https:\/\/schema.org","@graph":[{"@type":"Article","@id":"https:\/\/apuntesdesanluis.com\/index.php\/2024\/02\/27\/la-mesa-intersindical-estatal-reitero-sus-reclamos-al-gobierno-y-espera-respuestas\/#article","isPartOf":{"@id":"https:\/\/apuntesdesanluis.com\/index.php\/2024\/02\/27\/la-mesa-intersindical-estatal-reitero-sus-reclamos-al-gobierno-y-espera-respuestas\/"},"author":{"name":"apuntesdesanluis.com","@id":"https:\/\/apuntesdesanluis.com\/#\/schema\/person\/b55151d52296fcce64d1a72538a70b90"},"headline":"LA MESA INTERSINDICAL ESTATAL REITER\u00d3 SUS RECLAMOS AL GOBIERNO Y ESPERA RESPUESTAS","datePublished":"2024-02-28T02:52:16+00:00","mainEntityOfPage":{"@id":"https:\/\/apuntesdesanluis.com\/index.php\/2024\/02\/27\/la-mesa-intersindical-estatal-reitero-sus-reclamos-al-gobierno-y-espera-respuestas\/"},"wordCount":321,"publisher":{"@id":"https:\/\/apuntesdesanluis.com\/#\/schema\/person\/b55151d52296fcce64d1a72538a70b90"},"image":{"@id":"https:\/\/apuntesdesanluis.com\/index.php\/2024\/02\/27\/la-mesa-intersindical-estatal-reitero-sus-reclamos-al-gobierno-y-espera-respuestas\/#primaryimage"},"thumbnailUrl":"https:\/\/apuntesdesanluis.com\/wp-content\/uploads\/2024\/02\/cardarelli-con-endeiza.png","articleSection":["Ciudad\/Provincia"],"inLanguage":"es-AR"},{"@type":"WebPage","@id":"https:\/\/apuntesdesanluis.com\/index.php\/2024\/02\/27\/la-mesa-intersindical-estatal-reitero-sus-reclamos-al-gobierno-y-espera-respuestas\/","url":"https:\/\/apuntesdesanluis.com\/index.php\/2024\/02\/27\/la-mesa-intersindical-estatal-reitero-sus-reclamos-al-gobierno-y-espera-respuestas\/","name":"LA MESA INTERSINDICAL ESTATAL REITER\u00d3 SUS RECLAMOS AL GOBIERNO Y ESPERA RESPUESTAS - Apuntes de San Luis","isPartOf":{"@id":"https:\/\/apuntesdesanluis.com\/#website"},"primaryImageOfPage":{"@id":"https:\/\/apuntesdesanluis.com\/index.php\/2024\/02\/27\/la-mesa-intersindical-estatal-reitero-sus-reclamos-al-gobierno-y-espera-respuestas\/#primaryimage"},"image":{"@id":"https:\/\/apuntesdesanluis.com\/index.php\/2024\/02\/27\/la-mesa-intersindical-estatal-reitero-sus-reclamos-al-gobierno-y-espera-respuestas\/#primaryimage"},"thumbnailUrl":"https:\/\/apuntesdesanluis.com\/wp-content\/uploads\/2024\/02\/cardarelli-con-endeiza.png","datePublished":"2024-02-28T02:52:16+00:00","breadcrumb":{"@id":"https:\/\/apuntesdesanluis.com\/index.php\/2024\/02\/27\/la-mesa-intersindical-estatal-reitero-sus-reclamos-al-gobierno-y-espera-respuestas\/#breadcrumb"},"inLanguage":"es-AR","potentialAction":[{"@type":"ReadAction","target":["https:\/\/apuntesdesanluis.com\/index.php\/2024\/02\/27\/la-mesa-intersindical-estatal-reitero-sus-reclamos-al-gobierno-y-espera-respuestas\/"]}]},{"@type":"ImageObject","inLanguage":"es-AR","@id":"https:\/\/apuntesdesanluis.com\/index.php\/2024\/02\/27\/la-mesa-intersindical-estatal-reitero-sus-reclamos-al-gobierno-y-espera-respuestas\/#primaryimage","url":"https:\/\/apuntesdesanluis.com\/wp-content\/uploads\/2024\/02\/cardarelli-con-endeiza.png","contentUrl":"https:\/\/apuntesdesanluis.com\/wp-content\/uploads\/2024\/02\/cardarelli-con-endeiza.png","width":600,"height":363},{"@type":"BreadcrumbList","@id":"https:\/\/apuntesdesanluis.com\/index.php\/2024\/02\/27\/la-mesa-intersindical-estatal-reitero-sus-reclamos-al-gobierno-y-espera-respuestas\/#breadcrumb","itemListElement":[{"@type":"ListItem","position":1,"name":"Inicio","item":"https:\/\/apuntesdesanluis.com\/"},{"@type":"ListItem","position":2,"name":"LA MESA INTERSINDICAL ESTATAL REITER\u00d3 SUS RECLAMOS AL GOBIERNO Y ESPERA RESPUESTAS"}]},{"@type":"WebSite","@id":"https:\/\/apuntesdesanluis.com\/#website","url":"https:\/\/apuntesdesanluis.com\/","name":"Apuntes de San Luis","description":"","publisher":{"@id":"https:\/\/apuntesdesanluis.com\/#\/schema\/person\/b55151d52296fcce64d1a72538a70b90"},"potentialAction":[{"@type":"SearchAction","target":{"@type":"EntryPoint","urlTemplate":"https:\/\/apuntesdesanluis.com\/?s={search_term_string}"},"query-input":{"@type":"PropertyValueSpecification","valueRequired":true,"valueName":"search_term_string"}}],"inLanguage":"es-AR"},{"@type":["Person","Organization"],"@id":"https:\/\/apuntesdesanluis.com\/#\/schema\/person\/b55151d52296fcce64d1a72538a70b90","name":"apuntesdesanluis.com","image":{"@type":"ImageObject","inLanguage":"es-AR","@id":"https:\/\/apuntesdesanluis.com\/#\/schema\/person\/image\/","url":"https:\/\/apuntesdesanluis.com\/wp-content\/uploads\/2023\/07\/cropped-apuntesdesanluis.png","contentUrl":"https:\/\/apuntesdesanluis.com\/wp-content\/uploads\/2023\/07\/cropped-apuntesdesanluis.png","width":450,"height":112,"caption":"apuntesdesanluis.com"},"logo":{"@id":"https:\/\/apuntesdesanluis.com\/#\/schema\/person\/image\/"},"sameAs":["https:\/\/apuntesdesanluis.com"],"url":"https:\/\/apuntesdesanluis.com\/index.php\/author\/apuntesdesanluis-com\/"}]}},"featured_image_urls":{"full":["https:\/\/apuntesdesanluis.com\/wp-content\/uploads\/2024\/02\/cardarelli-con-endeiza.png",600,363,false],"thumbnail":["https:\/\/apuntesdesanluis.com\/wp-content\/uploads\/2024\/02\/cardarelli-con-endeiza-150x150.png",150,150,true],"medium":["https:\/\/apuntesdesanluis.com\/wp-content\/uploads\/2024\/02\/cardarelli-con-endeiza-300x182.png",300,182,true],"medium_large":["https:\/\/apuntesdesanluis.com\/wp-content\/uploads\/2024\/02\/cardarelli-con-endeiza.png",600,363,false],"large":["https:\/\/apuntesdesanluis.com\/wp-content\/uploads\/2024\/02\/cardarelli-con-endeiza.png",600,363,false],"1536x1536":["https:\/\/apuntesdesanluis.com\/wp-content\/uploads\/2024\/02\/cardarelli-con-endeiza.png",600,363,false],"2048x2048":["https:\/\/apuntesdesanluis.com\/wp-content\/uploads\/2024\/02\/cardarelli-con-endeiza.png",600,363,false],"newsever-slider-full":["https:\/\/apuntesdesanluis.com\/wp-content\/uploads\/2024\/02\/cardarelli-con-endeiza.png",600,363,false],"newsever-featured":["https:\/\/apuntesdesanluis.com\/wp-content\/uploads\/2024\/02\/cardarelli-con-endeiza.png",600,363,false],"newsever-medium":["https:\/\/apuntesdesanluis.com\/wp-content\/uploads\/2024\/02\/cardarelli-con-endeiza.png",600,363,false]},"author_info":{"display_name":"apuntesdesanluis.com","author_link":"https:\/\/apuntesdesanluis.com\/index.php\/author\/apuntesdesanluis-com\/"},"category_info":"<a href=\"https:\/\/apuntesdesanluis.com\/index.php\/category\/ciudad-provincia\/\" rel=\"category tag\">Ciudad\/Provincia<\/a>","tag_info":"Ciudad\/Provincia","comment_count":"0","_links":{"self":[{"href":"https:\/\/apuntesdesanluis.com\/index.php\/wp-json\/wp\/v2\/posts\/12395","targetHints":{"allow":["GET"]}}],"collection":[{"href":"https:\/\/apuntesdesanluis.com\/index.php\/wp-json\/wp\/v2\/posts"}],"about":[{"href":"https:\/\/apuntesdesanluis.com\/index.php\/wp-json\/wp\/v2\/types\/post"}],"author":[{"embeddable":true,"href":"https:\/\/apuntesdesanluis.com\/index.php\/wp-json\/wp\/v2\/users\/1"}],"replies":[{"embeddable":true,"href":"https:\/\/apuntesdesanluis.com\/index.php\/wp-json\/wp\/v2\/comments?post=12395"}],"version-history":[{"count":2,"href":"https:\/\/apuntesdesanluis.com\/index.php\/wp-json\/wp\/v2\/posts\/12395\/revisions"}],"predecessor-version":[{"id":12401,"href":"https:\/\/apuntesdesanluis.com\/index.php\/wp-json\/wp\/v2\/posts\/12395\/revisions\/12401"}],"wp:featuredmedia":[{"embeddable":true,"href":"https:\/\/apuntesdesanluis.com\/index.php\/wp-json\/wp\/v2\/media\/12399"}],"wp:attachment":[{"href":"https:\/\/apuntesdesanluis.com\/index.php\/wp-json\/wp\/v2\/media?parent=12395"}],"wp:term":[{"taxonomy":"category","embeddable":true,"href":"https:\/\/apuntesdesanluis.com\/index.php\/wp-json\/wp\/v2\/categories?post=12395"},{"taxonomy":"post_tag","embeddable":true,"href":"https:\/\/apuntesdesanluis.com\/index.php\/wp-json\/wp\/v2\/tags?post=12395"}],"curies":[{"name":"wp","href":"https:\/\/api.w.org\/{rel}","templated":true}]}}