{"id":1240,"date":"2023-08-07T21:09:49","date_gmt":"2023-08-08T00:09:49","guid":{"rendered":"https:\/\/apuntesdesanluis.com\/?p=1240"},"modified":"2023-08-07T21:09:49","modified_gmt":"2023-08-08T00:09:49","slug":"acueducto-vulpiani-el-tribunal-de-impugnaciones-escucho-a-las-partes-y-paso-la-causa-a-resolver","status":"publish","type":"post","link":"https:\/\/apuntesdesanluis.com\/index.php\/2023\/08\/07\/acueducto-vulpiani-el-tribunal-de-impugnaciones-escucho-a-las-partes-y-paso-la-causa-a-resolver\/","title":{"rendered":"ACUEDUCTO VULPIANI: EL TRIBUNAL DE IMPUGNACIONES ESCUCH\u00d3 A LAS PARTES Y PAS\u00d3 LA CAUSA A RESOLVER"},"content":{"rendered":"<h3>El Tribunal de Impugnaciones de la ciudad de San Luis escuch\u00f3 este lunes a la ma\u00f1ana las fundamentaciones de cada una las partes respecto a una apelaci\u00f3n presentada por la Fiscal\u00eda N\u00b0 4 para que se revoque la resoluci\u00f3n del Juzgado de Garant\u00edas N\u00b0 3 y se haga lugar al desalojo de un grupo de ambientalistas que acampan en el <strong>Acueducto Vulpiani<\/strong> de Juana Koslay.\u00a0 Luego de finalizadas cada una de las exposiciones, el tribunal pas\u00f3 la causa a resolver.<\/h3>\n<h3>De acuerdo al art\u00edculo 286 del C\u00f3digo Procesal Penal, los jueces tienen hasta 10 d\u00edas como plazo m\u00e1ximo para emitir su resoluci\u00f3n. En representaci\u00f3n del Ministerio P\u00fablico Fiscal estuvieron <strong>Mar\u00eda del Valle Dur\u00e1n<\/strong> y la fiscal adjunta <strong>Claudia Heit<\/strong>, mientras que Fiscal\u00eda de Estado estuvo representada por <strong>Hugo Scarzo<\/strong> y <strong>Jenifer Corval\u00e1n<\/strong>. Tambi\u00e9n participaron de la audiencia <strong>Sergio Finelli<\/strong>, gerente de la empresa constructora a cargo de la obra; y <strong>Gustavo Quiroga<\/strong>, abogado de los integrantes de la Asamblea Ciudadana en Defensa del Vulpiani.<\/h3>\n<h3>La causa llega a esta instancia luego de que el juez de Garant\u00edas N\u00b0 3, Marcos Flores Leyes, no hiciera lugar, en un auto del 6 de julio de 2023, a un pedido de desalojo de la Fiscal\u00eda N\u00b0 4, y ordenase el pase a visibilidad de las actuaciones al Juzgado Civil, Comercial y Ambiental, que por turno corresponda, para su conocimiento.<\/h3>\n<h3>TODAS LAS VOCES<\/h3>\n<h3>Seg\u00fan el reclamo de los ambientalistas, la obra atentar\u00eda con el medio ambiente y pondr\u00eda en riesgo el patrimonio cultural e hist\u00f3rico del acueducto. Simult\u00e1neamente, la empresa Serving SRL, a cargo de la ejecuci\u00f3n de los trabajos, denunci\u00f3 que desde el 3 de julio pasado un grupo de manifestantes les impide la entrada y salida de veh\u00edculos, maquinarias y personas al lugar, ubicado en Avenida San Roque y Ruta 20.<\/h3>\n<h3>\u201cLa situaci\u00f3n ambiental no es una cuesti\u00f3n que se haya tratado o pretendido dilucidar en la presente causa\u201d.<\/h3>\n<h3>Ante este panorama, Dur\u00e1n explic\u00f3 al tribunal de Impugnaciones que el 4 de julio, la Unidad de Abordaje Fiscal recibi\u00f3 una denuncia realizada por Sergio Finelli, gerente de la empresa constructora a cargo de la obra, donde informaba que un grupo de personas hab\u00eda colocado cubiertas y alambres de p\u00faa en el predio e imped\u00edan el paso.<\/h3>\n<p><img fetchpriority=\"high\" decoding=\"async\" class=\"wp-image-1242 aligncenter\" src=\"https:\/\/apuntesdesanluis.com\/wp-content\/uploads\/2023\/08\/FISCAL-DURAN-300x210.png\" alt=\"\" width=\"730\" height=\"511\" srcset=\"https:\/\/apuntesdesanluis.com\/wp-content\/uploads\/2023\/08\/FISCAL-DURAN-300x210.png 300w, https:\/\/apuntesdesanluis.com\/wp-content\/uploads\/2023\/08\/FISCAL-DURAN-768x537.png 768w, https:\/\/apuntesdesanluis.com\/wp-content\/uploads\/2023\/08\/FISCAL-DURAN.png 959w\" sizes=\"(max-width: 730px) 100vw, 730px\" \/><\/p>\n<h3>En la denuncia, Finelli solicitaba, adem\u00e1s, que los manifestantes se retirasen del lugar y que se deslindase cualquier responsabilidad por los accidentes que pudiesen ocurrir, \u201cdebido a que en el lugar se trabaja con maquinaria pesada y los ambientalistas invaden el espacio de la obra se\u00f1alizada\u201d.<\/h3>\n<h3>La fiscal argument\u00f3 que \u201csin intenci\u00f3n de inmiscuirse en el fondo de la cuesti\u00f3n ambiental por exceder la competencia\u201d, libr\u00f3 oficio a la Comisar\u00eda Quinta para que se constituya en el lugar, identifique a las personas y se los intime, en forma pac\u00edfica, a permitir el libre tr\u00e1nsito de personas y veh\u00edculos.<\/h3>\n<h3>Dur\u00e1n afirm\u00f3 que, aunque \u201cse reconocen las garant\u00edas que todo ciudadano tiene de manifestarse pac\u00edficamente, las acciones no deben vulnerar el derecho de terceros. Ello, a fin de evitar que se cometan delitos como pueden ser obstruir el tr\u00e1nsito, turbar la posesi\u00f3n o cualquier otro perjuicio que suelen acontecer en las manifestaciones\u201d.<\/h3>\n<h3>Ante la negativa de los ambientalistas de abandonar el lugar y de ser identificados por la polic\u00eda, la Fiscal\u00eda solicit\u00f3 al Juzgado de Garant\u00edas N\u00b0 3 que se dicte la medida cautelar de desalojo. \u201cLa v\u00edctima tiene el derecho a que se adopten medidas cautelares o de coerci\u00f3n tendientes a impedir que el delito contin\u00fae o alcance consecuencias ulteriores y es deber de los fiscales requerir las medidas necesarias para su protecci\u00f3n\u201d, argument\u00f3 Dur\u00e1n.<\/h3>\n<h3>Ante el rechazo de la solicitud, el Ministerio P\u00fablico Fiscal interpuso el recurso de apelaci\u00f3n que fue debatido en la audiencia de este lunes. La Fiscal N\u00b0 4 explic\u00f3 ante los jueces que \u201cla situaci\u00f3n ambiental, fondo de la controversia entre denunciante y manifestantes, no es una cuesti\u00f3n que se haya tratado o pretendido dilucidar en la presente causa, ya que excede la competencia de esta fiscal\u00eda\u201d.<\/h3>\n<h3>Y agreg\u00f3: \u201cNo desconozco la situaci\u00f3n ambiental, he sido asesora del Ministerio de Medio Ambiente y he realizado la capacitaci\u00f3n sobre la Lay Yolanda. Tengo entendido que en la Resoluci\u00f3n 170, que aprueba el estudio de impacto ambiental, se han fijado reglas de protecci\u00f3n al medioambiente, pero esa no es la cuesti\u00f3n que hoy se discute, sino la posible comisi\u00f3n de delitos penales\u201d.<\/h3>\n<h3>\u201cESTAMOS HABLANDO DE UN DELITO DE USURPACI\u00d3N\u201d<\/h3>\n<h3>Jennifer Corval\u00e1n, de Fiscal\u00eda de Estado, dijo que adher\u00edan a lo expresado por la Fiscal Dur\u00e1n y subray\u00f3 que es \u201cfundamental recordar que la propiedad de la que se est\u00e1 hablando es del Estado provincial. Si una empresa est\u00e1 a cargo de una obra y unos manifestantes ocupan y, en cierta manera nos quita la posesi\u00f3n o tenencia del predio, estamos hablando de un delito de usurpaci\u00f3n\u201d, dijo la abogada.<\/h3>\n<p><img decoding=\"async\" class=\"wp-image-1243 aligncenter\" src=\"https:\/\/apuntesdesanluis.com\/wp-content\/uploads\/2023\/08\/QUIROGA-SCARZO-300x189.png\" alt=\"\" width=\"708\" height=\"446\" srcset=\"https:\/\/apuntesdesanluis.com\/wp-content\/uploads\/2023\/08\/QUIROGA-SCARZO-300x189.png 300w, https:\/\/apuntesdesanluis.com\/wp-content\/uploads\/2023\/08\/QUIROGA-SCARZO-1024x646.png 1024w, https:\/\/apuntesdesanluis.com\/wp-content\/uploads\/2023\/08\/QUIROGA-SCARZO-768x484.png 768w, https:\/\/apuntesdesanluis.com\/wp-content\/uploads\/2023\/08\/QUIROGA-SCARZO.png 1240w\" sizes=\"(max-width: 708px) 100vw, 708px\" \/><\/p>\n<h3>Hugo Scarzo, por su parte, dijo que \u201cestamos hablando de un delito de acci\u00f3n p\u00fablica y la primera obligaci\u00f3n de un juez de Instrucci\u00f3n es la de hacer cesar los efectos del delito. En el lugar se encuentran diez carpas, est\u00e1n cortados los caminos internos del lugar con gomas y alambres, que impiden la libre circulaci\u00f3n de las personas que tienen derecho en el lugar igual que las personas que est\u00e1n acampando\u201d.<\/h3>\n<h3>Y a\u00f1adi\u00f3: \u201cUna cosa es la contienda que tengan los ambientalistas con la empresa adjudicataria de una licitaci\u00f3n, con impacto ambiental aprobado, y otra cosa es impedir el libre acceso y circulaci\u00f3n de las personas en el lugar\u201d, cerr\u00f3 el abogado.<\/h3>\n<h3>\u201cEL PATRIMONIO CULTURAL DE LA PROVINCIA EST\u00c1 EN RIESGO\u201d<\/h3>\n<h3>El abogado de los integrantes de la Asamblea Ciudadana en Defensa del Vulpiani, Gustavo Quiroga expres\u00f3 que hubiera sido una gran noticia que Fiscal\u00eda invirtiera la cuesti\u00f3n y que \u201ctodos estamos de acuerdo en que tenemos que cuidar el ambiente \u00bfc\u00f3mo se hace eso? se hace denunciando ante Fiscal\u00eda. El patrimonio cultural de la provincia est\u00e1 en riesgo tambi\u00e9n\u201d.<\/h3>\n<h3>Dijo que en la evaluaci\u00f3n de impacto ambiental presentada por la empresa constructora Serving S.R.L. se menciona el uso de glifosato para la realizaci\u00f3n de los desmontes y adem\u00e1s se especifica que se va a destruir bosque nativo.<\/h3>\n<h3>Parafraseando jurisprudencia de la Corte Suprema de Justicia de la Naci\u00f3n explic\u00f3 que \u201cninguna evaluaci\u00f3n de impacto ambiental puede ser condicionada: o se aprueba o no se aprueba; no se puede decir se aprueba y vamos a ver qu\u00e9 hace la empresa o c\u00f3mo hace la reparaci\u00f3n, eso no existe, y eso est\u00e1 en Escaz\u00fa\u201d.<\/h3>\n<h3>Para finalizar dijo que esta es una gran oportunidad para generar una nueva institucionalidad ambiental en la provincia ya que se trata del \u201cprimer caso ambiental en la provincia\u201d y solicit\u00f3 la aplicaci\u00f3n del Acuerdo de Escaz\u00fa.<\/h3>\n<h3>\u201cPensemos que es nuestra obligaci\u00f3n no s\u00f3lo para nosotros sino para nuestros hijos, nuestros nietos cuidar ese bosque y ese bosque es un ejemplo de lo que debemos cuidar en general entonces les pido, les exhorto que pensemos en una nueva institucionalidad en la provincia, en una institucionalidad ambiental\u201d.<\/h3>\n","protected":false},"excerpt":{"rendered":"<p>El Tribunal de Impugnaciones de la ciudad de San Luis escuch\u00f3 este lunes a la&#8230;<\/p>\n","protected":false},"author":1,"featured_media":1241,"comment_status":"closed","ping_status":"closed","sticky":false,"template":"","format":"standard","meta":{"footnotes":""},"categories":[6],"tags":[],"class_list":["post-1240","post","type-post","status-publish","format-standard","has-post-thumbnail","hentry","category-ciudad-provincia"],"yoast_head":"<!-- This site is optimized with the Yoast SEO plugin v26.1.1 - https:\/\/yoast.com\/wordpress\/plugins\/seo\/ -->\n<title>ACUEDUCTO VULPIANI: EL TRIBUNAL DE IMPUGNACIONES ESCUCH\u00d3 A LAS PARTES Y PAS\u00d3 LA CAUSA A RESOLVER - Apuntes de San Luis<\/title>\n<meta name=\"robots\" content=\"index, follow, max-snippet:-1, max-image-preview:large, max-video-preview:-1\" \/>\n<link rel=\"canonical\" href=\"https:\/\/apuntesdesanluis.com\/index.php\/2023\/08\/07\/acueducto-vulpiani-el-tribunal-de-impugnaciones-escucho-a-las-partes-y-paso-la-causa-a-resolver\/\" \/>\n<meta property=\"og:locale\" content=\"es_ES\" \/>\n<meta property=\"og:type\" content=\"article\" \/>\n<meta property=\"og:title\" content=\"ACUEDUCTO VULPIANI: EL TRIBUNAL DE IMPUGNACIONES ESCUCH\u00d3 A LAS PARTES Y PAS\u00d3 LA CAUSA A RESOLVER - Apuntes de San Luis\" \/>\n<meta property=\"og:description\" content=\"El Tribunal de Impugnaciones de la ciudad de San Luis escuch\u00f3 este lunes a la...\" \/>\n<meta property=\"og:url\" content=\"https:\/\/apuntesdesanluis.com\/index.php\/2023\/08\/07\/acueducto-vulpiani-el-tribunal-de-impugnaciones-escucho-a-las-partes-y-paso-la-causa-a-resolver\/\" \/>\n<meta property=\"og:site_name\" content=\"Apuntes de San Luis\" \/>\n<meta property=\"article:published_time\" content=\"2023-08-08T00:09:49+00:00\" \/>\n<meta property=\"og:image\" content=\"https:\/\/apuntesdesanluis.com\/wp-content\/uploads\/2023\/08\/TRIBUNAL.png\" \/>\n\t<meta property=\"og:image:width\" content=\"569\" \/>\n\t<meta property=\"og:image:height\" content=\"343\" \/>\n\t<meta property=\"og:image:type\" content=\"image\/png\" \/>\n<meta name=\"author\" content=\"apuntesdesanluis.com\" \/>\n<meta name=\"twitter:card\" content=\"summary_large_image\" \/>\n<meta name=\"twitter:label1\" content=\"Escrito por\" \/>\n\t<meta name=\"twitter:data1\" content=\"apuntesdesanluis.com\" \/>\n\t<meta name=\"twitter:label2\" content=\"Tiempo de lectura\" \/>\n\t<meta name=\"twitter:data2\" content=\"6 minutos\" \/>\n<script type=\"application\/ld+json\" class=\"yoast-schema-graph\">{\"@context\":\"https:\/\/schema.org\",\"@graph\":[{\"@type\":\"Article\",\"@id\":\"https:\/\/apuntesdesanluis.com\/index.php\/2023\/08\/07\/acueducto-vulpiani-el-tribunal-de-impugnaciones-escucho-a-las-partes-y-paso-la-causa-a-resolver\/#article\",\"isPartOf\":{\"@id\":\"https:\/\/apuntesdesanluis.com\/index.php\/2023\/08\/07\/acueducto-vulpiani-el-tribunal-de-impugnaciones-escucho-a-las-partes-y-paso-la-causa-a-resolver\/\"},\"author\":{\"name\":\"apuntesdesanluis.com\",\"@id\":\"https:\/\/apuntesdesanluis.com\/#\/schema\/person\/b55151d52296fcce64d1a72538a70b90\"},\"headline\":\"ACUEDUCTO VULPIANI: EL TRIBUNAL DE IMPUGNACIONES ESCUCH\u00d3 A LAS PARTES Y PAS\u00d3 LA CAUSA A RESOLVER\",\"datePublished\":\"2023-08-08T00:09:49+00:00\",\"mainEntityOfPage\":{\"@id\":\"https:\/\/apuntesdesanluis.com\/index.php\/2023\/08\/07\/acueducto-vulpiani-el-tribunal-de-impugnaciones-escucho-a-las-partes-y-paso-la-causa-a-resolver\/\"},\"wordCount\":1265,\"publisher\":{\"@id\":\"https:\/\/apuntesdesanluis.com\/#\/schema\/person\/b55151d52296fcce64d1a72538a70b90\"},\"image\":{\"@id\":\"https:\/\/apuntesdesanluis.com\/index.php\/2023\/08\/07\/acueducto-vulpiani-el-tribunal-de-impugnaciones-escucho-a-las-partes-y-paso-la-causa-a-resolver\/#primaryimage\"},\"thumbnailUrl\":\"https:\/\/apuntesdesanluis.com\/wp-content\/uploads\/2023\/08\/TRIBUNAL.png\",\"articleSection\":[\"Ciudad\/Provincia\"],\"inLanguage\":\"es-AR\"},{\"@type\":\"WebPage\",\"@id\":\"https:\/\/apuntesdesanluis.com\/index.php\/2023\/08\/07\/acueducto-vulpiani-el-tribunal-de-impugnaciones-escucho-a-las-partes-y-paso-la-causa-a-resolver\/\",\"url\":\"https:\/\/apuntesdesanluis.com\/index.php\/2023\/08\/07\/acueducto-vulpiani-el-tribunal-de-impugnaciones-escucho-a-las-partes-y-paso-la-causa-a-resolver\/\",\"name\":\"ACUEDUCTO VULPIANI: EL TRIBUNAL DE IMPUGNACIONES ESCUCH\u00d3 A LAS PARTES Y PAS\u00d3 LA CAUSA A RESOLVER - Apuntes de San Luis\",\"isPartOf\":{\"@id\":\"https:\/\/apuntesdesanluis.com\/#website\"},\"primaryImageOfPage\":{\"@id\":\"https:\/\/apuntesdesanluis.com\/index.php\/2023\/08\/07\/acueducto-vulpiani-el-tribunal-de-impugnaciones-escucho-a-las-partes-y-paso-la-causa-a-resolver\/#primaryimage\"},\"image\":{\"@id\":\"https:\/\/apuntesdesanluis.com\/index.php\/2023\/08\/07\/acueducto-vulpiani-el-tribunal-de-impugnaciones-escucho-a-las-partes-y-paso-la-causa-a-resolver\/#primaryimage\"},\"thumbnailUrl\":\"https:\/\/apuntesdesanluis.com\/wp-content\/uploads\/2023\/08\/TRIBUNAL.png\",\"datePublished\":\"2023-08-08T00:09:49+00:00\",\"breadcrumb\":{\"@id\":\"https:\/\/apuntesdesanluis.com\/index.php\/2023\/08\/07\/acueducto-vulpiani-el-tribunal-de-impugnaciones-escucho-a-las-partes-y-paso-la-causa-a-resolver\/#breadcrumb\"},\"inLanguage\":\"es-AR\",\"potentialAction\":[{\"@type\":\"ReadAction\",\"target\":[\"https:\/\/apuntesdesanluis.com\/index.php\/2023\/08\/07\/acueducto-vulpiani-el-tribunal-de-impugnaciones-escucho-a-las-partes-y-paso-la-causa-a-resolver\/\"]}]},{\"@type\":\"ImageObject\",\"inLanguage\":\"es-AR\",\"@id\":\"https:\/\/apuntesdesanluis.com\/index.php\/2023\/08\/07\/acueducto-vulpiani-el-tribunal-de-impugnaciones-escucho-a-las-partes-y-paso-la-causa-a-resolver\/#primaryimage\",\"url\":\"https:\/\/apuntesdesanluis.com\/wp-content\/uploads\/2023\/08\/TRIBUNAL.png\",\"contentUrl\":\"https:\/\/apuntesdesanluis.com\/wp-content\/uploads\/2023\/08\/TRIBUNAL.png\",\"width\":569,\"height\":343},{\"@type\":\"BreadcrumbList\",\"@id\":\"https:\/\/apuntesdesanluis.com\/index.php\/2023\/08\/07\/acueducto-vulpiani-el-tribunal-de-impugnaciones-escucho-a-las-partes-y-paso-la-causa-a-resolver\/#breadcrumb\",\"itemListElement\":[{\"@type\":\"ListItem\",\"position\":1,\"name\":\"Inicio\",\"item\":\"https:\/\/apuntesdesanluis.com\/\"},{\"@type\":\"ListItem\",\"position\":2,\"name\":\"ACUEDUCTO VULPIANI: EL TRIBUNAL DE IMPUGNACIONES ESCUCH\u00d3 A LAS PARTES Y PAS\u00d3 LA CAUSA A RESOLVER\"}]},{\"@type\":\"WebSite\",\"@id\":\"https:\/\/apuntesdesanluis.com\/#website\",\"url\":\"https:\/\/apuntesdesanluis.com\/\",\"name\":\"Apuntes de San Luis\",\"description\":\"\",\"publisher\":{\"@id\":\"https:\/\/apuntesdesanluis.com\/#\/schema\/person\/b55151d52296fcce64d1a72538a70b90\"},\"potentialAction\":[{\"@type\":\"SearchAction\",\"target\":{\"@type\":\"EntryPoint\",\"urlTemplate\":\"https:\/\/apuntesdesanluis.com\/?s={search_term_string}\"},\"query-input\":{\"@type\":\"PropertyValueSpecification\",\"valueRequired\":true,\"valueName\":\"search_term_string\"}}],\"inLanguage\":\"es-AR\"},{\"@type\":[\"Person\",\"Organization\"],\"@id\":\"https:\/\/apuntesdesanluis.com\/#\/schema\/person\/b55151d52296fcce64d1a72538a70b90\",\"name\":\"apuntesdesanluis.com\",\"image\":{\"@type\":\"ImageObject\",\"inLanguage\":\"es-AR\",\"@id\":\"https:\/\/apuntesdesanluis.com\/#\/schema\/person\/image\/\",\"url\":\"https:\/\/apuntesdesanluis.com\/wp-content\/uploads\/2023\/07\/cropped-apuntesdesanluis.png\",\"contentUrl\":\"https:\/\/apuntesdesanluis.com\/wp-content\/uploads\/2023\/07\/cropped-apuntesdesanluis.png\",\"width\":450,\"height\":112,\"caption\":\"apuntesdesanluis.com\"},\"logo\":{\"@id\":\"https:\/\/apuntesdesanluis.com\/#\/schema\/person\/image\/\"},\"sameAs\":[\"https:\/\/apuntesdesanluis.com\"],\"url\":\"https:\/\/apuntesdesanluis.com\/index.php\/author\/apuntesdesanluis-com\/\"}]}<\/script>\n<!-- \/ Yoast SEO plugin. -->","yoast_head_json":{"title":"ACUEDUCTO VULPIANI: EL TRIBUNAL DE IMPUGNACIONES ESCUCH\u00d3 A LAS PARTES Y PAS\u00d3 LA CAUSA A RESOLVER - Apuntes de San Luis","robots":{"index":"index","follow":"follow","max-snippet":"max-snippet:-1","max-image-preview":"max-image-preview:large","max-video-preview":"max-video-preview:-1"},"canonical":"https:\/\/apuntesdesanluis.com\/index.php\/2023\/08\/07\/acueducto-vulpiani-el-tribunal-de-impugnaciones-escucho-a-las-partes-y-paso-la-causa-a-resolver\/","og_locale":"es_ES","og_type":"article","og_title":"ACUEDUCTO VULPIANI: EL TRIBUNAL DE IMPUGNACIONES ESCUCH\u00d3 A LAS PARTES Y PAS\u00d3 LA CAUSA A RESOLVER - Apuntes de San Luis","og_description":"El Tribunal de Impugnaciones de la ciudad de San Luis escuch\u00f3 este lunes a la...","og_url":"https:\/\/apuntesdesanluis.com\/index.php\/2023\/08\/07\/acueducto-vulpiani-el-tribunal-de-impugnaciones-escucho-a-las-partes-y-paso-la-causa-a-resolver\/","og_site_name":"Apuntes de San Luis","article_published_time":"2023-08-08T00:09:49+00:00","og_image":[{"width":569,"height":343,"url":"https:\/\/apuntesdesanluis.com\/wp-content\/uploads\/2023\/08\/TRIBUNAL.png","type":"image\/png"}],"author":"apuntesdesanluis.com","twitter_card":"summary_large_image","twitter_misc":{"Escrito por":"apuntesdesanluis.com","Tiempo de lectura":"6 minutos"},"schema":{"@context":"https:\/\/schema.org","@graph":[{"@type":"Article","@id":"https:\/\/apuntesdesanluis.com\/index.php\/2023\/08\/07\/acueducto-vulpiani-el-tribunal-de-impugnaciones-escucho-a-las-partes-y-paso-la-causa-a-resolver\/#article","isPartOf":{"@id":"https:\/\/apuntesdesanluis.com\/index.php\/2023\/08\/07\/acueducto-vulpiani-el-tribunal-de-impugnaciones-escucho-a-las-partes-y-paso-la-causa-a-resolver\/"},"author":{"name":"apuntesdesanluis.com","@id":"https:\/\/apuntesdesanluis.com\/#\/schema\/person\/b55151d52296fcce64d1a72538a70b90"},"headline":"ACUEDUCTO VULPIANI: EL TRIBUNAL DE IMPUGNACIONES ESCUCH\u00d3 A LAS PARTES Y PAS\u00d3 LA CAUSA A RESOLVER","datePublished":"2023-08-08T00:09:49+00:00","mainEntityOfPage":{"@id":"https:\/\/apuntesdesanluis.com\/index.php\/2023\/08\/07\/acueducto-vulpiani-el-tribunal-de-impugnaciones-escucho-a-las-partes-y-paso-la-causa-a-resolver\/"},"wordCount":1265,"publisher":{"@id":"https:\/\/apuntesdesanluis.com\/#\/schema\/person\/b55151d52296fcce64d1a72538a70b90"},"image":{"@id":"https:\/\/apuntesdesanluis.com\/index.php\/2023\/08\/07\/acueducto-vulpiani-el-tribunal-de-impugnaciones-escucho-a-las-partes-y-paso-la-causa-a-resolver\/#primaryimage"},"thumbnailUrl":"https:\/\/apuntesdesanluis.com\/wp-content\/uploads\/2023\/08\/TRIBUNAL.png","articleSection":["Ciudad\/Provincia"],"inLanguage":"es-AR"},{"@type":"WebPage","@id":"https:\/\/apuntesdesanluis.com\/index.php\/2023\/08\/07\/acueducto-vulpiani-el-tribunal-de-impugnaciones-escucho-a-las-partes-y-paso-la-causa-a-resolver\/","url":"https:\/\/apuntesdesanluis.com\/index.php\/2023\/08\/07\/acueducto-vulpiani-el-tribunal-de-impugnaciones-escucho-a-las-partes-y-paso-la-causa-a-resolver\/","name":"ACUEDUCTO VULPIANI: EL TRIBUNAL DE IMPUGNACIONES ESCUCH\u00d3 A LAS PARTES Y PAS\u00d3 LA CAUSA A RESOLVER - Apuntes de San Luis","isPartOf":{"@id":"https:\/\/apuntesdesanluis.com\/#website"},"primaryImageOfPage":{"@id":"https:\/\/apuntesdesanluis.com\/index.php\/2023\/08\/07\/acueducto-vulpiani-el-tribunal-de-impugnaciones-escucho-a-las-partes-y-paso-la-causa-a-resolver\/#primaryimage"},"image":{"@id":"https:\/\/apuntesdesanluis.com\/index.php\/2023\/08\/07\/acueducto-vulpiani-el-tribunal-de-impugnaciones-escucho-a-las-partes-y-paso-la-causa-a-resolver\/#primaryimage"},"thumbnailUrl":"https:\/\/apuntesdesanluis.com\/wp-content\/uploads\/2023\/08\/TRIBUNAL.png","datePublished":"2023-08-08T00:09:49+00:00","breadcrumb":{"@id":"https:\/\/apuntesdesanluis.com\/index.php\/2023\/08\/07\/acueducto-vulpiani-el-tribunal-de-impugnaciones-escucho-a-las-partes-y-paso-la-causa-a-resolver\/#breadcrumb"},"inLanguage":"es-AR","potentialAction":[{"@type":"ReadAction","target":["https:\/\/apuntesdesanluis.com\/index.php\/2023\/08\/07\/acueducto-vulpiani-el-tribunal-de-impugnaciones-escucho-a-las-partes-y-paso-la-causa-a-resolver\/"]}]},{"@type":"ImageObject","inLanguage":"es-AR","@id":"https:\/\/apuntesdesanluis.com\/index.php\/2023\/08\/07\/acueducto-vulpiani-el-tribunal-de-impugnaciones-escucho-a-las-partes-y-paso-la-causa-a-resolver\/#primaryimage","url":"https:\/\/apuntesdesanluis.com\/wp-content\/uploads\/2023\/08\/TRIBUNAL.png","contentUrl":"https:\/\/apuntesdesanluis.com\/wp-content\/uploads\/2023\/08\/TRIBUNAL.png","width":569,"height":343},{"@type":"BreadcrumbList","@id":"https:\/\/apuntesdesanluis.com\/index.php\/2023\/08\/07\/acueducto-vulpiani-el-tribunal-de-impugnaciones-escucho-a-las-partes-y-paso-la-causa-a-resolver\/#breadcrumb","itemListElement":[{"@type":"ListItem","position":1,"name":"Inicio","item":"https:\/\/apuntesdesanluis.com\/"},{"@type":"ListItem","position":2,"name":"ACUEDUCTO VULPIANI: EL TRIBUNAL DE IMPUGNACIONES ESCUCH\u00d3 A LAS PARTES Y PAS\u00d3 LA CAUSA A RESOLVER"}]},{"@type":"WebSite","@id":"https:\/\/apuntesdesanluis.com\/#website","url":"https:\/\/apuntesdesanluis.com\/","name":"Apuntes de San Luis","description":"","publisher":{"@id":"https:\/\/apuntesdesanluis.com\/#\/schema\/person\/b55151d52296fcce64d1a72538a70b90"},"potentialAction":[{"@type":"SearchAction","target":{"@type":"EntryPoint","urlTemplate":"https:\/\/apuntesdesanluis.com\/?s={search_term_string}"},"query-input":{"@type":"PropertyValueSpecification","valueRequired":true,"valueName":"search_term_string"}}],"inLanguage":"es-AR"},{"@type":["Person","Organization"],"@id":"https:\/\/apuntesdesanluis.com\/#\/schema\/person\/b55151d52296fcce64d1a72538a70b90","name":"apuntesdesanluis.com","image":{"@type":"ImageObject","inLanguage":"es-AR","@id":"https:\/\/apuntesdesanluis.com\/#\/schema\/person\/image\/","url":"https:\/\/apuntesdesanluis.com\/wp-content\/uploads\/2023\/07\/cropped-apuntesdesanluis.png","contentUrl":"https:\/\/apuntesdesanluis.com\/wp-content\/uploads\/2023\/07\/cropped-apuntesdesanluis.png","width":450,"height":112,"caption":"apuntesdesanluis.com"},"logo":{"@id":"https:\/\/apuntesdesanluis.com\/#\/schema\/person\/image\/"},"sameAs":["https:\/\/apuntesdesanluis.com"],"url":"https:\/\/apuntesdesanluis.com\/index.php\/author\/apuntesdesanluis-com\/"}]}},"featured_image_urls":{"full":["https:\/\/apuntesdesanluis.com\/wp-content\/uploads\/2023\/08\/TRIBUNAL.png",569,343,false],"thumbnail":["https:\/\/apuntesdesanluis.com\/wp-content\/uploads\/2023\/08\/TRIBUNAL-150x150.png",150,150,true],"medium":["https:\/\/apuntesdesanluis.com\/wp-content\/uploads\/2023\/08\/TRIBUNAL-300x181.png",300,181,true],"medium_large":["https:\/\/apuntesdesanluis.com\/wp-content\/uploads\/2023\/08\/TRIBUNAL.png",569,343,false],"large":["https:\/\/apuntesdesanluis.com\/wp-content\/uploads\/2023\/08\/TRIBUNAL.png",569,343,false],"1536x1536":["https:\/\/apuntesdesanluis.com\/wp-content\/uploads\/2023\/08\/TRIBUNAL.png",569,343,false],"2048x2048":["https:\/\/apuntesdesanluis.com\/wp-content\/uploads\/2023\/08\/TRIBUNAL.png",569,343,false],"newsever-slider-full":["https:\/\/apuntesdesanluis.com\/wp-content\/uploads\/2023\/08\/TRIBUNAL.png",569,343,false],"newsever-featured":["https:\/\/apuntesdesanluis.com\/wp-content\/uploads\/2023\/08\/TRIBUNAL.png",569,343,false],"newsever-medium":["https:\/\/apuntesdesanluis.com\/wp-content\/uploads\/2023\/08\/TRIBUNAL.png",569,343,false]},"author_info":{"display_name":"apuntesdesanluis.com","author_link":"https:\/\/apuntesdesanluis.com\/index.php\/author\/apuntesdesanluis-com\/"},"category_info":"<a href=\"https:\/\/apuntesdesanluis.com\/index.php\/category\/ciudad-provincia\/\" rel=\"category tag\">Ciudad\/Provincia<\/a>","tag_info":"Ciudad\/Provincia","comment_count":"0","_links":{"self":[{"href":"https:\/\/apuntesdesanluis.com\/index.php\/wp-json\/wp\/v2\/posts\/1240","targetHints":{"allow":["GET"]}}],"collection":[{"href":"https:\/\/apuntesdesanluis.com\/index.php\/wp-json\/wp\/v2\/posts"}],"about":[{"href":"https:\/\/apuntesdesanluis.com\/index.php\/wp-json\/wp\/v2\/types\/post"}],"author":[{"embeddable":true,"href":"https:\/\/apuntesdesanluis.com\/index.php\/wp-json\/wp\/v2\/users\/1"}],"replies":[{"embeddable":true,"href":"https:\/\/apuntesdesanluis.com\/index.php\/wp-json\/wp\/v2\/comments?post=1240"}],"version-history":[{"count":1,"href":"https:\/\/apuntesdesanluis.com\/index.php\/wp-json\/wp\/v2\/posts\/1240\/revisions"}],"predecessor-version":[{"id":1244,"href":"https:\/\/apuntesdesanluis.com\/index.php\/wp-json\/wp\/v2\/posts\/1240\/revisions\/1244"}],"wp:featuredmedia":[{"embeddable":true,"href":"https:\/\/apuntesdesanluis.com\/index.php\/wp-json\/wp\/v2\/media\/1241"}],"wp:attachment":[{"href":"https:\/\/apuntesdesanluis.com\/index.php\/wp-json\/wp\/v2\/media?parent=1240"}],"wp:term":[{"taxonomy":"category","embeddable":true,"href":"https:\/\/apuntesdesanluis.com\/index.php\/wp-json\/wp\/v2\/categories?post=1240"},{"taxonomy":"post_tag","embeddable":true,"href":"https:\/\/apuntesdesanluis.com\/index.php\/wp-json\/wp\/v2\/tags?post=1240"}],"curies":[{"name":"wp","href":"https:\/\/api.w.org\/{rel}","templated":true}]}}