{"id":12402,"date":"2024-02-28T08:51:00","date_gmt":"2024-02-28T11:51:00","guid":{"rendered":"https:\/\/apuntesdesanluis.com\/?p=12402"},"modified":"2024-02-28T08:52:16","modified_gmt":"2024-02-28T11:52:16","slug":"preocupacion-en-villa-mercedes-por-la-decision-de-acindar-de-paralizar-sus-plantas-de-produccion-de-acero","status":"publish","type":"post","link":"https:\/\/apuntesdesanluis.com\/index.php\/2024\/02\/28\/preocupacion-en-villa-mercedes-por-la-decision-de-acindar-de-paralizar-sus-plantas-de-produccion-de-acero\/","title":{"rendered":"PREOCUPACI\u00d3N EN VILLA MERCEDES POR LA DECISI\u00d3N DE ACINDAR DE PARALIZAR SUS PLANTAS DE PRODUCCI\u00d3N"},"content":{"rendered":"<h3>La ca\u00edda de la obra p\u00fablica y de la construcci\u00f3n privada golpe\u00f3 la demanda de acero.\u00a0Por el freno de la econom\u00eda, <strong>Acindar<\/strong> paralizar\u00e1 en marzo sus cuatro plantas de producci\u00f3n de acero. Ser\u00eda desde el 18 de marzo hasta el 15 de abril.<\/h3>\n<h3>La empresa del Grupo ArcelorMittal tuvo una ca\u00edda de ventas en torno al 40% en los \u00faltimos meses y anticipa un panorama complejo el resto del a\u00f1o.<\/h3>\n<h3>Frenar\u00e1 la generaci\u00f3n durante un mes y aprovechar\u00e1 para otorgar vacaciones, francos y reducir horas extra.<\/h3>\n<h3>Junto con Siderar, Acindar es una de las dos sider\u00fargicas m\u00e1s grandes del pa\u00eds.<\/h3>\n<h3>La decisi\u00f3n se toma ante una ca\u00edda \u201cabrupta\u201d de sus ventas en medio del impacto de la recesi\u00f3n y la alta inflaci\u00f3n.<\/h3>\n<h3>Durante ese lapso aprovechar\u00e1n para ajustar niveles de producci\u00f3n, otorgar vacaciones, francos y reducir horas extra.<\/h3>\n<h3>En la industria no es com\u00fan observar un freno de tal magnitud en este tipo de sectores.<\/h3>\n<h3>En los \u00faltimos meses creci\u00f3 la cantidad de empresas, sobre todo pymes, que comenzaron con medidas similares y, en muchos casos, tuvieron que reducir sus plantillas.<\/h3>\n<h3>La medida que anunci\u00f3 la firma perteneciente al Grupo ArcelorMittal, con operaciones en todo el mundo, involucra a las cuatro f\u00e1bricas que se encuentran en el pa\u00eds entre el 18 del mes que viene y el 15 de abril: Villa Constituci\u00f3n (Santa Fe), que es la principal, San Nicol\u00e1s (Buenos Aires), La Tablada (Rosario) y <strong>Villa Mercedes (San Luis).<\/strong><\/h3>\n<h3>\u201cArcelorMittal Acindar informa que, a ra\u00edz de la ca\u00edda sostenida de la demanda en el mercado interno, la que ha impactado en una abrupta reducci\u00f3n de entre el 35 y el 40 por ciento de las ventas en los \u00faltimos meses, la compa\u00f1\u00eda se ve obligada a reajustar los niveles de producci\u00f3n conforme a los nuevos niveles de actividad\u201d, indicaron.<\/h3>\n<h3>La empresa, con 80 a\u00f1os operando en el pa\u00eds, detall\u00f3 que actualmente cuentan con 3.100 empleados. La principal identificaci\u00f3n en el mercado es el rubro de aceros largos y perfiles para la construcci\u00f3n, el agro y la industria manufacturera. Adem\u00e1s, tienen una importante red de distribuci\u00f3n comercial con 125 puntos de venta a lo largo del territorio nacional.<\/h3>\n<h3>\u201cEstas medidas de car\u00e1cter extraordinario tienen como \u00fanico prop\u00f3sito minimizar el impacto de la actual situaci\u00f3n. En todo momento la voluntad de la compa\u00f1\u00eda es redoblar sus esfuerzos para preservar a las personas, entendiendo que la \u00fanica manera de lograrlo es garantizando la sustentabilidad del negocio\u201d, a\u00f1adieron.<\/h3>\n<h3><strong>SUSPENSI\u00d3N DE LA PRODUCCI\u00d3N<\/strong><\/h3>\n<h3>El gerente de Relaciones Institucionales de Acindar, Facundo Velasco, se\u00f1al\u00f3: \u201cTenemos en claro que lo principal en este momento es generar un diagn\u00f3stico de la situaci\u00f3n. Ese diagn\u00f3stico nos lleva a, en el corto plazo, tratar de ajustar los niveles de producci\u00f3n a este nuevo nivel de actividad, y eso implica, en lo concreto, que vamos a estar parando todas las instalaciones en marzo. Las fechas se est\u00e1n por terminar de cerrar, pero a partir del 18 vamos a hacer una parada en todas las instalaciones hasta el 15 de abril\u201d.<\/h3>\n<h3>\u201cTenemos una macroeconom\u00eda muy complicada, con altos niveles de inflaci\u00f3n, eso ha generado una fuerte baja de la actividad en general, y en Acindar eso se ve reflejado en una fuerte ca\u00edda de sus ventas. Estoy hablando de niveles que no se ten\u00edan registros en los \u00faltimos a\u00f1os, que rondan entre el 35% y el 40 por ciento. A fin del a\u00f1o pasado sab\u00edamos que este iba a ser complicado, pero la realidad con la que nos enfrentamos en este momento es de una complejidad muy muy grande\u201d, se\u00f1al\u00f3.<\/h3>\n<h3>Durante el freno de actividades, la firma le dar\u00e1 vacaciones a sus empleados, francos compensatorios, reducir\u00e1 las horas extras y brindar\u00e1 capacitaci\u00f3n, sobre todo en materia de seguridad.<\/h3>\n<h3>\u201cTenemos tareas programadas, pendientes, que vamos a aprovechar esta oportunidad para realizarlas\u201d, a\u00f1adi\u00f3 Velasco.<\/h3>\n<h3>Ante la pregunta sobre si el personal directo e indirecto estaba al tanto de la situaci\u00f3n y qu\u00e9 sent\u00edan al tomar esa decisi\u00f3n, Velasco dijo: \u201cEntendemos que el nivel de complejidad de la realidad argentina nos afecta a todos. Las empresas no son la excepci\u00f3n. Le afecta a una persona en su vida cotidiana y cuando esto lo llevas a la industria, hay una ca\u00edda en la construcci\u00f3n, hay una ca\u00edda en la industria automotriz y ah\u00ed te podr\u00edas seguir nombrando una serie de sectores&#8221;.<\/h3>\n<h3>&#8220;Los que trabajamos en Acindar tratamos de hacer las cosas bien todos los d\u00edas, m\u00e1s en estos momentos. Tenemos que redoblar nuestros esfuerzos y estamos con el convencimiento de que lo podemos hacer, tenemos la energ\u00eda para hacerlo. Es una compa\u00f1\u00eda que tiene m\u00e1s de 80 a\u00f1os, entonces la Argentina lamentablemente ha atravesado a lo largo del tiempo muchas crisis y esta no va a ser la excepci\u00f3n. Y nosotros s\u00ed confiamos en que todos los empleados de la compa\u00f1\u00eda, cada uno en su nivel de responsabilidad, del m\u00e1ximo lo tenemos que hacer\u201d, indic\u00f3.<\/h3>\n<h3>Dijo que mantienen relaciones con interlocutores del Gobierno de Javier Milei, a quienes anunciaron los problemas que enfrentaba la compa\u00f1\u00eda.<\/h3>\n<h3>\u201cSaben que esta situaci\u00f3n no solo la atraviesa Acindar. Todas las empresas est\u00e1n tratando de hacerse m\u00e1s competitivas\u201d, explic\u00f3.<\/h3>\n<h3>Por otro lado, Velasco mencion\u00f3 que la firma no prev\u00e9 que \u201ceste nivel de complejidad\u201d se resuelva en el cort\u00edsimo plazo: \u201cEsperamos que a partir del segundo semestre, lo que normalmente se estima, esto pueda dejar de caer. Que se detenga un poco, hayan mejorado las variables macroecon\u00f3micas y el humor social comience a mejorar. Por ahora nuestro principal objetivo es el cuidado de la gente y del negocio\u201d.<\/h3>\n<p>&nbsp;<\/p>\n<p>&nbsp;<\/p>\n<p>&nbsp;<\/p>\n<p>&nbsp;<\/p>\n<p>&nbsp;<\/p>\n<p>&nbsp;<\/p>\n","protected":false},"excerpt":{"rendered":"<p>La ca\u00edda de la obra p\u00fablica y de la construcci\u00f3n privada golpe\u00f3 la demanda de&#8230;<\/p>\n","protected":false},"author":1,"featured_media":12403,"comment_status":"closed","ping_status":"closed","sticky":false,"template":"","format":"standard","meta":{"footnotes":""},"categories":[5],"tags":[],"class_list":["post-12402","post","type-post","status-publish","format-standard","has-post-thumbnail","hentry","category-nacionales-internacionales"],"yoast_head":"<!-- This site is optimized with the Yoast SEO plugin v26.1.1 - https:\/\/yoast.com\/wordpress\/plugins\/seo\/ -->\n<title>PREOCUPACI\u00d3N EN VILLA MERCEDES POR LA DECISI\u00d3N DE ACINDAR DE PARALIZAR SUS PLANTAS DE PRODUCCI\u00d3N - Apuntes de San Luis<\/title>\n<meta name=\"robots\" content=\"index, follow, max-snippet:-1, max-image-preview:large, max-video-preview:-1\" \/>\n<link rel=\"canonical\" href=\"https:\/\/apuntesdesanluis.com\/index.php\/2024\/02\/28\/preocupacion-en-villa-mercedes-por-la-decision-de-acindar-de-paralizar-sus-plantas-de-produccion-de-acero\/\" \/>\n<meta property=\"og:locale\" content=\"es_ES\" \/>\n<meta property=\"og:type\" content=\"article\" \/>\n<meta property=\"og:title\" content=\"PREOCUPACI\u00d3N EN VILLA MERCEDES POR LA DECISI\u00d3N DE ACINDAR DE PARALIZAR SUS PLANTAS DE PRODUCCI\u00d3N - Apuntes de San Luis\" \/>\n<meta property=\"og:description\" content=\"La ca\u00edda de la obra p\u00fablica y de la construcci\u00f3n privada golpe\u00f3 la demanda de...\" \/>\n<meta property=\"og:url\" content=\"https:\/\/apuntesdesanluis.com\/index.php\/2024\/02\/28\/preocupacion-en-villa-mercedes-por-la-decision-de-acindar-de-paralizar-sus-plantas-de-produccion-de-acero\/\" \/>\n<meta property=\"og:site_name\" content=\"Apuntes de San Luis\" \/>\n<meta property=\"article:published_time\" content=\"2024-02-28T11:51:00+00:00\" \/>\n<meta property=\"article:modified_time\" content=\"2024-02-28T11:52:16+00:00\" \/>\n<meta property=\"og:image\" content=\"https:\/\/apuntesdesanluis.com\/wp-content\/uploads\/2024\/02\/Acindar.png\" \/>\n\t<meta property=\"og:image:width\" content=\"600\" \/>\n\t<meta property=\"og:image:height\" content=\"393\" \/>\n\t<meta property=\"og:image:type\" content=\"image\/png\" \/>\n<meta name=\"author\" content=\"apuntesdesanluis.com\" \/>\n<meta name=\"twitter:card\" content=\"summary_large_image\" \/>\n<meta name=\"twitter:label1\" content=\"Escrito por\" \/>\n\t<meta name=\"twitter:data1\" content=\"apuntesdesanluis.com\" \/>\n\t<meta name=\"twitter:label2\" content=\"Tiempo de lectura\" \/>\n\t<meta name=\"twitter:data2\" content=\"5 minutos\" \/>\n<script type=\"application\/ld+json\" class=\"yoast-schema-graph\">{\"@context\":\"https:\/\/schema.org\",\"@graph\":[{\"@type\":\"Article\",\"@id\":\"https:\/\/apuntesdesanluis.com\/index.php\/2024\/02\/28\/preocupacion-en-villa-mercedes-por-la-decision-de-acindar-de-paralizar-sus-plantas-de-produccion-de-acero\/#article\",\"isPartOf\":{\"@id\":\"https:\/\/apuntesdesanluis.com\/index.php\/2024\/02\/28\/preocupacion-en-villa-mercedes-por-la-decision-de-acindar-de-paralizar-sus-plantas-de-produccion-de-acero\/\"},\"author\":{\"name\":\"apuntesdesanluis.com\",\"@id\":\"https:\/\/apuntesdesanluis.com\/#\/schema\/person\/b55151d52296fcce64d1a72538a70b90\"},\"headline\":\"PREOCUPACI\u00d3N EN VILLA MERCEDES POR LA DECISI\u00d3N DE ACINDAR DE PARALIZAR SUS PLANTAS DE PRODUCCI\u00d3N\",\"datePublished\":\"2024-02-28T11:51:00+00:00\",\"dateModified\":\"2024-02-28T11:52:16+00:00\",\"mainEntityOfPage\":{\"@id\":\"https:\/\/apuntesdesanluis.com\/index.php\/2024\/02\/28\/preocupacion-en-villa-mercedes-por-la-decision-de-acindar-de-paralizar-sus-plantas-de-produccion-de-acero\/\"},\"wordCount\":1008,\"publisher\":{\"@id\":\"https:\/\/apuntesdesanluis.com\/#\/schema\/person\/b55151d52296fcce64d1a72538a70b90\"},\"image\":{\"@id\":\"https:\/\/apuntesdesanluis.com\/index.php\/2024\/02\/28\/preocupacion-en-villa-mercedes-por-la-decision-de-acindar-de-paralizar-sus-plantas-de-produccion-de-acero\/#primaryimage\"},\"thumbnailUrl\":\"https:\/\/apuntesdesanluis.com\/wp-content\/uploads\/2024\/02\/Acindar.png\",\"articleSection\":[\"Nacionales\/Internacionales\"],\"inLanguage\":\"es-AR\"},{\"@type\":\"WebPage\",\"@id\":\"https:\/\/apuntesdesanluis.com\/index.php\/2024\/02\/28\/preocupacion-en-villa-mercedes-por-la-decision-de-acindar-de-paralizar-sus-plantas-de-produccion-de-acero\/\",\"url\":\"https:\/\/apuntesdesanluis.com\/index.php\/2024\/02\/28\/preocupacion-en-villa-mercedes-por-la-decision-de-acindar-de-paralizar-sus-plantas-de-produccion-de-acero\/\",\"name\":\"PREOCUPACI\u00d3N EN VILLA MERCEDES POR LA DECISI\u00d3N DE ACINDAR DE PARALIZAR SUS PLANTAS DE PRODUCCI\u00d3N - Apuntes de San Luis\",\"isPartOf\":{\"@id\":\"https:\/\/apuntesdesanluis.com\/#website\"},\"primaryImageOfPage\":{\"@id\":\"https:\/\/apuntesdesanluis.com\/index.php\/2024\/02\/28\/preocupacion-en-villa-mercedes-por-la-decision-de-acindar-de-paralizar-sus-plantas-de-produccion-de-acero\/#primaryimage\"},\"image\":{\"@id\":\"https:\/\/apuntesdesanluis.com\/index.php\/2024\/02\/28\/preocupacion-en-villa-mercedes-por-la-decision-de-acindar-de-paralizar-sus-plantas-de-produccion-de-acero\/#primaryimage\"},\"thumbnailUrl\":\"https:\/\/apuntesdesanluis.com\/wp-content\/uploads\/2024\/02\/Acindar.png\",\"datePublished\":\"2024-02-28T11:51:00+00:00\",\"dateModified\":\"2024-02-28T11:52:16+00:00\",\"breadcrumb\":{\"@id\":\"https:\/\/apuntesdesanluis.com\/index.php\/2024\/02\/28\/preocupacion-en-villa-mercedes-por-la-decision-de-acindar-de-paralizar-sus-plantas-de-produccion-de-acero\/#breadcrumb\"},\"inLanguage\":\"es-AR\",\"potentialAction\":[{\"@type\":\"ReadAction\",\"target\":[\"https:\/\/apuntesdesanluis.com\/index.php\/2024\/02\/28\/preocupacion-en-villa-mercedes-por-la-decision-de-acindar-de-paralizar-sus-plantas-de-produccion-de-acero\/\"]}]},{\"@type\":\"ImageObject\",\"inLanguage\":\"es-AR\",\"@id\":\"https:\/\/apuntesdesanluis.com\/index.php\/2024\/02\/28\/preocupacion-en-villa-mercedes-por-la-decision-de-acindar-de-paralizar-sus-plantas-de-produccion-de-acero\/#primaryimage\",\"url\":\"https:\/\/apuntesdesanluis.com\/wp-content\/uploads\/2024\/02\/Acindar.png\",\"contentUrl\":\"https:\/\/apuntesdesanluis.com\/wp-content\/uploads\/2024\/02\/Acindar.png\",\"width\":600,\"height\":393},{\"@type\":\"BreadcrumbList\",\"@id\":\"https:\/\/apuntesdesanluis.com\/index.php\/2024\/02\/28\/preocupacion-en-villa-mercedes-por-la-decision-de-acindar-de-paralizar-sus-plantas-de-produccion-de-acero\/#breadcrumb\",\"itemListElement\":[{\"@type\":\"ListItem\",\"position\":1,\"name\":\"Inicio\",\"item\":\"https:\/\/apuntesdesanluis.com\/\"},{\"@type\":\"ListItem\",\"position\":2,\"name\":\"PREOCUPACI\u00d3N EN VILLA MERCEDES POR LA DECISI\u00d3N DE ACINDAR DE PARALIZAR SUS PLANTAS DE PRODUCCI\u00d3N\"}]},{\"@type\":\"WebSite\",\"@id\":\"https:\/\/apuntesdesanluis.com\/#website\",\"url\":\"https:\/\/apuntesdesanluis.com\/\",\"name\":\"Apuntes de San Luis\",\"description\":\"\",\"publisher\":{\"@id\":\"https:\/\/apuntesdesanluis.com\/#\/schema\/person\/b55151d52296fcce64d1a72538a70b90\"},\"potentialAction\":[{\"@type\":\"SearchAction\",\"target\":{\"@type\":\"EntryPoint\",\"urlTemplate\":\"https:\/\/apuntesdesanluis.com\/?s={search_term_string}\"},\"query-input\":{\"@type\":\"PropertyValueSpecification\",\"valueRequired\":true,\"valueName\":\"search_term_string\"}}],\"inLanguage\":\"es-AR\"},{\"@type\":[\"Person\",\"Organization\"],\"@id\":\"https:\/\/apuntesdesanluis.com\/#\/schema\/person\/b55151d52296fcce64d1a72538a70b90\",\"name\":\"apuntesdesanluis.com\",\"image\":{\"@type\":\"ImageObject\",\"inLanguage\":\"es-AR\",\"@id\":\"https:\/\/apuntesdesanluis.com\/#\/schema\/person\/image\/\",\"url\":\"https:\/\/apuntesdesanluis.com\/wp-content\/uploads\/2023\/07\/cropped-apuntesdesanluis.png\",\"contentUrl\":\"https:\/\/apuntesdesanluis.com\/wp-content\/uploads\/2023\/07\/cropped-apuntesdesanluis.png\",\"width\":450,\"height\":112,\"caption\":\"apuntesdesanluis.com\"},\"logo\":{\"@id\":\"https:\/\/apuntesdesanluis.com\/#\/schema\/person\/image\/\"},\"sameAs\":[\"https:\/\/apuntesdesanluis.com\"],\"url\":\"https:\/\/apuntesdesanluis.com\/index.php\/author\/apuntesdesanluis-com\/\"}]}<\/script>\n<!-- \/ Yoast SEO plugin. -->","yoast_head_json":{"title":"PREOCUPACI\u00d3N EN VILLA MERCEDES POR LA DECISI\u00d3N DE ACINDAR DE PARALIZAR SUS PLANTAS DE PRODUCCI\u00d3N - Apuntes de San Luis","robots":{"index":"index","follow":"follow","max-snippet":"max-snippet:-1","max-image-preview":"max-image-preview:large","max-video-preview":"max-video-preview:-1"},"canonical":"https:\/\/apuntesdesanluis.com\/index.php\/2024\/02\/28\/preocupacion-en-villa-mercedes-por-la-decision-de-acindar-de-paralizar-sus-plantas-de-produccion-de-acero\/","og_locale":"es_ES","og_type":"article","og_title":"PREOCUPACI\u00d3N EN VILLA MERCEDES POR LA DECISI\u00d3N DE ACINDAR DE PARALIZAR SUS PLANTAS DE PRODUCCI\u00d3N - Apuntes de San Luis","og_description":"La ca\u00edda de la obra p\u00fablica y de la construcci\u00f3n privada golpe\u00f3 la demanda de...","og_url":"https:\/\/apuntesdesanluis.com\/index.php\/2024\/02\/28\/preocupacion-en-villa-mercedes-por-la-decision-de-acindar-de-paralizar-sus-plantas-de-produccion-de-acero\/","og_site_name":"Apuntes de San Luis","article_published_time":"2024-02-28T11:51:00+00:00","article_modified_time":"2024-02-28T11:52:16+00:00","og_image":[{"width":600,"height":393,"url":"https:\/\/apuntesdesanluis.com\/wp-content\/uploads\/2024\/02\/Acindar.png","type":"image\/png"}],"author":"apuntesdesanluis.com","twitter_card":"summary_large_image","twitter_misc":{"Escrito por":"apuntesdesanluis.com","Tiempo de lectura":"5 minutos"},"schema":{"@context":"https:\/\/schema.org","@graph":[{"@type":"Article","@id":"https:\/\/apuntesdesanluis.com\/index.php\/2024\/02\/28\/preocupacion-en-villa-mercedes-por-la-decision-de-acindar-de-paralizar-sus-plantas-de-produccion-de-acero\/#article","isPartOf":{"@id":"https:\/\/apuntesdesanluis.com\/index.php\/2024\/02\/28\/preocupacion-en-villa-mercedes-por-la-decision-de-acindar-de-paralizar-sus-plantas-de-produccion-de-acero\/"},"author":{"name":"apuntesdesanluis.com","@id":"https:\/\/apuntesdesanluis.com\/#\/schema\/person\/b55151d52296fcce64d1a72538a70b90"},"headline":"PREOCUPACI\u00d3N EN VILLA MERCEDES POR LA DECISI\u00d3N DE ACINDAR DE PARALIZAR SUS PLANTAS DE PRODUCCI\u00d3N","datePublished":"2024-02-28T11:51:00+00:00","dateModified":"2024-02-28T11:52:16+00:00","mainEntityOfPage":{"@id":"https:\/\/apuntesdesanluis.com\/index.php\/2024\/02\/28\/preocupacion-en-villa-mercedes-por-la-decision-de-acindar-de-paralizar-sus-plantas-de-produccion-de-acero\/"},"wordCount":1008,"publisher":{"@id":"https:\/\/apuntesdesanluis.com\/#\/schema\/person\/b55151d52296fcce64d1a72538a70b90"},"image":{"@id":"https:\/\/apuntesdesanluis.com\/index.php\/2024\/02\/28\/preocupacion-en-villa-mercedes-por-la-decision-de-acindar-de-paralizar-sus-plantas-de-produccion-de-acero\/#primaryimage"},"thumbnailUrl":"https:\/\/apuntesdesanluis.com\/wp-content\/uploads\/2024\/02\/Acindar.png","articleSection":["Nacionales\/Internacionales"],"inLanguage":"es-AR"},{"@type":"WebPage","@id":"https:\/\/apuntesdesanluis.com\/index.php\/2024\/02\/28\/preocupacion-en-villa-mercedes-por-la-decision-de-acindar-de-paralizar-sus-plantas-de-produccion-de-acero\/","url":"https:\/\/apuntesdesanluis.com\/index.php\/2024\/02\/28\/preocupacion-en-villa-mercedes-por-la-decision-de-acindar-de-paralizar-sus-plantas-de-produccion-de-acero\/","name":"PREOCUPACI\u00d3N EN VILLA MERCEDES POR LA DECISI\u00d3N DE ACINDAR DE PARALIZAR SUS PLANTAS DE PRODUCCI\u00d3N - Apuntes de San Luis","isPartOf":{"@id":"https:\/\/apuntesdesanluis.com\/#website"},"primaryImageOfPage":{"@id":"https:\/\/apuntesdesanluis.com\/index.php\/2024\/02\/28\/preocupacion-en-villa-mercedes-por-la-decision-de-acindar-de-paralizar-sus-plantas-de-produccion-de-acero\/#primaryimage"},"image":{"@id":"https:\/\/apuntesdesanluis.com\/index.php\/2024\/02\/28\/preocupacion-en-villa-mercedes-por-la-decision-de-acindar-de-paralizar-sus-plantas-de-produccion-de-acero\/#primaryimage"},"thumbnailUrl":"https:\/\/apuntesdesanluis.com\/wp-content\/uploads\/2024\/02\/Acindar.png","datePublished":"2024-02-28T11:51:00+00:00","dateModified":"2024-02-28T11:52:16+00:00","breadcrumb":{"@id":"https:\/\/apuntesdesanluis.com\/index.php\/2024\/02\/28\/preocupacion-en-villa-mercedes-por-la-decision-de-acindar-de-paralizar-sus-plantas-de-produccion-de-acero\/#breadcrumb"},"inLanguage":"es-AR","potentialAction":[{"@type":"ReadAction","target":["https:\/\/apuntesdesanluis.com\/index.php\/2024\/02\/28\/preocupacion-en-villa-mercedes-por-la-decision-de-acindar-de-paralizar-sus-plantas-de-produccion-de-acero\/"]}]},{"@type":"ImageObject","inLanguage":"es-AR","@id":"https:\/\/apuntesdesanluis.com\/index.php\/2024\/02\/28\/preocupacion-en-villa-mercedes-por-la-decision-de-acindar-de-paralizar-sus-plantas-de-produccion-de-acero\/#primaryimage","url":"https:\/\/apuntesdesanluis.com\/wp-content\/uploads\/2024\/02\/Acindar.png","contentUrl":"https:\/\/apuntesdesanluis.com\/wp-content\/uploads\/2024\/02\/Acindar.png","width":600,"height":393},{"@type":"BreadcrumbList","@id":"https:\/\/apuntesdesanluis.com\/index.php\/2024\/02\/28\/preocupacion-en-villa-mercedes-por-la-decision-de-acindar-de-paralizar-sus-plantas-de-produccion-de-acero\/#breadcrumb","itemListElement":[{"@type":"ListItem","position":1,"name":"Inicio","item":"https:\/\/apuntesdesanluis.com\/"},{"@type":"ListItem","position":2,"name":"PREOCUPACI\u00d3N EN VILLA MERCEDES POR LA DECISI\u00d3N DE ACINDAR DE PARALIZAR SUS PLANTAS DE PRODUCCI\u00d3N"}]},{"@type":"WebSite","@id":"https:\/\/apuntesdesanluis.com\/#website","url":"https:\/\/apuntesdesanluis.com\/","name":"Apuntes de San Luis","description":"","publisher":{"@id":"https:\/\/apuntesdesanluis.com\/#\/schema\/person\/b55151d52296fcce64d1a72538a70b90"},"potentialAction":[{"@type":"SearchAction","target":{"@type":"EntryPoint","urlTemplate":"https:\/\/apuntesdesanluis.com\/?s={search_term_string}"},"query-input":{"@type":"PropertyValueSpecification","valueRequired":true,"valueName":"search_term_string"}}],"inLanguage":"es-AR"},{"@type":["Person","Organization"],"@id":"https:\/\/apuntesdesanluis.com\/#\/schema\/person\/b55151d52296fcce64d1a72538a70b90","name":"apuntesdesanluis.com","image":{"@type":"ImageObject","inLanguage":"es-AR","@id":"https:\/\/apuntesdesanluis.com\/#\/schema\/person\/image\/","url":"https:\/\/apuntesdesanluis.com\/wp-content\/uploads\/2023\/07\/cropped-apuntesdesanluis.png","contentUrl":"https:\/\/apuntesdesanluis.com\/wp-content\/uploads\/2023\/07\/cropped-apuntesdesanluis.png","width":450,"height":112,"caption":"apuntesdesanluis.com"},"logo":{"@id":"https:\/\/apuntesdesanluis.com\/#\/schema\/person\/image\/"},"sameAs":["https:\/\/apuntesdesanluis.com"],"url":"https:\/\/apuntesdesanluis.com\/index.php\/author\/apuntesdesanluis-com\/"}]}},"featured_image_urls":{"full":["https:\/\/apuntesdesanluis.com\/wp-content\/uploads\/2024\/02\/Acindar.png",600,393,false],"thumbnail":["https:\/\/apuntesdesanluis.com\/wp-content\/uploads\/2024\/02\/Acindar-150x150.png",150,150,true],"medium":["https:\/\/apuntesdesanluis.com\/wp-content\/uploads\/2024\/02\/Acindar-300x197.png",300,197,true],"medium_large":["https:\/\/apuntesdesanluis.com\/wp-content\/uploads\/2024\/02\/Acindar.png",600,393,false],"large":["https:\/\/apuntesdesanluis.com\/wp-content\/uploads\/2024\/02\/Acindar.png",600,393,false],"1536x1536":["https:\/\/apuntesdesanluis.com\/wp-content\/uploads\/2024\/02\/Acindar.png",600,393,false],"2048x2048":["https:\/\/apuntesdesanluis.com\/wp-content\/uploads\/2024\/02\/Acindar.png",600,393,false],"newsever-slider-full":["https:\/\/apuntesdesanluis.com\/wp-content\/uploads\/2024\/02\/Acindar.png",600,393,false],"newsever-featured":["https:\/\/apuntesdesanluis.com\/wp-content\/uploads\/2024\/02\/Acindar.png",600,393,false],"newsever-medium":["https:\/\/apuntesdesanluis.com\/wp-content\/uploads\/2024\/02\/Acindar.png",600,393,false]},"author_info":{"display_name":"apuntesdesanluis.com","author_link":"https:\/\/apuntesdesanluis.com\/index.php\/author\/apuntesdesanluis-com\/"},"category_info":"<a href=\"https:\/\/apuntesdesanluis.com\/index.php\/category\/nacionales-internacionales\/\" rel=\"category tag\">Nacionales\/Internacionales<\/a>","tag_info":"Nacionales\/Internacionales","comment_count":"0","_links":{"self":[{"href":"https:\/\/apuntesdesanluis.com\/index.php\/wp-json\/wp\/v2\/posts\/12402","targetHints":{"allow":["GET"]}}],"collection":[{"href":"https:\/\/apuntesdesanluis.com\/index.php\/wp-json\/wp\/v2\/posts"}],"about":[{"href":"https:\/\/apuntesdesanluis.com\/index.php\/wp-json\/wp\/v2\/types\/post"}],"author":[{"embeddable":true,"href":"https:\/\/apuntesdesanluis.com\/index.php\/wp-json\/wp\/v2\/users\/1"}],"replies":[{"embeddable":true,"href":"https:\/\/apuntesdesanluis.com\/index.php\/wp-json\/wp\/v2\/comments?post=12402"}],"version-history":[{"count":3,"href":"https:\/\/apuntesdesanluis.com\/index.php\/wp-json\/wp\/v2\/posts\/12402\/revisions"}],"predecessor-version":[{"id":12406,"href":"https:\/\/apuntesdesanluis.com\/index.php\/wp-json\/wp\/v2\/posts\/12402\/revisions\/12406"}],"wp:featuredmedia":[{"embeddable":true,"href":"https:\/\/apuntesdesanluis.com\/index.php\/wp-json\/wp\/v2\/media\/12403"}],"wp:attachment":[{"href":"https:\/\/apuntesdesanluis.com\/index.php\/wp-json\/wp\/v2\/media?parent=12402"}],"wp:term":[{"taxonomy":"category","embeddable":true,"href":"https:\/\/apuntesdesanluis.com\/index.php\/wp-json\/wp\/v2\/categories?post=12402"},{"taxonomy":"post_tag","embeddable":true,"href":"https:\/\/apuntesdesanluis.com\/index.php\/wp-json\/wp\/v2\/tags?post=12402"}],"curies":[{"name":"wp","href":"https:\/\/api.w.org\/{rel}","templated":true}]}}