{"id":12409,"date":"2024-02-28T12:00:24","date_gmt":"2024-02-28T15:00:24","guid":{"rendered":"https:\/\/apuntesdesanluis.com\/?p=12409"},"modified":"2024-02-28T12:00:24","modified_gmt":"2024-02-28T15:00:24","slug":"para-reducir-gastos-la-unvime-debio-desalquilar-la-sociedad-italiana","status":"publish","type":"post","link":"https:\/\/apuntesdesanluis.com\/index.php\/2024\/02\/28\/para-reducir-gastos-la-unvime-debio-desalquilar-la-sociedad-italiana\/","title":{"rendered":"PARA REDUCIR GASTOS, LA UNVIME DEBI\u00d3 DESALQUILAR LA SOCIEDAD ITALIANA"},"content":{"rendered":"<h3>As\u00ed lo dispuso el rector <strong>Marcelo Sosa<\/strong>, como parte de un paquete de medidas que se adoptaron para reducir los costos operativos de la instituci\u00f3n.<\/h3>\n<h3>En las dependencias de Sociedad Italiana de calle Jun\u00edn funcionaban hasta el momento el Aula Magna, donde se realizaban los actos de colaci\u00f3n y tambi\u00e9n dictado de clases de algunas carreras de Salud, y el Sal\u00f3n Nogarol, donde sesionaba el Consejo Superior y destinado tambi\u00e9n al dictado de cursos o realizaci\u00f3n de jornadas.<\/h3>\n<h3>Este mi\u00e9rcoles personal del \u00e1rea de Infraestructura comenz\u00f3 a retirar el mobiliario y los equipos de la universidad, para la posterior entrega del inmueble.<\/h3>\n<p><img fetchpriority=\"high\" decoding=\"async\" class=\"wp-image-12411 aligncenter\" src=\"https:\/\/apuntesdesanluis.com\/wp-content\/uploads\/2024\/02\/mudanza-300x196.jpg\" alt=\"\" width=\"500\" height=\"327\" srcset=\"https:\/\/apuntesdesanluis.com\/wp-content\/uploads\/2024\/02\/mudanza-300x196.jpg 300w, https:\/\/apuntesdesanluis.com\/wp-content\/uploads\/2024\/02\/mudanza.jpg 695w\" sizes=\"(max-width: 500px) 100vw, 500px\" \/><\/p>\n<h3>El desfinanciamiento que sufre el sistema universitario fue abordado como tema principal en la primera sesi\u00f3n del a\u00f1o del Consejo Superior, el martes pasado, oportunidad en que el cuerpo colegiado expres\u00f3 su adhesi\u00f3n al pronunciamiento del CIN sobre la crisis y declar\u00f3 el estado de alerta y movilizaci\u00f3n.<\/h3>\n<p><img decoding=\"async\" class=\"wp-image-12412 aligncenter\" src=\"https:\/\/apuntesdesanluis.com\/wp-content\/uploads\/2024\/02\/Dr.-Sosa-y-Sec.-gral-300x199.jpg\" alt=\"\" width=\"501\" height=\"332\" srcset=\"https:\/\/apuntesdesanluis.com\/wp-content\/uploads\/2024\/02\/Dr.-Sosa-y-Sec.-gral-300x199.jpg 300w, https:\/\/apuntesdesanluis.com\/wp-content\/uploads\/2024\/02\/Dr.-Sosa-y-Sec.-gral.jpg 577w\" sizes=\"(max-width: 501px) 100vw, 501px\" \/><\/p>\n<h3>\u201cEs una decisi\u00f3n que me provoca profundo dolor y tenemos un sincero agradecimiento a la comisi\u00f3n directiva de esta querida y prestigiosa Sociedad Italiana. Pero mi obligaci\u00f3n ante la crisis que afecta a las universidades y especialmente a la nuestra no es lamentarme ni quedarme en la preocupaci\u00f3n, sino ocuparme. Por eso en diciembre mismo resolvimos tambi\u00e9n desocupar el Polo Educativo, con el mismo objetivo, reducir los gastos operativos producto de la carencia de aulas propias. Agradezco en este caso a Rodolfo Negri, por las instalaciones que ocupamos en el edificio de calle Suipacha\u201d.<\/h3>\n<h3>Agreg\u00f3 que, simult\u00e1neamente, \u201cgracias a la generosa actitud del gobernador Claudio Poggi, se nos ofreci\u00f3 en comodato el nuevo edificio de la UPrO en barrio Los Poetas, que nos va a permitir mudar las carreras de dos escuelas y destinarlo al funcionamiento de actividades que antes desarroll\u00e1bamos en Sociedad Italiana\u201d.<\/h3>\n<p><img decoding=\"async\" class=\"wp-image-9070 aligncenter\" src=\"https:\/\/apuntesdesanluis.com\/wp-content\/uploads\/2023\/12\/rector-sosa-gobernador-300x174.png\" alt=\"\" width=\"514\" height=\"298\" srcset=\"https:\/\/apuntesdesanluis.com\/wp-content\/uploads\/2023\/12\/rector-sosa-gobernador-300x174.png 300w, https:\/\/apuntesdesanluis.com\/wp-content\/uploads\/2023\/12\/rector-sosa-gobernador.png 600w\" sizes=\"(max-width: 514px) 100vw, 514px\" \/><\/p>\n<h3>El rector indic\u00f3 que \u201cestas decisiones forman parte de un paquete de medidas que daremos a conocer en los pr\u00f3ximos d\u00edas. La instrucci\u00f3n a todas las \u00e1reas es m\u00e1xima austeridad y cuidado de los recursos. Las prioridades son las designaciones de los docentes, para que a ning\u00fan alumno le falta su profesor. Y por supuesto, cuidar los puestos de trabajo y garantizar el pago de sueldos\u201d.<\/h3>\n<p><img loading=\"lazy\" decoding=\"async\" class=\"wp-image-12343 aligncenter\" src=\"https:\/\/apuntesdesanluis.com\/wp-content\/uploads\/2024\/02\/edificio-de-la-upro-300x132.png\" alt=\"\" width=\"520\" height=\"229\" srcset=\"https:\/\/apuntesdesanluis.com\/wp-content\/uploads\/2024\/02\/edificio-de-la-upro-300x132.png 300w, https:\/\/apuntesdesanluis.com\/wp-content\/uploads\/2024\/02\/edificio-de-la-upro.png 646w\" sizes=\"(max-width: 520px) 100vw, 520px\" \/><\/p>\n<h3>Consultado en torno de la obra del Campus, que se encuentra parada y cuya licitaci\u00f3n fracas\u00f3 el a\u00f1o pasado, afirm\u00f3: \u201cEse es un objetivo central de la gesti\u00f3n y lo sigue siendo, a pesar que el gobierno nacional ha decidido paralizar la obra p\u00fablica\u201d.<\/h3>\n<h3>En este sentido, apunt\u00f3 que \u201cme he comprometido a darle continuidad y lo vamos a hacer, a trav\u00e9s de un proyecto muy creativo que involucra a la comunidad universitaria. De esta crisis vamos a salir si estamos todos juntos, unidos y comprometidos. Soy optimista y tengo esperanzas, sepamos que las crisis tambi\u00e9n constituyen oportunidades\u201d, concluy\u00f3.<\/h3>\n<h3><strong>(Prensa Institucional)<\/strong><\/h3>\n<p>&nbsp;<\/p>\n<p>&nbsp;<\/p>\n<p>&nbsp;<\/p>\n<p>&nbsp;<\/p>\n<p>&nbsp;<\/p>\n<p>&nbsp;<\/p>\n","protected":false},"excerpt":{"rendered":"<p>As\u00ed lo dispuso el rector Marcelo Sosa, como parte de un paquete de medidas que&#8230;<\/p>\n","protected":false},"author":1,"featured_media":12410,"comment_status":"closed","ping_status":"closed","sticky":false,"template":"","format":"standard","meta":{"footnotes":""},"categories":[6],"tags":[],"class_list":["post-12409","post","type-post","status-publish","format-standard","has-post-thumbnail","hentry","category-ciudad-provincia"],"yoast_head":"<!-- This site is optimized with the Yoast SEO plugin v26.1.1 - https:\/\/yoast.com\/wordpress\/plugins\/seo\/ -->\n<title>PARA REDUCIR GASTOS, LA UNVIME DEBI\u00d3 DESALQUILAR LA SOCIEDAD ITALIANA - Apuntes de San Luis<\/title>\n<meta name=\"robots\" content=\"index, follow, max-snippet:-1, max-image-preview:large, max-video-preview:-1\" \/>\n<link rel=\"canonical\" href=\"https:\/\/apuntesdesanluis.com\/index.php\/2024\/02\/28\/para-reducir-gastos-la-unvime-debio-desalquilar-la-sociedad-italiana\/\" \/>\n<meta property=\"og:locale\" content=\"es_ES\" \/>\n<meta property=\"og:type\" content=\"article\" \/>\n<meta property=\"og:title\" content=\"PARA REDUCIR GASTOS, LA UNVIME DEBI\u00d3 DESALQUILAR LA SOCIEDAD ITALIANA - Apuntes de San Luis\" \/>\n<meta property=\"og:description\" content=\"As\u00ed lo dispuso el rector Marcelo Sosa, como parte de un paquete de medidas que...\" \/>\n<meta property=\"og:url\" content=\"https:\/\/apuntesdesanluis.com\/index.php\/2024\/02\/28\/para-reducir-gastos-la-unvime-debio-desalquilar-la-sociedad-italiana\/\" \/>\n<meta property=\"og:site_name\" content=\"Apuntes de San Luis\" \/>\n<meta property=\"article:published_time\" content=\"2024-02-28T15:00:24+00:00\" \/>\n<meta property=\"og:image\" content=\"https:\/\/apuntesdesanluis.com\/wp-content\/uploads\/2024\/02\/Sociedad-italiana-de-socorros-mutuos.png\" \/>\n\t<meta property=\"og:image:width\" content=\"699\" \/>\n\t<meta property=\"og:image:height\" content=\"437\" \/>\n\t<meta property=\"og:image:type\" content=\"image\/png\" \/>\n<meta name=\"author\" content=\"apuntesdesanluis.com\" \/>\n<meta name=\"twitter:card\" content=\"summary_large_image\" \/>\n<meta name=\"twitter:label1\" content=\"Escrito por\" \/>\n\t<meta name=\"twitter:data1\" content=\"apuntesdesanluis.com\" \/>\n\t<meta name=\"twitter:label2\" content=\"Tiempo de lectura\" \/>\n\t<meta name=\"twitter:data2\" content=\"3 minutos\" \/>\n<script type=\"application\/ld+json\" class=\"yoast-schema-graph\">{\"@context\":\"https:\/\/schema.org\",\"@graph\":[{\"@type\":\"Article\",\"@id\":\"https:\/\/apuntesdesanluis.com\/index.php\/2024\/02\/28\/para-reducir-gastos-la-unvime-debio-desalquilar-la-sociedad-italiana\/#article\",\"isPartOf\":{\"@id\":\"https:\/\/apuntesdesanluis.com\/index.php\/2024\/02\/28\/para-reducir-gastos-la-unvime-debio-desalquilar-la-sociedad-italiana\/\"},\"author\":{\"name\":\"apuntesdesanluis.com\",\"@id\":\"https:\/\/apuntesdesanluis.com\/#\/schema\/person\/b55151d52296fcce64d1a72538a70b90\"},\"headline\":\"PARA REDUCIR GASTOS, LA UNVIME DEBI\u00d3 DESALQUILAR LA SOCIEDAD ITALIANA\",\"datePublished\":\"2024-02-28T15:00:24+00:00\",\"mainEntityOfPage\":{\"@id\":\"https:\/\/apuntesdesanluis.com\/index.php\/2024\/02\/28\/para-reducir-gastos-la-unvime-debio-desalquilar-la-sociedad-italiana\/\"},\"wordCount\":507,\"publisher\":{\"@id\":\"https:\/\/apuntesdesanluis.com\/#\/schema\/person\/b55151d52296fcce64d1a72538a70b90\"},\"image\":{\"@id\":\"https:\/\/apuntesdesanluis.com\/index.php\/2024\/02\/28\/para-reducir-gastos-la-unvime-debio-desalquilar-la-sociedad-italiana\/#primaryimage\"},\"thumbnailUrl\":\"https:\/\/apuntesdesanluis.com\/wp-content\/uploads\/2024\/02\/Sociedad-italiana-de-socorros-mutuos.png\",\"articleSection\":[\"Ciudad\/Provincia\"],\"inLanguage\":\"es-AR\"},{\"@type\":\"WebPage\",\"@id\":\"https:\/\/apuntesdesanluis.com\/index.php\/2024\/02\/28\/para-reducir-gastos-la-unvime-debio-desalquilar-la-sociedad-italiana\/\",\"url\":\"https:\/\/apuntesdesanluis.com\/index.php\/2024\/02\/28\/para-reducir-gastos-la-unvime-debio-desalquilar-la-sociedad-italiana\/\",\"name\":\"PARA REDUCIR GASTOS, LA UNVIME DEBI\u00d3 DESALQUILAR LA SOCIEDAD ITALIANA - Apuntes de San Luis\",\"isPartOf\":{\"@id\":\"https:\/\/apuntesdesanluis.com\/#website\"},\"primaryImageOfPage\":{\"@id\":\"https:\/\/apuntesdesanluis.com\/index.php\/2024\/02\/28\/para-reducir-gastos-la-unvime-debio-desalquilar-la-sociedad-italiana\/#primaryimage\"},\"image\":{\"@id\":\"https:\/\/apuntesdesanluis.com\/index.php\/2024\/02\/28\/para-reducir-gastos-la-unvime-debio-desalquilar-la-sociedad-italiana\/#primaryimage\"},\"thumbnailUrl\":\"https:\/\/apuntesdesanluis.com\/wp-content\/uploads\/2024\/02\/Sociedad-italiana-de-socorros-mutuos.png\",\"datePublished\":\"2024-02-28T15:00:24+00:00\",\"breadcrumb\":{\"@id\":\"https:\/\/apuntesdesanluis.com\/index.php\/2024\/02\/28\/para-reducir-gastos-la-unvime-debio-desalquilar-la-sociedad-italiana\/#breadcrumb\"},\"inLanguage\":\"es-AR\",\"potentialAction\":[{\"@type\":\"ReadAction\",\"target\":[\"https:\/\/apuntesdesanluis.com\/index.php\/2024\/02\/28\/para-reducir-gastos-la-unvime-debio-desalquilar-la-sociedad-italiana\/\"]}]},{\"@type\":\"ImageObject\",\"inLanguage\":\"es-AR\",\"@id\":\"https:\/\/apuntesdesanluis.com\/index.php\/2024\/02\/28\/para-reducir-gastos-la-unvime-debio-desalquilar-la-sociedad-italiana\/#primaryimage\",\"url\":\"https:\/\/apuntesdesanluis.com\/wp-content\/uploads\/2024\/02\/Sociedad-italiana-de-socorros-mutuos.png\",\"contentUrl\":\"https:\/\/apuntesdesanluis.com\/wp-content\/uploads\/2024\/02\/Sociedad-italiana-de-socorros-mutuos.png\",\"width\":699,\"height\":437},{\"@type\":\"BreadcrumbList\",\"@id\":\"https:\/\/apuntesdesanluis.com\/index.php\/2024\/02\/28\/para-reducir-gastos-la-unvime-debio-desalquilar-la-sociedad-italiana\/#breadcrumb\",\"itemListElement\":[{\"@type\":\"ListItem\",\"position\":1,\"name\":\"Inicio\",\"item\":\"https:\/\/apuntesdesanluis.com\/\"},{\"@type\":\"ListItem\",\"position\":2,\"name\":\"PARA REDUCIR GASTOS, LA UNVIME DEBI\u00d3 DESALQUILAR LA SOCIEDAD ITALIANA\"}]},{\"@type\":\"WebSite\",\"@id\":\"https:\/\/apuntesdesanluis.com\/#website\",\"url\":\"https:\/\/apuntesdesanluis.com\/\",\"name\":\"Apuntes de San Luis\",\"description\":\"\",\"publisher\":{\"@id\":\"https:\/\/apuntesdesanluis.com\/#\/schema\/person\/b55151d52296fcce64d1a72538a70b90\"},\"potentialAction\":[{\"@type\":\"SearchAction\",\"target\":{\"@type\":\"EntryPoint\",\"urlTemplate\":\"https:\/\/apuntesdesanluis.com\/?s={search_term_string}\"},\"query-input\":{\"@type\":\"PropertyValueSpecification\",\"valueRequired\":true,\"valueName\":\"search_term_string\"}}],\"inLanguage\":\"es-AR\"},{\"@type\":[\"Person\",\"Organization\"],\"@id\":\"https:\/\/apuntesdesanluis.com\/#\/schema\/person\/b55151d52296fcce64d1a72538a70b90\",\"name\":\"apuntesdesanluis.com\",\"image\":{\"@type\":\"ImageObject\",\"inLanguage\":\"es-AR\",\"@id\":\"https:\/\/apuntesdesanluis.com\/#\/schema\/person\/image\/\",\"url\":\"https:\/\/apuntesdesanluis.com\/wp-content\/uploads\/2023\/07\/cropped-apuntesdesanluis.png\",\"contentUrl\":\"https:\/\/apuntesdesanluis.com\/wp-content\/uploads\/2023\/07\/cropped-apuntesdesanluis.png\",\"width\":450,\"height\":112,\"caption\":\"apuntesdesanluis.com\"},\"logo\":{\"@id\":\"https:\/\/apuntesdesanluis.com\/#\/schema\/person\/image\/\"},\"sameAs\":[\"https:\/\/apuntesdesanluis.com\"],\"url\":\"https:\/\/apuntesdesanluis.com\/index.php\/author\/apuntesdesanluis-com\/\"}]}<\/script>\n<!-- \/ Yoast SEO plugin. -->","yoast_head_json":{"title":"PARA REDUCIR GASTOS, LA UNVIME DEBI\u00d3 DESALQUILAR LA SOCIEDAD ITALIANA - Apuntes de San Luis","robots":{"index":"index","follow":"follow","max-snippet":"max-snippet:-1","max-image-preview":"max-image-preview:large","max-video-preview":"max-video-preview:-1"},"canonical":"https:\/\/apuntesdesanluis.com\/index.php\/2024\/02\/28\/para-reducir-gastos-la-unvime-debio-desalquilar-la-sociedad-italiana\/","og_locale":"es_ES","og_type":"article","og_title":"PARA REDUCIR GASTOS, LA UNVIME DEBI\u00d3 DESALQUILAR LA SOCIEDAD ITALIANA - Apuntes de San Luis","og_description":"As\u00ed lo dispuso el rector Marcelo Sosa, como parte de un paquete de medidas que...","og_url":"https:\/\/apuntesdesanluis.com\/index.php\/2024\/02\/28\/para-reducir-gastos-la-unvime-debio-desalquilar-la-sociedad-italiana\/","og_site_name":"Apuntes de San Luis","article_published_time":"2024-02-28T15:00:24+00:00","og_image":[{"width":699,"height":437,"url":"https:\/\/apuntesdesanluis.com\/wp-content\/uploads\/2024\/02\/Sociedad-italiana-de-socorros-mutuos.png","type":"image\/png"}],"author":"apuntesdesanluis.com","twitter_card":"summary_large_image","twitter_misc":{"Escrito por":"apuntesdesanluis.com","Tiempo de lectura":"3 minutos"},"schema":{"@context":"https:\/\/schema.org","@graph":[{"@type":"Article","@id":"https:\/\/apuntesdesanluis.com\/index.php\/2024\/02\/28\/para-reducir-gastos-la-unvime-debio-desalquilar-la-sociedad-italiana\/#article","isPartOf":{"@id":"https:\/\/apuntesdesanluis.com\/index.php\/2024\/02\/28\/para-reducir-gastos-la-unvime-debio-desalquilar-la-sociedad-italiana\/"},"author":{"name":"apuntesdesanluis.com","@id":"https:\/\/apuntesdesanluis.com\/#\/schema\/person\/b55151d52296fcce64d1a72538a70b90"},"headline":"PARA REDUCIR GASTOS, LA UNVIME DEBI\u00d3 DESALQUILAR LA SOCIEDAD ITALIANA","datePublished":"2024-02-28T15:00:24+00:00","mainEntityOfPage":{"@id":"https:\/\/apuntesdesanluis.com\/index.php\/2024\/02\/28\/para-reducir-gastos-la-unvime-debio-desalquilar-la-sociedad-italiana\/"},"wordCount":507,"publisher":{"@id":"https:\/\/apuntesdesanluis.com\/#\/schema\/person\/b55151d52296fcce64d1a72538a70b90"},"image":{"@id":"https:\/\/apuntesdesanluis.com\/index.php\/2024\/02\/28\/para-reducir-gastos-la-unvime-debio-desalquilar-la-sociedad-italiana\/#primaryimage"},"thumbnailUrl":"https:\/\/apuntesdesanluis.com\/wp-content\/uploads\/2024\/02\/Sociedad-italiana-de-socorros-mutuos.png","articleSection":["Ciudad\/Provincia"],"inLanguage":"es-AR"},{"@type":"WebPage","@id":"https:\/\/apuntesdesanluis.com\/index.php\/2024\/02\/28\/para-reducir-gastos-la-unvime-debio-desalquilar-la-sociedad-italiana\/","url":"https:\/\/apuntesdesanluis.com\/index.php\/2024\/02\/28\/para-reducir-gastos-la-unvime-debio-desalquilar-la-sociedad-italiana\/","name":"PARA REDUCIR GASTOS, LA UNVIME DEBI\u00d3 DESALQUILAR LA SOCIEDAD ITALIANA - Apuntes de San Luis","isPartOf":{"@id":"https:\/\/apuntesdesanluis.com\/#website"},"primaryImageOfPage":{"@id":"https:\/\/apuntesdesanluis.com\/index.php\/2024\/02\/28\/para-reducir-gastos-la-unvime-debio-desalquilar-la-sociedad-italiana\/#primaryimage"},"image":{"@id":"https:\/\/apuntesdesanluis.com\/index.php\/2024\/02\/28\/para-reducir-gastos-la-unvime-debio-desalquilar-la-sociedad-italiana\/#primaryimage"},"thumbnailUrl":"https:\/\/apuntesdesanluis.com\/wp-content\/uploads\/2024\/02\/Sociedad-italiana-de-socorros-mutuos.png","datePublished":"2024-02-28T15:00:24+00:00","breadcrumb":{"@id":"https:\/\/apuntesdesanluis.com\/index.php\/2024\/02\/28\/para-reducir-gastos-la-unvime-debio-desalquilar-la-sociedad-italiana\/#breadcrumb"},"inLanguage":"es-AR","potentialAction":[{"@type":"ReadAction","target":["https:\/\/apuntesdesanluis.com\/index.php\/2024\/02\/28\/para-reducir-gastos-la-unvime-debio-desalquilar-la-sociedad-italiana\/"]}]},{"@type":"ImageObject","inLanguage":"es-AR","@id":"https:\/\/apuntesdesanluis.com\/index.php\/2024\/02\/28\/para-reducir-gastos-la-unvime-debio-desalquilar-la-sociedad-italiana\/#primaryimage","url":"https:\/\/apuntesdesanluis.com\/wp-content\/uploads\/2024\/02\/Sociedad-italiana-de-socorros-mutuos.png","contentUrl":"https:\/\/apuntesdesanluis.com\/wp-content\/uploads\/2024\/02\/Sociedad-italiana-de-socorros-mutuos.png","width":699,"height":437},{"@type":"BreadcrumbList","@id":"https:\/\/apuntesdesanluis.com\/index.php\/2024\/02\/28\/para-reducir-gastos-la-unvime-debio-desalquilar-la-sociedad-italiana\/#breadcrumb","itemListElement":[{"@type":"ListItem","position":1,"name":"Inicio","item":"https:\/\/apuntesdesanluis.com\/"},{"@type":"ListItem","position":2,"name":"PARA REDUCIR GASTOS, LA UNVIME DEBI\u00d3 DESALQUILAR LA SOCIEDAD ITALIANA"}]},{"@type":"WebSite","@id":"https:\/\/apuntesdesanluis.com\/#website","url":"https:\/\/apuntesdesanluis.com\/","name":"Apuntes de San Luis","description":"","publisher":{"@id":"https:\/\/apuntesdesanluis.com\/#\/schema\/person\/b55151d52296fcce64d1a72538a70b90"},"potentialAction":[{"@type":"SearchAction","target":{"@type":"EntryPoint","urlTemplate":"https:\/\/apuntesdesanluis.com\/?s={search_term_string}"},"query-input":{"@type":"PropertyValueSpecification","valueRequired":true,"valueName":"search_term_string"}}],"inLanguage":"es-AR"},{"@type":["Person","Organization"],"@id":"https:\/\/apuntesdesanluis.com\/#\/schema\/person\/b55151d52296fcce64d1a72538a70b90","name":"apuntesdesanluis.com","image":{"@type":"ImageObject","inLanguage":"es-AR","@id":"https:\/\/apuntesdesanluis.com\/#\/schema\/person\/image\/","url":"https:\/\/apuntesdesanluis.com\/wp-content\/uploads\/2023\/07\/cropped-apuntesdesanluis.png","contentUrl":"https:\/\/apuntesdesanluis.com\/wp-content\/uploads\/2023\/07\/cropped-apuntesdesanluis.png","width":450,"height":112,"caption":"apuntesdesanluis.com"},"logo":{"@id":"https:\/\/apuntesdesanluis.com\/#\/schema\/person\/image\/"},"sameAs":["https:\/\/apuntesdesanluis.com"],"url":"https:\/\/apuntesdesanluis.com\/index.php\/author\/apuntesdesanluis-com\/"}]}},"featured_image_urls":{"full":["https:\/\/apuntesdesanluis.com\/wp-content\/uploads\/2024\/02\/Sociedad-italiana-de-socorros-mutuos.png",699,437,false],"thumbnail":["https:\/\/apuntesdesanluis.com\/wp-content\/uploads\/2024\/02\/Sociedad-italiana-de-socorros-mutuos-150x150.png",150,150,true],"medium":["https:\/\/apuntesdesanluis.com\/wp-content\/uploads\/2024\/02\/Sociedad-italiana-de-socorros-mutuos-300x188.png",300,188,true],"medium_large":["https:\/\/apuntesdesanluis.com\/wp-content\/uploads\/2024\/02\/Sociedad-italiana-de-socorros-mutuos.png",640,400,false],"large":["https:\/\/apuntesdesanluis.com\/wp-content\/uploads\/2024\/02\/Sociedad-italiana-de-socorros-mutuos.png",640,400,false],"1536x1536":["https:\/\/apuntesdesanluis.com\/wp-content\/uploads\/2024\/02\/Sociedad-italiana-de-socorros-mutuos.png",699,437,false],"2048x2048":["https:\/\/apuntesdesanluis.com\/wp-content\/uploads\/2024\/02\/Sociedad-italiana-de-socorros-mutuos.png",699,437,false],"newsever-slider-full":["https:\/\/apuntesdesanluis.com\/wp-content\/uploads\/2024\/02\/Sociedad-italiana-de-socorros-mutuos.png",699,437,false],"newsever-featured":["https:\/\/apuntesdesanluis.com\/wp-content\/uploads\/2024\/02\/Sociedad-italiana-de-socorros-mutuos.png",699,437,false],"newsever-medium":["https:\/\/apuntesdesanluis.com\/wp-content\/uploads\/2024\/02\/Sociedad-italiana-de-socorros-mutuos.png",699,437,false]},"author_info":{"display_name":"apuntesdesanluis.com","author_link":"https:\/\/apuntesdesanluis.com\/index.php\/author\/apuntesdesanluis-com\/"},"category_info":"<a href=\"https:\/\/apuntesdesanluis.com\/index.php\/category\/ciudad-provincia\/\" rel=\"category tag\">Ciudad\/Provincia<\/a>","tag_info":"Ciudad\/Provincia","comment_count":"0","_links":{"self":[{"href":"https:\/\/apuntesdesanluis.com\/index.php\/wp-json\/wp\/v2\/posts\/12409","targetHints":{"allow":["GET"]}}],"collection":[{"href":"https:\/\/apuntesdesanluis.com\/index.php\/wp-json\/wp\/v2\/posts"}],"about":[{"href":"https:\/\/apuntesdesanluis.com\/index.php\/wp-json\/wp\/v2\/types\/post"}],"author":[{"embeddable":true,"href":"https:\/\/apuntesdesanluis.com\/index.php\/wp-json\/wp\/v2\/users\/1"}],"replies":[{"embeddable":true,"href":"https:\/\/apuntesdesanluis.com\/index.php\/wp-json\/wp\/v2\/comments?post=12409"}],"version-history":[{"count":1,"href":"https:\/\/apuntesdesanluis.com\/index.php\/wp-json\/wp\/v2\/posts\/12409\/revisions"}],"predecessor-version":[{"id":12413,"href":"https:\/\/apuntesdesanluis.com\/index.php\/wp-json\/wp\/v2\/posts\/12409\/revisions\/12413"}],"wp:featuredmedia":[{"embeddable":true,"href":"https:\/\/apuntesdesanluis.com\/index.php\/wp-json\/wp\/v2\/media\/12410"}],"wp:attachment":[{"href":"https:\/\/apuntesdesanluis.com\/index.php\/wp-json\/wp\/v2\/media?parent=12409"}],"wp:term":[{"taxonomy":"category","embeddable":true,"href":"https:\/\/apuntesdesanluis.com\/index.php\/wp-json\/wp\/v2\/categories?post=12409"},{"taxonomy":"post_tag","embeddable":true,"href":"https:\/\/apuntesdesanluis.com\/index.php\/wp-json\/wp\/v2\/tags?post=12409"}],"curies":[{"name":"wp","href":"https:\/\/api.w.org\/{rel}","templated":true}]}}