{"id":12414,"date":"2024-02-28T13:32:33","date_gmt":"2024-02-28T16:32:33","guid":{"rendered":"https:\/\/apuntesdesanluis.com\/?p=12414"},"modified":"2024-02-28T13:32:33","modified_gmt":"2024-02-28T16:32:33","slug":"caso-jesus-munoz-los-tres-imputados-continuaran-detenidos","status":"publish","type":"post","link":"https:\/\/apuntesdesanluis.com\/index.php\/2024\/02\/28\/caso-jesus-munoz-los-tres-imputados-continuaran-detenidos\/","title":{"rendered":"CASO JES\u00daS MU\u00d1OZ: LOS TRES IMPUTADOS CONTINUAR\u00c1N DETENIDOS"},"content":{"rendered":"<h3>As\u00ed lo dispuso el Juez de Garant\u00eda N\u00ba 4, Dr. Santiago Ortiz. Formul\u00f3 cargos por el delito de homicidio criminis causa en concurso real con robo calificado por el uso de arma, en poblado y en banda.<\/h3>\n<h3>En el marco de la causa donde se investiga el homicidio de <strong>Jes\u00fas Mu\u00f1oz<\/strong>, en un hecho delictivo ocurrido el pasado 25 de febrero en Villa Mercedes, este mi\u00e9rcoles por la ma\u00f1ana se desarroll\u00f3 la audiencia de formulaci\u00f3n de cargos en el Juzgado de Garant\u00eda N\u00b0 4 de la Segunda Circunscripci\u00f3n Judicial \u2013 a cargo del Dr. Santiago Ortiz-.<\/h3>\n<h3>El magistrado formul\u00f3 cargos a tres hombres como coautores del delito de homicidio criminis causa en concurso real con robo calificado por el uso de arma, en poblado y en banda y orden\u00f3 que permanezcan detenidos.<\/h3>\n<h3>El hecho, seg\u00fan lo relatado por el Ministerio P\u00fablico Fiscal, ocurri\u00f3 el pasado 25 de febrero, en una plaza ubicada en el barrio 1000 Viviendas de Villa Mercedes.<\/h3>\n<h3>All\u00ed, explic\u00f3 el Fiscal, Mu\u00f1oz se encontraba con su novia cuando fueron abordados por los tres imputados, quienes se conduc\u00edan en una motocicleta. Uno de los imputados descendi\u00f3 de la moto y les solicit\u00f3 todas sus pertenencias.<\/h3>\n<h3>El Fiscal explic\u00f3 que Mu\u00f1oz intent\u00f3 defenderse y proteger a su novia, pero los imputados lo atacaron a golpes \u201clogrando derribarlo y en esa circunstancia, uno de los imputados le aplic\u00f3 dos lesiones, una en el brazo y otra en el pecho que le produjo da\u00f1os severos y como consecuencia, la muerte\u201d.<\/h3>\n<h3><img fetchpriority=\"high\" decoding=\"async\" class=\"wp-image-12416 aligncenter\" src=\"https:\/\/apuntesdesanluis.com\/wp-content\/uploads\/2024\/02\/juez-ortiz-300x195.png\" alt=\"\" width=\"542\" height=\"352\" srcset=\"https:\/\/apuntesdesanluis.com\/wp-content\/uploads\/2024\/02\/juez-ortiz-300x195.png 300w, https:\/\/apuntesdesanluis.com\/wp-content\/uploads\/2024\/02\/juez-ortiz-768x499.png 768w, https:\/\/apuntesdesanluis.com\/wp-content\/uploads\/2024\/02\/juez-ortiz.png 830w\" sizes=\"(max-width: 542px) 100vw, 542px\" \/><\/h3>\n<h3>El representante del Ministerio P\u00fablico Fiscal explic\u00f3 que del lugar del hecho los tres imputados se dieron a fuga con la moto y el celular de Jes\u00fas Mu\u00f1oz. Destac\u00f3 que su novia fue testigo presencial del hecho.<\/h3>\n<h3>Asimismo, el Dr. Olgu\u00edn enumer\u00f3 evidencias recolectadas y explic\u00f3 que el tel\u00e9fono celular de la v\u00edctima fue geolocalizado, lo que finalmente les indic\u00f3 que se encontraba en posesi\u00f3n de una mujer que hab\u00eda comprado el dispositivo a uno de los imputados, el d\u00eda posterior al hecho.<\/h3>\n<h3>Pidi\u00f3 que se formulen cargos contra los imputados como co autores del delito de homicidio criminis causa en concurso real con robo calificado por el uso de arma, en poblado y en banda.\u00a0 \u201cLas tres personas actuaron conjuntamente, esto los califica como coautores del hecho\u201d, explic\u00f3.<\/h3>\n<h3>En la audiencia estuvieron presentes representantes del Ministerio P\u00fablico Fiscal: Dr. Jos\u00e9 Olgu\u00edn, Fiscal de Instrucci\u00f3n N\u00ba 3; Dra. Andrea Court, Fiscal Adjunta y el Dr. Marcelo Palacio, Fiscal Adjunto.\u00a0\u00a0 Intervinieron como secretarias las Dras. Nadia Segura y Daniela L\u00f3pez Mart\u00edn.<\/h3>\n<h3>La Dra. Cecilia Mithiaux, Defensora Oficial en lo Penal N\u00ba 3, ejerci\u00f3 la defensa de dos de los imputados junto con la Dra. Noelia P\u00e1ez, Defensora Adjunta. El tercero fue representado por el Dr. Pedro Soria. Mientras que, en representaci\u00f3n de la querella, particip\u00f3 el Dr. Gustavo Correa.<\/h3>\n<h3>Finalizado el relato del Ministerio P\u00fablico Fiscal, el Dr. Gustavo Correa se expres\u00f3 en el mismo sentido y adhiri\u00f3 a la calificaci\u00f3n legal formulada por el Dr. Olgu\u00edn. Dijo que los imputados demostraron un desprecio total por la vida de la v\u00edctima.<\/h3>\n<h3>Cedida la palabra a los imputados, se negaron a declarar.<\/h3>\n<p><img decoding=\"async\" class=\"wp-image-12417 aligncenter\" src=\"https:\/\/apuntesdesanluis.com\/wp-content\/uploads\/2024\/02\/caso-munoz-300x176.png\" alt=\"\" width=\"540\" height=\"317\" srcset=\"https:\/\/apuntesdesanluis.com\/wp-content\/uploads\/2024\/02\/caso-munoz-300x176.png 300w, https:\/\/apuntesdesanluis.com\/wp-content\/uploads\/2024\/02\/caso-munoz.png 545w\" sizes=\"(max-width: 540px) 100vw, 540px\" \/><\/p>\n<h3>A continuaci\u00f3n, la Dra. Cecilia Mithiaux, en representaci\u00f3n de dos de los imputados, anticip\u00f3 que plantear\u00edan nulidades respecto a allanamientos realizados y dirimi\u00f3 sus planteos. \u201cEntendemos que hay una v\u00edctima, que la v\u00edctima tambi\u00e9n es la sociedad en su conjunto, que se encuentra de luto\u201d, dijo. Solicit\u00f3 para sus defendidos ocho d\u00edas de pr\u00f3rroga de la detenci\u00f3n.<\/h3>\n<h3>Por su parte, el Dr. Pedro Soria tambi\u00e9n solicit\u00f3 para su asistido ocho d\u00edas de pr\u00f3rroga de detenci\u00f3n y realiz\u00f3 una reserva de realizar planteos de inconstitucionalidad.\u00a0 \u201cEntendemos que los hechos no han sido esclarecidos, en definitiva, los hechos son otros\u201d, dijo.<\/h3>\n<h3>Luego de escuchar a las partes, el juez tuvo por formulado cargos provisorios en los t\u00e9rminos solicitados por el Ministerio P\u00fablico Fiscal \u2013 homicidio criminis causa en concurso real con robo calificado por el uso de arma, en poblado y en banda \u2013, concedi\u00f3 la pr\u00f3rroga de detenci\u00f3n por ocho d\u00edas e inform\u00f3 que la audiencia continuar\u00e1 el pr\u00f3ximo siete de marzo a las 10 horas, vencido el plazo solicitado por ambas defensas.<\/h3>\n<h3>Los imputados permanecer\u00e1n detenidos en diferentes dependencias policiales de la ciudad.<\/h3>\n<h3>Luego de la audiencia de formulaci\u00f3n de cargos, el Ministerio P\u00fablico Fiscal ofreci\u00f3 una conferencia de prensa en la Unidad de Prensa y Comunicaci\u00f3n Institucional de la Segunda Circunscripci\u00f3n Judicial.<\/h3>\n<h3>Para visualizar la misma ingrese al siguiente enlace: <span style=\"color: #3366ff;\"><a style=\"color: #3366ff;\" href=\"https:\/\/www.youtube.com\/watch?v=cQFfaZhzDkc\">https:\/\/www.youtube.com\/watch?v=cQFfaZhzDkc<\/a><\/span><\/h3>\n<p>&nbsp;<\/p>\n<p>&nbsp;<\/p>\n<p>&nbsp;<\/p>\n","protected":false},"excerpt":{"rendered":"<p>As\u00ed lo dispuso el Juez de Garant\u00eda N\u00ba 4, Dr. Santiago Ortiz. Formul\u00f3 cargos por&#8230;<\/p>\n","protected":false},"author":1,"featured_media":12415,"comment_status":"closed","ping_status":"closed","sticky":false,"template":"","format":"standard","meta":{"footnotes":""},"categories":[6],"tags":[],"class_list":["post-12414","post","type-post","status-publish","format-standard","has-post-thumbnail","hentry","category-ciudad-provincia"],"yoast_head":"<!-- This site is optimized with the Yoast SEO plugin v26.1.1 - https:\/\/yoast.com\/wordpress\/plugins\/seo\/ -->\n<title>CASO JES\u00daS MU\u00d1OZ: LOS TRES IMPUTADOS CONTINUAR\u00c1N DETENIDOS - Apuntes de San Luis<\/title>\n<meta name=\"robots\" content=\"index, follow, max-snippet:-1, max-image-preview:large, max-video-preview:-1\" \/>\n<link rel=\"canonical\" href=\"https:\/\/apuntesdesanluis.com\/index.php\/2024\/02\/28\/caso-jesus-munoz-los-tres-imputados-continuaran-detenidos\/\" \/>\n<meta property=\"og:locale\" content=\"es_ES\" \/>\n<meta property=\"og:type\" content=\"article\" \/>\n<meta property=\"og:title\" content=\"CASO JES\u00daS MU\u00d1OZ: LOS TRES IMPUTADOS CONTINUAR\u00c1N DETENIDOS - Apuntes de San Luis\" \/>\n<meta property=\"og:description\" content=\"As\u00ed lo dispuso el Juez de Garant\u00eda N\u00ba 4, Dr. Santiago Ortiz. Formul\u00f3 cargos por...\" \/>\n<meta property=\"og:url\" content=\"https:\/\/apuntesdesanluis.com\/index.php\/2024\/02\/28\/caso-jesus-munoz-los-tres-imputados-continuaran-detenidos\/\" \/>\n<meta property=\"og:site_name\" content=\"Apuntes de San Luis\" \/>\n<meta property=\"article:published_time\" content=\"2024-02-28T16:32:33+00:00\" \/>\n<meta property=\"og:image\" content=\"https:\/\/apuntesdesanluis.com\/wp-content\/uploads\/2024\/02\/audiencia-caso-munoz.png\" \/>\n\t<meta property=\"og:image:width\" content=\"600\" \/>\n\t<meta property=\"og:image:height\" content=\"363\" \/>\n\t<meta property=\"og:image:type\" content=\"image\/png\" \/>\n<meta name=\"author\" content=\"apuntesdesanluis.com\" \/>\n<meta name=\"twitter:card\" content=\"summary_large_image\" \/>\n<meta name=\"twitter:label1\" content=\"Escrito por\" \/>\n\t<meta name=\"twitter:data1\" content=\"apuntesdesanluis.com\" \/>\n\t<meta name=\"twitter:label2\" content=\"Tiempo de lectura\" \/>\n\t<meta name=\"twitter:data2\" content=\"4 minutos\" \/>\n<script type=\"application\/ld+json\" class=\"yoast-schema-graph\">{\"@context\":\"https:\/\/schema.org\",\"@graph\":[{\"@type\":\"Article\",\"@id\":\"https:\/\/apuntesdesanluis.com\/index.php\/2024\/02\/28\/caso-jesus-munoz-los-tres-imputados-continuaran-detenidos\/#article\",\"isPartOf\":{\"@id\":\"https:\/\/apuntesdesanluis.com\/index.php\/2024\/02\/28\/caso-jesus-munoz-los-tres-imputados-continuaran-detenidos\/\"},\"author\":{\"name\":\"apuntesdesanluis.com\",\"@id\":\"https:\/\/apuntesdesanluis.com\/#\/schema\/person\/b55151d52296fcce64d1a72538a70b90\"},\"headline\":\"CASO JES\u00daS MU\u00d1OZ: LOS TRES IMPUTADOS CONTINUAR\u00c1N DETENIDOS\",\"datePublished\":\"2024-02-28T16:32:33+00:00\",\"mainEntityOfPage\":{\"@id\":\"https:\/\/apuntesdesanluis.com\/index.php\/2024\/02\/28\/caso-jesus-munoz-los-tres-imputados-continuaran-detenidos\/\"},\"wordCount\":808,\"publisher\":{\"@id\":\"https:\/\/apuntesdesanluis.com\/#\/schema\/person\/b55151d52296fcce64d1a72538a70b90\"},\"image\":{\"@id\":\"https:\/\/apuntesdesanluis.com\/index.php\/2024\/02\/28\/caso-jesus-munoz-los-tres-imputados-continuaran-detenidos\/#primaryimage\"},\"thumbnailUrl\":\"https:\/\/apuntesdesanluis.com\/wp-content\/uploads\/2024\/02\/audiencia-caso-munoz.png\",\"articleSection\":[\"Ciudad\/Provincia\"],\"inLanguage\":\"es-AR\"},{\"@type\":\"WebPage\",\"@id\":\"https:\/\/apuntesdesanluis.com\/index.php\/2024\/02\/28\/caso-jesus-munoz-los-tres-imputados-continuaran-detenidos\/\",\"url\":\"https:\/\/apuntesdesanluis.com\/index.php\/2024\/02\/28\/caso-jesus-munoz-los-tres-imputados-continuaran-detenidos\/\",\"name\":\"CASO JES\u00daS MU\u00d1OZ: LOS TRES IMPUTADOS CONTINUAR\u00c1N DETENIDOS - Apuntes de San Luis\",\"isPartOf\":{\"@id\":\"https:\/\/apuntesdesanluis.com\/#website\"},\"primaryImageOfPage\":{\"@id\":\"https:\/\/apuntesdesanluis.com\/index.php\/2024\/02\/28\/caso-jesus-munoz-los-tres-imputados-continuaran-detenidos\/#primaryimage\"},\"image\":{\"@id\":\"https:\/\/apuntesdesanluis.com\/index.php\/2024\/02\/28\/caso-jesus-munoz-los-tres-imputados-continuaran-detenidos\/#primaryimage\"},\"thumbnailUrl\":\"https:\/\/apuntesdesanluis.com\/wp-content\/uploads\/2024\/02\/audiencia-caso-munoz.png\",\"datePublished\":\"2024-02-28T16:32:33+00:00\",\"breadcrumb\":{\"@id\":\"https:\/\/apuntesdesanluis.com\/index.php\/2024\/02\/28\/caso-jesus-munoz-los-tres-imputados-continuaran-detenidos\/#breadcrumb\"},\"inLanguage\":\"es-AR\",\"potentialAction\":[{\"@type\":\"ReadAction\",\"target\":[\"https:\/\/apuntesdesanluis.com\/index.php\/2024\/02\/28\/caso-jesus-munoz-los-tres-imputados-continuaran-detenidos\/\"]}]},{\"@type\":\"ImageObject\",\"inLanguage\":\"es-AR\",\"@id\":\"https:\/\/apuntesdesanluis.com\/index.php\/2024\/02\/28\/caso-jesus-munoz-los-tres-imputados-continuaran-detenidos\/#primaryimage\",\"url\":\"https:\/\/apuntesdesanluis.com\/wp-content\/uploads\/2024\/02\/audiencia-caso-munoz.png\",\"contentUrl\":\"https:\/\/apuntesdesanluis.com\/wp-content\/uploads\/2024\/02\/audiencia-caso-munoz.png\",\"width\":600,\"height\":363},{\"@type\":\"BreadcrumbList\",\"@id\":\"https:\/\/apuntesdesanluis.com\/index.php\/2024\/02\/28\/caso-jesus-munoz-los-tres-imputados-continuaran-detenidos\/#breadcrumb\",\"itemListElement\":[{\"@type\":\"ListItem\",\"position\":1,\"name\":\"Inicio\",\"item\":\"https:\/\/apuntesdesanluis.com\/\"},{\"@type\":\"ListItem\",\"position\":2,\"name\":\"CASO JES\u00daS MU\u00d1OZ: LOS TRES IMPUTADOS CONTINUAR\u00c1N DETENIDOS\"}]},{\"@type\":\"WebSite\",\"@id\":\"https:\/\/apuntesdesanluis.com\/#website\",\"url\":\"https:\/\/apuntesdesanluis.com\/\",\"name\":\"Apuntes de San Luis\",\"description\":\"\",\"publisher\":{\"@id\":\"https:\/\/apuntesdesanluis.com\/#\/schema\/person\/b55151d52296fcce64d1a72538a70b90\"},\"potentialAction\":[{\"@type\":\"SearchAction\",\"target\":{\"@type\":\"EntryPoint\",\"urlTemplate\":\"https:\/\/apuntesdesanluis.com\/?s={search_term_string}\"},\"query-input\":{\"@type\":\"PropertyValueSpecification\",\"valueRequired\":true,\"valueName\":\"search_term_string\"}}],\"inLanguage\":\"es-AR\"},{\"@type\":[\"Person\",\"Organization\"],\"@id\":\"https:\/\/apuntesdesanluis.com\/#\/schema\/person\/b55151d52296fcce64d1a72538a70b90\",\"name\":\"apuntesdesanluis.com\",\"image\":{\"@type\":\"ImageObject\",\"inLanguage\":\"es-AR\",\"@id\":\"https:\/\/apuntesdesanluis.com\/#\/schema\/person\/image\/\",\"url\":\"https:\/\/apuntesdesanluis.com\/wp-content\/uploads\/2023\/07\/cropped-apuntesdesanluis.png\",\"contentUrl\":\"https:\/\/apuntesdesanluis.com\/wp-content\/uploads\/2023\/07\/cropped-apuntesdesanluis.png\",\"width\":450,\"height\":112,\"caption\":\"apuntesdesanluis.com\"},\"logo\":{\"@id\":\"https:\/\/apuntesdesanluis.com\/#\/schema\/person\/image\/\"},\"sameAs\":[\"https:\/\/apuntesdesanluis.com\"],\"url\":\"https:\/\/apuntesdesanluis.com\/index.php\/author\/apuntesdesanluis-com\/\"}]}<\/script>\n<!-- \/ Yoast SEO plugin. -->","yoast_head_json":{"title":"CASO JES\u00daS MU\u00d1OZ: LOS TRES IMPUTADOS CONTINUAR\u00c1N DETENIDOS - Apuntes de San Luis","robots":{"index":"index","follow":"follow","max-snippet":"max-snippet:-1","max-image-preview":"max-image-preview:large","max-video-preview":"max-video-preview:-1"},"canonical":"https:\/\/apuntesdesanluis.com\/index.php\/2024\/02\/28\/caso-jesus-munoz-los-tres-imputados-continuaran-detenidos\/","og_locale":"es_ES","og_type":"article","og_title":"CASO JES\u00daS MU\u00d1OZ: LOS TRES IMPUTADOS CONTINUAR\u00c1N DETENIDOS - Apuntes de San Luis","og_description":"As\u00ed lo dispuso el Juez de Garant\u00eda N\u00ba 4, Dr. Santiago Ortiz. Formul\u00f3 cargos por...","og_url":"https:\/\/apuntesdesanluis.com\/index.php\/2024\/02\/28\/caso-jesus-munoz-los-tres-imputados-continuaran-detenidos\/","og_site_name":"Apuntes de San Luis","article_published_time":"2024-02-28T16:32:33+00:00","og_image":[{"width":600,"height":363,"url":"https:\/\/apuntesdesanluis.com\/wp-content\/uploads\/2024\/02\/audiencia-caso-munoz.png","type":"image\/png"}],"author":"apuntesdesanluis.com","twitter_card":"summary_large_image","twitter_misc":{"Escrito por":"apuntesdesanluis.com","Tiempo de lectura":"4 minutos"},"schema":{"@context":"https:\/\/schema.org","@graph":[{"@type":"Article","@id":"https:\/\/apuntesdesanluis.com\/index.php\/2024\/02\/28\/caso-jesus-munoz-los-tres-imputados-continuaran-detenidos\/#article","isPartOf":{"@id":"https:\/\/apuntesdesanluis.com\/index.php\/2024\/02\/28\/caso-jesus-munoz-los-tres-imputados-continuaran-detenidos\/"},"author":{"name":"apuntesdesanluis.com","@id":"https:\/\/apuntesdesanluis.com\/#\/schema\/person\/b55151d52296fcce64d1a72538a70b90"},"headline":"CASO JES\u00daS MU\u00d1OZ: LOS TRES IMPUTADOS CONTINUAR\u00c1N DETENIDOS","datePublished":"2024-02-28T16:32:33+00:00","mainEntityOfPage":{"@id":"https:\/\/apuntesdesanluis.com\/index.php\/2024\/02\/28\/caso-jesus-munoz-los-tres-imputados-continuaran-detenidos\/"},"wordCount":808,"publisher":{"@id":"https:\/\/apuntesdesanluis.com\/#\/schema\/person\/b55151d52296fcce64d1a72538a70b90"},"image":{"@id":"https:\/\/apuntesdesanluis.com\/index.php\/2024\/02\/28\/caso-jesus-munoz-los-tres-imputados-continuaran-detenidos\/#primaryimage"},"thumbnailUrl":"https:\/\/apuntesdesanluis.com\/wp-content\/uploads\/2024\/02\/audiencia-caso-munoz.png","articleSection":["Ciudad\/Provincia"],"inLanguage":"es-AR"},{"@type":"WebPage","@id":"https:\/\/apuntesdesanluis.com\/index.php\/2024\/02\/28\/caso-jesus-munoz-los-tres-imputados-continuaran-detenidos\/","url":"https:\/\/apuntesdesanluis.com\/index.php\/2024\/02\/28\/caso-jesus-munoz-los-tres-imputados-continuaran-detenidos\/","name":"CASO JES\u00daS MU\u00d1OZ: LOS TRES IMPUTADOS CONTINUAR\u00c1N DETENIDOS - Apuntes de San Luis","isPartOf":{"@id":"https:\/\/apuntesdesanluis.com\/#website"},"primaryImageOfPage":{"@id":"https:\/\/apuntesdesanluis.com\/index.php\/2024\/02\/28\/caso-jesus-munoz-los-tres-imputados-continuaran-detenidos\/#primaryimage"},"image":{"@id":"https:\/\/apuntesdesanluis.com\/index.php\/2024\/02\/28\/caso-jesus-munoz-los-tres-imputados-continuaran-detenidos\/#primaryimage"},"thumbnailUrl":"https:\/\/apuntesdesanluis.com\/wp-content\/uploads\/2024\/02\/audiencia-caso-munoz.png","datePublished":"2024-02-28T16:32:33+00:00","breadcrumb":{"@id":"https:\/\/apuntesdesanluis.com\/index.php\/2024\/02\/28\/caso-jesus-munoz-los-tres-imputados-continuaran-detenidos\/#breadcrumb"},"inLanguage":"es-AR","potentialAction":[{"@type":"ReadAction","target":["https:\/\/apuntesdesanluis.com\/index.php\/2024\/02\/28\/caso-jesus-munoz-los-tres-imputados-continuaran-detenidos\/"]}]},{"@type":"ImageObject","inLanguage":"es-AR","@id":"https:\/\/apuntesdesanluis.com\/index.php\/2024\/02\/28\/caso-jesus-munoz-los-tres-imputados-continuaran-detenidos\/#primaryimage","url":"https:\/\/apuntesdesanluis.com\/wp-content\/uploads\/2024\/02\/audiencia-caso-munoz.png","contentUrl":"https:\/\/apuntesdesanluis.com\/wp-content\/uploads\/2024\/02\/audiencia-caso-munoz.png","width":600,"height":363},{"@type":"BreadcrumbList","@id":"https:\/\/apuntesdesanluis.com\/index.php\/2024\/02\/28\/caso-jesus-munoz-los-tres-imputados-continuaran-detenidos\/#breadcrumb","itemListElement":[{"@type":"ListItem","position":1,"name":"Inicio","item":"https:\/\/apuntesdesanluis.com\/"},{"@type":"ListItem","position":2,"name":"CASO JES\u00daS MU\u00d1OZ: LOS TRES IMPUTADOS CONTINUAR\u00c1N DETENIDOS"}]},{"@type":"WebSite","@id":"https:\/\/apuntesdesanluis.com\/#website","url":"https:\/\/apuntesdesanluis.com\/","name":"Apuntes de San Luis","description":"","publisher":{"@id":"https:\/\/apuntesdesanluis.com\/#\/schema\/person\/b55151d52296fcce64d1a72538a70b90"},"potentialAction":[{"@type":"SearchAction","target":{"@type":"EntryPoint","urlTemplate":"https:\/\/apuntesdesanluis.com\/?s={search_term_string}"},"query-input":{"@type":"PropertyValueSpecification","valueRequired":true,"valueName":"search_term_string"}}],"inLanguage":"es-AR"},{"@type":["Person","Organization"],"@id":"https:\/\/apuntesdesanluis.com\/#\/schema\/person\/b55151d52296fcce64d1a72538a70b90","name":"apuntesdesanluis.com","image":{"@type":"ImageObject","inLanguage":"es-AR","@id":"https:\/\/apuntesdesanluis.com\/#\/schema\/person\/image\/","url":"https:\/\/apuntesdesanluis.com\/wp-content\/uploads\/2023\/07\/cropped-apuntesdesanluis.png","contentUrl":"https:\/\/apuntesdesanluis.com\/wp-content\/uploads\/2023\/07\/cropped-apuntesdesanluis.png","width":450,"height":112,"caption":"apuntesdesanluis.com"},"logo":{"@id":"https:\/\/apuntesdesanluis.com\/#\/schema\/person\/image\/"},"sameAs":["https:\/\/apuntesdesanluis.com"],"url":"https:\/\/apuntesdesanluis.com\/index.php\/author\/apuntesdesanluis-com\/"}]}},"featured_image_urls":{"full":["https:\/\/apuntesdesanluis.com\/wp-content\/uploads\/2024\/02\/audiencia-caso-munoz.png",600,363,false],"thumbnail":["https:\/\/apuntesdesanluis.com\/wp-content\/uploads\/2024\/02\/audiencia-caso-munoz-150x150.png",150,150,true],"medium":["https:\/\/apuntesdesanluis.com\/wp-content\/uploads\/2024\/02\/audiencia-caso-munoz-300x182.png",300,182,true],"medium_large":["https:\/\/apuntesdesanluis.com\/wp-content\/uploads\/2024\/02\/audiencia-caso-munoz.png",600,363,false],"large":["https:\/\/apuntesdesanluis.com\/wp-content\/uploads\/2024\/02\/audiencia-caso-munoz.png",600,363,false],"1536x1536":["https:\/\/apuntesdesanluis.com\/wp-content\/uploads\/2024\/02\/audiencia-caso-munoz.png",600,363,false],"2048x2048":["https:\/\/apuntesdesanluis.com\/wp-content\/uploads\/2024\/02\/audiencia-caso-munoz.png",600,363,false],"newsever-slider-full":["https:\/\/apuntesdesanluis.com\/wp-content\/uploads\/2024\/02\/audiencia-caso-munoz.png",600,363,false],"newsever-featured":["https:\/\/apuntesdesanluis.com\/wp-content\/uploads\/2024\/02\/audiencia-caso-munoz.png",600,363,false],"newsever-medium":["https:\/\/apuntesdesanluis.com\/wp-content\/uploads\/2024\/02\/audiencia-caso-munoz.png",600,363,false]},"author_info":{"display_name":"apuntesdesanluis.com","author_link":"https:\/\/apuntesdesanluis.com\/index.php\/author\/apuntesdesanluis-com\/"},"category_info":"<a href=\"https:\/\/apuntesdesanluis.com\/index.php\/category\/ciudad-provincia\/\" rel=\"category tag\">Ciudad\/Provincia<\/a>","tag_info":"Ciudad\/Provincia","comment_count":"0","_links":{"self":[{"href":"https:\/\/apuntesdesanluis.com\/index.php\/wp-json\/wp\/v2\/posts\/12414","targetHints":{"allow":["GET"]}}],"collection":[{"href":"https:\/\/apuntesdesanluis.com\/index.php\/wp-json\/wp\/v2\/posts"}],"about":[{"href":"https:\/\/apuntesdesanluis.com\/index.php\/wp-json\/wp\/v2\/types\/post"}],"author":[{"embeddable":true,"href":"https:\/\/apuntesdesanluis.com\/index.php\/wp-json\/wp\/v2\/users\/1"}],"replies":[{"embeddable":true,"href":"https:\/\/apuntesdesanluis.com\/index.php\/wp-json\/wp\/v2\/comments?post=12414"}],"version-history":[{"count":1,"href":"https:\/\/apuntesdesanluis.com\/index.php\/wp-json\/wp\/v2\/posts\/12414\/revisions"}],"predecessor-version":[{"id":12418,"href":"https:\/\/apuntesdesanluis.com\/index.php\/wp-json\/wp\/v2\/posts\/12414\/revisions\/12418"}],"wp:featuredmedia":[{"embeddable":true,"href":"https:\/\/apuntesdesanluis.com\/index.php\/wp-json\/wp\/v2\/media\/12415"}],"wp:attachment":[{"href":"https:\/\/apuntesdesanluis.com\/index.php\/wp-json\/wp\/v2\/media?parent=12414"}],"wp:term":[{"taxonomy":"category","embeddable":true,"href":"https:\/\/apuntesdesanluis.com\/index.php\/wp-json\/wp\/v2\/categories?post=12414"},{"taxonomy":"post_tag","embeddable":true,"href":"https:\/\/apuntesdesanluis.com\/index.php\/wp-json\/wp\/v2\/tags?post=12414"}],"curies":[{"name":"wp","href":"https:\/\/api.w.org\/{rel}","templated":true}]}}