{"id":12436,"date":"2024-02-28T20:57:47","date_gmt":"2024-02-28T23:57:47","guid":{"rendered":"https:\/\/apuntesdesanluis.com\/?p=12436"},"modified":"2024-02-28T20:57:47","modified_gmt":"2024-02-28T23:57:47","slug":"el-papa-francisco-contradijo-a-milei-al-destacar-el-rol-del-estado-en-la-redistribucion-y-justicia-social","status":"publish","type":"post","link":"https:\/\/apuntesdesanluis.com\/index.php\/2024\/02\/28\/el-papa-francisco-contradijo-a-milei-al-destacar-el-rol-del-estado-en-la-redistribucion-y-justicia-social\/","title":{"rendered":"EL PAPA FRANCISCO CONTRADIJO A MILEI AL DESTACAR EL ROL DEL ESTADO EN LA \u201cREDISTRIBUCI\u00d3N Y JUSTICIA SOCIAL\u201d"},"content":{"rendered":"<h3>\u201cEl dios mercado, la diosa ganancia son falsas deidades que nos conducen a la deshumanizaci\u00f3n y a la destrucci\u00f3n del planeta&#8221;, dijo el Sumo Pont\u00edfice.<\/h3>\n<h3>El <strong>Papa Francisco<\/strong> desgran\u00f3 hoy importantes definiciones filos\u00f3ficas que contrastan con la concepci\u00f3n ideol\u00f3gica del presidente<strong> Javier Milei<\/strong>.<\/h3>\n<h3>En un video que fue enviado a la sede porte\u00f1a del Comit\u00e9 Panamericano de Juezas y Jueces por los Derechos Sociales y la Doctrina Franciscana (Copaju), el Sumo Pont\u00edfice asegur\u00f3 que el rol del Estado en la \u201credistribuci\u00f3n y justicia social\u201d resulta en estos tiempos \u201cm\u00e1s importante que nunca\u201d.<\/h3>\n<h3>\u201cLos derechos sociales no son gratuitos. La riqueza para sostenerlos est\u00e1 disponible, pero requiere de decisiones pol\u00edticas adecuadas, racionales y equitativas\u201d, consider\u00f3.<\/h3>\n<h3>Para Su Santidad, \u201cel Estado, hoy m\u00e1s importante que nunca, est\u00e1 llamado a ejercer ese papel central de redistribuci\u00f3n y justicia social\u201d.<\/h3>\n<h3>En el video, el Papa remarc\u00f3 que \u201cvivimos \u00e9pocas de tanta injusticia, pocos ricos y cada vez m\u00e1s poderosos, y millones de pobres negados y descartados\u201d.\u00a0&#8220;Las normas, queridos jueces, ya han sido dictadas. Rigen. El problema, es su vigencia efectiva, su concreci\u00f3n. Y es ah\u00ed donde empieza vuestro papel&#8221;, dijo.<\/h3>\n<h3>La m\u00e1xima autoridad de la Iglesia Cat\u00f3lica volvi\u00f3 a hacer una impugnaci\u00f3n del libre mercado como valor sagrado de la sociedad.<\/h3>\n<h3>\u201cEl dios mercado, la diosa ganancia son falsas deidades que nos conducen a la deshumanizaci\u00f3n y a la destrucci\u00f3n del planeta. La historia lo ha demostrado en muchas y muy tristes oportunidades\u201d, advirti\u00f3.<\/h3>\n<p><iframe title=\"El Papa dijo que el Estado es &quot;hoy m\u00e1s importante que nunca&quot; y alert\u00f3 por &quot;modelos deshumanizantes&quot;\" width=\"640\" height=\"360\" src=\"https:\/\/www.youtube.com\/embed\/g93yr9TFk08?feature=oembed\" frameborder=\"0\" allow=\"accelerometer; autoplay; clipboard-write; encrypted-media; gyroscope; picture-in-picture; web-share\" referrerpolicy=\"strict-origin-when-cross-origin\" allowfullscreen><\/iframe><\/p>\n<h3>En un mensaje que podr\u00eda extrapolarse a la gesti\u00f3n de Javier Milei en Argentina, aunque tambi\u00e9n a quienes imparten justicia, Francisco subray\u00f3 que \u201ctodos los que ejercen un poder p\u00fablico tienen que tener presente que no alcanza con la legitimidad de origen\u201d.<\/h3>\n<h3>&#8220;No. El ejercicio debe tambi\u00e9n ser leg\u00edtimo. \u00bfQu\u00e9 justificaci\u00f3n puede tener el poder si se aleja de la construcci\u00f3n de sociedades justas y dignas? \u00bfPuedo ser un buen magistrado mirando hacia el costado frente al sufrimiento del otro?&#8221;, indic\u00f3.<\/h3>\n<h3><strong>REACCI\u00d3N DEL GOBIERNO<\/strong><\/h3>\n<h3>La respuesta del Gobierno no tard\u00f3 en llegar y vino en boca del vocero presidencial, <strong>Manuel Adorni<\/strong>, quien asegur\u00f3 que el Poder Ejecutivo \u201crespeta y escucha\u201d las definiciones del papa Francisco sobre el rol del Estado en la &#8220;redistribuci\u00f3n y justicia social&#8221;, pero subray\u00f3 que &#8220;no estamos de acuerdo&#8221; y que &#8220;la gente no quiere eso, lo demostr\u00f3 en las urnas&#8221;.<\/h3>\n<h3>&#8220;Por supuesto que en algunas frases no estamos de acuerdo y est\u00e1 muy bien que as\u00ed sea, porque en tal caso el Papa es un l\u00edder espiritual y nosotros gobernamos una Argentina con problemas en absolutamente todos lados&#8221;, agreg\u00f3 en su habitual conferencia de prensa en la Casa Rosada.<\/h3>\n<h3>Para Adorni, &#8220;la justicia social, en esta l\u00f3gica de sacarle a unos compulsivamente para darles a otros a criterio del funcionario de turno, ha logrado que hoy estemos viviendo un 50% de pobres&#8221;.<\/h3>\n<h3>&#8220;Eso significa muchos millones de argentinos a los que el bendito &#8216;Estado presente&#8217; les ha quitado todo y no les ha dado absolutamente nada. El Presidente entiende que pueden ser frases o definiciones muy lindas al o\u00eddo, pero la gente no quiere eso y lo demostr\u00f3 en las urnas&#8221;, insisti\u00f3.<\/h3>\n<p><iframe title=\"Adorni: &quot;La palabra del Papa la respetamos pero en algunas de ellas no estamos de acuerdo&quot;\" width=\"640\" height=\"360\" src=\"https:\/\/www.youtube.com\/embed\/ZGMQRVi-iSE?feature=oembed\" frameborder=\"0\" allow=\"accelerometer; autoplay; clipboard-write; encrypted-media; gyroscope; picture-in-picture; web-share\" referrerpolicy=\"strict-origin-when-cross-origin\" allowfullscreen><\/iframe><\/p>\n<p>&nbsp;<\/p>\n<p>&nbsp;<\/p>\n<p>&nbsp;<\/p>\n<p>&nbsp;<\/p>\n<p>&nbsp;<\/p>\n<p>&nbsp;<\/p>\n<p>&nbsp;<\/p>\n<p>&nbsp;<\/p>\n<p>&nbsp;<\/p>\n<p>&nbsp;<\/p>\n","protected":false},"excerpt":{"rendered":"<p>\u201cEl dios mercado, la diosa ganancia son falsas deidades que nos conducen a la deshumanizaci\u00f3n&#8230;<\/p>\n","protected":false},"author":1,"featured_media":12437,"comment_status":"closed","ping_status":"closed","sticky":false,"template":"","format":"standard","meta":{"footnotes":""},"categories":[5],"tags":[],"class_list":["post-12436","post","type-post","status-publish","format-standard","has-post-thumbnail","hentry","category-nacionales-internacionales"],"yoast_head":"<!-- This site is optimized with the Yoast SEO plugin v26.1.1 - https:\/\/yoast.com\/wordpress\/plugins\/seo\/ -->\n<title>EL PAPA FRANCISCO CONTRADIJO A MILEI AL DESTACAR EL ROL DEL ESTADO EN LA \u201cREDISTRIBUCI\u00d3N Y JUSTICIA SOCIAL\u201d - Apuntes de San Luis<\/title>\n<meta name=\"robots\" content=\"index, follow, max-snippet:-1, max-image-preview:large, max-video-preview:-1\" \/>\n<link rel=\"canonical\" href=\"https:\/\/apuntesdesanluis.com\/index.php\/2024\/02\/28\/el-papa-francisco-contradijo-a-milei-al-destacar-el-rol-del-estado-en-la-redistribucion-y-justicia-social\/\" \/>\n<meta property=\"og:locale\" content=\"es_ES\" \/>\n<meta property=\"og:type\" content=\"article\" \/>\n<meta property=\"og:title\" content=\"EL PAPA FRANCISCO CONTRADIJO A MILEI AL DESTACAR EL ROL DEL ESTADO EN LA \u201cREDISTRIBUCI\u00d3N Y JUSTICIA SOCIAL\u201d - Apuntes de San Luis\" \/>\n<meta property=\"og:description\" content=\"\u201cEl dios mercado, la diosa ganancia son falsas deidades que nos conducen a la deshumanizaci\u00f3n...\" \/>\n<meta property=\"og:url\" content=\"https:\/\/apuntesdesanluis.com\/index.php\/2024\/02\/28\/el-papa-francisco-contradijo-a-milei-al-destacar-el-rol-del-estado-en-la-redistribucion-y-justicia-social\/\" \/>\n<meta property=\"og:site_name\" content=\"Apuntes de San Luis\" \/>\n<meta property=\"article:published_time\" content=\"2024-02-28T23:57:47+00:00\" \/>\n<meta property=\"og:image\" content=\"https:\/\/apuntesdesanluis.com\/wp-content\/uploads\/2024\/02\/PAPA-Y-MILEI-1.png\" \/>\n\t<meta property=\"og:image:width\" content=\"600\" \/>\n\t<meta property=\"og:image:height\" content=\"326\" \/>\n\t<meta property=\"og:image:type\" content=\"image\/png\" \/>\n<meta name=\"author\" content=\"apuntesdesanluis.com\" \/>\n<meta name=\"twitter:card\" content=\"summary_large_image\" \/>\n<meta name=\"twitter:label1\" content=\"Escrito por\" \/>\n\t<meta name=\"twitter:data1\" content=\"apuntesdesanluis.com\" \/>\n\t<meta name=\"twitter:label2\" content=\"Tiempo de lectura\" \/>\n\t<meta name=\"twitter:data2\" content=\"3 minutos\" \/>\n<script type=\"application\/ld+json\" class=\"yoast-schema-graph\">{\"@context\":\"https:\/\/schema.org\",\"@graph\":[{\"@type\":\"Article\",\"@id\":\"https:\/\/apuntesdesanluis.com\/index.php\/2024\/02\/28\/el-papa-francisco-contradijo-a-milei-al-destacar-el-rol-del-estado-en-la-redistribucion-y-justicia-social\/#article\",\"isPartOf\":{\"@id\":\"https:\/\/apuntesdesanluis.com\/index.php\/2024\/02\/28\/el-papa-francisco-contradijo-a-milei-al-destacar-el-rol-del-estado-en-la-redistribucion-y-justicia-social\/\"},\"author\":{\"name\":\"apuntesdesanluis.com\",\"@id\":\"https:\/\/apuntesdesanluis.com\/#\/schema\/person\/b55151d52296fcce64d1a72538a70b90\"},\"headline\":\"EL PAPA FRANCISCO CONTRADIJO A MILEI AL DESTACAR EL ROL DEL ESTADO EN LA \u201cREDISTRIBUCI\u00d3N Y JUSTICIA SOCIAL\u201d\",\"datePublished\":\"2024-02-28T23:57:47+00:00\",\"mainEntityOfPage\":{\"@id\":\"https:\/\/apuntesdesanluis.com\/index.php\/2024\/02\/28\/el-papa-francisco-contradijo-a-milei-al-destacar-el-rol-del-estado-en-la-redistribucion-y-justicia-social\/\"},\"wordCount\":599,\"publisher\":{\"@id\":\"https:\/\/apuntesdesanluis.com\/#\/schema\/person\/b55151d52296fcce64d1a72538a70b90\"},\"image\":{\"@id\":\"https:\/\/apuntesdesanluis.com\/index.php\/2024\/02\/28\/el-papa-francisco-contradijo-a-milei-al-destacar-el-rol-del-estado-en-la-redistribucion-y-justicia-social\/#primaryimage\"},\"thumbnailUrl\":\"https:\/\/apuntesdesanluis.com\/wp-content\/uploads\/2024\/02\/PAPA-Y-MILEI-1.png\",\"articleSection\":[\"Nacionales\/Internacionales\"],\"inLanguage\":\"es-AR\"},{\"@type\":\"WebPage\",\"@id\":\"https:\/\/apuntesdesanluis.com\/index.php\/2024\/02\/28\/el-papa-francisco-contradijo-a-milei-al-destacar-el-rol-del-estado-en-la-redistribucion-y-justicia-social\/\",\"url\":\"https:\/\/apuntesdesanluis.com\/index.php\/2024\/02\/28\/el-papa-francisco-contradijo-a-milei-al-destacar-el-rol-del-estado-en-la-redistribucion-y-justicia-social\/\",\"name\":\"EL PAPA FRANCISCO CONTRADIJO A MILEI AL DESTACAR EL ROL DEL ESTADO EN LA \u201cREDISTRIBUCI\u00d3N Y JUSTICIA SOCIAL\u201d - Apuntes de San Luis\",\"isPartOf\":{\"@id\":\"https:\/\/apuntesdesanluis.com\/#website\"},\"primaryImageOfPage\":{\"@id\":\"https:\/\/apuntesdesanluis.com\/index.php\/2024\/02\/28\/el-papa-francisco-contradijo-a-milei-al-destacar-el-rol-del-estado-en-la-redistribucion-y-justicia-social\/#primaryimage\"},\"image\":{\"@id\":\"https:\/\/apuntesdesanluis.com\/index.php\/2024\/02\/28\/el-papa-francisco-contradijo-a-milei-al-destacar-el-rol-del-estado-en-la-redistribucion-y-justicia-social\/#primaryimage\"},\"thumbnailUrl\":\"https:\/\/apuntesdesanluis.com\/wp-content\/uploads\/2024\/02\/PAPA-Y-MILEI-1.png\",\"datePublished\":\"2024-02-28T23:57:47+00:00\",\"breadcrumb\":{\"@id\":\"https:\/\/apuntesdesanluis.com\/index.php\/2024\/02\/28\/el-papa-francisco-contradijo-a-milei-al-destacar-el-rol-del-estado-en-la-redistribucion-y-justicia-social\/#breadcrumb\"},\"inLanguage\":\"es-AR\",\"potentialAction\":[{\"@type\":\"ReadAction\",\"target\":[\"https:\/\/apuntesdesanluis.com\/index.php\/2024\/02\/28\/el-papa-francisco-contradijo-a-milei-al-destacar-el-rol-del-estado-en-la-redistribucion-y-justicia-social\/\"]}]},{\"@type\":\"ImageObject\",\"inLanguage\":\"es-AR\",\"@id\":\"https:\/\/apuntesdesanluis.com\/index.php\/2024\/02\/28\/el-papa-francisco-contradijo-a-milei-al-destacar-el-rol-del-estado-en-la-redistribucion-y-justicia-social\/#primaryimage\",\"url\":\"https:\/\/apuntesdesanluis.com\/wp-content\/uploads\/2024\/02\/PAPA-Y-MILEI-1.png\",\"contentUrl\":\"https:\/\/apuntesdesanluis.com\/wp-content\/uploads\/2024\/02\/PAPA-Y-MILEI-1.png\",\"width\":600,\"height\":326},{\"@type\":\"BreadcrumbList\",\"@id\":\"https:\/\/apuntesdesanluis.com\/index.php\/2024\/02\/28\/el-papa-francisco-contradijo-a-milei-al-destacar-el-rol-del-estado-en-la-redistribucion-y-justicia-social\/#breadcrumb\",\"itemListElement\":[{\"@type\":\"ListItem\",\"position\":1,\"name\":\"Inicio\",\"item\":\"https:\/\/apuntesdesanluis.com\/\"},{\"@type\":\"ListItem\",\"position\":2,\"name\":\"EL PAPA FRANCISCO CONTRADIJO A MILEI AL DESTACAR EL ROL DEL ESTADO EN LA \u201cREDISTRIBUCI\u00d3N Y JUSTICIA SOCIAL\u201d\"}]},{\"@type\":\"WebSite\",\"@id\":\"https:\/\/apuntesdesanluis.com\/#website\",\"url\":\"https:\/\/apuntesdesanluis.com\/\",\"name\":\"Apuntes de San Luis\",\"description\":\"\",\"publisher\":{\"@id\":\"https:\/\/apuntesdesanluis.com\/#\/schema\/person\/b55151d52296fcce64d1a72538a70b90\"},\"potentialAction\":[{\"@type\":\"SearchAction\",\"target\":{\"@type\":\"EntryPoint\",\"urlTemplate\":\"https:\/\/apuntesdesanluis.com\/?s={search_term_string}\"},\"query-input\":{\"@type\":\"PropertyValueSpecification\",\"valueRequired\":true,\"valueName\":\"search_term_string\"}}],\"inLanguage\":\"es-AR\"},{\"@type\":[\"Person\",\"Organization\"],\"@id\":\"https:\/\/apuntesdesanluis.com\/#\/schema\/person\/b55151d52296fcce64d1a72538a70b90\",\"name\":\"apuntesdesanluis.com\",\"image\":{\"@type\":\"ImageObject\",\"inLanguage\":\"es-AR\",\"@id\":\"https:\/\/apuntesdesanluis.com\/#\/schema\/person\/image\/\",\"url\":\"https:\/\/apuntesdesanluis.com\/wp-content\/uploads\/2023\/07\/cropped-apuntesdesanluis.png\",\"contentUrl\":\"https:\/\/apuntesdesanluis.com\/wp-content\/uploads\/2023\/07\/cropped-apuntesdesanluis.png\",\"width\":450,\"height\":112,\"caption\":\"apuntesdesanluis.com\"},\"logo\":{\"@id\":\"https:\/\/apuntesdesanluis.com\/#\/schema\/person\/image\/\"},\"sameAs\":[\"https:\/\/apuntesdesanluis.com\"],\"url\":\"https:\/\/apuntesdesanluis.com\/index.php\/author\/apuntesdesanluis-com\/\"}]}<\/script>\n<!-- \/ Yoast SEO plugin. -->","yoast_head_json":{"title":"EL PAPA FRANCISCO CONTRADIJO A MILEI AL DESTACAR EL ROL DEL ESTADO EN LA \u201cREDISTRIBUCI\u00d3N Y JUSTICIA SOCIAL\u201d - Apuntes de San Luis","robots":{"index":"index","follow":"follow","max-snippet":"max-snippet:-1","max-image-preview":"max-image-preview:large","max-video-preview":"max-video-preview:-1"},"canonical":"https:\/\/apuntesdesanluis.com\/index.php\/2024\/02\/28\/el-papa-francisco-contradijo-a-milei-al-destacar-el-rol-del-estado-en-la-redistribucion-y-justicia-social\/","og_locale":"es_ES","og_type":"article","og_title":"EL PAPA FRANCISCO CONTRADIJO A MILEI AL DESTACAR EL ROL DEL ESTADO EN LA \u201cREDISTRIBUCI\u00d3N Y JUSTICIA SOCIAL\u201d - Apuntes de San Luis","og_description":"\u201cEl dios mercado, la diosa ganancia son falsas deidades que nos conducen a la deshumanizaci\u00f3n...","og_url":"https:\/\/apuntesdesanluis.com\/index.php\/2024\/02\/28\/el-papa-francisco-contradijo-a-milei-al-destacar-el-rol-del-estado-en-la-redistribucion-y-justicia-social\/","og_site_name":"Apuntes de San Luis","article_published_time":"2024-02-28T23:57:47+00:00","og_image":[{"width":600,"height":326,"url":"https:\/\/apuntesdesanluis.com\/wp-content\/uploads\/2024\/02\/PAPA-Y-MILEI-1.png","type":"image\/png"}],"author":"apuntesdesanluis.com","twitter_card":"summary_large_image","twitter_misc":{"Escrito por":"apuntesdesanluis.com","Tiempo de lectura":"3 minutos"},"schema":{"@context":"https:\/\/schema.org","@graph":[{"@type":"Article","@id":"https:\/\/apuntesdesanluis.com\/index.php\/2024\/02\/28\/el-papa-francisco-contradijo-a-milei-al-destacar-el-rol-del-estado-en-la-redistribucion-y-justicia-social\/#article","isPartOf":{"@id":"https:\/\/apuntesdesanluis.com\/index.php\/2024\/02\/28\/el-papa-francisco-contradijo-a-milei-al-destacar-el-rol-del-estado-en-la-redistribucion-y-justicia-social\/"},"author":{"name":"apuntesdesanluis.com","@id":"https:\/\/apuntesdesanluis.com\/#\/schema\/person\/b55151d52296fcce64d1a72538a70b90"},"headline":"EL PAPA FRANCISCO CONTRADIJO A MILEI AL DESTACAR EL ROL DEL ESTADO EN LA \u201cREDISTRIBUCI\u00d3N Y JUSTICIA SOCIAL\u201d","datePublished":"2024-02-28T23:57:47+00:00","mainEntityOfPage":{"@id":"https:\/\/apuntesdesanluis.com\/index.php\/2024\/02\/28\/el-papa-francisco-contradijo-a-milei-al-destacar-el-rol-del-estado-en-la-redistribucion-y-justicia-social\/"},"wordCount":599,"publisher":{"@id":"https:\/\/apuntesdesanluis.com\/#\/schema\/person\/b55151d52296fcce64d1a72538a70b90"},"image":{"@id":"https:\/\/apuntesdesanluis.com\/index.php\/2024\/02\/28\/el-papa-francisco-contradijo-a-milei-al-destacar-el-rol-del-estado-en-la-redistribucion-y-justicia-social\/#primaryimage"},"thumbnailUrl":"https:\/\/apuntesdesanluis.com\/wp-content\/uploads\/2024\/02\/PAPA-Y-MILEI-1.png","articleSection":["Nacionales\/Internacionales"],"inLanguage":"es-AR"},{"@type":"WebPage","@id":"https:\/\/apuntesdesanluis.com\/index.php\/2024\/02\/28\/el-papa-francisco-contradijo-a-milei-al-destacar-el-rol-del-estado-en-la-redistribucion-y-justicia-social\/","url":"https:\/\/apuntesdesanluis.com\/index.php\/2024\/02\/28\/el-papa-francisco-contradijo-a-milei-al-destacar-el-rol-del-estado-en-la-redistribucion-y-justicia-social\/","name":"EL PAPA FRANCISCO CONTRADIJO A MILEI AL DESTACAR EL ROL DEL ESTADO EN LA \u201cREDISTRIBUCI\u00d3N Y JUSTICIA SOCIAL\u201d - Apuntes de San Luis","isPartOf":{"@id":"https:\/\/apuntesdesanluis.com\/#website"},"primaryImageOfPage":{"@id":"https:\/\/apuntesdesanluis.com\/index.php\/2024\/02\/28\/el-papa-francisco-contradijo-a-milei-al-destacar-el-rol-del-estado-en-la-redistribucion-y-justicia-social\/#primaryimage"},"image":{"@id":"https:\/\/apuntesdesanluis.com\/index.php\/2024\/02\/28\/el-papa-francisco-contradijo-a-milei-al-destacar-el-rol-del-estado-en-la-redistribucion-y-justicia-social\/#primaryimage"},"thumbnailUrl":"https:\/\/apuntesdesanluis.com\/wp-content\/uploads\/2024\/02\/PAPA-Y-MILEI-1.png","datePublished":"2024-02-28T23:57:47+00:00","breadcrumb":{"@id":"https:\/\/apuntesdesanluis.com\/index.php\/2024\/02\/28\/el-papa-francisco-contradijo-a-milei-al-destacar-el-rol-del-estado-en-la-redistribucion-y-justicia-social\/#breadcrumb"},"inLanguage":"es-AR","potentialAction":[{"@type":"ReadAction","target":["https:\/\/apuntesdesanluis.com\/index.php\/2024\/02\/28\/el-papa-francisco-contradijo-a-milei-al-destacar-el-rol-del-estado-en-la-redistribucion-y-justicia-social\/"]}]},{"@type":"ImageObject","inLanguage":"es-AR","@id":"https:\/\/apuntesdesanluis.com\/index.php\/2024\/02\/28\/el-papa-francisco-contradijo-a-milei-al-destacar-el-rol-del-estado-en-la-redistribucion-y-justicia-social\/#primaryimage","url":"https:\/\/apuntesdesanluis.com\/wp-content\/uploads\/2024\/02\/PAPA-Y-MILEI-1.png","contentUrl":"https:\/\/apuntesdesanluis.com\/wp-content\/uploads\/2024\/02\/PAPA-Y-MILEI-1.png","width":600,"height":326},{"@type":"BreadcrumbList","@id":"https:\/\/apuntesdesanluis.com\/index.php\/2024\/02\/28\/el-papa-francisco-contradijo-a-milei-al-destacar-el-rol-del-estado-en-la-redistribucion-y-justicia-social\/#breadcrumb","itemListElement":[{"@type":"ListItem","position":1,"name":"Inicio","item":"https:\/\/apuntesdesanluis.com\/"},{"@type":"ListItem","position":2,"name":"EL PAPA FRANCISCO CONTRADIJO A MILEI AL DESTACAR EL ROL DEL ESTADO EN LA \u201cREDISTRIBUCI\u00d3N Y JUSTICIA SOCIAL\u201d"}]},{"@type":"WebSite","@id":"https:\/\/apuntesdesanluis.com\/#website","url":"https:\/\/apuntesdesanluis.com\/","name":"Apuntes de San Luis","description":"","publisher":{"@id":"https:\/\/apuntesdesanluis.com\/#\/schema\/person\/b55151d52296fcce64d1a72538a70b90"},"potentialAction":[{"@type":"SearchAction","target":{"@type":"EntryPoint","urlTemplate":"https:\/\/apuntesdesanluis.com\/?s={search_term_string}"},"query-input":{"@type":"PropertyValueSpecification","valueRequired":true,"valueName":"search_term_string"}}],"inLanguage":"es-AR"},{"@type":["Person","Organization"],"@id":"https:\/\/apuntesdesanluis.com\/#\/schema\/person\/b55151d52296fcce64d1a72538a70b90","name":"apuntesdesanluis.com","image":{"@type":"ImageObject","inLanguage":"es-AR","@id":"https:\/\/apuntesdesanluis.com\/#\/schema\/person\/image\/","url":"https:\/\/apuntesdesanluis.com\/wp-content\/uploads\/2023\/07\/cropped-apuntesdesanluis.png","contentUrl":"https:\/\/apuntesdesanluis.com\/wp-content\/uploads\/2023\/07\/cropped-apuntesdesanluis.png","width":450,"height":112,"caption":"apuntesdesanluis.com"},"logo":{"@id":"https:\/\/apuntesdesanluis.com\/#\/schema\/person\/image\/"},"sameAs":["https:\/\/apuntesdesanluis.com"],"url":"https:\/\/apuntesdesanluis.com\/index.php\/author\/apuntesdesanluis-com\/"}]}},"featured_image_urls":{"full":["https:\/\/apuntesdesanluis.com\/wp-content\/uploads\/2024\/02\/PAPA-Y-MILEI-1.png",600,326,false],"thumbnail":["https:\/\/apuntesdesanluis.com\/wp-content\/uploads\/2024\/02\/PAPA-Y-MILEI-1-150x150.png",150,150,true],"medium":["https:\/\/apuntesdesanluis.com\/wp-content\/uploads\/2024\/02\/PAPA-Y-MILEI-1-300x163.png",300,163,true],"medium_large":["https:\/\/apuntesdesanluis.com\/wp-content\/uploads\/2024\/02\/PAPA-Y-MILEI-1.png",600,326,false],"large":["https:\/\/apuntesdesanluis.com\/wp-content\/uploads\/2024\/02\/PAPA-Y-MILEI-1.png",600,326,false],"1536x1536":["https:\/\/apuntesdesanluis.com\/wp-content\/uploads\/2024\/02\/PAPA-Y-MILEI-1.png",600,326,false],"2048x2048":["https:\/\/apuntesdesanluis.com\/wp-content\/uploads\/2024\/02\/PAPA-Y-MILEI-1.png",600,326,false],"newsever-slider-full":["https:\/\/apuntesdesanluis.com\/wp-content\/uploads\/2024\/02\/PAPA-Y-MILEI-1.png",600,326,false],"newsever-featured":["https:\/\/apuntesdesanluis.com\/wp-content\/uploads\/2024\/02\/PAPA-Y-MILEI-1.png",600,326,false],"newsever-medium":["https:\/\/apuntesdesanluis.com\/wp-content\/uploads\/2024\/02\/PAPA-Y-MILEI-1.png",600,326,false]},"author_info":{"display_name":"apuntesdesanluis.com","author_link":"https:\/\/apuntesdesanluis.com\/index.php\/author\/apuntesdesanluis-com\/"},"category_info":"<a href=\"https:\/\/apuntesdesanluis.com\/index.php\/category\/nacionales-internacionales\/\" rel=\"category tag\">Nacionales\/Internacionales<\/a>","tag_info":"Nacionales\/Internacionales","comment_count":"0","_links":{"self":[{"href":"https:\/\/apuntesdesanluis.com\/index.php\/wp-json\/wp\/v2\/posts\/12436","targetHints":{"allow":["GET"]}}],"collection":[{"href":"https:\/\/apuntesdesanluis.com\/index.php\/wp-json\/wp\/v2\/posts"}],"about":[{"href":"https:\/\/apuntesdesanluis.com\/index.php\/wp-json\/wp\/v2\/types\/post"}],"author":[{"embeddable":true,"href":"https:\/\/apuntesdesanluis.com\/index.php\/wp-json\/wp\/v2\/users\/1"}],"replies":[{"embeddable":true,"href":"https:\/\/apuntesdesanluis.com\/index.php\/wp-json\/wp\/v2\/comments?post=12436"}],"version-history":[{"count":1,"href":"https:\/\/apuntesdesanluis.com\/index.php\/wp-json\/wp\/v2\/posts\/12436\/revisions"}],"predecessor-version":[{"id":12438,"href":"https:\/\/apuntesdesanluis.com\/index.php\/wp-json\/wp\/v2\/posts\/12436\/revisions\/12438"}],"wp:featuredmedia":[{"embeddable":true,"href":"https:\/\/apuntesdesanluis.com\/index.php\/wp-json\/wp\/v2\/media\/12437"}],"wp:attachment":[{"href":"https:\/\/apuntesdesanluis.com\/index.php\/wp-json\/wp\/v2\/media?parent=12436"}],"wp:term":[{"taxonomy":"category","embeddable":true,"href":"https:\/\/apuntesdesanluis.com\/index.php\/wp-json\/wp\/v2\/categories?post=12436"},{"taxonomy":"post_tag","embeddable":true,"href":"https:\/\/apuntesdesanluis.com\/index.php\/wp-json\/wp\/v2\/tags?post=12436"}],"curies":[{"name":"wp","href":"https:\/\/api.w.org\/{rel}","templated":true}]}}