{"id":12439,"date":"2024-02-28T21:11:14","date_gmt":"2024-02-29T00:11:14","guid":{"rendered":"https:\/\/apuntesdesanluis.com\/?p=12439"},"modified":"2024-02-28T21:11:14","modified_gmt":"2024-02-29T00:11:14","slug":"el-gobierno-inicio-el-tramite-para-despedir-a-135-empleados-de-la-agencia-nacional-de-discapacidad","status":"publish","type":"post","link":"https:\/\/apuntesdesanluis.com\/index.php\/2024\/02\/28\/el-gobierno-inicio-el-tramite-para-despedir-a-135-empleados-de-la-agencia-nacional-de-discapacidad\/","title":{"rendered":"EL GOBIERNO INICI\u00d3 EL TR\u00c1MITE PARA DESPEDIR A 135 EMPLEADOS DE LA AGENCIA NACIONAL DE DISCAPACIDAD"},"content":{"rendered":"<h3>As\u00ed lo especifica una nota perteneciente a la entidad. Lleva la firma de su director, <strong>Juan Spagnuolo<\/strong>.<\/h3>\n<h3>El Gobierno inici\u00f3 el tr\u00e1mite de recisi\u00f3n de contratos de 135 personas en la Agencia Nacional de Discapacidad, seg\u00fan especifica una nota de la entidad. Ser\u00e1 desde ma\u00f1ana 29 de febrero.<\/h3>\n<h3>\u201cPor medio de la presente, en mi car\u00e1cter de Director Ejecutivo de \u00e9sta Agencia Nacional de Discapacidad, me dirijo a usted a fin de solicitar se d\u00e9 inicio a los tr\u00e1mites correspondientes de Baja por Rescisi\u00f3n de Contrataci\u00f3n de las personas que se detallan a continuaci\u00f3n\u201d, inicia el texto que lleva firma de su director, Juan Spagnuolo.<\/h3>\n<p><img fetchpriority=\"high\" decoding=\"async\" class=\"wp-image-12440 aligncenter\" src=\"https:\/\/apuntesdesanluis.com\/wp-content\/uploads\/2024\/02\/SPAGNUOLO-Y-MILEI-300x187.png\" alt=\"\" width=\"642\" height=\"400\" srcset=\"https:\/\/apuntesdesanluis.com\/wp-content\/uploads\/2024\/02\/SPAGNUOLO-Y-MILEI-300x187.png 300w, https:\/\/apuntesdesanluis.com\/wp-content\/uploads\/2024\/02\/SPAGNUOLO-Y-MILEI.png 645w\" sizes=\"(max-width: 642px) 100vw, 642px\" \/><\/p>\n<h4 style=\"text-align: center;\"><em>El director de ANDIS, Juan Spagnuolo, junto al presidente Javier Milei.<\/em><\/h4>\n<h3>Luego, detalla con nombre y apellido a los 135 afectados con la acci\u00f3n, que se conoce horas despu\u00e9s de que la <strong>Asociaci\u00f3n S\u00edndrome de Down de la Rep\u00fablica Argentina (ASDRA)<\/strong> calificara de \u201cacto de discriminaci\u00f3n\u201d la burla que aval\u00f3 el presidente Javier Milei el gobernador de Chubut, Ignacio Torres, en la red social X.<\/h3>\n<h3>Los miembros de ASDRA agregaron que &#8220;desde la Red T21 hubo un contacto con el Equipo de Comunicaci\u00f3n del Ejecutivo nacional, que consider\u00f3 el episodio como \u2018un error\u2019.<\/h3>\n<h3>Tambi\u00e9n se hicieron contactos con la Agencia Nacional de Discapacidad (Andis), pero, por ahora, no hubo respuestas, seg\u00fan informaron.<\/h3>\n<h3>En su descargo, ASDRA record\u00f3 que &#8220;durante el d\u00eda de ayer, el presidente Milei respald\u00f3 mensajes en X (ex Twitter) que se burlaban de Torres por supuestamente no abrir su cuenta de correo electr\u00f3nico.<\/h3>\n<h3>Uno de los \u00abme gusta\u00bb que el presidente otorg\u00f3 fue a un meme que mostraba a Torres con caracter\u00edsticas de una persona con s\u00edndrome de Down, como si esa condici\u00f3n fuera la causa por la cual el gobernador no hab\u00eda visto su correo a tiempo&#8221;.<\/h3>\n<p><a href=\"https:\/\/www.instagram.com\/naagenciaok\/reel\/C35Nr2dtvcw\/\" target=\"_blank\" rel=\"noopener\"><img decoding=\"async\" class=\"wp-image-12442 aligncenter\" src=\"https:\/\/apuntesdesanluis.com\/wp-content\/uploads\/2024\/02\/ASDRA-300x266.png\" alt=\"\" width=\"571\" height=\"506\" srcset=\"https:\/\/apuntesdesanluis.com\/wp-content\/uploads\/2024\/02\/ASDRA-300x266.png 300w, https:\/\/apuntesdesanluis.com\/wp-content\/uploads\/2024\/02\/ASDRA.png 460w\" sizes=\"(max-width: 571px) 100vw, 571px\" \/><\/a><\/p>\n<p>&nbsp;<\/p>\n<p>&nbsp;<\/p>\n<p>&nbsp;<\/p>\n<p>&nbsp;<\/p>\n<p>&nbsp;<\/p>\n<p>&nbsp;<\/p>\n<p>&nbsp;<\/p>\n<p>&nbsp;<\/p>\n<p>&nbsp;<\/p>\n<p>&nbsp;<\/p>\n","protected":false},"excerpt":{"rendered":"<p>As\u00ed lo especifica una nota perteneciente a la entidad. Lleva la firma de su director,&#8230;<\/p>\n","protected":false},"author":1,"featured_media":12441,"comment_status":"closed","ping_status":"closed","sticky":false,"template":"","format":"standard","meta":{"footnotes":""},"categories":[5],"tags":[],"class_list":["post-12439","post","type-post","status-publish","format-standard","has-post-thumbnail","hentry","category-nacionales-internacionales"],"yoast_head":"<!-- This site is optimized with the Yoast SEO plugin v26.1.1 - https:\/\/yoast.com\/wordpress\/plugins\/seo\/ -->\n<title>EL GOBIERNO INICI\u00d3 EL TR\u00c1MITE PARA DESPEDIR A 135 EMPLEADOS DE LA AGENCIA NACIONAL DE DISCAPACIDAD - Apuntes de San Luis<\/title>\n<meta name=\"robots\" content=\"index, follow, max-snippet:-1, max-image-preview:large, max-video-preview:-1\" \/>\n<link rel=\"canonical\" href=\"https:\/\/apuntesdesanluis.com\/index.php\/2024\/02\/28\/el-gobierno-inicio-el-tramite-para-despedir-a-135-empleados-de-la-agencia-nacional-de-discapacidad\/\" \/>\n<meta property=\"og:locale\" content=\"es_ES\" \/>\n<meta property=\"og:type\" content=\"article\" \/>\n<meta property=\"og:title\" content=\"EL GOBIERNO INICI\u00d3 EL TR\u00c1MITE PARA DESPEDIR A 135 EMPLEADOS DE LA AGENCIA NACIONAL DE DISCAPACIDAD - Apuntes de San Luis\" \/>\n<meta property=\"og:description\" content=\"As\u00ed lo especifica una nota perteneciente a la entidad. Lleva la firma de su director,...\" \/>\n<meta property=\"og:url\" content=\"https:\/\/apuntesdesanluis.com\/index.php\/2024\/02\/28\/el-gobierno-inicio-el-tramite-para-despedir-a-135-empleados-de-la-agencia-nacional-de-discapacidad\/\" \/>\n<meta property=\"og:site_name\" content=\"Apuntes de San Luis\" \/>\n<meta property=\"article:published_time\" content=\"2024-02-29T00:11:14+00:00\" \/>\n<meta property=\"og:image\" content=\"https:\/\/apuntesdesanluis.com\/wp-content\/uploads\/2024\/02\/AGENCIA-NACIONAL-DE-DISCAPACIDAD.png\" \/>\n\t<meta property=\"og:image:width\" content=\"642\" \/>\n\t<meta property=\"og:image:height\" content=\"401\" \/>\n\t<meta property=\"og:image:type\" content=\"image\/png\" \/>\n<meta name=\"author\" content=\"apuntesdesanluis.com\" \/>\n<meta name=\"twitter:card\" content=\"summary_large_image\" \/>\n<meta name=\"twitter:label1\" content=\"Escrito por\" \/>\n\t<meta name=\"twitter:data1\" content=\"apuntesdesanluis.com\" \/>\n\t<meta name=\"twitter:label2\" content=\"Tiempo de lectura\" \/>\n\t<meta name=\"twitter:data2\" content=\"2 minutos\" \/>\n<script type=\"application\/ld+json\" class=\"yoast-schema-graph\">{\"@context\":\"https:\/\/schema.org\",\"@graph\":[{\"@type\":\"Article\",\"@id\":\"https:\/\/apuntesdesanluis.com\/index.php\/2024\/02\/28\/el-gobierno-inicio-el-tramite-para-despedir-a-135-empleados-de-la-agencia-nacional-de-discapacidad\/#article\",\"isPartOf\":{\"@id\":\"https:\/\/apuntesdesanluis.com\/index.php\/2024\/02\/28\/el-gobierno-inicio-el-tramite-para-despedir-a-135-empleados-de-la-agencia-nacional-de-discapacidad\/\"},\"author\":{\"name\":\"apuntesdesanluis.com\",\"@id\":\"https:\/\/apuntesdesanluis.com\/#\/schema\/person\/b55151d52296fcce64d1a72538a70b90\"},\"headline\":\"EL GOBIERNO INICI\u00d3 EL TR\u00c1MITE PARA DESPEDIR A 135 EMPLEADOS DE LA AGENCIA NACIONAL DE DISCAPACIDAD\",\"datePublished\":\"2024-02-29T00:11:14+00:00\",\"mainEntityOfPage\":{\"@id\":\"https:\/\/apuntesdesanluis.com\/index.php\/2024\/02\/28\/el-gobierno-inicio-el-tramite-para-despedir-a-135-empleados-de-la-agencia-nacional-de-discapacidad\/\"},\"wordCount\":343,\"publisher\":{\"@id\":\"https:\/\/apuntesdesanluis.com\/#\/schema\/person\/b55151d52296fcce64d1a72538a70b90\"},\"image\":{\"@id\":\"https:\/\/apuntesdesanluis.com\/index.php\/2024\/02\/28\/el-gobierno-inicio-el-tramite-para-despedir-a-135-empleados-de-la-agencia-nacional-de-discapacidad\/#primaryimage\"},\"thumbnailUrl\":\"https:\/\/apuntesdesanluis.com\/wp-content\/uploads\/2024\/02\/AGENCIA-NACIONAL-DE-DISCAPACIDAD.png\",\"articleSection\":[\"Nacionales\/Internacionales\"],\"inLanguage\":\"es-AR\"},{\"@type\":\"WebPage\",\"@id\":\"https:\/\/apuntesdesanluis.com\/index.php\/2024\/02\/28\/el-gobierno-inicio-el-tramite-para-despedir-a-135-empleados-de-la-agencia-nacional-de-discapacidad\/\",\"url\":\"https:\/\/apuntesdesanluis.com\/index.php\/2024\/02\/28\/el-gobierno-inicio-el-tramite-para-despedir-a-135-empleados-de-la-agencia-nacional-de-discapacidad\/\",\"name\":\"EL GOBIERNO INICI\u00d3 EL TR\u00c1MITE PARA DESPEDIR A 135 EMPLEADOS DE LA AGENCIA NACIONAL DE DISCAPACIDAD - Apuntes de San Luis\",\"isPartOf\":{\"@id\":\"https:\/\/apuntesdesanluis.com\/#website\"},\"primaryImageOfPage\":{\"@id\":\"https:\/\/apuntesdesanluis.com\/index.php\/2024\/02\/28\/el-gobierno-inicio-el-tramite-para-despedir-a-135-empleados-de-la-agencia-nacional-de-discapacidad\/#primaryimage\"},\"image\":{\"@id\":\"https:\/\/apuntesdesanluis.com\/index.php\/2024\/02\/28\/el-gobierno-inicio-el-tramite-para-despedir-a-135-empleados-de-la-agencia-nacional-de-discapacidad\/#primaryimage\"},\"thumbnailUrl\":\"https:\/\/apuntesdesanluis.com\/wp-content\/uploads\/2024\/02\/AGENCIA-NACIONAL-DE-DISCAPACIDAD.png\",\"datePublished\":\"2024-02-29T00:11:14+00:00\",\"breadcrumb\":{\"@id\":\"https:\/\/apuntesdesanluis.com\/index.php\/2024\/02\/28\/el-gobierno-inicio-el-tramite-para-despedir-a-135-empleados-de-la-agencia-nacional-de-discapacidad\/#breadcrumb\"},\"inLanguage\":\"es-AR\",\"potentialAction\":[{\"@type\":\"ReadAction\",\"target\":[\"https:\/\/apuntesdesanluis.com\/index.php\/2024\/02\/28\/el-gobierno-inicio-el-tramite-para-despedir-a-135-empleados-de-la-agencia-nacional-de-discapacidad\/\"]}]},{\"@type\":\"ImageObject\",\"inLanguage\":\"es-AR\",\"@id\":\"https:\/\/apuntesdesanluis.com\/index.php\/2024\/02\/28\/el-gobierno-inicio-el-tramite-para-despedir-a-135-empleados-de-la-agencia-nacional-de-discapacidad\/#primaryimage\",\"url\":\"https:\/\/apuntesdesanluis.com\/wp-content\/uploads\/2024\/02\/AGENCIA-NACIONAL-DE-DISCAPACIDAD.png\",\"contentUrl\":\"https:\/\/apuntesdesanluis.com\/wp-content\/uploads\/2024\/02\/AGENCIA-NACIONAL-DE-DISCAPACIDAD.png\",\"width\":642,\"height\":401},{\"@type\":\"BreadcrumbList\",\"@id\":\"https:\/\/apuntesdesanluis.com\/index.php\/2024\/02\/28\/el-gobierno-inicio-el-tramite-para-despedir-a-135-empleados-de-la-agencia-nacional-de-discapacidad\/#breadcrumb\",\"itemListElement\":[{\"@type\":\"ListItem\",\"position\":1,\"name\":\"Inicio\",\"item\":\"https:\/\/apuntesdesanluis.com\/\"},{\"@type\":\"ListItem\",\"position\":2,\"name\":\"EL GOBIERNO INICI\u00d3 EL TR\u00c1MITE PARA DESPEDIR A 135 EMPLEADOS DE LA AGENCIA NACIONAL DE DISCAPACIDAD\"}]},{\"@type\":\"WebSite\",\"@id\":\"https:\/\/apuntesdesanluis.com\/#website\",\"url\":\"https:\/\/apuntesdesanluis.com\/\",\"name\":\"Apuntes de San Luis\",\"description\":\"\",\"publisher\":{\"@id\":\"https:\/\/apuntesdesanluis.com\/#\/schema\/person\/b55151d52296fcce64d1a72538a70b90\"},\"potentialAction\":[{\"@type\":\"SearchAction\",\"target\":{\"@type\":\"EntryPoint\",\"urlTemplate\":\"https:\/\/apuntesdesanluis.com\/?s={search_term_string}\"},\"query-input\":{\"@type\":\"PropertyValueSpecification\",\"valueRequired\":true,\"valueName\":\"search_term_string\"}}],\"inLanguage\":\"es-AR\"},{\"@type\":[\"Person\",\"Organization\"],\"@id\":\"https:\/\/apuntesdesanluis.com\/#\/schema\/person\/b55151d52296fcce64d1a72538a70b90\",\"name\":\"apuntesdesanluis.com\",\"image\":{\"@type\":\"ImageObject\",\"inLanguage\":\"es-AR\",\"@id\":\"https:\/\/apuntesdesanluis.com\/#\/schema\/person\/image\/\",\"url\":\"https:\/\/apuntesdesanluis.com\/wp-content\/uploads\/2023\/07\/cropped-apuntesdesanluis.png\",\"contentUrl\":\"https:\/\/apuntesdesanluis.com\/wp-content\/uploads\/2023\/07\/cropped-apuntesdesanluis.png\",\"width\":450,\"height\":112,\"caption\":\"apuntesdesanluis.com\"},\"logo\":{\"@id\":\"https:\/\/apuntesdesanluis.com\/#\/schema\/person\/image\/\"},\"sameAs\":[\"https:\/\/apuntesdesanluis.com\"],\"url\":\"https:\/\/apuntesdesanluis.com\/index.php\/author\/apuntesdesanluis-com\/\"}]}<\/script>\n<!-- \/ Yoast SEO plugin. -->","yoast_head_json":{"title":"EL GOBIERNO INICI\u00d3 EL TR\u00c1MITE PARA DESPEDIR A 135 EMPLEADOS DE LA AGENCIA NACIONAL DE DISCAPACIDAD - Apuntes de San Luis","robots":{"index":"index","follow":"follow","max-snippet":"max-snippet:-1","max-image-preview":"max-image-preview:large","max-video-preview":"max-video-preview:-1"},"canonical":"https:\/\/apuntesdesanluis.com\/index.php\/2024\/02\/28\/el-gobierno-inicio-el-tramite-para-despedir-a-135-empleados-de-la-agencia-nacional-de-discapacidad\/","og_locale":"es_ES","og_type":"article","og_title":"EL GOBIERNO INICI\u00d3 EL TR\u00c1MITE PARA DESPEDIR A 135 EMPLEADOS DE LA AGENCIA NACIONAL DE DISCAPACIDAD - Apuntes de San Luis","og_description":"As\u00ed lo especifica una nota perteneciente a la entidad. Lleva la firma de su director,...","og_url":"https:\/\/apuntesdesanluis.com\/index.php\/2024\/02\/28\/el-gobierno-inicio-el-tramite-para-despedir-a-135-empleados-de-la-agencia-nacional-de-discapacidad\/","og_site_name":"Apuntes de San Luis","article_published_time":"2024-02-29T00:11:14+00:00","og_image":[{"width":642,"height":401,"url":"https:\/\/apuntesdesanluis.com\/wp-content\/uploads\/2024\/02\/AGENCIA-NACIONAL-DE-DISCAPACIDAD.png","type":"image\/png"}],"author":"apuntesdesanluis.com","twitter_card":"summary_large_image","twitter_misc":{"Escrito por":"apuntesdesanluis.com","Tiempo de lectura":"2 minutos"},"schema":{"@context":"https:\/\/schema.org","@graph":[{"@type":"Article","@id":"https:\/\/apuntesdesanluis.com\/index.php\/2024\/02\/28\/el-gobierno-inicio-el-tramite-para-despedir-a-135-empleados-de-la-agencia-nacional-de-discapacidad\/#article","isPartOf":{"@id":"https:\/\/apuntesdesanluis.com\/index.php\/2024\/02\/28\/el-gobierno-inicio-el-tramite-para-despedir-a-135-empleados-de-la-agencia-nacional-de-discapacidad\/"},"author":{"name":"apuntesdesanluis.com","@id":"https:\/\/apuntesdesanluis.com\/#\/schema\/person\/b55151d52296fcce64d1a72538a70b90"},"headline":"EL GOBIERNO INICI\u00d3 EL TR\u00c1MITE PARA DESPEDIR A 135 EMPLEADOS DE LA AGENCIA NACIONAL DE DISCAPACIDAD","datePublished":"2024-02-29T00:11:14+00:00","mainEntityOfPage":{"@id":"https:\/\/apuntesdesanluis.com\/index.php\/2024\/02\/28\/el-gobierno-inicio-el-tramite-para-despedir-a-135-empleados-de-la-agencia-nacional-de-discapacidad\/"},"wordCount":343,"publisher":{"@id":"https:\/\/apuntesdesanluis.com\/#\/schema\/person\/b55151d52296fcce64d1a72538a70b90"},"image":{"@id":"https:\/\/apuntesdesanluis.com\/index.php\/2024\/02\/28\/el-gobierno-inicio-el-tramite-para-despedir-a-135-empleados-de-la-agencia-nacional-de-discapacidad\/#primaryimage"},"thumbnailUrl":"https:\/\/apuntesdesanluis.com\/wp-content\/uploads\/2024\/02\/AGENCIA-NACIONAL-DE-DISCAPACIDAD.png","articleSection":["Nacionales\/Internacionales"],"inLanguage":"es-AR"},{"@type":"WebPage","@id":"https:\/\/apuntesdesanluis.com\/index.php\/2024\/02\/28\/el-gobierno-inicio-el-tramite-para-despedir-a-135-empleados-de-la-agencia-nacional-de-discapacidad\/","url":"https:\/\/apuntesdesanluis.com\/index.php\/2024\/02\/28\/el-gobierno-inicio-el-tramite-para-despedir-a-135-empleados-de-la-agencia-nacional-de-discapacidad\/","name":"EL GOBIERNO INICI\u00d3 EL TR\u00c1MITE PARA DESPEDIR A 135 EMPLEADOS DE LA AGENCIA NACIONAL DE DISCAPACIDAD - Apuntes de San Luis","isPartOf":{"@id":"https:\/\/apuntesdesanluis.com\/#website"},"primaryImageOfPage":{"@id":"https:\/\/apuntesdesanluis.com\/index.php\/2024\/02\/28\/el-gobierno-inicio-el-tramite-para-despedir-a-135-empleados-de-la-agencia-nacional-de-discapacidad\/#primaryimage"},"image":{"@id":"https:\/\/apuntesdesanluis.com\/index.php\/2024\/02\/28\/el-gobierno-inicio-el-tramite-para-despedir-a-135-empleados-de-la-agencia-nacional-de-discapacidad\/#primaryimage"},"thumbnailUrl":"https:\/\/apuntesdesanluis.com\/wp-content\/uploads\/2024\/02\/AGENCIA-NACIONAL-DE-DISCAPACIDAD.png","datePublished":"2024-02-29T00:11:14+00:00","breadcrumb":{"@id":"https:\/\/apuntesdesanluis.com\/index.php\/2024\/02\/28\/el-gobierno-inicio-el-tramite-para-despedir-a-135-empleados-de-la-agencia-nacional-de-discapacidad\/#breadcrumb"},"inLanguage":"es-AR","potentialAction":[{"@type":"ReadAction","target":["https:\/\/apuntesdesanluis.com\/index.php\/2024\/02\/28\/el-gobierno-inicio-el-tramite-para-despedir-a-135-empleados-de-la-agencia-nacional-de-discapacidad\/"]}]},{"@type":"ImageObject","inLanguage":"es-AR","@id":"https:\/\/apuntesdesanluis.com\/index.php\/2024\/02\/28\/el-gobierno-inicio-el-tramite-para-despedir-a-135-empleados-de-la-agencia-nacional-de-discapacidad\/#primaryimage","url":"https:\/\/apuntesdesanluis.com\/wp-content\/uploads\/2024\/02\/AGENCIA-NACIONAL-DE-DISCAPACIDAD.png","contentUrl":"https:\/\/apuntesdesanluis.com\/wp-content\/uploads\/2024\/02\/AGENCIA-NACIONAL-DE-DISCAPACIDAD.png","width":642,"height":401},{"@type":"BreadcrumbList","@id":"https:\/\/apuntesdesanluis.com\/index.php\/2024\/02\/28\/el-gobierno-inicio-el-tramite-para-despedir-a-135-empleados-de-la-agencia-nacional-de-discapacidad\/#breadcrumb","itemListElement":[{"@type":"ListItem","position":1,"name":"Inicio","item":"https:\/\/apuntesdesanluis.com\/"},{"@type":"ListItem","position":2,"name":"EL GOBIERNO INICI\u00d3 EL TR\u00c1MITE PARA DESPEDIR A 135 EMPLEADOS DE LA AGENCIA NACIONAL DE DISCAPACIDAD"}]},{"@type":"WebSite","@id":"https:\/\/apuntesdesanluis.com\/#website","url":"https:\/\/apuntesdesanluis.com\/","name":"Apuntes de San Luis","description":"","publisher":{"@id":"https:\/\/apuntesdesanluis.com\/#\/schema\/person\/b55151d52296fcce64d1a72538a70b90"},"potentialAction":[{"@type":"SearchAction","target":{"@type":"EntryPoint","urlTemplate":"https:\/\/apuntesdesanluis.com\/?s={search_term_string}"},"query-input":{"@type":"PropertyValueSpecification","valueRequired":true,"valueName":"search_term_string"}}],"inLanguage":"es-AR"},{"@type":["Person","Organization"],"@id":"https:\/\/apuntesdesanluis.com\/#\/schema\/person\/b55151d52296fcce64d1a72538a70b90","name":"apuntesdesanluis.com","image":{"@type":"ImageObject","inLanguage":"es-AR","@id":"https:\/\/apuntesdesanluis.com\/#\/schema\/person\/image\/","url":"https:\/\/apuntesdesanluis.com\/wp-content\/uploads\/2023\/07\/cropped-apuntesdesanluis.png","contentUrl":"https:\/\/apuntesdesanluis.com\/wp-content\/uploads\/2023\/07\/cropped-apuntesdesanluis.png","width":450,"height":112,"caption":"apuntesdesanluis.com"},"logo":{"@id":"https:\/\/apuntesdesanluis.com\/#\/schema\/person\/image\/"},"sameAs":["https:\/\/apuntesdesanluis.com"],"url":"https:\/\/apuntesdesanluis.com\/index.php\/author\/apuntesdesanluis-com\/"}]}},"featured_image_urls":{"full":["https:\/\/apuntesdesanluis.com\/wp-content\/uploads\/2024\/02\/AGENCIA-NACIONAL-DE-DISCAPACIDAD.png",642,401,false],"thumbnail":["https:\/\/apuntesdesanluis.com\/wp-content\/uploads\/2024\/02\/AGENCIA-NACIONAL-DE-DISCAPACIDAD-150x150.png",150,150,true],"medium":["https:\/\/apuntesdesanluis.com\/wp-content\/uploads\/2024\/02\/AGENCIA-NACIONAL-DE-DISCAPACIDAD-300x187.png",300,187,true],"medium_large":["https:\/\/apuntesdesanluis.com\/wp-content\/uploads\/2024\/02\/AGENCIA-NACIONAL-DE-DISCAPACIDAD.png",640,400,false],"large":["https:\/\/apuntesdesanluis.com\/wp-content\/uploads\/2024\/02\/AGENCIA-NACIONAL-DE-DISCAPACIDAD.png",640,400,false],"1536x1536":["https:\/\/apuntesdesanluis.com\/wp-content\/uploads\/2024\/02\/AGENCIA-NACIONAL-DE-DISCAPACIDAD.png",642,401,false],"2048x2048":["https:\/\/apuntesdesanluis.com\/wp-content\/uploads\/2024\/02\/AGENCIA-NACIONAL-DE-DISCAPACIDAD.png",642,401,false],"newsever-slider-full":["https:\/\/apuntesdesanluis.com\/wp-content\/uploads\/2024\/02\/AGENCIA-NACIONAL-DE-DISCAPACIDAD.png",642,401,false],"newsever-featured":["https:\/\/apuntesdesanluis.com\/wp-content\/uploads\/2024\/02\/AGENCIA-NACIONAL-DE-DISCAPACIDAD.png",642,401,false],"newsever-medium":["https:\/\/apuntesdesanluis.com\/wp-content\/uploads\/2024\/02\/AGENCIA-NACIONAL-DE-DISCAPACIDAD.png",642,401,false]},"author_info":{"display_name":"apuntesdesanluis.com","author_link":"https:\/\/apuntesdesanluis.com\/index.php\/author\/apuntesdesanluis-com\/"},"category_info":"<a href=\"https:\/\/apuntesdesanluis.com\/index.php\/category\/nacionales-internacionales\/\" rel=\"category tag\">Nacionales\/Internacionales<\/a>","tag_info":"Nacionales\/Internacionales","comment_count":"0","_links":{"self":[{"href":"https:\/\/apuntesdesanluis.com\/index.php\/wp-json\/wp\/v2\/posts\/12439","targetHints":{"allow":["GET"]}}],"collection":[{"href":"https:\/\/apuntesdesanluis.com\/index.php\/wp-json\/wp\/v2\/posts"}],"about":[{"href":"https:\/\/apuntesdesanluis.com\/index.php\/wp-json\/wp\/v2\/types\/post"}],"author":[{"embeddable":true,"href":"https:\/\/apuntesdesanluis.com\/index.php\/wp-json\/wp\/v2\/users\/1"}],"replies":[{"embeddable":true,"href":"https:\/\/apuntesdesanluis.com\/index.php\/wp-json\/wp\/v2\/comments?post=12439"}],"version-history":[{"count":1,"href":"https:\/\/apuntesdesanluis.com\/index.php\/wp-json\/wp\/v2\/posts\/12439\/revisions"}],"predecessor-version":[{"id":12443,"href":"https:\/\/apuntesdesanluis.com\/index.php\/wp-json\/wp\/v2\/posts\/12439\/revisions\/12443"}],"wp:featuredmedia":[{"embeddable":true,"href":"https:\/\/apuntesdesanluis.com\/index.php\/wp-json\/wp\/v2\/media\/12441"}],"wp:attachment":[{"href":"https:\/\/apuntesdesanluis.com\/index.php\/wp-json\/wp\/v2\/media?parent=12439"}],"wp:term":[{"taxonomy":"category","embeddable":true,"href":"https:\/\/apuntesdesanluis.com\/index.php\/wp-json\/wp\/v2\/categories?post=12439"},{"taxonomy":"post_tag","embeddable":true,"href":"https:\/\/apuntesdesanluis.com\/index.php\/wp-json\/wp\/v2\/tags?post=12439"}],"curies":[{"name":"wp","href":"https:\/\/api.w.org\/{rel}","templated":true}]}}