{"id":1245,"date":"2023-08-07T21:26:39","date_gmt":"2023-08-08T00:26:39","guid":{"rendered":"https:\/\/apuntesdesanluis.com\/?p=1245"},"modified":"2023-08-07T21:26:39","modified_gmt":"2023-08-08T00:26:39","slug":"los-fieles-de-villa-mercedes-agradecieron-al-patrono-del-trabajo-y-el-pan","status":"publish","type":"post","link":"https:\/\/apuntesdesanluis.com\/index.php\/2023\/08\/07\/los-fieles-de-villa-mercedes-agradecieron-al-patrono-del-trabajo-y-el-pan\/","title":{"rendered":"LOS FIELES DE VILLA MERCEDES AGRADECIERON AL PATRONO DEL TRABAJO Y EL PAN"},"content":{"rendered":"<h3>Como es tradicional todos los 7 de agosto, miles de vecinos concurrieron a la parroquia del barrio ATE I para asistir a la misa central y a la procesi\u00f3n, para venerar y hacerle peticiones al santo patrono del pan y del trabajo.<\/h3>\n<p><img fetchpriority=\"high\" decoding=\"async\" class=\"wp-image-1247 aligncenter\" src=\"https:\/\/apuntesdesanluis.com\/wp-content\/uploads\/2023\/08\/fieles-san-cayetano-300x187.png\" alt=\"\" width=\"773\" height=\"482\" srcset=\"https:\/\/apuntesdesanluis.com\/wp-content\/uploads\/2023\/08\/fieles-san-cayetano-300x187.png 300w, https:\/\/apuntesdesanluis.com\/wp-content\/uploads\/2023\/08\/fieles-san-cayetano-768x478.png 768w, https:\/\/apuntesdesanluis.com\/wp-content\/uploads\/2023\/08\/fieles-san-cayetano.png 945w\" sizes=\"(max-width: 773px) 100vw, 773px\" \/><\/p>\n<h3>El padre Gustavo M\u00e9ndez presidi\u00f3 la santa misa y tambi\u00e9n particip\u00f3 el padre Luis Mar\u00eda Peralta C\u00faccaro. Antes, los villamercedinos recorrieron las calles del barrio Las Mirandas junto a la imagen del patrono del pan y el trabajo.<\/h3>\n<h3>El Intendente municipal <strong>Maximiliano Frontera<\/strong> particip\u00f3 en la ceremonia y en la procesi\u00f3n que se realiz\u00f3 junto a los vecinos y vecinas, que comenz\u00f3 minutos despu\u00e9s de las 15, para retornar luego a la iglesia para la misa central.<\/h3>\n<p><img decoding=\"async\" class=\"wp-image-1248 aligncenter\" src=\"https:\/\/apuntesdesanluis.com\/wp-content\/uploads\/2023\/08\/san-cayetano-procesion-300x200.png\" alt=\"\" width=\"773\" height=\"515\" srcset=\"https:\/\/apuntesdesanluis.com\/wp-content\/uploads\/2023\/08\/san-cayetano-procesion-300x200.png 300w, https:\/\/apuntesdesanluis.com\/wp-content\/uploads\/2023\/08\/san-cayetano-procesion.png 650w\" sizes=\"(max-width: 773px) 100vw, 773px\" \/><\/p>\n<h3>La peregrinaci\u00f3n fue liderada por el padre <strong>Luis Mar\u00eda Peralta C\u00faccaro<\/strong>. Con devoci\u00f3n la procesi\u00f3n rez\u00f3 un rosario especial en homenaje al patrono del trabajo y recorri\u00f3 las calles Urquiza, San Lorenzo, Rivadavia y Juan Sa\u00e1.<\/h3>\n<h3>&#8220;San Cayetano nos convoca cada a\u00f1o para pedir por la paz, el pan y el trabajo, y tambi\u00e9n para agradecer por todos los beneficios que durante el a\u00f1o nos ha dado por su intercesi\u00f3n. Es un importante momento de encuentro de la comunidad, en el que le rendimos tributo a aquel que ayud\u00f3 tanto a los pobres, a los necesitados y a los apestados por el a\u00f1o 1.480&#8221;, expres\u00f3 el sacerdote.<\/h3>\n<p><img decoding=\"async\" class=\"wp-image-1249 aligncenter\" src=\"https:\/\/apuntesdesanluis.com\/wp-content\/uploads\/2023\/08\/san-cayetano-santo-300x187.png\" alt=\"\" width=\"773\" height=\"482\" srcset=\"https:\/\/apuntesdesanluis.com\/wp-content\/uploads\/2023\/08\/san-cayetano-santo-300x187.png 300w, https:\/\/apuntesdesanluis.com\/wp-content\/uploads\/2023\/08\/san-cayetano-santo-768x478.png 768w, https:\/\/apuntesdesanluis.com\/wp-content\/uploads\/2023\/08\/san-cayetano-santo.png 866w\" sizes=\"(max-width: 773px) 100vw, 773px\" \/><\/p>\n<h3>Los pedidos y las intenciones fueron muchos y de todo tipo, uno de los m\u00e1s nombrados a viva voz fue la protecci\u00f3n del pueblo.<\/h3>\n<h3>En las manos de los fieles no faltaron las estampitas, el pan y las espigas que simbolizan el trigo. Muchos aprovecharon el momento para llevarse agua bendita.<\/h3>\n","protected":false},"excerpt":{"rendered":"<p>Como es tradicional todos los 7 de agosto, miles de vecinos concurrieron a la parroquia&#8230;<\/p>\n","protected":false},"author":1,"featured_media":1246,"comment_status":"closed","ping_status":"closed","sticky":false,"template":"","format":"standard","meta":{"footnotes":""},"categories":[6],"tags":[],"class_list":["post-1245","post","type-post","status-publish","format-standard","has-post-thumbnail","hentry","category-ciudad-provincia"],"yoast_head":"<!-- This site is optimized with the Yoast SEO plugin v26.1.1 - https:\/\/yoast.com\/wordpress\/plugins\/seo\/ -->\n<title>LOS FIELES DE VILLA MERCEDES AGRADECIERON AL PATRONO DEL TRABAJO Y EL PAN - Apuntes de San Luis<\/title>\n<meta name=\"robots\" content=\"index, follow, max-snippet:-1, max-image-preview:large, max-video-preview:-1\" \/>\n<link rel=\"canonical\" href=\"https:\/\/apuntesdesanluis.com\/index.php\/2023\/08\/07\/los-fieles-de-villa-mercedes-agradecieron-al-patrono-del-trabajo-y-el-pan\/\" \/>\n<meta property=\"og:locale\" content=\"es_ES\" \/>\n<meta property=\"og:type\" content=\"article\" \/>\n<meta property=\"og:title\" content=\"LOS FIELES DE VILLA MERCEDES AGRADECIERON AL PATRONO DEL TRABAJO Y EL PAN - Apuntes de San Luis\" \/>\n<meta property=\"og:description\" content=\"Como es tradicional todos los 7 de agosto, miles de vecinos concurrieron a la parroquia...\" \/>\n<meta property=\"og:url\" content=\"https:\/\/apuntesdesanluis.com\/index.php\/2023\/08\/07\/los-fieles-de-villa-mercedes-agradecieron-al-patrono-del-trabajo-y-el-pan\/\" \/>\n<meta property=\"og:site_name\" content=\"Apuntes de San Luis\" \/>\n<meta property=\"article:published_time\" content=\"2023-08-08T00:26:39+00:00\" \/>\n<meta property=\"og:image\" content=\"https:\/\/apuntesdesanluis.com\/wp-content\/uploads\/2023\/08\/san-cayetano-tapa.png\" \/>\n\t<meta property=\"og:image:width\" content=\"957\" \/>\n\t<meta property=\"og:image:height\" content=\"600\" \/>\n\t<meta property=\"og:image:type\" content=\"image\/png\" \/>\n<meta name=\"author\" content=\"apuntesdesanluis.com\" \/>\n<meta name=\"twitter:card\" content=\"summary_large_image\" \/>\n<meta name=\"twitter:label1\" content=\"Escrito por\" \/>\n\t<meta name=\"twitter:data1\" content=\"apuntesdesanluis.com\" \/>\n\t<meta name=\"twitter:label2\" content=\"Tiempo de lectura\" \/>\n\t<meta name=\"twitter:data2\" content=\"2 minutos\" \/>\n<script type=\"application\/ld+json\" class=\"yoast-schema-graph\">{\"@context\":\"https:\/\/schema.org\",\"@graph\":[{\"@type\":\"Article\",\"@id\":\"https:\/\/apuntesdesanluis.com\/index.php\/2023\/08\/07\/los-fieles-de-villa-mercedes-agradecieron-al-patrono-del-trabajo-y-el-pan\/#article\",\"isPartOf\":{\"@id\":\"https:\/\/apuntesdesanluis.com\/index.php\/2023\/08\/07\/los-fieles-de-villa-mercedes-agradecieron-al-patrono-del-trabajo-y-el-pan\/\"},\"author\":{\"name\":\"apuntesdesanluis.com\",\"@id\":\"https:\/\/apuntesdesanluis.com\/#\/schema\/person\/b55151d52296fcce64d1a72538a70b90\"},\"headline\":\"LOS FIELES DE VILLA MERCEDES AGRADECIERON AL PATRONO DEL TRABAJO Y EL PAN\",\"datePublished\":\"2023-08-08T00:26:39+00:00\",\"mainEntityOfPage\":{\"@id\":\"https:\/\/apuntesdesanluis.com\/index.php\/2023\/08\/07\/los-fieles-de-villa-mercedes-agradecieron-al-patrono-del-trabajo-y-el-pan\/\"},\"wordCount\":306,\"publisher\":{\"@id\":\"https:\/\/apuntesdesanluis.com\/#\/schema\/person\/b55151d52296fcce64d1a72538a70b90\"},\"image\":{\"@id\":\"https:\/\/apuntesdesanluis.com\/index.php\/2023\/08\/07\/los-fieles-de-villa-mercedes-agradecieron-al-patrono-del-trabajo-y-el-pan\/#primaryimage\"},\"thumbnailUrl\":\"https:\/\/apuntesdesanluis.com\/wp-content\/uploads\/2023\/08\/san-cayetano-tapa.png\",\"articleSection\":[\"Ciudad\/Provincia\"],\"inLanguage\":\"es-AR\"},{\"@type\":\"WebPage\",\"@id\":\"https:\/\/apuntesdesanluis.com\/index.php\/2023\/08\/07\/los-fieles-de-villa-mercedes-agradecieron-al-patrono-del-trabajo-y-el-pan\/\",\"url\":\"https:\/\/apuntesdesanluis.com\/index.php\/2023\/08\/07\/los-fieles-de-villa-mercedes-agradecieron-al-patrono-del-trabajo-y-el-pan\/\",\"name\":\"LOS FIELES DE VILLA MERCEDES AGRADECIERON AL PATRONO DEL TRABAJO Y EL PAN - Apuntes de San Luis\",\"isPartOf\":{\"@id\":\"https:\/\/apuntesdesanluis.com\/#website\"},\"primaryImageOfPage\":{\"@id\":\"https:\/\/apuntesdesanluis.com\/index.php\/2023\/08\/07\/los-fieles-de-villa-mercedes-agradecieron-al-patrono-del-trabajo-y-el-pan\/#primaryimage\"},\"image\":{\"@id\":\"https:\/\/apuntesdesanluis.com\/index.php\/2023\/08\/07\/los-fieles-de-villa-mercedes-agradecieron-al-patrono-del-trabajo-y-el-pan\/#primaryimage\"},\"thumbnailUrl\":\"https:\/\/apuntesdesanluis.com\/wp-content\/uploads\/2023\/08\/san-cayetano-tapa.png\",\"datePublished\":\"2023-08-08T00:26:39+00:00\",\"breadcrumb\":{\"@id\":\"https:\/\/apuntesdesanluis.com\/index.php\/2023\/08\/07\/los-fieles-de-villa-mercedes-agradecieron-al-patrono-del-trabajo-y-el-pan\/#breadcrumb\"},\"inLanguage\":\"es-AR\",\"potentialAction\":[{\"@type\":\"ReadAction\",\"target\":[\"https:\/\/apuntesdesanluis.com\/index.php\/2023\/08\/07\/los-fieles-de-villa-mercedes-agradecieron-al-patrono-del-trabajo-y-el-pan\/\"]}]},{\"@type\":\"ImageObject\",\"inLanguage\":\"es-AR\",\"@id\":\"https:\/\/apuntesdesanluis.com\/index.php\/2023\/08\/07\/los-fieles-de-villa-mercedes-agradecieron-al-patrono-del-trabajo-y-el-pan\/#primaryimage\",\"url\":\"https:\/\/apuntesdesanluis.com\/wp-content\/uploads\/2023\/08\/san-cayetano-tapa.png\",\"contentUrl\":\"https:\/\/apuntesdesanluis.com\/wp-content\/uploads\/2023\/08\/san-cayetano-tapa.png\",\"width\":957,\"height\":600},{\"@type\":\"BreadcrumbList\",\"@id\":\"https:\/\/apuntesdesanluis.com\/index.php\/2023\/08\/07\/los-fieles-de-villa-mercedes-agradecieron-al-patrono-del-trabajo-y-el-pan\/#breadcrumb\",\"itemListElement\":[{\"@type\":\"ListItem\",\"position\":1,\"name\":\"Inicio\",\"item\":\"https:\/\/apuntesdesanluis.com\/\"},{\"@type\":\"ListItem\",\"position\":2,\"name\":\"LOS FIELES DE VILLA MERCEDES AGRADECIERON AL PATRONO DEL TRABAJO Y EL PAN\"}]},{\"@type\":\"WebSite\",\"@id\":\"https:\/\/apuntesdesanluis.com\/#website\",\"url\":\"https:\/\/apuntesdesanluis.com\/\",\"name\":\"Apuntes de San Luis\",\"description\":\"\",\"publisher\":{\"@id\":\"https:\/\/apuntesdesanluis.com\/#\/schema\/person\/b55151d52296fcce64d1a72538a70b90\"},\"potentialAction\":[{\"@type\":\"SearchAction\",\"target\":{\"@type\":\"EntryPoint\",\"urlTemplate\":\"https:\/\/apuntesdesanluis.com\/?s={search_term_string}\"},\"query-input\":{\"@type\":\"PropertyValueSpecification\",\"valueRequired\":true,\"valueName\":\"search_term_string\"}}],\"inLanguage\":\"es-AR\"},{\"@type\":[\"Person\",\"Organization\"],\"@id\":\"https:\/\/apuntesdesanluis.com\/#\/schema\/person\/b55151d52296fcce64d1a72538a70b90\",\"name\":\"apuntesdesanluis.com\",\"image\":{\"@type\":\"ImageObject\",\"inLanguage\":\"es-AR\",\"@id\":\"https:\/\/apuntesdesanluis.com\/#\/schema\/person\/image\/\",\"url\":\"https:\/\/apuntesdesanluis.com\/wp-content\/uploads\/2023\/07\/cropped-apuntesdesanluis.png\",\"contentUrl\":\"https:\/\/apuntesdesanluis.com\/wp-content\/uploads\/2023\/07\/cropped-apuntesdesanluis.png\",\"width\":450,\"height\":112,\"caption\":\"apuntesdesanluis.com\"},\"logo\":{\"@id\":\"https:\/\/apuntesdesanluis.com\/#\/schema\/person\/image\/\"},\"sameAs\":[\"https:\/\/apuntesdesanluis.com\"],\"url\":\"https:\/\/apuntesdesanluis.com\/index.php\/author\/apuntesdesanluis-com\/\"}]}<\/script>\n<!-- \/ Yoast SEO plugin. -->","yoast_head_json":{"title":"LOS FIELES DE VILLA MERCEDES AGRADECIERON AL PATRONO DEL TRABAJO Y EL PAN - Apuntes de San Luis","robots":{"index":"index","follow":"follow","max-snippet":"max-snippet:-1","max-image-preview":"max-image-preview:large","max-video-preview":"max-video-preview:-1"},"canonical":"https:\/\/apuntesdesanluis.com\/index.php\/2023\/08\/07\/los-fieles-de-villa-mercedes-agradecieron-al-patrono-del-trabajo-y-el-pan\/","og_locale":"es_ES","og_type":"article","og_title":"LOS FIELES DE VILLA MERCEDES AGRADECIERON AL PATRONO DEL TRABAJO Y EL PAN - Apuntes de San Luis","og_description":"Como es tradicional todos los 7 de agosto, miles de vecinos concurrieron a la parroquia...","og_url":"https:\/\/apuntesdesanluis.com\/index.php\/2023\/08\/07\/los-fieles-de-villa-mercedes-agradecieron-al-patrono-del-trabajo-y-el-pan\/","og_site_name":"Apuntes de San Luis","article_published_time":"2023-08-08T00:26:39+00:00","og_image":[{"width":957,"height":600,"url":"https:\/\/apuntesdesanluis.com\/wp-content\/uploads\/2023\/08\/san-cayetano-tapa.png","type":"image\/png"}],"author":"apuntesdesanluis.com","twitter_card":"summary_large_image","twitter_misc":{"Escrito por":"apuntesdesanluis.com","Tiempo de lectura":"2 minutos"},"schema":{"@context":"https:\/\/schema.org","@graph":[{"@type":"Article","@id":"https:\/\/apuntesdesanluis.com\/index.php\/2023\/08\/07\/los-fieles-de-villa-mercedes-agradecieron-al-patrono-del-trabajo-y-el-pan\/#article","isPartOf":{"@id":"https:\/\/apuntesdesanluis.com\/index.php\/2023\/08\/07\/los-fieles-de-villa-mercedes-agradecieron-al-patrono-del-trabajo-y-el-pan\/"},"author":{"name":"apuntesdesanluis.com","@id":"https:\/\/apuntesdesanluis.com\/#\/schema\/person\/b55151d52296fcce64d1a72538a70b90"},"headline":"LOS FIELES DE VILLA MERCEDES AGRADECIERON AL PATRONO DEL TRABAJO Y EL PAN","datePublished":"2023-08-08T00:26:39+00:00","mainEntityOfPage":{"@id":"https:\/\/apuntesdesanluis.com\/index.php\/2023\/08\/07\/los-fieles-de-villa-mercedes-agradecieron-al-patrono-del-trabajo-y-el-pan\/"},"wordCount":306,"publisher":{"@id":"https:\/\/apuntesdesanluis.com\/#\/schema\/person\/b55151d52296fcce64d1a72538a70b90"},"image":{"@id":"https:\/\/apuntesdesanluis.com\/index.php\/2023\/08\/07\/los-fieles-de-villa-mercedes-agradecieron-al-patrono-del-trabajo-y-el-pan\/#primaryimage"},"thumbnailUrl":"https:\/\/apuntesdesanluis.com\/wp-content\/uploads\/2023\/08\/san-cayetano-tapa.png","articleSection":["Ciudad\/Provincia"],"inLanguage":"es-AR"},{"@type":"WebPage","@id":"https:\/\/apuntesdesanluis.com\/index.php\/2023\/08\/07\/los-fieles-de-villa-mercedes-agradecieron-al-patrono-del-trabajo-y-el-pan\/","url":"https:\/\/apuntesdesanluis.com\/index.php\/2023\/08\/07\/los-fieles-de-villa-mercedes-agradecieron-al-patrono-del-trabajo-y-el-pan\/","name":"LOS FIELES DE VILLA MERCEDES AGRADECIERON AL PATRONO DEL TRABAJO Y EL PAN - Apuntes de San Luis","isPartOf":{"@id":"https:\/\/apuntesdesanluis.com\/#website"},"primaryImageOfPage":{"@id":"https:\/\/apuntesdesanluis.com\/index.php\/2023\/08\/07\/los-fieles-de-villa-mercedes-agradecieron-al-patrono-del-trabajo-y-el-pan\/#primaryimage"},"image":{"@id":"https:\/\/apuntesdesanluis.com\/index.php\/2023\/08\/07\/los-fieles-de-villa-mercedes-agradecieron-al-patrono-del-trabajo-y-el-pan\/#primaryimage"},"thumbnailUrl":"https:\/\/apuntesdesanluis.com\/wp-content\/uploads\/2023\/08\/san-cayetano-tapa.png","datePublished":"2023-08-08T00:26:39+00:00","breadcrumb":{"@id":"https:\/\/apuntesdesanluis.com\/index.php\/2023\/08\/07\/los-fieles-de-villa-mercedes-agradecieron-al-patrono-del-trabajo-y-el-pan\/#breadcrumb"},"inLanguage":"es-AR","potentialAction":[{"@type":"ReadAction","target":["https:\/\/apuntesdesanluis.com\/index.php\/2023\/08\/07\/los-fieles-de-villa-mercedes-agradecieron-al-patrono-del-trabajo-y-el-pan\/"]}]},{"@type":"ImageObject","inLanguage":"es-AR","@id":"https:\/\/apuntesdesanluis.com\/index.php\/2023\/08\/07\/los-fieles-de-villa-mercedes-agradecieron-al-patrono-del-trabajo-y-el-pan\/#primaryimage","url":"https:\/\/apuntesdesanluis.com\/wp-content\/uploads\/2023\/08\/san-cayetano-tapa.png","contentUrl":"https:\/\/apuntesdesanluis.com\/wp-content\/uploads\/2023\/08\/san-cayetano-tapa.png","width":957,"height":600},{"@type":"BreadcrumbList","@id":"https:\/\/apuntesdesanluis.com\/index.php\/2023\/08\/07\/los-fieles-de-villa-mercedes-agradecieron-al-patrono-del-trabajo-y-el-pan\/#breadcrumb","itemListElement":[{"@type":"ListItem","position":1,"name":"Inicio","item":"https:\/\/apuntesdesanluis.com\/"},{"@type":"ListItem","position":2,"name":"LOS FIELES DE VILLA MERCEDES AGRADECIERON AL PATRONO DEL TRABAJO Y EL PAN"}]},{"@type":"WebSite","@id":"https:\/\/apuntesdesanluis.com\/#website","url":"https:\/\/apuntesdesanluis.com\/","name":"Apuntes de San Luis","description":"","publisher":{"@id":"https:\/\/apuntesdesanluis.com\/#\/schema\/person\/b55151d52296fcce64d1a72538a70b90"},"potentialAction":[{"@type":"SearchAction","target":{"@type":"EntryPoint","urlTemplate":"https:\/\/apuntesdesanluis.com\/?s={search_term_string}"},"query-input":{"@type":"PropertyValueSpecification","valueRequired":true,"valueName":"search_term_string"}}],"inLanguage":"es-AR"},{"@type":["Person","Organization"],"@id":"https:\/\/apuntesdesanluis.com\/#\/schema\/person\/b55151d52296fcce64d1a72538a70b90","name":"apuntesdesanluis.com","image":{"@type":"ImageObject","inLanguage":"es-AR","@id":"https:\/\/apuntesdesanluis.com\/#\/schema\/person\/image\/","url":"https:\/\/apuntesdesanluis.com\/wp-content\/uploads\/2023\/07\/cropped-apuntesdesanluis.png","contentUrl":"https:\/\/apuntesdesanluis.com\/wp-content\/uploads\/2023\/07\/cropped-apuntesdesanluis.png","width":450,"height":112,"caption":"apuntesdesanluis.com"},"logo":{"@id":"https:\/\/apuntesdesanluis.com\/#\/schema\/person\/image\/"},"sameAs":["https:\/\/apuntesdesanluis.com"],"url":"https:\/\/apuntesdesanluis.com\/index.php\/author\/apuntesdesanluis-com\/"}]}},"featured_image_urls":{"full":["https:\/\/apuntesdesanluis.com\/wp-content\/uploads\/2023\/08\/san-cayetano-tapa.png",957,600,false],"thumbnail":["https:\/\/apuntesdesanluis.com\/wp-content\/uploads\/2023\/08\/san-cayetano-tapa-150x150.png",150,150,true],"medium":["https:\/\/apuntesdesanluis.com\/wp-content\/uploads\/2023\/08\/san-cayetano-tapa-300x188.png",300,188,true],"medium_large":["https:\/\/apuntesdesanluis.com\/wp-content\/uploads\/2023\/08\/san-cayetano-tapa-768x482.png",640,402,true],"large":["https:\/\/apuntesdesanluis.com\/wp-content\/uploads\/2023\/08\/san-cayetano-tapa.png",640,401,false],"1536x1536":["https:\/\/apuntesdesanluis.com\/wp-content\/uploads\/2023\/08\/san-cayetano-tapa.png",957,600,false],"2048x2048":["https:\/\/apuntesdesanluis.com\/wp-content\/uploads\/2023\/08\/san-cayetano-tapa.png",957,600,false],"newsever-slider-full":["https:\/\/apuntesdesanluis.com\/wp-content\/uploads\/2023\/08\/san-cayetano-tapa.png",957,600,false],"newsever-featured":["https:\/\/apuntesdesanluis.com\/wp-content\/uploads\/2023\/08\/san-cayetano-tapa.png",957,600,false],"newsever-medium":["https:\/\/apuntesdesanluis.com\/wp-content\/uploads\/2023\/08\/san-cayetano-tapa-720x475.png",720,475,true]},"author_info":{"display_name":"apuntesdesanluis.com","author_link":"https:\/\/apuntesdesanluis.com\/index.php\/author\/apuntesdesanluis-com\/"},"category_info":"<a href=\"https:\/\/apuntesdesanluis.com\/index.php\/category\/ciudad-provincia\/\" rel=\"category tag\">Ciudad\/Provincia<\/a>","tag_info":"Ciudad\/Provincia","comment_count":"0","_links":{"self":[{"href":"https:\/\/apuntesdesanluis.com\/index.php\/wp-json\/wp\/v2\/posts\/1245","targetHints":{"allow":["GET"]}}],"collection":[{"href":"https:\/\/apuntesdesanluis.com\/index.php\/wp-json\/wp\/v2\/posts"}],"about":[{"href":"https:\/\/apuntesdesanluis.com\/index.php\/wp-json\/wp\/v2\/types\/post"}],"author":[{"embeddable":true,"href":"https:\/\/apuntesdesanluis.com\/index.php\/wp-json\/wp\/v2\/users\/1"}],"replies":[{"embeddable":true,"href":"https:\/\/apuntesdesanluis.com\/index.php\/wp-json\/wp\/v2\/comments?post=1245"}],"version-history":[{"count":1,"href":"https:\/\/apuntesdesanluis.com\/index.php\/wp-json\/wp\/v2\/posts\/1245\/revisions"}],"predecessor-version":[{"id":1250,"href":"https:\/\/apuntesdesanluis.com\/index.php\/wp-json\/wp\/v2\/posts\/1245\/revisions\/1250"}],"wp:featuredmedia":[{"embeddable":true,"href":"https:\/\/apuntesdesanluis.com\/index.php\/wp-json\/wp\/v2\/media\/1246"}],"wp:attachment":[{"href":"https:\/\/apuntesdesanluis.com\/index.php\/wp-json\/wp\/v2\/media?parent=1245"}],"wp:term":[{"taxonomy":"category","embeddable":true,"href":"https:\/\/apuntesdesanluis.com\/index.php\/wp-json\/wp\/v2\/categories?post=1245"},{"taxonomy":"post_tag","embeddable":true,"href":"https:\/\/apuntesdesanluis.com\/index.php\/wp-json\/wp\/v2\/tags?post=1245"}],"curies":[{"name":"wp","href":"https:\/\/api.w.org\/{rel}","templated":true}]}}