{"id":12450,"date":"2024-02-28T21:27:58","date_gmt":"2024-02-29T00:27:58","guid":{"rendered":"https:\/\/apuntesdesanluis.com\/?p=12450"},"modified":"2024-02-28T21:27:58","modified_gmt":"2024-02-29T00:27:58","slug":"gremios-docentes-realizaran-un-paro-nacional-el-lunes-tras-la-fallida-negociacion-salarial","status":"publish","type":"post","link":"https:\/\/apuntesdesanluis.com\/index.php\/2024\/02\/28\/gremios-docentes-realizaran-un-paro-nacional-el-lunes-tras-la-fallida-negociacion-salarial\/","title":{"rendered":"GREMIOS DOCENTES REALIZAR\u00c1N UN PARO NACIONAL EL LUNES TRAS LA FALLIDA NEGOCIACI\u00d3N SALARIAL"},"content":{"rendered":"<h3>Los gremios docentes agrupados en la Confederaci\u00f3n General del Trabajo (CGT) anunciaron hoy un paro nacional con cese \u201ctotal de actividades en todo el pa\u00eds\u201d, luego de que fracas\u00f3 la reuni\u00f3n con el Gobierno por el conflicto salarial.<\/h3>\n<h3>\u201cVamos a hacer un paro nacional el pr\u00f3ximo lunes 4. Un paro total de actividades en todo el pa\u00eds. Ah\u00ed estamos iniciando un plan de lucha que, de no reflexionar el Gobierno nacional, se va a extender con distintas medidas a lo largo y a lo ancho del pa\u00eds\u201d, asegur\u00f3 el secretario general nacional de la Uni\u00f3n Docentes Argentinos (UDA), <strong>Sergio Romero<\/strong>, durante una conferencia de prensa en la sede de la calle Azopardo.<\/h3>\n<h3>En esa l\u00ednea, el dirigente sindical expres\u00f3: \u201cEl Gobierno nacional se neg\u00f3 a responsabilizarse dentro del marco de la ley del financiamiento del sistema educativo argentino. Tuvimos una reuni\u00f3n sin ninguna respuesta&#8221;.<\/h3>\n<h3>En ese marco, el cosecretario general de la CGT y adjunto del sindicato de Camioneros, <strong>Pablo Moyano<\/strong>, sostuvo: \u201cLa CGT no va a mirar para otro lado, se va deteriorando el poder adquisitivo. Vemos como los trabajadores saltan molinetes porque no pueden pagar los boletos de tren&#8221;.<\/h3>\n<h3>A su vez, el dirigente sindical volvi\u00f3 a lanzar dardos contra el presidente de la Naci\u00f3n: \u201cPuede apretar a los gobernadores, a los diputados, pero a la CGT no la aprieta nadie&#8221;.<\/h3>\n<h3>&#8220;No pudieron los militares, no pudo (Mauricio) Macri y mucho menos va a poder este cachivache, que es un empleado de las corporaciones nacionales e internacionales\u201d, afirm\u00f3 Moyano.<\/h3>\n<h3>El lanzamiento de la medida de fuerza por parte de los gremios docentes agrupados en la CGT se dio luego de la huelga que llev\u00f3 a cabo la Confederaci\u00f3n de Trabajadores de la Educaci\u00f3n (CTERA) este lunes, en el inicio del ciclo lectivo en algunas provincias.<\/h3>\n<h3>En tanto, dirigentes de los cinco sindicatos docentes nacionales se hab\u00edan reunido ayer con autoridades del Gobierno para discutir el ingreso m\u00ednimo del sector, pero no llegaron a un acuerdo.<\/h3>\n<h3>\u201cNo ofrecieron nada. Fue un di\u00e1logo de sordos. Hasta en un momento determinado quisieron negar el \u00e1mbito paritario&#8221;, hab\u00eda asegurado Romero, luego del c\u00f3nclave en declaraciones a la prensa.<\/h3>\n<h3>Por su lado, luego del encuentro con los gremios docentes, desde el Gobierno confirmaron \u201cla continuidad del Fondo Compensador y el fin del Fondo Nacional de Incentivo Docente, donde se buscar\u00e1 reorientar los fondos a pol\u00edticas vinculadas con aprendizajes efectivos (como el Plan Nacional de Alfabetizaci\u00f3n) y al sistema de informaci\u00f3n escolar\u201d.<\/h3>\n<h3>A su vez, aseguraron que para \u201cestablecer el piso salarial, se pidi\u00f3 que las provincias hagan llegar su oferta para discutirla en la mesa\u201d.<\/h3>\n<h3>Durante el encuentro, los gremios docentes reclamaron la recomposici\u00f3n salarial, el pago de la deuda con respecto FONID, partida que el Gobierno confirm\u00f3 que busca eliminar, y la continuidad del fondo compensador.<\/h3>\n<h3>La reuni\u00f3n que mantuvieron ayer los representantes del Ejecutivo con los sindicatos docentes pas\u00f3 a un cuarto intermedio hasta el martes pr\u00f3ximo, cuando existir\u00e1 una nueva convocatoria para destrabar el conflicto.<\/h3>\n<h3><\/h3>\n<p>&nbsp;<\/p>\n<p>&nbsp;<\/p>\n<p>&nbsp;<\/p>\n<h3><\/h3>\n<h3><\/h3>\n","protected":false},"excerpt":{"rendered":"<p>Los gremios docentes agrupados en la Confederaci\u00f3n General del Trabajo (CGT) anunciaron hoy un paro&#8230;<\/p>\n","protected":false},"author":1,"featured_media":12451,"comment_status":"closed","ping_status":"closed","sticky":false,"template":"","format":"standard","meta":{"footnotes":""},"categories":[5],"tags":[],"class_list":["post-12450","post","type-post","status-publish","format-standard","has-post-thumbnail","hentry","category-nacionales-internacionales"],"yoast_head":"<!-- This site is optimized with the Yoast SEO plugin v26.1.1 - https:\/\/yoast.com\/wordpress\/plugins\/seo\/ -->\n<title>GREMIOS DOCENTES REALIZAR\u00c1N UN PARO NACIONAL EL LUNES TRAS LA FALLIDA NEGOCIACI\u00d3N SALARIAL - Apuntes de San Luis<\/title>\n<meta name=\"robots\" content=\"index, follow, max-snippet:-1, max-image-preview:large, max-video-preview:-1\" \/>\n<link rel=\"canonical\" href=\"https:\/\/apuntesdesanluis.com\/index.php\/2024\/02\/28\/gremios-docentes-realizaran-un-paro-nacional-el-lunes-tras-la-fallida-negociacion-salarial\/\" \/>\n<meta property=\"og:locale\" content=\"es_ES\" \/>\n<meta property=\"og:type\" content=\"article\" \/>\n<meta property=\"og:title\" content=\"GREMIOS DOCENTES REALIZAR\u00c1N UN PARO NACIONAL EL LUNES TRAS LA FALLIDA NEGOCIACI\u00d3N SALARIAL - Apuntes de San Luis\" \/>\n<meta property=\"og:description\" content=\"Los gremios docentes agrupados en la Confederaci\u00f3n General del Trabajo (CGT) anunciaron hoy un paro...\" \/>\n<meta property=\"og:url\" content=\"https:\/\/apuntesdesanluis.com\/index.php\/2024\/02\/28\/gremios-docentes-realizaran-un-paro-nacional-el-lunes-tras-la-fallida-negociacion-salarial\/\" \/>\n<meta property=\"og:site_name\" content=\"Apuntes de San Luis\" \/>\n<meta property=\"article:published_time\" content=\"2024-02-29T00:27:58+00:00\" \/>\n<meta property=\"og:image\" content=\"https:\/\/apuntesdesanluis.com\/wp-content\/uploads\/2024\/02\/GREMIOS-DOCENTES.png\" \/>\n\t<meta property=\"og:image:width\" content=\"675\" \/>\n\t<meta property=\"og:image:height\" content=\"455\" \/>\n\t<meta property=\"og:image:type\" content=\"image\/png\" \/>\n<meta name=\"author\" content=\"apuntesdesanluis.com\" \/>\n<meta name=\"twitter:card\" content=\"summary_large_image\" \/>\n<meta name=\"twitter:label1\" content=\"Escrito por\" \/>\n\t<meta name=\"twitter:data1\" content=\"apuntesdesanluis.com\" \/>\n\t<meta name=\"twitter:label2\" content=\"Tiempo de lectura\" \/>\n\t<meta name=\"twitter:data2\" content=\"3 minutos\" \/>\n<script type=\"application\/ld+json\" class=\"yoast-schema-graph\">{\"@context\":\"https:\/\/schema.org\",\"@graph\":[{\"@type\":\"Article\",\"@id\":\"https:\/\/apuntesdesanluis.com\/index.php\/2024\/02\/28\/gremios-docentes-realizaran-un-paro-nacional-el-lunes-tras-la-fallida-negociacion-salarial\/#article\",\"isPartOf\":{\"@id\":\"https:\/\/apuntesdesanluis.com\/index.php\/2024\/02\/28\/gremios-docentes-realizaran-un-paro-nacional-el-lunes-tras-la-fallida-negociacion-salarial\/\"},\"author\":{\"name\":\"apuntesdesanluis.com\",\"@id\":\"https:\/\/apuntesdesanluis.com\/#\/schema\/person\/b55151d52296fcce64d1a72538a70b90\"},\"headline\":\"GREMIOS DOCENTES REALIZAR\u00c1N UN PARO NACIONAL EL LUNES TRAS LA FALLIDA NEGOCIACI\u00d3N SALARIAL\",\"datePublished\":\"2024-02-29T00:27:58+00:00\",\"mainEntityOfPage\":{\"@id\":\"https:\/\/apuntesdesanluis.com\/index.php\/2024\/02\/28\/gremios-docentes-realizaran-un-paro-nacional-el-lunes-tras-la-fallida-negociacion-salarial\/\"},\"wordCount\":535,\"publisher\":{\"@id\":\"https:\/\/apuntesdesanluis.com\/#\/schema\/person\/b55151d52296fcce64d1a72538a70b90\"},\"image\":{\"@id\":\"https:\/\/apuntesdesanluis.com\/index.php\/2024\/02\/28\/gremios-docentes-realizaran-un-paro-nacional-el-lunes-tras-la-fallida-negociacion-salarial\/#primaryimage\"},\"thumbnailUrl\":\"https:\/\/apuntesdesanluis.com\/wp-content\/uploads\/2024\/02\/GREMIOS-DOCENTES.png\",\"articleSection\":[\"Nacionales\/Internacionales\"],\"inLanguage\":\"es-AR\"},{\"@type\":\"WebPage\",\"@id\":\"https:\/\/apuntesdesanluis.com\/index.php\/2024\/02\/28\/gremios-docentes-realizaran-un-paro-nacional-el-lunes-tras-la-fallida-negociacion-salarial\/\",\"url\":\"https:\/\/apuntesdesanluis.com\/index.php\/2024\/02\/28\/gremios-docentes-realizaran-un-paro-nacional-el-lunes-tras-la-fallida-negociacion-salarial\/\",\"name\":\"GREMIOS DOCENTES REALIZAR\u00c1N UN PARO NACIONAL EL LUNES TRAS LA FALLIDA NEGOCIACI\u00d3N SALARIAL - Apuntes de San Luis\",\"isPartOf\":{\"@id\":\"https:\/\/apuntesdesanluis.com\/#website\"},\"primaryImageOfPage\":{\"@id\":\"https:\/\/apuntesdesanluis.com\/index.php\/2024\/02\/28\/gremios-docentes-realizaran-un-paro-nacional-el-lunes-tras-la-fallida-negociacion-salarial\/#primaryimage\"},\"image\":{\"@id\":\"https:\/\/apuntesdesanluis.com\/index.php\/2024\/02\/28\/gremios-docentes-realizaran-un-paro-nacional-el-lunes-tras-la-fallida-negociacion-salarial\/#primaryimage\"},\"thumbnailUrl\":\"https:\/\/apuntesdesanluis.com\/wp-content\/uploads\/2024\/02\/GREMIOS-DOCENTES.png\",\"datePublished\":\"2024-02-29T00:27:58+00:00\",\"breadcrumb\":{\"@id\":\"https:\/\/apuntesdesanluis.com\/index.php\/2024\/02\/28\/gremios-docentes-realizaran-un-paro-nacional-el-lunes-tras-la-fallida-negociacion-salarial\/#breadcrumb\"},\"inLanguage\":\"es-AR\",\"potentialAction\":[{\"@type\":\"ReadAction\",\"target\":[\"https:\/\/apuntesdesanluis.com\/index.php\/2024\/02\/28\/gremios-docentes-realizaran-un-paro-nacional-el-lunes-tras-la-fallida-negociacion-salarial\/\"]}]},{\"@type\":\"ImageObject\",\"inLanguage\":\"es-AR\",\"@id\":\"https:\/\/apuntesdesanluis.com\/index.php\/2024\/02\/28\/gremios-docentes-realizaran-un-paro-nacional-el-lunes-tras-la-fallida-negociacion-salarial\/#primaryimage\",\"url\":\"https:\/\/apuntesdesanluis.com\/wp-content\/uploads\/2024\/02\/GREMIOS-DOCENTES.png\",\"contentUrl\":\"https:\/\/apuntesdesanluis.com\/wp-content\/uploads\/2024\/02\/GREMIOS-DOCENTES.png\",\"width\":675,\"height\":455},{\"@type\":\"BreadcrumbList\",\"@id\":\"https:\/\/apuntesdesanluis.com\/index.php\/2024\/02\/28\/gremios-docentes-realizaran-un-paro-nacional-el-lunes-tras-la-fallida-negociacion-salarial\/#breadcrumb\",\"itemListElement\":[{\"@type\":\"ListItem\",\"position\":1,\"name\":\"Inicio\",\"item\":\"https:\/\/apuntesdesanluis.com\/\"},{\"@type\":\"ListItem\",\"position\":2,\"name\":\"GREMIOS DOCENTES REALIZAR\u00c1N UN PARO NACIONAL EL LUNES TRAS LA FALLIDA NEGOCIACI\u00d3N SALARIAL\"}]},{\"@type\":\"WebSite\",\"@id\":\"https:\/\/apuntesdesanluis.com\/#website\",\"url\":\"https:\/\/apuntesdesanluis.com\/\",\"name\":\"Apuntes de San Luis\",\"description\":\"\",\"publisher\":{\"@id\":\"https:\/\/apuntesdesanluis.com\/#\/schema\/person\/b55151d52296fcce64d1a72538a70b90\"},\"potentialAction\":[{\"@type\":\"SearchAction\",\"target\":{\"@type\":\"EntryPoint\",\"urlTemplate\":\"https:\/\/apuntesdesanluis.com\/?s={search_term_string}\"},\"query-input\":{\"@type\":\"PropertyValueSpecification\",\"valueRequired\":true,\"valueName\":\"search_term_string\"}}],\"inLanguage\":\"es-AR\"},{\"@type\":[\"Person\",\"Organization\"],\"@id\":\"https:\/\/apuntesdesanluis.com\/#\/schema\/person\/b55151d52296fcce64d1a72538a70b90\",\"name\":\"apuntesdesanluis.com\",\"image\":{\"@type\":\"ImageObject\",\"inLanguage\":\"es-AR\",\"@id\":\"https:\/\/apuntesdesanluis.com\/#\/schema\/person\/image\/\",\"url\":\"https:\/\/apuntesdesanluis.com\/wp-content\/uploads\/2023\/07\/cropped-apuntesdesanluis.png\",\"contentUrl\":\"https:\/\/apuntesdesanluis.com\/wp-content\/uploads\/2023\/07\/cropped-apuntesdesanluis.png\",\"width\":450,\"height\":112,\"caption\":\"apuntesdesanluis.com\"},\"logo\":{\"@id\":\"https:\/\/apuntesdesanluis.com\/#\/schema\/person\/image\/\"},\"sameAs\":[\"https:\/\/apuntesdesanluis.com\"],\"url\":\"https:\/\/apuntesdesanluis.com\/index.php\/author\/apuntesdesanluis-com\/\"}]}<\/script>\n<!-- \/ Yoast SEO plugin. -->","yoast_head_json":{"title":"GREMIOS DOCENTES REALIZAR\u00c1N UN PARO NACIONAL EL LUNES TRAS LA FALLIDA NEGOCIACI\u00d3N SALARIAL - Apuntes de San Luis","robots":{"index":"index","follow":"follow","max-snippet":"max-snippet:-1","max-image-preview":"max-image-preview:large","max-video-preview":"max-video-preview:-1"},"canonical":"https:\/\/apuntesdesanluis.com\/index.php\/2024\/02\/28\/gremios-docentes-realizaran-un-paro-nacional-el-lunes-tras-la-fallida-negociacion-salarial\/","og_locale":"es_ES","og_type":"article","og_title":"GREMIOS DOCENTES REALIZAR\u00c1N UN PARO NACIONAL EL LUNES TRAS LA FALLIDA NEGOCIACI\u00d3N SALARIAL - Apuntes de San Luis","og_description":"Los gremios docentes agrupados en la Confederaci\u00f3n General del Trabajo (CGT) anunciaron hoy un paro...","og_url":"https:\/\/apuntesdesanluis.com\/index.php\/2024\/02\/28\/gremios-docentes-realizaran-un-paro-nacional-el-lunes-tras-la-fallida-negociacion-salarial\/","og_site_name":"Apuntes de San Luis","article_published_time":"2024-02-29T00:27:58+00:00","og_image":[{"width":675,"height":455,"url":"https:\/\/apuntesdesanluis.com\/wp-content\/uploads\/2024\/02\/GREMIOS-DOCENTES.png","type":"image\/png"}],"author":"apuntesdesanluis.com","twitter_card":"summary_large_image","twitter_misc":{"Escrito por":"apuntesdesanluis.com","Tiempo de lectura":"3 minutos"},"schema":{"@context":"https:\/\/schema.org","@graph":[{"@type":"Article","@id":"https:\/\/apuntesdesanluis.com\/index.php\/2024\/02\/28\/gremios-docentes-realizaran-un-paro-nacional-el-lunes-tras-la-fallida-negociacion-salarial\/#article","isPartOf":{"@id":"https:\/\/apuntesdesanluis.com\/index.php\/2024\/02\/28\/gremios-docentes-realizaran-un-paro-nacional-el-lunes-tras-la-fallida-negociacion-salarial\/"},"author":{"name":"apuntesdesanluis.com","@id":"https:\/\/apuntesdesanluis.com\/#\/schema\/person\/b55151d52296fcce64d1a72538a70b90"},"headline":"GREMIOS DOCENTES REALIZAR\u00c1N UN PARO NACIONAL EL LUNES TRAS LA FALLIDA NEGOCIACI\u00d3N SALARIAL","datePublished":"2024-02-29T00:27:58+00:00","mainEntityOfPage":{"@id":"https:\/\/apuntesdesanluis.com\/index.php\/2024\/02\/28\/gremios-docentes-realizaran-un-paro-nacional-el-lunes-tras-la-fallida-negociacion-salarial\/"},"wordCount":535,"publisher":{"@id":"https:\/\/apuntesdesanluis.com\/#\/schema\/person\/b55151d52296fcce64d1a72538a70b90"},"image":{"@id":"https:\/\/apuntesdesanluis.com\/index.php\/2024\/02\/28\/gremios-docentes-realizaran-un-paro-nacional-el-lunes-tras-la-fallida-negociacion-salarial\/#primaryimage"},"thumbnailUrl":"https:\/\/apuntesdesanluis.com\/wp-content\/uploads\/2024\/02\/GREMIOS-DOCENTES.png","articleSection":["Nacionales\/Internacionales"],"inLanguage":"es-AR"},{"@type":"WebPage","@id":"https:\/\/apuntesdesanluis.com\/index.php\/2024\/02\/28\/gremios-docentes-realizaran-un-paro-nacional-el-lunes-tras-la-fallida-negociacion-salarial\/","url":"https:\/\/apuntesdesanluis.com\/index.php\/2024\/02\/28\/gremios-docentes-realizaran-un-paro-nacional-el-lunes-tras-la-fallida-negociacion-salarial\/","name":"GREMIOS DOCENTES REALIZAR\u00c1N UN PARO NACIONAL EL LUNES TRAS LA FALLIDA NEGOCIACI\u00d3N SALARIAL - Apuntes de San Luis","isPartOf":{"@id":"https:\/\/apuntesdesanluis.com\/#website"},"primaryImageOfPage":{"@id":"https:\/\/apuntesdesanluis.com\/index.php\/2024\/02\/28\/gremios-docentes-realizaran-un-paro-nacional-el-lunes-tras-la-fallida-negociacion-salarial\/#primaryimage"},"image":{"@id":"https:\/\/apuntesdesanluis.com\/index.php\/2024\/02\/28\/gremios-docentes-realizaran-un-paro-nacional-el-lunes-tras-la-fallida-negociacion-salarial\/#primaryimage"},"thumbnailUrl":"https:\/\/apuntesdesanluis.com\/wp-content\/uploads\/2024\/02\/GREMIOS-DOCENTES.png","datePublished":"2024-02-29T00:27:58+00:00","breadcrumb":{"@id":"https:\/\/apuntesdesanluis.com\/index.php\/2024\/02\/28\/gremios-docentes-realizaran-un-paro-nacional-el-lunes-tras-la-fallida-negociacion-salarial\/#breadcrumb"},"inLanguage":"es-AR","potentialAction":[{"@type":"ReadAction","target":["https:\/\/apuntesdesanluis.com\/index.php\/2024\/02\/28\/gremios-docentes-realizaran-un-paro-nacional-el-lunes-tras-la-fallida-negociacion-salarial\/"]}]},{"@type":"ImageObject","inLanguage":"es-AR","@id":"https:\/\/apuntesdesanluis.com\/index.php\/2024\/02\/28\/gremios-docentes-realizaran-un-paro-nacional-el-lunes-tras-la-fallida-negociacion-salarial\/#primaryimage","url":"https:\/\/apuntesdesanluis.com\/wp-content\/uploads\/2024\/02\/GREMIOS-DOCENTES.png","contentUrl":"https:\/\/apuntesdesanluis.com\/wp-content\/uploads\/2024\/02\/GREMIOS-DOCENTES.png","width":675,"height":455},{"@type":"BreadcrumbList","@id":"https:\/\/apuntesdesanluis.com\/index.php\/2024\/02\/28\/gremios-docentes-realizaran-un-paro-nacional-el-lunes-tras-la-fallida-negociacion-salarial\/#breadcrumb","itemListElement":[{"@type":"ListItem","position":1,"name":"Inicio","item":"https:\/\/apuntesdesanluis.com\/"},{"@type":"ListItem","position":2,"name":"GREMIOS DOCENTES REALIZAR\u00c1N UN PARO NACIONAL EL LUNES TRAS LA FALLIDA NEGOCIACI\u00d3N SALARIAL"}]},{"@type":"WebSite","@id":"https:\/\/apuntesdesanluis.com\/#website","url":"https:\/\/apuntesdesanluis.com\/","name":"Apuntes de San Luis","description":"","publisher":{"@id":"https:\/\/apuntesdesanluis.com\/#\/schema\/person\/b55151d52296fcce64d1a72538a70b90"},"potentialAction":[{"@type":"SearchAction","target":{"@type":"EntryPoint","urlTemplate":"https:\/\/apuntesdesanluis.com\/?s={search_term_string}"},"query-input":{"@type":"PropertyValueSpecification","valueRequired":true,"valueName":"search_term_string"}}],"inLanguage":"es-AR"},{"@type":["Person","Organization"],"@id":"https:\/\/apuntesdesanluis.com\/#\/schema\/person\/b55151d52296fcce64d1a72538a70b90","name":"apuntesdesanluis.com","image":{"@type":"ImageObject","inLanguage":"es-AR","@id":"https:\/\/apuntesdesanluis.com\/#\/schema\/person\/image\/","url":"https:\/\/apuntesdesanluis.com\/wp-content\/uploads\/2023\/07\/cropped-apuntesdesanluis.png","contentUrl":"https:\/\/apuntesdesanluis.com\/wp-content\/uploads\/2023\/07\/cropped-apuntesdesanluis.png","width":450,"height":112,"caption":"apuntesdesanluis.com"},"logo":{"@id":"https:\/\/apuntesdesanluis.com\/#\/schema\/person\/image\/"},"sameAs":["https:\/\/apuntesdesanluis.com"],"url":"https:\/\/apuntesdesanluis.com\/index.php\/author\/apuntesdesanluis-com\/"}]}},"featured_image_urls":{"full":["https:\/\/apuntesdesanluis.com\/wp-content\/uploads\/2024\/02\/GREMIOS-DOCENTES.png",675,455,false],"thumbnail":["https:\/\/apuntesdesanluis.com\/wp-content\/uploads\/2024\/02\/GREMIOS-DOCENTES-150x150.png",150,150,true],"medium":["https:\/\/apuntesdesanluis.com\/wp-content\/uploads\/2024\/02\/GREMIOS-DOCENTES-300x202.png",300,202,true],"medium_large":["https:\/\/apuntesdesanluis.com\/wp-content\/uploads\/2024\/02\/GREMIOS-DOCENTES.png",640,431,false],"large":["https:\/\/apuntesdesanluis.com\/wp-content\/uploads\/2024\/02\/GREMIOS-DOCENTES.png",640,431,false],"1536x1536":["https:\/\/apuntesdesanluis.com\/wp-content\/uploads\/2024\/02\/GREMIOS-DOCENTES.png",675,455,false],"2048x2048":["https:\/\/apuntesdesanluis.com\/wp-content\/uploads\/2024\/02\/GREMIOS-DOCENTES.png",675,455,false],"newsever-slider-full":["https:\/\/apuntesdesanluis.com\/wp-content\/uploads\/2024\/02\/GREMIOS-DOCENTES.png",675,455,false],"newsever-featured":["https:\/\/apuntesdesanluis.com\/wp-content\/uploads\/2024\/02\/GREMIOS-DOCENTES.png",675,455,false],"newsever-medium":["https:\/\/apuntesdesanluis.com\/wp-content\/uploads\/2024\/02\/GREMIOS-DOCENTES.png",675,455,false]},"author_info":{"display_name":"apuntesdesanluis.com","author_link":"https:\/\/apuntesdesanluis.com\/index.php\/author\/apuntesdesanluis-com\/"},"category_info":"<a href=\"https:\/\/apuntesdesanluis.com\/index.php\/category\/nacionales-internacionales\/\" rel=\"category tag\">Nacionales\/Internacionales<\/a>","tag_info":"Nacionales\/Internacionales","comment_count":"0","_links":{"self":[{"href":"https:\/\/apuntesdesanluis.com\/index.php\/wp-json\/wp\/v2\/posts\/12450","targetHints":{"allow":["GET"]}}],"collection":[{"href":"https:\/\/apuntesdesanluis.com\/index.php\/wp-json\/wp\/v2\/posts"}],"about":[{"href":"https:\/\/apuntesdesanluis.com\/index.php\/wp-json\/wp\/v2\/types\/post"}],"author":[{"embeddable":true,"href":"https:\/\/apuntesdesanluis.com\/index.php\/wp-json\/wp\/v2\/users\/1"}],"replies":[{"embeddable":true,"href":"https:\/\/apuntesdesanluis.com\/index.php\/wp-json\/wp\/v2\/comments?post=12450"}],"version-history":[{"count":1,"href":"https:\/\/apuntesdesanluis.com\/index.php\/wp-json\/wp\/v2\/posts\/12450\/revisions"}],"predecessor-version":[{"id":12452,"href":"https:\/\/apuntesdesanluis.com\/index.php\/wp-json\/wp\/v2\/posts\/12450\/revisions\/12452"}],"wp:featuredmedia":[{"embeddable":true,"href":"https:\/\/apuntesdesanluis.com\/index.php\/wp-json\/wp\/v2\/media\/12451"}],"wp:attachment":[{"href":"https:\/\/apuntesdesanluis.com\/index.php\/wp-json\/wp\/v2\/media?parent=12450"}],"wp:term":[{"taxonomy":"category","embeddable":true,"href":"https:\/\/apuntesdesanluis.com\/index.php\/wp-json\/wp\/v2\/categories?post=12450"},{"taxonomy":"post_tag","embeddable":true,"href":"https:\/\/apuntesdesanluis.com\/index.php\/wp-json\/wp\/v2\/tags?post=12450"}],"curies":[{"name":"wp","href":"https:\/\/api.w.org\/{rel}","templated":true}]}}