{"id":12453,"date":"2024-02-28T21:44:53","date_gmt":"2024-02-29T00:44:53","guid":{"rendered":"https:\/\/apuntesdesanluis.com\/?p=12453"},"modified":"2024-02-28T21:44:53","modified_gmt":"2024-02-29T00:44:53","slug":"morales-lloro-cuando-le-preguntaron-si-iba-a-hacerse-un-adn-tras-los-rumores-de-infidelidad","status":"publish","type":"post","link":"https:\/\/apuntesdesanluis.com\/index.php\/2024\/02\/28\/morales-lloro-cuando-le-preguntaron-si-iba-a-hacerse-un-adn-tras-los-rumores-de-infidelidad\/","title":{"rendered":"MORALES LLOR\u00d3 CUANDO LE PREGUNTARON SI IBA A HACERSE UN ADN TRAS LOS RUMORES DE INFIDELIDAD"},"content":{"rendered":"<h3>El ex gobernador de Jujuy <strong>Gerardo Morales<\/strong> se quebr\u00f3 y solloz\u00f3 hoy en un programa televisivo cuando le preguntaron si iba a hacerse un ADN tras los rumores de infidelidad por parte de su esposa.<\/h3>\n<h3>\u201cNo, no planeo hacerme un ADN. Vamos a ver, yo todos los d\u00edas pienso en eso, en mi hija&#8230; en mi peque\u00f1a hija; le han hecho un da\u00f1o irreparable\u201d, asegur\u00f3 -emocionado- el ex titular del Comit\u00e9 Nacional de la Uni\u00f3n C\u00edvica Radical (UCR).<\/h3>\n<h3>En tanto, luego de que la Justicia juje\u00f1a liber\u00f3 a <strong>Nahuel Morandini<\/strong> y <strong>Roque Villegas<\/strong>, quienes hab\u00edan sido detenidos por tuitear sobre la supuesta infidelidad de la esposa del exgobernador, Morales confirm\u00f3 que ir\u00e1 a la Suprema Corte de Justicia.<\/h3>\n<h3>El ex mandatario provincial acusa Morandini y Villegas de formar parte de la organizaci\u00f3n barrial Tupac Amaru de Milagros Sala y de haber \u201cplanificado, orquestado y perge\u00f1ado esta mentira&#8221;.<\/h3>\n<h3>\u201cHasta ahora, siempre se habl\u00f3 de dos personas detenidas por un tuit. Pero la imputaci\u00f3n que tienen estas dos personas est\u00e1 lejos de ello. Violan el art\u00edculo 139 del C\u00f3digo Penal, que da cuenta de que puede haber pena de dos a seis a\u00f1os por el delito de tornar incierta la identidad de una ni\u00f1a\u201d, detall\u00f3 Morales.<\/h3>\n<h3>A su vez, durante la entrevista, el ex mandatario juje\u00f1o plante\u00f3 interrogantes relacionados al caso que lo involucra: \u201c\u00bfHasta cu\u00e1ndo, a trav\u00e9s de las redes sociales, las personas van a seguir siendo impunes sin importar las cosas que digan?, \u00bfhasta cu\u00e1ndo se van a usar las redes sociales como un medio para cometer un delito?\u201d.<\/h3>\n<h3>\u201cTodo esto lo hicieron a sabiendas de que le iban a provocar da\u00f1o a una ni\u00f1a, a quien le han tornado incierta la identidad. \u00bfQu\u00e9 hago yo con mi ni\u00f1a?, \u00bfC\u00f3mo le diga que soy el padre?, \u00bfen qu\u00e9 termina todo esto? Es un tema que no tiene que terminar ac\u00e1. Tiene que llegar a la Suprema Corte&#8221;, pidi\u00f3 Morales.<\/h3>\n<p>&nbsp;<\/p>\n<p><a href=\"https:\/\/www.instagram.com\/p\/C354jo0N20N\/?utm_source=ig_embed&amp;utm_campaign=embed_video_watch_again\" target=\"_blank\" rel=\"noopener\"><img fetchpriority=\"high\" decoding=\"async\" class=\"wp-image-12454 aligncenter\" src=\"https:\/\/apuntesdesanluis.com\/wp-content\/uploads\/2024\/02\/morales-en-insta-249x300.png\" alt=\"\" width=\"459\" height=\"553\" srcset=\"https:\/\/apuntesdesanluis.com\/wp-content\/uploads\/2024\/02\/morales-en-insta-249x300.png 249w, https:\/\/apuntesdesanluis.com\/wp-content\/uploads\/2024\/02\/morales-en-insta.png 461w\" sizes=\"(max-width: 459px) 100vw, 459px\" \/><\/a><\/p>\n<p>&nbsp;<\/p>\n<p>&nbsp;<\/p>\n<p>&nbsp;<\/p>\n<p>&nbsp;<\/p>\n<p>&nbsp;<\/p>\n<p>&nbsp;<\/p>\n","protected":false},"excerpt":{"rendered":"<p>El ex gobernador de Jujuy Gerardo Morales se quebr\u00f3 y solloz\u00f3 hoy en un programa&#8230;<\/p>\n","protected":false},"author":1,"featured_media":12455,"comment_status":"closed","ping_status":"closed","sticky":false,"template":"","format":"standard","meta":{"footnotes":""},"categories":[5],"tags":[],"class_list":["post-12453","post","type-post","status-publish","format-standard","has-post-thumbnail","hentry","category-nacionales-internacionales"],"yoast_head":"<!-- This site is optimized with the Yoast SEO plugin v26.1.1 - https:\/\/yoast.com\/wordpress\/plugins\/seo\/ -->\n<title>MORALES LLOR\u00d3 CUANDO LE PREGUNTARON SI IBA A HACERSE UN ADN TRAS LOS RUMORES DE INFIDELIDAD - Apuntes de San Luis<\/title>\n<meta name=\"robots\" content=\"index, follow, max-snippet:-1, max-image-preview:large, max-video-preview:-1\" \/>\n<link rel=\"canonical\" href=\"https:\/\/apuntesdesanluis.com\/index.php\/2024\/02\/28\/morales-lloro-cuando-le-preguntaron-si-iba-a-hacerse-un-adn-tras-los-rumores-de-infidelidad\/\" \/>\n<meta property=\"og:locale\" content=\"es_ES\" \/>\n<meta property=\"og:type\" content=\"article\" \/>\n<meta property=\"og:title\" content=\"MORALES LLOR\u00d3 CUANDO LE PREGUNTARON SI IBA A HACERSE UN ADN TRAS LOS RUMORES DE INFIDELIDAD - Apuntes de San Luis\" \/>\n<meta property=\"og:description\" content=\"El ex gobernador de Jujuy Gerardo Morales se quebr\u00f3 y solloz\u00f3 hoy en un programa...\" \/>\n<meta property=\"og:url\" content=\"https:\/\/apuntesdesanluis.com\/index.php\/2024\/02\/28\/morales-lloro-cuando-le-preguntaron-si-iba-a-hacerse-un-adn-tras-los-rumores-de-infidelidad\/\" \/>\n<meta property=\"og:site_name\" content=\"Apuntes de San Luis\" \/>\n<meta property=\"article:published_time\" content=\"2024-02-29T00:44:53+00:00\" \/>\n<meta property=\"og:image\" content=\"https:\/\/apuntesdesanluis.com\/wp-content\/uploads\/2024\/02\/mortales-llora.png\" \/>\n\t<meta property=\"og:image:width\" content=\"600\" \/>\n\t<meta property=\"og:image:height\" content=\"366\" \/>\n\t<meta property=\"og:image:type\" content=\"image\/png\" \/>\n<meta name=\"author\" content=\"apuntesdesanluis.com\" \/>\n<meta name=\"twitter:card\" content=\"summary_large_image\" \/>\n<meta name=\"twitter:label1\" content=\"Escrito por\" \/>\n\t<meta name=\"twitter:data1\" content=\"apuntesdesanluis.com\" \/>\n\t<meta name=\"twitter:label2\" content=\"Tiempo de lectura\" \/>\n\t<meta name=\"twitter:data2\" content=\"2 minutos\" \/>\n<script type=\"application\/ld+json\" class=\"yoast-schema-graph\">{\"@context\":\"https:\/\/schema.org\",\"@graph\":[{\"@type\":\"Article\",\"@id\":\"https:\/\/apuntesdesanluis.com\/index.php\/2024\/02\/28\/morales-lloro-cuando-le-preguntaron-si-iba-a-hacerse-un-adn-tras-los-rumores-de-infidelidad\/#article\",\"isPartOf\":{\"@id\":\"https:\/\/apuntesdesanluis.com\/index.php\/2024\/02\/28\/morales-lloro-cuando-le-preguntaron-si-iba-a-hacerse-un-adn-tras-los-rumores-de-infidelidad\/\"},\"author\":{\"name\":\"apuntesdesanluis.com\",\"@id\":\"https:\/\/apuntesdesanluis.com\/#\/schema\/person\/b55151d52296fcce64d1a72538a70b90\"},\"headline\":\"MORALES LLOR\u00d3 CUANDO LE PREGUNTARON SI IBA A HACERSE UN ADN TRAS LOS RUMORES DE INFIDELIDAD\",\"datePublished\":\"2024-02-29T00:44:53+00:00\",\"mainEntityOfPage\":{\"@id\":\"https:\/\/apuntesdesanluis.com\/index.php\/2024\/02\/28\/morales-lloro-cuando-le-preguntaron-si-iba-a-hacerse-un-adn-tras-los-rumores-de-infidelidad\/\"},\"wordCount\":363,\"publisher\":{\"@id\":\"https:\/\/apuntesdesanluis.com\/#\/schema\/person\/b55151d52296fcce64d1a72538a70b90\"},\"image\":{\"@id\":\"https:\/\/apuntesdesanluis.com\/index.php\/2024\/02\/28\/morales-lloro-cuando-le-preguntaron-si-iba-a-hacerse-un-adn-tras-los-rumores-de-infidelidad\/#primaryimage\"},\"thumbnailUrl\":\"https:\/\/apuntesdesanluis.com\/wp-content\/uploads\/2024\/02\/mortales-llora.png\",\"articleSection\":[\"Nacionales\/Internacionales\"],\"inLanguage\":\"es-AR\"},{\"@type\":\"WebPage\",\"@id\":\"https:\/\/apuntesdesanluis.com\/index.php\/2024\/02\/28\/morales-lloro-cuando-le-preguntaron-si-iba-a-hacerse-un-adn-tras-los-rumores-de-infidelidad\/\",\"url\":\"https:\/\/apuntesdesanluis.com\/index.php\/2024\/02\/28\/morales-lloro-cuando-le-preguntaron-si-iba-a-hacerse-un-adn-tras-los-rumores-de-infidelidad\/\",\"name\":\"MORALES LLOR\u00d3 CUANDO LE PREGUNTARON SI IBA A HACERSE UN ADN TRAS LOS RUMORES DE INFIDELIDAD - Apuntes de San Luis\",\"isPartOf\":{\"@id\":\"https:\/\/apuntesdesanluis.com\/#website\"},\"primaryImageOfPage\":{\"@id\":\"https:\/\/apuntesdesanluis.com\/index.php\/2024\/02\/28\/morales-lloro-cuando-le-preguntaron-si-iba-a-hacerse-un-adn-tras-los-rumores-de-infidelidad\/#primaryimage\"},\"image\":{\"@id\":\"https:\/\/apuntesdesanluis.com\/index.php\/2024\/02\/28\/morales-lloro-cuando-le-preguntaron-si-iba-a-hacerse-un-adn-tras-los-rumores-de-infidelidad\/#primaryimage\"},\"thumbnailUrl\":\"https:\/\/apuntesdesanluis.com\/wp-content\/uploads\/2024\/02\/mortales-llora.png\",\"datePublished\":\"2024-02-29T00:44:53+00:00\",\"breadcrumb\":{\"@id\":\"https:\/\/apuntesdesanluis.com\/index.php\/2024\/02\/28\/morales-lloro-cuando-le-preguntaron-si-iba-a-hacerse-un-adn-tras-los-rumores-de-infidelidad\/#breadcrumb\"},\"inLanguage\":\"es-AR\",\"potentialAction\":[{\"@type\":\"ReadAction\",\"target\":[\"https:\/\/apuntesdesanluis.com\/index.php\/2024\/02\/28\/morales-lloro-cuando-le-preguntaron-si-iba-a-hacerse-un-adn-tras-los-rumores-de-infidelidad\/\"]}]},{\"@type\":\"ImageObject\",\"inLanguage\":\"es-AR\",\"@id\":\"https:\/\/apuntesdesanluis.com\/index.php\/2024\/02\/28\/morales-lloro-cuando-le-preguntaron-si-iba-a-hacerse-un-adn-tras-los-rumores-de-infidelidad\/#primaryimage\",\"url\":\"https:\/\/apuntesdesanluis.com\/wp-content\/uploads\/2024\/02\/mortales-llora.png\",\"contentUrl\":\"https:\/\/apuntesdesanluis.com\/wp-content\/uploads\/2024\/02\/mortales-llora.png\",\"width\":600,\"height\":366},{\"@type\":\"BreadcrumbList\",\"@id\":\"https:\/\/apuntesdesanluis.com\/index.php\/2024\/02\/28\/morales-lloro-cuando-le-preguntaron-si-iba-a-hacerse-un-adn-tras-los-rumores-de-infidelidad\/#breadcrumb\",\"itemListElement\":[{\"@type\":\"ListItem\",\"position\":1,\"name\":\"Inicio\",\"item\":\"https:\/\/apuntesdesanluis.com\/\"},{\"@type\":\"ListItem\",\"position\":2,\"name\":\"MORALES LLOR\u00d3 CUANDO LE PREGUNTARON SI IBA A HACERSE UN ADN TRAS LOS RUMORES DE INFIDELIDAD\"}]},{\"@type\":\"WebSite\",\"@id\":\"https:\/\/apuntesdesanluis.com\/#website\",\"url\":\"https:\/\/apuntesdesanluis.com\/\",\"name\":\"Apuntes de San Luis\",\"description\":\"\",\"publisher\":{\"@id\":\"https:\/\/apuntesdesanluis.com\/#\/schema\/person\/b55151d52296fcce64d1a72538a70b90\"},\"potentialAction\":[{\"@type\":\"SearchAction\",\"target\":{\"@type\":\"EntryPoint\",\"urlTemplate\":\"https:\/\/apuntesdesanluis.com\/?s={search_term_string}\"},\"query-input\":{\"@type\":\"PropertyValueSpecification\",\"valueRequired\":true,\"valueName\":\"search_term_string\"}}],\"inLanguage\":\"es-AR\"},{\"@type\":[\"Person\",\"Organization\"],\"@id\":\"https:\/\/apuntesdesanluis.com\/#\/schema\/person\/b55151d52296fcce64d1a72538a70b90\",\"name\":\"apuntesdesanluis.com\",\"image\":{\"@type\":\"ImageObject\",\"inLanguage\":\"es-AR\",\"@id\":\"https:\/\/apuntesdesanluis.com\/#\/schema\/person\/image\/\",\"url\":\"https:\/\/apuntesdesanluis.com\/wp-content\/uploads\/2023\/07\/cropped-apuntesdesanluis.png\",\"contentUrl\":\"https:\/\/apuntesdesanluis.com\/wp-content\/uploads\/2023\/07\/cropped-apuntesdesanluis.png\",\"width\":450,\"height\":112,\"caption\":\"apuntesdesanluis.com\"},\"logo\":{\"@id\":\"https:\/\/apuntesdesanluis.com\/#\/schema\/person\/image\/\"},\"sameAs\":[\"https:\/\/apuntesdesanluis.com\"],\"url\":\"https:\/\/apuntesdesanluis.com\/index.php\/author\/apuntesdesanluis-com\/\"}]}<\/script>\n<!-- \/ Yoast SEO plugin. -->","yoast_head_json":{"title":"MORALES LLOR\u00d3 CUANDO LE PREGUNTARON SI IBA A HACERSE UN ADN TRAS LOS RUMORES DE INFIDELIDAD - Apuntes de San Luis","robots":{"index":"index","follow":"follow","max-snippet":"max-snippet:-1","max-image-preview":"max-image-preview:large","max-video-preview":"max-video-preview:-1"},"canonical":"https:\/\/apuntesdesanluis.com\/index.php\/2024\/02\/28\/morales-lloro-cuando-le-preguntaron-si-iba-a-hacerse-un-adn-tras-los-rumores-de-infidelidad\/","og_locale":"es_ES","og_type":"article","og_title":"MORALES LLOR\u00d3 CUANDO LE PREGUNTARON SI IBA A HACERSE UN ADN TRAS LOS RUMORES DE INFIDELIDAD - Apuntes de San Luis","og_description":"El ex gobernador de Jujuy Gerardo Morales se quebr\u00f3 y solloz\u00f3 hoy en un programa...","og_url":"https:\/\/apuntesdesanluis.com\/index.php\/2024\/02\/28\/morales-lloro-cuando-le-preguntaron-si-iba-a-hacerse-un-adn-tras-los-rumores-de-infidelidad\/","og_site_name":"Apuntes de San Luis","article_published_time":"2024-02-29T00:44:53+00:00","og_image":[{"width":600,"height":366,"url":"https:\/\/apuntesdesanluis.com\/wp-content\/uploads\/2024\/02\/mortales-llora.png","type":"image\/png"}],"author":"apuntesdesanluis.com","twitter_card":"summary_large_image","twitter_misc":{"Escrito por":"apuntesdesanluis.com","Tiempo de lectura":"2 minutos"},"schema":{"@context":"https:\/\/schema.org","@graph":[{"@type":"Article","@id":"https:\/\/apuntesdesanluis.com\/index.php\/2024\/02\/28\/morales-lloro-cuando-le-preguntaron-si-iba-a-hacerse-un-adn-tras-los-rumores-de-infidelidad\/#article","isPartOf":{"@id":"https:\/\/apuntesdesanluis.com\/index.php\/2024\/02\/28\/morales-lloro-cuando-le-preguntaron-si-iba-a-hacerse-un-adn-tras-los-rumores-de-infidelidad\/"},"author":{"name":"apuntesdesanluis.com","@id":"https:\/\/apuntesdesanluis.com\/#\/schema\/person\/b55151d52296fcce64d1a72538a70b90"},"headline":"MORALES LLOR\u00d3 CUANDO LE PREGUNTARON SI IBA A HACERSE UN ADN TRAS LOS RUMORES DE INFIDELIDAD","datePublished":"2024-02-29T00:44:53+00:00","mainEntityOfPage":{"@id":"https:\/\/apuntesdesanluis.com\/index.php\/2024\/02\/28\/morales-lloro-cuando-le-preguntaron-si-iba-a-hacerse-un-adn-tras-los-rumores-de-infidelidad\/"},"wordCount":363,"publisher":{"@id":"https:\/\/apuntesdesanluis.com\/#\/schema\/person\/b55151d52296fcce64d1a72538a70b90"},"image":{"@id":"https:\/\/apuntesdesanluis.com\/index.php\/2024\/02\/28\/morales-lloro-cuando-le-preguntaron-si-iba-a-hacerse-un-adn-tras-los-rumores-de-infidelidad\/#primaryimage"},"thumbnailUrl":"https:\/\/apuntesdesanluis.com\/wp-content\/uploads\/2024\/02\/mortales-llora.png","articleSection":["Nacionales\/Internacionales"],"inLanguage":"es-AR"},{"@type":"WebPage","@id":"https:\/\/apuntesdesanluis.com\/index.php\/2024\/02\/28\/morales-lloro-cuando-le-preguntaron-si-iba-a-hacerse-un-adn-tras-los-rumores-de-infidelidad\/","url":"https:\/\/apuntesdesanluis.com\/index.php\/2024\/02\/28\/morales-lloro-cuando-le-preguntaron-si-iba-a-hacerse-un-adn-tras-los-rumores-de-infidelidad\/","name":"MORALES LLOR\u00d3 CUANDO LE PREGUNTARON SI IBA A HACERSE UN ADN TRAS LOS RUMORES DE INFIDELIDAD - Apuntes de San Luis","isPartOf":{"@id":"https:\/\/apuntesdesanluis.com\/#website"},"primaryImageOfPage":{"@id":"https:\/\/apuntesdesanluis.com\/index.php\/2024\/02\/28\/morales-lloro-cuando-le-preguntaron-si-iba-a-hacerse-un-adn-tras-los-rumores-de-infidelidad\/#primaryimage"},"image":{"@id":"https:\/\/apuntesdesanluis.com\/index.php\/2024\/02\/28\/morales-lloro-cuando-le-preguntaron-si-iba-a-hacerse-un-adn-tras-los-rumores-de-infidelidad\/#primaryimage"},"thumbnailUrl":"https:\/\/apuntesdesanluis.com\/wp-content\/uploads\/2024\/02\/mortales-llora.png","datePublished":"2024-02-29T00:44:53+00:00","breadcrumb":{"@id":"https:\/\/apuntesdesanluis.com\/index.php\/2024\/02\/28\/morales-lloro-cuando-le-preguntaron-si-iba-a-hacerse-un-adn-tras-los-rumores-de-infidelidad\/#breadcrumb"},"inLanguage":"es-AR","potentialAction":[{"@type":"ReadAction","target":["https:\/\/apuntesdesanluis.com\/index.php\/2024\/02\/28\/morales-lloro-cuando-le-preguntaron-si-iba-a-hacerse-un-adn-tras-los-rumores-de-infidelidad\/"]}]},{"@type":"ImageObject","inLanguage":"es-AR","@id":"https:\/\/apuntesdesanluis.com\/index.php\/2024\/02\/28\/morales-lloro-cuando-le-preguntaron-si-iba-a-hacerse-un-adn-tras-los-rumores-de-infidelidad\/#primaryimage","url":"https:\/\/apuntesdesanluis.com\/wp-content\/uploads\/2024\/02\/mortales-llora.png","contentUrl":"https:\/\/apuntesdesanluis.com\/wp-content\/uploads\/2024\/02\/mortales-llora.png","width":600,"height":366},{"@type":"BreadcrumbList","@id":"https:\/\/apuntesdesanluis.com\/index.php\/2024\/02\/28\/morales-lloro-cuando-le-preguntaron-si-iba-a-hacerse-un-adn-tras-los-rumores-de-infidelidad\/#breadcrumb","itemListElement":[{"@type":"ListItem","position":1,"name":"Inicio","item":"https:\/\/apuntesdesanluis.com\/"},{"@type":"ListItem","position":2,"name":"MORALES LLOR\u00d3 CUANDO LE PREGUNTARON SI IBA A HACERSE UN ADN TRAS LOS RUMORES DE INFIDELIDAD"}]},{"@type":"WebSite","@id":"https:\/\/apuntesdesanluis.com\/#website","url":"https:\/\/apuntesdesanluis.com\/","name":"Apuntes de San Luis","description":"","publisher":{"@id":"https:\/\/apuntesdesanluis.com\/#\/schema\/person\/b55151d52296fcce64d1a72538a70b90"},"potentialAction":[{"@type":"SearchAction","target":{"@type":"EntryPoint","urlTemplate":"https:\/\/apuntesdesanluis.com\/?s={search_term_string}"},"query-input":{"@type":"PropertyValueSpecification","valueRequired":true,"valueName":"search_term_string"}}],"inLanguage":"es-AR"},{"@type":["Person","Organization"],"@id":"https:\/\/apuntesdesanluis.com\/#\/schema\/person\/b55151d52296fcce64d1a72538a70b90","name":"apuntesdesanluis.com","image":{"@type":"ImageObject","inLanguage":"es-AR","@id":"https:\/\/apuntesdesanluis.com\/#\/schema\/person\/image\/","url":"https:\/\/apuntesdesanluis.com\/wp-content\/uploads\/2023\/07\/cropped-apuntesdesanluis.png","contentUrl":"https:\/\/apuntesdesanluis.com\/wp-content\/uploads\/2023\/07\/cropped-apuntesdesanluis.png","width":450,"height":112,"caption":"apuntesdesanluis.com"},"logo":{"@id":"https:\/\/apuntesdesanluis.com\/#\/schema\/person\/image\/"},"sameAs":["https:\/\/apuntesdesanluis.com"],"url":"https:\/\/apuntesdesanluis.com\/index.php\/author\/apuntesdesanluis-com\/"}]}},"featured_image_urls":{"full":["https:\/\/apuntesdesanluis.com\/wp-content\/uploads\/2024\/02\/mortales-llora.png",600,366,false],"thumbnail":["https:\/\/apuntesdesanluis.com\/wp-content\/uploads\/2024\/02\/mortales-llora-150x150.png",150,150,true],"medium":["https:\/\/apuntesdesanluis.com\/wp-content\/uploads\/2024\/02\/mortales-llora-300x183.png",300,183,true],"medium_large":["https:\/\/apuntesdesanluis.com\/wp-content\/uploads\/2024\/02\/mortales-llora.png",600,366,false],"large":["https:\/\/apuntesdesanluis.com\/wp-content\/uploads\/2024\/02\/mortales-llora.png",600,366,false],"1536x1536":["https:\/\/apuntesdesanluis.com\/wp-content\/uploads\/2024\/02\/mortales-llora.png",600,366,false],"2048x2048":["https:\/\/apuntesdesanluis.com\/wp-content\/uploads\/2024\/02\/mortales-llora.png",600,366,false],"newsever-slider-full":["https:\/\/apuntesdesanluis.com\/wp-content\/uploads\/2024\/02\/mortales-llora.png",600,366,false],"newsever-featured":["https:\/\/apuntesdesanluis.com\/wp-content\/uploads\/2024\/02\/mortales-llora.png",600,366,false],"newsever-medium":["https:\/\/apuntesdesanluis.com\/wp-content\/uploads\/2024\/02\/mortales-llora.png",600,366,false]},"author_info":{"display_name":"apuntesdesanluis.com","author_link":"https:\/\/apuntesdesanluis.com\/index.php\/author\/apuntesdesanluis-com\/"},"category_info":"<a href=\"https:\/\/apuntesdesanluis.com\/index.php\/category\/nacionales-internacionales\/\" rel=\"category tag\">Nacionales\/Internacionales<\/a>","tag_info":"Nacionales\/Internacionales","comment_count":"0","_links":{"self":[{"href":"https:\/\/apuntesdesanluis.com\/index.php\/wp-json\/wp\/v2\/posts\/12453","targetHints":{"allow":["GET"]}}],"collection":[{"href":"https:\/\/apuntesdesanluis.com\/index.php\/wp-json\/wp\/v2\/posts"}],"about":[{"href":"https:\/\/apuntesdesanluis.com\/index.php\/wp-json\/wp\/v2\/types\/post"}],"author":[{"embeddable":true,"href":"https:\/\/apuntesdesanluis.com\/index.php\/wp-json\/wp\/v2\/users\/1"}],"replies":[{"embeddable":true,"href":"https:\/\/apuntesdesanluis.com\/index.php\/wp-json\/wp\/v2\/comments?post=12453"}],"version-history":[{"count":1,"href":"https:\/\/apuntesdesanluis.com\/index.php\/wp-json\/wp\/v2\/posts\/12453\/revisions"}],"predecessor-version":[{"id":12456,"href":"https:\/\/apuntesdesanluis.com\/index.php\/wp-json\/wp\/v2\/posts\/12453\/revisions\/12456"}],"wp:featuredmedia":[{"embeddable":true,"href":"https:\/\/apuntesdesanluis.com\/index.php\/wp-json\/wp\/v2\/media\/12455"}],"wp:attachment":[{"href":"https:\/\/apuntesdesanluis.com\/index.php\/wp-json\/wp\/v2\/media?parent=12453"}],"wp:term":[{"taxonomy":"category","embeddable":true,"href":"https:\/\/apuntesdesanluis.com\/index.php\/wp-json\/wp\/v2\/categories?post=12453"},{"taxonomy":"post_tag","embeddable":true,"href":"https:\/\/apuntesdesanluis.com\/index.php\/wp-json\/wp\/v2\/tags?post=12453"}],"curies":[{"name":"wp","href":"https:\/\/api.w.org\/{rel}","templated":true}]}}