{"id":12457,"date":"2024-02-28T22:01:16","date_gmt":"2024-02-29T01:01:16","guid":{"rendered":"https:\/\/apuntesdesanluis.com\/?p=12457"},"modified":"2024-02-28T22:01:16","modified_gmt":"2024-02-29T01:01:16","slug":"firmaron-un-convenio-estrategico-en-agrozal-para-impulsar-el-desarrollo-agricola","status":"publish","type":"post","link":"https:\/\/apuntesdesanluis.com\/index.php\/2024\/02\/28\/firmaron-un-convenio-estrategico-en-agrozal-para-impulsar-el-desarrollo-agricola\/","title":{"rendered":"FIRMARON UN CONVENIO ESTRAT\u00c9GICO EN AGROZAL PARA IMPULSAR EL DESARROLLO AGR\u00cdCOLA"},"content":{"rendered":"<h3>El acuerdo celebrado entre el <strong>gobierno provincial<\/strong> y la firma <strong>Cargill<\/strong> apunta al desarrollo de las agroindustrias, la generaci\u00f3n de empleo calificado y la consolidaci\u00f3n de puestos de trabajo. Optimizar\u00e1 el rendimiento del sector a trav\u00e9s de la exenci\u00f3n de comisiones y beneficios adicionales.<\/h3>\n<h3>En un paso significativo para fortalecer la log\u00edstica y potenciar el desarrollo econ\u00f3mico, el Gobierno de San Luis firm\u00f3 un convenio que busca impulsar al sector generando beneficios concretos para los productores primarios puntanos. El acuerdo fue celebrado entre el gobernador, <strong>Claudio Poggi<\/strong>, el secretario de Actividades Log\u00edsticas, <strong>Harold Bridger<\/strong>, y el apoderado de la empresa Cargill, <strong>Mat\u00edas Brito<\/strong>.<\/h3>\n<p><img fetchpriority=\"high\" decoding=\"async\" class=\"wp-image-12459 aligncenter\" src=\"https:\/\/apuntesdesanluis.com\/wp-content\/uploads\/2024\/02\/firma-1-300x225.png\" alt=\"\" width=\"627\" height=\"470\" srcset=\"https:\/\/apuntesdesanluis.com\/wp-content\/uploads\/2024\/02\/firma-1-300x225.png 300w, https:\/\/apuntesdesanluis.com\/wp-content\/uploads\/2024\/02\/firma-1.png 600w\" sizes=\"(max-width: 627px) 100vw, 627px\" \/><\/p>\n<h3>El evento, que congreg\u00f3 a intendentes, legisladores, productores y empresarios en las instalaciones de la <strong>Zona de Actividades Log\u00edsticas<\/strong> (ZAL) de Villa Mercedes, fue la ocasi\u00f3n propicia para la materializaci\u00f3n del acuerdo estrat\u00e9gico que pretende redefinir la agricultura en la provincia.<\/h3>\n<h3>Los objetivos fundamentales de este convenio son claros y apuntan a optimizar el rendimiento del sector. Uno de ellos son los incentivos significativos para los productores: exenci\u00f3n de comisiones y un beneficio adicional de cinco d\u00f3lares por tonelada para los productores que comercialicen hasta 100 toneladas; aquellos que manejen vol\u00famenes entre 301 y 500 toneladas estar\u00e1n exentos de comisiones y recibir\u00e1n un beneficio de tres d\u00f3lares por tonelada. Los productores que alcancen ventas de 501 a 800 toneladas pagar\u00e1n \u00fanicamente el 1% de comisi\u00f3n. El ma\u00edz almacenado bajo este convenio ser\u00e1 destinado exclusivamente al consumo de las agroindustrias puntanas, fortaleciendo as\u00ed la generaci\u00f3n de empleo calificado en la provincia.<\/h3>\n<h3>Durante la firma, el Gobernador enfatiz\u00f3 la importancia del convenio: \u201cEstamos dando un paso crucial en la log\u00edstica, transformando una debilidad, por la distancia a centros de consumo, en una oportunidad. Este convenio agrega valor a la producci\u00f3n primaria, al ma\u00edz, a la zona log\u00edstica y beneficia a las agroindustrias, que no solo consolidar\u00e1 puestos de trabajo sino que tambi\u00e9n mejorar\u00e1 las oportunidades para los productores primarios\u201d.<\/h3>\n<h3>\u201cEl nuevo empleador en San Luis es el sector privado, en una Argentina que transita tiempos dif\u00edciles. Hoy, visitando una escuela, me preguntaron por el caso de la empresa D\u00e1nica, donde se vivi\u00f3 un conflicto gremial con los aceiteros, lo que llev\u00f3 a que se fueran de San Luis y signific\u00f3 la p\u00e9rdida de cien puestos de trabajo. A estas cosas no las vamos a permitir m\u00e1s. Tenemos que cuidar los puestos de trabajo, estamos viviendo un nuevo clima en San Luis, de trabajo, con inversi\u00f3n, negocios y acompa\u00f1amiento al sector privado\u201d, agreg\u00f3 el Primer mandatario.<\/h3>\n<p><img decoding=\"async\" class=\"wp-image-12460 aligncenter\" src=\"https:\/\/apuntesdesanluis.com\/wp-content\/uploads\/2024\/02\/bridger-1-300x194.png\" alt=\"\" width=\"653\" height=\"422\" srcset=\"https:\/\/apuntesdesanluis.com\/wp-content\/uploads\/2024\/02\/bridger-1-300x194.png 300w, https:\/\/apuntesdesanluis.com\/wp-content\/uploads\/2024\/02\/bridger-1.png 600w\" sizes=\"(max-width: 653px) 100vw, 653px\" \/><\/p>\n<h3>Por su parte, Bridger resalt\u00f3 la trascendencia del acuerdo para el desarrollo de la agroindustria, entendi\u00e9ndolo como una soluci\u00f3n beneficiosa tanto para los productores como para Agrozal, lo que significa el firme compromiso con el desarrollo econ\u00f3mico de San Luis, una mejora y mayores oportunidades para los productores y para fortalecer al sector.<\/h3>\n<p>&nbsp;<\/p>\n<p>&nbsp;<\/p>\n<p>&nbsp;<\/p>\n<p>&nbsp;<\/p>\n<p>&nbsp;<\/p>\n<p>&nbsp;<\/p>\n<p>&nbsp;<\/p>\n<p>&nbsp;<\/p>\n","protected":false},"excerpt":{"rendered":"<p>El acuerdo celebrado entre el gobierno provincial y la firma Cargill apunta al desarrollo de&#8230;<\/p>\n","protected":false},"author":1,"featured_media":12458,"comment_status":"closed","ping_status":"closed","sticky":false,"template":"","format":"standard","meta":{"footnotes":""},"categories":[6],"tags":[],"class_list":["post-12457","post","type-post","status-publish","format-standard","has-post-thumbnail","hentry","category-ciudad-provincia"],"yoast_head":"<!-- This site is optimized with the Yoast SEO plugin v26.1.1 - https:\/\/yoast.com\/wordpress\/plugins\/seo\/ -->\n<title>FIRMARON UN CONVENIO ESTRAT\u00c9GICO EN AGROZAL PARA IMPULSAR EL DESARROLLO AGR\u00cdCOLA - Apuntes de San Luis<\/title>\n<meta name=\"robots\" content=\"index, follow, max-snippet:-1, max-image-preview:large, max-video-preview:-1\" \/>\n<link rel=\"canonical\" href=\"https:\/\/apuntesdesanluis.com\/index.php\/2024\/02\/28\/firmaron-un-convenio-estrategico-en-agrozal-para-impulsar-el-desarrollo-agricola\/\" \/>\n<meta property=\"og:locale\" content=\"es_ES\" \/>\n<meta property=\"og:type\" content=\"article\" \/>\n<meta property=\"og:title\" content=\"FIRMARON UN CONVENIO ESTRAT\u00c9GICO EN AGROZAL PARA IMPULSAR EL DESARROLLO AGR\u00cdCOLA - Apuntes de San Luis\" \/>\n<meta property=\"og:description\" content=\"El acuerdo celebrado entre el gobierno provincial y la firma Cargill apunta al desarrollo de...\" \/>\n<meta property=\"og:url\" content=\"https:\/\/apuntesdesanluis.com\/index.php\/2024\/02\/28\/firmaron-un-convenio-estrategico-en-agrozal-para-impulsar-el-desarrollo-agricola\/\" \/>\n<meta property=\"og:site_name\" content=\"Apuntes de San Luis\" \/>\n<meta property=\"article:published_time\" content=\"2024-02-29T01:01:16+00:00\" \/>\n<meta property=\"og:image\" content=\"https:\/\/apuntesdesanluis.com\/wp-content\/uploads\/2024\/02\/firma-pogi.png\" \/>\n\t<meta property=\"og:image:width\" content=\"600\" \/>\n\t<meta property=\"og:image:height\" content=\"379\" \/>\n\t<meta property=\"og:image:type\" content=\"image\/png\" \/>\n<meta name=\"author\" content=\"apuntesdesanluis.com\" \/>\n<meta name=\"twitter:card\" content=\"summary_large_image\" \/>\n<meta name=\"twitter:label1\" content=\"Escrito por\" \/>\n\t<meta name=\"twitter:data1\" content=\"apuntesdesanluis.com\" \/>\n\t<meta name=\"twitter:label2\" content=\"Tiempo de lectura\" \/>\n\t<meta name=\"twitter:data2\" content=\"3 minutos\" \/>\n<script type=\"application\/ld+json\" class=\"yoast-schema-graph\">{\"@context\":\"https:\/\/schema.org\",\"@graph\":[{\"@type\":\"Article\",\"@id\":\"https:\/\/apuntesdesanluis.com\/index.php\/2024\/02\/28\/firmaron-un-convenio-estrategico-en-agrozal-para-impulsar-el-desarrollo-agricola\/#article\",\"isPartOf\":{\"@id\":\"https:\/\/apuntesdesanluis.com\/index.php\/2024\/02\/28\/firmaron-un-convenio-estrategico-en-agrozal-para-impulsar-el-desarrollo-agricola\/\"},\"author\":{\"name\":\"apuntesdesanluis.com\",\"@id\":\"https:\/\/apuntesdesanluis.com\/#\/schema\/person\/b55151d52296fcce64d1a72538a70b90\"},\"headline\":\"FIRMARON UN CONVENIO ESTRAT\u00c9GICO EN AGROZAL PARA IMPULSAR EL DESARROLLO AGR\u00cdCOLA\",\"datePublished\":\"2024-02-29T01:01:16+00:00\",\"mainEntityOfPage\":{\"@id\":\"https:\/\/apuntesdesanluis.com\/index.php\/2024\/02\/28\/firmaron-un-convenio-estrategico-en-agrozal-para-impulsar-el-desarrollo-agricola\/\"},\"wordCount\":520,\"publisher\":{\"@id\":\"https:\/\/apuntesdesanluis.com\/#\/schema\/person\/b55151d52296fcce64d1a72538a70b90\"},\"image\":{\"@id\":\"https:\/\/apuntesdesanluis.com\/index.php\/2024\/02\/28\/firmaron-un-convenio-estrategico-en-agrozal-para-impulsar-el-desarrollo-agricola\/#primaryimage\"},\"thumbnailUrl\":\"https:\/\/apuntesdesanluis.com\/wp-content\/uploads\/2024\/02\/firma-pogi.png\",\"articleSection\":[\"Ciudad\/Provincia\"],\"inLanguage\":\"es-AR\"},{\"@type\":\"WebPage\",\"@id\":\"https:\/\/apuntesdesanluis.com\/index.php\/2024\/02\/28\/firmaron-un-convenio-estrategico-en-agrozal-para-impulsar-el-desarrollo-agricola\/\",\"url\":\"https:\/\/apuntesdesanluis.com\/index.php\/2024\/02\/28\/firmaron-un-convenio-estrategico-en-agrozal-para-impulsar-el-desarrollo-agricola\/\",\"name\":\"FIRMARON UN CONVENIO ESTRAT\u00c9GICO EN AGROZAL PARA IMPULSAR EL DESARROLLO AGR\u00cdCOLA - Apuntes de San Luis\",\"isPartOf\":{\"@id\":\"https:\/\/apuntesdesanluis.com\/#website\"},\"primaryImageOfPage\":{\"@id\":\"https:\/\/apuntesdesanluis.com\/index.php\/2024\/02\/28\/firmaron-un-convenio-estrategico-en-agrozal-para-impulsar-el-desarrollo-agricola\/#primaryimage\"},\"image\":{\"@id\":\"https:\/\/apuntesdesanluis.com\/index.php\/2024\/02\/28\/firmaron-un-convenio-estrategico-en-agrozal-para-impulsar-el-desarrollo-agricola\/#primaryimage\"},\"thumbnailUrl\":\"https:\/\/apuntesdesanluis.com\/wp-content\/uploads\/2024\/02\/firma-pogi.png\",\"datePublished\":\"2024-02-29T01:01:16+00:00\",\"breadcrumb\":{\"@id\":\"https:\/\/apuntesdesanluis.com\/index.php\/2024\/02\/28\/firmaron-un-convenio-estrategico-en-agrozal-para-impulsar-el-desarrollo-agricola\/#breadcrumb\"},\"inLanguage\":\"es-AR\",\"potentialAction\":[{\"@type\":\"ReadAction\",\"target\":[\"https:\/\/apuntesdesanluis.com\/index.php\/2024\/02\/28\/firmaron-un-convenio-estrategico-en-agrozal-para-impulsar-el-desarrollo-agricola\/\"]}]},{\"@type\":\"ImageObject\",\"inLanguage\":\"es-AR\",\"@id\":\"https:\/\/apuntesdesanluis.com\/index.php\/2024\/02\/28\/firmaron-un-convenio-estrategico-en-agrozal-para-impulsar-el-desarrollo-agricola\/#primaryimage\",\"url\":\"https:\/\/apuntesdesanluis.com\/wp-content\/uploads\/2024\/02\/firma-pogi.png\",\"contentUrl\":\"https:\/\/apuntesdesanluis.com\/wp-content\/uploads\/2024\/02\/firma-pogi.png\",\"width\":600,\"height\":379},{\"@type\":\"BreadcrumbList\",\"@id\":\"https:\/\/apuntesdesanluis.com\/index.php\/2024\/02\/28\/firmaron-un-convenio-estrategico-en-agrozal-para-impulsar-el-desarrollo-agricola\/#breadcrumb\",\"itemListElement\":[{\"@type\":\"ListItem\",\"position\":1,\"name\":\"Inicio\",\"item\":\"https:\/\/apuntesdesanluis.com\/\"},{\"@type\":\"ListItem\",\"position\":2,\"name\":\"FIRMARON UN CONVENIO ESTRAT\u00c9GICO EN AGROZAL PARA IMPULSAR EL DESARROLLO AGR\u00cdCOLA\"}]},{\"@type\":\"WebSite\",\"@id\":\"https:\/\/apuntesdesanluis.com\/#website\",\"url\":\"https:\/\/apuntesdesanluis.com\/\",\"name\":\"Apuntes de San Luis\",\"description\":\"\",\"publisher\":{\"@id\":\"https:\/\/apuntesdesanluis.com\/#\/schema\/person\/b55151d52296fcce64d1a72538a70b90\"},\"potentialAction\":[{\"@type\":\"SearchAction\",\"target\":{\"@type\":\"EntryPoint\",\"urlTemplate\":\"https:\/\/apuntesdesanluis.com\/?s={search_term_string}\"},\"query-input\":{\"@type\":\"PropertyValueSpecification\",\"valueRequired\":true,\"valueName\":\"search_term_string\"}}],\"inLanguage\":\"es-AR\"},{\"@type\":[\"Person\",\"Organization\"],\"@id\":\"https:\/\/apuntesdesanluis.com\/#\/schema\/person\/b55151d52296fcce64d1a72538a70b90\",\"name\":\"apuntesdesanluis.com\",\"image\":{\"@type\":\"ImageObject\",\"inLanguage\":\"es-AR\",\"@id\":\"https:\/\/apuntesdesanluis.com\/#\/schema\/person\/image\/\",\"url\":\"https:\/\/apuntesdesanluis.com\/wp-content\/uploads\/2023\/07\/cropped-apuntesdesanluis.png\",\"contentUrl\":\"https:\/\/apuntesdesanluis.com\/wp-content\/uploads\/2023\/07\/cropped-apuntesdesanluis.png\",\"width\":450,\"height\":112,\"caption\":\"apuntesdesanluis.com\"},\"logo\":{\"@id\":\"https:\/\/apuntesdesanluis.com\/#\/schema\/person\/image\/\"},\"sameAs\":[\"https:\/\/apuntesdesanluis.com\"],\"url\":\"https:\/\/apuntesdesanluis.com\/index.php\/author\/apuntesdesanluis-com\/\"}]}<\/script>\n<!-- \/ Yoast SEO plugin. -->","yoast_head_json":{"title":"FIRMARON UN CONVENIO ESTRAT\u00c9GICO EN AGROZAL PARA IMPULSAR EL DESARROLLO AGR\u00cdCOLA - Apuntes de San Luis","robots":{"index":"index","follow":"follow","max-snippet":"max-snippet:-1","max-image-preview":"max-image-preview:large","max-video-preview":"max-video-preview:-1"},"canonical":"https:\/\/apuntesdesanluis.com\/index.php\/2024\/02\/28\/firmaron-un-convenio-estrategico-en-agrozal-para-impulsar-el-desarrollo-agricola\/","og_locale":"es_ES","og_type":"article","og_title":"FIRMARON UN CONVENIO ESTRAT\u00c9GICO EN AGROZAL PARA IMPULSAR EL DESARROLLO AGR\u00cdCOLA - Apuntes de San Luis","og_description":"El acuerdo celebrado entre el gobierno provincial y la firma Cargill apunta al desarrollo de...","og_url":"https:\/\/apuntesdesanluis.com\/index.php\/2024\/02\/28\/firmaron-un-convenio-estrategico-en-agrozal-para-impulsar-el-desarrollo-agricola\/","og_site_name":"Apuntes de San Luis","article_published_time":"2024-02-29T01:01:16+00:00","og_image":[{"width":600,"height":379,"url":"https:\/\/apuntesdesanluis.com\/wp-content\/uploads\/2024\/02\/firma-pogi.png","type":"image\/png"}],"author":"apuntesdesanluis.com","twitter_card":"summary_large_image","twitter_misc":{"Escrito por":"apuntesdesanluis.com","Tiempo de lectura":"3 minutos"},"schema":{"@context":"https:\/\/schema.org","@graph":[{"@type":"Article","@id":"https:\/\/apuntesdesanluis.com\/index.php\/2024\/02\/28\/firmaron-un-convenio-estrategico-en-agrozal-para-impulsar-el-desarrollo-agricola\/#article","isPartOf":{"@id":"https:\/\/apuntesdesanluis.com\/index.php\/2024\/02\/28\/firmaron-un-convenio-estrategico-en-agrozal-para-impulsar-el-desarrollo-agricola\/"},"author":{"name":"apuntesdesanluis.com","@id":"https:\/\/apuntesdesanluis.com\/#\/schema\/person\/b55151d52296fcce64d1a72538a70b90"},"headline":"FIRMARON UN CONVENIO ESTRAT\u00c9GICO EN AGROZAL PARA IMPULSAR EL DESARROLLO AGR\u00cdCOLA","datePublished":"2024-02-29T01:01:16+00:00","mainEntityOfPage":{"@id":"https:\/\/apuntesdesanluis.com\/index.php\/2024\/02\/28\/firmaron-un-convenio-estrategico-en-agrozal-para-impulsar-el-desarrollo-agricola\/"},"wordCount":520,"publisher":{"@id":"https:\/\/apuntesdesanluis.com\/#\/schema\/person\/b55151d52296fcce64d1a72538a70b90"},"image":{"@id":"https:\/\/apuntesdesanluis.com\/index.php\/2024\/02\/28\/firmaron-un-convenio-estrategico-en-agrozal-para-impulsar-el-desarrollo-agricola\/#primaryimage"},"thumbnailUrl":"https:\/\/apuntesdesanluis.com\/wp-content\/uploads\/2024\/02\/firma-pogi.png","articleSection":["Ciudad\/Provincia"],"inLanguage":"es-AR"},{"@type":"WebPage","@id":"https:\/\/apuntesdesanluis.com\/index.php\/2024\/02\/28\/firmaron-un-convenio-estrategico-en-agrozal-para-impulsar-el-desarrollo-agricola\/","url":"https:\/\/apuntesdesanluis.com\/index.php\/2024\/02\/28\/firmaron-un-convenio-estrategico-en-agrozal-para-impulsar-el-desarrollo-agricola\/","name":"FIRMARON UN CONVENIO ESTRAT\u00c9GICO EN AGROZAL PARA IMPULSAR EL DESARROLLO AGR\u00cdCOLA - Apuntes de San Luis","isPartOf":{"@id":"https:\/\/apuntesdesanluis.com\/#website"},"primaryImageOfPage":{"@id":"https:\/\/apuntesdesanluis.com\/index.php\/2024\/02\/28\/firmaron-un-convenio-estrategico-en-agrozal-para-impulsar-el-desarrollo-agricola\/#primaryimage"},"image":{"@id":"https:\/\/apuntesdesanluis.com\/index.php\/2024\/02\/28\/firmaron-un-convenio-estrategico-en-agrozal-para-impulsar-el-desarrollo-agricola\/#primaryimage"},"thumbnailUrl":"https:\/\/apuntesdesanluis.com\/wp-content\/uploads\/2024\/02\/firma-pogi.png","datePublished":"2024-02-29T01:01:16+00:00","breadcrumb":{"@id":"https:\/\/apuntesdesanluis.com\/index.php\/2024\/02\/28\/firmaron-un-convenio-estrategico-en-agrozal-para-impulsar-el-desarrollo-agricola\/#breadcrumb"},"inLanguage":"es-AR","potentialAction":[{"@type":"ReadAction","target":["https:\/\/apuntesdesanluis.com\/index.php\/2024\/02\/28\/firmaron-un-convenio-estrategico-en-agrozal-para-impulsar-el-desarrollo-agricola\/"]}]},{"@type":"ImageObject","inLanguage":"es-AR","@id":"https:\/\/apuntesdesanluis.com\/index.php\/2024\/02\/28\/firmaron-un-convenio-estrategico-en-agrozal-para-impulsar-el-desarrollo-agricola\/#primaryimage","url":"https:\/\/apuntesdesanluis.com\/wp-content\/uploads\/2024\/02\/firma-pogi.png","contentUrl":"https:\/\/apuntesdesanluis.com\/wp-content\/uploads\/2024\/02\/firma-pogi.png","width":600,"height":379},{"@type":"BreadcrumbList","@id":"https:\/\/apuntesdesanluis.com\/index.php\/2024\/02\/28\/firmaron-un-convenio-estrategico-en-agrozal-para-impulsar-el-desarrollo-agricola\/#breadcrumb","itemListElement":[{"@type":"ListItem","position":1,"name":"Inicio","item":"https:\/\/apuntesdesanluis.com\/"},{"@type":"ListItem","position":2,"name":"FIRMARON UN CONVENIO ESTRAT\u00c9GICO EN AGROZAL PARA IMPULSAR EL DESARROLLO AGR\u00cdCOLA"}]},{"@type":"WebSite","@id":"https:\/\/apuntesdesanluis.com\/#website","url":"https:\/\/apuntesdesanluis.com\/","name":"Apuntes de San Luis","description":"","publisher":{"@id":"https:\/\/apuntesdesanluis.com\/#\/schema\/person\/b55151d52296fcce64d1a72538a70b90"},"potentialAction":[{"@type":"SearchAction","target":{"@type":"EntryPoint","urlTemplate":"https:\/\/apuntesdesanluis.com\/?s={search_term_string}"},"query-input":{"@type":"PropertyValueSpecification","valueRequired":true,"valueName":"search_term_string"}}],"inLanguage":"es-AR"},{"@type":["Person","Organization"],"@id":"https:\/\/apuntesdesanluis.com\/#\/schema\/person\/b55151d52296fcce64d1a72538a70b90","name":"apuntesdesanluis.com","image":{"@type":"ImageObject","inLanguage":"es-AR","@id":"https:\/\/apuntesdesanluis.com\/#\/schema\/person\/image\/","url":"https:\/\/apuntesdesanluis.com\/wp-content\/uploads\/2023\/07\/cropped-apuntesdesanluis.png","contentUrl":"https:\/\/apuntesdesanluis.com\/wp-content\/uploads\/2023\/07\/cropped-apuntesdesanluis.png","width":450,"height":112,"caption":"apuntesdesanluis.com"},"logo":{"@id":"https:\/\/apuntesdesanluis.com\/#\/schema\/person\/image\/"},"sameAs":["https:\/\/apuntesdesanluis.com"],"url":"https:\/\/apuntesdesanluis.com\/index.php\/author\/apuntesdesanluis-com\/"}]}},"featured_image_urls":{"full":["https:\/\/apuntesdesanluis.com\/wp-content\/uploads\/2024\/02\/firma-pogi.png",600,379,false],"thumbnail":["https:\/\/apuntesdesanluis.com\/wp-content\/uploads\/2024\/02\/firma-pogi-150x150.png",150,150,true],"medium":["https:\/\/apuntesdesanluis.com\/wp-content\/uploads\/2024\/02\/firma-pogi-300x190.png",300,190,true],"medium_large":["https:\/\/apuntesdesanluis.com\/wp-content\/uploads\/2024\/02\/firma-pogi.png",600,379,false],"large":["https:\/\/apuntesdesanluis.com\/wp-content\/uploads\/2024\/02\/firma-pogi.png",600,379,false],"1536x1536":["https:\/\/apuntesdesanluis.com\/wp-content\/uploads\/2024\/02\/firma-pogi.png",600,379,false],"2048x2048":["https:\/\/apuntesdesanluis.com\/wp-content\/uploads\/2024\/02\/firma-pogi.png",600,379,false],"newsever-slider-full":["https:\/\/apuntesdesanluis.com\/wp-content\/uploads\/2024\/02\/firma-pogi.png",600,379,false],"newsever-featured":["https:\/\/apuntesdesanluis.com\/wp-content\/uploads\/2024\/02\/firma-pogi.png",600,379,false],"newsever-medium":["https:\/\/apuntesdesanluis.com\/wp-content\/uploads\/2024\/02\/firma-pogi.png",600,379,false]},"author_info":{"display_name":"apuntesdesanluis.com","author_link":"https:\/\/apuntesdesanluis.com\/index.php\/author\/apuntesdesanluis-com\/"},"category_info":"<a href=\"https:\/\/apuntesdesanluis.com\/index.php\/category\/ciudad-provincia\/\" rel=\"category tag\">Ciudad\/Provincia<\/a>","tag_info":"Ciudad\/Provincia","comment_count":"0","_links":{"self":[{"href":"https:\/\/apuntesdesanluis.com\/index.php\/wp-json\/wp\/v2\/posts\/12457","targetHints":{"allow":["GET"]}}],"collection":[{"href":"https:\/\/apuntesdesanluis.com\/index.php\/wp-json\/wp\/v2\/posts"}],"about":[{"href":"https:\/\/apuntesdesanluis.com\/index.php\/wp-json\/wp\/v2\/types\/post"}],"author":[{"embeddable":true,"href":"https:\/\/apuntesdesanluis.com\/index.php\/wp-json\/wp\/v2\/users\/1"}],"replies":[{"embeddable":true,"href":"https:\/\/apuntesdesanluis.com\/index.php\/wp-json\/wp\/v2\/comments?post=12457"}],"version-history":[{"count":1,"href":"https:\/\/apuntesdesanluis.com\/index.php\/wp-json\/wp\/v2\/posts\/12457\/revisions"}],"predecessor-version":[{"id":12461,"href":"https:\/\/apuntesdesanluis.com\/index.php\/wp-json\/wp\/v2\/posts\/12457\/revisions\/12461"}],"wp:featuredmedia":[{"embeddable":true,"href":"https:\/\/apuntesdesanluis.com\/index.php\/wp-json\/wp\/v2\/media\/12458"}],"wp:attachment":[{"href":"https:\/\/apuntesdesanluis.com\/index.php\/wp-json\/wp\/v2\/media?parent=12457"}],"wp:term":[{"taxonomy":"category","embeddable":true,"href":"https:\/\/apuntesdesanluis.com\/index.php\/wp-json\/wp\/v2\/categories?post=12457"},{"taxonomy":"post_tag","embeddable":true,"href":"https:\/\/apuntesdesanluis.com\/index.php\/wp-json\/wp\/v2\/tags?post=12457"}],"curies":[{"name":"wp","href":"https:\/\/api.w.org\/{rel}","templated":true}]}}