{"id":12476,"date":"2024-02-28T19:58:49","date_gmt":"2024-02-28T22:58:49","guid":{"rendered":"https:\/\/apuntesdesanluis.com\/?p=12476"},"modified":"2024-02-29T02:00:15","modified_gmt":"2024-02-29T05:00:15","slug":"cintia-ramirez-inauguro-el-desfile-en-tribunales-de-ex-funcionarios-de-alberto-rodriguez-saa","status":"publish","type":"post","link":"https:\/\/apuntesdesanluis.com\/index.php\/2024\/02\/28\/cintia-ramirez-inauguro-el-desfile-en-tribunales-de-ex-funcionarios-de-alberto-rodriguez-saa\/","title":{"rendered":"CINTIA RAM\u00cdREZ INAUGUR\u00d3 EL DESFILE EN TRIBUNALES DE EX FUNCIONARIOS DE ALBERTO RODR\u00cdGUEZ SA\u00c1"},"content":{"rendered":"<h3><strong>Cintia Ram\u00edrez<\/strong> se convirti\u00f3 en la primera ex funcionaria de <strong>Alberto Rodr\u00edguez Sa\u00e1<\/strong> en ser acusada formalmente en la Justicia, por presuntos hechos de corrupci\u00f3n que se produjeron durante la gesti\u00f3n anterior y que fueron denunciados desde el 10 de diciembre.<\/h3>\n<h3>Este mi\u00e9rcoles en horas de la ma\u00f1ana, ante el juez de Garant\u00eda N\u00b03, Marcos Flores Leyes, el fiscal de Instrucci\u00f3n N\u00b01, Francisco Assat Al\u00ed acus\u00f3 formalmente a la ex secretaria de Deportes por cuatro delitos: negociaciones incompatibles con la funci\u00f3n, malversaci\u00f3n de caudales, incumplimiento de los deberes y fraude en perjuicio de la administraci\u00f3n p\u00fablica.<\/h3>\n<h3>En representaci\u00f3n de la fiscal\u00eda de Estado interviene en la causa el abogado Santiago Calder\u00f3n Salom\u00f3n, quien inicialmente expres\u00f3 su coincidencia con Assat Al\u00ed.<\/h3>\n<h3>El representante del ministerio P\u00fablico Fiscal solicit\u00f3 como medidas cautelares la firma del libro de imputados durante cuatro meses, la prohibici\u00f3n de salir de la provincia por el mismo plazo y la inhibici\u00f3n general de sus bienes hasta la finalizaci\u00f3n del debate oral.<\/h3>\n<h3>Ram\u00edrez es investigada porque durante el gobierno anterior cumpli\u00f3 tres roles en simult\u00e1neo (secretaria de Deportes, presidenta del Ente Deporte y del San Luis F\u00fatbol Club (SLFC). Sospechan que aprovech\u00e1ndose de esas funciones, us\u00f3 recursos del Estado para beneficio propio, efectuando cientos de trasferencias a la entidad deportiva y comprando un colectivo con sobreprecio, entre otras irregularidades.<\/h3>\n<h3>Sobre la inhibici\u00f3n general de bienes, el fiscal argument\u00f3 que de acuerdo a la escala penal, Ram\u00edrez podr\u00eda tener que hacer frente a un embargo de $2283 millones ante una posible condena. Lleg\u00f3 a ese n\u00famero al multiplicar en cinco los recursos estatales afectados de las transferencias y el colectivo, que ascienden a $456.612.164. Tambi\u00e9n solicit\u00f3 prisi\u00f3n preventiva por 120 d\u00edas.<\/h3>\n<h3>Los abogados Marcos Ju\u00e1rez y Ramiro Rubio asumieron la defensa de la ex funcionaria, que se se abstuvo de declarar.<\/h3>\n<h3>Ju\u00e1rez solicit\u00f3 la nulidad de la formulaci\u00f3n de cargos por incongruencia. Apunt\u00f3 a una violaci\u00f3n del debido proceso y de defensa de Ram\u00edrez. Consider\u00f3 que se trat\u00f3 de una acusaci\u00f3n apresurada y tergiversada.<\/h3>\n<h3>En otro tramo, asegur\u00f3 que las transferencias s\u00f3lo fueron 125 y que \u201cninguna corresponde a las cuentas del SLFC\u201d. Agreg\u00f3 que el expediente del colectivo \u201cno pas\u00f3 por Ram\u00edrez\u201d. Subray\u00f3 que \u201ccada peso que se transfiri\u00f3 estaba destinado a fomentar el deporte\u201d y que fue \u201cuna funcionaria ejemplar\u201d.<\/h3>\n<h3>Tras la r\u00e9plica de todas las partes, Flores Leyes decidi\u00f3 rechazar el pedido de nulidad de Ju\u00e1rez, la pr\u00f3rroga de los ocho d\u00edas y la prisi\u00f3n preventiva que solicit\u00f3 Calder\u00f3n Salom\u00f3n.<\/h3>\n<h3>As\u00ed, Assat Al\u00ed tendr\u00e1 120 d\u00edas para llevar adelante la investigaci\u00f3n. Durante ese mismo tiempo, Ram\u00edrez tendr\u00e1 que acudir del 1 al 10 de cada mes a firmar el libro de los imputados, no podr\u00e1 salir de la provincia salvo cuestiones de trabajo, salud u urgencia. Pero antes deber\u00e1 avisar a la Fiscal\u00eda.<\/h3>\n<h3><strong>Foto e info: El Chorrillero<\/strong><\/h3>\n<p>&nbsp;<\/p>\n<p>&nbsp;<\/p>\n<p>&nbsp;<\/p>\n<p>&nbsp;<\/p>\n","protected":false},"excerpt":{"rendered":"<p>Cintia Ram\u00edrez se convirti\u00f3 en la primera ex funcionaria de Alberto Rodr\u00edguez Sa\u00e1 en ser&#8230;<\/p>\n","protected":false},"author":1,"featured_media":12477,"comment_status":"closed","ping_status":"closed","sticky":false,"template":"","format":"standard","meta":{"footnotes":""},"categories":[6],"tags":[],"class_list":["post-12476","post","type-post","status-publish","format-standard","has-post-thumbnail","hentry","category-ciudad-provincia"],"yoast_head":"<!-- This site is optimized with the Yoast SEO plugin v26.1.1 - https:\/\/yoast.com\/wordpress\/plugins\/seo\/ -->\n<title>CINTIA RAM\u00cdREZ INAUGUR\u00d3 EL DESFILE EN TRIBUNALES DE EX FUNCIONARIOS DE ALBERTO RODR\u00cdGUEZ SA\u00c1 - Apuntes de San Luis<\/title>\n<meta name=\"robots\" content=\"index, follow, max-snippet:-1, max-image-preview:large, max-video-preview:-1\" \/>\n<link rel=\"canonical\" href=\"https:\/\/apuntesdesanluis.com\/index.php\/2024\/02\/28\/cintia-ramirez-inauguro-el-desfile-en-tribunales-de-ex-funcionarios-de-alberto-rodriguez-saa\/\" \/>\n<meta property=\"og:locale\" content=\"es_ES\" \/>\n<meta property=\"og:type\" content=\"article\" \/>\n<meta property=\"og:title\" content=\"CINTIA RAM\u00cdREZ INAUGUR\u00d3 EL DESFILE EN TRIBUNALES DE EX FUNCIONARIOS DE ALBERTO RODR\u00cdGUEZ SA\u00c1 - Apuntes de San Luis\" \/>\n<meta property=\"og:description\" content=\"Cintia Ram\u00edrez se convirti\u00f3 en la primera ex funcionaria de Alberto Rodr\u00edguez Sa\u00e1 en ser...\" \/>\n<meta property=\"og:url\" content=\"https:\/\/apuntesdesanluis.com\/index.php\/2024\/02\/28\/cintia-ramirez-inauguro-el-desfile-en-tribunales-de-ex-funcionarios-de-alberto-rodriguez-saa\/\" \/>\n<meta property=\"og:site_name\" content=\"Apuntes de San Luis\" \/>\n<meta property=\"article:published_time\" content=\"2024-02-28T22:58:49+00:00\" \/>\n<meta property=\"article:modified_time\" content=\"2024-02-29T05:00:15+00:00\" \/>\n<meta property=\"og:image\" content=\"https:\/\/apuntesdesanluis.com\/wp-content\/uploads\/2024\/02\/cintia-en-tribunales.png\" \/>\n\t<meta property=\"og:image:width\" content=\"706\" \/>\n\t<meta property=\"og:image:height\" content=\"443\" \/>\n\t<meta property=\"og:image:type\" content=\"image\/png\" \/>\n<meta name=\"author\" content=\"apuntesdesanluis.com\" \/>\n<meta name=\"twitter:card\" content=\"summary_large_image\" \/>\n<meta name=\"twitter:label1\" content=\"Escrito por\" \/>\n\t<meta name=\"twitter:data1\" content=\"apuntesdesanluis.com\" \/>\n\t<meta name=\"twitter:label2\" content=\"Tiempo de lectura\" \/>\n\t<meta name=\"twitter:data2\" content=\"3 minutos\" \/>\n<script type=\"application\/ld+json\" class=\"yoast-schema-graph\">{\"@context\":\"https:\/\/schema.org\",\"@graph\":[{\"@type\":\"Article\",\"@id\":\"https:\/\/apuntesdesanluis.com\/index.php\/2024\/02\/28\/cintia-ramirez-inauguro-el-desfile-en-tribunales-de-ex-funcionarios-de-alberto-rodriguez-saa\/#article\",\"isPartOf\":{\"@id\":\"https:\/\/apuntesdesanluis.com\/index.php\/2024\/02\/28\/cintia-ramirez-inauguro-el-desfile-en-tribunales-de-ex-funcionarios-de-alberto-rodriguez-saa\/\"},\"author\":{\"name\":\"apuntesdesanluis.com\",\"@id\":\"https:\/\/apuntesdesanluis.com\/#\/schema\/person\/b55151d52296fcce64d1a72538a70b90\"},\"headline\":\"CINTIA RAM\u00cdREZ INAUGUR\u00d3 EL DESFILE EN TRIBUNALES DE EX FUNCIONARIOS DE ALBERTO RODR\u00cdGUEZ SA\u00c1\",\"datePublished\":\"2024-02-28T22:58:49+00:00\",\"dateModified\":\"2024-02-29T05:00:15+00:00\",\"mainEntityOfPage\":{\"@id\":\"https:\/\/apuntesdesanluis.com\/index.php\/2024\/02\/28\/cintia-ramirez-inauguro-el-desfile-en-tribunales-de-ex-funcionarios-de-alberto-rodriguez-saa\/\"},\"wordCount\":533,\"publisher\":{\"@id\":\"https:\/\/apuntesdesanluis.com\/#\/schema\/person\/b55151d52296fcce64d1a72538a70b90\"},\"image\":{\"@id\":\"https:\/\/apuntesdesanluis.com\/index.php\/2024\/02\/28\/cintia-ramirez-inauguro-el-desfile-en-tribunales-de-ex-funcionarios-de-alberto-rodriguez-saa\/#primaryimage\"},\"thumbnailUrl\":\"https:\/\/apuntesdesanluis.com\/wp-content\/uploads\/2024\/02\/cintia-en-tribunales.png\",\"articleSection\":[\"Ciudad\/Provincia\"],\"inLanguage\":\"es-AR\"},{\"@type\":\"WebPage\",\"@id\":\"https:\/\/apuntesdesanluis.com\/index.php\/2024\/02\/28\/cintia-ramirez-inauguro-el-desfile-en-tribunales-de-ex-funcionarios-de-alberto-rodriguez-saa\/\",\"url\":\"https:\/\/apuntesdesanluis.com\/index.php\/2024\/02\/28\/cintia-ramirez-inauguro-el-desfile-en-tribunales-de-ex-funcionarios-de-alberto-rodriguez-saa\/\",\"name\":\"CINTIA RAM\u00cdREZ INAUGUR\u00d3 EL DESFILE EN TRIBUNALES DE EX FUNCIONARIOS DE ALBERTO RODR\u00cdGUEZ SA\u00c1 - Apuntes de San Luis\",\"isPartOf\":{\"@id\":\"https:\/\/apuntesdesanluis.com\/#website\"},\"primaryImageOfPage\":{\"@id\":\"https:\/\/apuntesdesanluis.com\/index.php\/2024\/02\/28\/cintia-ramirez-inauguro-el-desfile-en-tribunales-de-ex-funcionarios-de-alberto-rodriguez-saa\/#primaryimage\"},\"image\":{\"@id\":\"https:\/\/apuntesdesanluis.com\/index.php\/2024\/02\/28\/cintia-ramirez-inauguro-el-desfile-en-tribunales-de-ex-funcionarios-de-alberto-rodriguez-saa\/#primaryimage\"},\"thumbnailUrl\":\"https:\/\/apuntesdesanluis.com\/wp-content\/uploads\/2024\/02\/cintia-en-tribunales.png\",\"datePublished\":\"2024-02-28T22:58:49+00:00\",\"dateModified\":\"2024-02-29T05:00:15+00:00\",\"breadcrumb\":{\"@id\":\"https:\/\/apuntesdesanluis.com\/index.php\/2024\/02\/28\/cintia-ramirez-inauguro-el-desfile-en-tribunales-de-ex-funcionarios-de-alberto-rodriguez-saa\/#breadcrumb\"},\"inLanguage\":\"es-AR\",\"potentialAction\":[{\"@type\":\"ReadAction\",\"target\":[\"https:\/\/apuntesdesanluis.com\/index.php\/2024\/02\/28\/cintia-ramirez-inauguro-el-desfile-en-tribunales-de-ex-funcionarios-de-alberto-rodriguez-saa\/\"]}]},{\"@type\":\"ImageObject\",\"inLanguage\":\"es-AR\",\"@id\":\"https:\/\/apuntesdesanluis.com\/index.php\/2024\/02\/28\/cintia-ramirez-inauguro-el-desfile-en-tribunales-de-ex-funcionarios-de-alberto-rodriguez-saa\/#primaryimage\",\"url\":\"https:\/\/apuntesdesanluis.com\/wp-content\/uploads\/2024\/02\/cintia-en-tribunales.png\",\"contentUrl\":\"https:\/\/apuntesdesanluis.com\/wp-content\/uploads\/2024\/02\/cintia-en-tribunales.png\",\"width\":706,\"height\":443},{\"@type\":\"BreadcrumbList\",\"@id\":\"https:\/\/apuntesdesanluis.com\/index.php\/2024\/02\/28\/cintia-ramirez-inauguro-el-desfile-en-tribunales-de-ex-funcionarios-de-alberto-rodriguez-saa\/#breadcrumb\",\"itemListElement\":[{\"@type\":\"ListItem\",\"position\":1,\"name\":\"Inicio\",\"item\":\"https:\/\/apuntesdesanluis.com\/\"},{\"@type\":\"ListItem\",\"position\":2,\"name\":\"CINTIA RAM\u00cdREZ INAUGUR\u00d3 EL DESFILE EN TRIBUNALES DE EX FUNCIONARIOS DE ALBERTO RODR\u00cdGUEZ SA\u00c1\"}]},{\"@type\":\"WebSite\",\"@id\":\"https:\/\/apuntesdesanluis.com\/#website\",\"url\":\"https:\/\/apuntesdesanluis.com\/\",\"name\":\"Apuntes de San Luis\",\"description\":\"\",\"publisher\":{\"@id\":\"https:\/\/apuntesdesanluis.com\/#\/schema\/person\/b55151d52296fcce64d1a72538a70b90\"},\"potentialAction\":[{\"@type\":\"SearchAction\",\"target\":{\"@type\":\"EntryPoint\",\"urlTemplate\":\"https:\/\/apuntesdesanluis.com\/?s={search_term_string}\"},\"query-input\":{\"@type\":\"PropertyValueSpecification\",\"valueRequired\":true,\"valueName\":\"search_term_string\"}}],\"inLanguage\":\"es-AR\"},{\"@type\":[\"Person\",\"Organization\"],\"@id\":\"https:\/\/apuntesdesanluis.com\/#\/schema\/person\/b55151d52296fcce64d1a72538a70b90\",\"name\":\"apuntesdesanluis.com\",\"image\":{\"@type\":\"ImageObject\",\"inLanguage\":\"es-AR\",\"@id\":\"https:\/\/apuntesdesanluis.com\/#\/schema\/person\/image\/\",\"url\":\"https:\/\/apuntesdesanluis.com\/wp-content\/uploads\/2023\/07\/cropped-apuntesdesanluis.png\",\"contentUrl\":\"https:\/\/apuntesdesanluis.com\/wp-content\/uploads\/2023\/07\/cropped-apuntesdesanluis.png\",\"width\":450,\"height\":112,\"caption\":\"apuntesdesanluis.com\"},\"logo\":{\"@id\":\"https:\/\/apuntesdesanluis.com\/#\/schema\/person\/image\/\"},\"sameAs\":[\"https:\/\/apuntesdesanluis.com\"],\"url\":\"https:\/\/apuntesdesanluis.com\/index.php\/author\/apuntesdesanluis-com\/\"}]}<\/script>\n<!-- \/ Yoast SEO plugin. -->","yoast_head_json":{"title":"CINTIA RAM\u00cdREZ INAUGUR\u00d3 EL DESFILE EN TRIBUNALES DE EX FUNCIONARIOS DE ALBERTO RODR\u00cdGUEZ SA\u00c1 - Apuntes de San Luis","robots":{"index":"index","follow":"follow","max-snippet":"max-snippet:-1","max-image-preview":"max-image-preview:large","max-video-preview":"max-video-preview:-1"},"canonical":"https:\/\/apuntesdesanluis.com\/index.php\/2024\/02\/28\/cintia-ramirez-inauguro-el-desfile-en-tribunales-de-ex-funcionarios-de-alberto-rodriguez-saa\/","og_locale":"es_ES","og_type":"article","og_title":"CINTIA RAM\u00cdREZ INAUGUR\u00d3 EL DESFILE EN TRIBUNALES DE EX FUNCIONARIOS DE ALBERTO RODR\u00cdGUEZ SA\u00c1 - Apuntes de San Luis","og_description":"Cintia Ram\u00edrez se convirti\u00f3 en la primera ex funcionaria de Alberto Rodr\u00edguez Sa\u00e1 en ser...","og_url":"https:\/\/apuntesdesanluis.com\/index.php\/2024\/02\/28\/cintia-ramirez-inauguro-el-desfile-en-tribunales-de-ex-funcionarios-de-alberto-rodriguez-saa\/","og_site_name":"Apuntes de San Luis","article_published_time":"2024-02-28T22:58:49+00:00","article_modified_time":"2024-02-29T05:00:15+00:00","og_image":[{"width":706,"height":443,"url":"https:\/\/apuntesdesanluis.com\/wp-content\/uploads\/2024\/02\/cintia-en-tribunales.png","type":"image\/png"}],"author":"apuntesdesanluis.com","twitter_card":"summary_large_image","twitter_misc":{"Escrito por":"apuntesdesanluis.com","Tiempo de lectura":"3 minutos"},"schema":{"@context":"https:\/\/schema.org","@graph":[{"@type":"Article","@id":"https:\/\/apuntesdesanluis.com\/index.php\/2024\/02\/28\/cintia-ramirez-inauguro-el-desfile-en-tribunales-de-ex-funcionarios-de-alberto-rodriguez-saa\/#article","isPartOf":{"@id":"https:\/\/apuntesdesanluis.com\/index.php\/2024\/02\/28\/cintia-ramirez-inauguro-el-desfile-en-tribunales-de-ex-funcionarios-de-alberto-rodriguez-saa\/"},"author":{"name":"apuntesdesanluis.com","@id":"https:\/\/apuntesdesanluis.com\/#\/schema\/person\/b55151d52296fcce64d1a72538a70b90"},"headline":"CINTIA RAM\u00cdREZ INAUGUR\u00d3 EL DESFILE EN TRIBUNALES DE EX FUNCIONARIOS DE ALBERTO RODR\u00cdGUEZ SA\u00c1","datePublished":"2024-02-28T22:58:49+00:00","dateModified":"2024-02-29T05:00:15+00:00","mainEntityOfPage":{"@id":"https:\/\/apuntesdesanluis.com\/index.php\/2024\/02\/28\/cintia-ramirez-inauguro-el-desfile-en-tribunales-de-ex-funcionarios-de-alberto-rodriguez-saa\/"},"wordCount":533,"publisher":{"@id":"https:\/\/apuntesdesanluis.com\/#\/schema\/person\/b55151d52296fcce64d1a72538a70b90"},"image":{"@id":"https:\/\/apuntesdesanluis.com\/index.php\/2024\/02\/28\/cintia-ramirez-inauguro-el-desfile-en-tribunales-de-ex-funcionarios-de-alberto-rodriguez-saa\/#primaryimage"},"thumbnailUrl":"https:\/\/apuntesdesanluis.com\/wp-content\/uploads\/2024\/02\/cintia-en-tribunales.png","articleSection":["Ciudad\/Provincia"],"inLanguage":"es-AR"},{"@type":"WebPage","@id":"https:\/\/apuntesdesanluis.com\/index.php\/2024\/02\/28\/cintia-ramirez-inauguro-el-desfile-en-tribunales-de-ex-funcionarios-de-alberto-rodriguez-saa\/","url":"https:\/\/apuntesdesanluis.com\/index.php\/2024\/02\/28\/cintia-ramirez-inauguro-el-desfile-en-tribunales-de-ex-funcionarios-de-alberto-rodriguez-saa\/","name":"CINTIA RAM\u00cdREZ INAUGUR\u00d3 EL DESFILE EN TRIBUNALES DE EX FUNCIONARIOS DE ALBERTO RODR\u00cdGUEZ SA\u00c1 - Apuntes de San Luis","isPartOf":{"@id":"https:\/\/apuntesdesanluis.com\/#website"},"primaryImageOfPage":{"@id":"https:\/\/apuntesdesanluis.com\/index.php\/2024\/02\/28\/cintia-ramirez-inauguro-el-desfile-en-tribunales-de-ex-funcionarios-de-alberto-rodriguez-saa\/#primaryimage"},"image":{"@id":"https:\/\/apuntesdesanluis.com\/index.php\/2024\/02\/28\/cintia-ramirez-inauguro-el-desfile-en-tribunales-de-ex-funcionarios-de-alberto-rodriguez-saa\/#primaryimage"},"thumbnailUrl":"https:\/\/apuntesdesanluis.com\/wp-content\/uploads\/2024\/02\/cintia-en-tribunales.png","datePublished":"2024-02-28T22:58:49+00:00","dateModified":"2024-02-29T05:00:15+00:00","breadcrumb":{"@id":"https:\/\/apuntesdesanluis.com\/index.php\/2024\/02\/28\/cintia-ramirez-inauguro-el-desfile-en-tribunales-de-ex-funcionarios-de-alberto-rodriguez-saa\/#breadcrumb"},"inLanguage":"es-AR","potentialAction":[{"@type":"ReadAction","target":["https:\/\/apuntesdesanluis.com\/index.php\/2024\/02\/28\/cintia-ramirez-inauguro-el-desfile-en-tribunales-de-ex-funcionarios-de-alberto-rodriguez-saa\/"]}]},{"@type":"ImageObject","inLanguage":"es-AR","@id":"https:\/\/apuntesdesanluis.com\/index.php\/2024\/02\/28\/cintia-ramirez-inauguro-el-desfile-en-tribunales-de-ex-funcionarios-de-alberto-rodriguez-saa\/#primaryimage","url":"https:\/\/apuntesdesanluis.com\/wp-content\/uploads\/2024\/02\/cintia-en-tribunales.png","contentUrl":"https:\/\/apuntesdesanluis.com\/wp-content\/uploads\/2024\/02\/cintia-en-tribunales.png","width":706,"height":443},{"@type":"BreadcrumbList","@id":"https:\/\/apuntesdesanluis.com\/index.php\/2024\/02\/28\/cintia-ramirez-inauguro-el-desfile-en-tribunales-de-ex-funcionarios-de-alberto-rodriguez-saa\/#breadcrumb","itemListElement":[{"@type":"ListItem","position":1,"name":"Inicio","item":"https:\/\/apuntesdesanluis.com\/"},{"@type":"ListItem","position":2,"name":"CINTIA RAM\u00cdREZ INAUGUR\u00d3 EL DESFILE EN TRIBUNALES DE EX FUNCIONARIOS DE ALBERTO RODR\u00cdGUEZ SA\u00c1"}]},{"@type":"WebSite","@id":"https:\/\/apuntesdesanluis.com\/#website","url":"https:\/\/apuntesdesanluis.com\/","name":"Apuntes de San Luis","description":"","publisher":{"@id":"https:\/\/apuntesdesanluis.com\/#\/schema\/person\/b55151d52296fcce64d1a72538a70b90"},"potentialAction":[{"@type":"SearchAction","target":{"@type":"EntryPoint","urlTemplate":"https:\/\/apuntesdesanluis.com\/?s={search_term_string}"},"query-input":{"@type":"PropertyValueSpecification","valueRequired":true,"valueName":"search_term_string"}}],"inLanguage":"es-AR"},{"@type":["Person","Organization"],"@id":"https:\/\/apuntesdesanluis.com\/#\/schema\/person\/b55151d52296fcce64d1a72538a70b90","name":"apuntesdesanluis.com","image":{"@type":"ImageObject","inLanguage":"es-AR","@id":"https:\/\/apuntesdesanluis.com\/#\/schema\/person\/image\/","url":"https:\/\/apuntesdesanluis.com\/wp-content\/uploads\/2023\/07\/cropped-apuntesdesanluis.png","contentUrl":"https:\/\/apuntesdesanluis.com\/wp-content\/uploads\/2023\/07\/cropped-apuntesdesanluis.png","width":450,"height":112,"caption":"apuntesdesanluis.com"},"logo":{"@id":"https:\/\/apuntesdesanluis.com\/#\/schema\/person\/image\/"},"sameAs":["https:\/\/apuntesdesanluis.com"],"url":"https:\/\/apuntesdesanluis.com\/index.php\/author\/apuntesdesanluis-com\/"}]}},"featured_image_urls":{"full":["https:\/\/apuntesdesanluis.com\/wp-content\/uploads\/2024\/02\/cintia-en-tribunales.png",706,443,false],"thumbnail":["https:\/\/apuntesdesanluis.com\/wp-content\/uploads\/2024\/02\/cintia-en-tribunales-150x150.png",150,150,true],"medium":["https:\/\/apuntesdesanluis.com\/wp-content\/uploads\/2024\/02\/cintia-en-tribunales-300x188.png",300,188,true],"medium_large":["https:\/\/apuntesdesanluis.com\/wp-content\/uploads\/2024\/02\/cintia-en-tribunales.png",640,402,false],"large":["https:\/\/apuntesdesanluis.com\/wp-content\/uploads\/2024\/02\/cintia-en-tribunales.png",640,402,false],"1536x1536":["https:\/\/apuntesdesanluis.com\/wp-content\/uploads\/2024\/02\/cintia-en-tribunales.png",706,443,false],"2048x2048":["https:\/\/apuntesdesanluis.com\/wp-content\/uploads\/2024\/02\/cintia-en-tribunales.png",706,443,false],"newsever-slider-full":["https:\/\/apuntesdesanluis.com\/wp-content\/uploads\/2024\/02\/cintia-en-tribunales.png",706,443,false],"newsever-featured":["https:\/\/apuntesdesanluis.com\/wp-content\/uploads\/2024\/02\/cintia-en-tribunales.png",706,443,false],"newsever-medium":["https:\/\/apuntesdesanluis.com\/wp-content\/uploads\/2024\/02\/cintia-en-tribunales.png",706,443,false]},"author_info":{"display_name":"apuntesdesanluis.com","author_link":"https:\/\/apuntesdesanluis.com\/index.php\/author\/apuntesdesanluis-com\/"},"category_info":"<a href=\"https:\/\/apuntesdesanluis.com\/index.php\/category\/ciudad-provincia\/\" rel=\"category tag\">Ciudad\/Provincia<\/a>","tag_info":"Ciudad\/Provincia","comment_count":"0","_links":{"self":[{"href":"https:\/\/apuntesdesanluis.com\/index.php\/wp-json\/wp\/v2\/posts\/12476","targetHints":{"allow":["GET"]}}],"collection":[{"href":"https:\/\/apuntesdesanluis.com\/index.php\/wp-json\/wp\/v2\/posts"}],"about":[{"href":"https:\/\/apuntesdesanluis.com\/index.php\/wp-json\/wp\/v2\/types\/post"}],"author":[{"embeddable":true,"href":"https:\/\/apuntesdesanluis.com\/index.php\/wp-json\/wp\/v2\/users\/1"}],"replies":[{"embeddable":true,"href":"https:\/\/apuntesdesanluis.com\/index.php\/wp-json\/wp\/v2\/comments?post=12476"}],"version-history":[{"count":2,"href":"https:\/\/apuntesdesanluis.com\/index.php\/wp-json\/wp\/v2\/posts\/12476\/revisions"}],"predecessor-version":[{"id":12479,"href":"https:\/\/apuntesdesanluis.com\/index.php\/wp-json\/wp\/v2\/posts\/12476\/revisions\/12479"}],"wp:featuredmedia":[{"embeddable":true,"href":"https:\/\/apuntesdesanluis.com\/index.php\/wp-json\/wp\/v2\/media\/12477"}],"wp:attachment":[{"href":"https:\/\/apuntesdesanluis.com\/index.php\/wp-json\/wp\/v2\/media?parent=12476"}],"wp:term":[{"taxonomy":"category","embeddable":true,"href":"https:\/\/apuntesdesanluis.com\/index.php\/wp-json\/wp\/v2\/categories?post=12476"},{"taxonomy":"post_tag","embeddable":true,"href":"https:\/\/apuntesdesanluis.com\/index.php\/wp-json\/wp\/v2\/tags?post=12476"}],"curies":[{"name":"wp","href":"https:\/\/api.w.org\/{rel}","templated":true}]}}