{"id":12506,"date":"2024-02-29T13:26:51","date_gmt":"2024-02-29T16:26:51","guid":{"rendered":"https:\/\/apuntesdesanluis.com\/?p=12506"},"modified":"2024-02-29T13:26:51","modified_gmt":"2024-02-29T16:26:51","slug":"homicidio-en-barrio-eva-peron-la-fiscalia-pidio-18-anos-de-prision","status":"publish","type":"post","link":"https:\/\/apuntesdesanluis.com\/index.php\/2024\/02\/29\/homicidio-en-barrio-eva-peron-la-fiscalia-pidio-18-anos-de-prision\/","title":{"rendered":"HOMICIDIO EN BARRIO EVA PER\u00d3N: LA FISCAL\u00cdA PIDI\u00d3 18 A\u00d1OS DE PRISI\u00d3N"},"content":{"rendered":"<h3>El hecho ocurri\u00f3 el pasado 15 de noviembre en un domicilio de la calle Tom\u00e1s Ferrari, del barrio Eva Per\u00f3n de Villa Mercedes. En la ma\u00f1ana de este jueves se desarroll\u00f3 la audiencia de control de acusaci\u00f3n en la que el juez orden\u00f3 la apertura de juicio a prueba y la elevaci\u00f3n de la causa al Colegio de Jueces.<\/h3>\n<h3>El Dr. Mat\u00edas Farinazzo Tempestini, Juez de Garant\u00eda N\u00ba 2 de la Segunda Circunscripci\u00f3n Judicial, dispuso elevar a juicio la causa donde se investiga el homicidio de <strong>Luis Marcelo Escudero<\/strong>. El Ministerio P\u00fablico Fiscal solicit\u00f3 para el imputado una pena de 18 a\u00f1os de prisi\u00f3n.<\/h3>\n<h3>En representaci\u00f3n del Ministerio P\u00fablico Fiscal estuvieron presentes el Dr. Maximiliano Bazla Cassina \u2013 Fiscal de Instrucci\u00f3n N\u00ba 1 \u2013 y la Dra. Cecilia Framini, Fiscal Adjunta. El Dr. Pascual Celdr\u00e1n intervino en representaci\u00f3n del imputado. Actu\u00f3 como secretario el Dr. Ignacio Esquerr\u00e9.<\/h3>\n<p><img fetchpriority=\"high\" decoding=\"async\" class=\"wp-image-12507 aligncenter\" src=\"https:\/\/apuntesdesanluis.com\/wp-content\/uploads\/2024\/02\/ESQUERRE-300x175.png\" alt=\"\" width=\"574\" height=\"335\" srcset=\"https:\/\/apuntesdesanluis.com\/wp-content\/uploads\/2024\/02\/ESQUERRE-300x175.png 300w, https:\/\/apuntesdesanluis.com\/wp-content\/uploads\/2024\/02\/ESQUERRE.png 600w\" sizes=\"(max-width: 574px) 100vw, 574px\" \/><\/p>\n<h3>En primer lugar, el Dr. Maximiliano Bazla Cassina relat\u00f3 las circunstancias en las que se produjo el hecho, al que calific\u00f3 como un homicidio simple. Record\u00f3 que al momento de ser aprehendido por personal policial el imputado ten\u00eda manchas de sangre, relacionadas con el hecho que acababa de cometer.<\/h3>\n<h3>Explic\u00f3 que los testimonios incorporados como evidencia a la causa no dejan dudas de la participaci\u00f3n del imputado en el homicidio. Asimismo, record\u00f3 el registro de una c\u00e1mara de seguridad de la zona que capt\u00f3 el momento de ingreso y salida del imputado del lugar donde Luis Marcelo Escudero fue herido.<\/h3>\n<h3>El representante del Ministerio P\u00fablico Fiscal enumer\u00f3 pruebas y a continuaci\u00f3n, cedida la palabra a la defensa, no formul\u00f3 objeciones a la acusaci\u00f3n fiscal.<\/h3>\n<h3>Asimismo, el Dr. Celdr\u00e1n solicit\u00f3 que, previo al inicio del debate oral, se realicen una serie de pruebas m\u00e9dicas a su defendido a fin de determinar su capacidad de comprensi\u00f3n de los hechos y adem\u00e1s, si existe alg\u00fan tipo de trastorno ya que el imputado, explic\u00f3, padece de un problema de adicci\u00f3n desde hace varios a\u00f1os.<\/h3>\n<h3>En ese sentido, solicit\u00f3 se realice una pericia psiqui\u00e1trica y m\u00e9dica, a fin de que un neur\u00f3logo pueda realizar un mapeo cerebral.\u00a0 Tambi\u00e9n pidi\u00f3 que al imputado se le efect\u00fae un an\u00e1lisis cl\u00ednico y una rinoscopia.<\/h3>\n<h3>Luego de escuchar a las partes, el Juez de Garant\u00eda N\u00ba 2 tuvo por admitida la acusaci\u00f3n fiscal. Mencion\u00f3 que la misma cumpli\u00f3 con los requisitos establecidos en el C\u00f3digo de Procedimiento Penal de la provincia de San Luis.<\/h3>\n<h3>Finalmente, el Dr. Farinazzo Tempestini dispuso la apertura a juicio de la causa y su elevaci\u00f3n al Colegio de Jueces de la Segunda Circunscripci\u00f3n Judicial a fin de que se fije la fecha de inicio del debate oral. Tambi\u00e9n, orden\u00f3 el libramiento de oficios a fin de que se realicen las pericias solicitadas por el abogado defensor.<\/h3>\n<h3><strong>SOBRE EL HECHO<\/strong><\/h3>\n<h3>Seg\u00fan el relato realizado por el Fiscal de Instrucci\u00f3n \u2013 Dr. Maximiliano Bazla Cassina \u2013 durante la audiencia de formulaci\u00f3n de cargos, el hecho ocurri\u00f3 el pasado 15 de noviembre, entre las 20:15 y las 20:30 horas en un domicilio de la calle Tom\u00e1s Ferrari, del barrio Eva Per\u00f3n, de Villa Mercedes.<\/h3>\n<h3>El imputado se present\u00f3 en el domicilio de la calle Tom\u00e1s Ferrari, lugar donde se encontraba Escudero, ingres\u00f3 al interior de la vivienda y procedi\u00f3 a agredirlo. El imputado produjo un golpe, que provoc\u00f3 un inicial sangrado, lo que hizo que se desplazaran hacia afuera del inmueble. \u201cEstando en el patio delantero, con un arma blanca, procede a apu\u00f1alarlo en la parte superior del t\u00f3rax, para luego darse a la fuga\u201d, explic\u00f3 Bazla.<\/h3>\n<h3>El Fiscal detall\u00f3 que la pu\u00f1alada produjo un corte en la aorta, perfor\u00f3 pulm\u00f3n y coraz\u00f3n, lo que provoc\u00f3 un sangrado interno \u2013 shock hipovol\u00e9mico \u2013 que finalmente produjo la muerte de Escudero.<\/h3>\n<h3>Para obtener m\u00e1s informaci\u00f3n sobre esta causa ingrese a los siguientes enlaces:<\/h3>\n<h3><a href=\"https:\/\/www.periodicojudicial.gov.ar\/prision-preventiva-para-el-imputado-por-el-homicidio-de-luis-marcelo-escudero\/\" target=\"_blank\" rel=\"noopener\"> <span style=\"color: #3366ff;\">https:\/\/www.periodicojudicial.gov.ar\/prision-preventiva-para-el-imputado-por-el-homicidio-de-luis-marcelo-escudero\/\u00a0<\/span><\/a><\/h3>\n<h3><span style=\"color: #3366ff;\"><a style=\"color: #3366ff;\" href=\"https:\/\/www.periodicojudicial.gov.ar\/prorroga-de-detencion-para-un-joven-imputado-por-el-homicidio-de-luis-marcelo-escudero\/\" target=\"_blank\" rel=\"noopener\">https:\/\/www.periodicojudicial.gov.ar\/prorroga-de-detencion-para-un-joven-imputado-por-el-homicidio-de-luis-marcelo-escudero\/<\/a><\/span><\/h3>\n<p>&nbsp;<\/p>\n<p>&nbsp;<\/p>\n<p>&nbsp;<\/p>\n<p>&nbsp;<\/p>\n<p>&nbsp;<\/p>\n<p>&nbsp;<\/p>\n<p>&nbsp;<\/p>\n<p>&nbsp;<\/p>\n","protected":false},"excerpt":{"rendered":"<p>El hecho ocurri\u00f3 el pasado 15 de noviembre en un domicilio de la calle Tom\u00e1s&#8230;<\/p>\n","protected":false},"author":1,"featured_media":12508,"comment_status":"closed","ping_status":"closed","sticky":false,"template":"","format":"standard","meta":{"footnotes":""},"categories":[6],"tags":[],"class_list":["post-12506","post","type-post","status-publish","format-standard","has-post-thumbnail","hentry","category-ciudad-provincia"],"yoast_head":"<!-- This site is optimized with the Yoast SEO plugin v26.1.1 - https:\/\/yoast.com\/wordpress\/plugins\/seo\/ -->\n<title>HOMICIDIO EN BARRIO EVA PER\u00d3N: LA FISCAL\u00cdA PIDI\u00d3 18 A\u00d1OS DE PRISI\u00d3N - Apuntes de San Luis<\/title>\n<meta name=\"robots\" content=\"index, follow, max-snippet:-1, max-image-preview:large, max-video-preview:-1\" \/>\n<link rel=\"canonical\" href=\"https:\/\/apuntesdesanluis.com\/index.php\/2024\/02\/29\/homicidio-en-barrio-eva-peron-la-fiscalia-pidio-18-anos-de-prision\/\" \/>\n<meta property=\"og:locale\" content=\"es_ES\" \/>\n<meta property=\"og:type\" content=\"article\" \/>\n<meta property=\"og:title\" content=\"HOMICIDIO EN BARRIO EVA PER\u00d3N: LA FISCAL\u00cdA PIDI\u00d3 18 A\u00d1OS DE PRISI\u00d3N - Apuntes de San Luis\" \/>\n<meta property=\"og:description\" content=\"El hecho ocurri\u00f3 el pasado 15 de noviembre en un domicilio de la calle Tom\u00e1s...\" \/>\n<meta property=\"og:url\" content=\"https:\/\/apuntesdesanluis.com\/index.php\/2024\/02\/29\/homicidio-en-barrio-eva-peron-la-fiscalia-pidio-18-anos-de-prision\/\" \/>\n<meta property=\"og:site_name\" content=\"Apuntes de San Luis\" \/>\n<meta property=\"article:published_time\" content=\"2024-02-29T16:26:51+00:00\" \/>\n<meta property=\"og:image\" content=\"https:\/\/apuntesdesanluis.com\/wp-content\/uploads\/2024\/02\/acusado.png\" \/>\n\t<meta property=\"og:image:width\" content=\"600\" \/>\n\t<meta property=\"og:image:height\" content=\"378\" \/>\n\t<meta property=\"og:image:type\" content=\"image\/png\" \/>\n<meta name=\"author\" content=\"apuntesdesanluis.com\" \/>\n<meta name=\"twitter:card\" content=\"summary_large_image\" \/>\n<meta name=\"twitter:label1\" content=\"Escrito por\" \/>\n\t<meta name=\"twitter:data1\" content=\"apuntesdesanluis.com\" \/>\n\t<meta name=\"twitter:label2\" content=\"Tiempo de lectura\" \/>\n\t<meta name=\"twitter:data2\" content=\"4 minutos\" \/>\n<script type=\"application\/ld+json\" class=\"yoast-schema-graph\">{\"@context\":\"https:\/\/schema.org\",\"@graph\":[{\"@type\":\"Article\",\"@id\":\"https:\/\/apuntesdesanluis.com\/index.php\/2024\/02\/29\/homicidio-en-barrio-eva-peron-la-fiscalia-pidio-18-anos-de-prision\/#article\",\"isPartOf\":{\"@id\":\"https:\/\/apuntesdesanluis.com\/index.php\/2024\/02\/29\/homicidio-en-barrio-eva-peron-la-fiscalia-pidio-18-anos-de-prision\/\"},\"author\":{\"name\":\"apuntesdesanluis.com\",\"@id\":\"https:\/\/apuntesdesanluis.com\/#\/schema\/person\/b55151d52296fcce64d1a72538a70b90\"},\"headline\":\"HOMICIDIO EN BARRIO EVA PER\u00d3N: LA FISCAL\u00cdA PIDI\u00d3 18 A\u00d1OS DE PRISI\u00d3N\",\"datePublished\":\"2024-02-29T16:26:51+00:00\",\"mainEntityOfPage\":{\"@id\":\"https:\/\/apuntesdesanluis.com\/index.php\/2024\/02\/29\/homicidio-en-barrio-eva-peron-la-fiscalia-pidio-18-anos-de-prision\/\"},\"wordCount\":709,\"publisher\":{\"@id\":\"https:\/\/apuntesdesanluis.com\/#\/schema\/person\/b55151d52296fcce64d1a72538a70b90\"},\"image\":{\"@id\":\"https:\/\/apuntesdesanluis.com\/index.php\/2024\/02\/29\/homicidio-en-barrio-eva-peron-la-fiscalia-pidio-18-anos-de-prision\/#primaryimage\"},\"thumbnailUrl\":\"https:\/\/apuntesdesanluis.com\/wp-content\/uploads\/2024\/02\/acusado.png\",\"articleSection\":[\"Ciudad\/Provincia\"],\"inLanguage\":\"es-AR\"},{\"@type\":\"WebPage\",\"@id\":\"https:\/\/apuntesdesanluis.com\/index.php\/2024\/02\/29\/homicidio-en-barrio-eva-peron-la-fiscalia-pidio-18-anos-de-prision\/\",\"url\":\"https:\/\/apuntesdesanluis.com\/index.php\/2024\/02\/29\/homicidio-en-barrio-eva-peron-la-fiscalia-pidio-18-anos-de-prision\/\",\"name\":\"HOMICIDIO EN BARRIO EVA PER\u00d3N: LA FISCAL\u00cdA PIDI\u00d3 18 A\u00d1OS DE PRISI\u00d3N - Apuntes de San Luis\",\"isPartOf\":{\"@id\":\"https:\/\/apuntesdesanluis.com\/#website\"},\"primaryImageOfPage\":{\"@id\":\"https:\/\/apuntesdesanluis.com\/index.php\/2024\/02\/29\/homicidio-en-barrio-eva-peron-la-fiscalia-pidio-18-anos-de-prision\/#primaryimage\"},\"image\":{\"@id\":\"https:\/\/apuntesdesanluis.com\/index.php\/2024\/02\/29\/homicidio-en-barrio-eva-peron-la-fiscalia-pidio-18-anos-de-prision\/#primaryimage\"},\"thumbnailUrl\":\"https:\/\/apuntesdesanluis.com\/wp-content\/uploads\/2024\/02\/acusado.png\",\"datePublished\":\"2024-02-29T16:26:51+00:00\",\"breadcrumb\":{\"@id\":\"https:\/\/apuntesdesanluis.com\/index.php\/2024\/02\/29\/homicidio-en-barrio-eva-peron-la-fiscalia-pidio-18-anos-de-prision\/#breadcrumb\"},\"inLanguage\":\"es-AR\",\"potentialAction\":[{\"@type\":\"ReadAction\",\"target\":[\"https:\/\/apuntesdesanluis.com\/index.php\/2024\/02\/29\/homicidio-en-barrio-eva-peron-la-fiscalia-pidio-18-anos-de-prision\/\"]}]},{\"@type\":\"ImageObject\",\"inLanguage\":\"es-AR\",\"@id\":\"https:\/\/apuntesdesanluis.com\/index.php\/2024\/02\/29\/homicidio-en-barrio-eva-peron-la-fiscalia-pidio-18-anos-de-prision\/#primaryimage\",\"url\":\"https:\/\/apuntesdesanluis.com\/wp-content\/uploads\/2024\/02\/acusado.png\",\"contentUrl\":\"https:\/\/apuntesdesanluis.com\/wp-content\/uploads\/2024\/02\/acusado.png\",\"width\":600,\"height\":378},{\"@type\":\"BreadcrumbList\",\"@id\":\"https:\/\/apuntesdesanluis.com\/index.php\/2024\/02\/29\/homicidio-en-barrio-eva-peron-la-fiscalia-pidio-18-anos-de-prision\/#breadcrumb\",\"itemListElement\":[{\"@type\":\"ListItem\",\"position\":1,\"name\":\"Inicio\",\"item\":\"https:\/\/apuntesdesanluis.com\/\"},{\"@type\":\"ListItem\",\"position\":2,\"name\":\"HOMICIDIO EN BARRIO EVA PER\u00d3N: LA FISCAL\u00cdA PIDI\u00d3 18 A\u00d1OS DE PRISI\u00d3N\"}]},{\"@type\":\"WebSite\",\"@id\":\"https:\/\/apuntesdesanluis.com\/#website\",\"url\":\"https:\/\/apuntesdesanluis.com\/\",\"name\":\"Apuntes de San Luis\",\"description\":\"\",\"publisher\":{\"@id\":\"https:\/\/apuntesdesanluis.com\/#\/schema\/person\/b55151d52296fcce64d1a72538a70b90\"},\"potentialAction\":[{\"@type\":\"SearchAction\",\"target\":{\"@type\":\"EntryPoint\",\"urlTemplate\":\"https:\/\/apuntesdesanluis.com\/?s={search_term_string}\"},\"query-input\":{\"@type\":\"PropertyValueSpecification\",\"valueRequired\":true,\"valueName\":\"search_term_string\"}}],\"inLanguage\":\"es-AR\"},{\"@type\":[\"Person\",\"Organization\"],\"@id\":\"https:\/\/apuntesdesanluis.com\/#\/schema\/person\/b55151d52296fcce64d1a72538a70b90\",\"name\":\"apuntesdesanluis.com\",\"image\":{\"@type\":\"ImageObject\",\"inLanguage\":\"es-AR\",\"@id\":\"https:\/\/apuntesdesanluis.com\/#\/schema\/person\/image\/\",\"url\":\"https:\/\/apuntesdesanluis.com\/wp-content\/uploads\/2023\/07\/cropped-apuntesdesanluis.png\",\"contentUrl\":\"https:\/\/apuntesdesanluis.com\/wp-content\/uploads\/2023\/07\/cropped-apuntesdesanluis.png\",\"width\":450,\"height\":112,\"caption\":\"apuntesdesanluis.com\"},\"logo\":{\"@id\":\"https:\/\/apuntesdesanluis.com\/#\/schema\/person\/image\/\"},\"sameAs\":[\"https:\/\/apuntesdesanluis.com\"],\"url\":\"https:\/\/apuntesdesanluis.com\/index.php\/author\/apuntesdesanluis-com\/\"}]}<\/script>\n<!-- \/ Yoast SEO plugin. -->","yoast_head_json":{"title":"HOMICIDIO EN BARRIO EVA PER\u00d3N: LA FISCAL\u00cdA PIDI\u00d3 18 A\u00d1OS DE PRISI\u00d3N - Apuntes de San Luis","robots":{"index":"index","follow":"follow","max-snippet":"max-snippet:-1","max-image-preview":"max-image-preview:large","max-video-preview":"max-video-preview:-1"},"canonical":"https:\/\/apuntesdesanluis.com\/index.php\/2024\/02\/29\/homicidio-en-barrio-eva-peron-la-fiscalia-pidio-18-anos-de-prision\/","og_locale":"es_ES","og_type":"article","og_title":"HOMICIDIO EN BARRIO EVA PER\u00d3N: LA FISCAL\u00cdA PIDI\u00d3 18 A\u00d1OS DE PRISI\u00d3N - Apuntes de San Luis","og_description":"El hecho ocurri\u00f3 el pasado 15 de noviembre en un domicilio de la calle Tom\u00e1s...","og_url":"https:\/\/apuntesdesanluis.com\/index.php\/2024\/02\/29\/homicidio-en-barrio-eva-peron-la-fiscalia-pidio-18-anos-de-prision\/","og_site_name":"Apuntes de San Luis","article_published_time":"2024-02-29T16:26:51+00:00","og_image":[{"width":600,"height":378,"url":"https:\/\/apuntesdesanluis.com\/wp-content\/uploads\/2024\/02\/acusado.png","type":"image\/png"}],"author":"apuntesdesanluis.com","twitter_card":"summary_large_image","twitter_misc":{"Escrito por":"apuntesdesanluis.com","Tiempo de lectura":"4 minutos"},"schema":{"@context":"https:\/\/schema.org","@graph":[{"@type":"Article","@id":"https:\/\/apuntesdesanluis.com\/index.php\/2024\/02\/29\/homicidio-en-barrio-eva-peron-la-fiscalia-pidio-18-anos-de-prision\/#article","isPartOf":{"@id":"https:\/\/apuntesdesanluis.com\/index.php\/2024\/02\/29\/homicidio-en-barrio-eva-peron-la-fiscalia-pidio-18-anos-de-prision\/"},"author":{"name":"apuntesdesanluis.com","@id":"https:\/\/apuntesdesanluis.com\/#\/schema\/person\/b55151d52296fcce64d1a72538a70b90"},"headline":"HOMICIDIO EN BARRIO EVA PER\u00d3N: LA FISCAL\u00cdA PIDI\u00d3 18 A\u00d1OS DE PRISI\u00d3N","datePublished":"2024-02-29T16:26:51+00:00","mainEntityOfPage":{"@id":"https:\/\/apuntesdesanluis.com\/index.php\/2024\/02\/29\/homicidio-en-barrio-eva-peron-la-fiscalia-pidio-18-anos-de-prision\/"},"wordCount":709,"publisher":{"@id":"https:\/\/apuntesdesanluis.com\/#\/schema\/person\/b55151d52296fcce64d1a72538a70b90"},"image":{"@id":"https:\/\/apuntesdesanluis.com\/index.php\/2024\/02\/29\/homicidio-en-barrio-eva-peron-la-fiscalia-pidio-18-anos-de-prision\/#primaryimage"},"thumbnailUrl":"https:\/\/apuntesdesanluis.com\/wp-content\/uploads\/2024\/02\/acusado.png","articleSection":["Ciudad\/Provincia"],"inLanguage":"es-AR"},{"@type":"WebPage","@id":"https:\/\/apuntesdesanluis.com\/index.php\/2024\/02\/29\/homicidio-en-barrio-eva-peron-la-fiscalia-pidio-18-anos-de-prision\/","url":"https:\/\/apuntesdesanluis.com\/index.php\/2024\/02\/29\/homicidio-en-barrio-eva-peron-la-fiscalia-pidio-18-anos-de-prision\/","name":"HOMICIDIO EN BARRIO EVA PER\u00d3N: LA FISCAL\u00cdA PIDI\u00d3 18 A\u00d1OS DE PRISI\u00d3N - Apuntes de San Luis","isPartOf":{"@id":"https:\/\/apuntesdesanluis.com\/#website"},"primaryImageOfPage":{"@id":"https:\/\/apuntesdesanluis.com\/index.php\/2024\/02\/29\/homicidio-en-barrio-eva-peron-la-fiscalia-pidio-18-anos-de-prision\/#primaryimage"},"image":{"@id":"https:\/\/apuntesdesanluis.com\/index.php\/2024\/02\/29\/homicidio-en-barrio-eva-peron-la-fiscalia-pidio-18-anos-de-prision\/#primaryimage"},"thumbnailUrl":"https:\/\/apuntesdesanluis.com\/wp-content\/uploads\/2024\/02\/acusado.png","datePublished":"2024-02-29T16:26:51+00:00","breadcrumb":{"@id":"https:\/\/apuntesdesanluis.com\/index.php\/2024\/02\/29\/homicidio-en-barrio-eva-peron-la-fiscalia-pidio-18-anos-de-prision\/#breadcrumb"},"inLanguage":"es-AR","potentialAction":[{"@type":"ReadAction","target":["https:\/\/apuntesdesanluis.com\/index.php\/2024\/02\/29\/homicidio-en-barrio-eva-peron-la-fiscalia-pidio-18-anos-de-prision\/"]}]},{"@type":"ImageObject","inLanguage":"es-AR","@id":"https:\/\/apuntesdesanluis.com\/index.php\/2024\/02\/29\/homicidio-en-barrio-eva-peron-la-fiscalia-pidio-18-anos-de-prision\/#primaryimage","url":"https:\/\/apuntesdesanluis.com\/wp-content\/uploads\/2024\/02\/acusado.png","contentUrl":"https:\/\/apuntesdesanluis.com\/wp-content\/uploads\/2024\/02\/acusado.png","width":600,"height":378},{"@type":"BreadcrumbList","@id":"https:\/\/apuntesdesanluis.com\/index.php\/2024\/02\/29\/homicidio-en-barrio-eva-peron-la-fiscalia-pidio-18-anos-de-prision\/#breadcrumb","itemListElement":[{"@type":"ListItem","position":1,"name":"Inicio","item":"https:\/\/apuntesdesanluis.com\/"},{"@type":"ListItem","position":2,"name":"HOMICIDIO EN BARRIO EVA PER\u00d3N: LA FISCAL\u00cdA PIDI\u00d3 18 A\u00d1OS DE PRISI\u00d3N"}]},{"@type":"WebSite","@id":"https:\/\/apuntesdesanluis.com\/#website","url":"https:\/\/apuntesdesanluis.com\/","name":"Apuntes de San Luis","description":"","publisher":{"@id":"https:\/\/apuntesdesanluis.com\/#\/schema\/person\/b55151d52296fcce64d1a72538a70b90"},"potentialAction":[{"@type":"SearchAction","target":{"@type":"EntryPoint","urlTemplate":"https:\/\/apuntesdesanluis.com\/?s={search_term_string}"},"query-input":{"@type":"PropertyValueSpecification","valueRequired":true,"valueName":"search_term_string"}}],"inLanguage":"es-AR"},{"@type":["Person","Organization"],"@id":"https:\/\/apuntesdesanluis.com\/#\/schema\/person\/b55151d52296fcce64d1a72538a70b90","name":"apuntesdesanluis.com","image":{"@type":"ImageObject","inLanguage":"es-AR","@id":"https:\/\/apuntesdesanluis.com\/#\/schema\/person\/image\/","url":"https:\/\/apuntesdesanluis.com\/wp-content\/uploads\/2023\/07\/cropped-apuntesdesanluis.png","contentUrl":"https:\/\/apuntesdesanluis.com\/wp-content\/uploads\/2023\/07\/cropped-apuntesdesanluis.png","width":450,"height":112,"caption":"apuntesdesanluis.com"},"logo":{"@id":"https:\/\/apuntesdesanluis.com\/#\/schema\/person\/image\/"},"sameAs":["https:\/\/apuntesdesanluis.com"],"url":"https:\/\/apuntesdesanluis.com\/index.php\/author\/apuntesdesanluis-com\/"}]}},"featured_image_urls":{"full":["https:\/\/apuntesdesanluis.com\/wp-content\/uploads\/2024\/02\/acusado.png",600,378,false],"thumbnail":["https:\/\/apuntesdesanluis.com\/wp-content\/uploads\/2024\/02\/acusado-150x150.png",150,150,true],"medium":["https:\/\/apuntesdesanluis.com\/wp-content\/uploads\/2024\/02\/acusado-300x189.png",300,189,true],"medium_large":["https:\/\/apuntesdesanluis.com\/wp-content\/uploads\/2024\/02\/acusado.png",600,378,false],"large":["https:\/\/apuntesdesanluis.com\/wp-content\/uploads\/2024\/02\/acusado.png",600,378,false],"1536x1536":["https:\/\/apuntesdesanluis.com\/wp-content\/uploads\/2024\/02\/acusado.png",600,378,false],"2048x2048":["https:\/\/apuntesdesanluis.com\/wp-content\/uploads\/2024\/02\/acusado.png",600,378,false],"newsever-slider-full":["https:\/\/apuntesdesanluis.com\/wp-content\/uploads\/2024\/02\/acusado.png",600,378,false],"newsever-featured":["https:\/\/apuntesdesanluis.com\/wp-content\/uploads\/2024\/02\/acusado.png",600,378,false],"newsever-medium":["https:\/\/apuntesdesanluis.com\/wp-content\/uploads\/2024\/02\/acusado.png",600,378,false]},"author_info":{"display_name":"apuntesdesanluis.com","author_link":"https:\/\/apuntesdesanluis.com\/index.php\/author\/apuntesdesanluis-com\/"},"category_info":"<a href=\"https:\/\/apuntesdesanluis.com\/index.php\/category\/ciudad-provincia\/\" rel=\"category tag\">Ciudad\/Provincia<\/a>","tag_info":"Ciudad\/Provincia","comment_count":"0","_links":{"self":[{"href":"https:\/\/apuntesdesanluis.com\/index.php\/wp-json\/wp\/v2\/posts\/12506","targetHints":{"allow":["GET"]}}],"collection":[{"href":"https:\/\/apuntesdesanluis.com\/index.php\/wp-json\/wp\/v2\/posts"}],"about":[{"href":"https:\/\/apuntesdesanluis.com\/index.php\/wp-json\/wp\/v2\/types\/post"}],"author":[{"embeddable":true,"href":"https:\/\/apuntesdesanluis.com\/index.php\/wp-json\/wp\/v2\/users\/1"}],"replies":[{"embeddable":true,"href":"https:\/\/apuntesdesanluis.com\/index.php\/wp-json\/wp\/v2\/comments?post=12506"}],"version-history":[{"count":1,"href":"https:\/\/apuntesdesanluis.com\/index.php\/wp-json\/wp\/v2\/posts\/12506\/revisions"}],"predecessor-version":[{"id":12509,"href":"https:\/\/apuntesdesanluis.com\/index.php\/wp-json\/wp\/v2\/posts\/12506\/revisions\/12509"}],"wp:featuredmedia":[{"embeddable":true,"href":"https:\/\/apuntesdesanluis.com\/index.php\/wp-json\/wp\/v2\/media\/12508"}],"wp:attachment":[{"href":"https:\/\/apuntesdesanluis.com\/index.php\/wp-json\/wp\/v2\/media?parent=12506"}],"wp:term":[{"taxonomy":"category","embeddable":true,"href":"https:\/\/apuntesdesanluis.com\/index.php\/wp-json\/wp\/v2\/categories?post=12506"},{"taxonomy":"post_tag","embeddable":true,"href":"https:\/\/apuntesdesanluis.com\/index.php\/wp-json\/wp\/v2\/tags?post=12506"}],"curies":[{"name":"wp","href":"https:\/\/api.w.org\/{rel}","templated":true}]}}