{"id":1251,"date":"2023-08-07T21:55:20","date_gmt":"2023-08-08T00:55:20","guid":{"rendered":"https:\/\/apuntesdesanluis.com\/?p=1251"},"modified":"2023-08-07T21:55:20","modified_gmt":"2023-08-08T00:55:20","slug":"suspendieron-la-licencia-de-un-colectivero-tras-ser-filmado-mientras-manejaba-y-usaba-el-celular","status":"publish","type":"post","link":"https:\/\/apuntesdesanluis.com\/index.php\/2023\/08\/07\/suspendieron-la-licencia-de-un-colectivero-tras-ser-filmado-mientras-manejaba-y-usaba-el-celular\/","title":{"rendered":"SUSPENDIERON LA LICENCIA DE UN COLECTIVERO TRAS SER FILMADO MIENTRAS MANEJABA Y USABA EL CELULAR"},"content":{"rendered":"<h3>Un pasajero capt\u00f3 el momento en el que el chofer utilizaba el dispositivo m\u00f3vil.<\/h3>\n<h3>El Ministerio de Transporte suspendi\u00f3 la licencia de un colectivero de la l\u00ednea 338 que fue filmado por un pasajero mientras manejaba y usaba el celular, en la ciudad de La Plata.<\/h3>\n<h3>El conductor permaneci\u00f3 varios segundos escribiendo mensajes y enviando audios, seg\u00fan se puede ver en el video que capt\u00f3 una de las personas que viajaba dentro de la unidad.<\/h3>\n<h3>En las im\u00e1genes se puede observar la imprudencia del chofer, quien, por momentos, sostuvo el volante con una sola mano, mientras que con la otra ten\u00eda el dispositivo m\u00f3vil.<\/h3>\n<h3>Por otro lado, el registro deja en claro que hubo situaciones en las que incluso dej\u00f3 de mirar hacia el frente, a pesar de que el colectivo estaba en plena circulaci\u00f3n.<\/h3>\n<div style=\"width: 320px;\" class=\"wp-video\"><!--[if lt IE 9]><script>document.createElement('video');<\/script><![endif]-->\n<video class=\"wp-video-shortcode\" id=\"video-1251-1\" width=\"320\" height=\"568\" preload=\"metadata\" controls=\"controls\"><source type=\"video\/mp4\" src=\"https:\/\/apuntesdesanluis.com\/wp-content\/uploads\/2023\/08\/chofer-irresponsable.mp4?_=1\" \/><a href=\"https:\/\/apuntesdesanluis.com\/wp-content\/uploads\/2023\/08\/chofer-irresponsable.mp4\">https:\/\/apuntesdesanluis.com\/wp-content\/uploads\/2023\/08\/chofer-irresponsable.mp4<\/a><\/video><\/div>\n<h3>La Agencia Nacional de Seguridad Vial (ANSV) y el Ministerio de Transporte bonaerense informaron que suspendieron al colectivero por su accionar.<\/h3>\n<h3>\u201cAl recibir el video, la ANSV identific\u00f3 al chofer de la empresa que presta servicio a nivel provincial y junto a la cartera de Transporte de Buenos Aires se decidi\u00f3 suspender su Licencia Nacional de Conducir. El conductor quedar\u00e1 inhabilitado hasta que sea evaluado con un examen psicof\u00edsico en el cual pueda demostrar su aptitud al volante\u201d, reza su comunicado.<\/h3>\n<h3>\u201cPuso en peligro a los pasajeros y a otras personas por su irresponsabilidad\u201d, expresaron.<\/h3>\n","protected":false},"excerpt":{"rendered":"<p>Un pasajero capt\u00f3 el momento en el que el chofer utilizaba el dispositivo m\u00f3vil. El&#8230;<\/p>\n","protected":false},"author":1,"featured_media":1252,"comment_status":"closed","ping_status":"closed","sticky":false,"template":"","format":"standard","meta":{"footnotes":""},"categories":[5],"tags":[],"class_list":["post-1251","post","type-post","status-publish","format-standard","has-post-thumbnail","hentry","category-nacionales-internacionales"],"yoast_head":"<!-- This site is optimized with the Yoast SEO plugin v26.1.1 - https:\/\/yoast.com\/wordpress\/plugins\/seo\/ -->\n<title>SUSPENDIERON LA LICENCIA DE UN COLECTIVERO TRAS SER FILMADO MIENTRAS MANEJABA Y USABA EL CELULAR - Apuntes de San Luis<\/title>\n<meta name=\"robots\" content=\"index, follow, max-snippet:-1, max-image-preview:large, max-video-preview:-1\" \/>\n<link rel=\"canonical\" href=\"https:\/\/apuntesdesanluis.com\/index.php\/2023\/08\/07\/suspendieron-la-licencia-de-un-colectivero-tras-ser-filmado-mientras-manejaba-y-usaba-el-celular\/\" \/>\n<meta property=\"og:locale\" content=\"es_ES\" \/>\n<meta property=\"og:type\" content=\"article\" \/>\n<meta property=\"og:title\" content=\"SUSPENDIERON LA LICENCIA DE UN COLECTIVERO TRAS SER FILMADO MIENTRAS MANEJABA Y USABA EL CELULAR - Apuntes de San Luis\" \/>\n<meta property=\"og:description\" content=\"Un pasajero capt\u00f3 el momento en el que el chofer utilizaba el dispositivo m\u00f3vil. El...\" \/>\n<meta property=\"og:url\" content=\"https:\/\/apuntesdesanluis.com\/index.php\/2023\/08\/07\/suspendieron-la-licencia-de-un-colectivero-tras-ser-filmado-mientras-manejaba-y-usaba-el-celular\/\" \/>\n<meta property=\"og:site_name\" content=\"Apuntes de San Luis\" \/>\n<meta property=\"article:published_time\" content=\"2023-08-08T00:55:20+00:00\" \/>\n<meta property=\"og:image\" content=\"https:\/\/apuntesdesanluis.com\/wp-content\/uploads\/2023\/08\/chofer-con-celular.png\" \/>\n\t<meta property=\"og:image:width\" content=\"653\" \/>\n\t<meta property=\"og:image:height\" content=\"420\" \/>\n\t<meta property=\"og:image:type\" content=\"image\/png\" \/>\n<meta name=\"author\" content=\"apuntesdesanluis.com\" \/>\n<meta name=\"twitter:card\" content=\"summary_large_image\" \/>\n<meta name=\"twitter:label1\" content=\"Escrito por\" \/>\n\t<meta name=\"twitter:data1\" content=\"apuntesdesanluis.com\" \/>\n\t<meta name=\"twitter:label2\" content=\"Tiempo de lectura\" \/>\n\t<meta name=\"twitter:data2\" content=\"2 minutos\" \/>\n<script type=\"application\/ld+json\" class=\"yoast-schema-graph\">{\"@context\":\"https:\/\/schema.org\",\"@graph\":[{\"@type\":\"Article\",\"@id\":\"https:\/\/apuntesdesanluis.com\/index.php\/2023\/08\/07\/suspendieron-la-licencia-de-un-colectivero-tras-ser-filmado-mientras-manejaba-y-usaba-el-celular\/#article\",\"isPartOf\":{\"@id\":\"https:\/\/apuntesdesanluis.com\/index.php\/2023\/08\/07\/suspendieron-la-licencia-de-un-colectivero-tras-ser-filmado-mientras-manejaba-y-usaba-el-celular\/\"},\"author\":{\"name\":\"apuntesdesanluis.com\",\"@id\":\"https:\/\/apuntesdesanluis.com\/#\/schema\/person\/b55151d52296fcce64d1a72538a70b90\"},\"headline\":\"SUSPENDIERON LA LICENCIA DE UN COLECTIVERO TRAS SER FILMADO MIENTRAS MANEJABA Y USABA EL CELULAR\",\"datePublished\":\"2023-08-08T00:55:20+00:00\",\"mainEntityOfPage\":{\"@id\":\"https:\/\/apuntesdesanluis.com\/index.php\/2023\/08\/07\/suspendieron-la-licencia-de-un-colectivero-tras-ser-filmado-mientras-manejaba-y-usaba-el-celular\/\"},\"wordCount\":264,\"publisher\":{\"@id\":\"https:\/\/apuntesdesanluis.com\/#\/schema\/person\/b55151d52296fcce64d1a72538a70b90\"},\"image\":{\"@id\":\"https:\/\/apuntesdesanluis.com\/index.php\/2023\/08\/07\/suspendieron-la-licencia-de-un-colectivero-tras-ser-filmado-mientras-manejaba-y-usaba-el-celular\/#primaryimage\"},\"thumbnailUrl\":\"https:\/\/apuntesdesanluis.com\/wp-content\/uploads\/2023\/08\/chofer-con-celular.png\",\"articleSection\":[\"Nacionales\/Internacionales\"],\"inLanguage\":\"es-AR\"},{\"@type\":\"WebPage\",\"@id\":\"https:\/\/apuntesdesanluis.com\/index.php\/2023\/08\/07\/suspendieron-la-licencia-de-un-colectivero-tras-ser-filmado-mientras-manejaba-y-usaba-el-celular\/\",\"url\":\"https:\/\/apuntesdesanluis.com\/index.php\/2023\/08\/07\/suspendieron-la-licencia-de-un-colectivero-tras-ser-filmado-mientras-manejaba-y-usaba-el-celular\/\",\"name\":\"SUSPENDIERON LA LICENCIA DE UN COLECTIVERO TRAS SER FILMADO MIENTRAS MANEJABA Y USABA EL CELULAR - Apuntes de San Luis\",\"isPartOf\":{\"@id\":\"https:\/\/apuntesdesanluis.com\/#website\"},\"primaryImageOfPage\":{\"@id\":\"https:\/\/apuntesdesanluis.com\/index.php\/2023\/08\/07\/suspendieron-la-licencia-de-un-colectivero-tras-ser-filmado-mientras-manejaba-y-usaba-el-celular\/#primaryimage\"},\"image\":{\"@id\":\"https:\/\/apuntesdesanluis.com\/index.php\/2023\/08\/07\/suspendieron-la-licencia-de-un-colectivero-tras-ser-filmado-mientras-manejaba-y-usaba-el-celular\/#primaryimage\"},\"thumbnailUrl\":\"https:\/\/apuntesdesanluis.com\/wp-content\/uploads\/2023\/08\/chofer-con-celular.png\",\"datePublished\":\"2023-08-08T00:55:20+00:00\",\"breadcrumb\":{\"@id\":\"https:\/\/apuntesdesanluis.com\/index.php\/2023\/08\/07\/suspendieron-la-licencia-de-un-colectivero-tras-ser-filmado-mientras-manejaba-y-usaba-el-celular\/#breadcrumb\"},\"inLanguage\":\"es-AR\",\"potentialAction\":[{\"@type\":\"ReadAction\",\"target\":[\"https:\/\/apuntesdesanluis.com\/index.php\/2023\/08\/07\/suspendieron-la-licencia-de-un-colectivero-tras-ser-filmado-mientras-manejaba-y-usaba-el-celular\/\"]}]},{\"@type\":\"ImageObject\",\"inLanguage\":\"es-AR\",\"@id\":\"https:\/\/apuntesdesanluis.com\/index.php\/2023\/08\/07\/suspendieron-la-licencia-de-un-colectivero-tras-ser-filmado-mientras-manejaba-y-usaba-el-celular\/#primaryimage\",\"url\":\"https:\/\/apuntesdesanluis.com\/wp-content\/uploads\/2023\/08\/chofer-con-celular.png\",\"contentUrl\":\"https:\/\/apuntesdesanluis.com\/wp-content\/uploads\/2023\/08\/chofer-con-celular.png\",\"width\":653,\"height\":420},{\"@type\":\"BreadcrumbList\",\"@id\":\"https:\/\/apuntesdesanluis.com\/index.php\/2023\/08\/07\/suspendieron-la-licencia-de-un-colectivero-tras-ser-filmado-mientras-manejaba-y-usaba-el-celular\/#breadcrumb\",\"itemListElement\":[{\"@type\":\"ListItem\",\"position\":1,\"name\":\"Inicio\",\"item\":\"https:\/\/apuntesdesanluis.com\/\"},{\"@type\":\"ListItem\",\"position\":2,\"name\":\"SUSPENDIERON LA LICENCIA DE UN COLECTIVERO TRAS SER FILMADO MIENTRAS MANEJABA Y USABA EL CELULAR\"}]},{\"@type\":\"WebSite\",\"@id\":\"https:\/\/apuntesdesanluis.com\/#website\",\"url\":\"https:\/\/apuntesdesanluis.com\/\",\"name\":\"Apuntes de San Luis\",\"description\":\"\",\"publisher\":{\"@id\":\"https:\/\/apuntesdesanluis.com\/#\/schema\/person\/b55151d52296fcce64d1a72538a70b90\"},\"potentialAction\":[{\"@type\":\"SearchAction\",\"target\":{\"@type\":\"EntryPoint\",\"urlTemplate\":\"https:\/\/apuntesdesanluis.com\/?s={search_term_string}\"},\"query-input\":{\"@type\":\"PropertyValueSpecification\",\"valueRequired\":true,\"valueName\":\"search_term_string\"}}],\"inLanguage\":\"es-AR\"},{\"@type\":[\"Person\",\"Organization\"],\"@id\":\"https:\/\/apuntesdesanluis.com\/#\/schema\/person\/b55151d52296fcce64d1a72538a70b90\",\"name\":\"apuntesdesanluis.com\",\"image\":{\"@type\":\"ImageObject\",\"inLanguage\":\"es-AR\",\"@id\":\"https:\/\/apuntesdesanluis.com\/#\/schema\/person\/image\/\",\"url\":\"https:\/\/apuntesdesanluis.com\/wp-content\/uploads\/2023\/07\/cropped-apuntesdesanluis.png\",\"contentUrl\":\"https:\/\/apuntesdesanluis.com\/wp-content\/uploads\/2023\/07\/cropped-apuntesdesanluis.png\",\"width\":450,\"height\":112,\"caption\":\"apuntesdesanluis.com\"},\"logo\":{\"@id\":\"https:\/\/apuntesdesanluis.com\/#\/schema\/person\/image\/\"},\"sameAs\":[\"https:\/\/apuntesdesanluis.com\"],\"url\":\"https:\/\/apuntesdesanluis.com\/index.php\/author\/apuntesdesanluis-com\/\"}]}<\/script>\n<!-- \/ Yoast SEO plugin. -->","yoast_head_json":{"title":"SUSPENDIERON LA LICENCIA DE UN COLECTIVERO TRAS SER FILMADO MIENTRAS MANEJABA Y USABA EL CELULAR - Apuntes de San Luis","robots":{"index":"index","follow":"follow","max-snippet":"max-snippet:-1","max-image-preview":"max-image-preview:large","max-video-preview":"max-video-preview:-1"},"canonical":"https:\/\/apuntesdesanluis.com\/index.php\/2023\/08\/07\/suspendieron-la-licencia-de-un-colectivero-tras-ser-filmado-mientras-manejaba-y-usaba-el-celular\/","og_locale":"es_ES","og_type":"article","og_title":"SUSPENDIERON LA LICENCIA DE UN COLECTIVERO TRAS SER FILMADO MIENTRAS MANEJABA Y USABA EL CELULAR - Apuntes de San Luis","og_description":"Un pasajero capt\u00f3 el momento en el que el chofer utilizaba el dispositivo m\u00f3vil. El...","og_url":"https:\/\/apuntesdesanluis.com\/index.php\/2023\/08\/07\/suspendieron-la-licencia-de-un-colectivero-tras-ser-filmado-mientras-manejaba-y-usaba-el-celular\/","og_site_name":"Apuntes de San Luis","article_published_time":"2023-08-08T00:55:20+00:00","og_image":[{"width":653,"height":420,"url":"https:\/\/apuntesdesanluis.com\/wp-content\/uploads\/2023\/08\/chofer-con-celular.png","type":"image\/png"}],"author":"apuntesdesanluis.com","twitter_card":"summary_large_image","twitter_misc":{"Escrito por":"apuntesdesanluis.com","Tiempo de lectura":"2 minutos"},"schema":{"@context":"https:\/\/schema.org","@graph":[{"@type":"Article","@id":"https:\/\/apuntesdesanluis.com\/index.php\/2023\/08\/07\/suspendieron-la-licencia-de-un-colectivero-tras-ser-filmado-mientras-manejaba-y-usaba-el-celular\/#article","isPartOf":{"@id":"https:\/\/apuntesdesanluis.com\/index.php\/2023\/08\/07\/suspendieron-la-licencia-de-un-colectivero-tras-ser-filmado-mientras-manejaba-y-usaba-el-celular\/"},"author":{"name":"apuntesdesanluis.com","@id":"https:\/\/apuntesdesanluis.com\/#\/schema\/person\/b55151d52296fcce64d1a72538a70b90"},"headline":"SUSPENDIERON LA LICENCIA DE UN COLECTIVERO TRAS SER FILMADO MIENTRAS MANEJABA Y USABA EL CELULAR","datePublished":"2023-08-08T00:55:20+00:00","mainEntityOfPage":{"@id":"https:\/\/apuntesdesanluis.com\/index.php\/2023\/08\/07\/suspendieron-la-licencia-de-un-colectivero-tras-ser-filmado-mientras-manejaba-y-usaba-el-celular\/"},"wordCount":264,"publisher":{"@id":"https:\/\/apuntesdesanluis.com\/#\/schema\/person\/b55151d52296fcce64d1a72538a70b90"},"image":{"@id":"https:\/\/apuntesdesanluis.com\/index.php\/2023\/08\/07\/suspendieron-la-licencia-de-un-colectivero-tras-ser-filmado-mientras-manejaba-y-usaba-el-celular\/#primaryimage"},"thumbnailUrl":"https:\/\/apuntesdesanluis.com\/wp-content\/uploads\/2023\/08\/chofer-con-celular.png","articleSection":["Nacionales\/Internacionales"],"inLanguage":"es-AR"},{"@type":"WebPage","@id":"https:\/\/apuntesdesanluis.com\/index.php\/2023\/08\/07\/suspendieron-la-licencia-de-un-colectivero-tras-ser-filmado-mientras-manejaba-y-usaba-el-celular\/","url":"https:\/\/apuntesdesanluis.com\/index.php\/2023\/08\/07\/suspendieron-la-licencia-de-un-colectivero-tras-ser-filmado-mientras-manejaba-y-usaba-el-celular\/","name":"SUSPENDIERON LA LICENCIA DE UN COLECTIVERO TRAS SER FILMADO MIENTRAS MANEJABA Y USABA EL CELULAR - Apuntes de San Luis","isPartOf":{"@id":"https:\/\/apuntesdesanluis.com\/#website"},"primaryImageOfPage":{"@id":"https:\/\/apuntesdesanluis.com\/index.php\/2023\/08\/07\/suspendieron-la-licencia-de-un-colectivero-tras-ser-filmado-mientras-manejaba-y-usaba-el-celular\/#primaryimage"},"image":{"@id":"https:\/\/apuntesdesanluis.com\/index.php\/2023\/08\/07\/suspendieron-la-licencia-de-un-colectivero-tras-ser-filmado-mientras-manejaba-y-usaba-el-celular\/#primaryimage"},"thumbnailUrl":"https:\/\/apuntesdesanluis.com\/wp-content\/uploads\/2023\/08\/chofer-con-celular.png","datePublished":"2023-08-08T00:55:20+00:00","breadcrumb":{"@id":"https:\/\/apuntesdesanluis.com\/index.php\/2023\/08\/07\/suspendieron-la-licencia-de-un-colectivero-tras-ser-filmado-mientras-manejaba-y-usaba-el-celular\/#breadcrumb"},"inLanguage":"es-AR","potentialAction":[{"@type":"ReadAction","target":["https:\/\/apuntesdesanluis.com\/index.php\/2023\/08\/07\/suspendieron-la-licencia-de-un-colectivero-tras-ser-filmado-mientras-manejaba-y-usaba-el-celular\/"]}]},{"@type":"ImageObject","inLanguage":"es-AR","@id":"https:\/\/apuntesdesanluis.com\/index.php\/2023\/08\/07\/suspendieron-la-licencia-de-un-colectivero-tras-ser-filmado-mientras-manejaba-y-usaba-el-celular\/#primaryimage","url":"https:\/\/apuntesdesanluis.com\/wp-content\/uploads\/2023\/08\/chofer-con-celular.png","contentUrl":"https:\/\/apuntesdesanluis.com\/wp-content\/uploads\/2023\/08\/chofer-con-celular.png","width":653,"height":420},{"@type":"BreadcrumbList","@id":"https:\/\/apuntesdesanluis.com\/index.php\/2023\/08\/07\/suspendieron-la-licencia-de-un-colectivero-tras-ser-filmado-mientras-manejaba-y-usaba-el-celular\/#breadcrumb","itemListElement":[{"@type":"ListItem","position":1,"name":"Inicio","item":"https:\/\/apuntesdesanluis.com\/"},{"@type":"ListItem","position":2,"name":"SUSPENDIERON LA LICENCIA DE UN COLECTIVERO TRAS SER FILMADO MIENTRAS MANEJABA Y USABA EL CELULAR"}]},{"@type":"WebSite","@id":"https:\/\/apuntesdesanluis.com\/#website","url":"https:\/\/apuntesdesanluis.com\/","name":"Apuntes de San Luis","description":"","publisher":{"@id":"https:\/\/apuntesdesanluis.com\/#\/schema\/person\/b55151d52296fcce64d1a72538a70b90"},"potentialAction":[{"@type":"SearchAction","target":{"@type":"EntryPoint","urlTemplate":"https:\/\/apuntesdesanluis.com\/?s={search_term_string}"},"query-input":{"@type":"PropertyValueSpecification","valueRequired":true,"valueName":"search_term_string"}}],"inLanguage":"es-AR"},{"@type":["Person","Organization"],"@id":"https:\/\/apuntesdesanluis.com\/#\/schema\/person\/b55151d52296fcce64d1a72538a70b90","name":"apuntesdesanluis.com","image":{"@type":"ImageObject","inLanguage":"es-AR","@id":"https:\/\/apuntesdesanluis.com\/#\/schema\/person\/image\/","url":"https:\/\/apuntesdesanluis.com\/wp-content\/uploads\/2023\/07\/cropped-apuntesdesanluis.png","contentUrl":"https:\/\/apuntesdesanluis.com\/wp-content\/uploads\/2023\/07\/cropped-apuntesdesanluis.png","width":450,"height":112,"caption":"apuntesdesanluis.com"},"logo":{"@id":"https:\/\/apuntesdesanluis.com\/#\/schema\/person\/image\/"},"sameAs":["https:\/\/apuntesdesanluis.com"],"url":"https:\/\/apuntesdesanluis.com\/index.php\/author\/apuntesdesanluis-com\/"}]}},"featured_image_urls":{"full":["https:\/\/apuntesdesanluis.com\/wp-content\/uploads\/2023\/08\/chofer-con-celular.png",653,420,false],"thumbnail":["https:\/\/apuntesdesanluis.com\/wp-content\/uploads\/2023\/08\/chofer-con-celular-150x150.png",150,150,true],"medium":["https:\/\/apuntesdesanluis.com\/wp-content\/uploads\/2023\/08\/chofer-con-celular-300x193.png",300,193,true],"medium_large":["https:\/\/apuntesdesanluis.com\/wp-content\/uploads\/2023\/08\/chofer-con-celular.png",640,412,false],"large":["https:\/\/apuntesdesanluis.com\/wp-content\/uploads\/2023\/08\/chofer-con-celular.png",640,412,false],"1536x1536":["https:\/\/apuntesdesanluis.com\/wp-content\/uploads\/2023\/08\/chofer-con-celular.png",653,420,false],"2048x2048":["https:\/\/apuntesdesanluis.com\/wp-content\/uploads\/2023\/08\/chofer-con-celular.png",653,420,false],"newsever-slider-full":["https:\/\/apuntesdesanluis.com\/wp-content\/uploads\/2023\/08\/chofer-con-celular.png",653,420,false],"newsever-featured":["https:\/\/apuntesdesanluis.com\/wp-content\/uploads\/2023\/08\/chofer-con-celular.png",653,420,false],"newsever-medium":["https:\/\/apuntesdesanluis.com\/wp-content\/uploads\/2023\/08\/chofer-con-celular.png",653,420,false]},"author_info":{"display_name":"apuntesdesanluis.com","author_link":"https:\/\/apuntesdesanluis.com\/index.php\/author\/apuntesdesanluis-com\/"},"category_info":"<a href=\"https:\/\/apuntesdesanluis.com\/index.php\/category\/nacionales-internacionales\/\" rel=\"category tag\">Nacionales\/Internacionales<\/a>","tag_info":"Nacionales\/Internacionales","comment_count":"0","_links":{"self":[{"href":"https:\/\/apuntesdesanluis.com\/index.php\/wp-json\/wp\/v2\/posts\/1251","targetHints":{"allow":["GET"]}}],"collection":[{"href":"https:\/\/apuntesdesanluis.com\/index.php\/wp-json\/wp\/v2\/posts"}],"about":[{"href":"https:\/\/apuntesdesanluis.com\/index.php\/wp-json\/wp\/v2\/types\/post"}],"author":[{"embeddable":true,"href":"https:\/\/apuntesdesanluis.com\/index.php\/wp-json\/wp\/v2\/users\/1"}],"replies":[{"embeddable":true,"href":"https:\/\/apuntesdesanluis.com\/index.php\/wp-json\/wp\/v2\/comments?post=1251"}],"version-history":[{"count":1,"href":"https:\/\/apuntesdesanluis.com\/index.php\/wp-json\/wp\/v2\/posts\/1251\/revisions"}],"predecessor-version":[{"id":1254,"href":"https:\/\/apuntesdesanluis.com\/index.php\/wp-json\/wp\/v2\/posts\/1251\/revisions\/1254"}],"wp:featuredmedia":[{"embeddable":true,"href":"https:\/\/apuntesdesanluis.com\/index.php\/wp-json\/wp\/v2\/media\/1252"}],"wp:attachment":[{"href":"https:\/\/apuntesdesanluis.com\/index.php\/wp-json\/wp\/v2\/media?parent=1251"}],"wp:term":[{"taxonomy":"category","embeddable":true,"href":"https:\/\/apuntesdesanluis.com\/index.php\/wp-json\/wp\/v2\/categories?post=1251"},{"taxonomy":"post_tag","embeddable":true,"href":"https:\/\/apuntesdesanluis.com\/index.php\/wp-json\/wp\/v2\/tags?post=1251"}],"curies":[{"name":"wp","href":"https:\/\/api.w.org\/{rel}","templated":true}]}}