{"id":12510,"date":"2024-02-29T13:37:12","date_gmt":"2024-02-29T16:37:12","guid":{"rendered":"https:\/\/apuntesdesanluis.com\/?p=12510"},"modified":"2024-02-29T13:37:12","modified_gmt":"2024-02-29T16:37:12","slug":"merlo-inscriben-a-la-19-edicion-de-la-maraton-heroes-de-malvinas","status":"publish","type":"post","link":"https:\/\/apuntesdesanluis.com\/index.php\/2024\/02\/29\/merlo-inscriben-a-la-19-edicion-de-la-maraton-heroes-de-malvinas\/","title":{"rendered":"MERLO: INSCRIBEN A LA 19\u00b0 EDICI\u00d3N DE LA MARAT\u00d3N H\u00c9ROES DE MALVINAS"},"content":{"rendered":"<h3>El evento organizado por la Municipalidad de la Villa de Merlo a trav\u00e9s de la Secretar\u00eda de Gobierno y Deportes ser\u00e1 el domingo 07 de abril, iniciando su recorrido en el Balneario Municipal pasando las principales avenidas de la ciudad.<\/h3>\n<h3>Las inscripciones se encuentran abiertas y se entregar\u00e1n 500.000 pesos en premios.<\/h3>\n<h3>La competencia, que se caracteriza por ser integradora e inclusiva, tambi\u00e9n busca incorporar el deporte a la vida cotidiana de los vecinos de la villa de Merlo. Fue declarada de inter\u00e9s legislativo por Resolui\u00f3n N\u00b0 4 &#8211; HCS &#8211; 2023 de la C\u00e1mara de Senadores de la provincia.<\/h3>\n<h3>En este evento se entregar\u00e1n $500.000 en premios y los corredores pueden anotarse de manera online a trav\u00e9s del siguiente link:<\/h3>\n<h3>\u00a0<span style=\"color: #3366ff;\"><a style=\"color: #3366ff;\" href=\"https:\/\/www.deportesydesafios.com.ar\/pag.php?t=ev&amp;e=666#inscriptos\">https:\/\/www.deportesydesafios.com.ar\/pag.php?t=ev&amp;e=666#inscriptos<\/a><\/span><\/h3>\n<h3>La inscripci\u00f3n para el recorrido de 10 kil\u00f3metros tiene un costo de $6.500 y para el de 6 kil\u00f3metros ser\u00e1 de $4.500. Los menores de 12 a\u00f1os (inclusive) pueden participar de manera gratuita. Se podr\u00e1 abonar con tarjeta de cr\u00e9dito, d\u00e9bito y MercadoPago.<\/h3>\n<h3>El s\u00e1bado 6 de Abril de 15.00 a 20.00 hs. en el Balneario Municipal ser\u00e1 la entrega de los kits, que tienen remera, n\u00famero con chip retornable, seguro, frutas y otras sorpresas.<\/h3>\n<h3>Durante el recorrido habr\u00e1 puestos de hidrataci\u00f3n para todos los participantes.<\/h3>\n<p><img fetchpriority=\"high\" decoding=\"async\" class=\"wp-image-12512 aligncenter\" src=\"https:\/\/apuntesdesanluis.com\/wp-content\/uploads\/2024\/02\/MARATON-1-300x200.jpg\" alt=\"\" width=\"560\" height=\"373\" srcset=\"https:\/\/apuntesdesanluis.com\/wp-content\/uploads\/2024\/02\/MARATON-1-300x200.jpg 300w, https:\/\/apuntesdesanluis.com\/wp-content\/uploads\/2024\/02\/MARATON-1.jpg 600w\" sizes=\"(max-width: 560px) 100vw, 560px\" \/><\/p>\n<h3>Las categor\u00edas son las siguientes:<\/h3>\n<h3>Chingolitos 2 y 4 a\u00f1os &#8211; 20 metros<\/h3>\n<h3>Horneritos 5 y 6 a\u00f1os &#8211; 50 metros<\/h3>\n<h3>Torditos 7 y 8 a\u00f1os &#8211; 100 metros<\/h3>\n<h3>Zorzalitos 9 y 10 a\u00f1os &#8211; 150 metros<\/h3>\n<h3>Crespines 11 y 12 a\u00f1os &#8211; 200 metros<\/h3>\n<h3><strong>MASCULINOS<\/strong><\/h3>\n<h3>10K Masc. Juvenil (16 a 19)<\/h3>\n<h3>10K Masc. Mayores A (20 a 24)<\/h3>\n<h3>10K Masc. Mayores B (25 a 29)<\/h3>\n<h3>10K Masc. Pre-Veteranos A (30 a 34)<\/h3>\n<h3>10K Masc. Pre-Veteranos B (35 a 39)<\/h3>\n<h3>10K Masc. Veteranos A (40 a 44)<\/h3>\n<h3>10K Masc. Veteranos B (45 a 49)<\/h3>\n<h3>10K Masc. Veteranos C (50 a 54)<\/h3>\n<h3>10K Masc. Veteranos D (55 a 59( 10K Masc. Veteranos E (60 a 64) 10K Masc. Veteranos F (65 a 69)<\/h3>\n<h3>10K Masc. Veteranos G (70 en m\u00e1s) 6K Masculino (\u00fanica)<\/h3>\n<h3>DAMAS<\/h3>\n<h3>10K Dama Juvenil (16 a 19)<\/h3>\n<h3>10K Dama Mayores A (20 a 24)<\/h3>\n<h3>10K Dama Mayores B (25 a 29)<\/h3>\n<h3>10K Dama Pre-Veteranos A (30 a 34)<\/h3>\n<h3>10K Dama Pre-Veteranos B (35 a 39)<\/h3>\n<h3>10K Dama Veteranos A (40 a 44)<\/h3>\n<h3>10K Dama Veteranos B (45 a 49)<\/h3>\n<h3>10K Dama Veteranos C (50 a 54)<\/h3>\n<h3>10K Dama Veteranos D (55 a 59( 10K Dama Veteranos E (60 a 64) 10K Dama Veteranos F (65 a 69)<\/h3>\n<h3>10K Dama Veteranos G (70 en m\u00e1s)<\/h3>\n<h3>6K Damas (\u00fanica)<\/h3>\n<p>&nbsp;<\/p>\n<p>&nbsp;<\/p>\n<p>&nbsp;<\/p>\n","protected":false},"excerpt":{"rendered":"<p>El evento organizado por la Municipalidad de la Villa de Merlo a trav\u00e9s de la&#8230;<\/p>\n","protected":false},"author":1,"featured_media":12511,"comment_status":"closed","ping_status":"closed","sticky":false,"template":"","format":"standard","meta":{"footnotes":""},"categories":[6],"tags":[],"class_list":["post-12510","post","type-post","status-publish","format-standard","has-post-thumbnail","hentry","category-ciudad-provincia"],"yoast_head":"<!-- This site is optimized with the Yoast SEO plugin v26.1.1 - https:\/\/yoast.com\/wordpress\/plugins\/seo\/ -->\n<title>MERLO: INSCRIBEN A LA 19\u00b0 EDICI\u00d3N DE LA MARAT\u00d3N H\u00c9ROES DE MALVINAS - Apuntes de San Luis<\/title>\n<meta name=\"robots\" content=\"index, follow, max-snippet:-1, max-image-preview:large, max-video-preview:-1\" \/>\n<link rel=\"canonical\" href=\"https:\/\/apuntesdesanluis.com\/index.php\/2024\/02\/29\/merlo-inscriben-a-la-19-edicion-de-la-maraton-heroes-de-malvinas\/\" \/>\n<meta property=\"og:locale\" content=\"es_ES\" \/>\n<meta property=\"og:type\" content=\"article\" \/>\n<meta property=\"og:title\" content=\"MERLO: INSCRIBEN A LA 19\u00b0 EDICI\u00d3N DE LA MARAT\u00d3N H\u00c9ROES DE MALVINAS - Apuntes de San Luis\" \/>\n<meta property=\"og:description\" content=\"El evento organizado por la Municipalidad de la Villa de Merlo a trav\u00e9s de la...\" \/>\n<meta property=\"og:url\" content=\"https:\/\/apuntesdesanluis.com\/index.php\/2024\/02\/29\/merlo-inscriben-a-la-19-edicion-de-la-maraton-heroes-de-malvinas\/\" \/>\n<meta property=\"og:site_name\" content=\"Apuntes de San Luis\" \/>\n<meta property=\"article:published_time\" content=\"2024-02-29T16:37:12+00:00\" \/>\n<meta property=\"og:image\" content=\"https:\/\/apuntesdesanluis.com\/wp-content\/uploads\/2024\/02\/MARATON.jpg\" \/>\n\t<meta property=\"og:image:width\" content=\"600\" \/>\n\t<meta property=\"og:image:height\" content=\"400\" \/>\n\t<meta property=\"og:image:type\" content=\"image\/jpeg\" \/>\n<meta name=\"author\" content=\"apuntesdesanluis.com\" \/>\n<meta name=\"twitter:card\" content=\"summary_large_image\" \/>\n<meta name=\"twitter:label1\" content=\"Escrito por\" \/>\n\t<meta name=\"twitter:data1\" content=\"apuntesdesanluis.com\" \/>\n\t<meta name=\"twitter:label2\" content=\"Tiempo de lectura\" \/>\n\t<meta name=\"twitter:data2\" content=\"3 minutos\" \/>\n<script type=\"application\/ld+json\" class=\"yoast-schema-graph\">{\"@context\":\"https:\/\/schema.org\",\"@graph\":[{\"@type\":\"Article\",\"@id\":\"https:\/\/apuntesdesanluis.com\/index.php\/2024\/02\/29\/merlo-inscriben-a-la-19-edicion-de-la-maraton-heroes-de-malvinas\/#article\",\"isPartOf\":{\"@id\":\"https:\/\/apuntesdesanluis.com\/index.php\/2024\/02\/29\/merlo-inscriben-a-la-19-edicion-de-la-maraton-heroes-de-malvinas\/\"},\"author\":{\"name\":\"apuntesdesanluis.com\",\"@id\":\"https:\/\/apuntesdesanluis.com\/#\/schema\/person\/b55151d52296fcce64d1a72538a70b90\"},\"headline\":\"MERLO: INSCRIBEN A LA 19\u00b0 EDICI\u00d3N DE LA MARAT\u00d3N H\u00c9ROES DE MALVINAS\",\"datePublished\":\"2024-02-29T16:37:12+00:00\",\"mainEntityOfPage\":{\"@id\":\"https:\/\/apuntesdesanluis.com\/index.php\/2024\/02\/29\/merlo-inscriben-a-la-19-edicion-de-la-maraton-heroes-de-malvinas\/\"},\"wordCount\":407,\"publisher\":{\"@id\":\"https:\/\/apuntesdesanluis.com\/#\/schema\/person\/b55151d52296fcce64d1a72538a70b90\"},\"image\":{\"@id\":\"https:\/\/apuntesdesanluis.com\/index.php\/2024\/02\/29\/merlo-inscriben-a-la-19-edicion-de-la-maraton-heroes-de-malvinas\/#primaryimage\"},\"thumbnailUrl\":\"https:\/\/apuntesdesanluis.com\/wp-content\/uploads\/2024\/02\/MARATON.jpg\",\"articleSection\":[\"Ciudad\/Provincia\"],\"inLanguage\":\"es-AR\"},{\"@type\":\"WebPage\",\"@id\":\"https:\/\/apuntesdesanluis.com\/index.php\/2024\/02\/29\/merlo-inscriben-a-la-19-edicion-de-la-maraton-heroes-de-malvinas\/\",\"url\":\"https:\/\/apuntesdesanluis.com\/index.php\/2024\/02\/29\/merlo-inscriben-a-la-19-edicion-de-la-maraton-heroes-de-malvinas\/\",\"name\":\"MERLO: INSCRIBEN A LA 19\u00b0 EDICI\u00d3N DE LA MARAT\u00d3N H\u00c9ROES DE MALVINAS - Apuntes de San Luis\",\"isPartOf\":{\"@id\":\"https:\/\/apuntesdesanluis.com\/#website\"},\"primaryImageOfPage\":{\"@id\":\"https:\/\/apuntesdesanluis.com\/index.php\/2024\/02\/29\/merlo-inscriben-a-la-19-edicion-de-la-maraton-heroes-de-malvinas\/#primaryimage\"},\"image\":{\"@id\":\"https:\/\/apuntesdesanluis.com\/index.php\/2024\/02\/29\/merlo-inscriben-a-la-19-edicion-de-la-maraton-heroes-de-malvinas\/#primaryimage\"},\"thumbnailUrl\":\"https:\/\/apuntesdesanluis.com\/wp-content\/uploads\/2024\/02\/MARATON.jpg\",\"datePublished\":\"2024-02-29T16:37:12+00:00\",\"breadcrumb\":{\"@id\":\"https:\/\/apuntesdesanluis.com\/index.php\/2024\/02\/29\/merlo-inscriben-a-la-19-edicion-de-la-maraton-heroes-de-malvinas\/#breadcrumb\"},\"inLanguage\":\"es-AR\",\"potentialAction\":[{\"@type\":\"ReadAction\",\"target\":[\"https:\/\/apuntesdesanluis.com\/index.php\/2024\/02\/29\/merlo-inscriben-a-la-19-edicion-de-la-maraton-heroes-de-malvinas\/\"]}]},{\"@type\":\"ImageObject\",\"inLanguage\":\"es-AR\",\"@id\":\"https:\/\/apuntesdesanluis.com\/index.php\/2024\/02\/29\/merlo-inscriben-a-la-19-edicion-de-la-maraton-heroes-de-malvinas\/#primaryimage\",\"url\":\"https:\/\/apuntesdesanluis.com\/wp-content\/uploads\/2024\/02\/MARATON.jpg\",\"contentUrl\":\"https:\/\/apuntesdesanluis.com\/wp-content\/uploads\/2024\/02\/MARATON.jpg\",\"width\":600,\"height\":400},{\"@type\":\"BreadcrumbList\",\"@id\":\"https:\/\/apuntesdesanluis.com\/index.php\/2024\/02\/29\/merlo-inscriben-a-la-19-edicion-de-la-maraton-heroes-de-malvinas\/#breadcrumb\",\"itemListElement\":[{\"@type\":\"ListItem\",\"position\":1,\"name\":\"Inicio\",\"item\":\"https:\/\/apuntesdesanluis.com\/\"},{\"@type\":\"ListItem\",\"position\":2,\"name\":\"MERLO: INSCRIBEN A LA 19\u00b0 EDICI\u00d3N DE LA MARAT\u00d3N H\u00c9ROES DE MALVINAS\"}]},{\"@type\":\"WebSite\",\"@id\":\"https:\/\/apuntesdesanluis.com\/#website\",\"url\":\"https:\/\/apuntesdesanluis.com\/\",\"name\":\"Apuntes de San Luis\",\"description\":\"\",\"publisher\":{\"@id\":\"https:\/\/apuntesdesanluis.com\/#\/schema\/person\/b55151d52296fcce64d1a72538a70b90\"},\"potentialAction\":[{\"@type\":\"SearchAction\",\"target\":{\"@type\":\"EntryPoint\",\"urlTemplate\":\"https:\/\/apuntesdesanluis.com\/?s={search_term_string}\"},\"query-input\":{\"@type\":\"PropertyValueSpecification\",\"valueRequired\":true,\"valueName\":\"search_term_string\"}}],\"inLanguage\":\"es-AR\"},{\"@type\":[\"Person\",\"Organization\"],\"@id\":\"https:\/\/apuntesdesanluis.com\/#\/schema\/person\/b55151d52296fcce64d1a72538a70b90\",\"name\":\"apuntesdesanluis.com\",\"image\":{\"@type\":\"ImageObject\",\"inLanguage\":\"es-AR\",\"@id\":\"https:\/\/apuntesdesanluis.com\/#\/schema\/person\/image\/\",\"url\":\"https:\/\/apuntesdesanluis.com\/wp-content\/uploads\/2023\/07\/cropped-apuntesdesanluis.png\",\"contentUrl\":\"https:\/\/apuntesdesanluis.com\/wp-content\/uploads\/2023\/07\/cropped-apuntesdesanluis.png\",\"width\":450,\"height\":112,\"caption\":\"apuntesdesanluis.com\"},\"logo\":{\"@id\":\"https:\/\/apuntesdesanluis.com\/#\/schema\/person\/image\/\"},\"sameAs\":[\"https:\/\/apuntesdesanluis.com\"],\"url\":\"https:\/\/apuntesdesanluis.com\/index.php\/author\/apuntesdesanluis-com\/\"}]}<\/script>\n<!-- \/ Yoast SEO plugin. -->","yoast_head_json":{"title":"MERLO: INSCRIBEN A LA 19\u00b0 EDICI\u00d3N DE LA MARAT\u00d3N H\u00c9ROES DE MALVINAS - Apuntes de San Luis","robots":{"index":"index","follow":"follow","max-snippet":"max-snippet:-1","max-image-preview":"max-image-preview:large","max-video-preview":"max-video-preview:-1"},"canonical":"https:\/\/apuntesdesanluis.com\/index.php\/2024\/02\/29\/merlo-inscriben-a-la-19-edicion-de-la-maraton-heroes-de-malvinas\/","og_locale":"es_ES","og_type":"article","og_title":"MERLO: INSCRIBEN A LA 19\u00b0 EDICI\u00d3N DE LA MARAT\u00d3N H\u00c9ROES DE MALVINAS - Apuntes de San Luis","og_description":"El evento organizado por la Municipalidad de la Villa de Merlo a trav\u00e9s de la...","og_url":"https:\/\/apuntesdesanluis.com\/index.php\/2024\/02\/29\/merlo-inscriben-a-la-19-edicion-de-la-maraton-heroes-de-malvinas\/","og_site_name":"Apuntes de San Luis","article_published_time":"2024-02-29T16:37:12+00:00","og_image":[{"width":600,"height":400,"url":"https:\/\/apuntesdesanluis.com\/wp-content\/uploads\/2024\/02\/MARATON.jpg","type":"image\/jpeg"}],"author":"apuntesdesanluis.com","twitter_card":"summary_large_image","twitter_misc":{"Escrito por":"apuntesdesanluis.com","Tiempo de lectura":"3 minutos"},"schema":{"@context":"https:\/\/schema.org","@graph":[{"@type":"Article","@id":"https:\/\/apuntesdesanluis.com\/index.php\/2024\/02\/29\/merlo-inscriben-a-la-19-edicion-de-la-maraton-heroes-de-malvinas\/#article","isPartOf":{"@id":"https:\/\/apuntesdesanluis.com\/index.php\/2024\/02\/29\/merlo-inscriben-a-la-19-edicion-de-la-maraton-heroes-de-malvinas\/"},"author":{"name":"apuntesdesanluis.com","@id":"https:\/\/apuntesdesanluis.com\/#\/schema\/person\/b55151d52296fcce64d1a72538a70b90"},"headline":"MERLO: INSCRIBEN A LA 19\u00b0 EDICI\u00d3N DE LA MARAT\u00d3N H\u00c9ROES DE MALVINAS","datePublished":"2024-02-29T16:37:12+00:00","mainEntityOfPage":{"@id":"https:\/\/apuntesdesanluis.com\/index.php\/2024\/02\/29\/merlo-inscriben-a-la-19-edicion-de-la-maraton-heroes-de-malvinas\/"},"wordCount":407,"publisher":{"@id":"https:\/\/apuntesdesanluis.com\/#\/schema\/person\/b55151d52296fcce64d1a72538a70b90"},"image":{"@id":"https:\/\/apuntesdesanluis.com\/index.php\/2024\/02\/29\/merlo-inscriben-a-la-19-edicion-de-la-maraton-heroes-de-malvinas\/#primaryimage"},"thumbnailUrl":"https:\/\/apuntesdesanluis.com\/wp-content\/uploads\/2024\/02\/MARATON.jpg","articleSection":["Ciudad\/Provincia"],"inLanguage":"es-AR"},{"@type":"WebPage","@id":"https:\/\/apuntesdesanluis.com\/index.php\/2024\/02\/29\/merlo-inscriben-a-la-19-edicion-de-la-maraton-heroes-de-malvinas\/","url":"https:\/\/apuntesdesanluis.com\/index.php\/2024\/02\/29\/merlo-inscriben-a-la-19-edicion-de-la-maraton-heroes-de-malvinas\/","name":"MERLO: INSCRIBEN A LA 19\u00b0 EDICI\u00d3N DE LA MARAT\u00d3N H\u00c9ROES DE MALVINAS - Apuntes de San Luis","isPartOf":{"@id":"https:\/\/apuntesdesanluis.com\/#website"},"primaryImageOfPage":{"@id":"https:\/\/apuntesdesanluis.com\/index.php\/2024\/02\/29\/merlo-inscriben-a-la-19-edicion-de-la-maraton-heroes-de-malvinas\/#primaryimage"},"image":{"@id":"https:\/\/apuntesdesanluis.com\/index.php\/2024\/02\/29\/merlo-inscriben-a-la-19-edicion-de-la-maraton-heroes-de-malvinas\/#primaryimage"},"thumbnailUrl":"https:\/\/apuntesdesanluis.com\/wp-content\/uploads\/2024\/02\/MARATON.jpg","datePublished":"2024-02-29T16:37:12+00:00","breadcrumb":{"@id":"https:\/\/apuntesdesanluis.com\/index.php\/2024\/02\/29\/merlo-inscriben-a-la-19-edicion-de-la-maraton-heroes-de-malvinas\/#breadcrumb"},"inLanguage":"es-AR","potentialAction":[{"@type":"ReadAction","target":["https:\/\/apuntesdesanluis.com\/index.php\/2024\/02\/29\/merlo-inscriben-a-la-19-edicion-de-la-maraton-heroes-de-malvinas\/"]}]},{"@type":"ImageObject","inLanguage":"es-AR","@id":"https:\/\/apuntesdesanluis.com\/index.php\/2024\/02\/29\/merlo-inscriben-a-la-19-edicion-de-la-maraton-heroes-de-malvinas\/#primaryimage","url":"https:\/\/apuntesdesanluis.com\/wp-content\/uploads\/2024\/02\/MARATON.jpg","contentUrl":"https:\/\/apuntesdesanluis.com\/wp-content\/uploads\/2024\/02\/MARATON.jpg","width":600,"height":400},{"@type":"BreadcrumbList","@id":"https:\/\/apuntesdesanluis.com\/index.php\/2024\/02\/29\/merlo-inscriben-a-la-19-edicion-de-la-maraton-heroes-de-malvinas\/#breadcrumb","itemListElement":[{"@type":"ListItem","position":1,"name":"Inicio","item":"https:\/\/apuntesdesanluis.com\/"},{"@type":"ListItem","position":2,"name":"MERLO: INSCRIBEN A LA 19\u00b0 EDICI\u00d3N DE LA MARAT\u00d3N H\u00c9ROES DE MALVINAS"}]},{"@type":"WebSite","@id":"https:\/\/apuntesdesanluis.com\/#website","url":"https:\/\/apuntesdesanluis.com\/","name":"Apuntes de San Luis","description":"","publisher":{"@id":"https:\/\/apuntesdesanluis.com\/#\/schema\/person\/b55151d52296fcce64d1a72538a70b90"},"potentialAction":[{"@type":"SearchAction","target":{"@type":"EntryPoint","urlTemplate":"https:\/\/apuntesdesanluis.com\/?s={search_term_string}"},"query-input":{"@type":"PropertyValueSpecification","valueRequired":true,"valueName":"search_term_string"}}],"inLanguage":"es-AR"},{"@type":["Person","Organization"],"@id":"https:\/\/apuntesdesanluis.com\/#\/schema\/person\/b55151d52296fcce64d1a72538a70b90","name":"apuntesdesanluis.com","image":{"@type":"ImageObject","inLanguage":"es-AR","@id":"https:\/\/apuntesdesanluis.com\/#\/schema\/person\/image\/","url":"https:\/\/apuntesdesanluis.com\/wp-content\/uploads\/2023\/07\/cropped-apuntesdesanluis.png","contentUrl":"https:\/\/apuntesdesanluis.com\/wp-content\/uploads\/2023\/07\/cropped-apuntesdesanluis.png","width":450,"height":112,"caption":"apuntesdesanluis.com"},"logo":{"@id":"https:\/\/apuntesdesanluis.com\/#\/schema\/person\/image\/"},"sameAs":["https:\/\/apuntesdesanluis.com"],"url":"https:\/\/apuntesdesanluis.com\/index.php\/author\/apuntesdesanluis-com\/"}]}},"featured_image_urls":{"full":["https:\/\/apuntesdesanluis.com\/wp-content\/uploads\/2024\/02\/MARATON.jpg",600,400,false],"thumbnail":["https:\/\/apuntesdesanluis.com\/wp-content\/uploads\/2024\/02\/MARATON-150x150.jpg",150,150,true],"medium":["https:\/\/apuntesdesanluis.com\/wp-content\/uploads\/2024\/02\/MARATON-300x200.jpg",300,200,true],"medium_large":["https:\/\/apuntesdesanluis.com\/wp-content\/uploads\/2024\/02\/MARATON.jpg",600,400,false],"large":["https:\/\/apuntesdesanluis.com\/wp-content\/uploads\/2024\/02\/MARATON.jpg",600,400,false],"1536x1536":["https:\/\/apuntesdesanluis.com\/wp-content\/uploads\/2024\/02\/MARATON.jpg",600,400,false],"2048x2048":["https:\/\/apuntesdesanluis.com\/wp-content\/uploads\/2024\/02\/MARATON.jpg",600,400,false],"newsever-slider-full":["https:\/\/apuntesdesanluis.com\/wp-content\/uploads\/2024\/02\/MARATON.jpg",600,400,false],"newsever-featured":["https:\/\/apuntesdesanluis.com\/wp-content\/uploads\/2024\/02\/MARATON.jpg",600,400,false],"newsever-medium":["https:\/\/apuntesdesanluis.com\/wp-content\/uploads\/2024\/02\/MARATON.jpg",600,400,false]},"author_info":{"display_name":"apuntesdesanluis.com","author_link":"https:\/\/apuntesdesanluis.com\/index.php\/author\/apuntesdesanluis-com\/"},"category_info":"<a href=\"https:\/\/apuntesdesanluis.com\/index.php\/category\/ciudad-provincia\/\" rel=\"category tag\">Ciudad\/Provincia<\/a>","tag_info":"Ciudad\/Provincia","comment_count":"0","_links":{"self":[{"href":"https:\/\/apuntesdesanluis.com\/index.php\/wp-json\/wp\/v2\/posts\/12510","targetHints":{"allow":["GET"]}}],"collection":[{"href":"https:\/\/apuntesdesanluis.com\/index.php\/wp-json\/wp\/v2\/posts"}],"about":[{"href":"https:\/\/apuntesdesanluis.com\/index.php\/wp-json\/wp\/v2\/types\/post"}],"author":[{"embeddable":true,"href":"https:\/\/apuntesdesanluis.com\/index.php\/wp-json\/wp\/v2\/users\/1"}],"replies":[{"embeddable":true,"href":"https:\/\/apuntesdesanluis.com\/index.php\/wp-json\/wp\/v2\/comments?post=12510"}],"version-history":[{"count":1,"href":"https:\/\/apuntesdesanluis.com\/index.php\/wp-json\/wp\/v2\/posts\/12510\/revisions"}],"predecessor-version":[{"id":12513,"href":"https:\/\/apuntesdesanluis.com\/index.php\/wp-json\/wp\/v2\/posts\/12510\/revisions\/12513"}],"wp:featuredmedia":[{"embeddable":true,"href":"https:\/\/apuntesdesanluis.com\/index.php\/wp-json\/wp\/v2\/media\/12511"}],"wp:attachment":[{"href":"https:\/\/apuntesdesanluis.com\/index.php\/wp-json\/wp\/v2\/media?parent=12510"}],"wp:term":[{"taxonomy":"category","embeddable":true,"href":"https:\/\/apuntesdesanluis.com\/index.php\/wp-json\/wp\/v2\/categories?post=12510"},{"taxonomy":"post_tag","embeddable":true,"href":"https:\/\/apuntesdesanluis.com\/index.php\/wp-json\/wp\/v2\/tags?post=12510"}],"curies":[{"name":"wp","href":"https:\/\/api.w.org\/{rel}","templated":true}]}}