{"id":12517,"date":"2024-02-29T14:21:03","date_gmt":"2024-02-29T17:21:03","guid":{"rendered":"https:\/\/apuntesdesanluis.com\/?p=12517"},"modified":"2024-02-29T14:21:03","modified_gmt":"2024-02-29T17:21:03","slug":"insolito-mientras-hablaba-jorge-macri-aparecio-una-rata-y-fue-devorada-por-dos-perros","status":"publish","type":"post","link":"https:\/\/apuntesdesanluis.com\/index.php\/2024\/02\/29\/insolito-mientras-hablaba-jorge-macri-aparecio-una-rata-y-fue-devorada-por-dos-perros\/","title":{"rendered":"INS\u00d3LITO: MIENTRAS HABLABA JORGE MACRI APARECI\u00d3 UNA RATA Y FUE DEVORADA POR DOS PERROS"},"content":{"rendered":"<h3>El jefe de Gobierno porte\u00f1o, <strong>Jorge Macri<\/strong>, fue protagonista hoy de un ins\u00f3lito episodio. Cuando explicaba ante los medios de comunicaci\u00f3n el operativo desalojo de una feria ilegal en el Barrio 31 de Retiro, una rata apareci\u00f3 en medio del grupo de periodistas, lo que gener\u00f3 momentos de tensi\u00f3n y gritos. Finalmente, el roedor termin\u00f3 siendo devorado por dos perros.<\/h3>\n<h3>Macri se acerc\u00f3 al lugar luego del operativo que comenz\u00f3 durante la madrugada para desarticular una feria en donde se vend\u00edan art\u00edculos robados, entre otros productos. Por otro lado, advierten que la presencia de roedores en la ciudad de Buenos Aires se increment\u00f3 en los \u00faltimos tiempos.<\/h3>\n<p><iframe title=\"INS\u00d3LITO MOMENTO. Una rata caus\u00f3 p\u00e1nico en medio de la conferencia de Jorge Macri\" width=\"640\" height=\"360\" src=\"https:\/\/www.youtube.com\/embed\/6Nluqf1JpmM?feature=oembed\" frameborder=\"0\" allow=\"accelerometer; autoplay; clipboard-write; encrypted-media; gyroscope; picture-in-picture; web-share\" referrerpolicy=\"strict-origin-when-cross-origin\" allowfullscreen><\/iframe><\/p>\n<h3>El Jefe de Gobierno porte\u00f1o busc\u00f3 continuar con las declaraciones del caso, pidi\u00f3 a los medios que se vuelvan a acomodar, al decir: \u201cOrdenemos lo que desorden\u00f3 la rata\u201d.<\/h3>\n<h3>Minutos despu\u00e9s, el mandatario porte\u00f1o mencion\u00f3 el incidente en una entrevista con Radio Mitre. \u201cEst\u00e1bamos en plena conferencia de prensa contando lo que venimos haciendo para remover esta feria ilegal muy densa, pesada y oscura, que est\u00e1 pegada a la terminal de \u00f3mnibus\u201d, indic\u00f3.<\/h3>\n<h3>Con relaci\u00f3n al operativo, fuentes policiales precisaron que se desarroll\u00f3 esta madrugada en la calle Carlos Perette, una de las entradas al Barrio Padre Carlos Mugica (Barrio 31). All\u00ed, entre la avenida Ant\u00e1rtida Argentina y la calle Rodolfo Walsh, funcionaba una feria ilegal en la que se comercializaban art\u00edculos de dudosa procedencia, justo frente a la terminal de \u00f3mnibus.<\/h3>\n<h3>\u00a0\u201cPiensen que viene gente del interior o del exterior. J\u00f3venes que despu\u00e9s deciden ir a conocer otros lugares del pa\u00eds en colectivo y qui\u00e9n no ha escuchado una historia de terror sobre lo que pasaba ah\u00ed en la feria de Retiro\u201d, sostuvo Jorge Macri.<\/h3>\n<h3>Seg\u00fan precisaron las autoridades porte\u00f1as, para realizar este operativo se implementaron 11 camiones, compactadoras, ocho palas mec\u00e1nicas y 10 gr\u00faas e hidrolavadoras, dejando a su paso una monta\u00f1a de escombros que luego ser\u00e1n removidos.<\/h3>\n<h3>\u201cVen\u00edamos trabajando en entender esa problem\u00e1tica, en ver c\u00f3mo resolverla. Y hace tres semanas nos lleg\u00f3 una denuncia de que ah\u00ed hab\u00eda computadoras del plan Sarmiento, que son las que tenemos en nuestras escuelas, y que estaban siendo vendidas\u201d, explic\u00f3 el funcionario porte\u00f1o.<\/h3>\n<h3>Y agreg\u00f3: \u201cEso dispara una serie de investigaciones y operativos. Fuimos r\u00e1pidamente a decomisar ese material, pero empezamos a entender que esta no era una feria cualquiera, que hab\u00eda muchas cosas que estaban detr\u00e1s que ten\u00edan que ver con lo delictivo. No tenemos por qu\u00e9 convivir con ese tipo de desorden, de ilegalidad\u201d.<\/h3>\n<h3>\u201cHemos logrado hacer todo este operativo sin violencia, sin que nadie est\u00e9 lastimado, salvo el episodio pobre de los periodistas que se pegaron un susto con la rata esta que apareci\u00f3 ah\u00ed en el medio. Pero que en s\u00ed mismo es una met\u00e1fora de las cosas que estos lugares tambi\u00e9n generan, que es una degradaci\u00f3n, un aceptar convivir con las cosas que est\u00e1n mal\u201d, explic\u00f3 Macri.<\/h3>\n<h3>Asimismo, el alcalde porte\u00f1o hizo referencia a que la presencia de esta clase de roedores se da en diferentes lugares de la Ciudad de Buenos Aires. \u201cEn todos los barrios. Por eso este trabajo tiene que continuar, tenemos que seguir ordenando. As\u00ed como lo hicimos con Plaza de Mayo, con Plaza Lavalle, en Aeroparque. F\u00edjense, dos puntos estrat\u00e9gicos de una ciudad que acaba de ganarse un premio en la Ciudad de Buenos Aires, que ayer fue premiada por el turismo, que estamos batiendo r\u00e9cords de recepci\u00f3n de turistas. Ten\u00edamos en aeroparque gente durmiendo y viviendo, esta feria usurpada, la salida de la terminal de colectivos, y de trenes, porque es a la vuelta de la terminal de trenes\u201d, manifest\u00f3.<\/h3>\n<p>&nbsp;<\/p>\n<p>&nbsp;<\/p>\n<p>&nbsp;<\/p>\n<p>&nbsp;<\/p>\n<p>&nbsp;<\/p>\n<p>&nbsp;<\/p>\n","protected":false},"excerpt":{"rendered":"<p>El jefe de Gobierno porte\u00f1o, Jorge Macri, fue protagonista hoy de un ins\u00f3lito episodio. Cuando&#8230;<\/p>\n","protected":false},"author":1,"featured_media":12518,"comment_status":"closed","ping_status":"closed","sticky":false,"template":"","format":"standard","meta":{"footnotes":""},"categories":[5],"tags":[],"class_list":["post-12517","post","type-post","status-publish","format-standard","has-post-thumbnail","hentry","category-nacionales-internacionales"],"yoast_head":"<!-- This site is optimized with the Yoast SEO plugin v26.1.1 - https:\/\/yoast.com\/wordpress\/plugins\/seo\/ -->\n<title>INS\u00d3LITO: MIENTRAS HABLABA JORGE MACRI APARECI\u00d3 UNA RATA Y FUE DEVORADA POR DOS PERROS - Apuntes de San Luis<\/title>\n<meta name=\"robots\" content=\"index, follow, max-snippet:-1, max-image-preview:large, max-video-preview:-1\" \/>\n<link rel=\"canonical\" href=\"https:\/\/apuntesdesanluis.com\/index.php\/2024\/02\/29\/insolito-mientras-hablaba-jorge-macri-aparecio-una-rata-y-fue-devorada-por-dos-perros\/\" \/>\n<meta property=\"og:locale\" content=\"es_ES\" \/>\n<meta property=\"og:type\" content=\"article\" \/>\n<meta property=\"og:title\" content=\"INS\u00d3LITO: MIENTRAS HABLABA JORGE MACRI APARECI\u00d3 UNA RATA Y FUE DEVORADA POR DOS PERROS - Apuntes de San Luis\" \/>\n<meta property=\"og:description\" content=\"El jefe de Gobierno porte\u00f1o, Jorge Macri, fue protagonista hoy de un ins\u00f3lito episodio. Cuando...\" \/>\n<meta property=\"og:url\" content=\"https:\/\/apuntesdesanluis.com\/index.php\/2024\/02\/29\/insolito-mientras-hablaba-jorge-macri-aparecio-una-rata-y-fue-devorada-por-dos-perros\/\" \/>\n<meta property=\"og:site_name\" content=\"Apuntes de San Luis\" \/>\n<meta property=\"article:published_time\" content=\"2024-02-29T17:21:03+00:00\" \/>\n<meta property=\"og:image\" content=\"https:\/\/apuntesdesanluis.com\/wp-content\/uploads\/2024\/02\/MACRI-RATA.png\" \/>\n\t<meta property=\"og:image:width\" content=\"528\" \/>\n\t<meta property=\"og:image:height\" content=\"291\" \/>\n\t<meta property=\"og:image:type\" content=\"image\/png\" \/>\n<meta name=\"author\" content=\"apuntesdesanluis.com\" \/>\n<meta name=\"twitter:card\" content=\"summary_large_image\" \/>\n<meta name=\"twitter:label1\" content=\"Escrito por\" \/>\n\t<meta name=\"twitter:data1\" content=\"apuntesdesanluis.com\" \/>\n\t<meta name=\"twitter:label2\" content=\"Tiempo de lectura\" \/>\n\t<meta name=\"twitter:data2\" content=\"3 minutos\" \/>\n<script type=\"application\/ld+json\" class=\"yoast-schema-graph\">{\"@context\":\"https:\/\/schema.org\",\"@graph\":[{\"@type\":\"Article\",\"@id\":\"https:\/\/apuntesdesanluis.com\/index.php\/2024\/02\/29\/insolito-mientras-hablaba-jorge-macri-aparecio-una-rata-y-fue-devorada-por-dos-perros\/#article\",\"isPartOf\":{\"@id\":\"https:\/\/apuntesdesanluis.com\/index.php\/2024\/02\/29\/insolito-mientras-hablaba-jorge-macri-aparecio-una-rata-y-fue-devorada-por-dos-perros\/\"},\"author\":{\"name\":\"apuntesdesanluis.com\",\"@id\":\"https:\/\/apuntesdesanluis.com\/#\/schema\/person\/b55151d52296fcce64d1a72538a70b90\"},\"headline\":\"INS\u00d3LITO: MIENTRAS HABLABA JORGE MACRI APARECI\u00d3 UNA RATA Y FUE DEVORADA POR DOS PERROS\",\"datePublished\":\"2024-02-29T17:21:03+00:00\",\"mainEntityOfPage\":{\"@id\":\"https:\/\/apuntesdesanluis.com\/index.php\/2024\/02\/29\/insolito-mientras-hablaba-jorge-macri-aparecio-una-rata-y-fue-devorada-por-dos-perros\/\"},\"wordCount\":664,\"publisher\":{\"@id\":\"https:\/\/apuntesdesanluis.com\/#\/schema\/person\/b55151d52296fcce64d1a72538a70b90\"},\"image\":{\"@id\":\"https:\/\/apuntesdesanluis.com\/index.php\/2024\/02\/29\/insolito-mientras-hablaba-jorge-macri-aparecio-una-rata-y-fue-devorada-por-dos-perros\/#primaryimage\"},\"thumbnailUrl\":\"https:\/\/apuntesdesanluis.com\/wp-content\/uploads\/2024\/02\/MACRI-RATA.png\",\"articleSection\":[\"Nacionales\/Internacionales\"],\"inLanguage\":\"es-AR\"},{\"@type\":\"WebPage\",\"@id\":\"https:\/\/apuntesdesanluis.com\/index.php\/2024\/02\/29\/insolito-mientras-hablaba-jorge-macri-aparecio-una-rata-y-fue-devorada-por-dos-perros\/\",\"url\":\"https:\/\/apuntesdesanluis.com\/index.php\/2024\/02\/29\/insolito-mientras-hablaba-jorge-macri-aparecio-una-rata-y-fue-devorada-por-dos-perros\/\",\"name\":\"INS\u00d3LITO: MIENTRAS HABLABA JORGE MACRI APARECI\u00d3 UNA RATA Y FUE DEVORADA POR DOS PERROS - Apuntes de San Luis\",\"isPartOf\":{\"@id\":\"https:\/\/apuntesdesanluis.com\/#website\"},\"primaryImageOfPage\":{\"@id\":\"https:\/\/apuntesdesanluis.com\/index.php\/2024\/02\/29\/insolito-mientras-hablaba-jorge-macri-aparecio-una-rata-y-fue-devorada-por-dos-perros\/#primaryimage\"},\"image\":{\"@id\":\"https:\/\/apuntesdesanluis.com\/index.php\/2024\/02\/29\/insolito-mientras-hablaba-jorge-macri-aparecio-una-rata-y-fue-devorada-por-dos-perros\/#primaryimage\"},\"thumbnailUrl\":\"https:\/\/apuntesdesanluis.com\/wp-content\/uploads\/2024\/02\/MACRI-RATA.png\",\"datePublished\":\"2024-02-29T17:21:03+00:00\",\"breadcrumb\":{\"@id\":\"https:\/\/apuntesdesanluis.com\/index.php\/2024\/02\/29\/insolito-mientras-hablaba-jorge-macri-aparecio-una-rata-y-fue-devorada-por-dos-perros\/#breadcrumb\"},\"inLanguage\":\"es-AR\",\"potentialAction\":[{\"@type\":\"ReadAction\",\"target\":[\"https:\/\/apuntesdesanluis.com\/index.php\/2024\/02\/29\/insolito-mientras-hablaba-jorge-macri-aparecio-una-rata-y-fue-devorada-por-dos-perros\/\"]}]},{\"@type\":\"ImageObject\",\"inLanguage\":\"es-AR\",\"@id\":\"https:\/\/apuntesdesanluis.com\/index.php\/2024\/02\/29\/insolito-mientras-hablaba-jorge-macri-aparecio-una-rata-y-fue-devorada-por-dos-perros\/#primaryimage\",\"url\":\"https:\/\/apuntesdesanluis.com\/wp-content\/uploads\/2024\/02\/MACRI-RATA.png\",\"contentUrl\":\"https:\/\/apuntesdesanluis.com\/wp-content\/uploads\/2024\/02\/MACRI-RATA.png\",\"width\":528,\"height\":291},{\"@type\":\"BreadcrumbList\",\"@id\":\"https:\/\/apuntesdesanluis.com\/index.php\/2024\/02\/29\/insolito-mientras-hablaba-jorge-macri-aparecio-una-rata-y-fue-devorada-por-dos-perros\/#breadcrumb\",\"itemListElement\":[{\"@type\":\"ListItem\",\"position\":1,\"name\":\"Inicio\",\"item\":\"https:\/\/apuntesdesanluis.com\/\"},{\"@type\":\"ListItem\",\"position\":2,\"name\":\"INS\u00d3LITO: MIENTRAS HABLABA JORGE MACRI APARECI\u00d3 UNA RATA Y FUE DEVORADA POR DOS PERROS\"}]},{\"@type\":\"WebSite\",\"@id\":\"https:\/\/apuntesdesanluis.com\/#website\",\"url\":\"https:\/\/apuntesdesanluis.com\/\",\"name\":\"Apuntes de San Luis\",\"description\":\"\",\"publisher\":{\"@id\":\"https:\/\/apuntesdesanluis.com\/#\/schema\/person\/b55151d52296fcce64d1a72538a70b90\"},\"potentialAction\":[{\"@type\":\"SearchAction\",\"target\":{\"@type\":\"EntryPoint\",\"urlTemplate\":\"https:\/\/apuntesdesanluis.com\/?s={search_term_string}\"},\"query-input\":{\"@type\":\"PropertyValueSpecification\",\"valueRequired\":true,\"valueName\":\"search_term_string\"}}],\"inLanguage\":\"es-AR\"},{\"@type\":[\"Person\",\"Organization\"],\"@id\":\"https:\/\/apuntesdesanluis.com\/#\/schema\/person\/b55151d52296fcce64d1a72538a70b90\",\"name\":\"apuntesdesanluis.com\",\"image\":{\"@type\":\"ImageObject\",\"inLanguage\":\"es-AR\",\"@id\":\"https:\/\/apuntesdesanluis.com\/#\/schema\/person\/image\/\",\"url\":\"https:\/\/apuntesdesanluis.com\/wp-content\/uploads\/2023\/07\/cropped-apuntesdesanluis.png\",\"contentUrl\":\"https:\/\/apuntesdesanluis.com\/wp-content\/uploads\/2023\/07\/cropped-apuntesdesanluis.png\",\"width\":450,\"height\":112,\"caption\":\"apuntesdesanluis.com\"},\"logo\":{\"@id\":\"https:\/\/apuntesdesanluis.com\/#\/schema\/person\/image\/\"},\"sameAs\":[\"https:\/\/apuntesdesanluis.com\"],\"url\":\"https:\/\/apuntesdesanluis.com\/index.php\/author\/apuntesdesanluis-com\/\"}]}<\/script>\n<!-- \/ Yoast SEO plugin. -->","yoast_head_json":{"title":"INS\u00d3LITO: MIENTRAS HABLABA JORGE MACRI APARECI\u00d3 UNA RATA Y FUE DEVORADA POR DOS PERROS - Apuntes de San Luis","robots":{"index":"index","follow":"follow","max-snippet":"max-snippet:-1","max-image-preview":"max-image-preview:large","max-video-preview":"max-video-preview:-1"},"canonical":"https:\/\/apuntesdesanluis.com\/index.php\/2024\/02\/29\/insolito-mientras-hablaba-jorge-macri-aparecio-una-rata-y-fue-devorada-por-dos-perros\/","og_locale":"es_ES","og_type":"article","og_title":"INS\u00d3LITO: MIENTRAS HABLABA JORGE MACRI APARECI\u00d3 UNA RATA Y FUE DEVORADA POR DOS PERROS - Apuntes de San Luis","og_description":"El jefe de Gobierno porte\u00f1o, Jorge Macri, fue protagonista hoy de un ins\u00f3lito episodio. Cuando...","og_url":"https:\/\/apuntesdesanluis.com\/index.php\/2024\/02\/29\/insolito-mientras-hablaba-jorge-macri-aparecio-una-rata-y-fue-devorada-por-dos-perros\/","og_site_name":"Apuntes de San Luis","article_published_time":"2024-02-29T17:21:03+00:00","og_image":[{"width":528,"height":291,"url":"https:\/\/apuntesdesanluis.com\/wp-content\/uploads\/2024\/02\/MACRI-RATA.png","type":"image\/png"}],"author":"apuntesdesanluis.com","twitter_card":"summary_large_image","twitter_misc":{"Escrito por":"apuntesdesanluis.com","Tiempo de lectura":"3 minutos"},"schema":{"@context":"https:\/\/schema.org","@graph":[{"@type":"Article","@id":"https:\/\/apuntesdesanluis.com\/index.php\/2024\/02\/29\/insolito-mientras-hablaba-jorge-macri-aparecio-una-rata-y-fue-devorada-por-dos-perros\/#article","isPartOf":{"@id":"https:\/\/apuntesdesanluis.com\/index.php\/2024\/02\/29\/insolito-mientras-hablaba-jorge-macri-aparecio-una-rata-y-fue-devorada-por-dos-perros\/"},"author":{"name":"apuntesdesanluis.com","@id":"https:\/\/apuntesdesanluis.com\/#\/schema\/person\/b55151d52296fcce64d1a72538a70b90"},"headline":"INS\u00d3LITO: MIENTRAS HABLABA JORGE MACRI APARECI\u00d3 UNA RATA Y FUE DEVORADA POR DOS PERROS","datePublished":"2024-02-29T17:21:03+00:00","mainEntityOfPage":{"@id":"https:\/\/apuntesdesanluis.com\/index.php\/2024\/02\/29\/insolito-mientras-hablaba-jorge-macri-aparecio-una-rata-y-fue-devorada-por-dos-perros\/"},"wordCount":664,"publisher":{"@id":"https:\/\/apuntesdesanluis.com\/#\/schema\/person\/b55151d52296fcce64d1a72538a70b90"},"image":{"@id":"https:\/\/apuntesdesanluis.com\/index.php\/2024\/02\/29\/insolito-mientras-hablaba-jorge-macri-aparecio-una-rata-y-fue-devorada-por-dos-perros\/#primaryimage"},"thumbnailUrl":"https:\/\/apuntesdesanluis.com\/wp-content\/uploads\/2024\/02\/MACRI-RATA.png","articleSection":["Nacionales\/Internacionales"],"inLanguage":"es-AR"},{"@type":"WebPage","@id":"https:\/\/apuntesdesanluis.com\/index.php\/2024\/02\/29\/insolito-mientras-hablaba-jorge-macri-aparecio-una-rata-y-fue-devorada-por-dos-perros\/","url":"https:\/\/apuntesdesanluis.com\/index.php\/2024\/02\/29\/insolito-mientras-hablaba-jorge-macri-aparecio-una-rata-y-fue-devorada-por-dos-perros\/","name":"INS\u00d3LITO: MIENTRAS HABLABA JORGE MACRI APARECI\u00d3 UNA RATA Y FUE DEVORADA POR DOS PERROS - Apuntes de San Luis","isPartOf":{"@id":"https:\/\/apuntesdesanluis.com\/#website"},"primaryImageOfPage":{"@id":"https:\/\/apuntesdesanluis.com\/index.php\/2024\/02\/29\/insolito-mientras-hablaba-jorge-macri-aparecio-una-rata-y-fue-devorada-por-dos-perros\/#primaryimage"},"image":{"@id":"https:\/\/apuntesdesanluis.com\/index.php\/2024\/02\/29\/insolito-mientras-hablaba-jorge-macri-aparecio-una-rata-y-fue-devorada-por-dos-perros\/#primaryimage"},"thumbnailUrl":"https:\/\/apuntesdesanluis.com\/wp-content\/uploads\/2024\/02\/MACRI-RATA.png","datePublished":"2024-02-29T17:21:03+00:00","breadcrumb":{"@id":"https:\/\/apuntesdesanluis.com\/index.php\/2024\/02\/29\/insolito-mientras-hablaba-jorge-macri-aparecio-una-rata-y-fue-devorada-por-dos-perros\/#breadcrumb"},"inLanguage":"es-AR","potentialAction":[{"@type":"ReadAction","target":["https:\/\/apuntesdesanluis.com\/index.php\/2024\/02\/29\/insolito-mientras-hablaba-jorge-macri-aparecio-una-rata-y-fue-devorada-por-dos-perros\/"]}]},{"@type":"ImageObject","inLanguage":"es-AR","@id":"https:\/\/apuntesdesanluis.com\/index.php\/2024\/02\/29\/insolito-mientras-hablaba-jorge-macri-aparecio-una-rata-y-fue-devorada-por-dos-perros\/#primaryimage","url":"https:\/\/apuntesdesanluis.com\/wp-content\/uploads\/2024\/02\/MACRI-RATA.png","contentUrl":"https:\/\/apuntesdesanluis.com\/wp-content\/uploads\/2024\/02\/MACRI-RATA.png","width":528,"height":291},{"@type":"BreadcrumbList","@id":"https:\/\/apuntesdesanluis.com\/index.php\/2024\/02\/29\/insolito-mientras-hablaba-jorge-macri-aparecio-una-rata-y-fue-devorada-por-dos-perros\/#breadcrumb","itemListElement":[{"@type":"ListItem","position":1,"name":"Inicio","item":"https:\/\/apuntesdesanluis.com\/"},{"@type":"ListItem","position":2,"name":"INS\u00d3LITO: MIENTRAS HABLABA JORGE MACRI APARECI\u00d3 UNA RATA Y FUE DEVORADA POR DOS PERROS"}]},{"@type":"WebSite","@id":"https:\/\/apuntesdesanluis.com\/#website","url":"https:\/\/apuntesdesanluis.com\/","name":"Apuntes de San Luis","description":"","publisher":{"@id":"https:\/\/apuntesdesanluis.com\/#\/schema\/person\/b55151d52296fcce64d1a72538a70b90"},"potentialAction":[{"@type":"SearchAction","target":{"@type":"EntryPoint","urlTemplate":"https:\/\/apuntesdesanluis.com\/?s={search_term_string}"},"query-input":{"@type":"PropertyValueSpecification","valueRequired":true,"valueName":"search_term_string"}}],"inLanguage":"es-AR"},{"@type":["Person","Organization"],"@id":"https:\/\/apuntesdesanluis.com\/#\/schema\/person\/b55151d52296fcce64d1a72538a70b90","name":"apuntesdesanluis.com","image":{"@type":"ImageObject","inLanguage":"es-AR","@id":"https:\/\/apuntesdesanluis.com\/#\/schema\/person\/image\/","url":"https:\/\/apuntesdesanluis.com\/wp-content\/uploads\/2023\/07\/cropped-apuntesdesanluis.png","contentUrl":"https:\/\/apuntesdesanluis.com\/wp-content\/uploads\/2023\/07\/cropped-apuntesdesanluis.png","width":450,"height":112,"caption":"apuntesdesanluis.com"},"logo":{"@id":"https:\/\/apuntesdesanluis.com\/#\/schema\/person\/image\/"},"sameAs":["https:\/\/apuntesdesanluis.com"],"url":"https:\/\/apuntesdesanluis.com\/index.php\/author\/apuntesdesanluis-com\/"}]}},"featured_image_urls":{"full":["https:\/\/apuntesdesanluis.com\/wp-content\/uploads\/2024\/02\/MACRI-RATA.png",528,291,false],"thumbnail":["https:\/\/apuntesdesanluis.com\/wp-content\/uploads\/2024\/02\/MACRI-RATA-150x150.png",150,150,true],"medium":["https:\/\/apuntesdesanluis.com\/wp-content\/uploads\/2024\/02\/MACRI-RATA-300x165.png",300,165,true],"medium_large":["https:\/\/apuntesdesanluis.com\/wp-content\/uploads\/2024\/02\/MACRI-RATA.png",528,291,false],"large":["https:\/\/apuntesdesanluis.com\/wp-content\/uploads\/2024\/02\/MACRI-RATA.png",528,291,false],"1536x1536":["https:\/\/apuntesdesanluis.com\/wp-content\/uploads\/2024\/02\/MACRI-RATA.png",528,291,false],"2048x2048":["https:\/\/apuntesdesanluis.com\/wp-content\/uploads\/2024\/02\/MACRI-RATA.png",528,291,false],"newsever-slider-full":["https:\/\/apuntesdesanluis.com\/wp-content\/uploads\/2024\/02\/MACRI-RATA.png",528,291,false],"newsever-featured":["https:\/\/apuntesdesanluis.com\/wp-content\/uploads\/2024\/02\/MACRI-RATA.png",528,291,false],"newsever-medium":["https:\/\/apuntesdesanluis.com\/wp-content\/uploads\/2024\/02\/MACRI-RATA.png",528,291,false]},"author_info":{"display_name":"apuntesdesanluis.com","author_link":"https:\/\/apuntesdesanluis.com\/index.php\/author\/apuntesdesanluis-com\/"},"category_info":"<a href=\"https:\/\/apuntesdesanluis.com\/index.php\/category\/nacionales-internacionales\/\" rel=\"category tag\">Nacionales\/Internacionales<\/a>","tag_info":"Nacionales\/Internacionales","comment_count":"0","_links":{"self":[{"href":"https:\/\/apuntesdesanluis.com\/index.php\/wp-json\/wp\/v2\/posts\/12517","targetHints":{"allow":["GET"]}}],"collection":[{"href":"https:\/\/apuntesdesanluis.com\/index.php\/wp-json\/wp\/v2\/posts"}],"about":[{"href":"https:\/\/apuntesdesanluis.com\/index.php\/wp-json\/wp\/v2\/types\/post"}],"author":[{"embeddable":true,"href":"https:\/\/apuntesdesanluis.com\/index.php\/wp-json\/wp\/v2\/users\/1"}],"replies":[{"embeddable":true,"href":"https:\/\/apuntesdesanluis.com\/index.php\/wp-json\/wp\/v2\/comments?post=12517"}],"version-history":[{"count":1,"href":"https:\/\/apuntesdesanluis.com\/index.php\/wp-json\/wp\/v2\/posts\/12517\/revisions"}],"predecessor-version":[{"id":12519,"href":"https:\/\/apuntesdesanluis.com\/index.php\/wp-json\/wp\/v2\/posts\/12517\/revisions\/12519"}],"wp:featuredmedia":[{"embeddable":true,"href":"https:\/\/apuntesdesanluis.com\/index.php\/wp-json\/wp\/v2\/media\/12518"}],"wp:attachment":[{"href":"https:\/\/apuntesdesanluis.com\/index.php\/wp-json\/wp\/v2\/media?parent=12517"}],"wp:term":[{"taxonomy":"category","embeddable":true,"href":"https:\/\/apuntesdesanluis.com\/index.php\/wp-json\/wp\/v2\/categories?post=12517"},{"taxonomy":"post_tag","embeddable":true,"href":"https:\/\/apuntesdesanluis.com\/index.php\/wp-json\/wp\/v2\/tags?post=12517"}],"curies":[{"name":"wp","href":"https:\/\/api.w.org\/{rel}","templated":true}]}}