{"id":12520,"date":"2024-02-29T16:28:40","date_gmt":"2024-02-29T19:28:40","guid":{"rendered":"https:\/\/apuntesdesanluis.com\/?p=12520"},"modified":"2024-02-29T16:29:22","modified_gmt":"2024-02-29T19:29:22","slug":"las-salidas-del-gabinete-no-cesan-7-funcionarios-renunciaron-o-fueron-echados-durante-enero-y-febrero","status":"publish","type":"post","link":"https:\/\/apuntesdesanluis.com\/index.php\/2024\/02\/29\/las-salidas-del-gabinete-no-cesan-7-funcionarios-renunciaron-o-fueron-echados-durante-enero-y-febrero\/","title":{"rendered":"LAS SALIDAS DEL GABINETE NO CESAN: 7 FUNCIONARIOS RENUNCIARON O FUERON ECHADOS DURANTE ENERO Y FEBRERO"},"content":{"rendered":"<h3>Ferraro, Giordano, Roy\u00f3n (foto), Garc\u00eda de Luca, Pazo y Schlieper fueron algunos de los que dejaron sus cargos en estos dos meses de 2024.<\/h3>\n<h3>Los cambios dentro del Gabinete en este primer tramo del Gobierno libertario fueron noticia durante enero y febrero, en los que se registraron siete renuncias, desplazamientos o recortes de atribuciones de funcionarios.<\/h3>\n<h3>El \u00faltimo de ellos fue este martes, cuando Sebasti\u00e1n Garc\u00eda de Luca, quien trabajaba junto a Patricia Bullrich en el Ministerio de Seguridad como secretario de Articulaci\u00f3n Federal, encargado del di\u00e1logo con las provincias, present\u00f3 su renuncia.<\/h3>\n<h3>&#8220;Un placer acompa\u00f1arte hasta ac\u00e1 @patobullrich (Patricia Bullrich). Gracias por tu confianza. Sos una gran dirigente y mejor persona&#8221;, escribi\u00f3 el ya ex funcionario en su cuenta de X, quien habr\u00eda tomado la decisi\u00f3n en desacuerdo a la decisi\u00f3n del presidente Javier Milei de hacer escalar el conflicto con los gobernadores. La ministra no fue tan elogiosa al referirse a la renuncia de su asesor clave y desliz\u00f3 que se fue por &#8220;tibio&#8221;.<\/h3>\n<h3>El d\u00eda anterior se hab\u00eda producido otra salida del Gabinete: El subsecretario de la Peque\u00f1a y Mediana Empresa, Daniel Mariano Ib\u00e1\u00f1ez, present\u00f3 el lunes su renuncia, apenas 20 d\u00edas despu\u00e9s de haber asumido el cargo.<\/h3>\n<h3>En la misiva que dirigi\u00f3 al ministro de Econom\u00eda, Luis Caputo, y al secretario de Industria, Juan Pazo, el funcionario saliente asegur\u00f3 que la decisi\u00f3n se debi\u00f3 a &#8220;cuestiones de \u00edndole estrictamente personal&#8221;.<\/h3>\n<h3>El 9 de febrero se conoci\u00f3, tras varios d\u00edas de rumores en ese sentido, el Presidente les exigi\u00f3 la renuncia al titular de la Anses, Osvaldo Giordano, y a la secretaria de Miner\u00eda, Flavia Roy\u00f3n, luego del fracaso en la aprobaci\u00f3n de la ley \u00f3mnibus.<\/h3>\n<h3>Giordano y Roy\u00f3n estaban en sus cargos por acuerdos del Gobierno nacional con los gobernadores de C\u00f3rdoba, Mart\u00edn Llaryora, y de Salta, Gustavo S\u00e1enz, pero Milei se enoj\u00f3 por c\u00f3mo votaron diputados que supuestamente responden a ambos mandatarios provinciales.<\/h3>\n<h3>A fines de enero se hab\u00eda producido la primera salida de un ministro de la gesti\u00f3n Milei, el de Infraestructura, Guillermo Ferraro, a un mes y medio de haber asumido, al parecer por haber filtrado dos frases dichas por el Presidente en una reuni\u00f3n de Gabinete contra los gobernadores que se estaban oponiendo a partes de la ley \u00f3mnibus, aunque en realidad hab\u00eda otros factores que influyeron por internas en el oficialismo.<\/h3>\n<h3>Finalmente la salida de Ferraro tard\u00f3 casi un mes en oficializarse hasta que que qued\u00f3 confirmado por decreto que la cartera iba a ser absorbida por el Ministerio de Econom\u00eda, volviendo a ser ocho la cantidad de Ministerios tal como hab\u00eda prometido Milei en campa\u00f1a.<\/h3>\n<h3>En tanto, el 31 de enero, Ricardo Schlieper, renunci\u00f3 al cargo de subsecretario de Deportes, debido a la llegada de Daniel Scioli a la Secretar\u00eda de Turismo, Ambiente y Deportes. La decisi\u00f3n fue motivada para &#8220;darle la libertad de elegir su gente&#8221; al ex gobernador bonaerense.<\/h3>\n<h3>Por otra parte, en los primeros d\u00edas de enero, el joven libertario I\u00f1aki Rodr\u00edguez, quien manejaba las redes sociales de Milei, no fue desplazado de su cargo pero se vio recortado en sus funciones, ya que le retiraron el manejo de la cuenta oficial de X de la Casa Rosada luego de que retuitear por error una foto de \u00e9l junto a su novia. I\u00f1aki, ahora, conserva el manejo de la cuenta de TikTok del presidente Milei.<\/h3>\n<p>&nbsp;<\/p>\n<p>&nbsp;<\/p>\n<p>&nbsp;<\/p>\n","protected":false},"excerpt":{"rendered":"<p>Ferraro, Giordano, Roy\u00f3n (foto), Garc\u00eda de Luca, Pazo y Schlieper fueron algunos de los que&#8230;<\/p>\n","protected":false},"author":1,"featured_media":12521,"comment_status":"closed","ping_status":"closed","sticky":false,"template":"","format":"standard","meta":{"footnotes":""},"categories":[5],"tags":[],"class_list":["post-12520","post","type-post","status-publish","format-standard","has-post-thumbnail","hentry","category-nacionales-internacionales"],"yoast_head":"<!-- This site is optimized with the Yoast SEO plugin v26.1.1 - https:\/\/yoast.com\/wordpress\/plugins\/seo\/ -->\n<title>LAS SALIDAS DEL GABINETE NO CESAN: 7 FUNCIONARIOS RENUNCIARON O FUERON ECHADOS DURANTE ENERO Y FEBRERO - Apuntes de San Luis<\/title>\n<meta name=\"robots\" content=\"index, follow, max-snippet:-1, max-image-preview:large, max-video-preview:-1\" \/>\n<link rel=\"canonical\" href=\"https:\/\/apuntesdesanluis.com\/index.php\/2024\/02\/29\/las-salidas-del-gabinete-no-cesan-7-funcionarios-renunciaron-o-fueron-echados-durante-enero-y-febrero\/\" \/>\n<meta property=\"og:locale\" content=\"es_ES\" \/>\n<meta property=\"og:type\" content=\"article\" \/>\n<meta property=\"og:title\" content=\"LAS SALIDAS DEL GABINETE NO CESAN: 7 FUNCIONARIOS RENUNCIARON O FUERON ECHADOS DURANTE ENERO Y FEBRERO - Apuntes de San Luis\" \/>\n<meta property=\"og:description\" content=\"Ferraro, Giordano, Roy\u00f3n (foto), Garc\u00eda de Luca, Pazo y Schlieper fueron algunos de los que...\" \/>\n<meta property=\"og:url\" content=\"https:\/\/apuntesdesanluis.com\/index.php\/2024\/02\/29\/las-salidas-del-gabinete-no-cesan-7-funcionarios-renunciaron-o-fueron-echados-durante-enero-y-febrero\/\" \/>\n<meta property=\"og:site_name\" content=\"Apuntes de San Luis\" \/>\n<meta property=\"article:published_time\" content=\"2024-02-29T19:28:40+00:00\" \/>\n<meta property=\"article:modified_time\" content=\"2024-02-29T19:29:22+00:00\" \/>\n<meta property=\"og:image\" content=\"https:\/\/apuntesdesanluis.com\/wp-content\/uploads\/2024\/02\/tres.jpg\" \/>\n\t<meta property=\"og:image:width\" content=\"600\" \/>\n\t<meta property=\"og:image:height\" content=\"272\" \/>\n\t<meta property=\"og:image:type\" content=\"image\/jpeg\" \/>\n<meta name=\"author\" content=\"apuntesdesanluis.com\" \/>\n<meta name=\"twitter:card\" content=\"summary_large_image\" \/>\n<meta name=\"twitter:label1\" content=\"Escrito por\" \/>\n\t<meta name=\"twitter:data1\" content=\"apuntesdesanluis.com\" \/>\n\t<meta name=\"twitter:label2\" content=\"Tiempo de lectura\" \/>\n\t<meta name=\"twitter:data2\" content=\"3 minutos\" \/>\n<script type=\"application\/ld+json\" class=\"yoast-schema-graph\">{\"@context\":\"https:\/\/schema.org\",\"@graph\":[{\"@type\":\"Article\",\"@id\":\"https:\/\/apuntesdesanluis.com\/index.php\/2024\/02\/29\/las-salidas-del-gabinete-no-cesan-7-funcionarios-renunciaron-o-fueron-echados-durante-enero-y-febrero\/#article\",\"isPartOf\":{\"@id\":\"https:\/\/apuntesdesanluis.com\/index.php\/2024\/02\/29\/las-salidas-del-gabinete-no-cesan-7-funcionarios-renunciaron-o-fueron-echados-durante-enero-y-febrero\/\"},\"author\":{\"name\":\"apuntesdesanluis.com\",\"@id\":\"https:\/\/apuntesdesanluis.com\/#\/schema\/person\/b55151d52296fcce64d1a72538a70b90\"},\"headline\":\"LAS SALIDAS DEL GABINETE NO CESAN: 7 FUNCIONARIOS RENUNCIARON O FUERON ECHADOS DURANTE ENERO Y FEBRERO\",\"datePublished\":\"2024-02-29T19:28:40+00:00\",\"dateModified\":\"2024-02-29T19:29:22+00:00\",\"mainEntityOfPage\":{\"@id\":\"https:\/\/apuntesdesanluis.com\/index.php\/2024\/02\/29\/las-salidas-del-gabinete-no-cesan-7-funcionarios-renunciaron-o-fueron-echados-durante-enero-y-febrero\/\"},\"wordCount\":612,\"publisher\":{\"@id\":\"https:\/\/apuntesdesanluis.com\/#\/schema\/person\/b55151d52296fcce64d1a72538a70b90\"},\"image\":{\"@id\":\"https:\/\/apuntesdesanluis.com\/index.php\/2024\/02\/29\/las-salidas-del-gabinete-no-cesan-7-funcionarios-renunciaron-o-fueron-echados-durante-enero-y-febrero\/#primaryimage\"},\"thumbnailUrl\":\"https:\/\/apuntesdesanluis.com\/wp-content\/uploads\/2024\/02\/tres.jpg\",\"articleSection\":[\"Nacionales\/Internacionales\"],\"inLanguage\":\"es-AR\"},{\"@type\":\"WebPage\",\"@id\":\"https:\/\/apuntesdesanluis.com\/index.php\/2024\/02\/29\/las-salidas-del-gabinete-no-cesan-7-funcionarios-renunciaron-o-fueron-echados-durante-enero-y-febrero\/\",\"url\":\"https:\/\/apuntesdesanluis.com\/index.php\/2024\/02\/29\/las-salidas-del-gabinete-no-cesan-7-funcionarios-renunciaron-o-fueron-echados-durante-enero-y-febrero\/\",\"name\":\"LAS SALIDAS DEL GABINETE NO CESAN: 7 FUNCIONARIOS RENUNCIARON O FUERON ECHADOS DURANTE ENERO Y FEBRERO - Apuntes de San Luis\",\"isPartOf\":{\"@id\":\"https:\/\/apuntesdesanluis.com\/#website\"},\"primaryImageOfPage\":{\"@id\":\"https:\/\/apuntesdesanluis.com\/index.php\/2024\/02\/29\/las-salidas-del-gabinete-no-cesan-7-funcionarios-renunciaron-o-fueron-echados-durante-enero-y-febrero\/#primaryimage\"},\"image\":{\"@id\":\"https:\/\/apuntesdesanluis.com\/index.php\/2024\/02\/29\/las-salidas-del-gabinete-no-cesan-7-funcionarios-renunciaron-o-fueron-echados-durante-enero-y-febrero\/#primaryimage\"},\"thumbnailUrl\":\"https:\/\/apuntesdesanluis.com\/wp-content\/uploads\/2024\/02\/tres.jpg\",\"datePublished\":\"2024-02-29T19:28:40+00:00\",\"dateModified\":\"2024-02-29T19:29:22+00:00\",\"breadcrumb\":{\"@id\":\"https:\/\/apuntesdesanluis.com\/index.php\/2024\/02\/29\/las-salidas-del-gabinete-no-cesan-7-funcionarios-renunciaron-o-fueron-echados-durante-enero-y-febrero\/#breadcrumb\"},\"inLanguage\":\"es-AR\",\"potentialAction\":[{\"@type\":\"ReadAction\",\"target\":[\"https:\/\/apuntesdesanluis.com\/index.php\/2024\/02\/29\/las-salidas-del-gabinete-no-cesan-7-funcionarios-renunciaron-o-fueron-echados-durante-enero-y-febrero\/\"]}]},{\"@type\":\"ImageObject\",\"inLanguage\":\"es-AR\",\"@id\":\"https:\/\/apuntesdesanluis.com\/index.php\/2024\/02\/29\/las-salidas-del-gabinete-no-cesan-7-funcionarios-renunciaron-o-fueron-echados-durante-enero-y-febrero\/#primaryimage\",\"url\":\"https:\/\/apuntesdesanluis.com\/wp-content\/uploads\/2024\/02\/tres.jpg\",\"contentUrl\":\"https:\/\/apuntesdesanluis.com\/wp-content\/uploads\/2024\/02\/tres.jpg\",\"width\":600,\"height\":272},{\"@type\":\"BreadcrumbList\",\"@id\":\"https:\/\/apuntesdesanluis.com\/index.php\/2024\/02\/29\/las-salidas-del-gabinete-no-cesan-7-funcionarios-renunciaron-o-fueron-echados-durante-enero-y-febrero\/#breadcrumb\",\"itemListElement\":[{\"@type\":\"ListItem\",\"position\":1,\"name\":\"Inicio\",\"item\":\"https:\/\/apuntesdesanluis.com\/\"},{\"@type\":\"ListItem\",\"position\":2,\"name\":\"LAS SALIDAS DEL GABINETE NO CESAN: 7 FUNCIONARIOS RENUNCIARON O FUERON ECHADOS DURANTE ENERO Y FEBRERO\"}]},{\"@type\":\"WebSite\",\"@id\":\"https:\/\/apuntesdesanluis.com\/#website\",\"url\":\"https:\/\/apuntesdesanluis.com\/\",\"name\":\"Apuntes de San Luis\",\"description\":\"\",\"publisher\":{\"@id\":\"https:\/\/apuntesdesanluis.com\/#\/schema\/person\/b55151d52296fcce64d1a72538a70b90\"},\"potentialAction\":[{\"@type\":\"SearchAction\",\"target\":{\"@type\":\"EntryPoint\",\"urlTemplate\":\"https:\/\/apuntesdesanluis.com\/?s={search_term_string}\"},\"query-input\":{\"@type\":\"PropertyValueSpecification\",\"valueRequired\":true,\"valueName\":\"search_term_string\"}}],\"inLanguage\":\"es-AR\"},{\"@type\":[\"Person\",\"Organization\"],\"@id\":\"https:\/\/apuntesdesanluis.com\/#\/schema\/person\/b55151d52296fcce64d1a72538a70b90\",\"name\":\"apuntesdesanluis.com\",\"image\":{\"@type\":\"ImageObject\",\"inLanguage\":\"es-AR\",\"@id\":\"https:\/\/apuntesdesanluis.com\/#\/schema\/person\/image\/\",\"url\":\"https:\/\/apuntesdesanluis.com\/wp-content\/uploads\/2023\/07\/cropped-apuntesdesanluis.png\",\"contentUrl\":\"https:\/\/apuntesdesanluis.com\/wp-content\/uploads\/2023\/07\/cropped-apuntesdesanluis.png\",\"width\":450,\"height\":112,\"caption\":\"apuntesdesanluis.com\"},\"logo\":{\"@id\":\"https:\/\/apuntesdesanluis.com\/#\/schema\/person\/image\/\"},\"sameAs\":[\"https:\/\/apuntesdesanluis.com\"],\"url\":\"https:\/\/apuntesdesanluis.com\/index.php\/author\/apuntesdesanluis-com\/\"}]}<\/script>\n<!-- \/ Yoast SEO plugin. -->","yoast_head_json":{"title":"LAS SALIDAS DEL GABINETE NO CESAN: 7 FUNCIONARIOS RENUNCIARON O FUERON ECHADOS DURANTE ENERO Y FEBRERO - Apuntes de San Luis","robots":{"index":"index","follow":"follow","max-snippet":"max-snippet:-1","max-image-preview":"max-image-preview:large","max-video-preview":"max-video-preview:-1"},"canonical":"https:\/\/apuntesdesanluis.com\/index.php\/2024\/02\/29\/las-salidas-del-gabinete-no-cesan-7-funcionarios-renunciaron-o-fueron-echados-durante-enero-y-febrero\/","og_locale":"es_ES","og_type":"article","og_title":"LAS SALIDAS DEL GABINETE NO CESAN: 7 FUNCIONARIOS RENUNCIARON O FUERON ECHADOS DURANTE ENERO Y FEBRERO - Apuntes de San Luis","og_description":"Ferraro, Giordano, Roy\u00f3n (foto), Garc\u00eda de Luca, Pazo y Schlieper fueron algunos de los que...","og_url":"https:\/\/apuntesdesanluis.com\/index.php\/2024\/02\/29\/las-salidas-del-gabinete-no-cesan-7-funcionarios-renunciaron-o-fueron-echados-durante-enero-y-febrero\/","og_site_name":"Apuntes de San Luis","article_published_time":"2024-02-29T19:28:40+00:00","article_modified_time":"2024-02-29T19:29:22+00:00","og_image":[{"width":600,"height":272,"url":"https:\/\/apuntesdesanluis.com\/wp-content\/uploads\/2024\/02\/tres.jpg","type":"image\/jpeg"}],"author":"apuntesdesanluis.com","twitter_card":"summary_large_image","twitter_misc":{"Escrito por":"apuntesdesanluis.com","Tiempo de lectura":"3 minutos"},"schema":{"@context":"https:\/\/schema.org","@graph":[{"@type":"Article","@id":"https:\/\/apuntesdesanluis.com\/index.php\/2024\/02\/29\/las-salidas-del-gabinete-no-cesan-7-funcionarios-renunciaron-o-fueron-echados-durante-enero-y-febrero\/#article","isPartOf":{"@id":"https:\/\/apuntesdesanluis.com\/index.php\/2024\/02\/29\/las-salidas-del-gabinete-no-cesan-7-funcionarios-renunciaron-o-fueron-echados-durante-enero-y-febrero\/"},"author":{"name":"apuntesdesanluis.com","@id":"https:\/\/apuntesdesanluis.com\/#\/schema\/person\/b55151d52296fcce64d1a72538a70b90"},"headline":"LAS SALIDAS DEL GABINETE NO CESAN: 7 FUNCIONARIOS RENUNCIARON O FUERON ECHADOS DURANTE ENERO Y FEBRERO","datePublished":"2024-02-29T19:28:40+00:00","dateModified":"2024-02-29T19:29:22+00:00","mainEntityOfPage":{"@id":"https:\/\/apuntesdesanluis.com\/index.php\/2024\/02\/29\/las-salidas-del-gabinete-no-cesan-7-funcionarios-renunciaron-o-fueron-echados-durante-enero-y-febrero\/"},"wordCount":612,"publisher":{"@id":"https:\/\/apuntesdesanluis.com\/#\/schema\/person\/b55151d52296fcce64d1a72538a70b90"},"image":{"@id":"https:\/\/apuntesdesanluis.com\/index.php\/2024\/02\/29\/las-salidas-del-gabinete-no-cesan-7-funcionarios-renunciaron-o-fueron-echados-durante-enero-y-febrero\/#primaryimage"},"thumbnailUrl":"https:\/\/apuntesdesanluis.com\/wp-content\/uploads\/2024\/02\/tres.jpg","articleSection":["Nacionales\/Internacionales"],"inLanguage":"es-AR"},{"@type":"WebPage","@id":"https:\/\/apuntesdesanluis.com\/index.php\/2024\/02\/29\/las-salidas-del-gabinete-no-cesan-7-funcionarios-renunciaron-o-fueron-echados-durante-enero-y-febrero\/","url":"https:\/\/apuntesdesanluis.com\/index.php\/2024\/02\/29\/las-salidas-del-gabinete-no-cesan-7-funcionarios-renunciaron-o-fueron-echados-durante-enero-y-febrero\/","name":"LAS SALIDAS DEL GABINETE NO CESAN: 7 FUNCIONARIOS RENUNCIARON O FUERON ECHADOS DURANTE ENERO Y FEBRERO - Apuntes de San Luis","isPartOf":{"@id":"https:\/\/apuntesdesanluis.com\/#website"},"primaryImageOfPage":{"@id":"https:\/\/apuntesdesanluis.com\/index.php\/2024\/02\/29\/las-salidas-del-gabinete-no-cesan-7-funcionarios-renunciaron-o-fueron-echados-durante-enero-y-febrero\/#primaryimage"},"image":{"@id":"https:\/\/apuntesdesanluis.com\/index.php\/2024\/02\/29\/las-salidas-del-gabinete-no-cesan-7-funcionarios-renunciaron-o-fueron-echados-durante-enero-y-febrero\/#primaryimage"},"thumbnailUrl":"https:\/\/apuntesdesanluis.com\/wp-content\/uploads\/2024\/02\/tres.jpg","datePublished":"2024-02-29T19:28:40+00:00","dateModified":"2024-02-29T19:29:22+00:00","breadcrumb":{"@id":"https:\/\/apuntesdesanluis.com\/index.php\/2024\/02\/29\/las-salidas-del-gabinete-no-cesan-7-funcionarios-renunciaron-o-fueron-echados-durante-enero-y-febrero\/#breadcrumb"},"inLanguage":"es-AR","potentialAction":[{"@type":"ReadAction","target":["https:\/\/apuntesdesanluis.com\/index.php\/2024\/02\/29\/las-salidas-del-gabinete-no-cesan-7-funcionarios-renunciaron-o-fueron-echados-durante-enero-y-febrero\/"]}]},{"@type":"ImageObject","inLanguage":"es-AR","@id":"https:\/\/apuntesdesanluis.com\/index.php\/2024\/02\/29\/las-salidas-del-gabinete-no-cesan-7-funcionarios-renunciaron-o-fueron-echados-durante-enero-y-febrero\/#primaryimage","url":"https:\/\/apuntesdesanluis.com\/wp-content\/uploads\/2024\/02\/tres.jpg","contentUrl":"https:\/\/apuntesdesanluis.com\/wp-content\/uploads\/2024\/02\/tres.jpg","width":600,"height":272},{"@type":"BreadcrumbList","@id":"https:\/\/apuntesdesanluis.com\/index.php\/2024\/02\/29\/las-salidas-del-gabinete-no-cesan-7-funcionarios-renunciaron-o-fueron-echados-durante-enero-y-febrero\/#breadcrumb","itemListElement":[{"@type":"ListItem","position":1,"name":"Inicio","item":"https:\/\/apuntesdesanluis.com\/"},{"@type":"ListItem","position":2,"name":"LAS SALIDAS DEL GABINETE NO CESAN: 7 FUNCIONARIOS RENUNCIARON O FUERON ECHADOS DURANTE ENERO Y FEBRERO"}]},{"@type":"WebSite","@id":"https:\/\/apuntesdesanluis.com\/#website","url":"https:\/\/apuntesdesanluis.com\/","name":"Apuntes de San Luis","description":"","publisher":{"@id":"https:\/\/apuntesdesanluis.com\/#\/schema\/person\/b55151d52296fcce64d1a72538a70b90"},"potentialAction":[{"@type":"SearchAction","target":{"@type":"EntryPoint","urlTemplate":"https:\/\/apuntesdesanluis.com\/?s={search_term_string}"},"query-input":{"@type":"PropertyValueSpecification","valueRequired":true,"valueName":"search_term_string"}}],"inLanguage":"es-AR"},{"@type":["Person","Organization"],"@id":"https:\/\/apuntesdesanluis.com\/#\/schema\/person\/b55151d52296fcce64d1a72538a70b90","name":"apuntesdesanluis.com","image":{"@type":"ImageObject","inLanguage":"es-AR","@id":"https:\/\/apuntesdesanluis.com\/#\/schema\/person\/image\/","url":"https:\/\/apuntesdesanluis.com\/wp-content\/uploads\/2023\/07\/cropped-apuntesdesanluis.png","contentUrl":"https:\/\/apuntesdesanluis.com\/wp-content\/uploads\/2023\/07\/cropped-apuntesdesanluis.png","width":450,"height":112,"caption":"apuntesdesanluis.com"},"logo":{"@id":"https:\/\/apuntesdesanluis.com\/#\/schema\/person\/image\/"},"sameAs":["https:\/\/apuntesdesanluis.com"],"url":"https:\/\/apuntesdesanluis.com\/index.php\/author\/apuntesdesanluis-com\/"}]}},"featured_image_urls":{"full":["https:\/\/apuntesdesanluis.com\/wp-content\/uploads\/2024\/02\/tres.jpg",600,272,false],"thumbnail":["https:\/\/apuntesdesanluis.com\/wp-content\/uploads\/2024\/02\/tres-150x150.jpg",150,150,true],"medium":["https:\/\/apuntesdesanluis.com\/wp-content\/uploads\/2024\/02\/tres-300x136.jpg",300,136,true],"medium_large":["https:\/\/apuntesdesanluis.com\/wp-content\/uploads\/2024\/02\/tres.jpg",600,272,false],"large":["https:\/\/apuntesdesanluis.com\/wp-content\/uploads\/2024\/02\/tres.jpg",600,272,false],"1536x1536":["https:\/\/apuntesdesanluis.com\/wp-content\/uploads\/2024\/02\/tres.jpg",600,272,false],"2048x2048":["https:\/\/apuntesdesanluis.com\/wp-content\/uploads\/2024\/02\/tres.jpg",600,272,false],"newsever-slider-full":["https:\/\/apuntesdesanluis.com\/wp-content\/uploads\/2024\/02\/tres.jpg",600,272,false],"newsever-featured":["https:\/\/apuntesdesanluis.com\/wp-content\/uploads\/2024\/02\/tres.jpg",600,272,false],"newsever-medium":["https:\/\/apuntesdesanluis.com\/wp-content\/uploads\/2024\/02\/tres.jpg",600,272,false]},"author_info":{"display_name":"apuntesdesanluis.com","author_link":"https:\/\/apuntesdesanluis.com\/index.php\/author\/apuntesdesanluis-com\/"},"category_info":"<a href=\"https:\/\/apuntesdesanluis.com\/index.php\/category\/nacionales-internacionales\/\" rel=\"category tag\">Nacionales\/Internacionales<\/a>","tag_info":"Nacionales\/Internacionales","comment_count":"0","_links":{"self":[{"href":"https:\/\/apuntesdesanluis.com\/index.php\/wp-json\/wp\/v2\/posts\/12520","targetHints":{"allow":["GET"]}}],"collection":[{"href":"https:\/\/apuntesdesanluis.com\/index.php\/wp-json\/wp\/v2\/posts"}],"about":[{"href":"https:\/\/apuntesdesanluis.com\/index.php\/wp-json\/wp\/v2\/types\/post"}],"author":[{"embeddable":true,"href":"https:\/\/apuntesdesanluis.com\/index.php\/wp-json\/wp\/v2\/users\/1"}],"replies":[{"embeddable":true,"href":"https:\/\/apuntesdesanluis.com\/index.php\/wp-json\/wp\/v2\/comments?post=12520"}],"version-history":[{"count":2,"href":"https:\/\/apuntesdesanluis.com\/index.php\/wp-json\/wp\/v2\/posts\/12520\/revisions"}],"predecessor-version":[{"id":12523,"href":"https:\/\/apuntesdesanluis.com\/index.php\/wp-json\/wp\/v2\/posts\/12520\/revisions\/12523"}],"wp:featuredmedia":[{"embeddable":true,"href":"https:\/\/apuntesdesanluis.com\/index.php\/wp-json\/wp\/v2\/media\/12521"}],"wp:attachment":[{"href":"https:\/\/apuntesdesanluis.com\/index.php\/wp-json\/wp\/v2\/media?parent=12520"}],"wp:term":[{"taxonomy":"category","embeddable":true,"href":"https:\/\/apuntesdesanluis.com\/index.php\/wp-json\/wp\/v2\/categories?post=12520"},{"taxonomy":"post_tag","embeddable":true,"href":"https:\/\/apuntesdesanluis.com\/index.php\/wp-json\/wp\/v2\/tags?post=12520"}],"curies":[{"name":"wp","href":"https:\/\/api.w.org\/{rel}","templated":true}]}}