{"id":12524,"date":"2024-02-29T16:57:10","date_gmt":"2024-02-29T19:57:10","guid":{"rendered":"https:\/\/apuntesdesanluis.com\/?p=12524"},"modified":"2024-02-29T16:57:10","modified_gmt":"2024-02-29T19:57:10","slug":"imputaron-a-alberto-fernandez-por-supuestas-irregularidades-de-contrataciones-de-seguros-en-el-estado","status":"publish","type":"post","link":"https:\/\/apuntesdesanluis.com\/index.php\/2024\/02\/29\/imputaron-a-alberto-fernandez-por-supuestas-irregularidades-de-contrataciones-de-seguros-en-el-estado\/","title":{"rendered":"IMPUTARON A ALBERTO FERN\u00c1NDEZ POR SUPUESTAS IRREGULARIDADES DE CONTRATACIONES DE SEGUROS EN EL ESTADO"},"content":{"rendered":"<h3>El expresidente <strong>Alberto Fern\u00e1ndez<\/strong> fue imputado este jueves en la causa en la que se investigan supuestas irregularidades en la contrataci\u00f3n de un &#8220;broker y empresas privadas&#8221; para intermediar en la gesti\u00f3n de seguros en dependencias oficiales y entes del Estado durante su gobierno.<\/h3>\n<h3>La causa iniciada por el fiscal federal Ramiro Gonz\u00e1lez, es a ra\u00edz de la denuncia presentada por la abogada Silvina Mart\u00ednez, quien ya pidi\u00f3 las primeras medidas de prueba. Seg\u00fan el expediente, la imputaci\u00f3n tambi\u00e9n alcanza al extitular de Naci\u00f3n Seguros SA, Alberto Pagliano, y al empresario H\u00e9ctor Mart\u00ednez Sosa.<\/h3>\n<h3>El funcionario judicial solicit\u00f3 pruebas a la Jefatura de Gabinete sobre informaci\u00f3n de antecedentes al decreto 823\/21, firmado en diciembre de 2021 por el exmandatario, el exjefe de Gabinete Juan Manzur, y el por entonces ministro de Econom\u00eda, Mart\u00edn Guzm\u00e1n. A trav\u00e9s de esta resoluci\u00f3n, las entidades p\u00fablicas se vieron obligadas a contratar con Naci\u00f3n Seguros los convenios de seguros celebrados durante la gesti\u00f3n del Frente de Todos.<\/h3>\n<h3>La abogada Mart\u00ednez denunci\u00f3 una supuesta &#8220;trama de contrataciones opacas con el rubro seguro&#8221;, la cual fue revelada en una columna de Clar\u00edn, del editor general Ricardo Roa. En el documento, acus\u00f3 a Fern\u00e1ndez y Pagliano de &#8220;violaci\u00f3n a los deberes de funcionario p\u00fablico y abuso de autoridad y malversaci\u00f3n de caudales p\u00fablicos&#8221;.<\/h3>\n<h3>El caso recay\u00f3 en el juzgado 11, a cargo moment\u00e1neamente del juez federal Juli\u00e1n Ercolini. El fiscal Gonz\u00e1lez, subrogante de la Fiscal\u00eda de Carlos R\u00edvolo, respondi\u00f3 a la consulta del magistrado de la siguiente manera: \u201cTenga por efectuado el correspondiente requerimiento de instrucci\u00f3n e impulsada la acci\u00f3n penal por parte de este Ministerio P\u00fablico, en orden al hecho descripto\u201d.<\/h3>\n<h3>\u201cPuede resultar de inter\u00e9s para el desarrollo de la investigaci\u00f3n contar con todos los convenios o contrataciones realizadas desde las distintas reparticiones del Estado Nacional que suscribieron contratos de seguro bajo los t\u00e9rminos se\u00f1alados en dicha normativa y a trav\u00e9s de intermediarios\u201d, agreg\u00f3.<\/h3>\n<h3>ANSES<\/h3>\n<h3>La denunciante apunt\u00f3 contra las supuestas irregularidades que habr\u00edan ocurrido, luego del mencionado decreto, con las contrataciones de seguros de vida para los cr\u00e9ditos otorgados por la ANSES a sus afiliados.<\/h3>\n<h3>\u201cDentro de la ANSES se descubri\u00f3 un negocio de 20.000 millones de pesos anuales y 300 millones en comisiones mensuales con los seguros y las comisiones de los intermediarios\u201d, sostiene el documento al que obtuvo acceso PERFIL. \u201cNaci\u00f3n Seguros subcontrat\u00f3 otras aseguradoras y, como puente entre los dos organismos estatales, a un broker, con una comisi\u00f3n tres veces mayor a la del mercado: 17%. Unos $ 300 millones mensuales\u201d, a\u00f1ade.<\/h3>\n<h3>El fiscal tambi\u00e9n consider\u00f3 que la Superintendencia de Seguros de la Naci\u00f3n puede &#8220;aportar datos relevantes en ese sentido, al tiempo que puede develar el interrogante sobre cu\u00e1l era el porcentaje de mercado para ese tipo de operaciones\u201d.<\/h3>\n<h3>Adem\u00e1s, el Dr. Gonz\u00e1lez reclam\u00f3 que \u201cse solicite a Seguros Naci\u00f3n que acompa\u00f1e la totalidad de contratos o convenios firmados con reparticiones p\u00fablicas a partir del Decreto, aportando todos los datos que se posean respecto a la participaci\u00f3n de intermediarios entre ese organismo y la entidad gubernamental contratante\u201d.<\/h3>\n<h3>QUI\u00c9N ES EL BR\u00d3KER DENUNCIADO<\/h3>\n<h3>En el documento presentado por la letrada, se destaca que el \u201cintermediario\u201d era Pablo Torres Garc\u00eda, un empresario y br\u00f3ker financiero que habr\u00eda cobrado una comisi\u00f3n m\u00e1s elevada que la del valor de mercado. Adem\u00e1s se nombra otro br\u00f3ker, H\u00e9ctor Mart\u00ednez Sosa, esposo de una secretaria de Alberto Fern\u00e1ndez, Mar\u00eda Cantero.<\/h3>\n<h3>Mart\u00ednez Sosa es un productor de seguros de alto perfil que en los a\u00f1os \u00b490 ya hab\u00eda conducido la Superintendencia de Seguros. Fuentes cercanas al expresidente se\u00f1alaron a este medio que el br\u00f3ker no habr\u00eda trabajado en las contrataciones de seguros, y que se lo habr\u00eda &#8220;mencionado en el caso para ensuciar&#8221; al actual titular del PJ.<\/h3>\n<h3>En di\u00e1logo con La Naci\u00f3n, el antecesor de Javier Milei rechaz\u00f3 las acusaciones al decir que nunca hizo gestiones con funcionarios para contratar a Mart\u00ednez Sosa y que tampoco le pidi\u00f3 a Cantero que lo hiciera.<\/h3>\n<h3>&#8220;Dudo que ella haga una cosa as\u00ed; si lo hizo, no lo avalo; ninguno te va a decir que ped\u00ed por alguien; yo lo dudo, pero no puedo garantizar que ella no haya hecho una cosa as\u00ed; si fue as\u00ed, se extralimit\u00f3&#8221;, afirm\u00f3 Fern\u00e1ndez. Tambi\u00e9n asegur\u00f3 que &#8220;nunca habl\u00f3&#8221; con Mart\u00ednez Sosa sobre este tema.<\/h3>\n<h3>Por otro lado, el expresidente defendi\u00f3 el decreto que firm\u00f3 en 2021 y coment\u00f3 que estipulaba que las contrataciones de seguros para las dependencias oficiales deb\u00edan realizarse de manera directa, opinando que el sistema implementado durante el gobierno de Mauricio Macri dio lugar a &#8220;muchos negocios&#8221;.<\/h3>\n<p>&nbsp;<\/p>\n<p>&nbsp;<\/p>\n<p>&nbsp;<\/p>\n","protected":false},"excerpt":{"rendered":"<p>El expresidente Alberto Fern\u00e1ndez fue imputado este jueves en la causa en la que se&#8230;<\/p>\n","protected":false},"author":1,"featured_media":4540,"comment_status":"closed","ping_status":"closed","sticky":false,"template":"","format":"standard","meta":{"footnotes":""},"categories":[5],"tags":[],"class_list":["post-12524","post","type-post","status-publish","format-standard","has-post-thumbnail","hentry","category-nacionales-internacionales"],"yoast_head":"<!-- This site is optimized with the Yoast SEO plugin v26.1.1 - https:\/\/yoast.com\/wordpress\/plugins\/seo\/ -->\n<title>IMPUTARON A ALBERTO FERN\u00c1NDEZ POR SUPUESTAS IRREGULARIDADES DE CONTRATACIONES DE SEGUROS EN EL ESTADO - Apuntes de San Luis<\/title>\n<meta name=\"robots\" content=\"index, follow, max-snippet:-1, max-image-preview:large, max-video-preview:-1\" \/>\n<link rel=\"canonical\" href=\"https:\/\/apuntesdesanluis.com\/index.php\/2024\/02\/29\/imputaron-a-alberto-fernandez-por-supuestas-irregularidades-de-contrataciones-de-seguros-en-el-estado\/\" \/>\n<meta property=\"og:locale\" content=\"es_ES\" \/>\n<meta property=\"og:type\" content=\"article\" \/>\n<meta property=\"og:title\" content=\"IMPUTARON A ALBERTO FERN\u00c1NDEZ POR SUPUESTAS IRREGULARIDADES DE CONTRATACIONES DE SEGUROS EN EL ESTADO - Apuntes de San Luis\" \/>\n<meta property=\"og:description\" content=\"El expresidente Alberto Fern\u00e1ndez fue imputado este jueves en la causa en la que se...\" \/>\n<meta property=\"og:url\" content=\"https:\/\/apuntesdesanluis.com\/index.php\/2024\/02\/29\/imputaron-a-alberto-fernandez-por-supuestas-irregularidades-de-contrataciones-de-seguros-en-el-estado\/\" \/>\n<meta property=\"og:site_name\" content=\"Apuntes de San Luis\" \/>\n<meta property=\"article:published_time\" content=\"2024-02-29T19:57:10+00:00\" \/>\n<meta property=\"og:image\" content=\"https:\/\/apuntesdesanluis.com\/wp-content\/uploads\/2023\/10\/ALBERTO-FERNANDEZ.png\" \/>\n\t<meta property=\"og:image:width\" content=\"729\" \/>\n\t<meta property=\"og:image:height\" content=\"459\" \/>\n\t<meta property=\"og:image:type\" content=\"image\/png\" \/>\n<meta name=\"author\" content=\"apuntesdesanluis.com\" \/>\n<meta name=\"twitter:card\" content=\"summary_large_image\" \/>\n<meta name=\"twitter:label1\" content=\"Escrito por\" \/>\n\t<meta name=\"twitter:data1\" content=\"apuntesdesanluis.com\" \/>\n\t<meta name=\"twitter:label2\" content=\"Tiempo de lectura\" \/>\n\t<meta name=\"twitter:data2\" content=\"4 minutos\" \/>\n<script type=\"application\/ld+json\" class=\"yoast-schema-graph\">{\"@context\":\"https:\/\/schema.org\",\"@graph\":[{\"@type\":\"Article\",\"@id\":\"https:\/\/apuntesdesanluis.com\/index.php\/2024\/02\/29\/imputaron-a-alberto-fernandez-por-supuestas-irregularidades-de-contrataciones-de-seguros-en-el-estado\/#article\",\"isPartOf\":{\"@id\":\"https:\/\/apuntesdesanluis.com\/index.php\/2024\/02\/29\/imputaron-a-alberto-fernandez-por-supuestas-irregularidades-de-contrataciones-de-seguros-en-el-estado\/\"},\"author\":{\"name\":\"apuntesdesanluis.com\",\"@id\":\"https:\/\/apuntesdesanluis.com\/#\/schema\/person\/b55151d52296fcce64d1a72538a70b90\"},\"headline\":\"IMPUTARON A ALBERTO FERN\u00c1NDEZ POR SUPUESTAS IRREGULARIDADES DE CONTRATACIONES DE SEGUROS EN EL ESTADO\",\"datePublished\":\"2024-02-29T19:57:10+00:00\",\"mainEntityOfPage\":{\"@id\":\"https:\/\/apuntesdesanluis.com\/index.php\/2024\/02\/29\/imputaron-a-alberto-fernandez-por-supuestas-irregularidades-de-contrataciones-de-seguros-en-el-estado\/\"},\"wordCount\":845,\"publisher\":{\"@id\":\"https:\/\/apuntesdesanluis.com\/#\/schema\/person\/b55151d52296fcce64d1a72538a70b90\"},\"image\":{\"@id\":\"https:\/\/apuntesdesanluis.com\/index.php\/2024\/02\/29\/imputaron-a-alberto-fernandez-por-supuestas-irregularidades-de-contrataciones-de-seguros-en-el-estado\/#primaryimage\"},\"thumbnailUrl\":\"https:\/\/apuntesdesanluis.com\/wp-content\/uploads\/2023\/10\/ALBERTO-FERNANDEZ.png\",\"articleSection\":[\"Nacionales\/Internacionales\"],\"inLanguage\":\"es-AR\"},{\"@type\":\"WebPage\",\"@id\":\"https:\/\/apuntesdesanluis.com\/index.php\/2024\/02\/29\/imputaron-a-alberto-fernandez-por-supuestas-irregularidades-de-contrataciones-de-seguros-en-el-estado\/\",\"url\":\"https:\/\/apuntesdesanluis.com\/index.php\/2024\/02\/29\/imputaron-a-alberto-fernandez-por-supuestas-irregularidades-de-contrataciones-de-seguros-en-el-estado\/\",\"name\":\"IMPUTARON A ALBERTO FERN\u00c1NDEZ POR SUPUESTAS IRREGULARIDADES DE CONTRATACIONES DE SEGUROS EN EL ESTADO - Apuntes de San Luis\",\"isPartOf\":{\"@id\":\"https:\/\/apuntesdesanluis.com\/#website\"},\"primaryImageOfPage\":{\"@id\":\"https:\/\/apuntesdesanluis.com\/index.php\/2024\/02\/29\/imputaron-a-alberto-fernandez-por-supuestas-irregularidades-de-contrataciones-de-seguros-en-el-estado\/#primaryimage\"},\"image\":{\"@id\":\"https:\/\/apuntesdesanluis.com\/index.php\/2024\/02\/29\/imputaron-a-alberto-fernandez-por-supuestas-irregularidades-de-contrataciones-de-seguros-en-el-estado\/#primaryimage\"},\"thumbnailUrl\":\"https:\/\/apuntesdesanluis.com\/wp-content\/uploads\/2023\/10\/ALBERTO-FERNANDEZ.png\",\"datePublished\":\"2024-02-29T19:57:10+00:00\",\"breadcrumb\":{\"@id\":\"https:\/\/apuntesdesanluis.com\/index.php\/2024\/02\/29\/imputaron-a-alberto-fernandez-por-supuestas-irregularidades-de-contrataciones-de-seguros-en-el-estado\/#breadcrumb\"},\"inLanguage\":\"es-AR\",\"potentialAction\":[{\"@type\":\"ReadAction\",\"target\":[\"https:\/\/apuntesdesanluis.com\/index.php\/2024\/02\/29\/imputaron-a-alberto-fernandez-por-supuestas-irregularidades-de-contrataciones-de-seguros-en-el-estado\/\"]}]},{\"@type\":\"ImageObject\",\"inLanguage\":\"es-AR\",\"@id\":\"https:\/\/apuntesdesanluis.com\/index.php\/2024\/02\/29\/imputaron-a-alberto-fernandez-por-supuestas-irregularidades-de-contrataciones-de-seguros-en-el-estado\/#primaryimage\",\"url\":\"https:\/\/apuntesdesanluis.com\/wp-content\/uploads\/2023\/10\/ALBERTO-FERNANDEZ.png\",\"contentUrl\":\"https:\/\/apuntesdesanluis.com\/wp-content\/uploads\/2023\/10\/ALBERTO-FERNANDEZ.png\",\"width\":729,\"height\":459},{\"@type\":\"BreadcrumbList\",\"@id\":\"https:\/\/apuntesdesanluis.com\/index.php\/2024\/02\/29\/imputaron-a-alberto-fernandez-por-supuestas-irregularidades-de-contrataciones-de-seguros-en-el-estado\/#breadcrumb\",\"itemListElement\":[{\"@type\":\"ListItem\",\"position\":1,\"name\":\"Inicio\",\"item\":\"https:\/\/apuntesdesanluis.com\/\"},{\"@type\":\"ListItem\",\"position\":2,\"name\":\"IMPUTARON A ALBERTO FERN\u00c1NDEZ POR SUPUESTAS IRREGULARIDADES DE CONTRATACIONES DE SEGUROS EN EL ESTADO\"}]},{\"@type\":\"WebSite\",\"@id\":\"https:\/\/apuntesdesanluis.com\/#website\",\"url\":\"https:\/\/apuntesdesanluis.com\/\",\"name\":\"Apuntes de San Luis\",\"description\":\"\",\"publisher\":{\"@id\":\"https:\/\/apuntesdesanluis.com\/#\/schema\/person\/b55151d52296fcce64d1a72538a70b90\"},\"potentialAction\":[{\"@type\":\"SearchAction\",\"target\":{\"@type\":\"EntryPoint\",\"urlTemplate\":\"https:\/\/apuntesdesanluis.com\/?s={search_term_string}\"},\"query-input\":{\"@type\":\"PropertyValueSpecification\",\"valueRequired\":true,\"valueName\":\"search_term_string\"}}],\"inLanguage\":\"es-AR\"},{\"@type\":[\"Person\",\"Organization\"],\"@id\":\"https:\/\/apuntesdesanluis.com\/#\/schema\/person\/b55151d52296fcce64d1a72538a70b90\",\"name\":\"apuntesdesanluis.com\",\"image\":{\"@type\":\"ImageObject\",\"inLanguage\":\"es-AR\",\"@id\":\"https:\/\/apuntesdesanluis.com\/#\/schema\/person\/image\/\",\"url\":\"https:\/\/apuntesdesanluis.com\/wp-content\/uploads\/2023\/07\/cropped-apuntesdesanluis.png\",\"contentUrl\":\"https:\/\/apuntesdesanluis.com\/wp-content\/uploads\/2023\/07\/cropped-apuntesdesanluis.png\",\"width\":450,\"height\":112,\"caption\":\"apuntesdesanluis.com\"},\"logo\":{\"@id\":\"https:\/\/apuntesdesanluis.com\/#\/schema\/person\/image\/\"},\"sameAs\":[\"https:\/\/apuntesdesanluis.com\"],\"url\":\"https:\/\/apuntesdesanluis.com\/index.php\/author\/apuntesdesanluis-com\/\"}]}<\/script>\n<!-- \/ Yoast SEO plugin. -->","yoast_head_json":{"title":"IMPUTARON A ALBERTO FERN\u00c1NDEZ POR SUPUESTAS IRREGULARIDADES DE CONTRATACIONES DE SEGUROS EN EL ESTADO - Apuntes de San Luis","robots":{"index":"index","follow":"follow","max-snippet":"max-snippet:-1","max-image-preview":"max-image-preview:large","max-video-preview":"max-video-preview:-1"},"canonical":"https:\/\/apuntesdesanluis.com\/index.php\/2024\/02\/29\/imputaron-a-alberto-fernandez-por-supuestas-irregularidades-de-contrataciones-de-seguros-en-el-estado\/","og_locale":"es_ES","og_type":"article","og_title":"IMPUTARON A ALBERTO FERN\u00c1NDEZ POR SUPUESTAS IRREGULARIDADES DE CONTRATACIONES DE SEGUROS EN EL ESTADO - Apuntes de San Luis","og_description":"El expresidente Alberto Fern\u00e1ndez fue imputado este jueves en la causa en la que se...","og_url":"https:\/\/apuntesdesanluis.com\/index.php\/2024\/02\/29\/imputaron-a-alberto-fernandez-por-supuestas-irregularidades-de-contrataciones-de-seguros-en-el-estado\/","og_site_name":"Apuntes de San Luis","article_published_time":"2024-02-29T19:57:10+00:00","og_image":[{"width":729,"height":459,"url":"https:\/\/apuntesdesanluis.com\/wp-content\/uploads\/2023\/10\/ALBERTO-FERNANDEZ.png","type":"image\/png"}],"author":"apuntesdesanluis.com","twitter_card":"summary_large_image","twitter_misc":{"Escrito por":"apuntesdesanluis.com","Tiempo de lectura":"4 minutos"},"schema":{"@context":"https:\/\/schema.org","@graph":[{"@type":"Article","@id":"https:\/\/apuntesdesanluis.com\/index.php\/2024\/02\/29\/imputaron-a-alberto-fernandez-por-supuestas-irregularidades-de-contrataciones-de-seguros-en-el-estado\/#article","isPartOf":{"@id":"https:\/\/apuntesdesanluis.com\/index.php\/2024\/02\/29\/imputaron-a-alberto-fernandez-por-supuestas-irregularidades-de-contrataciones-de-seguros-en-el-estado\/"},"author":{"name":"apuntesdesanluis.com","@id":"https:\/\/apuntesdesanluis.com\/#\/schema\/person\/b55151d52296fcce64d1a72538a70b90"},"headline":"IMPUTARON A ALBERTO FERN\u00c1NDEZ POR SUPUESTAS IRREGULARIDADES DE CONTRATACIONES DE SEGUROS EN EL ESTADO","datePublished":"2024-02-29T19:57:10+00:00","mainEntityOfPage":{"@id":"https:\/\/apuntesdesanluis.com\/index.php\/2024\/02\/29\/imputaron-a-alberto-fernandez-por-supuestas-irregularidades-de-contrataciones-de-seguros-en-el-estado\/"},"wordCount":845,"publisher":{"@id":"https:\/\/apuntesdesanluis.com\/#\/schema\/person\/b55151d52296fcce64d1a72538a70b90"},"image":{"@id":"https:\/\/apuntesdesanluis.com\/index.php\/2024\/02\/29\/imputaron-a-alberto-fernandez-por-supuestas-irregularidades-de-contrataciones-de-seguros-en-el-estado\/#primaryimage"},"thumbnailUrl":"https:\/\/apuntesdesanluis.com\/wp-content\/uploads\/2023\/10\/ALBERTO-FERNANDEZ.png","articleSection":["Nacionales\/Internacionales"],"inLanguage":"es-AR"},{"@type":"WebPage","@id":"https:\/\/apuntesdesanluis.com\/index.php\/2024\/02\/29\/imputaron-a-alberto-fernandez-por-supuestas-irregularidades-de-contrataciones-de-seguros-en-el-estado\/","url":"https:\/\/apuntesdesanluis.com\/index.php\/2024\/02\/29\/imputaron-a-alberto-fernandez-por-supuestas-irregularidades-de-contrataciones-de-seguros-en-el-estado\/","name":"IMPUTARON A ALBERTO FERN\u00c1NDEZ POR SUPUESTAS IRREGULARIDADES DE CONTRATACIONES DE SEGUROS EN EL ESTADO - Apuntes de San Luis","isPartOf":{"@id":"https:\/\/apuntesdesanluis.com\/#website"},"primaryImageOfPage":{"@id":"https:\/\/apuntesdesanluis.com\/index.php\/2024\/02\/29\/imputaron-a-alberto-fernandez-por-supuestas-irregularidades-de-contrataciones-de-seguros-en-el-estado\/#primaryimage"},"image":{"@id":"https:\/\/apuntesdesanluis.com\/index.php\/2024\/02\/29\/imputaron-a-alberto-fernandez-por-supuestas-irregularidades-de-contrataciones-de-seguros-en-el-estado\/#primaryimage"},"thumbnailUrl":"https:\/\/apuntesdesanluis.com\/wp-content\/uploads\/2023\/10\/ALBERTO-FERNANDEZ.png","datePublished":"2024-02-29T19:57:10+00:00","breadcrumb":{"@id":"https:\/\/apuntesdesanluis.com\/index.php\/2024\/02\/29\/imputaron-a-alberto-fernandez-por-supuestas-irregularidades-de-contrataciones-de-seguros-en-el-estado\/#breadcrumb"},"inLanguage":"es-AR","potentialAction":[{"@type":"ReadAction","target":["https:\/\/apuntesdesanluis.com\/index.php\/2024\/02\/29\/imputaron-a-alberto-fernandez-por-supuestas-irregularidades-de-contrataciones-de-seguros-en-el-estado\/"]}]},{"@type":"ImageObject","inLanguage":"es-AR","@id":"https:\/\/apuntesdesanluis.com\/index.php\/2024\/02\/29\/imputaron-a-alberto-fernandez-por-supuestas-irregularidades-de-contrataciones-de-seguros-en-el-estado\/#primaryimage","url":"https:\/\/apuntesdesanluis.com\/wp-content\/uploads\/2023\/10\/ALBERTO-FERNANDEZ.png","contentUrl":"https:\/\/apuntesdesanluis.com\/wp-content\/uploads\/2023\/10\/ALBERTO-FERNANDEZ.png","width":729,"height":459},{"@type":"BreadcrumbList","@id":"https:\/\/apuntesdesanluis.com\/index.php\/2024\/02\/29\/imputaron-a-alberto-fernandez-por-supuestas-irregularidades-de-contrataciones-de-seguros-en-el-estado\/#breadcrumb","itemListElement":[{"@type":"ListItem","position":1,"name":"Inicio","item":"https:\/\/apuntesdesanluis.com\/"},{"@type":"ListItem","position":2,"name":"IMPUTARON A ALBERTO FERN\u00c1NDEZ POR SUPUESTAS IRREGULARIDADES DE CONTRATACIONES DE SEGUROS EN EL ESTADO"}]},{"@type":"WebSite","@id":"https:\/\/apuntesdesanluis.com\/#website","url":"https:\/\/apuntesdesanluis.com\/","name":"Apuntes de San Luis","description":"","publisher":{"@id":"https:\/\/apuntesdesanluis.com\/#\/schema\/person\/b55151d52296fcce64d1a72538a70b90"},"potentialAction":[{"@type":"SearchAction","target":{"@type":"EntryPoint","urlTemplate":"https:\/\/apuntesdesanluis.com\/?s={search_term_string}"},"query-input":{"@type":"PropertyValueSpecification","valueRequired":true,"valueName":"search_term_string"}}],"inLanguage":"es-AR"},{"@type":["Person","Organization"],"@id":"https:\/\/apuntesdesanluis.com\/#\/schema\/person\/b55151d52296fcce64d1a72538a70b90","name":"apuntesdesanluis.com","image":{"@type":"ImageObject","inLanguage":"es-AR","@id":"https:\/\/apuntesdesanluis.com\/#\/schema\/person\/image\/","url":"https:\/\/apuntesdesanluis.com\/wp-content\/uploads\/2023\/07\/cropped-apuntesdesanluis.png","contentUrl":"https:\/\/apuntesdesanluis.com\/wp-content\/uploads\/2023\/07\/cropped-apuntesdesanluis.png","width":450,"height":112,"caption":"apuntesdesanluis.com"},"logo":{"@id":"https:\/\/apuntesdesanluis.com\/#\/schema\/person\/image\/"},"sameAs":["https:\/\/apuntesdesanluis.com"],"url":"https:\/\/apuntesdesanluis.com\/index.php\/author\/apuntesdesanluis-com\/"}]}},"featured_image_urls":{"full":["https:\/\/apuntesdesanluis.com\/wp-content\/uploads\/2023\/10\/ALBERTO-FERNANDEZ.png",729,459,false],"thumbnail":["https:\/\/apuntesdesanluis.com\/wp-content\/uploads\/2023\/10\/ALBERTO-FERNANDEZ-150x150.png",150,150,true],"medium":["https:\/\/apuntesdesanluis.com\/wp-content\/uploads\/2023\/10\/ALBERTO-FERNANDEZ-300x189.png",300,189,true],"medium_large":["https:\/\/apuntesdesanluis.com\/wp-content\/uploads\/2023\/10\/ALBERTO-FERNANDEZ.png",640,403,false],"large":["https:\/\/apuntesdesanluis.com\/wp-content\/uploads\/2023\/10\/ALBERTO-FERNANDEZ.png",640,403,false],"1536x1536":["https:\/\/apuntesdesanluis.com\/wp-content\/uploads\/2023\/10\/ALBERTO-FERNANDEZ.png",729,459,false],"2048x2048":["https:\/\/apuntesdesanluis.com\/wp-content\/uploads\/2023\/10\/ALBERTO-FERNANDEZ.png",729,459,false],"newsever-slider-full":["https:\/\/apuntesdesanluis.com\/wp-content\/uploads\/2023\/10\/ALBERTO-FERNANDEZ.png",729,459,false],"newsever-featured":["https:\/\/apuntesdesanluis.com\/wp-content\/uploads\/2023\/10\/ALBERTO-FERNANDEZ.png",729,459,false],"newsever-medium":["https:\/\/apuntesdesanluis.com\/wp-content\/uploads\/2023\/10\/ALBERTO-FERNANDEZ-720x459.png",720,459,true]},"author_info":{"display_name":"apuntesdesanluis.com","author_link":"https:\/\/apuntesdesanluis.com\/index.php\/author\/apuntesdesanluis-com\/"},"category_info":"<a href=\"https:\/\/apuntesdesanluis.com\/index.php\/category\/nacionales-internacionales\/\" rel=\"category tag\">Nacionales\/Internacionales<\/a>","tag_info":"Nacionales\/Internacionales","comment_count":"0","_links":{"self":[{"href":"https:\/\/apuntesdesanluis.com\/index.php\/wp-json\/wp\/v2\/posts\/12524","targetHints":{"allow":["GET"]}}],"collection":[{"href":"https:\/\/apuntesdesanluis.com\/index.php\/wp-json\/wp\/v2\/posts"}],"about":[{"href":"https:\/\/apuntesdesanluis.com\/index.php\/wp-json\/wp\/v2\/types\/post"}],"author":[{"embeddable":true,"href":"https:\/\/apuntesdesanluis.com\/index.php\/wp-json\/wp\/v2\/users\/1"}],"replies":[{"embeddable":true,"href":"https:\/\/apuntesdesanluis.com\/index.php\/wp-json\/wp\/v2\/comments?post=12524"}],"version-history":[{"count":1,"href":"https:\/\/apuntesdesanluis.com\/index.php\/wp-json\/wp\/v2\/posts\/12524\/revisions"}],"predecessor-version":[{"id":12526,"href":"https:\/\/apuntesdesanluis.com\/index.php\/wp-json\/wp\/v2\/posts\/12524\/revisions\/12526"}],"wp:featuredmedia":[{"embeddable":true,"href":"https:\/\/apuntesdesanluis.com\/index.php\/wp-json\/wp\/v2\/media\/4540"}],"wp:attachment":[{"href":"https:\/\/apuntesdesanluis.com\/index.php\/wp-json\/wp\/v2\/media?parent=12524"}],"wp:term":[{"taxonomy":"category","embeddable":true,"href":"https:\/\/apuntesdesanluis.com\/index.php\/wp-json\/wp\/v2\/categories?post=12524"},{"taxonomy":"post_tag","embeddable":true,"href":"https:\/\/apuntesdesanluis.com\/index.php\/wp-json\/wp\/v2\/tags?post=12524"}],"curies":[{"name":"wp","href":"https:\/\/api.w.org\/{rel}","templated":true}]}}