{"id":12527,"date":"2024-02-29T17:04:16","date_gmt":"2024-02-29T20:04:16","guid":{"rendered":"https:\/\/apuntesdesanluis.com\/?p=12527"},"modified":"2024-02-29T17:04:16","modified_gmt":"2024-02-29T20:04:16","slug":"la-uta-anuncio-un-paro-de-colectivos-para-el-5-de-marzo-que-afectara-a-9-millones-de-usuarios","status":"publish","type":"post","link":"https:\/\/apuntesdesanluis.com\/index.php\/2024\/02\/29\/la-uta-anuncio-un-paro-de-colectivos-para-el-5-de-marzo-que-afectara-a-9-millones-de-usuarios\/","title":{"rendered":"LA UTA ANUNCI\u00d3 UN PARO DE COLECTIVOS PARA EL 5 DE MARZO QUE AFECTAR\u00c1 A 9 MILLONES DE USUARIOS"},"content":{"rendered":"<h3>La <strong>Uni\u00f3n Tranviarios Automotor (UTA)<\/strong> anunci\u00f3 un nuevo paro de colectivos por 24 horas el pr\u00f3ximo martes, 5 de marzo. La medida que llevar\u00e1n adelante los choferes de colectivos de corta y media distancia afectar\u00e1 al interior del pa\u00eds; sin embargo, a\u00fan resta conocerse si abarcar\u00e1 tambi\u00e9n al \u00c1rea Metropolitana de Buenos Aires, cuesti\u00f3n que se definir\u00e1 en las pr\u00f3ximas horas.<\/h3>\n<h3>As\u00ed lo confirm\u00f3 a trav\u00e9s de un comunicado, en el que se\u00f1alaron que \u201ctras dos meses de audiencia en la Secretar\u00eda de Trabajo de la Naci\u00f3n, no ha acercado ofrecimiento salarial alguno\u201d. Y ampliaron: \u201cEn atenci\u00f3n a ello, informamos que se ha resuelto la adopci\u00f3n de una medida de acci\u00f3n gremial, consistente en un paro por 24 horas, durante toda la jornada del d\u00eda martes 5 de marzo de 2024\u2033.<\/h3>\n<h3>\u201cTal como lo expresamos, el conflicto se profundizar\u00e1 ante la inacci\u00f3n de los actores del presente proceso, ya sea empresarios y autoridades nacionales, provinciales y municipales, al vencimiento del periodo de conciliaci\u00f3n laboral obligatoria\u201d, concluye el texto, que lleva la firma del Consejo Directivo Nacional de la entidad.<\/h3>\n<h3>Esto \u00faltimo que remarca la UTA se da a ra\u00edz de que la herramienta, que se puede dictar en la etapa previa a una medida de fuerza y que establece que las partes en conflicto deben sentarse a negociar y abandonar las acciones que derivaron en la misma, ya fue utilizada a mediados de febrero, m\u00e1s espec\u00edficamente el 8 de febrero, cuando la entidad buscaba llevar adelante un paro tambi\u00e9n de 24 horas.<\/h3>\n<h3>Del encuentro de este mediod\u00eda participaron distintos sectores con funcionarios de la Secretar\u00eda de Trabajo, dirigentes de la Uni\u00f3n Tranviarios Automotor (UTA) y la Federaci\u00f3n Argentina de Transportadores por Automotor de Pasajeros (FATAP), adem\u00e1s de representantes de la Asociaci\u00f3n Argentina de Empresarios del Transporte Automotor (AAETA), qui\u00e9n comparti\u00f3 el comunicado con la decisi\u00f3n del \u00f3rgano sindical.<\/h3>\n<h3>Tanto en la jornada de este jueves, 29 de febrero, como en la antecesora, a inicios de mes, el sindicato solicit\u00f3 un incremento equivalente al otorgado recientemente a los conductores del AMBA, cuyos sueldos b\u00e1sicos alcanzaron los $575 mil para enero y los $737 mil para febrero, este \u00faltimo a percibir los pr\u00f3ximos d\u00edas, n\u00fameros a los que se les suma una suma fija extraordinaria de $390.000, a abonar en dos cuotas, la \u00faltima tambi\u00e9n en inicios de marzo.<\/h3>\n<h3>Cabe remarcar, en este sentido, que el acuerdo salarial que los trabajadores del transporte de las provincias pidieron rediscutir no recibe actualizaciones desde diciembre del 2023.<\/h3>\n<h3>Este foco de conflicto tiene lugar, a su vez, tras la decisi\u00f3n del gobierno de Javier Milei de eliminar el &#8220;Fondo Compensador del Interior&#8221; y, de esta manera, borrar los subsidios y la asistencia del Estado Nacional a las empresas del interior de la Argentina en medio de un momento de tensi\u00f3n con los gobernadores de las provincias a ra\u00edz de la derrota del proyecto de Ley \u00d3mnibus en el Congreso.<\/h3>\n<p>&nbsp;<\/p>\n<p>&nbsp;<\/p>\n<p>&nbsp;<\/p>\n","protected":false},"excerpt":{"rendered":"<p>La Uni\u00f3n Tranviarios Automotor (UTA) anunci\u00f3 un nuevo paro de colectivos por 24 horas el&#8230;<\/p>\n","protected":false},"author":1,"featured_media":11364,"comment_status":"closed","ping_status":"closed","sticky":false,"template":"","format":"standard","meta":{"footnotes":""},"categories":[5],"tags":[],"class_list":["post-12527","post","type-post","status-publish","format-standard","has-post-thumbnail","hentry","category-nacionales-internacionales"],"yoast_head":"<!-- This site is optimized with the Yoast SEO plugin v26.1.1 - https:\/\/yoast.com\/wordpress\/plugins\/seo\/ -->\n<title>LA UTA ANUNCI\u00d3 UN PARO DE COLECTIVOS PARA EL 5 DE MARZO QUE AFECTAR\u00c1 A 9 MILLONES DE USUARIOS - Apuntes de San Luis<\/title>\n<meta name=\"robots\" content=\"index, follow, max-snippet:-1, max-image-preview:large, max-video-preview:-1\" \/>\n<link rel=\"canonical\" href=\"https:\/\/apuntesdesanluis.com\/index.php\/2024\/02\/29\/la-uta-anuncio-un-paro-de-colectivos-para-el-5-de-marzo-que-afectara-a-9-millones-de-usuarios\/\" \/>\n<meta property=\"og:locale\" content=\"es_ES\" \/>\n<meta property=\"og:type\" content=\"article\" \/>\n<meta property=\"og:title\" content=\"LA UTA ANUNCI\u00d3 UN PARO DE COLECTIVOS PARA EL 5 DE MARZO QUE AFECTAR\u00c1 A 9 MILLONES DE USUARIOS - Apuntes de San Luis\" \/>\n<meta property=\"og:description\" content=\"La Uni\u00f3n Tranviarios Automotor (UTA) anunci\u00f3 un nuevo paro de colectivos por 24 horas el...\" \/>\n<meta property=\"og:url\" content=\"https:\/\/apuntesdesanluis.com\/index.php\/2024\/02\/29\/la-uta-anuncio-un-paro-de-colectivos-para-el-5-de-marzo-que-afectara-a-9-millones-de-usuarios\/\" \/>\n<meta property=\"og:site_name\" content=\"Apuntes de San Luis\" \/>\n<meta property=\"article:published_time\" content=\"2024-02-29T20:04:16+00:00\" \/>\n<meta property=\"og:image\" content=\"https:\/\/apuntesdesanluis.com\/wp-content\/uploads\/2024\/02\/paro-de-transporte.png\" \/>\n\t<meta property=\"og:image:width\" content=\"490\" \/>\n\t<meta property=\"og:image:height\" content=\"293\" \/>\n\t<meta property=\"og:image:type\" content=\"image\/png\" \/>\n<meta name=\"author\" content=\"apuntesdesanluis.com\" \/>\n<meta name=\"twitter:card\" content=\"summary_large_image\" \/>\n<meta name=\"twitter:label1\" content=\"Escrito por\" \/>\n\t<meta name=\"twitter:data1\" content=\"apuntesdesanluis.com\" \/>\n\t<meta name=\"twitter:label2\" content=\"Tiempo de lectura\" \/>\n\t<meta name=\"twitter:data2\" content=\"3 minutos\" \/>\n<script type=\"application\/ld+json\" class=\"yoast-schema-graph\">{\"@context\":\"https:\/\/schema.org\",\"@graph\":[{\"@type\":\"Article\",\"@id\":\"https:\/\/apuntesdesanluis.com\/index.php\/2024\/02\/29\/la-uta-anuncio-un-paro-de-colectivos-para-el-5-de-marzo-que-afectara-a-9-millones-de-usuarios\/#article\",\"isPartOf\":{\"@id\":\"https:\/\/apuntesdesanluis.com\/index.php\/2024\/02\/29\/la-uta-anuncio-un-paro-de-colectivos-para-el-5-de-marzo-que-afectara-a-9-millones-de-usuarios\/\"},\"author\":{\"name\":\"apuntesdesanluis.com\",\"@id\":\"https:\/\/apuntesdesanluis.com\/#\/schema\/person\/b55151d52296fcce64d1a72538a70b90\"},\"headline\":\"LA UTA ANUNCI\u00d3 UN PARO DE COLECTIVOS PARA EL 5 DE MARZO QUE AFECTAR\u00c1 A 9 MILLONES DE USUARIOS\",\"datePublished\":\"2024-02-29T20:04:16+00:00\",\"mainEntityOfPage\":{\"@id\":\"https:\/\/apuntesdesanluis.com\/index.php\/2024\/02\/29\/la-uta-anuncio-un-paro-de-colectivos-para-el-5-de-marzo-que-afectara-a-9-millones-de-usuarios\/\"},\"wordCount\":530,\"publisher\":{\"@id\":\"https:\/\/apuntesdesanluis.com\/#\/schema\/person\/b55151d52296fcce64d1a72538a70b90\"},\"image\":{\"@id\":\"https:\/\/apuntesdesanluis.com\/index.php\/2024\/02\/29\/la-uta-anuncio-un-paro-de-colectivos-para-el-5-de-marzo-que-afectara-a-9-millones-de-usuarios\/#primaryimage\"},\"thumbnailUrl\":\"https:\/\/apuntesdesanluis.com\/wp-content\/uploads\/2024\/02\/paro-de-transporte.png\",\"articleSection\":[\"Nacionales\/Internacionales\"],\"inLanguage\":\"es-AR\"},{\"@type\":\"WebPage\",\"@id\":\"https:\/\/apuntesdesanluis.com\/index.php\/2024\/02\/29\/la-uta-anuncio-un-paro-de-colectivos-para-el-5-de-marzo-que-afectara-a-9-millones-de-usuarios\/\",\"url\":\"https:\/\/apuntesdesanluis.com\/index.php\/2024\/02\/29\/la-uta-anuncio-un-paro-de-colectivos-para-el-5-de-marzo-que-afectara-a-9-millones-de-usuarios\/\",\"name\":\"LA UTA ANUNCI\u00d3 UN PARO DE COLECTIVOS PARA EL 5 DE MARZO QUE AFECTAR\u00c1 A 9 MILLONES DE USUARIOS - Apuntes de San Luis\",\"isPartOf\":{\"@id\":\"https:\/\/apuntesdesanluis.com\/#website\"},\"primaryImageOfPage\":{\"@id\":\"https:\/\/apuntesdesanluis.com\/index.php\/2024\/02\/29\/la-uta-anuncio-un-paro-de-colectivos-para-el-5-de-marzo-que-afectara-a-9-millones-de-usuarios\/#primaryimage\"},\"image\":{\"@id\":\"https:\/\/apuntesdesanluis.com\/index.php\/2024\/02\/29\/la-uta-anuncio-un-paro-de-colectivos-para-el-5-de-marzo-que-afectara-a-9-millones-de-usuarios\/#primaryimage\"},\"thumbnailUrl\":\"https:\/\/apuntesdesanluis.com\/wp-content\/uploads\/2024\/02\/paro-de-transporte.png\",\"datePublished\":\"2024-02-29T20:04:16+00:00\",\"breadcrumb\":{\"@id\":\"https:\/\/apuntesdesanluis.com\/index.php\/2024\/02\/29\/la-uta-anuncio-un-paro-de-colectivos-para-el-5-de-marzo-que-afectara-a-9-millones-de-usuarios\/#breadcrumb\"},\"inLanguage\":\"es-AR\",\"potentialAction\":[{\"@type\":\"ReadAction\",\"target\":[\"https:\/\/apuntesdesanluis.com\/index.php\/2024\/02\/29\/la-uta-anuncio-un-paro-de-colectivos-para-el-5-de-marzo-que-afectara-a-9-millones-de-usuarios\/\"]}]},{\"@type\":\"ImageObject\",\"inLanguage\":\"es-AR\",\"@id\":\"https:\/\/apuntesdesanluis.com\/index.php\/2024\/02\/29\/la-uta-anuncio-un-paro-de-colectivos-para-el-5-de-marzo-que-afectara-a-9-millones-de-usuarios\/#primaryimage\",\"url\":\"https:\/\/apuntesdesanluis.com\/wp-content\/uploads\/2024\/02\/paro-de-transporte.png\",\"contentUrl\":\"https:\/\/apuntesdesanluis.com\/wp-content\/uploads\/2024\/02\/paro-de-transporte.png\",\"width\":490,\"height\":293},{\"@type\":\"BreadcrumbList\",\"@id\":\"https:\/\/apuntesdesanluis.com\/index.php\/2024\/02\/29\/la-uta-anuncio-un-paro-de-colectivos-para-el-5-de-marzo-que-afectara-a-9-millones-de-usuarios\/#breadcrumb\",\"itemListElement\":[{\"@type\":\"ListItem\",\"position\":1,\"name\":\"Inicio\",\"item\":\"https:\/\/apuntesdesanluis.com\/\"},{\"@type\":\"ListItem\",\"position\":2,\"name\":\"LA UTA ANUNCI\u00d3 UN PARO DE COLECTIVOS PARA EL 5 DE MARZO QUE AFECTAR\u00c1 A 9 MILLONES DE USUARIOS\"}]},{\"@type\":\"WebSite\",\"@id\":\"https:\/\/apuntesdesanluis.com\/#website\",\"url\":\"https:\/\/apuntesdesanluis.com\/\",\"name\":\"Apuntes de San Luis\",\"description\":\"\",\"publisher\":{\"@id\":\"https:\/\/apuntesdesanluis.com\/#\/schema\/person\/b55151d52296fcce64d1a72538a70b90\"},\"potentialAction\":[{\"@type\":\"SearchAction\",\"target\":{\"@type\":\"EntryPoint\",\"urlTemplate\":\"https:\/\/apuntesdesanluis.com\/?s={search_term_string}\"},\"query-input\":{\"@type\":\"PropertyValueSpecification\",\"valueRequired\":true,\"valueName\":\"search_term_string\"}}],\"inLanguage\":\"es-AR\"},{\"@type\":[\"Person\",\"Organization\"],\"@id\":\"https:\/\/apuntesdesanluis.com\/#\/schema\/person\/b55151d52296fcce64d1a72538a70b90\",\"name\":\"apuntesdesanluis.com\",\"image\":{\"@type\":\"ImageObject\",\"inLanguage\":\"es-AR\",\"@id\":\"https:\/\/apuntesdesanluis.com\/#\/schema\/person\/image\/\",\"url\":\"https:\/\/apuntesdesanluis.com\/wp-content\/uploads\/2023\/07\/cropped-apuntesdesanluis.png\",\"contentUrl\":\"https:\/\/apuntesdesanluis.com\/wp-content\/uploads\/2023\/07\/cropped-apuntesdesanluis.png\",\"width\":450,\"height\":112,\"caption\":\"apuntesdesanluis.com\"},\"logo\":{\"@id\":\"https:\/\/apuntesdesanluis.com\/#\/schema\/person\/image\/\"},\"sameAs\":[\"https:\/\/apuntesdesanluis.com\"],\"url\":\"https:\/\/apuntesdesanluis.com\/index.php\/author\/apuntesdesanluis-com\/\"}]}<\/script>\n<!-- \/ Yoast SEO plugin. -->","yoast_head_json":{"title":"LA UTA ANUNCI\u00d3 UN PARO DE COLECTIVOS PARA EL 5 DE MARZO QUE AFECTAR\u00c1 A 9 MILLONES DE USUARIOS - Apuntes de San Luis","robots":{"index":"index","follow":"follow","max-snippet":"max-snippet:-1","max-image-preview":"max-image-preview:large","max-video-preview":"max-video-preview:-1"},"canonical":"https:\/\/apuntesdesanluis.com\/index.php\/2024\/02\/29\/la-uta-anuncio-un-paro-de-colectivos-para-el-5-de-marzo-que-afectara-a-9-millones-de-usuarios\/","og_locale":"es_ES","og_type":"article","og_title":"LA UTA ANUNCI\u00d3 UN PARO DE COLECTIVOS PARA EL 5 DE MARZO QUE AFECTAR\u00c1 A 9 MILLONES DE USUARIOS - Apuntes de San Luis","og_description":"La Uni\u00f3n Tranviarios Automotor (UTA) anunci\u00f3 un nuevo paro de colectivos por 24 horas el...","og_url":"https:\/\/apuntesdesanluis.com\/index.php\/2024\/02\/29\/la-uta-anuncio-un-paro-de-colectivos-para-el-5-de-marzo-que-afectara-a-9-millones-de-usuarios\/","og_site_name":"Apuntes de San Luis","article_published_time":"2024-02-29T20:04:16+00:00","og_image":[{"width":490,"height":293,"url":"https:\/\/apuntesdesanluis.com\/wp-content\/uploads\/2024\/02\/paro-de-transporte.png","type":"image\/png"}],"author":"apuntesdesanluis.com","twitter_card":"summary_large_image","twitter_misc":{"Escrito por":"apuntesdesanluis.com","Tiempo de lectura":"3 minutos"},"schema":{"@context":"https:\/\/schema.org","@graph":[{"@type":"Article","@id":"https:\/\/apuntesdesanluis.com\/index.php\/2024\/02\/29\/la-uta-anuncio-un-paro-de-colectivos-para-el-5-de-marzo-que-afectara-a-9-millones-de-usuarios\/#article","isPartOf":{"@id":"https:\/\/apuntesdesanluis.com\/index.php\/2024\/02\/29\/la-uta-anuncio-un-paro-de-colectivos-para-el-5-de-marzo-que-afectara-a-9-millones-de-usuarios\/"},"author":{"name":"apuntesdesanluis.com","@id":"https:\/\/apuntesdesanluis.com\/#\/schema\/person\/b55151d52296fcce64d1a72538a70b90"},"headline":"LA UTA ANUNCI\u00d3 UN PARO DE COLECTIVOS PARA EL 5 DE MARZO QUE AFECTAR\u00c1 A 9 MILLONES DE USUARIOS","datePublished":"2024-02-29T20:04:16+00:00","mainEntityOfPage":{"@id":"https:\/\/apuntesdesanluis.com\/index.php\/2024\/02\/29\/la-uta-anuncio-un-paro-de-colectivos-para-el-5-de-marzo-que-afectara-a-9-millones-de-usuarios\/"},"wordCount":530,"publisher":{"@id":"https:\/\/apuntesdesanluis.com\/#\/schema\/person\/b55151d52296fcce64d1a72538a70b90"},"image":{"@id":"https:\/\/apuntesdesanluis.com\/index.php\/2024\/02\/29\/la-uta-anuncio-un-paro-de-colectivos-para-el-5-de-marzo-que-afectara-a-9-millones-de-usuarios\/#primaryimage"},"thumbnailUrl":"https:\/\/apuntesdesanluis.com\/wp-content\/uploads\/2024\/02\/paro-de-transporte.png","articleSection":["Nacionales\/Internacionales"],"inLanguage":"es-AR"},{"@type":"WebPage","@id":"https:\/\/apuntesdesanluis.com\/index.php\/2024\/02\/29\/la-uta-anuncio-un-paro-de-colectivos-para-el-5-de-marzo-que-afectara-a-9-millones-de-usuarios\/","url":"https:\/\/apuntesdesanluis.com\/index.php\/2024\/02\/29\/la-uta-anuncio-un-paro-de-colectivos-para-el-5-de-marzo-que-afectara-a-9-millones-de-usuarios\/","name":"LA UTA ANUNCI\u00d3 UN PARO DE COLECTIVOS PARA EL 5 DE MARZO QUE AFECTAR\u00c1 A 9 MILLONES DE USUARIOS - Apuntes de San Luis","isPartOf":{"@id":"https:\/\/apuntesdesanluis.com\/#website"},"primaryImageOfPage":{"@id":"https:\/\/apuntesdesanluis.com\/index.php\/2024\/02\/29\/la-uta-anuncio-un-paro-de-colectivos-para-el-5-de-marzo-que-afectara-a-9-millones-de-usuarios\/#primaryimage"},"image":{"@id":"https:\/\/apuntesdesanluis.com\/index.php\/2024\/02\/29\/la-uta-anuncio-un-paro-de-colectivos-para-el-5-de-marzo-que-afectara-a-9-millones-de-usuarios\/#primaryimage"},"thumbnailUrl":"https:\/\/apuntesdesanluis.com\/wp-content\/uploads\/2024\/02\/paro-de-transporte.png","datePublished":"2024-02-29T20:04:16+00:00","breadcrumb":{"@id":"https:\/\/apuntesdesanluis.com\/index.php\/2024\/02\/29\/la-uta-anuncio-un-paro-de-colectivos-para-el-5-de-marzo-que-afectara-a-9-millones-de-usuarios\/#breadcrumb"},"inLanguage":"es-AR","potentialAction":[{"@type":"ReadAction","target":["https:\/\/apuntesdesanluis.com\/index.php\/2024\/02\/29\/la-uta-anuncio-un-paro-de-colectivos-para-el-5-de-marzo-que-afectara-a-9-millones-de-usuarios\/"]}]},{"@type":"ImageObject","inLanguage":"es-AR","@id":"https:\/\/apuntesdesanluis.com\/index.php\/2024\/02\/29\/la-uta-anuncio-un-paro-de-colectivos-para-el-5-de-marzo-que-afectara-a-9-millones-de-usuarios\/#primaryimage","url":"https:\/\/apuntesdesanluis.com\/wp-content\/uploads\/2024\/02\/paro-de-transporte.png","contentUrl":"https:\/\/apuntesdesanluis.com\/wp-content\/uploads\/2024\/02\/paro-de-transporte.png","width":490,"height":293},{"@type":"BreadcrumbList","@id":"https:\/\/apuntesdesanluis.com\/index.php\/2024\/02\/29\/la-uta-anuncio-un-paro-de-colectivos-para-el-5-de-marzo-que-afectara-a-9-millones-de-usuarios\/#breadcrumb","itemListElement":[{"@type":"ListItem","position":1,"name":"Inicio","item":"https:\/\/apuntesdesanluis.com\/"},{"@type":"ListItem","position":2,"name":"LA UTA ANUNCI\u00d3 UN PARO DE COLECTIVOS PARA EL 5 DE MARZO QUE AFECTAR\u00c1 A 9 MILLONES DE USUARIOS"}]},{"@type":"WebSite","@id":"https:\/\/apuntesdesanluis.com\/#website","url":"https:\/\/apuntesdesanluis.com\/","name":"Apuntes de San Luis","description":"","publisher":{"@id":"https:\/\/apuntesdesanluis.com\/#\/schema\/person\/b55151d52296fcce64d1a72538a70b90"},"potentialAction":[{"@type":"SearchAction","target":{"@type":"EntryPoint","urlTemplate":"https:\/\/apuntesdesanluis.com\/?s={search_term_string}"},"query-input":{"@type":"PropertyValueSpecification","valueRequired":true,"valueName":"search_term_string"}}],"inLanguage":"es-AR"},{"@type":["Person","Organization"],"@id":"https:\/\/apuntesdesanluis.com\/#\/schema\/person\/b55151d52296fcce64d1a72538a70b90","name":"apuntesdesanluis.com","image":{"@type":"ImageObject","inLanguage":"es-AR","@id":"https:\/\/apuntesdesanluis.com\/#\/schema\/person\/image\/","url":"https:\/\/apuntesdesanluis.com\/wp-content\/uploads\/2023\/07\/cropped-apuntesdesanluis.png","contentUrl":"https:\/\/apuntesdesanluis.com\/wp-content\/uploads\/2023\/07\/cropped-apuntesdesanluis.png","width":450,"height":112,"caption":"apuntesdesanluis.com"},"logo":{"@id":"https:\/\/apuntesdesanluis.com\/#\/schema\/person\/image\/"},"sameAs":["https:\/\/apuntesdesanluis.com"],"url":"https:\/\/apuntesdesanluis.com\/index.php\/author\/apuntesdesanluis-com\/"}]}},"featured_image_urls":{"full":["https:\/\/apuntesdesanluis.com\/wp-content\/uploads\/2024\/02\/paro-de-transporte.png",490,293,false],"thumbnail":["https:\/\/apuntesdesanluis.com\/wp-content\/uploads\/2024\/02\/paro-de-transporte-150x150.png",150,150,true],"medium":["https:\/\/apuntesdesanluis.com\/wp-content\/uploads\/2024\/02\/paro-de-transporte-300x179.png",300,179,true],"medium_large":["https:\/\/apuntesdesanluis.com\/wp-content\/uploads\/2024\/02\/paro-de-transporte.png",490,293,false],"large":["https:\/\/apuntesdesanluis.com\/wp-content\/uploads\/2024\/02\/paro-de-transporte.png",490,293,false],"1536x1536":["https:\/\/apuntesdesanluis.com\/wp-content\/uploads\/2024\/02\/paro-de-transporte.png",490,293,false],"2048x2048":["https:\/\/apuntesdesanluis.com\/wp-content\/uploads\/2024\/02\/paro-de-transporte.png",490,293,false],"newsever-slider-full":["https:\/\/apuntesdesanluis.com\/wp-content\/uploads\/2024\/02\/paro-de-transporte.png",490,293,false],"newsever-featured":["https:\/\/apuntesdesanluis.com\/wp-content\/uploads\/2024\/02\/paro-de-transporte.png",490,293,false],"newsever-medium":["https:\/\/apuntesdesanluis.com\/wp-content\/uploads\/2024\/02\/paro-de-transporte.png",490,293,false]},"author_info":{"display_name":"apuntesdesanluis.com","author_link":"https:\/\/apuntesdesanluis.com\/index.php\/author\/apuntesdesanluis-com\/"},"category_info":"<a href=\"https:\/\/apuntesdesanluis.com\/index.php\/category\/nacionales-internacionales\/\" rel=\"category tag\">Nacionales\/Internacionales<\/a>","tag_info":"Nacionales\/Internacionales","comment_count":"0","_links":{"self":[{"href":"https:\/\/apuntesdesanluis.com\/index.php\/wp-json\/wp\/v2\/posts\/12527","targetHints":{"allow":["GET"]}}],"collection":[{"href":"https:\/\/apuntesdesanluis.com\/index.php\/wp-json\/wp\/v2\/posts"}],"about":[{"href":"https:\/\/apuntesdesanluis.com\/index.php\/wp-json\/wp\/v2\/types\/post"}],"author":[{"embeddable":true,"href":"https:\/\/apuntesdesanluis.com\/index.php\/wp-json\/wp\/v2\/users\/1"}],"replies":[{"embeddable":true,"href":"https:\/\/apuntesdesanluis.com\/index.php\/wp-json\/wp\/v2\/comments?post=12527"}],"version-history":[{"count":1,"href":"https:\/\/apuntesdesanluis.com\/index.php\/wp-json\/wp\/v2\/posts\/12527\/revisions"}],"predecessor-version":[{"id":12528,"href":"https:\/\/apuntesdesanluis.com\/index.php\/wp-json\/wp\/v2\/posts\/12527\/revisions\/12528"}],"wp:featuredmedia":[{"embeddable":true,"href":"https:\/\/apuntesdesanluis.com\/index.php\/wp-json\/wp\/v2\/media\/11364"}],"wp:attachment":[{"href":"https:\/\/apuntesdesanluis.com\/index.php\/wp-json\/wp\/v2\/media?parent=12527"}],"wp:term":[{"taxonomy":"category","embeddable":true,"href":"https:\/\/apuntesdesanluis.com\/index.php\/wp-json\/wp\/v2\/categories?post=12527"},{"taxonomy":"post_tag","embeddable":true,"href":"https:\/\/apuntesdesanluis.com\/index.php\/wp-json\/wp\/v2\/tags?post=12527"}],"curies":[{"name":"wp","href":"https:\/\/api.w.org\/{rel}","templated":true}]}}