{"id":12529,"date":"2024-02-29T17:31:47","date_gmt":"2024-02-29T20:31:47","guid":{"rendered":"https:\/\/apuntesdesanluis.com\/?p=12529"},"modified":"2024-02-29T17:34:01","modified_gmt":"2024-02-29T20:34:01","slug":"la-costa-de-comechingones-se-prepara-para-recibir-una-nueva-jornada-productiva","status":"publish","type":"post","link":"https:\/\/apuntesdesanluis.com\/index.php\/2024\/02\/29\/la-costa-de-comechingones-se-prepara-para-recibir-una-nueva-jornada-productiva\/","title":{"rendered":"LA COSTA DE COMECHINGONES SE PREPARA PARA RECIBIR UNA NUEVA JORNADA PRODUCTIVA"},"content":{"rendered":"<h3>Se realizar\u00e1 este s\u00e1bado desde las 8:30 en el Centro Educativo N\u00ba26 \u2018Mar\u00eda Palmira Cabral de Becerra\u2019, de Rinc\u00f3n del Este, en Merlo. La convocatoria es para el sector privado productivo del Valle del Conlara y la Costa de los Comechingones.<\/h3>\n<h3>Al igual que pas\u00f3 en Uni\u00f3n, Los Manantiales y Quines, el Gobierno provincial mantendr\u00e1 un encuentro con el sector privado, en este caso en la Costa de los Comechingones, enfocado en la potenciaci\u00f3n de los puntos fuertes y el an\u00e1lisis de los m\u00e1s d\u00e9biles en busca de soluciones para que San Luis tenga m\u00e1s oferta de trabajo y de negocios. La jornada comenzar\u00e1 a las 8:30 y contar\u00e1 con mesas sectoriales y una regional, vinculaci\u00f3n, capacitaciones, expo de productos y servicios y feria gastron\u00f3mica regional.<\/h3>\n<h3>El lugar elegido es la Villa de Merlo y la convocatoria abarca a los productores de los departamentos Jun\u00edn y Chacabuco: Carpinter\u00eda, paraje Balcarce, Concar\u00e1n, Cortaderas, La Punilla, Lafinur, Los Cajones, Villa de Merlo, Los Molles, Naschel, Papagayos, San Felipe, San Pablo, Santa Rosa, Renca, Tilisarao, Villa Larca y Villa del Carmen.<\/h3>\n<h3>Como en cada encuentro del plan San Luis se Activa, las capacitaciones generan gran expectativa. Brindan la oportunidad de adquirir nuevos conocimientos y reforzar los existentes. Las planificadas para esta oportunidad est\u00e1n enfocadas en seguridad, prevenci\u00f3n de incendios, econom\u00eda, negocios y turismo. El gobernador Claudio Poggi estar\u00e1 a cargo de la apertura.<\/h3>\n<h3>Las inscripciones para la jornada est\u00e1n abiertas y se realizan a trav\u00e9s del siguiente formulario:<\/h3>\n<h3><a href=\"https:\/\/docs.google.com\/forms\/d\/1VITt3QTjWzrLMvO_n3UVg0hjtBvDzF6tszcCAASzG54\/viewform?edit_requested=true&amp;fbclid=IwAR2S_s8HCOnf2iTTfG2QRivSfMiFIWLeBLi74f2QvJz3vhD0FOviODR2oZc&amp;pli=1\" target=\"_blank\" rel=\"noopener\"><span style=\"color: #3366ff;\">Jornada Valle del Conlara y Costa de Comechingones<\/span><\/a><\/h3>\n<p>&nbsp;<\/p>\n<p>&nbsp;<\/p>\n<p>&nbsp;<\/p>\n","protected":false},"excerpt":{"rendered":"<p>Se realizar\u00e1 este s\u00e1bado desde las 8:30 en el Centro Educativo N\u00ba26 \u2018Mar\u00eda Palmira Cabral&#8230;<\/p>\n","protected":false},"author":1,"featured_media":12530,"comment_status":"closed","ping_status":"closed","sticky":false,"template":"","format":"standard","meta":{"footnotes":""},"categories":[6],"tags":[],"class_list":["post-12529","post","type-post","status-publish","format-standard","has-post-thumbnail","hentry","category-ciudad-provincia"],"yoast_head":"<!-- This site is optimized with the Yoast SEO plugin v26.1.1 - https:\/\/yoast.com\/wordpress\/plugins\/seo\/ -->\n<title>LA COSTA DE COMECHINGONES SE PREPARA PARA RECIBIR UNA NUEVA JORNADA PRODUCTIVA - Apuntes de San Luis<\/title>\n<meta name=\"robots\" content=\"index, follow, max-snippet:-1, max-image-preview:large, max-video-preview:-1\" \/>\n<link rel=\"canonical\" href=\"https:\/\/apuntesdesanluis.com\/index.php\/2024\/02\/29\/la-costa-de-comechingones-se-prepara-para-recibir-una-nueva-jornada-productiva\/\" \/>\n<meta property=\"og:locale\" content=\"es_ES\" \/>\n<meta property=\"og:type\" content=\"article\" \/>\n<meta property=\"og:title\" content=\"LA COSTA DE COMECHINGONES SE PREPARA PARA RECIBIR UNA NUEVA JORNADA PRODUCTIVA - Apuntes de San Luis\" \/>\n<meta property=\"og:description\" content=\"Se realizar\u00e1 este s\u00e1bado desde las 8:30 en el Centro Educativo N\u00ba26 \u2018Mar\u00eda Palmira Cabral...\" \/>\n<meta property=\"og:url\" content=\"https:\/\/apuntesdesanluis.com\/index.php\/2024\/02\/29\/la-costa-de-comechingones-se-prepara-para-recibir-una-nueva-jornada-productiva\/\" \/>\n<meta property=\"og:site_name\" content=\"Apuntes de San Luis\" \/>\n<meta property=\"article:published_time\" content=\"2024-02-29T20:31:47+00:00\" \/>\n<meta property=\"article:modified_time\" content=\"2024-02-29T20:34:01+00:00\" \/>\n<meta property=\"og:image\" content=\"https:\/\/apuntesdesanluis.com\/wp-content\/uploads\/2024\/02\/JORNADA-PRODUCTIVA.png\" \/>\n\t<meta property=\"og:image:width\" content=\"617\" \/>\n\t<meta property=\"og:image:height\" content=\"319\" \/>\n\t<meta property=\"og:image:type\" content=\"image\/png\" \/>\n<meta name=\"author\" content=\"apuntesdesanluis.com\" \/>\n<meta name=\"twitter:card\" content=\"summary_large_image\" \/>\n<meta name=\"twitter:label1\" content=\"Escrito por\" \/>\n\t<meta name=\"twitter:data1\" content=\"apuntesdesanluis.com\" \/>\n\t<meta name=\"twitter:label2\" content=\"Tiempo de lectura\" \/>\n\t<meta name=\"twitter:data2\" content=\"2 minutos\" \/>\n<script type=\"application\/ld+json\" class=\"yoast-schema-graph\">{\"@context\":\"https:\/\/schema.org\",\"@graph\":[{\"@type\":\"Article\",\"@id\":\"https:\/\/apuntesdesanluis.com\/index.php\/2024\/02\/29\/la-costa-de-comechingones-se-prepara-para-recibir-una-nueva-jornada-productiva\/#article\",\"isPartOf\":{\"@id\":\"https:\/\/apuntesdesanluis.com\/index.php\/2024\/02\/29\/la-costa-de-comechingones-se-prepara-para-recibir-una-nueva-jornada-productiva\/\"},\"author\":{\"name\":\"apuntesdesanluis.com\",\"@id\":\"https:\/\/apuntesdesanluis.com\/#\/schema\/person\/b55151d52296fcce64d1a72538a70b90\"},\"headline\":\"LA COSTA DE COMECHINGONES SE PREPARA PARA RECIBIR UNA NUEVA JORNADA PRODUCTIVA\",\"datePublished\":\"2024-02-29T20:31:47+00:00\",\"dateModified\":\"2024-02-29T20:34:01+00:00\",\"mainEntityOfPage\":{\"@id\":\"https:\/\/apuntesdesanluis.com\/index.php\/2024\/02\/29\/la-costa-de-comechingones-se-prepara-para-recibir-una-nueva-jornada-productiva\/\"},\"wordCount\":285,\"publisher\":{\"@id\":\"https:\/\/apuntesdesanluis.com\/#\/schema\/person\/b55151d52296fcce64d1a72538a70b90\"},\"image\":{\"@id\":\"https:\/\/apuntesdesanluis.com\/index.php\/2024\/02\/29\/la-costa-de-comechingones-se-prepara-para-recibir-una-nueva-jornada-productiva\/#primaryimage\"},\"thumbnailUrl\":\"https:\/\/apuntesdesanluis.com\/wp-content\/uploads\/2024\/02\/JORNADA-PRODUCTIVA.png\",\"articleSection\":[\"Ciudad\/Provincia\"],\"inLanguage\":\"es-AR\"},{\"@type\":\"WebPage\",\"@id\":\"https:\/\/apuntesdesanluis.com\/index.php\/2024\/02\/29\/la-costa-de-comechingones-se-prepara-para-recibir-una-nueva-jornada-productiva\/\",\"url\":\"https:\/\/apuntesdesanluis.com\/index.php\/2024\/02\/29\/la-costa-de-comechingones-se-prepara-para-recibir-una-nueva-jornada-productiva\/\",\"name\":\"LA COSTA DE COMECHINGONES SE PREPARA PARA RECIBIR UNA NUEVA JORNADA PRODUCTIVA - Apuntes de San Luis\",\"isPartOf\":{\"@id\":\"https:\/\/apuntesdesanluis.com\/#website\"},\"primaryImageOfPage\":{\"@id\":\"https:\/\/apuntesdesanluis.com\/index.php\/2024\/02\/29\/la-costa-de-comechingones-se-prepara-para-recibir-una-nueva-jornada-productiva\/#primaryimage\"},\"image\":{\"@id\":\"https:\/\/apuntesdesanluis.com\/index.php\/2024\/02\/29\/la-costa-de-comechingones-se-prepara-para-recibir-una-nueva-jornada-productiva\/#primaryimage\"},\"thumbnailUrl\":\"https:\/\/apuntesdesanluis.com\/wp-content\/uploads\/2024\/02\/JORNADA-PRODUCTIVA.png\",\"datePublished\":\"2024-02-29T20:31:47+00:00\",\"dateModified\":\"2024-02-29T20:34:01+00:00\",\"breadcrumb\":{\"@id\":\"https:\/\/apuntesdesanluis.com\/index.php\/2024\/02\/29\/la-costa-de-comechingones-se-prepara-para-recibir-una-nueva-jornada-productiva\/#breadcrumb\"},\"inLanguage\":\"es-AR\",\"potentialAction\":[{\"@type\":\"ReadAction\",\"target\":[\"https:\/\/apuntesdesanluis.com\/index.php\/2024\/02\/29\/la-costa-de-comechingones-se-prepara-para-recibir-una-nueva-jornada-productiva\/\"]}]},{\"@type\":\"ImageObject\",\"inLanguage\":\"es-AR\",\"@id\":\"https:\/\/apuntesdesanluis.com\/index.php\/2024\/02\/29\/la-costa-de-comechingones-se-prepara-para-recibir-una-nueva-jornada-productiva\/#primaryimage\",\"url\":\"https:\/\/apuntesdesanluis.com\/wp-content\/uploads\/2024\/02\/JORNADA-PRODUCTIVA.png\",\"contentUrl\":\"https:\/\/apuntesdesanluis.com\/wp-content\/uploads\/2024\/02\/JORNADA-PRODUCTIVA.png\",\"width\":617,\"height\":319},{\"@type\":\"BreadcrumbList\",\"@id\":\"https:\/\/apuntesdesanluis.com\/index.php\/2024\/02\/29\/la-costa-de-comechingones-se-prepara-para-recibir-una-nueva-jornada-productiva\/#breadcrumb\",\"itemListElement\":[{\"@type\":\"ListItem\",\"position\":1,\"name\":\"Inicio\",\"item\":\"https:\/\/apuntesdesanluis.com\/\"},{\"@type\":\"ListItem\",\"position\":2,\"name\":\"LA COSTA DE COMECHINGONES SE PREPARA PARA RECIBIR UNA NUEVA JORNADA PRODUCTIVA\"}]},{\"@type\":\"WebSite\",\"@id\":\"https:\/\/apuntesdesanluis.com\/#website\",\"url\":\"https:\/\/apuntesdesanluis.com\/\",\"name\":\"Apuntes de San Luis\",\"description\":\"\",\"publisher\":{\"@id\":\"https:\/\/apuntesdesanluis.com\/#\/schema\/person\/b55151d52296fcce64d1a72538a70b90\"},\"potentialAction\":[{\"@type\":\"SearchAction\",\"target\":{\"@type\":\"EntryPoint\",\"urlTemplate\":\"https:\/\/apuntesdesanluis.com\/?s={search_term_string}\"},\"query-input\":{\"@type\":\"PropertyValueSpecification\",\"valueRequired\":true,\"valueName\":\"search_term_string\"}}],\"inLanguage\":\"es-AR\"},{\"@type\":[\"Person\",\"Organization\"],\"@id\":\"https:\/\/apuntesdesanluis.com\/#\/schema\/person\/b55151d52296fcce64d1a72538a70b90\",\"name\":\"apuntesdesanluis.com\",\"image\":{\"@type\":\"ImageObject\",\"inLanguage\":\"es-AR\",\"@id\":\"https:\/\/apuntesdesanluis.com\/#\/schema\/person\/image\/\",\"url\":\"https:\/\/apuntesdesanluis.com\/wp-content\/uploads\/2023\/07\/cropped-apuntesdesanluis.png\",\"contentUrl\":\"https:\/\/apuntesdesanluis.com\/wp-content\/uploads\/2023\/07\/cropped-apuntesdesanluis.png\",\"width\":450,\"height\":112,\"caption\":\"apuntesdesanluis.com\"},\"logo\":{\"@id\":\"https:\/\/apuntesdesanluis.com\/#\/schema\/person\/image\/\"},\"sameAs\":[\"https:\/\/apuntesdesanluis.com\"],\"url\":\"https:\/\/apuntesdesanluis.com\/index.php\/author\/apuntesdesanluis-com\/\"}]}<\/script>\n<!-- \/ Yoast SEO plugin. -->","yoast_head_json":{"title":"LA COSTA DE COMECHINGONES SE PREPARA PARA RECIBIR UNA NUEVA JORNADA PRODUCTIVA - Apuntes de San Luis","robots":{"index":"index","follow":"follow","max-snippet":"max-snippet:-1","max-image-preview":"max-image-preview:large","max-video-preview":"max-video-preview:-1"},"canonical":"https:\/\/apuntesdesanluis.com\/index.php\/2024\/02\/29\/la-costa-de-comechingones-se-prepara-para-recibir-una-nueva-jornada-productiva\/","og_locale":"es_ES","og_type":"article","og_title":"LA COSTA DE COMECHINGONES SE PREPARA PARA RECIBIR UNA NUEVA JORNADA PRODUCTIVA - Apuntes de San Luis","og_description":"Se realizar\u00e1 este s\u00e1bado desde las 8:30 en el Centro Educativo N\u00ba26 \u2018Mar\u00eda Palmira Cabral...","og_url":"https:\/\/apuntesdesanluis.com\/index.php\/2024\/02\/29\/la-costa-de-comechingones-se-prepara-para-recibir-una-nueva-jornada-productiva\/","og_site_name":"Apuntes de San Luis","article_published_time":"2024-02-29T20:31:47+00:00","article_modified_time":"2024-02-29T20:34:01+00:00","og_image":[{"width":617,"height":319,"url":"https:\/\/apuntesdesanluis.com\/wp-content\/uploads\/2024\/02\/JORNADA-PRODUCTIVA.png","type":"image\/png"}],"author":"apuntesdesanluis.com","twitter_card":"summary_large_image","twitter_misc":{"Escrito por":"apuntesdesanluis.com","Tiempo de lectura":"2 minutos"},"schema":{"@context":"https:\/\/schema.org","@graph":[{"@type":"Article","@id":"https:\/\/apuntesdesanluis.com\/index.php\/2024\/02\/29\/la-costa-de-comechingones-se-prepara-para-recibir-una-nueva-jornada-productiva\/#article","isPartOf":{"@id":"https:\/\/apuntesdesanluis.com\/index.php\/2024\/02\/29\/la-costa-de-comechingones-se-prepara-para-recibir-una-nueva-jornada-productiva\/"},"author":{"name":"apuntesdesanluis.com","@id":"https:\/\/apuntesdesanluis.com\/#\/schema\/person\/b55151d52296fcce64d1a72538a70b90"},"headline":"LA COSTA DE COMECHINGONES SE PREPARA PARA RECIBIR UNA NUEVA JORNADA PRODUCTIVA","datePublished":"2024-02-29T20:31:47+00:00","dateModified":"2024-02-29T20:34:01+00:00","mainEntityOfPage":{"@id":"https:\/\/apuntesdesanluis.com\/index.php\/2024\/02\/29\/la-costa-de-comechingones-se-prepara-para-recibir-una-nueva-jornada-productiva\/"},"wordCount":285,"publisher":{"@id":"https:\/\/apuntesdesanluis.com\/#\/schema\/person\/b55151d52296fcce64d1a72538a70b90"},"image":{"@id":"https:\/\/apuntesdesanluis.com\/index.php\/2024\/02\/29\/la-costa-de-comechingones-se-prepara-para-recibir-una-nueva-jornada-productiva\/#primaryimage"},"thumbnailUrl":"https:\/\/apuntesdesanluis.com\/wp-content\/uploads\/2024\/02\/JORNADA-PRODUCTIVA.png","articleSection":["Ciudad\/Provincia"],"inLanguage":"es-AR"},{"@type":"WebPage","@id":"https:\/\/apuntesdesanluis.com\/index.php\/2024\/02\/29\/la-costa-de-comechingones-se-prepara-para-recibir-una-nueva-jornada-productiva\/","url":"https:\/\/apuntesdesanluis.com\/index.php\/2024\/02\/29\/la-costa-de-comechingones-se-prepara-para-recibir-una-nueva-jornada-productiva\/","name":"LA COSTA DE COMECHINGONES SE PREPARA PARA RECIBIR UNA NUEVA JORNADA PRODUCTIVA - Apuntes de San Luis","isPartOf":{"@id":"https:\/\/apuntesdesanluis.com\/#website"},"primaryImageOfPage":{"@id":"https:\/\/apuntesdesanluis.com\/index.php\/2024\/02\/29\/la-costa-de-comechingones-se-prepara-para-recibir-una-nueva-jornada-productiva\/#primaryimage"},"image":{"@id":"https:\/\/apuntesdesanluis.com\/index.php\/2024\/02\/29\/la-costa-de-comechingones-se-prepara-para-recibir-una-nueva-jornada-productiva\/#primaryimage"},"thumbnailUrl":"https:\/\/apuntesdesanluis.com\/wp-content\/uploads\/2024\/02\/JORNADA-PRODUCTIVA.png","datePublished":"2024-02-29T20:31:47+00:00","dateModified":"2024-02-29T20:34:01+00:00","breadcrumb":{"@id":"https:\/\/apuntesdesanluis.com\/index.php\/2024\/02\/29\/la-costa-de-comechingones-se-prepara-para-recibir-una-nueva-jornada-productiva\/#breadcrumb"},"inLanguage":"es-AR","potentialAction":[{"@type":"ReadAction","target":["https:\/\/apuntesdesanluis.com\/index.php\/2024\/02\/29\/la-costa-de-comechingones-se-prepara-para-recibir-una-nueva-jornada-productiva\/"]}]},{"@type":"ImageObject","inLanguage":"es-AR","@id":"https:\/\/apuntesdesanluis.com\/index.php\/2024\/02\/29\/la-costa-de-comechingones-se-prepara-para-recibir-una-nueva-jornada-productiva\/#primaryimage","url":"https:\/\/apuntesdesanluis.com\/wp-content\/uploads\/2024\/02\/JORNADA-PRODUCTIVA.png","contentUrl":"https:\/\/apuntesdesanluis.com\/wp-content\/uploads\/2024\/02\/JORNADA-PRODUCTIVA.png","width":617,"height":319},{"@type":"BreadcrumbList","@id":"https:\/\/apuntesdesanluis.com\/index.php\/2024\/02\/29\/la-costa-de-comechingones-se-prepara-para-recibir-una-nueva-jornada-productiva\/#breadcrumb","itemListElement":[{"@type":"ListItem","position":1,"name":"Inicio","item":"https:\/\/apuntesdesanluis.com\/"},{"@type":"ListItem","position":2,"name":"LA COSTA DE COMECHINGONES SE PREPARA PARA RECIBIR UNA NUEVA JORNADA PRODUCTIVA"}]},{"@type":"WebSite","@id":"https:\/\/apuntesdesanluis.com\/#website","url":"https:\/\/apuntesdesanluis.com\/","name":"Apuntes de San Luis","description":"","publisher":{"@id":"https:\/\/apuntesdesanluis.com\/#\/schema\/person\/b55151d52296fcce64d1a72538a70b90"},"potentialAction":[{"@type":"SearchAction","target":{"@type":"EntryPoint","urlTemplate":"https:\/\/apuntesdesanluis.com\/?s={search_term_string}"},"query-input":{"@type":"PropertyValueSpecification","valueRequired":true,"valueName":"search_term_string"}}],"inLanguage":"es-AR"},{"@type":["Person","Organization"],"@id":"https:\/\/apuntesdesanluis.com\/#\/schema\/person\/b55151d52296fcce64d1a72538a70b90","name":"apuntesdesanluis.com","image":{"@type":"ImageObject","inLanguage":"es-AR","@id":"https:\/\/apuntesdesanluis.com\/#\/schema\/person\/image\/","url":"https:\/\/apuntesdesanluis.com\/wp-content\/uploads\/2023\/07\/cropped-apuntesdesanluis.png","contentUrl":"https:\/\/apuntesdesanluis.com\/wp-content\/uploads\/2023\/07\/cropped-apuntesdesanluis.png","width":450,"height":112,"caption":"apuntesdesanluis.com"},"logo":{"@id":"https:\/\/apuntesdesanluis.com\/#\/schema\/person\/image\/"},"sameAs":["https:\/\/apuntesdesanluis.com"],"url":"https:\/\/apuntesdesanluis.com\/index.php\/author\/apuntesdesanluis-com\/"}]}},"featured_image_urls":{"full":["https:\/\/apuntesdesanluis.com\/wp-content\/uploads\/2024\/02\/JORNADA-PRODUCTIVA.png",617,319,false],"thumbnail":["https:\/\/apuntesdesanluis.com\/wp-content\/uploads\/2024\/02\/JORNADA-PRODUCTIVA-150x150.png",150,150,true],"medium":["https:\/\/apuntesdesanluis.com\/wp-content\/uploads\/2024\/02\/JORNADA-PRODUCTIVA-300x155.png",300,155,true],"medium_large":["https:\/\/apuntesdesanluis.com\/wp-content\/uploads\/2024\/02\/JORNADA-PRODUCTIVA.png",617,319,false],"large":["https:\/\/apuntesdesanluis.com\/wp-content\/uploads\/2024\/02\/JORNADA-PRODUCTIVA.png",617,319,false],"1536x1536":["https:\/\/apuntesdesanluis.com\/wp-content\/uploads\/2024\/02\/JORNADA-PRODUCTIVA.png",617,319,false],"2048x2048":["https:\/\/apuntesdesanluis.com\/wp-content\/uploads\/2024\/02\/JORNADA-PRODUCTIVA.png",617,319,false],"newsever-slider-full":["https:\/\/apuntesdesanluis.com\/wp-content\/uploads\/2024\/02\/JORNADA-PRODUCTIVA.png",617,319,false],"newsever-featured":["https:\/\/apuntesdesanluis.com\/wp-content\/uploads\/2024\/02\/JORNADA-PRODUCTIVA.png",617,319,false],"newsever-medium":["https:\/\/apuntesdesanluis.com\/wp-content\/uploads\/2024\/02\/JORNADA-PRODUCTIVA.png",617,319,false]},"author_info":{"display_name":"apuntesdesanluis.com","author_link":"https:\/\/apuntesdesanluis.com\/index.php\/author\/apuntesdesanluis-com\/"},"category_info":"<a href=\"https:\/\/apuntesdesanluis.com\/index.php\/category\/ciudad-provincia\/\" rel=\"category tag\">Ciudad\/Provincia<\/a>","tag_info":"Ciudad\/Provincia","comment_count":"0","_links":{"self":[{"href":"https:\/\/apuntesdesanluis.com\/index.php\/wp-json\/wp\/v2\/posts\/12529","targetHints":{"allow":["GET"]}}],"collection":[{"href":"https:\/\/apuntesdesanluis.com\/index.php\/wp-json\/wp\/v2\/posts"}],"about":[{"href":"https:\/\/apuntesdesanluis.com\/index.php\/wp-json\/wp\/v2\/types\/post"}],"author":[{"embeddable":true,"href":"https:\/\/apuntesdesanluis.com\/index.php\/wp-json\/wp\/v2\/users\/1"}],"replies":[{"embeddable":true,"href":"https:\/\/apuntesdesanluis.com\/index.php\/wp-json\/wp\/v2\/comments?post=12529"}],"version-history":[{"count":2,"href":"https:\/\/apuntesdesanluis.com\/index.php\/wp-json\/wp\/v2\/posts\/12529\/revisions"}],"predecessor-version":[{"id":12532,"href":"https:\/\/apuntesdesanluis.com\/index.php\/wp-json\/wp\/v2\/posts\/12529\/revisions\/12532"}],"wp:featuredmedia":[{"embeddable":true,"href":"https:\/\/apuntesdesanluis.com\/index.php\/wp-json\/wp\/v2\/media\/12530"}],"wp:attachment":[{"href":"https:\/\/apuntesdesanluis.com\/index.php\/wp-json\/wp\/v2\/media?parent=12529"}],"wp:term":[{"taxonomy":"category","embeddable":true,"href":"https:\/\/apuntesdesanluis.com\/index.php\/wp-json\/wp\/v2\/categories?post=12529"},{"taxonomy":"post_tag","embeddable":true,"href":"https:\/\/apuntesdesanluis.com\/index.php\/wp-json\/wp\/v2\/tags?post=12529"}],"curies":[{"name":"wp","href":"https:\/\/api.w.org\/{rel}","templated":true}]}}