{"id":12533,"date":"2024-02-29T18:12:24","date_gmt":"2024-02-29T21:12:24","guid":{"rendered":"https:\/\/apuntesdesanluis.com\/?p=12533"},"modified":"2024-02-29T18:13:15","modified_gmt":"2024-02-29T21:13:15","slug":"solicitaron-7-anos-de-prision-por-abuso-para-elprofesor-de-equitacion","status":"publish","type":"post","link":"https:\/\/apuntesdesanluis.com\/index.php\/2024\/02\/29\/solicitaron-7-anos-de-prision-por-abuso-para-elprofesor-de-equitacion\/","title":{"rendered":"SOLICITARON 7 A\u00d1OS DE PRISI\u00d3N POR ABUSO PARA EL PROFESOR DE EQUITACI\u00d3N"},"content":{"rendered":"<h3>El profesor de equitaci\u00f3n de 56 a\u00f1os, <strong>Sergio Eduardo Vera<\/strong>, hab\u00eda sido detenido en octubre de 2022, luego de que padres de alumnos de la escuela de de equitaci\u00f3n \u201cRenacer\u201d de Juana Koslay lo denunciaran por abuso sexual.<\/h3>\n<div id=\"sitio\">\n<article id=\"top\" class=\"articulo\" data-id=\"635a7c3ba688b50017e57cf3\">\n<div class=\"container\">\n<div class=\"grid\">\n<div class=\"item is-narrow\">\n<div class=\"box\">\n<div class=\"lml_div item\">\n<div class=\"lml_container_gen\">\n<div class=\"item is-12\">\n<div class=\"nota_mas_leida\"><\/div>\n<\/div>\n<\/div>\n<\/div>\n<\/div>\n<\/div>\n<div class=\"item is-12\">\n<div class=\"mas_noticias\">\n<div class=\"grid\">\n<div class=\"item is-6\">\n<article class=\"nota nota--horizontal\">\n<div class=\"aux\">\n<div class=\"nota__data\">\n<div class=\"nota__data--titulo\"><\/div>\n<\/div>\n<\/div>\n<\/article>\n<\/div>\n<\/div>\n<\/div>\n<\/div>\n<\/div>\n<\/div>\n<\/article>\n<\/div>\n<h3>El acusado de abusar de tres alumnas reconoci\u00f3 los hechos, admiti\u00f3 su autor\u00eda y acept\u00f3 la calificaci\u00f3n legal y la pena propuesta por la Fiscal\u00eda. Lo hizo este jueves en el marco de una audiencia de juicio abreviado donde el fiscal de Juicio N\u00b0 2, Fernando Rodr\u00edguez, solicit\u00f3 ante el Colegio de Jueces de la ciudad de San Luis que el imputado sea condenado a siete a\u00f1os de prisi\u00f3n por el delito de abuso sexual simple agravado por la calidad de encargado de la educaci\u00f3n o guarda, en concurso real (tres hechos).<\/h3>\n<h3>La presentaci\u00f3n del fiscal para la abreviaci\u00f3n de la causa tuvo la anuencia de la defensa del acusado, representada por el Defensor Oficial de Juicio, Esteban Sala; del Defensor de la Ni\u00f1ez, Adolescencia e Incapaces N\u00b0 1 Sebasti\u00e1n Privitera y de los progenitores de las v\u00edctimas menores de edad.<\/h3>\n<h3>De homologarse el acuerdo, la condena ser\u00e1 de cumplimiento efectivo hasta el agotamiento de la pena. Esto quiere decir que el instructor no podr\u00e1 acceder a ning\u00fan tipo de beneficio, como, por ejemplo, el de las salidas transitorias. El tribunal tiene hasta diez d\u00edas h\u00e1biles para emitir su veredicto. Mientras tanto el imputado continuar\u00e1 alojado en el Servicio Penitenciario.<\/h3>\n<h3>El tribunal estuvo integrado por Julio Fernando De Viana, Hugo Guillermo Saa Petrino y Mar\u00eda Eugenia Zabala Chacur.<\/h3>\n<h3>Los hechos investigados ocurrieron presuntamente entre octubre de 2021 y marzo de 2022 en una quinta ecuestre ubicada sobre la Avenida del Viento Chorrillero de Juana Koslay. \u201cAprovech\u00e1ndose de su calidad de profesor y guardador, como as\u00ed tambi\u00e9n de la confianza previa que exist\u00eda con las ni\u00f1as, le requer\u00eda a sus alumnas que lo acompa\u00f1aran al lugar donde guardaban las monturas, y tambi\u00e9n que ingresaran a una habitaci\u00f3n de su casa que se encuentra en el mismo terreno donde funciona la escuela. All\u00ed, en reiteradas oportunidades les realiz\u00f3 tocamientos a las damnificadas en diversas partes del cuerpo, por encima de la ropa. Adem\u00e1s, al momento de subirse a los caballos, utilizaba dicha maniobra para tocarles las piernas y sus partes \u00edntimas\u201d, narr\u00f3 el fiscal Rodr\u00edguez.<\/h3>\n<p><img fetchpriority=\"high\" decoding=\"async\" class=\"wp-image-12535 aligncenter\" src=\"https:\/\/apuntesdesanluis.com\/wp-content\/uploads\/2024\/02\/profe-equitacion-300x164.png\" alt=\"\" width=\"655\" height=\"358\" srcset=\"https:\/\/apuntesdesanluis.com\/wp-content\/uploads\/2024\/02\/profe-equitacion-300x164.png 300w, https:\/\/apuntesdesanluis.com\/wp-content\/uploads\/2024\/02\/profe-equitacion.png 503w\" sizes=\"(max-width: 655px) 100vw, 655px\" \/><\/p>\n<h3>En la denuncia tambi\u00e9n se detall\u00f3 que a una de las v\u00edctimas el profesor le exhibi\u00f3 con su celular un video de contenido sexual y le pregunt\u00f3 si la ni\u00f1a \u201csab\u00eda de esas cosas\u201d.<\/h3>\n<h3>El hombre de 56 a\u00f1os lleg\u00f3 a juicio con una acusaci\u00f3n de abuso sexual con acceso carnal y dos acusaciones de abuso sexual simple, todo en concurso real y agravadas por la calidad de encargado de la educaci\u00f3n o guarda. Por esta calificaci\u00f3n enfrentaba un pedido de pena, por parte del Fiscal de Instrucci\u00f3n, de 14 a\u00f1os de prisi\u00f3n.<\/h3>\n<h3>En la audiencia de este jueves, el fiscal de Juicio explic\u00f3 que se acreditaron los tocamientos, pero no el acceso carnal por lo que la calificaci\u00f3n legal finalmente qued\u00f3 como abuso sexual simple agravado por la calidad de encargado de la educaci\u00f3n o guarda, en concurso real (tres hechos).<\/h3>\n<h3>Esteban Sala, en ejercicio de la defensa p\u00fablica del acusado, adhiri\u00f3 a la propuesta del Ministerio P\u00fablico Fiscal. \u201cLuce razonable y entendemos que es un acuerdo justo. No hay una sola pericia m\u00e9dica agregada a la causa que pruebe el acceso carnal\u201d, dijo el funcionario judicial.<\/h3>\n<h3>El Defensor de la Ni\u00f1ez, Adolescencia e Incapaces, Sebasti\u00e1n Privitera, habl\u00f3 en representaci\u00f3n de las v\u00edctimas y dijo que las ni\u00f1as \u201cno quieren saber nada con el juicio y que todo esto termine r\u00e1pido. Habl\u00e9 con sus padres, les expliqu\u00e9 que hubo una variaci\u00f3n en la calificaci\u00f3n y entendieron las caracter\u00edsticas del juicio abreviado y est\u00e1n de acuerdo\u201d.<\/h3>\n<h3>El presidente del tribunal, Julio Fernando De Viana, llam\u00f3 a declarar a las madres de las ni\u00f1as damnificadas y las tres dieron su conformidad al acuerdo alcanzado entre las partes. \u201cPor lo menos durante siete a\u00f1os esta persona no le va hacer da\u00f1o a nadie como les hizo a nuestras hijas\u201d, expres\u00f3 una de las mam\u00e1s.<\/h3>\n<p>&nbsp;<\/p>\n<p>&nbsp;<\/p>\n<p>&nbsp;<\/p>\n<p>&nbsp;<\/p>\n<p>&nbsp;<\/p>\n<p>&nbsp;<\/p>\n<p>&nbsp;<\/p>\n","protected":false},"excerpt":{"rendered":"<p>El profesor de equitaci\u00f3n de 56 a\u00f1os, Sergio Eduardo Vera, hab\u00eda sido detenido en octubre&#8230;<\/p>\n","protected":false},"author":1,"featured_media":12534,"comment_status":"closed","ping_status":"closed","sticky":false,"template":"","format":"standard","meta":{"footnotes":""},"categories":[6],"tags":[],"class_list":["post-12533","post","type-post","status-publish","format-standard","has-post-thumbnail","hentry","category-ciudad-provincia"],"yoast_head":"<!-- This site is optimized with the Yoast SEO plugin v26.1.1 - https:\/\/yoast.com\/wordpress\/plugins\/seo\/ -->\n<title>SOLICITARON 7 A\u00d1OS DE PRISI\u00d3N POR ABUSO PARA EL PROFESOR DE EQUITACI\u00d3N - Apuntes de San Luis<\/title>\n<meta name=\"robots\" content=\"index, follow, max-snippet:-1, max-image-preview:large, max-video-preview:-1\" \/>\n<link rel=\"canonical\" href=\"https:\/\/apuntesdesanluis.com\/index.php\/2024\/02\/29\/solicitaron-7-anos-de-prision-por-abuso-para-elprofesor-de-equitacion\/\" \/>\n<meta property=\"og:locale\" content=\"es_ES\" \/>\n<meta property=\"og:type\" content=\"article\" \/>\n<meta property=\"og:title\" content=\"SOLICITARON 7 A\u00d1OS DE PRISI\u00d3N POR ABUSO PARA EL PROFESOR DE EQUITACI\u00d3N - Apuntes de San Luis\" \/>\n<meta property=\"og:description\" content=\"El profesor de equitaci\u00f3n de 56 a\u00f1os, Sergio Eduardo Vera, hab\u00eda sido detenido en octubre...\" \/>\n<meta property=\"og:url\" content=\"https:\/\/apuntesdesanluis.com\/index.php\/2024\/02\/29\/solicitaron-7-anos-de-prision-por-abuso-para-elprofesor-de-equitacion\/\" \/>\n<meta property=\"og:site_name\" content=\"Apuntes de San Luis\" \/>\n<meta property=\"article:published_time\" content=\"2024-02-29T21:12:24+00:00\" \/>\n<meta property=\"article:modified_time\" content=\"2024-02-29T21:13:15+00:00\" \/>\n<meta property=\"og:image\" content=\"https:\/\/apuntesdesanluis.com\/wp-content\/uploads\/2024\/02\/audiencia-6.png\" \/>\n\t<meta property=\"og:image:width\" content=\"471\" \/>\n\t<meta property=\"og:image:height\" content=\"265\" \/>\n\t<meta property=\"og:image:type\" content=\"image\/png\" \/>\n<meta name=\"author\" content=\"apuntesdesanluis.com\" \/>\n<meta name=\"twitter:card\" content=\"summary_large_image\" \/>\n<meta name=\"twitter:label1\" content=\"Escrito por\" \/>\n\t<meta name=\"twitter:data1\" content=\"apuntesdesanluis.com\" \/>\n\t<meta name=\"twitter:label2\" content=\"Tiempo de lectura\" \/>\n\t<meta name=\"twitter:data2\" content=\"4 minutos\" \/>\n<script type=\"application\/ld+json\" class=\"yoast-schema-graph\">{\"@context\":\"https:\/\/schema.org\",\"@graph\":[{\"@type\":\"Article\",\"@id\":\"https:\/\/apuntesdesanluis.com\/index.php\/2024\/02\/29\/solicitaron-7-anos-de-prision-por-abuso-para-elprofesor-de-equitacion\/#article\",\"isPartOf\":{\"@id\":\"https:\/\/apuntesdesanluis.com\/index.php\/2024\/02\/29\/solicitaron-7-anos-de-prision-por-abuso-para-elprofesor-de-equitacion\/\"},\"author\":{\"name\":\"apuntesdesanluis.com\",\"@id\":\"https:\/\/apuntesdesanluis.com\/#\/schema\/person\/b55151d52296fcce64d1a72538a70b90\"},\"headline\":\"SOLICITARON 7 A\u00d1OS DE PRISI\u00d3N POR ABUSO PARA EL PROFESOR DE EQUITACI\u00d3N\",\"datePublished\":\"2024-02-29T21:12:24+00:00\",\"dateModified\":\"2024-02-29T21:13:15+00:00\",\"mainEntityOfPage\":{\"@id\":\"https:\/\/apuntesdesanluis.com\/index.php\/2024\/02\/29\/solicitaron-7-anos-de-prision-por-abuso-para-elprofesor-de-equitacion\/\"},\"wordCount\":756,\"publisher\":{\"@id\":\"https:\/\/apuntesdesanluis.com\/#\/schema\/person\/b55151d52296fcce64d1a72538a70b90\"},\"image\":{\"@id\":\"https:\/\/apuntesdesanluis.com\/index.php\/2024\/02\/29\/solicitaron-7-anos-de-prision-por-abuso-para-elprofesor-de-equitacion\/#primaryimage\"},\"thumbnailUrl\":\"https:\/\/apuntesdesanluis.com\/wp-content\/uploads\/2024\/02\/audiencia-6.png\",\"articleSection\":[\"Ciudad\/Provincia\"],\"inLanguage\":\"es-AR\"},{\"@type\":\"WebPage\",\"@id\":\"https:\/\/apuntesdesanluis.com\/index.php\/2024\/02\/29\/solicitaron-7-anos-de-prision-por-abuso-para-elprofesor-de-equitacion\/\",\"url\":\"https:\/\/apuntesdesanluis.com\/index.php\/2024\/02\/29\/solicitaron-7-anos-de-prision-por-abuso-para-elprofesor-de-equitacion\/\",\"name\":\"SOLICITARON 7 A\u00d1OS DE PRISI\u00d3N POR ABUSO PARA EL PROFESOR DE EQUITACI\u00d3N - Apuntes de San Luis\",\"isPartOf\":{\"@id\":\"https:\/\/apuntesdesanluis.com\/#website\"},\"primaryImageOfPage\":{\"@id\":\"https:\/\/apuntesdesanluis.com\/index.php\/2024\/02\/29\/solicitaron-7-anos-de-prision-por-abuso-para-elprofesor-de-equitacion\/#primaryimage\"},\"image\":{\"@id\":\"https:\/\/apuntesdesanluis.com\/index.php\/2024\/02\/29\/solicitaron-7-anos-de-prision-por-abuso-para-elprofesor-de-equitacion\/#primaryimage\"},\"thumbnailUrl\":\"https:\/\/apuntesdesanluis.com\/wp-content\/uploads\/2024\/02\/audiencia-6.png\",\"datePublished\":\"2024-02-29T21:12:24+00:00\",\"dateModified\":\"2024-02-29T21:13:15+00:00\",\"breadcrumb\":{\"@id\":\"https:\/\/apuntesdesanluis.com\/index.php\/2024\/02\/29\/solicitaron-7-anos-de-prision-por-abuso-para-elprofesor-de-equitacion\/#breadcrumb\"},\"inLanguage\":\"es-AR\",\"potentialAction\":[{\"@type\":\"ReadAction\",\"target\":[\"https:\/\/apuntesdesanluis.com\/index.php\/2024\/02\/29\/solicitaron-7-anos-de-prision-por-abuso-para-elprofesor-de-equitacion\/\"]}]},{\"@type\":\"ImageObject\",\"inLanguage\":\"es-AR\",\"@id\":\"https:\/\/apuntesdesanluis.com\/index.php\/2024\/02\/29\/solicitaron-7-anos-de-prision-por-abuso-para-elprofesor-de-equitacion\/#primaryimage\",\"url\":\"https:\/\/apuntesdesanluis.com\/wp-content\/uploads\/2024\/02\/audiencia-6.png\",\"contentUrl\":\"https:\/\/apuntesdesanluis.com\/wp-content\/uploads\/2024\/02\/audiencia-6.png\",\"width\":471,\"height\":265},{\"@type\":\"BreadcrumbList\",\"@id\":\"https:\/\/apuntesdesanluis.com\/index.php\/2024\/02\/29\/solicitaron-7-anos-de-prision-por-abuso-para-elprofesor-de-equitacion\/#breadcrumb\",\"itemListElement\":[{\"@type\":\"ListItem\",\"position\":1,\"name\":\"Inicio\",\"item\":\"https:\/\/apuntesdesanluis.com\/\"},{\"@type\":\"ListItem\",\"position\":2,\"name\":\"SOLICITARON 7 A\u00d1OS DE PRISI\u00d3N POR ABUSO PARA EL PROFESOR DE EQUITACI\u00d3N\"}]},{\"@type\":\"WebSite\",\"@id\":\"https:\/\/apuntesdesanluis.com\/#website\",\"url\":\"https:\/\/apuntesdesanluis.com\/\",\"name\":\"Apuntes de San Luis\",\"description\":\"\",\"publisher\":{\"@id\":\"https:\/\/apuntesdesanluis.com\/#\/schema\/person\/b55151d52296fcce64d1a72538a70b90\"},\"potentialAction\":[{\"@type\":\"SearchAction\",\"target\":{\"@type\":\"EntryPoint\",\"urlTemplate\":\"https:\/\/apuntesdesanluis.com\/?s={search_term_string}\"},\"query-input\":{\"@type\":\"PropertyValueSpecification\",\"valueRequired\":true,\"valueName\":\"search_term_string\"}}],\"inLanguage\":\"es-AR\"},{\"@type\":[\"Person\",\"Organization\"],\"@id\":\"https:\/\/apuntesdesanluis.com\/#\/schema\/person\/b55151d52296fcce64d1a72538a70b90\",\"name\":\"apuntesdesanluis.com\",\"image\":{\"@type\":\"ImageObject\",\"inLanguage\":\"es-AR\",\"@id\":\"https:\/\/apuntesdesanluis.com\/#\/schema\/person\/image\/\",\"url\":\"https:\/\/apuntesdesanluis.com\/wp-content\/uploads\/2023\/07\/cropped-apuntesdesanluis.png\",\"contentUrl\":\"https:\/\/apuntesdesanluis.com\/wp-content\/uploads\/2023\/07\/cropped-apuntesdesanluis.png\",\"width\":450,\"height\":112,\"caption\":\"apuntesdesanluis.com\"},\"logo\":{\"@id\":\"https:\/\/apuntesdesanluis.com\/#\/schema\/person\/image\/\"},\"sameAs\":[\"https:\/\/apuntesdesanluis.com\"],\"url\":\"https:\/\/apuntesdesanluis.com\/index.php\/author\/apuntesdesanluis-com\/\"}]}<\/script>\n<!-- \/ Yoast SEO plugin. -->","yoast_head_json":{"title":"SOLICITARON 7 A\u00d1OS DE PRISI\u00d3N POR ABUSO PARA EL PROFESOR DE EQUITACI\u00d3N - Apuntes de San Luis","robots":{"index":"index","follow":"follow","max-snippet":"max-snippet:-1","max-image-preview":"max-image-preview:large","max-video-preview":"max-video-preview:-1"},"canonical":"https:\/\/apuntesdesanluis.com\/index.php\/2024\/02\/29\/solicitaron-7-anos-de-prision-por-abuso-para-elprofesor-de-equitacion\/","og_locale":"es_ES","og_type":"article","og_title":"SOLICITARON 7 A\u00d1OS DE PRISI\u00d3N POR ABUSO PARA EL PROFESOR DE EQUITACI\u00d3N - Apuntes de San Luis","og_description":"El profesor de equitaci\u00f3n de 56 a\u00f1os, Sergio Eduardo Vera, hab\u00eda sido detenido en octubre...","og_url":"https:\/\/apuntesdesanluis.com\/index.php\/2024\/02\/29\/solicitaron-7-anos-de-prision-por-abuso-para-elprofesor-de-equitacion\/","og_site_name":"Apuntes de San Luis","article_published_time":"2024-02-29T21:12:24+00:00","article_modified_time":"2024-02-29T21:13:15+00:00","og_image":[{"width":471,"height":265,"url":"https:\/\/apuntesdesanluis.com\/wp-content\/uploads\/2024\/02\/audiencia-6.png","type":"image\/png"}],"author":"apuntesdesanluis.com","twitter_card":"summary_large_image","twitter_misc":{"Escrito por":"apuntesdesanluis.com","Tiempo de lectura":"4 minutos"},"schema":{"@context":"https:\/\/schema.org","@graph":[{"@type":"Article","@id":"https:\/\/apuntesdesanluis.com\/index.php\/2024\/02\/29\/solicitaron-7-anos-de-prision-por-abuso-para-elprofesor-de-equitacion\/#article","isPartOf":{"@id":"https:\/\/apuntesdesanluis.com\/index.php\/2024\/02\/29\/solicitaron-7-anos-de-prision-por-abuso-para-elprofesor-de-equitacion\/"},"author":{"name":"apuntesdesanluis.com","@id":"https:\/\/apuntesdesanluis.com\/#\/schema\/person\/b55151d52296fcce64d1a72538a70b90"},"headline":"SOLICITARON 7 A\u00d1OS DE PRISI\u00d3N POR ABUSO PARA EL PROFESOR DE EQUITACI\u00d3N","datePublished":"2024-02-29T21:12:24+00:00","dateModified":"2024-02-29T21:13:15+00:00","mainEntityOfPage":{"@id":"https:\/\/apuntesdesanluis.com\/index.php\/2024\/02\/29\/solicitaron-7-anos-de-prision-por-abuso-para-elprofesor-de-equitacion\/"},"wordCount":756,"publisher":{"@id":"https:\/\/apuntesdesanluis.com\/#\/schema\/person\/b55151d52296fcce64d1a72538a70b90"},"image":{"@id":"https:\/\/apuntesdesanluis.com\/index.php\/2024\/02\/29\/solicitaron-7-anos-de-prision-por-abuso-para-elprofesor-de-equitacion\/#primaryimage"},"thumbnailUrl":"https:\/\/apuntesdesanluis.com\/wp-content\/uploads\/2024\/02\/audiencia-6.png","articleSection":["Ciudad\/Provincia"],"inLanguage":"es-AR"},{"@type":"WebPage","@id":"https:\/\/apuntesdesanluis.com\/index.php\/2024\/02\/29\/solicitaron-7-anos-de-prision-por-abuso-para-elprofesor-de-equitacion\/","url":"https:\/\/apuntesdesanluis.com\/index.php\/2024\/02\/29\/solicitaron-7-anos-de-prision-por-abuso-para-elprofesor-de-equitacion\/","name":"SOLICITARON 7 A\u00d1OS DE PRISI\u00d3N POR ABUSO PARA EL PROFESOR DE EQUITACI\u00d3N - Apuntes de San Luis","isPartOf":{"@id":"https:\/\/apuntesdesanluis.com\/#website"},"primaryImageOfPage":{"@id":"https:\/\/apuntesdesanluis.com\/index.php\/2024\/02\/29\/solicitaron-7-anos-de-prision-por-abuso-para-elprofesor-de-equitacion\/#primaryimage"},"image":{"@id":"https:\/\/apuntesdesanluis.com\/index.php\/2024\/02\/29\/solicitaron-7-anos-de-prision-por-abuso-para-elprofesor-de-equitacion\/#primaryimage"},"thumbnailUrl":"https:\/\/apuntesdesanluis.com\/wp-content\/uploads\/2024\/02\/audiencia-6.png","datePublished":"2024-02-29T21:12:24+00:00","dateModified":"2024-02-29T21:13:15+00:00","breadcrumb":{"@id":"https:\/\/apuntesdesanluis.com\/index.php\/2024\/02\/29\/solicitaron-7-anos-de-prision-por-abuso-para-elprofesor-de-equitacion\/#breadcrumb"},"inLanguage":"es-AR","potentialAction":[{"@type":"ReadAction","target":["https:\/\/apuntesdesanluis.com\/index.php\/2024\/02\/29\/solicitaron-7-anos-de-prision-por-abuso-para-elprofesor-de-equitacion\/"]}]},{"@type":"ImageObject","inLanguage":"es-AR","@id":"https:\/\/apuntesdesanluis.com\/index.php\/2024\/02\/29\/solicitaron-7-anos-de-prision-por-abuso-para-elprofesor-de-equitacion\/#primaryimage","url":"https:\/\/apuntesdesanluis.com\/wp-content\/uploads\/2024\/02\/audiencia-6.png","contentUrl":"https:\/\/apuntesdesanluis.com\/wp-content\/uploads\/2024\/02\/audiencia-6.png","width":471,"height":265},{"@type":"BreadcrumbList","@id":"https:\/\/apuntesdesanluis.com\/index.php\/2024\/02\/29\/solicitaron-7-anos-de-prision-por-abuso-para-elprofesor-de-equitacion\/#breadcrumb","itemListElement":[{"@type":"ListItem","position":1,"name":"Inicio","item":"https:\/\/apuntesdesanluis.com\/"},{"@type":"ListItem","position":2,"name":"SOLICITARON 7 A\u00d1OS DE PRISI\u00d3N POR ABUSO PARA EL PROFESOR DE EQUITACI\u00d3N"}]},{"@type":"WebSite","@id":"https:\/\/apuntesdesanluis.com\/#website","url":"https:\/\/apuntesdesanluis.com\/","name":"Apuntes de San Luis","description":"","publisher":{"@id":"https:\/\/apuntesdesanluis.com\/#\/schema\/person\/b55151d52296fcce64d1a72538a70b90"},"potentialAction":[{"@type":"SearchAction","target":{"@type":"EntryPoint","urlTemplate":"https:\/\/apuntesdesanluis.com\/?s={search_term_string}"},"query-input":{"@type":"PropertyValueSpecification","valueRequired":true,"valueName":"search_term_string"}}],"inLanguage":"es-AR"},{"@type":["Person","Organization"],"@id":"https:\/\/apuntesdesanluis.com\/#\/schema\/person\/b55151d52296fcce64d1a72538a70b90","name":"apuntesdesanluis.com","image":{"@type":"ImageObject","inLanguage":"es-AR","@id":"https:\/\/apuntesdesanluis.com\/#\/schema\/person\/image\/","url":"https:\/\/apuntesdesanluis.com\/wp-content\/uploads\/2023\/07\/cropped-apuntesdesanluis.png","contentUrl":"https:\/\/apuntesdesanluis.com\/wp-content\/uploads\/2023\/07\/cropped-apuntesdesanluis.png","width":450,"height":112,"caption":"apuntesdesanluis.com"},"logo":{"@id":"https:\/\/apuntesdesanluis.com\/#\/schema\/person\/image\/"},"sameAs":["https:\/\/apuntesdesanluis.com"],"url":"https:\/\/apuntesdesanluis.com\/index.php\/author\/apuntesdesanluis-com\/"}]}},"featured_image_urls":{"full":["https:\/\/apuntesdesanluis.com\/wp-content\/uploads\/2024\/02\/audiencia-6.png",471,265,false],"thumbnail":["https:\/\/apuntesdesanluis.com\/wp-content\/uploads\/2024\/02\/audiencia-6-150x150.png",150,150,true],"medium":["https:\/\/apuntesdesanluis.com\/wp-content\/uploads\/2024\/02\/audiencia-6-300x169.png",300,169,true],"medium_large":["https:\/\/apuntesdesanluis.com\/wp-content\/uploads\/2024\/02\/audiencia-6.png",471,265,false],"large":["https:\/\/apuntesdesanluis.com\/wp-content\/uploads\/2024\/02\/audiencia-6.png",471,265,false],"1536x1536":["https:\/\/apuntesdesanluis.com\/wp-content\/uploads\/2024\/02\/audiencia-6.png",471,265,false],"2048x2048":["https:\/\/apuntesdesanluis.com\/wp-content\/uploads\/2024\/02\/audiencia-6.png",471,265,false],"newsever-slider-full":["https:\/\/apuntesdesanluis.com\/wp-content\/uploads\/2024\/02\/audiencia-6.png",471,265,false],"newsever-featured":["https:\/\/apuntesdesanluis.com\/wp-content\/uploads\/2024\/02\/audiencia-6.png",471,265,false],"newsever-medium":["https:\/\/apuntesdesanluis.com\/wp-content\/uploads\/2024\/02\/audiencia-6.png",471,265,false]},"author_info":{"display_name":"apuntesdesanluis.com","author_link":"https:\/\/apuntesdesanluis.com\/index.php\/author\/apuntesdesanluis-com\/"},"category_info":"<a href=\"https:\/\/apuntesdesanluis.com\/index.php\/category\/ciudad-provincia\/\" rel=\"category tag\">Ciudad\/Provincia<\/a>","tag_info":"Ciudad\/Provincia","comment_count":"0","_links":{"self":[{"href":"https:\/\/apuntesdesanluis.com\/index.php\/wp-json\/wp\/v2\/posts\/12533","targetHints":{"allow":["GET"]}}],"collection":[{"href":"https:\/\/apuntesdesanluis.com\/index.php\/wp-json\/wp\/v2\/posts"}],"about":[{"href":"https:\/\/apuntesdesanluis.com\/index.php\/wp-json\/wp\/v2\/types\/post"}],"author":[{"embeddable":true,"href":"https:\/\/apuntesdesanluis.com\/index.php\/wp-json\/wp\/v2\/users\/1"}],"replies":[{"embeddable":true,"href":"https:\/\/apuntesdesanluis.com\/index.php\/wp-json\/wp\/v2\/comments?post=12533"}],"version-history":[{"count":2,"href":"https:\/\/apuntesdesanluis.com\/index.php\/wp-json\/wp\/v2\/posts\/12533\/revisions"}],"predecessor-version":[{"id":12537,"href":"https:\/\/apuntesdesanluis.com\/index.php\/wp-json\/wp\/v2\/posts\/12533\/revisions\/12537"}],"wp:featuredmedia":[{"embeddable":true,"href":"https:\/\/apuntesdesanluis.com\/index.php\/wp-json\/wp\/v2\/media\/12534"}],"wp:attachment":[{"href":"https:\/\/apuntesdesanluis.com\/index.php\/wp-json\/wp\/v2\/media?parent=12533"}],"wp:term":[{"taxonomy":"category","embeddable":true,"href":"https:\/\/apuntesdesanluis.com\/index.php\/wp-json\/wp\/v2\/categories?post=12533"},{"taxonomy":"post_tag","embeddable":true,"href":"https:\/\/apuntesdesanluis.com\/index.php\/wp-json\/wp\/v2\/tags?post=12533"}],"curies":[{"name":"wp","href":"https:\/\/api.w.org\/{rel}","templated":true}]}}