{"id":12542,"date":"2024-02-29T22:50:10","date_gmt":"2024-03-01T01:50:10","guid":{"rendered":"https:\/\/apuntesdesanluis.com\/?p=12542"},"modified":"2024-02-29T22:50:36","modified_gmt":"2024-03-01T01:50:36","slug":"desmienten-que-vayan-a-desafectar-efectivos-policiales","status":"publish","type":"post","link":"https:\/\/apuntesdesanluis.com\/index.php\/2024\/02\/29\/desmienten-que-vayan-a-desafectar-efectivos-policiales\/","title":{"rendered":"DESMIENTEN QUE VAYAN A DESAFECTAR A M\u00c1S DE 2.000 EFECTIVOS POLICIALES"},"content":{"rendered":"<h3>Ante versiones que circularon en redes sociales, la ministra de Seguridad de la provincia <strong>Nancy Sosa<\/strong>, asegur\u00f3 la continuidad de todo el personal de la fuerza.<\/h3>\n<h3>Sin ofrecer pruebas, un periodista hab\u00eda lanzado una temeraria informaci\u00f3n, asegurando que 2.080 polic\u00edas de San Luis iban a quedar afuera de la fuerza en el mes de mayo.<\/h3>\n<h3>Nancy Sosa acompa\u00f1ada de funcionarios de la cartera lo neg\u00f3, en declaraciones formuladas este jueves por la ma\u00f1ana, acompa\u00f1ada por integrantes del <strong>Concejo Deliberante de Villa Mercedes<\/strong>.<\/h3>\n<p><img fetchpriority=\"high\" decoding=\"async\" class=\"wp-image-12544 aligncenter\" src=\"https:\/\/apuntesdesanluis.com\/wp-content\/uploads\/2024\/02\/concejales-1-300x179.jpg\" alt=\"\" width=\"613\" height=\"366\" srcset=\"https:\/\/apuntesdesanluis.com\/wp-content\/uploads\/2024\/02\/concejales-1-300x179.jpg 300w, https:\/\/apuntesdesanluis.com\/wp-content\/uploads\/2024\/02\/concejales-1.jpg 600w\" sizes=\"(max-width: 613px) 100vw, 613px\" \/><\/p>\n<h3>El encuentro llevado a cabo en el edificio legislativo estuvo encabezado por la Vice Intendenta<strong> Silvina Galetto<\/strong>, acompa\u00f1ada por las concejalas Lucia Lacerda Traversi, Gabriela L\u00f3pez, Cecilia Lucero, Virginia Lucero, Karina Maranguello, Claudia Miranda, Marianela Oviedo, Margarita Villegas y los\u00a0 Concejales Miguel Arce, Luciano Dave, Andr\u00e9s Forgione, Roberto Mones Ruiz y Lucas Sapino.<\/h3>\n<h3>Durante el encuentro la Ministra recepcion\u00f3\u00a0 todas\u00a0 las sugerencias y preocupaciones\u00a0 transmitidas por los ediles.<\/h3>\n<h3>La funcionaria provincial expres\u00f3 cu\u00e1les ser\u00e1n\u00a0 los\u00a0 lineamientos en pol\u00edtica de seguridad, focalizados en\u00a0\u00a0 la ciudad Villa Mercedes y ambos estamentos se comprometieron a colaborar a los fines de darle una pronta resoluci\u00f3n\u00a0 a los pedidos de la comunidad villamercedina.<\/h3>\n<p><img decoding=\"async\" class=\"wp-image-12545 aligncenter\" src=\"https:\/\/apuntesdesanluis.com\/wp-content\/uploads\/2024\/02\/nancy-sosa-con-cecilia-300x200.jpg\" alt=\"\" width=\"620\" height=\"413\" srcset=\"https:\/\/apuntesdesanluis.com\/wp-content\/uploads\/2024\/02\/nancy-sosa-con-cecilia-300x200.jpg 300w, https:\/\/apuntesdesanluis.com\/wp-content\/uploads\/2024\/02\/nancy-sosa-con-cecilia.jpg 600w\" sizes=\"(max-width: 620px) 100vw, 620px\" \/><\/p>\n<h3>Consultada la ministra de Seguridad en torno de la versi\u00f3n period\u00edstica sobre la supuesta baja de m\u00e1s de 2 mil efectivos policiales, lo desminti\u00f3 en forma rotunda: <strong>\u201cTodo el personal policial tiene estabilidad. Nadie va a quedar afuera. El ingreso se da con un contrato y despu\u00e9s pasan a planta permanente, venimos as\u00ed hace 25 a\u00f1os\u201d<\/strong>, enfatiz\u00f3 en la conferencia de prensa convocada luego de la reuni\u00f3n con concejales de todos los bloques.<\/h3>\n<p>&nbsp;<\/p>\n<p>&nbsp;<\/p>\n<p>&nbsp;<\/p>\n<p>&nbsp;<\/p>\n<p>&nbsp;<\/p>\n<p>&nbsp;<\/p>\n<p>&nbsp;<\/p>\n","protected":false},"excerpt":{"rendered":"<p>Ante versiones que circularon en redes sociales, la ministra de Seguridad de la provincia Nancy&#8230;<\/p>\n","protected":false},"author":1,"featured_media":12543,"comment_status":"closed","ping_status":"closed","sticky":false,"template":"","format":"standard","meta":{"footnotes":""},"categories":[6],"tags":[],"class_list":["post-12542","post","type-post","status-publish","format-standard","has-post-thumbnail","hentry","category-ciudad-provincia"],"yoast_head":"<!-- This site is optimized with the Yoast SEO plugin v26.1.1 - https:\/\/yoast.com\/wordpress\/plugins\/seo\/ -->\n<title>DESMIENTEN QUE VAYAN A DESAFECTAR A M\u00c1S DE 2.000 EFECTIVOS POLICIALES - Apuntes de San Luis<\/title>\n<meta name=\"robots\" content=\"index, follow, max-snippet:-1, max-image-preview:large, max-video-preview:-1\" \/>\n<link rel=\"canonical\" href=\"https:\/\/apuntesdesanluis.com\/index.php\/2024\/02\/29\/desmienten-que-vayan-a-desafectar-efectivos-policiales\/\" \/>\n<meta property=\"og:locale\" content=\"es_ES\" \/>\n<meta property=\"og:type\" content=\"article\" \/>\n<meta property=\"og:title\" content=\"DESMIENTEN QUE VAYAN A DESAFECTAR A M\u00c1S DE 2.000 EFECTIVOS POLICIALES - Apuntes de San Luis\" \/>\n<meta property=\"og:description\" content=\"Ante versiones que circularon en redes sociales, la ministra de Seguridad de la provincia Nancy...\" \/>\n<meta property=\"og:url\" content=\"https:\/\/apuntesdesanluis.com\/index.php\/2024\/02\/29\/desmienten-que-vayan-a-desafectar-efectivos-policiales\/\" \/>\n<meta property=\"og:site_name\" content=\"Apuntes de San Luis\" \/>\n<meta property=\"article:published_time\" content=\"2024-03-01T01:50:10+00:00\" \/>\n<meta property=\"article:modified_time\" content=\"2024-03-01T01:50:36+00:00\" \/>\n<meta property=\"og:image\" content=\"https:\/\/apuntesdesanluis.com\/wp-content\/uploads\/2024\/02\/ministra-nancy-sosa.png\" \/>\n\t<meta property=\"og:image:width\" content=\"712\" \/>\n\t<meta property=\"og:image:height\" content=\"413\" \/>\n\t<meta property=\"og:image:type\" content=\"image\/png\" \/>\n<meta name=\"author\" content=\"apuntesdesanluis.com\" \/>\n<meta name=\"twitter:card\" content=\"summary_large_image\" \/>\n<meta name=\"twitter:label1\" content=\"Escrito por\" \/>\n\t<meta name=\"twitter:data1\" content=\"apuntesdesanluis.com\" \/>\n\t<meta name=\"twitter:label2\" content=\"Tiempo de lectura\" \/>\n\t<meta name=\"twitter:data2\" content=\"2 minutos\" \/>\n<script type=\"application\/ld+json\" class=\"yoast-schema-graph\">{\"@context\":\"https:\/\/schema.org\",\"@graph\":[{\"@type\":\"Article\",\"@id\":\"https:\/\/apuntesdesanluis.com\/index.php\/2024\/02\/29\/desmienten-que-vayan-a-desafectar-efectivos-policiales\/#article\",\"isPartOf\":{\"@id\":\"https:\/\/apuntesdesanluis.com\/index.php\/2024\/02\/29\/desmienten-que-vayan-a-desafectar-efectivos-policiales\/\"},\"author\":{\"name\":\"apuntesdesanluis.com\",\"@id\":\"https:\/\/apuntesdesanluis.com\/#\/schema\/person\/b55151d52296fcce64d1a72538a70b90\"},\"headline\":\"DESMIENTEN QUE VAYAN A DESAFECTAR A M\u00c1S DE 2.000 EFECTIVOS POLICIALES\",\"datePublished\":\"2024-03-01T01:50:10+00:00\",\"dateModified\":\"2024-03-01T01:50:36+00:00\",\"mainEntityOfPage\":{\"@id\":\"https:\/\/apuntesdesanluis.com\/index.php\/2024\/02\/29\/desmienten-que-vayan-a-desafectar-efectivos-policiales\/\"},\"wordCount\":297,\"publisher\":{\"@id\":\"https:\/\/apuntesdesanluis.com\/#\/schema\/person\/b55151d52296fcce64d1a72538a70b90\"},\"image\":{\"@id\":\"https:\/\/apuntesdesanluis.com\/index.php\/2024\/02\/29\/desmienten-que-vayan-a-desafectar-efectivos-policiales\/#primaryimage\"},\"thumbnailUrl\":\"https:\/\/apuntesdesanluis.com\/wp-content\/uploads\/2024\/02\/ministra-nancy-sosa.png\",\"articleSection\":[\"Ciudad\/Provincia\"],\"inLanguage\":\"es-AR\"},{\"@type\":\"WebPage\",\"@id\":\"https:\/\/apuntesdesanluis.com\/index.php\/2024\/02\/29\/desmienten-que-vayan-a-desafectar-efectivos-policiales\/\",\"url\":\"https:\/\/apuntesdesanluis.com\/index.php\/2024\/02\/29\/desmienten-que-vayan-a-desafectar-efectivos-policiales\/\",\"name\":\"DESMIENTEN QUE VAYAN A DESAFECTAR A M\u00c1S DE 2.000 EFECTIVOS POLICIALES - Apuntes de San Luis\",\"isPartOf\":{\"@id\":\"https:\/\/apuntesdesanluis.com\/#website\"},\"primaryImageOfPage\":{\"@id\":\"https:\/\/apuntesdesanluis.com\/index.php\/2024\/02\/29\/desmienten-que-vayan-a-desafectar-efectivos-policiales\/#primaryimage\"},\"image\":{\"@id\":\"https:\/\/apuntesdesanluis.com\/index.php\/2024\/02\/29\/desmienten-que-vayan-a-desafectar-efectivos-policiales\/#primaryimage\"},\"thumbnailUrl\":\"https:\/\/apuntesdesanluis.com\/wp-content\/uploads\/2024\/02\/ministra-nancy-sosa.png\",\"datePublished\":\"2024-03-01T01:50:10+00:00\",\"dateModified\":\"2024-03-01T01:50:36+00:00\",\"breadcrumb\":{\"@id\":\"https:\/\/apuntesdesanluis.com\/index.php\/2024\/02\/29\/desmienten-que-vayan-a-desafectar-efectivos-policiales\/#breadcrumb\"},\"inLanguage\":\"es-AR\",\"potentialAction\":[{\"@type\":\"ReadAction\",\"target\":[\"https:\/\/apuntesdesanluis.com\/index.php\/2024\/02\/29\/desmienten-que-vayan-a-desafectar-efectivos-policiales\/\"]}]},{\"@type\":\"ImageObject\",\"inLanguage\":\"es-AR\",\"@id\":\"https:\/\/apuntesdesanluis.com\/index.php\/2024\/02\/29\/desmienten-que-vayan-a-desafectar-efectivos-policiales\/#primaryimage\",\"url\":\"https:\/\/apuntesdesanluis.com\/wp-content\/uploads\/2024\/02\/ministra-nancy-sosa.png\",\"contentUrl\":\"https:\/\/apuntesdesanluis.com\/wp-content\/uploads\/2024\/02\/ministra-nancy-sosa.png\",\"width\":712,\"height\":413},{\"@type\":\"BreadcrumbList\",\"@id\":\"https:\/\/apuntesdesanluis.com\/index.php\/2024\/02\/29\/desmienten-que-vayan-a-desafectar-efectivos-policiales\/#breadcrumb\",\"itemListElement\":[{\"@type\":\"ListItem\",\"position\":1,\"name\":\"Inicio\",\"item\":\"https:\/\/apuntesdesanluis.com\/\"},{\"@type\":\"ListItem\",\"position\":2,\"name\":\"DESMIENTEN QUE VAYAN A DESAFECTAR A M\u00c1S DE 2.000 EFECTIVOS POLICIALES\"}]},{\"@type\":\"WebSite\",\"@id\":\"https:\/\/apuntesdesanluis.com\/#website\",\"url\":\"https:\/\/apuntesdesanluis.com\/\",\"name\":\"Apuntes de San Luis\",\"description\":\"\",\"publisher\":{\"@id\":\"https:\/\/apuntesdesanluis.com\/#\/schema\/person\/b55151d52296fcce64d1a72538a70b90\"},\"potentialAction\":[{\"@type\":\"SearchAction\",\"target\":{\"@type\":\"EntryPoint\",\"urlTemplate\":\"https:\/\/apuntesdesanluis.com\/?s={search_term_string}\"},\"query-input\":{\"@type\":\"PropertyValueSpecification\",\"valueRequired\":true,\"valueName\":\"search_term_string\"}}],\"inLanguage\":\"es-AR\"},{\"@type\":[\"Person\",\"Organization\"],\"@id\":\"https:\/\/apuntesdesanluis.com\/#\/schema\/person\/b55151d52296fcce64d1a72538a70b90\",\"name\":\"apuntesdesanluis.com\",\"image\":{\"@type\":\"ImageObject\",\"inLanguage\":\"es-AR\",\"@id\":\"https:\/\/apuntesdesanluis.com\/#\/schema\/person\/image\/\",\"url\":\"https:\/\/apuntesdesanluis.com\/wp-content\/uploads\/2023\/07\/cropped-apuntesdesanluis.png\",\"contentUrl\":\"https:\/\/apuntesdesanluis.com\/wp-content\/uploads\/2023\/07\/cropped-apuntesdesanluis.png\",\"width\":450,\"height\":112,\"caption\":\"apuntesdesanluis.com\"},\"logo\":{\"@id\":\"https:\/\/apuntesdesanluis.com\/#\/schema\/person\/image\/\"},\"sameAs\":[\"https:\/\/apuntesdesanluis.com\"],\"url\":\"https:\/\/apuntesdesanluis.com\/index.php\/author\/apuntesdesanluis-com\/\"}]}<\/script>\n<!-- \/ Yoast SEO plugin. -->","yoast_head_json":{"title":"DESMIENTEN QUE VAYAN A DESAFECTAR A M\u00c1S DE 2.000 EFECTIVOS POLICIALES - Apuntes de San Luis","robots":{"index":"index","follow":"follow","max-snippet":"max-snippet:-1","max-image-preview":"max-image-preview:large","max-video-preview":"max-video-preview:-1"},"canonical":"https:\/\/apuntesdesanluis.com\/index.php\/2024\/02\/29\/desmienten-que-vayan-a-desafectar-efectivos-policiales\/","og_locale":"es_ES","og_type":"article","og_title":"DESMIENTEN QUE VAYAN A DESAFECTAR A M\u00c1S DE 2.000 EFECTIVOS POLICIALES - Apuntes de San Luis","og_description":"Ante versiones que circularon en redes sociales, la ministra de Seguridad de la provincia Nancy...","og_url":"https:\/\/apuntesdesanluis.com\/index.php\/2024\/02\/29\/desmienten-que-vayan-a-desafectar-efectivos-policiales\/","og_site_name":"Apuntes de San Luis","article_published_time":"2024-03-01T01:50:10+00:00","article_modified_time":"2024-03-01T01:50:36+00:00","og_image":[{"width":712,"height":413,"url":"https:\/\/apuntesdesanluis.com\/wp-content\/uploads\/2024\/02\/ministra-nancy-sosa.png","type":"image\/png"}],"author":"apuntesdesanluis.com","twitter_card":"summary_large_image","twitter_misc":{"Escrito por":"apuntesdesanluis.com","Tiempo de lectura":"2 minutos"},"schema":{"@context":"https:\/\/schema.org","@graph":[{"@type":"Article","@id":"https:\/\/apuntesdesanluis.com\/index.php\/2024\/02\/29\/desmienten-que-vayan-a-desafectar-efectivos-policiales\/#article","isPartOf":{"@id":"https:\/\/apuntesdesanluis.com\/index.php\/2024\/02\/29\/desmienten-que-vayan-a-desafectar-efectivos-policiales\/"},"author":{"name":"apuntesdesanluis.com","@id":"https:\/\/apuntesdesanluis.com\/#\/schema\/person\/b55151d52296fcce64d1a72538a70b90"},"headline":"DESMIENTEN QUE VAYAN A DESAFECTAR A M\u00c1S DE 2.000 EFECTIVOS POLICIALES","datePublished":"2024-03-01T01:50:10+00:00","dateModified":"2024-03-01T01:50:36+00:00","mainEntityOfPage":{"@id":"https:\/\/apuntesdesanluis.com\/index.php\/2024\/02\/29\/desmienten-que-vayan-a-desafectar-efectivos-policiales\/"},"wordCount":297,"publisher":{"@id":"https:\/\/apuntesdesanluis.com\/#\/schema\/person\/b55151d52296fcce64d1a72538a70b90"},"image":{"@id":"https:\/\/apuntesdesanluis.com\/index.php\/2024\/02\/29\/desmienten-que-vayan-a-desafectar-efectivos-policiales\/#primaryimage"},"thumbnailUrl":"https:\/\/apuntesdesanluis.com\/wp-content\/uploads\/2024\/02\/ministra-nancy-sosa.png","articleSection":["Ciudad\/Provincia"],"inLanguage":"es-AR"},{"@type":"WebPage","@id":"https:\/\/apuntesdesanluis.com\/index.php\/2024\/02\/29\/desmienten-que-vayan-a-desafectar-efectivos-policiales\/","url":"https:\/\/apuntesdesanluis.com\/index.php\/2024\/02\/29\/desmienten-que-vayan-a-desafectar-efectivos-policiales\/","name":"DESMIENTEN QUE VAYAN A DESAFECTAR A M\u00c1S DE 2.000 EFECTIVOS POLICIALES - Apuntes de San Luis","isPartOf":{"@id":"https:\/\/apuntesdesanluis.com\/#website"},"primaryImageOfPage":{"@id":"https:\/\/apuntesdesanluis.com\/index.php\/2024\/02\/29\/desmienten-que-vayan-a-desafectar-efectivos-policiales\/#primaryimage"},"image":{"@id":"https:\/\/apuntesdesanluis.com\/index.php\/2024\/02\/29\/desmienten-que-vayan-a-desafectar-efectivos-policiales\/#primaryimage"},"thumbnailUrl":"https:\/\/apuntesdesanluis.com\/wp-content\/uploads\/2024\/02\/ministra-nancy-sosa.png","datePublished":"2024-03-01T01:50:10+00:00","dateModified":"2024-03-01T01:50:36+00:00","breadcrumb":{"@id":"https:\/\/apuntesdesanluis.com\/index.php\/2024\/02\/29\/desmienten-que-vayan-a-desafectar-efectivos-policiales\/#breadcrumb"},"inLanguage":"es-AR","potentialAction":[{"@type":"ReadAction","target":["https:\/\/apuntesdesanluis.com\/index.php\/2024\/02\/29\/desmienten-que-vayan-a-desafectar-efectivos-policiales\/"]}]},{"@type":"ImageObject","inLanguage":"es-AR","@id":"https:\/\/apuntesdesanluis.com\/index.php\/2024\/02\/29\/desmienten-que-vayan-a-desafectar-efectivos-policiales\/#primaryimage","url":"https:\/\/apuntesdesanluis.com\/wp-content\/uploads\/2024\/02\/ministra-nancy-sosa.png","contentUrl":"https:\/\/apuntesdesanluis.com\/wp-content\/uploads\/2024\/02\/ministra-nancy-sosa.png","width":712,"height":413},{"@type":"BreadcrumbList","@id":"https:\/\/apuntesdesanluis.com\/index.php\/2024\/02\/29\/desmienten-que-vayan-a-desafectar-efectivos-policiales\/#breadcrumb","itemListElement":[{"@type":"ListItem","position":1,"name":"Inicio","item":"https:\/\/apuntesdesanluis.com\/"},{"@type":"ListItem","position":2,"name":"DESMIENTEN QUE VAYAN A DESAFECTAR A M\u00c1S DE 2.000 EFECTIVOS POLICIALES"}]},{"@type":"WebSite","@id":"https:\/\/apuntesdesanluis.com\/#website","url":"https:\/\/apuntesdesanluis.com\/","name":"Apuntes de San Luis","description":"","publisher":{"@id":"https:\/\/apuntesdesanluis.com\/#\/schema\/person\/b55151d52296fcce64d1a72538a70b90"},"potentialAction":[{"@type":"SearchAction","target":{"@type":"EntryPoint","urlTemplate":"https:\/\/apuntesdesanluis.com\/?s={search_term_string}"},"query-input":{"@type":"PropertyValueSpecification","valueRequired":true,"valueName":"search_term_string"}}],"inLanguage":"es-AR"},{"@type":["Person","Organization"],"@id":"https:\/\/apuntesdesanluis.com\/#\/schema\/person\/b55151d52296fcce64d1a72538a70b90","name":"apuntesdesanluis.com","image":{"@type":"ImageObject","inLanguage":"es-AR","@id":"https:\/\/apuntesdesanluis.com\/#\/schema\/person\/image\/","url":"https:\/\/apuntesdesanluis.com\/wp-content\/uploads\/2023\/07\/cropped-apuntesdesanluis.png","contentUrl":"https:\/\/apuntesdesanluis.com\/wp-content\/uploads\/2023\/07\/cropped-apuntesdesanluis.png","width":450,"height":112,"caption":"apuntesdesanluis.com"},"logo":{"@id":"https:\/\/apuntesdesanluis.com\/#\/schema\/person\/image\/"},"sameAs":["https:\/\/apuntesdesanluis.com"],"url":"https:\/\/apuntesdesanluis.com\/index.php\/author\/apuntesdesanluis-com\/"}]}},"featured_image_urls":{"full":["https:\/\/apuntesdesanluis.com\/wp-content\/uploads\/2024\/02\/ministra-nancy-sosa.png",712,413,false],"thumbnail":["https:\/\/apuntesdesanluis.com\/wp-content\/uploads\/2024\/02\/ministra-nancy-sosa-150x150.png",150,150,true],"medium":["https:\/\/apuntesdesanluis.com\/wp-content\/uploads\/2024\/02\/ministra-nancy-sosa-300x174.png",300,174,true],"medium_large":["https:\/\/apuntesdesanluis.com\/wp-content\/uploads\/2024\/02\/ministra-nancy-sosa.png",640,371,false],"large":["https:\/\/apuntesdesanluis.com\/wp-content\/uploads\/2024\/02\/ministra-nancy-sosa.png",640,371,false],"1536x1536":["https:\/\/apuntesdesanluis.com\/wp-content\/uploads\/2024\/02\/ministra-nancy-sosa.png",712,413,false],"2048x2048":["https:\/\/apuntesdesanluis.com\/wp-content\/uploads\/2024\/02\/ministra-nancy-sosa.png",712,413,false],"newsever-slider-full":["https:\/\/apuntesdesanluis.com\/wp-content\/uploads\/2024\/02\/ministra-nancy-sosa.png",712,413,false],"newsever-featured":["https:\/\/apuntesdesanluis.com\/wp-content\/uploads\/2024\/02\/ministra-nancy-sosa.png",712,413,false],"newsever-medium":["https:\/\/apuntesdesanluis.com\/wp-content\/uploads\/2024\/02\/ministra-nancy-sosa.png",712,413,false]},"author_info":{"display_name":"apuntesdesanluis.com","author_link":"https:\/\/apuntesdesanluis.com\/index.php\/author\/apuntesdesanluis-com\/"},"category_info":"<a href=\"https:\/\/apuntesdesanluis.com\/index.php\/category\/ciudad-provincia\/\" rel=\"category tag\">Ciudad\/Provincia<\/a>","tag_info":"Ciudad\/Provincia","comment_count":"0","_links":{"self":[{"href":"https:\/\/apuntesdesanluis.com\/index.php\/wp-json\/wp\/v2\/posts\/12542","targetHints":{"allow":["GET"]}}],"collection":[{"href":"https:\/\/apuntesdesanluis.com\/index.php\/wp-json\/wp\/v2\/posts"}],"about":[{"href":"https:\/\/apuntesdesanluis.com\/index.php\/wp-json\/wp\/v2\/types\/post"}],"author":[{"embeddable":true,"href":"https:\/\/apuntesdesanluis.com\/index.php\/wp-json\/wp\/v2\/users\/1"}],"replies":[{"embeddable":true,"href":"https:\/\/apuntesdesanluis.com\/index.php\/wp-json\/wp\/v2\/comments?post=12542"}],"version-history":[{"count":2,"href":"https:\/\/apuntesdesanluis.com\/index.php\/wp-json\/wp\/v2\/posts\/12542\/revisions"}],"predecessor-version":[{"id":12547,"href":"https:\/\/apuntesdesanluis.com\/index.php\/wp-json\/wp\/v2\/posts\/12542\/revisions\/12547"}],"wp:featuredmedia":[{"embeddable":true,"href":"https:\/\/apuntesdesanluis.com\/index.php\/wp-json\/wp\/v2\/media\/12543"}],"wp:attachment":[{"href":"https:\/\/apuntesdesanluis.com\/index.php\/wp-json\/wp\/v2\/media?parent=12542"}],"wp:term":[{"taxonomy":"category","embeddable":true,"href":"https:\/\/apuntesdesanluis.com\/index.php\/wp-json\/wp\/v2\/categories?post=12542"},{"taxonomy":"post_tag","embeddable":true,"href":"https:\/\/apuntesdesanluis.com\/index.php\/wp-json\/wp\/v2\/tags?post=12542"}],"curies":[{"name":"wp","href":"https:\/\/api.w.org\/{rel}","templated":true}]}}