{"id":12548,"date":"2024-03-01T00:21:06","date_gmt":"2024-03-01T03:21:06","guid":{"rendered":"https:\/\/apuntesdesanluis.com\/?p=12548"},"modified":"2024-03-01T00:56:41","modified_gmt":"2024-03-01T03:56:41","slug":"fallecio-pedrito-el-caniche-que-balearon-en-barrio-los-caldenes","status":"publish","type":"post","link":"https:\/\/apuntesdesanluis.com\/index.php\/2024\/03\/01\/fallecio-pedrito-el-caniche-que-balearon-en-barrio-los-caldenes\/","title":{"rendered":"FALLECI\u00d3 PEDRITO, EL CANICHE QUE BALEARON EN BARRIO LOS CALDENES"},"content":{"rendered":"<h3>La noticia conocida hoy fue el triste desenlace de lo ocurrido el mi\u00e9rcoles \u00faltimo, cuando un desequilibrado dispar\u00f3 contra el peque\u00f1o can con su rifle de aire comprimido, en el exclusivo barrio Los Caldenes Club de Campo.<\/h3>\n<h3>El hecho se viraliz\u00f3 en redes sociales y cosech\u00f3 el repudio generalizado.<\/h3>\n<h3>La due\u00f1a del animal, <strong>Estela Lazzari<\/strong>, trabaja en tribunales y apenas volvi\u00f3 a su casa, junto con su pareja, se encontr\u00f3 con la terrible novedad de descubrir su mascota gravemente herida.<\/h3>\n<h3><img fetchpriority=\"high\" decoding=\"async\" class=\"wp-image-12549 aligncenter\" src=\"https:\/\/apuntesdesanluis.com\/wp-content\/uploads\/2024\/03\/pedrito-herido-266x300.png\" alt=\"\" width=\"508\" height=\"573\" srcset=\"https:\/\/apuntesdesanluis.com\/wp-content\/uploads\/2024\/03\/pedrito-herido-266x300.png 266w, https:\/\/apuntesdesanluis.com\/wp-content\/uploads\/2024\/03\/pedrito-herido.png 515w\" sizes=\"(max-width: 508px) 100vw, 508px\" \/><\/h3>\n<h3>\u201c\u00c9l es PEDRITO, quien lo conoce sabe que es lo m\u00e1s cari\u00f1oso y tierno, lo adoptamos hace 6 a\u00f1os. El d\u00eda mi\u00e9rcoles en horas de ma\u00f1ana fue baleado en el Barrio de Caldenes Club de Campo, otro hecho de inseguridad! Pedrito est\u00e1 luchando por su vida ya que la bala entr\u00f3 en su abdomen obstruyendo su h\u00edgado, (a) quien lo hizo le digo nadie se va de este mundo sin saldar. Les invito a que me ayuden a repudiar todo hecho de VIOLENCIA ANIMAL\u201d, public\u00f3 indignada.<\/h3>\n<h3><img decoding=\"async\" class=\"wp-image-12550 aligncenter\" src=\"https:\/\/apuntesdesanluis.com\/wp-content\/uploads\/2024\/03\/radiografia-267x300.jpg\" alt=\"\" width=\"507\" height=\"570\" srcset=\"https:\/\/apuntesdesanluis.com\/wp-content\/uploads\/2024\/03\/radiografia-267x300.jpg 267w, https:\/\/apuntesdesanluis.com\/wp-content\/uploads\/2024\/03\/radiografia.jpg 505w\" sizes=\"(max-width: 507px) 100vw, 507px\" \/><\/h3>\n<h3>Con el paso de las horas su bronca y tristeza sigui\u00f3 creciendo, a la par que se agravaba el estado de su perro, por lo que nuevamente eligi\u00f3 hacer catarsis p\u00fablicamente:<\/h3>\n<h3>\u201c\u2026Vivimos en este barrio hace 3 a\u00f1os, al 98 por ciento no les conozco, encontr\u00e9 personas bell\u00edsimas pero quiero decirle al HDRP que hace unos d\u00edas le tir\u00f3 un bal\u00edn a Pedrito que est\u00e1 luchando por su vida y como creo en el karma, todo regresa. Les aseguro que s\u00e9 que en este barrio hay personas que no son emp\u00e1ticas con los animales pero un caniche que no molesta a nadie, realmente ten\u00e9s que ser muy cabr\u00f3n. Para quienes se pregunten porqu\u00e9 estaba afuera, mi esposo y yo trabajamos toda la ma\u00f1ana y se le sali\u00f3 a la empleada. Les deseo buenas tardes y les invito a tener m\u00e1s empat\u00eda con los animales. Yo levanto la\u00a0 basura cada dos d\u00edas que los perros grandes sueltos tiran de mi basurero, pero jam\u00e1s le pegar\u00eda a un animal. Realmente les invito a reflexionar, para los que amamos a los perros son nuestra familia y los 12 o 14 a\u00f1os que viven junto a nosotros ellos nos dan los mejor. Que tengan buenas tardes\u201d.<\/h3>\n<h3>Este jueves en horas de la tarde se confirm\u00f3 que la mascota hab\u00eda fallecido. Hasta donde se sabe hay una denuncia policial y una investigaci\u00f3n en curso, para intentar descubrir al inconsciente que dispar\u00f3 y provoc\u00f3 la muerte del animalito.<\/h3>\n<h3>Un hecho que alter\u00f3 la rutina de este exclusivo barrio con seguridad privada, que se promociona como \u201cun espacio natural para una vida diferente\u2026\u201d, en el extremo este del boulevard Jorge Newbery.<\/h3>\n<p><img decoding=\"async\" class=\"wp-image-12551 aligncenter\" src=\"https:\/\/apuntesdesanluis.com\/wp-content\/uploads\/2024\/03\/barrio-300x155.png\" alt=\"\" width=\"685\" height=\"354\" srcset=\"https:\/\/apuntesdesanluis.com\/wp-content\/uploads\/2024\/03\/barrio-300x155.png 300w, https:\/\/apuntesdesanluis.com\/wp-content\/uploads\/2024\/03\/barrio-1024x530.png 1024w, https:\/\/apuntesdesanluis.com\/wp-content\/uploads\/2024\/03\/barrio-768x398.png 768w, https:\/\/apuntesdesanluis.com\/wp-content\/uploads\/2024\/03\/barrio.png 1120w\" sizes=\"(max-width: 685px) 100vw, 685px\" \/><\/p>\n<p>&nbsp;<\/p>\n<p>&nbsp;<\/p>\n<p>&nbsp;<\/p>\n<p>&nbsp;<\/p>\n<p>&nbsp;<\/p>\n","protected":false},"excerpt":{"rendered":"<p>La noticia conocida hoy fue el triste desenlace de lo ocurrido el mi\u00e9rcoles \u00faltimo, cuando&#8230;<\/p>\n","protected":false},"author":1,"featured_media":12552,"comment_status":"closed","ping_status":"closed","sticky":false,"template":"","format":"standard","meta":{"footnotes":""},"categories":[6],"tags":[],"class_list":["post-12548","post","type-post","status-publish","format-standard","has-post-thumbnail","hentry","category-ciudad-provincia"],"yoast_head":"<!-- This site is optimized with the Yoast SEO plugin v26.1.1 - https:\/\/yoast.com\/wordpress\/plugins\/seo\/ -->\n<title>FALLECI\u00d3 PEDRITO, EL CANICHE QUE BALEARON EN BARRIO LOS CALDENES - Apuntes de San Luis<\/title>\n<meta name=\"robots\" content=\"index, follow, max-snippet:-1, max-image-preview:large, max-video-preview:-1\" \/>\n<link rel=\"canonical\" href=\"https:\/\/apuntesdesanluis.com\/index.php\/2024\/03\/01\/fallecio-pedrito-el-caniche-que-balearon-en-barrio-los-caldenes\/\" \/>\n<meta property=\"og:locale\" content=\"es_ES\" \/>\n<meta property=\"og:type\" content=\"article\" \/>\n<meta property=\"og:title\" content=\"FALLECI\u00d3 PEDRITO, EL CANICHE QUE BALEARON EN BARRIO LOS CALDENES - Apuntes de San Luis\" \/>\n<meta property=\"og:description\" content=\"La noticia conocida hoy fue el triste desenlace de lo ocurrido el mi\u00e9rcoles \u00faltimo, cuando...\" \/>\n<meta property=\"og:url\" content=\"https:\/\/apuntesdesanluis.com\/index.php\/2024\/03\/01\/fallecio-pedrito-el-caniche-que-balearon-en-barrio-los-caldenes\/\" \/>\n<meta property=\"og:site_name\" content=\"Apuntes de San Luis\" \/>\n<meta property=\"article:published_time\" content=\"2024-03-01T03:21:06+00:00\" \/>\n<meta property=\"article:modified_time\" content=\"2024-03-01T03:56:41+00:00\" \/>\n<meta property=\"og:image\" content=\"https:\/\/apuntesdesanluis.com\/wp-content\/uploads\/2024\/03\/estela-y-pedrito.png\" \/>\n\t<meta property=\"og:image:width\" content=\"578\" \/>\n\t<meta property=\"og:image:height\" content=\"350\" \/>\n\t<meta property=\"og:image:type\" content=\"image\/png\" \/>\n<meta name=\"author\" content=\"apuntesdesanluis.com\" \/>\n<meta name=\"twitter:card\" content=\"summary_large_image\" \/>\n<meta name=\"twitter:label1\" content=\"Escrito por\" \/>\n\t<meta name=\"twitter:data1\" content=\"apuntesdesanluis.com\" \/>\n\t<meta name=\"twitter:label2\" content=\"Tiempo de lectura\" \/>\n\t<meta name=\"twitter:data2\" content=\"3 minutos\" \/>\n<script type=\"application\/ld+json\" class=\"yoast-schema-graph\">{\"@context\":\"https:\/\/schema.org\",\"@graph\":[{\"@type\":\"Article\",\"@id\":\"https:\/\/apuntesdesanluis.com\/index.php\/2024\/03\/01\/fallecio-pedrito-el-caniche-que-balearon-en-barrio-los-caldenes\/#article\",\"isPartOf\":{\"@id\":\"https:\/\/apuntesdesanluis.com\/index.php\/2024\/03\/01\/fallecio-pedrito-el-caniche-que-balearon-en-barrio-los-caldenes\/\"},\"author\":{\"name\":\"apuntesdesanluis.com\",\"@id\":\"https:\/\/apuntesdesanluis.com\/#\/schema\/person\/b55151d52296fcce64d1a72538a70b90\"},\"headline\":\"FALLECI\u00d3 PEDRITO, EL CANICHE QUE BALEARON EN BARRIO LOS CALDENES\",\"datePublished\":\"2024-03-01T03:21:06+00:00\",\"dateModified\":\"2024-03-01T03:56:41+00:00\",\"mainEntityOfPage\":{\"@id\":\"https:\/\/apuntesdesanluis.com\/index.php\/2024\/03\/01\/fallecio-pedrito-el-caniche-que-balearon-en-barrio-los-caldenes\/\"},\"wordCount\":477,\"publisher\":{\"@id\":\"https:\/\/apuntesdesanluis.com\/#\/schema\/person\/b55151d52296fcce64d1a72538a70b90\"},\"image\":{\"@id\":\"https:\/\/apuntesdesanluis.com\/index.php\/2024\/03\/01\/fallecio-pedrito-el-caniche-que-balearon-en-barrio-los-caldenes\/#primaryimage\"},\"thumbnailUrl\":\"https:\/\/apuntesdesanluis.com\/wp-content\/uploads\/2024\/03\/estela-y-pedrito.png\",\"articleSection\":[\"Ciudad\/Provincia\"],\"inLanguage\":\"es-AR\"},{\"@type\":\"WebPage\",\"@id\":\"https:\/\/apuntesdesanluis.com\/index.php\/2024\/03\/01\/fallecio-pedrito-el-caniche-que-balearon-en-barrio-los-caldenes\/\",\"url\":\"https:\/\/apuntesdesanluis.com\/index.php\/2024\/03\/01\/fallecio-pedrito-el-caniche-que-balearon-en-barrio-los-caldenes\/\",\"name\":\"FALLECI\u00d3 PEDRITO, EL CANICHE QUE BALEARON EN BARRIO LOS CALDENES - Apuntes de San Luis\",\"isPartOf\":{\"@id\":\"https:\/\/apuntesdesanluis.com\/#website\"},\"primaryImageOfPage\":{\"@id\":\"https:\/\/apuntesdesanluis.com\/index.php\/2024\/03\/01\/fallecio-pedrito-el-caniche-que-balearon-en-barrio-los-caldenes\/#primaryimage\"},\"image\":{\"@id\":\"https:\/\/apuntesdesanluis.com\/index.php\/2024\/03\/01\/fallecio-pedrito-el-caniche-que-balearon-en-barrio-los-caldenes\/#primaryimage\"},\"thumbnailUrl\":\"https:\/\/apuntesdesanluis.com\/wp-content\/uploads\/2024\/03\/estela-y-pedrito.png\",\"datePublished\":\"2024-03-01T03:21:06+00:00\",\"dateModified\":\"2024-03-01T03:56:41+00:00\",\"breadcrumb\":{\"@id\":\"https:\/\/apuntesdesanluis.com\/index.php\/2024\/03\/01\/fallecio-pedrito-el-caniche-que-balearon-en-barrio-los-caldenes\/#breadcrumb\"},\"inLanguage\":\"es-AR\",\"potentialAction\":[{\"@type\":\"ReadAction\",\"target\":[\"https:\/\/apuntesdesanluis.com\/index.php\/2024\/03\/01\/fallecio-pedrito-el-caniche-que-balearon-en-barrio-los-caldenes\/\"]}]},{\"@type\":\"ImageObject\",\"inLanguage\":\"es-AR\",\"@id\":\"https:\/\/apuntesdesanluis.com\/index.php\/2024\/03\/01\/fallecio-pedrito-el-caniche-que-balearon-en-barrio-los-caldenes\/#primaryimage\",\"url\":\"https:\/\/apuntesdesanluis.com\/wp-content\/uploads\/2024\/03\/estela-y-pedrito.png\",\"contentUrl\":\"https:\/\/apuntesdesanluis.com\/wp-content\/uploads\/2024\/03\/estela-y-pedrito.png\",\"width\":578,\"height\":350},{\"@type\":\"BreadcrumbList\",\"@id\":\"https:\/\/apuntesdesanluis.com\/index.php\/2024\/03\/01\/fallecio-pedrito-el-caniche-que-balearon-en-barrio-los-caldenes\/#breadcrumb\",\"itemListElement\":[{\"@type\":\"ListItem\",\"position\":1,\"name\":\"Inicio\",\"item\":\"https:\/\/apuntesdesanluis.com\/\"},{\"@type\":\"ListItem\",\"position\":2,\"name\":\"FALLECI\u00d3 PEDRITO, EL CANICHE QUE BALEARON EN BARRIO LOS CALDENES\"}]},{\"@type\":\"WebSite\",\"@id\":\"https:\/\/apuntesdesanluis.com\/#website\",\"url\":\"https:\/\/apuntesdesanluis.com\/\",\"name\":\"Apuntes de San Luis\",\"description\":\"\",\"publisher\":{\"@id\":\"https:\/\/apuntesdesanluis.com\/#\/schema\/person\/b55151d52296fcce64d1a72538a70b90\"},\"potentialAction\":[{\"@type\":\"SearchAction\",\"target\":{\"@type\":\"EntryPoint\",\"urlTemplate\":\"https:\/\/apuntesdesanluis.com\/?s={search_term_string}\"},\"query-input\":{\"@type\":\"PropertyValueSpecification\",\"valueRequired\":true,\"valueName\":\"search_term_string\"}}],\"inLanguage\":\"es-AR\"},{\"@type\":[\"Person\",\"Organization\"],\"@id\":\"https:\/\/apuntesdesanluis.com\/#\/schema\/person\/b55151d52296fcce64d1a72538a70b90\",\"name\":\"apuntesdesanluis.com\",\"image\":{\"@type\":\"ImageObject\",\"inLanguage\":\"es-AR\",\"@id\":\"https:\/\/apuntesdesanluis.com\/#\/schema\/person\/image\/\",\"url\":\"https:\/\/apuntesdesanluis.com\/wp-content\/uploads\/2023\/07\/cropped-apuntesdesanluis.png\",\"contentUrl\":\"https:\/\/apuntesdesanluis.com\/wp-content\/uploads\/2023\/07\/cropped-apuntesdesanluis.png\",\"width\":450,\"height\":112,\"caption\":\"apuntesdesanluis.com\"},\"logo\":{\"@id\":\"https:\/\/apuntesdesanluis.com\/#\/schema\/person\/image\/\"},\"sameAs\":[\"https:\/\/apuntesdesanluis.com\"],\"url\":\"https:\/\/apuntesdesanluis.com\/index.php\/author\/apuntesdesanluis-com\/\"}]}<\/script>\n<!-- \/ Yoast SEO plugin. -->","yoast_head_json":{"title":"FALLECI\u00d3 PEDRITO, EL CANICHE QUE BALEARON EN BARRIO LOS CALDENES - Apuntes de San Luis","robots":{"index":"index","follow":"follow","max-snippet":"max-snippet:-1","max-image-preview":"max-image-preview:large","max-video-preview":"max-video-preview:-1"},"canonical":"https:\/\/apuntesdesanluis.com\/index.php\/2024\/03\/01\/fallecio-pedrito-el-caniche-que-balearon-en-barrio-los-caldenes\/","og_locale":"es_ES","og_type":"article","og_title":"FALLECI\u00d3 PEDRITO, EL CANICHE QUE BALEARON EN BARRIO LOS CALDENES - Apuntes de San Luis","og_description":"La noticia conocida hoy fue el triste desenlace de lo ocurrido el mi\u00e9rcoles \u00faltimo, cuando...","og_url":"https:\/\/apuntesdesanluis.com\/index.php\/2024\/03\/01\/fallecio-pedrito-el-caniche-que-balearon-en-barrio-los-caldenes\/","og_site_name":"Apuntes de San Luis","article_published_time":"2024-03-01T03:21:06+00:00","article_modified_time":"2024-03-01T03:56:41+00:00","og_image":[{"width":578,"height":350,"url":"https:\/\/apuntesdesanluis.com\/wp-content\/uploads\/2024\/03\/estela-y-pedrito.png","type":"image\/png"}],"author":"apuntesdesanluis.com","twitter_card":"summary_large_image","twitter_misc":{"Escrito por":"apuntesdesanluis.com","Tiempo de lectura":"3 minutos"},"schema":{"@context":"https:\/\/schema.org","@graph":[{"@type":"Article","@id":"https:\/\/apuntesdesanluis.com\/index.php\/2024\/03\/01\/fallecio-pedrito-el-caniche-que-balearon-en-barrio-los-caldenes\/#article","isPartOf":{"@id":"https:\/\/apuntesdesanluis.com\/index.php\/2024\/03\/01\/fallecio-pedrito-el-caniche-que-balearon-en-barrio-los-caldenes\/"},"author":{"name":"apuntesdesanluis.com","@id":"https:\/\/apuntesdesanluis.com\/#\/schema\/person\/b55151d52296fcce64d1a72538a70b90"},"headline":"FALLECI\u00d3 PEDRITO, EL CANICHE QUE BALEARON EN BARRIO LOS CALDENES","datePublished":"2024-03-01T03:21:06+00:00","dateModified":"2024-03-01T03:56:41+00:00","mainEntityOfPage":{"@id":"https:\/\/apuntesdesanluis.com\/index.php\/2024\/03\/01\/fallecio-pedrito-el-caniche-que-balearon-en-barrio-los-caldenes\/"},"wordCount":477,"publisher":{"@id":"https:\/\/apuntesdesanluis.com\/#\/schema\/person\/b55151d52296fcce64d1a72538a70b90"},"image":{"@id":"https:\/\/apuntesdesanluis.com\/index.php\/2024\/03\/01\/fallecio-pedrito-el-caniche-que-balearon-en-barrio-los-caldenes\/#primaryimage"},"thumbnailUrl":"https:\/\/apuntesdesanluis.com\/wp-content\/uploads\/2024\/03\/estela-y-pedrito.png","articleSection":["Ciudad\/Provincia"],"inLanguage":"es-AR"},{"@type":"WebPage","@id":"https:\/\/apuntesdesanluis.com\/index.php\/2024\/03\/01\/fallecio-pedrito-el-caniche-que-balearon-en-barrio-los-caldenes\/","url":"https:\/\/apuntesdesanluis.com\/index.php\/2024\/03\/01\/fallecio-pedrito-el-caniche-que-balearon-en-barrio-los-caldenes\/","name":"FALLECI\u00d3 PEDRITO, EL CANICHE QUE BALEARON EN BARRIO LOS CALDENES - Apuntes de San Luis","isPartOf":{"@id":"https:\/\/apuntesdesanluis.com\/#website"},"primaryImageOfPage":{"@id":"https:\/\/apuntesdesanluis.com\/index.php\/2024\/03\/01\/fallecio-pedrito-el-caniche-que-balearon-en-barrio-los-caldenes\/#primaryimage"},"image":{"@id":"https:\/\/apuntesdesanluis.com\/index.php\/2024\/03\/01\/fallecio-pedrito-el-caniche-que-balearon-en-barrio-los-caldenes\/#primaryimage"},"thumbnailUrl":"https:\/\/apuntesdesanluis.com\/wp-content\/uploads\/2024\/03\/estela-y-pedrito.png","datePublished":"2024-03-01T03:21:06+00:00","dateModified":"2024-03-01T03:56:41+00:00","breadcrumb":{"@id":"https:\/\/apuntesdesanluis.com\/index.php\/2024\/03\/01\/fallecio-pedrito-el-caniche-que-balearon-en-barrio-los-caldenes\/#breadcrumb"},"inLanguage":"es-AR","potentialAction":[{"@type":"ReadAction","target":["https:\/\/apuntesdesanluis.com\/index.php\/2024\/03\/01\/fallecio-pedrito-el-caniche-que-balearon-en-barrio-los-caldenes\/"]}]},{"@type":"ImageObject","inLanguage":"es-AR","@id":"https:\/\/apuntesdesanluis.com\/index.php\/2024\/03\/01\/fallecio-pedrito-el-caniche-que-balearon-en-barrio-los-caldenes\/#primaryimage","url":"https:\/\/apuntesdesanluis.com\/wp-content\/uploads\/2024\/03\/estela-y-pedrito.png","contentUrl":"https:\/\/apuntesdesanluis.com\/wp-content\/uploads\/2024\/03\/estela-y-pedrito.png","width":578,"height":350},{"@type":"BreadcrumbList","@id":"https:\/\/apuntesdesanluis.com\/index.php\/2024\/03\/01\/fallecio-pedrito-el-caniche-que-balearon-en-barrio-los-caldenes\/#breadcrumb","itemListElement":[{"@type":"ListItem","position":1,"name":"Inicio","item":"https:\/\/apuntesdesanluis.com\/"},{"@type":"ListItem","position":2,"name":"FALLECI\u00d3 PEDRITO, EL CANICHE QUE BALEARON EN BARRIO LOS CALDENES"}]},{"@type":"WebSite","@id":"https:\/\/apuntesdesanluis.com\/#website","url":"https:\/\/apuntesdesanluis.com\/","name":"Apuntes de San Luis","description":"","publisher":{"@id":"https:\/\/apuntesdesanluis.com\/#\/schema\/person\/b55151d52296fcce64d1a72538a70b90"},"potentialAction":[{"@type":"SearchAction","target":{"@type":"EntryPoint","urlTemplate":"https:\/\/apuntesdesanluis.com\/?s={search_term_string}"},"query-input":{"@type":"PropertyValueSpecification","valueRequired":true,"valueName":"search_term_string"}}],"inLanguage":"es-AR"},{"@type":["Person","Organization"],"@id":"https:\/\/apuntesdesanluis.com\/#\/schema\/person\/b55151d52296fcce64d1a72538a70b90","name":"apuntesdesanluis.com","image":{"@type":"ImageObject","inLanguage":"es-AR","@id":"https:\/\/apuntesdesanluis.com\/#\/schema\/person\/image\/","url":"https:\/\/apuntesdesanluis.com\/wp-content\/uploads\/2023\/07\/cropped-apuntesdesanluis.png","contentUrl":"https:\/\/apuntesdesanluis.com\/wp-content\/uploads\/2023\/07\/cropped-apuntesdesanluis.png","width":450,"height":112,"caption":"apuntesdesanluis.com"},"logo":{"@id":"https:\/\/apuntesdesanluis.com\/#\/schema\/person\/image\/"},"sameAs":["https:\/\/apuntesdesanluis.com"],"url":"https:\/\/apuntesdesanluis.com\/index.php\/author\/apuntesdesanluis-com\/"}]}},"featured_image_urls":{"full":["https:\/\/apuntesdesanluis.com\/wp-content\/uploads\/2024\/03\/estela-y-pedrito.png",578,350,false],"thumbnail":["https:\/\/apuntesdesanluis.com\/wp-content\/uploads\/2024\/03\/estela-y-pedrito-150x150.png",150,150,true],"medium":["https:\/\/apuntesdesanluis.com\/wp-content\/uploads\/2024\/03\/estela-y-pedrito-300x182.png",300,182,true],"medium_large":["https:\/\/apuntesdesanluis.com\/wp-content\/uploads\/2024\/03\/estela-y-pedrito.png",578,350,false],"large":["https:\/\/apuntesdesanluis.com\/wp-content\/uploads\/2024\/03\/estela-y-pedrito.png",578,350,false],"1536x1536":["https:\/\/apuntesdesanluis.com\/wp-content\/uploads\/2024\/03\/estela-y-pedrito.png",578,350,false],"2048x2048":["https:\/\/apuntesdesanluis.com\/wp-content\/uploads\/2024\/03\/estela-y-pedrito.png",578,350,false],"newsever-slider-full":["https:\/\/apuntesdesanluis.com\/wp-content\/uploads\/2024\/03\/estela-y-pedrito.png",578,350,false],"newsever-featured":["https:\/\/apuntesdesanluis.com\/wp-content\/uploads\/2024\/03\/estela-y-pedrito.png",578,350,false],"newsever-medium":["https:\/\/apuntesdesanluis.com\/wp-content\/uploads\/2024\/03\/estela-y-pedrito.png",578,350,false]},"author_info":{"display_name":"apuntesdesanluis.com","author_link":"https:\/\/apuntesdesanluis.com\/index.php\/author\/apuntesdesanluis-com\/"},"category_info":"<a href=\"https:\/\/apuntesdesanluis.com\/index.php\/category\/ciudad-provincia\/\" rel=\"category tag\">Ciudad\/Provincia<\/a>","tag_info":"Ciudad\/Provincia","comment_count":"0","_links":{"self":[{"href":"https:\/\/apuntesdesanluis.com\/index.php\/wp-json\/wp\/v2\/posts\/12548","targetHints":{"allow":["GET"]}}],"collection":[{"href":"https:\/\/apuntesdesanluis.com\/index.php\/wp-json\/wp\/v2\/posts"}],"about":[{"href":"https:\/\/apuntesdesanluis.com\/index.php\/wp-json\/wp\/v2\/types\/post"}],"author":[{"embeddable":true,"href":"https:\/\/apuntesdesanluis.com\/index.php\/wp-json\/wp\/v2\/users\/1"}],"replies":[{"embeddable":true,"href":"https:\/\/apuntesdesanluis.com\/index.php\/wp-json\/wp\/v2\/comments?post=12548"}],"version-history":[{"count":6,"href":"https:\/\/apuntesdesanluis.com\/index.php\/wp-json\/wp\/v2\/posts\/12548\/revisions"}],"predecessor-version":[{"id":12558,"href":"https:\/\/apuntesdesanluis.com\/index.php\/wp-json\/wp\/v2\/posts\/12548\/revisions\/12558"}],"wp:featuredmedia":[{"embeddable":true,"href":"https:\/\/apuntesdesanluis.com\/index.php\/wp-json\/wp\/v2\/media\/12552"}],"wp:attachment":[{"href":"https:\/\/apuntesdesanluis.com\/index.php\/wp-json\/wp\/v2\/media?parent=12548"}],"wp:term":[{"taxonomy":"category","embeddable":true,"href":"https:\/\/apuntesdesanluis.com\/index.php\/wp-json\/wp\/v2\/categories?post=12548"},{"taxonomy":"post_tag","embeddable":true,"href":"https:\/\/apuntesdesanluis.com\/index.php\/wp-json\/wp\/v2\/tags?post=12548"}],"curies":[{"name":"wp","href":"https:\/\/api.w.org\/{rel}","templated":true}]}}