{"id":12560,"date":"2024-03-01T23:24:09","date_gmt":"2024-03-02T02:24:09","guid":{"rendered":"https:\/\/apuntesdesanluis.com\/?p=12560"},"modified":"2024-03-01T23:24:09","modified_gmt":"2024-03-02T02:24:09","slug":"milei-aun-quedan-algunos-meses-de-alta-inflacion","status":"publish","type":"post","link":"https:\/\/apuntesdesanluis.com\/index.php\/2024\/03\/01\/milei-aun-quedan-algunos-meses-de-alta-inflacion\/","title":{"rendered":"MILEI: &#8220;A\u00daN QUEDAN ALGUNOS MESES DE ALTA INFLACI\u00d3N&#8221;"},"content":{"rendered":"<h3>El presidente Javier Milei reconoci\u00f3\u00a0 en la apertura de las sesiones ordinarias del Congreso que &#8220;a\u00fan quedan algunos meses de alta inflaci\u00f3n&#8221;.<\/h3>\n<h3>&#8220;En este contexto, pese a que a\u00fan quedan algunos meses de alta inflaci\u00f3n, la misma seguir\u00e1 cayendo fuertemente y la salida del cepo estar\u00e1 cada vez m\u00e1s cerca&#8221;, dijo como corolario al recuento del trabajo que se viene haciendo en la econom\u00eda, la recomposici\u00f3n de las reservas y la esterilizaci\u00f3n de la base monetaria.<\/h3>\n<h3>Para febrero se espera un \u00edndice de inflaci\u00f3n en torno al 16%, para marzo en la misma l\u00ednea y abril unos puntos por debajo. Seg\u00fan las consultoras privadas reci\u00e9n en mayo o junio podr\u00eda llegar a verse un \u00edndice por debajo del 10%.<\/h3>\n<h3>\u201cCortamos con la emisi\u00f3n monetaria y a trav\u00e9s de un ambiciosos programa financiero avanzamos con el saneamiento del BCRA y mantuvimos la base monetaria constante. Para la misma base monetaria, ahora tenemos 9.000 millones de d\u00f3lares m\u00e1s de reserva\u201d, detall\u00f3 Milei.<\/h3>\n<h3>Luego detall\u00f3 las consecuencias positivas del trabajo realizado y justific\u00f3 en \u00e9l la ca\u00edda de las cotizaciones del d\u00f3lar: \u201cEn el \u00faltimo mes se ha desplomado el precio del d\u00f3lar paralelo, la brecha con el de importaci\u00f3n ajustado por Imp Pa\u00eds ha desaparecido y los futuros del d\u00f3lar\u00a0 se alinearon con la pauta del BCRA. En un contexto en que los bonos suben, el riesgo pa\u00eds baja y las acciones vuelan, pese a los intentos de algunos degenerados fiscales por sabotear el intento de los argentinos de bien\u201d, dispar\u00f3.<\/h3>\n<h3>Continuando con su discurso, ponder\u00f3 que \u201cse pudo resolver el problema de la deuda de los importadores\u201d, una espada de Damocles de 42.000 millones de d\u00f3lares que colgaba sobre la cabeza de los argentinos&#8221;. Adem\u00e1s\u00a0 defini\u00f3 el alcance del super\u00e1vit financiero en el primer mes de gobierno como un\u00a0 &#8220;r\u00e9cord global en la historia del capitalismo moderno&#8221; y se jact\u00f3 de haberlo logrado \u201c\u00fanicamente con los resortes del poder ejecutivo sin apoyo del arco pol\u00edtico salvo honrosas excepciones\u201d, con un tiro por elevaci\u00f3n para los diputados que no acompa\u00f1aron el proyecto.<\/h3>\n<p>&nbsp;<\/p>\n<p>&nbsp;<\/p>\n<p>&nbsp;<\/p>\n","protected":false},"excerpt":{"rendered":"<p>El presidente Javier Milei reconoci\u00f3\u00a0 en la apertura de las sesiones ordinarias del Congreso que&#8230;<\/p>\n","protected":false},"author":1,"featured_media":12561,"comment_status":"closed","ping_status":"closed","sticky":false,"template":"","format":"standard","meta":{"footnotes":""},"categories":[5],"tags":[],"class_list":["post-12560","post","type-post","status-publish","format-standard","has-post-thumbnail","hentry","category-nacionales-internacionales"],"yoast_head":"<!-- This site is optimized with the Yoast SEO plugin v26.1.1 - https:\/\/yoast.com\/wordpress\/plugins\/seo\/ -->\n<title>MILEI: &quot;A\u00daN QUEDAN ALGUNOS MESES DE ALTA INFLACI\u00d3N&quot; - Apuntes de San Luis<\/title>\n<meta name=\"robots\" content=\"index, follow, max-snippet:-1, max-image-preview:large, max-video-preview:-1\" \/>\n<link rel=\"canonical\" href=\"https:\/\/apuntesdesanluis.com\/index.php\/2024\/03\/01\/milei-aun-quedan-algunos-meses-de-alta-inflacion\/\" \/>\n<meta property=\"og:locale\" content=\"es_ES\" \/>\n<meta property=\"og:type\" content=\"article\" \/>\n<meta property=\"og:title\" content=\"MILEI: &quot;A\u00daN QUEDAN ALGUNOS MESES DE ALTA INFLACI\u00d3N&quot; - Apuntes de San Luis\" \/>\n<meta property=\"og:description\" content=\"El presidente Javier Milei reconoci\u00f3\u00a0 en la apertura de las sesiones ordinarias del Congreso que...\" \/>\n<meta property=\"og:url\" content=\"https:\/\/apuntesdesanluis.com\/index.php\/2024\/03\/01\/milei-aun-quedan-algunos-meses-de-alta-inflacion\/\" \/>\n<meta property=\"og:site_name\" content=\"Apuntes de San Luis\" \/>\n<meta property=\"article:published_time\" content=\"2024-03-02T02:24:09+00:00\" \/>\n<meta property=\"og:image\" content=\"https:\/\/apuntesdesanluis.com\/wp-content\/uploads\/2024\/03\/milei.png\" \/>\n\t<meta property=\"og:image:width\" content=\"677\" \/>\n\t<meta property=\"og:image:height\" content=\"377\" \/>\n\t<meta property=\"og:image:type\" content=\"image\/png\" \/>\n<meta name=\"author\" content=\"apuntesdesanluis.com\" \/>\n<meta name=\"twitter:card\" content=\"summary_large_image\" \/>\n<meta name=\"twitter:label1\" content=\"Escrito por\" \/>\n\t<meta name=\"twitter:data1\" content=\"apuntesdesanluis.com\" \/>\n\t<meta name=\"twitter:label2\" content=\"Tiempo de lectura\" \/>\n\t<meta name=\"twitter:data2\" content=\"2 minutos\" \/>\n<script type=\"application\/ld+json\" class=\"yoast-schema-graph\">{\"@context\":\"https:\/\/schema.org\",\"@graph\":[{\"@type\":\"Article\",\"@id\":\"https:\/\/apuntesdesanluis.com\/index.php\/2024\/03\/01\/milei-aun-quedan-algunos-meses-de-alta-inflacion\/#article\",\"isPartOf\":{\"@id\":\"https:\/\/apuntesdesanluis.com\/index.php\/2024\/03\/01\/milei-aun-quedan-algunos-meses-de-alta-inflacion\/\"},\"author\":{\"name\":\"apuntesdesanluis.com\",\"@id\":\"https:\/\/apuntesdesanluis.com\/#\/schema\/person\/b55151d52296fcce64d1a72538a70b90\"},\"headline\":\"MILEI: &#8220;A\u00daN QUEDAN ALGUNOS MESES DE ALTA INFLACI\u00d3N&#8221;\",\"datePublished\":\"2024-03-02T02:24:09+00:00\",\"mainEntityOfPage\":{\"@id\":\"https:\/\/apuntesdesanluis.com\/index.php\/2024\/03\/01\/milei-aun-quedan-algunos-meses-de-alta-inflacion\/\"},\"wordCount\":380,\"publisher\":{\"@id\":\"https:\/\/apuntesdesanluis.com\/#\/schema\/person\/b55151d52296fcce64d1a72538a70b90\"},\"image\":{\"@id\":\"https:\/\/apuntesdesanluis.com\/index.php\/2024\/03\/01\/milei-aun-quedan-algunos-meses-de-alta-inflacion\/#primaryimage\"},\"thumbnailUrl\":\"https:\/\/apuntesdesanluis.com\/wp-content\/uploads\/2024\/03\/milei.png\",\"articleSection\":[\"Nacionales\/Internacionales\"],\"inLanguage\":\"es-AR\"},{\"@type\":\"WebPage\",\"@id\":\"https:\/\/apuntesdesanluis.com\/index.php\/2024\/03\/01\/milei-aun-quedan-algunos-meses-de-alta-inflacion\/\",\"url\":\"https:\/\/apuntesdesanluis.com\/index.php\/2024\/03\/01\/milei-aun-quedan-algunos-meses-de-alta-inflacion\/\",\"name\":\"MILEI: \\\"A\u00daN QUEDAN ALGUNOS MESES DE ALTA INFLACI\u00d3N\\\" - Apuntes de San Luis\",\"isPartOf\":{\"@id\":\"https:\/\/apuntesdesanluis.com\/#website\"},\"primaryImageOfPage\":{\"@id\":\"https:\/\/apuntesdesanluis.com\/index.php\/2024\/03\/01\/milei-aun-quedan-algunos-meses-de-alta-inflacion\/#primaryimage\"},\"image\":{\"@id\":\"https:\/\/apuntesdesanluis.com\/index.php\/2024\/03\/01\/milei-aun-quedan-algunos-meses-de-alta-inflacion\/#primaryimage\"},\"thumbnailUrl\":\"https:\/\/apuntesdesanluis.com\/wp-content\/uploads\/2024\/03\/milei.png\",\"datePublished\":\"2024-03-02T02:24:09+00:00\",\"breadcrumb\":{\"@id\":\"https:\/\/apuntesdesanluis.com\/index.php\/2024\/03\/01\/milei-aun-quedan-algunos-meses-de-alta-inflacion\/#breadcrumb\"},\"inLanguage\":\"es-AR\",\"potentialAction\":[{\"@type\":\"ReadAction\",\"target\":[\"https:\/\/apuntesdesanluis.com\/index.php\/2024\/03\/01\/milei-aun-quedan-algunos-meses-de-alta-inflacion\/\"]}]},{\"@type\":\"ImageObject\",\"inLanguage\":\"es-AR\",\"@id\":\"https:\/\/apuntesdesanluis.com\/index.php\/2024\/03\/01\/milei-aun-quedan-algunos-meses-de-alta-inflacion\/#primaryimage\",\"url\":\"https:\/\/apuntesdesanluis.com\/wp-content\/uploads\/2024\/03\/milei.png\",\"contentUrl\":\"https:\/\/apuntesdesanluis.com\/wp-content\/uploads\/2024\/03\/milei.png\",\"width\":677,\"height\":377},{\"@type\":\"BreadcrumbList\",\"@id\":\"https:\/\/apuntesdesanluis.com\/index.php\/2024\/03\/01\/milei-aun-quedan-algunos-meses-de-alta-inflacion\/#breadcrumb\",\"itemListElement\":[{\"@type\":\"ListItem\",\"position\":1,\"name\":\"Inicio\",\"item\":\"https:\/\/apuntesdesanluis.com\/\"},{\"@type\":\"ListItem\",\"position\":2,\"name\":\"MILEI: &#8220;A\u00daN QUEDAN ALGUNOS MESES DE ALTA INFLACI\u00d3N&#8221;\"}]},{\"@type\":\"WebSite\",\"@id\":\"https:\/\/apuntesdesanluis.com\/#website\",\"url\":\"https:\/\/apuntesdesanluis.com\/\",\"name\":\"Apuntes de San Luis\",\"description\":\"\",\"publisher\":{\"@id\":\"https:\/\/apuntesdesanluis.com\/#\/schema\/person\/b55151d52296fcce64d1a72538a70b90\"},\"potentialAction\":[{\"@type\":\"SearchAction\",\"target\":{\"@type\":\"EntryPoint\",\"urlTemplate\":\"https:\/\/apuntesdesanluis.com\/?s={search_term_string}\"},\"query-input\":{\"@type\":\"PropertyValueSpecification\",\"valueRequired\":true,\"valueName\":\"search_term_string\"}}],\"inLanguage\":\"es-AR\"},{\"@type\":[\"Person\",\"Organization\"],\"@id\":\"https:\/\/apuntesdesanluis.com\/#\/schema\/person\/b55151d52296fcce64d1a72538a70b90\",\"name\":\"apuntesdesanluis.com\",\"image\":{\"@type\":\"ImageObject\",\"inLanguage\":\"es-AR\",\"@id\":\"https:\/\/apuntesdesanluis.com\/#\/schema\/person\/image\/\",\"url\":\"https:\/\/apuntesdesanluis.com\/wp-content\/uploads\/2023\/07\/cropped-apuntesdesanluis.png\",\"contentUrl\":\"https:\/\/apuntesdesanluis.com\/wp-content\/uploads\/2023\/07\/cropped-apuntesdesanluis.png\",\"width\":450,\"height\":112,\"caption\":\"apuntesdesanluis.com\"},\"logo\":{\"@id\":\"https:\/\/apuntesdesanluis.com\/#\/schema\/person\/image\/\"},\"sameAs\":[\"https:\/\/apuntesdesanluis.com\"],\"url\":\"https:\/\/apuntesdesanluis.com\/index.php\/author\/apuntesdesanluis-com\/\"}]}<\/script>\n<!-- \/ Yoast SEO plugin. -->","yoast_head_json":{"title":"MILEI: \"A\u00daN QUEDAN ALGUNOS MESES DE ALTA INFLACI\u00d3N\" - Apuntes de San Luis","robots":{"index":"index","follow":"follow","max-snippet":"max-snippet:-1","max-image-preview":"max-image-preview:large","max-video-preview":"max-video-preview:-1"},"canonical":"https:\/\/apuntesdesanluis.com\/index.php\/2024\/03\/01\/milei-aun-quedan-algunos-meses-de-alta-inflacion\/","og_locale":"es_ES","og_type":"article","og_title":"MILEI: \"A\u00daN QUEDAN ALGUNOS MESES DE ALTA INFLACI\u00d3N\" - Apuntes de San Luis","og_description":"El presidente Javier Milei reconoci\u00f3\u00a0 en la apertura de las sesiones ordinarias del Congreso que...","og_url":"https:\/\/apuntesdesanluis.com\/index.php\/2024\/03\/01\/milei-aun-quedan-algunos-meses-de-alta-inflacion\/","og_site_name":"Apuntes de San Luis","article_published_time":"2024-03-02T02:24:09+00:00","og_image":[{"width":677,"height":377,"url":"https:\/\/apuntesdesanluis.com\/wp-content\/uploads\/2024\/03\/milei.png","type":"image\/png"}],"author":"apuntesdesanluis.com","twitter_card":"summary_large_image","twitter_misc":{"Escrito por":"apuntesdesanluis.com","Tiempo de lectura":"2 minutos"},"schema":{"@context":"https:\/\/schema.org","@graph":[{"@type":"Article","@id":"https:\/\/apuntesdesanluis.com\/index.php\/2024\/03\/01\/milei-aun-quedan-algunos-meses-de-alta-inflacion\/#article","isPartOf":{"@id":"https:\/\/apuntesdesanluis.com\/index.php\/2024\/03\/01\/milei-aun-quedan-algunos-meses-de-alta-inflacion\/"},"author":{"name":"apuntesdesanluis.com","@id":"https:\/\/apuntesdesanluis.com\/#\/schema\/person\/b55151d52296fcce64d1a72538a70b90"},"headline":"MILEI: &#8220;A\u00daN QUEDAN ALGUNOS MESES DE ALTA INFLACI\u00d3N&#8221;","datePublished":"2024-03-02T02:24:09+00:00","mainEntityOfPage":{"@id":"https:\/\/apuntesdesanluis.com\/index.php\/2024\/03\/01\/milei-aun-quedan-algunos-meses-de-alta-inflacion\/"},"wordCount":380,"publisher":{"@id":"https:\/\/apuntesdesanluis.com\/#\/schema\/person\/b55151d52296fcce64d1a72538a70b90"},"image":{"@id":"https:\/\/apuntesdesanluis.com\/index.php\/2024\/03\/01\/milei-aun-quedan-algunos-meses-de-alta-inflacion\/#primaryimage"},"thumbnailUrl":"https:\/\/apuntesdesanluis.com\/wp-content\/uploads\/2024\/03\/milei.png","articleSection":["Nacionales\/Internacionales"],"inLanguage":"es-AR"},{"@type":"WebPage","@id":"https:\/\/apuntesdesanluis.com\/index.php\/2024\/03\/01\/milei-aun-quedan-algunos-meses-de-alta-inflacion\/","url":"https:\/\/apuntesdesanluis.com\/index.php\/2024\/03\/01\/milei-aun-quedan-algunos-meses-de-alta-inflacion\/","name":"MILEI: \"A\u00daN QUEDAN ALGUNOS MESES DE ALTA INFLACI\u00d3N\" - Apuntes de San Luis","isPartOf":{"@id":"https:\/\/apuntesdesanluis.com\/#website"},"primaryImageOfPage":{"@id":"https:\/\/apuntesdesanluis.com\/index.php\/2024\/03\/01\/milei-aun-quedan-algunos-meses-de-alta-inflacion\/#primaryimage"},"image":{"@id":"https:\/\/apuntesdesanluis.com\/index.php\/2024\/03\/01\/milei-aun-quedan-algunos-meses-de-alta-inflacion\/#primaryimage"},"thumbnailUrl":"https:\/\/apuntesdesanluis.com\/wp-content\/uploads\/2024\/03\/milei.png","datePublished":"2024-03-02T02:24:09+00:00","breadcrumb":{"@id":"https:\/\/apuntesdesanluis.com\/index.php\/2024\/03\/01\/milei-aun-quedan-algunos-meses-de-alta-inflacion\/#breadcrumb"},"inLanguage":"es-AR","potentialAction":[{"@type":"ReadAction","target":["https:\/\/apuntesdesanluis.com\/index.php\/2024\/03\/01\/milei-aun-quedan-algunos-meses-de-alta-inflacion\/"]}]},{"@type":"ImageObject","inLanguage":"es-AR","@id":"https:\/\/apuntesdesanluis.com\/index.php\/2024\/03\/01\/milei-aun-quedan-algunos-meses-de-alta-inflacion\/#primaryimage","url":"https:\/\/apuntesdesanluis.com\/wp-content\/uploads\/2024\/03\/milei.png","contentUrl":"https:\/\/apuntesdesanluis.com\/wp-content\/uploads\/2024\/03\/milei.png","width":677,"height":377},{"@type":"BreadcrumbList","@id":"https:\/\/apuntesdesanluis.com\/index.php\/2024\/03\/01\/milei-aun-quedan-algunos-meses-de-alta-inflacion\/#breadcrumb","itemListElement":[{"@type":"ListItem","position":1,"name":"Inicio","item":"https:\/\/apuntesdesanluis.com\/"},{"@type":"ListItem","position":2,"name":"MILEI: &#8220;A\u00daN QUEDAN ALGUNOS MESES DE ALTA INFLACI\u00d3N&#8221;"}]},{"@type":"WebSite","@id":"https:\/\/apuntesdesanluis.com\/#website","url":"https:\/\/apuntesdesanluis.com\/","name":"Apuntes de San Luis","description":"","publisher":{"@id":"https:\/\/apuntesdesanluis.com\/#\/schema\/person\/b55151d52296fcce64d1a72538a70b90"},"potentialAction":[{"@type":"SearchAction","target":{"@type":"EntryPoint","urlTemplate":"https:\/\/apuntesdesanluis.com\/?s={search_term_string}"},"query-input":{"@type":"PropertyValueSpecification","valueRequired":true,"valueName":"search_term_string"}}],"inLanguage":"es-AR"},{"@type":["Person","Organization"],"@id":"https:\/\/apuntesdesanluis.com\/#\/schema\/person\/b55151d52296fcce64d1a72538a70b90","name":"apuntesdesanluis.com","image":{"@type":"ImageObject","inLanguage":"es-AR","@id":"https:\/\/apuntesdesanluis.com\/#\/schema\/person\/image\/","url":"https:\/\/apuntesdesanluis.com\/wp-content\/uploads\/2023\/07\/cropped-apuntesdesanluis.png","contentUrl":"https:\/\/apuntesdesanluis.com\/wp-content\/uploads\/2023\/07\/cropped-apuntesdesanluis.png","width":450,"height":112,"caption":"apuntesdesanluis.com"},"logo":{"@id":"https:\/\/apuntesdesanluis.com\/#\/schema\/person\/image\/"},"sameAs":["https:\/\/apuntesdesanluis.com"],"url":"https:\/\/apuntesdesanluis.com\/index.php\/author\/apuntesdesanluis-com\/"}]}},"featured_image_urls":{"full":["https:\/\/apuntesdesanluis.com\/wp-content\/uploads\/2024\/03\/milei.png",677,377,false],"thumbnail":["https:\/\/apuntesdesanluis.com\/wp-content\/uploads\/2024\/03\/milei-150x150.png",150,150,true],"medium":["https:\/\/apuntesdesanluis.com\/wp-content\/uploads\/2024\/03\/milei-300x167.png",300,167,true],"medium_large":["https:\/\/apuntesdesanluis.com\/wp-content\/uploads\/2024\/03\/milei.png",640,356,false],"large":["https:\/\/apuntesdesanluis.com\/wp-content\/uploads\/2024\/03\/milei.png",640,356,false],"1536x1536":["https:\/\/apuntesdesanluis.com\/wp-content\/uploads\/2024\/03\/milei.png",677,377,false],"2048x2048":["https:\/\/apuntesdesanluis.com\/wp-content\/uploads\/2024\/03\/milei.png",677,377,false],"newsever-slider-full":["https:\/\/apuntesdesanluis.com\/wp-content\/uploads\/2024\/03\/milei.png",677,377,false],"newsever-featured":["https:\/\/apuntesdesanluis.com\/wp-content\/uploads\/2024\/03\/milei.png",677,377,false],"newsever-medium":["https:\/\/apuntesdesanluis.com\/wp-content\/uploads\/2024\/03\/milei.png",677,377,false]},"author_info":{"display_name":"apuntesdesanluis.com","author_link":"https:\/\/apuntesdesanluis.com\/index.php\/author\/apuntesdesanluis-com\/"},"category_info":"<a href=\"https:\/\/apuntesdesanluis.com\/index.php\/category\/nacionales-internacionales\/\" rel=\"category tag\">Nacionales\/Internacionales<\/a>","tag_info":"Nacionales\/Internacionales","comment_count":"0","_links":{"self":[{"href":"https:\/\/apuntesdesanluis.com\/index.php\/wp-json\/wp\/v2\/posts\/12560","targetHints":{"allow":["GET"]}}],"collection":[{"href":"https:\/\/apuntesdesanluis.com\/index.php\/wp-json\/wp\/v2\/posts"}],"about":[{"href":"https:\/\/apuntesdesanluis.com\/index.php\/wp-json\/wp\/v2\/types\/post"}],"author":[{"embeddable":true,"href":"https:\/\/apuntesdesanluis.com\/index.php\/wp-json\/wp\/v2\/users\/1"}],"replies":[{"embeddable":true,"href":"https:\/\/apuntesdesanluis.com\/index.php\/wp-json\/wp\/v2\/comments?post=12560"}],"version-history":[{"count":1,"href":"https:\/\/apuntesdesanluis.com\/index.php\/wp-json\/wp\/v2\/posts\/12560\/revisions"}],"predecessor-version":[{"id":12562,"href":"https:\/\/apuntesdesanluis.com\/index.php\/wp-json\/wp\/v2\/posts\/12560\/revisions\/12562"}],"wp:featuredmedia":[{"embeddable":true,"href":"https:\/\/apuntesdesanluis.com\/index.php\/wp-json\/wp\/v2\/media\/12561"}],"wp:attachment":[{"href":"https:\/\/apuntesdesanluis.com\/index.php\/wp-json\/wp\/v2\/media?parent=12560"}],"wp:term":[{"taxonomy":"category","embeddable":true,"href":"https:\/\/apuntesdesanluis.com\/index.php\/wp-json\/wp\/v2\/categories?post=12560"},{"taxonomy":"post_tag","embeddable":true,"href":"https:\/\/apuntesdesanluis.com\/index.php\/wp-json\/wp\/v2\/tags?post=12560"}],"curies":[{"name":"wp","href":"https:\/\/api.w.org\/{rel}","templated":true}]}}