{"id":12563,"date":"2024-03-01T23:32:15","date_gmt":"2024-03-02T02:32:15","guid":{"rendered":"https:\/\/apuntesdesanluis.com\/?p=12563"},"modified":"2024-03-01T23:39:44","modified_gmt":"2024-03-02T02:39:44","slug":"los-8-proyectos-del-paquete-anti-casta-que-presento-el-presidente","status":"publish","type":"post","link":"https:\/\/apuntesdesanluis.com\/index.php\/2024\/03\/01\/los-8-proyectos-del-paquete-anti-casta-que-presento-el-presidente\/","title":{"rendered":"LOS 8 PROYECTOS DEL \u201cPAQUETE ANTI CASTA\u201d QUE PRESENT\u00d3 EL PRESIDENTE"},"content":{"rendered":"<h3>Durante su discurso, el mandatario resalt\u00f3 las reformas que impuls\u00f3 desde su llegada al Gobierno, pero advirti\u00f3 que \u201cestos logros primerizos representan \u00fanicamente la superficie de los grandes cambios que venimos a implementar en Argentina\u201d<\/h3>\n<h3>Luego de la ca\u00edda de la Ley \u00d3mnibus, el presidente Javier Milei mencion\u00f3 cu\u00e1les ser\u00e1n los proyectos de ley que enviar\u00e1 al Congreso durante estas sesiones ordinarias. Se trata de ocho iniciativas que present\u00f3 como parte de un \u201cpaquete anticasta\u201d ante la Asamblea Legislativa.<\/h3>\n<h3>Durante su discurso frente a los legisladores de la Naci\u00f3n, el mandatario mencion\u00f3 todas las reformas que impuls\u00f3 desde que lleg\u00f3 al Poder Ejecutivo y enumer\u00f3 otra lista de medidas que entrar\u00e1n en vigor a partir de hoy.<\/h3>\n<h3>\u00a0\u201cSin embargo, todos estos logros primerizos representan \u00fanicamente la superficie de los grandes cambios que venimos a implementar en Argentina\u201d, plante\u00f3 Milei antes de presentar varias de sus iniciativas. \u201cPara profundizar en nuestra misi\u00f3n de terminar con los privilegios de la pol\u00edtica y sus amigos estamos enviando al Congreso un paquete de leyes anticasta y quiero compartir con ustedes algunos de sus componentes\u201d, comenz\u00f3 presentando el mandatario.<\/h3>\n<p><img fetchpriority=\"high\" decoding=\"async\" class=\"wp-image-12569 aligncenter\" src=\"https:\/\/apuntesdesanluis.com\/wp-content\/uploads\/2024\/03\/ADOLFO-Y-POGGI-300x209.png\" alt=\"\" width=\"594\" height=\"414\" srcset=\"https:\/\/apuntesdesanluis.com\/wp-content\/uploads\/2024\/03\/ADOLFO-Y-POGGI-300x209.png 300w, https:\/\/apuntesdesanluis.com\/wp-content\/uploads\/2024\/03\/ADOLFO-Y-POGGI.png 637w\" sizes=\"(max-width: 594px) 100vw, 594px\" \/><\/p>\n<h3>De esta manera, enumer\u00f3:<\/h3>\n<ul>\n<li>\n<h3>Eliminar las jubilaciones de privilegio para presidente y vicepresidente;<\/h3>\n<\/li>\n<li>\n<h3>Obligar a los sindicatos a elegir a sus autoridades a trav\u00e9s de elecciones peri\u00f3dicas libres y supervisadas por la Justicia electoral que limitar\u00e1 los mandatados a 4 a\u00f1os y establecer\u00e1 un tope de una sola reelecci\u00f3n posible;<\/h3>\n<\/li>\n<li>\n<h3>Los convenios colectivos espec\u00edficos que realicen en asociaci\u00f3n libre los trabajadores de una empresa o grupos de empresas primar\u00e1n por sobre los convenios colectivos del sector. Sobre este punto, aclar\u00f3: \u201cVamos a terminar con esa locura de imponerle a la gente las condiciones laborales que define detr\u00e1s de un escritorio un se\u00f1or que no trabaja hace 30 a\u00f1os\u201d;<\/h3>\n<\/li>\n<li>\n<h3>Las personas condenas por corrupci\u00f3n en segunda instancia no podr\u00e1n presentarse como candidatos en las elecciones nacionales. Adem\u00e1s, todo ex funcionario p\u00fablico con condena firme en segunda instancia por delitos de corrupci\u00f3n perder\u00e1 autom\u00e1ticamente cualquier beneficio que tenga por haber sido funcionario; reducir dr\u00e1sticamente la cantidad de contratos para asesores de diputados y senadores de la Naci\u00f3n. Algo que present\u00f3 como \u201cuna pr\u00e1ctica com\u00fan de la pol\u00edtica que los representantes del pueblo armen pymes de 30\/40 asesores cada uno, dilapidando los recursos de los argentinos\u201d; se descontar\u00e1 la jornada de trabajo a los empleados del Estado que hagan paro; eliminar el financiamiento p\u00fablico de los partidos pol\u00edticos;<\/h3>\n<\/li>\n<li>\n<h3>Penalizar por ley al Presidente de la Naci\u00f3n, al ministro de Econom\u00eda, a los funcionarios del BRCA diputados y senadores que aprueben un presupuesto que contemple financiar d\u00e9ficit fiscal con emisi\u00f3n monetaria para terminar de una vez y para siempre con este acto criminal. Al respecto, desatac\u00f3: \u201cPropondremos que esto est\u00e9 a la altura de un delito de lesa humanidad de manera tal que se imprescriptible para que tarde o temprano paguen el costo de sus acciones\u201d.<\/h3>\n<\/li>\n<li>\n<h3>De igual forma, Milei aclar\u00f3 que \u201cestas son solo algunas de las reformas que se van a implementar\u201d. Pese a que no mencion\u00f3 grandes reformas econ\u00f3micas, asegur\u00f3 que desde el Gobierno no cesar\u00e1n con la idea de llevar adelante estas modificaciones. \u201cAvanzaremos ya sea a trav\u00e9s de proyectos de ley, decretos o modificando regulaciones en el proceso de desregulaci\u00f3n de la econom\u00eda, porque si seguimos con este modelo de pa\u00eds Argentina no tiene futuro\u201d, aclar\u00f3 el Presidente.<\/h3>\n<\/li>\n<li>\n<h3>En ese momento, Milei se refiri\u00f3 a la ca\u00edda de la Ley \u00d3mnibus y al rechazo que recibi\u00f3 la iniciativa en el arco pol\u00edtico. \u201cLos proyectos que hemos promovido han sido recibidos con recelo y desconfianza por buena parte de la pol\u00edtica argentina por no decir con abierto rechazo\u201d, asegur\u00f3.<\/h3>\n<\/li>\n<li>\n<h3>\u201cLo que pas\u00f3 con el cap\u00edtulo laboral del DNU y con la Ley de Bases y Puntos de Partida para la Libertad de los Argentinos, que reflejaban algunos de los cambios en los que queremos avanzar demuestra cabalmente el punto. Una ley que tiene como norte volver a abrazar el modelo de la libertad, inspirada en las ideas de Alberdi y en la generaci\u00f3n del 37, que viene a liberar las fuerzas productivas de los argentinos, a devolver libertades, a terminar con los privilegios de la casta fue manoseada y rechazada por una parte de la clase pol\u00edtica que se resiste a cambiar\u201d, plante\u00f3 antes de apuntar contra la oposici\u00f3n al decir: \u201cNo nos debemos enga\u00f1ar, hay un sector importante de la dirigencia pol\u00edtica que no quiere terminar con los privilegios del antiguo r\u00e9gimen\u201d, dentro de ese grupo incluy\u00f3 a los sindicalistas, a los \u201cdiputados que pidieron el voto apoyando el cambio, pero que pretendieron traicionar su mandato mientras nadie ve\u00eda\u201d, as\u00ed como tambi\u00e9n mencion\u00f3 a Sergio Massa, Juan Grabois, M\u00e1ximo Kirchner y la ex presidenta Cristina Kirchner.<\/h3>\n<\/li>\n<\/ul>\n<p>&nbsp;<\/p>\n<p>&nbsp;<\/p>\n<p>&nbsp;<\/p>\n<p>&nbsp;<\/p>\n","protected":false},"excerpt":{"rendered":"<p>Durante su discurso, el mandatario resalt\u00f3 las reformas que impuls\u00f3 desde su llegada al Gobierno,&#8230;<\/p>\n","protected":false},"author":1,"featured_media":12564,"comment_status":"closed","ping_status":"closed","sticky":false,"template":"","format":"standard","meta":{"footnotes":""},"categories":[5],"tags":[],"class_list":["post-12563","post","type-post","status-publish","format-standard","has-post-thumbnail","hentry","category-nacionales-internacionales"],"yoast_head":"<!-- This site is optimized with the Yoast SEO plugin v26.1.1 - https:\/\/yoast.com\/wordpress\/plugins\/seo\/ -->\n<title>LOS 8 PROYECTOS DEL \u201cPAQUETE ANTI CASTA\u201d QUE PRESENT\u00d3 EL PRESIDENTE - Apuntes de San Luis<\/title>\n<meta name=\"robots\" content=\"index, follow, max-snippet:-1, max-image-preview:large, max-video-preview:-1\" \/>\n<link rel=\"canonical\" href=\"https:\/\/apuntesdesanluis.com\/index.php\/2024\/03\/01\/los-8-proyectos-del-paquete-anti-casta-que-presento-el-presidente\/\" \/>\n<meta property=\"og:locale\" content=\"es_ES\" \/>\n<meta property=\"og:type\" content=\"article\" \/>\n<meta property=\"og:title\" content=\"LOS 8 PROYECTOS DEL \u201cPAQUETE ANTI CASTA\u201d QUE PRESENT\u00d3 EL PRESIDENTE - Apuntes de San Luis\" \/>\n<meta property=\"og:description\" content=\"Durante su discurso, el mandatario resalt\u00f3 las reformas que impuls\u00f3 desde su llegada al Gobierno,...\" \/>\n<meta property=\"og:url\" content=\"https:\/\/apuntesdesanluis.com\/index.php\/2024\/03\/01\/los-8-proyectos-del-paquete-anti-casta-que-presento-el-presidente\/\" \/>\n<meta property=\"og:site_name\" content=\"Apuntes de San Luis\" \/>\n<meta property=\"article:published_time\" content=\"2024-03-02T02:32:15+00:00\" \/>\n<meta property=\"article:modified_time\" content=\"2024-03-02T02:39:44+00:00\" \/>\n<meta property=\"og:image\" content=\"https:\/\/apuntesdesanluis.com\/wp-content\/uploads\/2024\/03\/MILEI-EN-LA-APERTURA.png\" \/>\n\t<meta property=\"og:image:width\" content=\"649\" \/>\n\t<meta property=\"og:image:height\" content=\"401\" \/>\n\t<meta property=\"og:image:type\" content=\"image\/png\" \/>\n<meta name=\"author\" content=\"apuntesdesanluis.com\" \/>\n<meta name=\"twitter:card\" content=\"summary_large_image\" \/>\n<meta name=\"twitter:label1\" content=\"Escrito por\" \/>\n\t<meta name=\"twitter:data1\" content=\"apuntesdesanluis.com\" \/>\n\t<meta name=\"twitter:label2\" content=\"Tiempo de lectura\" \/>\n\t<meta name=\"twitter:data2\" content=\"4 minutos\" \/>\n<script type=\"application\/ld+json\" class=\"yoast-schema-graph\">{\"@context\":\"https:\/\/schema.org\",\"@graph\":[{\"@type\":\"Article\",\"@id\":\"https:\/\/apuntesdesanluis.com\/index.php\/2024\/03\/01\/los-8-proyectos-del-paquete-anti-casta-que-presento-el-presidente\/#article\",\"isPartOf\":{\"@id\":\"https:\/\/apuntesdesanluis.com\/index.php\/2024\/03\/01\/los-8-proyectos-del-paquete-anti-casta-que-presento-el-presidente\/\"},\"author\":{\"name\":\"apuntesdesanluis.com\",\"@id\":\"https:\/\/apuntesdesanluis.com\/#\/schema\/person\/b55151d52296fcce64d1a72538a70b90\"},\"headline\":\"LOS 8 PROYECTOS DEL \u201cPAQUETE ANTI CASTA\u201d QUE PRESENT\u00d3 EL PRESIDENTE\",\"datePublished\":\"2024-03-02T02:32:15+00:00\",\"dateModified\":\"2024-03-02T02:39:44+00:00\",\"mainEntityOfPage\":{\"@id\":\"https:\/\/apuntesdesanluis.com\/index.php\/2024\/03\/01\/los-8-proyectos-del-paquete-anti-casta-que-presento-el-presidente\/\"},\"wordCount\":844,\"publisher\":{\"@id\":\"https:\/\/apuntesdesanluis.com\/#\/schema\/person\/b55151d52296fcce64d1a72538a70b90\"},\"image\":{\"@id\":\"https:\/\/apuntesdesanluis.com\/index.php\/2024\/03\/01\/los-8-proyectos-del-paquete-anti-casta-que-presento-el-presidente\/#primaryimage\"},\"thumbnailUrl\":\"https:\/\/apuntesdesanluis.com\/wp-content\/uploads\/2024\/03\/MILEI-EN-LA-APERTURA.png\",\"articleSection\":[\"Nacionales\/Internacionales\"],\"inLanguage\":\"es-AR\"},{\"@type\":\"WebPage\",\"@id\":\"https:\/\/apuntesdesanluis.com\/index.php\/2024\/03\/01\/los-8-proyectos-del-paquete-anti-casta-que-presento-el-presidente\/\",\"url\":\"https:\/\/apuntesdesanluis.com\/index.php\/2024\/03\/01\/los-8-proyectos-del-paquete-anti-casta-que-presento-el-presidente\/\",\"name\":\"LOS 8 PROYECTOS DEL \u201cPAQUETE ANTI CASTA\u201d QUE PRESENT\u00d3 EL PRESIDENTE - Apuntes de San Luis\",\"isPartOf\":{\"@id\":\"https:\/\/apuntesdesanluis.com\/#website\"},\"primaryImageOfPage\":{\"@id\":\"https:\/\/apuntesdesanluis.com\/index.php\/2024\/03\/01\/los-8-proyectos-del-paquete-anti-casta-que-presento-el-presidente\/#primaryimage\"},\"image\":{\"@id\":\"https:\/\/apuntesdesanluis.com\/index.php\/2024\/03\/01\/los-8-proyectos-del-paquete-anti-casta-que-presento-el-presidente\/#primaryimage\"},\"thumbnailUrl\":\"https:\/\/apuntesdesanluis.com\/wp-content\/uploads\/2024\/03\/MILEI-EN-LA-APERTURA.png\",\"datePublished\":\"2024-03-02T02:32:15+00:00\",\"dateModified\":\"2024-03-02T02:39:44+00:00\",\"breadcrumb\":{\"@id\":\"https:\/\/apuntesdesanluis.com\/index.php\/2024\/03\/01\/los-8-proyectos-del-paquete-anti-casta-que-presento-el-presidente\/#breadcrumb\"},\"inLanguage\":\"es-AR\",\"potentialAction\":[{\"@type\":\"ReadAction\",\"target\":[\"https:\/\/apuntesdesanluis.com\/index.php\/2024\/03\/01\/los-8-proyectos-del-paquete-anti-casta-que-presento-el-presidente\/\"]}]},{\"@type\":\"ImageObject\",\"inLanguage\":\"es-AR\",\"@id\":\"https:\/\/apuntesdesanluis.com\/index.php\/2024\/03\/01\/los-8-proyectos-del-paquete-anti-casta-que-presento-el-presidente\/#primaryimage\",\"url\":\"https:\/\/apuntesdesanluis.com\/wp-content\/uploads\/2024\/03\/MILEI-EN-LA-APERTURA.png\",\"contentUrl\":\"https:\/\/apuntesdesanluis.com\/wp-content\/uploads\/2024\/03\/MILEI-EN-LA-APERTURA.png\",\"width\":649,\"height\":401},{\"@type\":\"BreadcrumbList\",\"@id\":\"https:\/\/apuntesdesanluis.com\/index.php\/2024\/03\/01\/los-8-proyectos-del-paquete-anti-casta-que-presento-el-presidente\/#breadcrumb\",\"itemListElement\":[{\"@type\":\"ListItem\",\"position\":1,\"name\":\"Inicio\",\"item\":\"https:\/\/apuntesdesanluis.com\/\"},{\"@type\":\"ListItem\",\"position\":2,\"name\":\"LOS 8 PROYECTOS DEL \u201cPAQUETE ANTI CASTA\u201d QUE PRESENT\u00d3 EL PRESIDENTE\"}]},{\"@type\":\"WebSite\",\"@id\":\"https:\/\/apuntesdesanluis.com\/#website\",\"url\":\"https:\/\/apuntesdesanluis.com\/\",\"name\":\"Apuntes de San Luis\",\"description\":\"\",\"publisher\":{\"@id\":\"https:\/\/apuntesdesanluis.com\/#\/schema\/person\/b55151d52296fcce64d1a72538a70b90\"},\"potentialAction\":[{\"@type\":\"SearchAction\",\"target\":{\"@type\":\"EntryPoint\",\"urlTemplate\":\"https:\/\/apuntesdesanluis.com\/?s={search_term_string}\"},\"query-input\":{\"@type\":\"PropertyValueSpecification\",\"valueRequired\":true,\"valueName\":\"search_term_string\"}}],\"inLanguage\":\"es-AR\"},{\"@type\":[\"Person\",\"Organization\"],\"@id\":\"https:\/\/apuntesdesanluis.com\/#\/schema\/person\/b55151d52296fcce64d1a72538a70b90\",\"name\":\"apuntesdesanluis.com\",\"image\":{\"@type\":\"ImageObject\",\"inLanguage\":\"es-AR\",\"@id\":\"https:\/\/apuntesdesanluis.com\/#\/schema\/person\/image\/\",\"url\":\"https:\/\/apuntesdesanluis.com\/wp-content\/uploads\/2023\/07\/cropped-apuntesdesanluis.png\",\"contentUrl\":\"https:\/\/apuntesdesanluis.com\/wp-content\/uploads\/2023\/07\/cropped-apuntesdesanluis.png\",\"width\":450,\"height\":112,\"caption\":\"apuntesdesanluis.com\"},\"logo\":{\"@id\":\"https:\/\/apuntesdesanluis.com\/#\/schema\/person\/image\/\"},\"sameAs\":[\"https:\/\/apuntesdesanluis.com\"],\"url\":\"https:\/\/apuntesdesanluis.com\/index.php\/author\/apuntesdesanluis-com\/\"}]}<\/script>\n<!-- \/ Yoast SEO plugin. -->","yoast_head_json":{"title":"LOS 8 PROYECTOS DEL \u201cPAQUETE ANTI CASTA\u201d QUE PRESENT\u00d3 EL PRESIDENTE - Apuntes de San Luis","robots":{"index":"index","follow":"follow","max-snippet":"max-snippet:-1","max-image-preview":"max-image-preview:large","max-video-preview":"max-video-preview:-1"},"canonical":"https:\/\/apuntesdesanluis.com\/index.php\/2024\/03\/01\/los-8-proyectos-del-paquete-anti-casta-que-presento-el-presidente\/","og_locale":"es_ES","og_type":"article","og_title":"LOS 8 PROYECTOS DEL \u201cPAQUETE ANTI CASTA\u201d QUE PRESENT\u00d3 EL PRESIDENTE - Apuntes de San Luis","og_description":"Durante su discurso, el mandatario resalt\u00f3 las reformas que impuls\u00f3 desde su llegada al Gobierno,...","og_url":"https:\/\/apuntesdesanluis.com\/index.php\/2024\/03\/01\/los-8-proyectos-del-paquete-anti-casta-que-presento-el-presidente\/","og_site_name":"Apuntes de San Luis","article_published_time":"2024-03-02T02:32:15+00:00","article_modified_time":"2024-03-02T02:39:44+00:00","og_image":[{"width":649,"height":401,"url":"https:\/\/apuntesdesanluis.com\/wp-content\/uploads\/2024\/03\/MILEI-EN-LA-APERTURA.png","type":"image\/png"}],"author":"apuntesdesanluis.com","twitter_card":"summary_large_image","twitter_misc":{"Escrito por":"apuntesdesanluis.com","Tiempo de lectura":"4 minutos"},"schema":{"@context":"https:\/\/schema.org","@graph":[{"@type":"Article","@id":"https:\/\/apuntesdesanluis.com\/index.php\/2024\/03\/01\/los-8-proyectos-del-paquete-anti-casta-que-presento-el-presidente\/#article","isPartOf":{"@id":"https:\/\/apuntesdesanluis.com\/index.php\/2024\/03\/01\/los-8-proyectos-del-paquete-anti-casta-que-presento-el-presidente\/"},"author":{"name":"apuntesdesanluis.com","@id":"https:\/\/apuntesdesanluis.com\/#\/schema\/person\/b55151d52296fcce64d1a72538a70b90"},"headline":"LOS 8 PROYECTOS DEL \u201cPAQUETE ANTI CASTA\u201d QUE PRESENT\u00d3 EL PRESIDENTE","datePublished":"2024-03-02T02:32:15+00:00","dateModified":"2024-03-02T02:39:44+00:00","mainEntityOfPage":{"@id":"https:\/\/apuntesdesanluis.com\/index.php\/2024\/03\/01\/los-8-proyectos-del-paquete-anti-casta-que-presento-el-presidente\/"},"wordCount":844,"publisher":{"@id":"https:\/\/apuntesdesanluis.com\/#\/schema\/person\/b55151d52296fcce64d1a72538a70b90"},"image":{"@id":"https:\/\/apuntesdesanluis.com\/index.php\/2024\/03\/01\/los-8-proyectos-del-paquete-anti-casta-que-presento-el-presidente\/#primaryimage"},"thumbnailUrl":"https:\/\/apuntesdesanluis.com\/wp-content\/uploads\/2024\/03\/MILEI-EN-LA-APERTURA.png","articleSection":["Nacionales\/Internacionales"],"inLanguage":"es-AR"},{"@type":"WebPage","@id":"https:\/\/apuntesdesanluis.com\/index.php\/2024\/03\/01\/los-8-proyectos-del-paquete-anti-casta-que-presento-el-presidente\/","url":"https:\/\/apuntesdesanluis.com\/index.php\/2024\/03\/01\/los-8-proyectos-del-paquete-anti-casta-que-presento-el-presidente\/","name":"LOS 8 PROYECTOS DEL \u201cPAQUETE ANTI CASTA\u201d QUE PRESENT\u00d3 EL PRESIDENTE - Apuntes de San Luis","isPartOf":{"@id":"https:\/\/apuntesdesanluis.com\/#website"},"primaryImageOfPage":{"@id":"https:\/\/apuntesdesanluis.com\/index.php\/2024\/03\/01\/los-8-proyectos-del-paquete-anti-casta-que-presento-el-presidente\/#primaryimage"},"image":{"@id":"https:\/\/apuntesdesanluis.com\/index.php\/2024\/03\/01\/los-8-proyectos-del-paquete-anti-casta-que-presento-el-presidente\/#primaryimage"},"thumbnailUrl":"https:\/\/apuntesdesanluis.com\/wp-content\/uploads\/2024\/03\/MILEI-EN-LA-APERTURA.png","datePublished":"2024-03-02T02:32:15+00:00","dateModified":"2024-03-02T02:39:44+00:00","breadcrumb":{"@id":"https:\/\/apuntesdesanluis.com\/index.php\/2024\/03\/01\/los-8-proyectos-del-paquete-anti-casta-que-presento-el-presidente\/#breadcrumb"},"inLanguage":"es-AR","potentialAction":[{"@type":"ReadAction","target":["https:\/\/apuntesdesanluis.com\/index.php\/2024\/03\/01\/los-8-proyectos-del-paquete-anti-casta-que-presento-el-presidente\/"]}]},{"@type":"ImageObject","inLanguage":"es-AR","@id":"https:\/\/apuntesdesanluis.com\/index.php\/2024\/03\/01\/los-8-proyectos-del-paquete-anti-casta-que-presento-el-presidente\/#primaryimage","url":"https:\/\/apuntesdesanluis.com\/wp-content\/uploads\/2024\/03\/MILEI-EN-LA-APERTURA.png","contentUrl":"https:\/\/apuntesdesanluis.com\/wp-content\/uploads\/2024\/03\/MILEI-EN-LA-APERTURA.png","width":649,"height":401},{"@type":"BreadcrumbList","@id":"https:\/\/apuntesdesanluis.com\/index.php\/2024\/03\/01\/los-8-proyectos-del-paquete-anti-casta-que-presento-el-presidente\/#breadcrumb","itemListElement":[{"@type":"ListItem","position":1,"name":"Inicio","item":"https:\/\/apuntesdesanluis.com\/"},{"@type":"ListItem","position":2,"name":"LOS 8 PROYECTOS DEL \u201cPAQUETE ANTI CASTA\u201d QUE PRESENT\u00d3 EL PRESIDENTE"}]},{"@type":"WebSite","@id":"https:\/\/apuntesdesanluis.com\/#website","url":"https:\/\/apuntesdesanluis.com\/","name":"Apuntes de San Luis","description":"","publisher":{"@id":"https:\/\/apuntesdesanluis.com\/#\/schema\/person\/b55151d52296fcce64d1a72538a70b90"},"potentialAction":[{"@type":"SearchAction","target":{"@type":"EntryPoint","urlTemplate":"https:\/\/apuntesdesanluis.com\/?s={search_term_string}"},"query-input":{"@type":"PropertyValueSpecification","valueRequired":true,"valueName":"search_term_string"}}],"inLanguage":"es-AR"},{"@type":["Person","Organization"],"@id":"https:\/\/apuntesdesanluis.com\/#\/schema\/person\/b55151d52296fcce64d1a72538a70b90","name":"apuntesdesanluis.com","image":{"@type":"ImageObject","inLanguage":"es-AR","@id":"https:\/\/apuntesdesanluis.com\/#\/schema\/person\/image\/","url":"https:\/\/apuntesdesanluis.com\/wp-content\/uploads\/2023\/07\/cropped-apuntesdesanluis.png","contentUrl":"https:\/\/apuntesdesanluis.com\/wp-content\/uploads\/2023\/07\/cropped-apuntesdesanluis.png","width":450,"height":112,"caption":"apuntesdesanluis.com"},"logo":{"@id":"https:\/\/apuntesdesanluis.com\/#\/schema\/person\/image\/"},"sameAs":["https:\/\/apuntesdesanluis.com"],"url":"https:\/\/apuntesdesanluis.com\/index.php\/author\/apuntesdesanluis-com\/"}]}},"featured_image_urls":{"full":["https:\/\/apuntesdesanluis.com\/wp-content\/uploads\/2024\/03\/MILEI-EN-LA-APERTURA.png",649,401,false],"thumbnail":["https:\/\/apuntesdesanluis.com\/wp-content\/uploads\/2024\/03\/MILEI-EN-LA-APERTURA-150x150.png",150,150,true],"medium":["https:\/\/apuntesdesanluis.com\/wp-content\/uploads\/2024\/03\/MILEI-EN-LA-APERTURA-300x185.png",300,185,true],"medium_large":["https:\/\/apuntesdesanluis.com\/wp-content\/uploads\/2024\/03\/MILEI-EN-LA-APERTURA.png",640,395,false],"large":["https:\/\/apuntesdesanluis.com\/wp-content\/uploads\/2024\/03\/MILEI-EN-LA-APERTURA.png",640,395,false],"1536x1536":["https:\/\/apuntesdesanluis.com\/wp-content\/uploads\/2024\/03\/MILEI-EN-LA-APERTURA.png",649,401,false],"2048x2048":["https:\/\/apuntesdesanluis.com\/wp-content\/uploads\/2024\/03\/MILEI-EN-LA-APERTURA.png",649,401,false],"newsever-slider-full":["https:\/\/apuntesdesanluis.com\/wp-content\/uploads\/2024\/03\/MILEI-EN-LA-APERTURA.png",649,401,false],"newsever-featured":["https:\/\/apuntesdesanluis.com\/wp-content\/uploads\/2024\/03\/MILEI-EN-LA-APERTURA.png",649,401,false],"newsever-medium":["https:\/\/apuntesdesanluis.com\/wp-content\/uploads\/2024\/03\/MILEI-EN-LA-APERTURA.png",649,401,false]},"author_info":{"display_name":"apuntesdesanluis.com","author_link":"https:\/\/apuntesdesanluis.com\/index.php\/author\/apuntesdesanluis-com\/"},"category_info":"<a href=\"https:\/\/apuntesdesanluis.com\/index.php\/category\/nacionales-internacionales\/\" rel=\"category tag\">Nacionales\/Internacionales<\/a>","tag_info":"Nacionales\/Internacionales","comment_count":"0","_links":{"self":[{"href":"https:\/\/apuntesdesanluis.com\/index.php\/wp-json\/wp\/v2\/posts\/12563","targetHints":{"allow":["GET"]}}],"collection":[{"href":"https:\/\/apuntesdesanluis.com\/index.php\/wp-json\/wp\/v2\/posts"}],"about":[{"href":"https:\/\/apuntesdesanluis.com\/index.php\/wp-json\/wp\/v2\/types\/post"}],"author":[{"embeddable":true,"href":"https:\/\/apuntesdesanluis.com\/index.php\/wp-json\/wp\/v2\/users\/1"}],"replies":[{"embeddable":true,"href":"https:\/\/apuntesdesanluis.com\/index.php\/wp-json\/wp\/v2\/comments?post=12563"}],"version-history":[{"count":2,"href":"https:\/\/apuntesdesanluis.com\/index.php\/wp-json\/wp\/v2\/posts\/12563\/revisions"}],"predecessor-version":[{"id":12570,"href":"https:\/\/apuntesdesanluis.com\/index.php\/wp-json\/wp\/v2\/posts\/12563\/revisions\/12570"}],"wp:featuredmedia":[{"embeddable":true,"href":"https:\/\/apuntesdesanluis.com\/index.php\/wp-json\/wp\/v2\/media\/12564"}],"wp:attachment":[{"href":"https:\/\/apuntesdesanluis.com\/index.php\/wp-json\/wp\/v2\/media?parent=12563"}],"wp:term":[{"taxonomy":"category","embeddable":true,"href":"https:\/\/apuntesdesanluis.com\/index.php\/wp-json\/wp\/v2\/categories?post=12563"},{"taxonomy":"post_tag","embeddable":true,"href":"https:\/\/apuntesdesanluis.com\/index.php\/wp-json\/wp\/v2\/tags?post=12563"}],"curies":[{"name":"wp","href":"https:\/\/api.w.org\/{rel}","templated":true}]}}