{"id":12571,"date":"2024-03-01T21:49:38","date_gmt":"2024-03-02T00:49:38","guid":{"rendered":"https:\/\/apuntesdesanluis.com\/?p=12571"},"modified":"2024-03-01T23:51:21","modified_gmt":"2024-03-02T02:51:21","slug":"la-justicia-le-ordeno-al-gobierno-que-avance-con-la-apertura-de-la-universidad-nacional-de-pilar","status":"publish","type":"post","link":"https:\/\/apuntesdesanluis.com\/index.php\/2024\/03\/01\/la-justicia-le-ordeno-al-gobierno-que-avance-con-la-apertura-de-la-universidad-nacional-de-pilar\/","title":{"rendered":"LA JUSTICIA LE ORDEN\u00d3 AL GOBIERNO QUE AVANCE CON LA APERTURA DE LA UNIVERSIDAD NACIONAL DE PILAR"},"content":{"rendered":"<h3><\/h3>\n<h3>El juez federal de Campana, Adri\u00e1n Gonz\u00e1lez Charvay, le orden\u00f3 hoy a la ministra de Capital Humano, <strong>Sandra Pettovello (al centro)<\/strong>, la \u201csuspensi\u00f3n inmediata\u201d de la resoluci\u00f3n de su cartera que esta semana resolvi\u00f3 frenar la apertura -y poner bajo revisi\u00f3n- a cinco universidades que cre\u00f3 el Congreso Nacional por ley durante el gobierno de Alberto Fern\u00e1ndez.<\/h3>\n<h3>La medida, dispuesta por el magistrado, rige s\u00f3lo para la Universidad Nacional de Pilar ya que su rectora, Elizabeth Diana Wanger, present\u00f3 un amparo para que se declare la inconstitucionalidad de la decisi\u00f3n ya que \u201cvulnera garant\u00edas protegidas por la Constituci\u00f3n Nacional que consagra la autonom\u00eda universitaria\u201c. Por ende, solicit\u00f3 la medida cautelar que dio inicio a la causa judicial.<\/h3>\n<h3>El juez Gonz\u00e1lez Charvay tom\u00f3 dicha resoluci\u00f3n porque est\u00e1 en riesgo un derecho constitucional como la educaci\u00f3n y por \u201cla urgencia y peligro en la demora por la proximidad de las fechas de inicio del ciclo lectivo universitario\u201d.<\/h3>\n<h3>Esta decisi\u00f3n judicial ser\u00e1 moment\u00e1nea ya que alcanzar\u00e1 hasta que el magistrado resuelva el planteo de fondo: el pedido de inconstitucionalidad de la decisi\u00f3n del gobierno nacional de Javier Milei. \u201cEs una medida cautelar interina\u201d, confirmaron fuentes oficiales a Infobae.<\/h3>\n<h3>El Ministerio de Capital Humano dict\u00f3 esta semana la resoluci\u00f3n 45\/2024 por la cual suspendi\u00f3 la apertura y decidi\u00f3 revisar la creaci\u00f3n de las siguientes altas casas de estudios nacionales: Pilar, Ezeiza y Delta, ubicadas en la provincia de Buenos Aires, R\u00edo Tercero -provincia de C\u00f3rdoba- y Madres de Plaza de Mayo, en CABA. El fundamento de la decisi\u00f3n fue \u201cevitar la duplicaci\u00f3n y superposici\u00f3n de estructuras jer\u00e1rquicas y garantizar que la oferta educativa cumpla con la calidad y pertinencia debida\u201d.<\/h3>\n<h3>Y la decisi\u00f3n se mantendr\u00e1 hasta \u201cdeterminar si el procedimiento administrativo exigido por la Ley de Educaci\u00f3n Superior para crear nuevas universidades fue debidamente cumplido, si las condiciones all\u00ed establecidas fueron realmente satisfechas y se encuentren debidamente documentadas y si la pertinencia, oportunidad y la previsi\u00f3n del cr\u00e9dito presupuestario correspondiente, en base a un estudio de factibilidad, aval\u00f3 la iniciativa\u201d.<\/h3>\n<h3>\u201cSe desprende la urgencia y peligro en la demora por la proximidad de las fechas de inicio del ciclo lectivo universitario, habida cuenta que el pretendido \u00b4proceso de revisi\u00f3n de la creaci\u00f3n e inicio de actividades acad\u00e9micas\u00b4 indicado en el art. 1 de la Resoluci\u00f3n 45\/2024 del Ministerio de Capital Humano, dilatar\u00eda el inicio de las referidas actividades acad\u00e9micas en la Universidad de Pilar\u201d, sostuvo el juez para dictar la medida cautelar interina.<\/h3>\n<h3>El magistrado aclar\u00f3 que su decisi\u00f3n \u201cno implica adelantar opini\u00f3n sobre la resoluci\u00f3n final\u201d pero que en el caso se daban los supuestos que establece la ley para resolver de esa manera: peligro en demorar una medida y verosimilitud en el reclamo que se hace.<\/h3>\n<h3>Gonz\u00e1lez Charvay record\u00f3 que \u201clas universidades nacionales s\u00f3lo pueden ser creadas por ley y su cese debe ser dispuesto tambi\u00e9n por ley, previo informe del Consejo Interuniversitario Nacional\u201d por lo que la decisi\u00f3n del Ministerio de Capital Humano \u201ctrasuntar\u00eda a priori la injerencia del Poder Ejecutivo en el ejercicio de facultades que se encuentran reservadas a otros poderes del Estado\u201d.<\/h3>\n<h3>Tambi\u00e9n record\u00f3 que \u201cel derecho constitucional de ense\u00f1ar y aprender (art. 14 CN y tratados internacionales constitucionalizados) se encuentra regulado por la ley 26.206 que reconoce que \u00b4la educaci\u00f3n y conocimiento son un bien p\u00fablico y un derecho personal y social garantizados por el Estado\u00b4\u201d. Para el magistrado ese derecho est\u00e1 en juego con la decisi\u00f3n del gobierno nacional al que se le suma \u201cr la inminente fecha de inicio del ciclo lectivo universitario\u201d.<\/h3>\n<h3>El fallo recuerda que \u201cla finalidad de toda medida cautelar es impedir la frustraci\u00f3n del derecho de quien acciona, asegurando el eventual cumplimiento de la sentencia definitiva mediante el mantenimiento de un estado de hecho o de derecho y evitar as\u00ed que se torne ineficaz el pronunciamiento definitivo de caberle raz\u00f3n a quien promueve la acci\u00f3n\u201d.<\/h3>\n<p>&nbsp;<\/p>\n<p>&nbsp;<\/p>\n","protected":false},"excerpt":{"rendered":"<p>El juez federal de Campana, Adri\u00e1n Gonz\u00e1lez Charvay, le orden\u00f3 hoy a la ministra de&#8230;<\/p>\n","protected":false},"author":1,"featured_media":12572,"comment_status":"closed","ping_status":"closed","sticky":false,"template":"","format":"standard","meta":{"footnotes":""},"categories":[5],"tags":[],"class_list":["post-12571","post","type-post","status-publish","format-standard","has-post-thumbnail","hentry","category-nacionales-internacionales"],"yoast_head":"<!-- This site is optimized with the Yoast SEO plugin v26.1.1 - https:\/\/yoast.com\/wordpress\/plugins\/seo\/ -->\n<title>LA JUSTICIA LE ORDEN\u00d3 AL GOBIERNO QUE AVANCE CON LA APERTURA DE LA UNIVERSIDAD NACIONAL DE PILAR - Apuntes de San Luis<\/title>\n<meta name=\"robots\" content=\"index, follow, max-snippet:-1, max-image-preview:large, max-video-preview:-1\" \/>\n<link rel=\"canonical\" href=\"https:\/\/apuntesdesanluis.com\/index.php\/2024\/03\/01\/la-justicia-le-ordeno-al-gobierno-que-avance-con-la-apertura-de-la-universidad-nacional-de-pilar\/\" \/>\n<meta property=\"og:locale\" content=\"es_ES\" \/>\n<meta property=\"og:type\" content=\"article\" \/>\n<meta property=\"og:title\" content=\"LA JUSTICIA LE ORDEN\u00d3 AL GOBIERNO QUE AVANCE CON LA APERTURA DE LA UNIVERSIDAD NACIONAL DE PILAR - Apuntes de San Luis\" \/>\n<meta property=\"og:description\" content=\"El juez federal de Campana, Adri\u00e1n Gonz\u00e1lez Charvay, le orden\u00f3 hoy a la ministra de...\" \/>\n<meta property=\"og:url\" content=\"https:\/\/apuntesdesanluis.com\/index.php\/2024\/03\/01\/la-justicia-le-ordeno-al-gobierno-que-avance-con-la-apertura-de-la-universidad-nacional-de-pilar\/\" \/>\n<meta property=\"og:site_name\" content=\"Apuntes de San Luis\" \/>\n<meta property=\"article:published_time\" content=\"2024-03-02T00:49:38+00:00\" \/>\n<meta property=\"article:modified_time\" content=\"2024-03-02T02:51:21+00:00\" \/>\n<meta property=\"og:image\" content=\"https:\/\/apuntesdesanluis.com\/wp-content\/uploads\/2024\/03\/PETTOVELLO.png\" \/>\n\t<meta property=\"og:image:width\" content=\"577\" \/>\n\t<meta property=\"og:image:height\" content=\"311\" \/>\n\t<meta property=\"og:image:type\" content=\"image\/png\" \/>\n<meta name=\"author\" content=\"apuntesdesanluis.com\" \/>\n<meta name=\"twitter:card\" content=\"summary_large_image\" \/>\n<meta name=\"twitter:label1\" content=\"Escrito por\" \/>\n\t<meta name=\"twitter:data1\" content=\"apuntesdesanluis.com\" \/>\n\t<meta name=\"twitter:label2\" content=\"Tiempo de lectura\" \/>\n\t<meta name=\"twitter:data2\" content=\"3 minutos\" \/>\n<script type=\"application\/ld+json\" class=\"yoast-schema-graph\">{\"@context\":\"https:\/\/schema.org\",\"@graph\":[{\"@type\":\"Article\",\"@id\":\"https:\/\/apuntesdesanluis.com\/index.php\/2024\/03\/01\/la-justicia-le-ordeno-al-gobierno-que-avance-con-la-apertura-de-la-universidad-nacional-de-pilar\/#article\",\"isPartOf\":{\"@id\":\"https:\/\/apuntesdesanluis.com\/index.php\/2024\/03\/01\/la-justicia-le-ordeno-al-gobierno-que-avance-con-la-apertura-de-la-universidad-nacional-de-pilar\/\"},\"author\":{\"name\":\"apuntesdesanluis.com\",\"@id\":\"https:\/\/apuntesdesanluis.com\/#\/schema\/person\/b55151d52296fcce64d1a72538a70b90\"},\"headline\":\"LA JUSTICIA LE ORDEN\u00d3 AL GOBIERNO QUE AVANCE CON LA APERTURA DE LA UNIVERSIDAD NACIONAL DE PILAR\",\"datePublished\":\"2024-03-02T00:49:38+00:00\",\"dateModified\":\"2024-03-02T02:51:21+00:00\",\"mainEntityOfPage\":{\"@id\":\"https:\/\/apuntesdesanluis.com\/index.php\/2024\/03\/01\/la-justicia-le-ordeno-al-gobierno-que-avance-con-la-apertura-de-la-universidad-nacional-de-pilar\/\"},\"wordCount\":709,\"publisher\":{\"@id\":\"https:\/\/apuntesdesanluis.com\/#\/schema\/person\/b55151d52296fcce64d1a72538a70b90\"},\"image\":{\"@id\":\"https:\/\/apuntesdesanluis.com\/index.php\/2024\/03\/01\/la-justicia-le-ordeno-al-gobierno-que-avance-con-la-apertura-de-la-universidad-nacional-de-pilar\/#primaryimage\"},\"thumbnailUrl\":\"https:\/\/apuntesdesanluis.com\/wp-content\/uploads\/2024\/03\/PETTOVELLO.png\",\"articleSection\":[\"Nacionales\/Internacionales\"],\"inLanguage\":\"es-AR\"},{\"@type\":\"WebPage\",\"@id\":\"https:\/\/apuntesdesanluis.com\/index.php\/2024\/03\/01\/la-justicia-le-ordeno-al-gobierno-que-avance-con-la-apertura-de-la-universidad-nacional-de-pilar\/\",\"url\":\"https:\/\/apuntesdesanluis.com\/index.php\/2024\/03\/01\/la-justicia-le-ordeno-al-gobierno-que-avance-con-la-apertura-de-la-universidad-nacional-de-pilar\/\",\"name\":\"LA JUSTICIA LE ORDEN\u00d3 AL GOBIERNO QUE AVANCE CON LA APERTURA DE LA UNIVERSIDAD NACIONAL DE PILAR - Apuntes de San Luis\",\"isPartOf\":{\"@id\":\"https:\/\/apuntesdesanluis.com\/#website\"},\"primaryImageOfPage\":{\"@id\":\"https:\/\/apuntesdesanluis.com\/index.php\/2024\/03\/01\/la-justicia-le-ordeno-al-gobierno-que-avance-con-la-apertura-de-la-universidad-nacional-de-pilar\/#primaryimage\"},\"image\":{\"@id\":\"https:\/\/apuntesdesanluis.com\/index.php\/2024\/03\/01\/la-justicia-le-ordeno-al-gobierno-que-avance-con-la-apertura-de-la-universidad-nacional-de-pilar\/#primaryimage\"},\"thumbnailUrl\":\"https:\/\/apuntesdesanluis.com\/wp-content\/uploads\/2024\/03\/PETTOVELLO.png\",\"datePublished\":\"2024-03-02T00:49:38+00:00\",\"dateModified\":\"2024-03-02T02:51:21+00:00\",\"breadcrumb\":{\"@id\":\"https:\/\/apuntesdesanluis.com\/index.php\/2024\/03\/01\/la-justicia-le-ordeno-al-gobierno-que-avance-con-la-apertura-de-la-universidad-nacional-de-pilar\/#breadcrumb\"},\"inLanguage\":\"es-AR\",\"potentialAction\":[{\"@type\":\"ReadAction\",\"target\":[\"https:\/\/apuntesdesanluis.com\/index.php\/2024\/03\/01\/la-justicia-le-ordeno-al-gobierno-que-avance-con-la-apertura-de-la-universidad-nacional-de-pilar\/\"]}]},{\"@type\":\"ImageObject\",\"inLanguage\":\"es-AR\",\"@id\":\"https:\/\/apuntesdesanluis.com\/index.php\/2024\/03\/01\/la-justicia-le-ordeno-al-gobierno-que-avance-con-la-apertura-de-la-universidad-nacional-de-pilar\/#primaryimage\",\"url\":\"https:\/\/apuntesdesanluis.com\/wp-content\/uploads\/2024\/03\/PETTOVELLO.png\",\"contentUrl\":\"https:\/\/apuntesdesanluis.com\/wp-content\/uploads\/2024\/03\/PETTOVELLO.png\",\"width\":577,\"height\":311},{\"@type\":\"BreadcrumbList\",\"@id\":\"https:\/\/apuntesdesanluis.com\/index.php\/2024\/03\/01\/la-justicia-le-ordeno-al-gobierno-que-avance-con-la-apertura-de-la-universidad-nacional-de-pilar\/#breadcrumb\",\"itemListElement\":[{\"@type\":\"ListItem\",\"position\":1,\"name\":\"Inicio\",\"item\":\"https:\/\/apuntesdesanluis.com\/\"},{\"@type\":\"ListItem\",\"position\":2,\"name\":\"LA JUSTICIA LE ORDEN\u00d3 AL GOBIERNO QUE AVANCE CON LA APERTURA DE LA UNIVERSIDAD NACIONAL DE PILAR\"}]},{\"@type\":\"WebSite\",\"@id\":\"https:\/\/apuntesdesanluis.com\/#website\",\"url\":\"https:\/\/apuntesdesanluis.com\/\",\"name\":\"Apuntes de San Luis\",\"description\":\"\",\"publisher\":{\"@id\":\"https:\/\/apuntesdesanluis.com\/#\/schema\/person\/b55151d52296fcce64d1a72538a70b90\"},\"potentialAction\":[{\"@type\":\"SearchAction\",\"target\":{\"@type\":\"EntryPoint\",\"urlTemplate\":\"https:\/\/apuntesdesanluis.com\/?s={search_term_string}\"},\"query-input\":{\"@type\":\"PropertyValueSpecification\",\"valueRequired\":true,\"valueName\":\"search_term_string\"}}],\"inLanguage\":\"es-AR\"},{\"@type\":[\"Person\",\"Organization\"],\"@id\":\"https:\/\/apuntesdesanluis.com\/#\/schema\/person\/b55151d52296fcce64d1a72538a70b90\",\"name\":\"apuntesdesanluis.com\",\"image\":{\"@type\":\"ImageObject\",\"inLanguage\":\"es-AR\",\"@id\":\"https:\/\/apuntesdesanluis.com\/#\/schema\/person\/image\/\",\"url\":\"https:\/\/apuntesdesanluis.com\/wp-content\/uploads\/2023\/07\/cropped-apuntesdesanluis.png\",\"contentUrl\":\"https:\/\/apuntesdesanluis.com\/wp-content\/uploads\/2023\/07\/cropped-apuntesdesanluis.png\",\"width\":450,\"height\":112,\"caption\":\"apuntesdesanluis.com\"},\"logo\":{\"@id\":\"https:\/\/apuntesdesanluis.com\/#\/schema\/person\/image\/\"},\"sameAs\":[\"https:\/\/apuntesdesanluis.com\"],\"url\":\"https:\/\/apuntesdesanluis.com\/index.php\/author\/apuntesdesanluis-com\/\"}]}<\/script>\n<!-- \/ Yoast SEO plugin. -->","yoast_head_json":{"title":"LA JUSTICIA LE ORDEN\u00d3 AL GOBIERNO QUE AVANCE CON LA APERTURA DE LA UNIVERSIDAD NACIONAL DE PILAR - Apuntes de San Luis","robots":{"index":"index","follow":"follow","max-snippet":"max-snippet:-1","max-image-preview":"max-image-preview:large","max-video-preview":"max-video-preview:-1"},"canonical":"https:\/\/apuntesdesanluis.com\/index.php\/2024\/03\/01\/la-justicia-le-ordeno-al-gobierno-que-avance-con-la-apertura-de-la-universidad-nacional-de-pilar\/","og_locale":"es_ES","og_type":"article","og_title":"LA JUSTICIA LE ORDEN\u00d3 AL GOBIERNO QUE AVANCE CON LA APERTURA DE LA UNIVERSIDAD NACIONAL DE PILAR - Apuntes de San Luis","og_description":"El juez federal de Campana, Adri\u00e1n Gonz\u00e1lez Charvay, le orden\u00f3 hoy a la ministra de...","og_url":"https:\/\/apuntesdesanluis.com\/index.php\/2024\/03\/01\/la-justicia-le-ordeno-al-gobierno-que-avance-con-la-apertura-de-la-universidad-nacional-de-pilar\/","og_site_name":"Apuntes de San Luis","article_published_time":"2024-03-02T00:49:38+00:00","article_modified_time":"2024-03-02T02:51:21+00:00","og_image":[{"width":577,"height":311,"url":"https:\/\/apuntesdesanluis.com\/wp-content\/uploads\/2024\/03\/PETTOVELLO.png","type":"image\/png"}],"author":"apuntesdesanluis.com","twitter_card":"summary_large_image","twitter_misc":{"Escrito por":"apuntesdesanluis.com","Tiempo de lectura":"3 minutos"},"schema":{"@context":"https:\/\/schema.org","@graph":[{"@type":"Article","@id":"https:\/\/apuntesdesanluis.com\/index.php\/2024\/03\/01\/la-justicia-le-ordeno-al-gobierno-que-avance-con-la-apertura-de-la-universidad-nacional-de-pilar\/#article","isPartOf":{"@id":"https:\/\/apuntesdesanluis.com\/index.php\/2024\/03\/01\/la-justicia-le-ordeno-al-gobierno-que-avance-con-la-apertura-de-la-universidad-nacional-de-pilar\/"},"author":{"name":"apuntesdesanluis.com","@id":"https:\/\/apuntesdesanluis.com\/#\/schema\/person\/b55151d52296fcce64d1a72538a70b90"},"headline":"LA JUSTICIA LE ORDEN\u00d3 AL GOBIERNO QUE AVANCE CON LA APERTURA DE LA UNIVERSIDAD NACIONAL DE PILAR","datePublished":"2024-03-02T00:49:38+00:00","dateModified":"2024-03-02T02:51:21+00:00","mainEntityOfPage":{"@id":"https:\/\/apuntesdesanluis.com\/index.php\/2024\/03\/01\/la-justicia-le-ordeno-al-gobierno-que-avance-con-la-apertura-de-la-universidad-nacional-de-pilar\/"},"wordCount":709,"publisher":{"@id":"https:\/\/apuntesdesanluis.com\/#\/schema\/person\/b55151d52296fcce64d1a72538a70b90"},"image":{"@id":"https:\/\/apuntesdesanluis.com\/index.php\/2024\/03\/01\/la-justicia-le-ordeno-al-gobierno-que-avance-con-la-apertura-de-la-universidad-nacional-de-pilar\/#primaryimage"},"thumbnailUrl":"https:\/\/apuntesdesanluis.com\/wp-content\/uploads\/2024\/03\/PETTOVELLO.png","articleSection":["Nacionales\/Internacionales"],"inLanguage":"es-AR"},{"@type":"WebPage","@id":"https:\/\/apuntesdesanluis.com\/index.php\/2024\/03\/01\/la-justicia-le-ordeno-al-gobierno-que-avance-con-la-apertura-de-la-universidad-nacional-de-pilar\/","url":"https:\/\/apuntesdesanluis.com\/index.php\/2024\/03\/01\/la-justicia-le-ordeno-al-gobierno-que-avance-con-la-apertura-de-la-universidad-nacional-de-pilar\/","name":"LA JUSTICIA LE ORDEN\u00d3 AL GOBIERNO QUE AVANCE CON LA APERTURA DE LA UNIVERSIDAD NACIONAL DE PILAR - Apuntes de San Luis","isPartOf":{"@id":"https:\/\/apuntesdesanluis.com\/#website"},"primaryImageOfPage":{"@id":"https:\/\/apuntesdesanluis.com\/index.php\/2024\/03\/01\/la-justicia-le-ordeno-al-gobierno-que-avance-con-la-apertura-de-la-universidad-nacional-de-pilar\/#primaryimage"},"image":{"@id":"https:\/\/apuntesdesanluis.com\/index.php\/2024\/03\/01\/la-justicia-le-ordeno-al-gobierno-que-avance-con-la-apertura-de-la-universidad-nacional-de-pilar\/#primaryimage"},"thumbnailUrl":"https:\/\/apuntesdesanluis.com\/wp-content\/uploads\/2024\/03\/PETTOVELLO.png","datePublished":"2024-03-02T00:49:38+00:00","dateModified":"2024-03-02T02:51:21+00:00","breadcrumb":{"@id":"https:\/\/apuntesdesanluis.com\/index.php\/2024\/03\/01\/la-justicia-le-ordeno-al-gobierno-que-avance-con-la-apertura-de-la-universidad-nacional-de-pilar\/#breadcrumb"},"inLanguage":"es-AR","potentialAction":[{"@type":"ReadAction","target":["https:\/\/apuntesdesanluis.com\/index.php\/2024\/03\/01\/la-justicia-le-ordeno-al-gobierno-que-avance-con-la-apertura-de-la-universidad-nacional-de-pilar\/"]}]},{"@type":"ImageObject","inLanguage":"es-AR","@id":"https:\/\/apuntesdesanluis.com\/index.php\/2024\/03\/01\/la-justicia-le-ordeno-al-gobierno-que-avance-con-la-apertura-de-la-universidad-nacional-de-pilar\/#primaryimage","url":"https:\/\/apuntesdesanluis.com\/wp-content\/uploads\/2024\/03\/PETTOVELLO.png","contentUrl":"https:\/\/apuntesdesanluis.com\/wp-content\/uploads\/2024\/03\/PETTOVELLO.png","width":577,"height":311},{"@type":"BreadcrumbList","@id":"https:\/\/apuntesdesanluis.com\/index.php\/2024\/03\/01\/la-justicia-le-ordeno-al-gobierno-que-avance-con-la-apertura-de-la-universidad-nacional-de-pilar\/#breadcrumb","itemListElement":[{"@type":"ListItem","position":1,"name":"Inicio","item":"https:\/\/apuntesdesanluis.com\/"},{"@type":"ListItem","position":2,"name":"LA JUSTICIA LE ORDEN\u00d3 AL GOBIERNO QUE AVANCE CON LA APERTURA DE LA UNIVERSIDAD NACIONAL DE PILAR"}]},{"@type":"WebSite","@id":"https:\/\/apuntesdesanluis.com\/#website","url":"https:\/\/apuntesdesanluis.com\/","name":"Apuntes de San Luis","description":"","publisher":{"@id":"https:\/\/apuntesdesanluis.com\/#\/schema\/person\/b55151d52296fcce64d1a72538a70b90"},"potentialAction":[{"@type":"SearchAction","target":{"@type":"EntryPoint","urlTemplate":"https:\/\/apuntesdesanluis.com\/?s={search_term_string}"},"query-input":{"@type":"PropertyValueSpecification","valueRequired":true,"valueName":"search_term_string"}}],"inLanguage":"es-AR"},{"@type":["Person","Organization"],"@id":"https:\/\/apuntesdesanluis.com\/#\/schema\/person\/b55151d52296fcce64d1a72538a70b90","name":"apuntesdesanluis.com","image":{"@type":"ImageObject","inLanguage":"es-AR","@id":"https:\/\/apuntesdesanluis.com\/#\/schema\/person\/image\/","url":"https:\/\/apuntesdesanluis.com\/wp-content\/uploads\/2023\/07\/cropped-apuntesdesanluis.png","contentUrl":"https:\/\/apuntesdesanluis.com\/wp-content\/uploads\/2023\/07\/cropped-apuntesdesanluis.png","width":450,"height":112,"caption":"apuntesdesanluis.com"},"logo":{"@id":"https:\/\/apuntesdesanluis.com\/#\/schema\/person\/image\/"},"sameAs":["https:\/\/apuntesdesanluis.com"],"url":"https:\/\/apuntesdesanluis.com\/index.php\/author\/apuntesdesanluis-com\/"}]}},"featured_image_urls":{"full":["https:\/\/apuntesdesanluis.com\/wp-content\/uploads\/2024\/03\/PETTOVELLO.png",577,311,false],"thumbnail":["https:\/\/apuntesdesanluis.com\/wp-content\/uploads\/2024\/03\/PETTOVELLO-150x150.png",150,150,true],"medium":["https:\/\/apuntesdesanluis.com\/wp-content\/uploads\/2024\/03\/PETTOVELLO-300x162.png",300,162,true],"medium_large":["https:\/\/apuntesdesanluis.com\/wp-content\/uploads\/2024\/03\/PETTOVELLO.png",577,311,false],"large":["https:\/\/apuntesdesanluis.com\/wp-content\/uploads\/2024\/03\/PETTOVELLO.png",577,311,false],"1536x1536":["https:\/\/apuntesdesanluis.com\/wp-content\/uploads\/2024\/03\/PETTOVELLO.png",577,311,false],"2048x2048":["https:\/\/apuntesdesanluis.com\/wp-content\/uploads\/2024\/03\/PETTOVELLO.png",577,311,false],"newsever-slider-full":["https:\/\/apuntesdesanluis.com\/wp-content\/uploads\/2024\/03\/PETTOVELLO.png",577,311,false],"newsever-featured":["https:\/\/apuntesdesanluis.com\/wp-content\/uploads\/2024\/03\/PETTOVELLO.png",577,311,false],"newsever-medium":["https:\/\/apuntesdesanluis.com\/wp-content\/uploads\/2024\/03\/PETTOVELLO.png",577,311,false]},"author_info":{"display_name":"apuntesdesanluis.com","author_link":"https:\/\/apuntesdesanluis.com\/index.php\/author\/apuntesdesanluis-com\/"},"category_info":"<a href=\"https:\/\/apuntesdesanluis.com\/index.php\/category\/nacionales-internacionales\/\" rel=\"category tag\">Nacionales\/Internacionales<\/a>","tag_info":"Nacionales\/Internacionales","comment_count":"0","_links":{"self":[{"href":"https:\/\/apuntesdesanluis.com\/index.php\/wp-json\/wp\/v2\/posts\/12571","targetHints":{"allow":["GET"]}}],"collection":[{"href":"https:\/\/apuntesdesanluis.com\/index.php\/wp-json\/wp\/v2\/posts"}],"about":[{"href":"https:\/\/apuntesdesanluis.com\/index.php\/wp-json\/wp\/v2\/types\/post"}],"author":[{"embeddable":true,"href":"https:\/\/apuntesdesanluis.com\/index.php\/wp-json\/wp\/v2\/users\/1"}],"replies":[{"embeddable":true,"href":"https:\/\/apuntesdesanluis.com\/index.php\/wp-json\/wp\/v2\/comments?post=12571"}],"version-history":[{"count":1,"href":"https:\/\/apuntesdesanluis.com\/index.php\/wp-json\/wp\/v2\/posts\/12571\/revisions"}],"predecessor-version":[{"id":12573,"href":"https:\/\/apuntesdesanluis.com\/index.php\/wp-json\/wp\/v2\/posts\/12571\/revisions\/12573"}],"wp:featuredmedia":[{"embeddable":true,"href":"https:\/\/apuntesdesanluis.com\/index.php\/wp-json\/wp\/v2\/media\/12572"}],"wp:attachment":[{"href":"https:\/\/apuntesdesanluis.com\/index.php\/wp-json\/wp\/v2\/media?parent=12571"}],"wp:term":[{"taxonomy":"category","embeddable":true,"href":"https:\/\/apuntesdesanluis.com\/index.php\/wp-json\/wp\/v2\/categories?post=12571"},{"taxonomy":"post_tag","embeddable":true,"href":"https:\/\/apuntesdesanluis.com\/index.php\/wp-json\/wp\/v2\/tags?post=12571"}],"curies":[{"name":"wp","href":"https:\/\/api.w.org\/{rel}","templated":true}]}}