{"id":12599,"date":"2024-03-03T23:24:56","date_gmt":"2024-03-04T02:24:56","guid":{"rendered":"https:\/\/apuntesdesanluis.com\/?p=12599"},"modified":"2024-03-04T07:25:52","modified_gmt":"2024-03-04T10:25:52","slug":"pacto-de-mayo-hasta-ahora-16-gobernadores-acudirian-a-la-convocatoria-de-javier-milei","status":"publish","type":"post","link":"https:\/\/apuntesdesanluis.com\/index.php\/2024\/03\/03\/pacto-de-mayo-hasta-ahora-16-gobernadores-acudirian-a-la-convocatoria-de-javier-milei\/","title":{"rendered":"PACTO DE MAYO: HASTA AHORA 16 GOBERNADORES ACUDIR\u00cdAN A LA CONVOCATORIA DE JAVIER MILEI"},"content":{"rendered":"<h3>Luego de una semana de tensi\u00f3n entre el Ejecutivo nacional y las provincias, varios gobernadores confirmaron que acudir\u00e1n al llamado del Presidente. Desde Casa Rosada sostienen que los 10 puntos para la \u201creconstrucci\u00f3n de las bases de la Argentina\u201d necesita de la firma de todos.<\/h3>\n<h3>Al finalizar el discurso presidencial de <strong>Javier Milei<\/strong> ante la Asamblea Legislativa en la apertura de sesiones ordinarias del Congreso, los gobernadores no tardaron en pronunciarse sobre el Pacto de Mayo. Varios gobernadores destacaron la convocatoria al reconocer que este acuerdo podr\u00e1 \u201csentar las condiciones del progreso argentino\u201d.<\/h3>\n<h3>El\u00a0 acuerdo a firmarse el 25 de mayo busca una reforma tributaria, la reducci\u00f3n del gasto p\u00fablico y el gasto p\u00fablico innegociable, entre otros puntos clave. La propuesta, en resumen, consiste en 10 puntos que tienen como objetivo la \u201creconstrucci\u00f3n de las bases de la Argentina\u201d que deben firmar todos los gobernadores del pa\u00eds.<\/h3>\n<h3><strong>LA RESPUESTA DE LOS GOBERNADORES<\/strong><\/h3>\n<h3>Uno de los primeros en referirse al Pacto de Mayo fue el jefe de Gobierno de la Ciudad de Buenos Aires, <strong>Jorge Macri<\/strong>: &#8220;Se\u00f1or presidente @JMilei, comparto la necesidad de austeridad y de recuperar el valor de la pol\u00edtica al servicio de la gente. Siempre que me convoque a trabajar por la Argentina, a motorizar el cambio para que los argentinos de bien puedan trabajar y progresar libremente, ah\u00ed estar\u00e9 presente. Cuente con eso&#8221;.<\/h3>\n<h3><strong>Ignacio Torres<\/strong>, Chubut, se manifest\u00f3 positivamente sobre el tratado e invit\u00f3 a Javier Milei a una reuni\u00f3n junto a gobernadores patag\u00f3nicos. &#8220;Celebro y acompa\u00f1o la convocatoria del presidente @JMilei al Pacto del 25 Mayo. Coincidimos en el norte de los ejes planteados, con di\u00e1logo y respeto por el federalismo. Y en este contexto de convocatoria, ser\u00eda muy importante contar con su presencia en la reuni\u00f3n del 7\/3 en Puerto Madryn, junto a los gobernadores patag\u00f3nicos, para dise\u00f1ar y consensuar una agenda de desarrollo productivo&#8221;, expres\u00f3 en X.<\/h3>\n<h3>El gobernador de Entre R\u00edos, <strong>Rogelio Frigerio<\/strong>, mostr\u00f3 un total acuerdo con los puntos expresados por el Presidente en su discurso:<\/h3>\n<h3>&#8220;Presidente @JMilei, cuente conmigo para impulsar el Acuerdo de Mayo que propuso esta noche. Estoy de acuerdo con todos y cada uno de los 10 puntos que plante\u00f3. Es lo que necesita la Argentina. Y celebro su invitaci\u00f3n para que inmediatamente nos pongamos a trabajar juntos para impulsar las herramientas que usted necesita para dejar definitivamente atr\u00e1s las pol\u00edticas populistas; y generar tambi\u00e9n las condiciones para que mi provincia tenga los recursos que le corresponden por la Constituci\u00f3n Nacional para poder brindarle a los entrerrianos la educaci\u00f3n, la seguridad, la salud y la infraestructura que se merecen&#8221;.<\/h3>\n<h3>El gobernador de C\u00f3rdoba, <strong>Mart\u00edn Llaryora<\/strong>, se expres\u00f3 sobre el Pacto de Mayo y confirm\u00f3 su asistencia a la convocatoria del presidente Javier Milei en la Apertura de Sesiones del Congreso de la Naci\u00f3n. &#8220;Tenemos que ir todos los gobernadores de distintos signos pol\u00edticos&#8221;, asegur\u00f3 el mandatario provincial.<\/h3>\n<h3>El cordob\u00e9s pidi\u00f3 ampliar la convocatoria a las mesas de &#8220;productores y trabajadores&#8221; para que expresen que necesita la Argentina. El gobernador argument\u00f3 que Argentina &#8220;no necesita un capricho ni decisiones autoritarias, sino los nuevos parametros para incertarnos en el mundo, reformas para ser m\u00e1s competitivos y obras que nos hagan multiplicar por tres la producci\u00f3n&#8221;.<\/h3>\n<h3>En la misma l\u00ednea, el gobernador de Santa Fe, <strong>Maximiliano Pullaro<\/strong>, destac\u00f3 &#8220;la convocatoria al di\u00e1logo y a un acuerdo nacional que realiz\u00f3 el presidente @JMilei. Es el tiempo de escucharnos con respeto, sin imposiciones. Todos tenemos la oportunidad de impulsar el cambio que los argentinos reclaman y necesitan&#8221;.<\/h3>\n<h3>&#8220;Como representantes de Tucum\u00e1n, la tierra donde se declar\u00f3 la Independencia, acompa\u00f1aremos la convocatoria del Presidente para reunirnos en C\u00f3rdoba. Es nuestra responsabilidad institucional buscar la unidad de los argentinos para construir un pa\u00eds mejor para todos&#8221;, dijo, por su parte, el gobernador de Tucum\u00e1n Osvaldo Jaldo.<\/h3>\n<h3><strong>Claudio Poggi<\/strong>, gobernador de San Luis, fue otro de los dirigentes que se sum\u00f3 a la iniciativa libertaria: &#8220;Presidente @jmilei, comparto con usted su iniciativa de equilibrar las cuentas p\u00fablicas, San Luis hoy sufre las consecuencias de 4 a\u00f1os de deficit fiscal . Coincido en que la pol\u00edtica es una herramienta para el bien com\u00fan y no para perpetuarse en el poder. Lo acompa\u00f1o en avanzar en los acuerdos federales necesarios para realizar los cambios y las transformaciones que como Pa\u00eds tanto necesitamos para salir adelante&#8221;.<\/h3>\n<h3>El gobernador de Chaco,<strong> Leandro Zdero<\/strong>, sum\u00f3 su apoyo a la convocatoria a firmar el Pacto de Mayo, propuesta ayer por el presidente Javier Milei ante la Asamblea Legislativa, y dijo que el rumbo es &#8220;la austeridad y el di\u00e1logo&#8221;. El Presidente @JMilei celebro su convocatoria al pacto del 25 de mayo. La austeridad, el di\u00e1logo y un acuerdo que nos permita mirar hacia adelante para el progreso de los argentinos, es el rumbo&#8221;, poste\u00f3 en las \u00faltimas horas en su cuenta de la plataforma X.<\/h3>\n<h3>Y agreg\u00f3: &#8220;Cuenta en esta tarea con nuestro acompa\u00f1amiento como gobierno y con el coraje de quienes estamos listos para transitar el camino de la prosperidad.<\/h3>\n<h3>El gobernador de Catamarca,<strong> Ra\u00fal Jalil<\/strong>, habl\u00f3 un d\u00eda despu\u00e9s del discurso presidencial y consider\u00f3 que &#8220;el peronismo tiene que ir a C\u00f3rdoba y trabajar en este nuevo pacto para todos los argentinos&#8221; en referencia a la convocatoria realizada ayer por el presidente Javier Milei en su discurso ante la Asamblea Legislativa.<\/h3>\n<h3>&#8220;Veo bien que se empiece a trabajar y creo que hay cosas muy importantes del pacto. Creo que nos debemos algunos puntos de acuerdo para salir adelante&#8221;, afirm\u00f3 Jalil esta ma\u00f1ana en declaraciones a Radio Mitre.<\/h3>\n<h3>El gobernador de Jujuy, <strong>Carlos Sadir<\/strong>, tambi\u00e9n celebr\u00f3 la convocatoria un d\u00eda despu\u00e9s y dijo que los mandatarios quieren &#8220;proponer, escuchar y ser escuchados&#8221; para &#8220;dejar definitivamente este presente atr\u00e1s hacia el camino del crecimiento&#8221;.<\/h3>\n<h3>&#8220;Celebro la convocatoria anunciada hoy por el presidente Javier Milei a los gobernadores y espero ansioso que se concrete. Queremos proponer, escuchar y ser escuchados, tener la oportunidad de que el gobierno nacional conozca nuestra visi\u00f3n y nuestros proyectos para dejar definitivamente atr\u00e1s este presente que duele y encaminarnos por un camino de crecimiento&#8221;, expres\u00f3 el mandatario desde su cuenta de X (exTwitter).<\/h3>\n<h3><strong>Alfredo Cornejo<\/strong>, gobernador de Mendoza, valor\u00f3 la convocatoria al acuerdo y la calific\u00f3 como \u201cun pacto pol\u00edtico por la econom\u00eda y la sociedad\u201d. Adem\u00e1s, se\u00f1al\u00f3 que gran parte de los puntos planteados por el Presidente \u201cson parte del camino recorrido por Mendoza\u201d en los \u00faltimos 8 a\u00f1os.<\/h3>\n<h3>El ministro del Interior, Guillermo Francos, destac\u00f3 en Mendoza el &#8220;discurso rupturista\u201d del presidente Javier Milei de anoche ante la Asamblea Legislativa y dijo que el gobernador de esa provincia ser\u00e1 &#8220;un actor fundamental para generar el di\u00e1logo que se viene\u201d en el marco de la convocatoria al Pacto de Mayo.<\/h3>\n<h3>El gobernador de San Juan, <strong>Marcelo Orrego<\/strong>, destac\u00f3 la convocatoria al afirmar que cuenta con \u00e9l para \u201ctodos los acuerdos que nos ayuden a crecer como pa\u00eds, siempre que beneficien a los sanjuaninos\u201d.<\/h3>\n<h3>En tanto, Gustavo Saenz, gobernador de Salta, indic\u00f3 que cree \u201cfirmemente en el di\u00e1logo\u201d y sostuvo que la b\u00fasqueda de \u201cacuerdos es la \u00fanica manera de trabajar para lograr salir de la crisis permanente\u201d que atraviesa el pa\u00eds. No obstante indic\u00f3 que \u201cel federalismo no se negocia\u201d.<\/h3>\n<h3>El gobernador de Misiones, <strong>Hugo Passalacqua<\/strong>, quien hace unas semanas acudi\u00f3 a la Corte Suprema para reclamar por el incentivo docente, confirm\u00f3 su presencia para la firma del Pacto.<\/h3>\n<h3>El gobernador de Neuqu\u00e9n,<strong> Rolando Figueroa<\/strong>, confirmo a trav\u00e9s de un mensaje en sus redes sociales la presencia en la convocatoria que hizo el presidente Javier Milei para el 25 de mayo en C\u00f3rdoba a los mandatarios provinciales y otros dirigentes para tratar el Pacto de Mayo, que consiste en 10 puntos de acuerdo para un pacto nacional.<\/h3>\n<h3>\u00abComo lo dije en la apertura de sesiones, conf\u00edo en que somos capaces de generar un canal de di\u00e1logo y de acuerdos entre las Provincias y la Naci\u00f3n, como lo hemos hecho con los intendentes de nuestra provincia\u00bb, escribi\u00f3 el mandatario neuquino en su perfil de X.<\/h3>\n<h3>Por \u00faltimo, <strong>Sergio Ziliotto<\/strong>, de La Pampa, confirm\u00f3 su presencia pero present\u00f3 objeciones: \u201csiempre vamos a dialogar. El di\u00e1logo es la base de la pol\u00edtica. Pero el di\u00e1logo se construye a partir del respeto\u201d, y agreg\u00f3 que \u201clos acuerdos devienen del consenso no de la imposici\u00f3n\u201d.<\/h3>\n<h3>De esta manera, resta que 8 gobernadores levanten el pulgar al Presidente y digan \u201cpresente\u201d para la firma del Pacto de Mayo; <strong>Axel Kicillof (Buenos Aires), Gerardo Zamora (Santiago del Estero), Gustavo Melella (Tierra del Fuego), Alberto Weretilneck (R\u00edo Negro), Claudio Vidal (Santa Cruz), Gustavo Valdes (Corrientes), Gildo Insfran (Formosa) y Ricardo Quintela (La Rioja)<\/strong>.<\/h3>\n<p>&nbsp;<\/p>\n<p>&nbsp;<\/p>\n<p>&nbsp;<\/p>\n","protected":false},"excerpt":{"rendered":"<p>Luego de una semana de tensi\u00f3n entre el Ejecutivo nacional y las provincias, varios gobernadores&#8230;<\/p>\n","protected":false},"author":1,"featured_media":12618,"comment_status":"closed","ping_status":"closed","sticky":false,"template":"","format":"standard","meta":{"footnotes":""},"categories":[5],"tags":[],"class_list":["post-12599","post","type-post","status-publish","format-standard","has-post-thumbnail","hentry","category-nacionales-internacionales"],"yoast_head":"<!-- This site is optimized with the Yoast SEO plugin v26.1.1 - https:\/\/yoast.com\/wordpress\/plugins\/seo\/ -->\n<title>PACTO DE MAYO: HASTA AHORA 16 GOBERNADORES ACUDIR\u00cdAN A LA CONVOCATORIA DE JAVIER MILEI - Apuntes de San Luis<\/title>\n<meta name=\"robots\" content=\"index, follow, max-snippet:-1, max-image-preview:large, max-video-preview:-1\" \/>\n<link rel=\"canonical\" href=\"https:\/\/apuntesdesanluis.com\/index.php\/2024\/03\/03\/pacto-de-mayo-hasta-ahora-16-gobernadores-acudirian-a-la-convocatoria-de-javier-milei\/\" \/>\n<meta property=\"og:locale\" content=\"es_ES\" \/>\n<meta property=\"og:type\" content=\"article\" \/>\n<meta property=\"og:title\" content=\"PACTO DE MAYO: HASTA AHORA 16 GOBERNADORES ACUDIR\u00cdAN A LA CONVOCATORIA DE JAVIER MILEI - Apuntes de San Luis\" \/>\n<meta property=\"og:description\" content=\"Luego de una semana de tensi\u00f3n entre el Ejecutivo nacional y las provincias, varios gobernadores...\" \/>\n<meta property=\"og:url\" content=\"https:\/\/apuntesdesanluis.com\/index.php\/2024\/03\/03\/pacto-de-mayo-hasta-ahora-16-gobernadores-acudirian-a-la-convocatoria-de-javier-milei\/\" \/>\n<meta property=\"og:site_name\" content=\"Apuntes de San Luis\" \/>\n<meta property=\"article:published_time\" content=\"2024-03-04T02:24:56+00:00\" \/>\n<meta property=\"article:modified_time\" content=\"2024-03-04T10:25:52+00:00\" \/>\n<meta property=\"og:image\" content=\"https:\/\/apuntesdesanluis.com\/wp-content\/uploads\/2024\/03\/MILEI-2.png\" \/>\n\t<meta property=\"og:image:width\" content=\"600\" \/>\n\t<meta property=\"og:image:height\" content=\"371\" \/>\n\t<meta property=\"og:image:type\" content=\"image\/png\" \/>\n<meta name=\"author\" content=\"apuntesdesanluis.com\" \/>\n<meta name=\"twitter:card\" content=\"summary_large_image\" \/>\n<meta name=\"twitter:label1\" content=\"Escrito por\" \/>\n\t<meta name=\"twitter:data1\" content=\"apuntesdesanluis.com\" \/>\n\t<meta name=\"twitter:label2\" content=\"Tiempo de lectura\" \/>\n\t<meta name=\"twitter:data2\" content=\"7 minutos\" \/>\n<script type=\"application\/ld+json\" class=\"yoast-schema-graph\">{\"@context\":\"https:\/\/schema.org\",\"@graph\":[{\"@type\":\"Article\",\"@id\":\"https:\/\/apuntesdesanluis.com\/index.php\/2024\/03\/03\/pacto-de-mayo-hasta-ahora-16-gobernadores-acudirian-a-la-convocatoria-de-javier-milei\/#article\",\"isPartOf\":{\"@id\":\"https:\/\/apuntesdesanluis.com\/index.php\/2024\/03\/03\/pacto-de-mayo-hasta-ahora-16-gobernadores-acudirian-a-la-convocatoria-de-javier-milei\/\"},\"author\":{\"name\":\"apuntesdesanluis.com\",\"@id\":\"https:\/\/apuntesdesanluis.com\/#\/schema\/person\/b55151d52296fcce64d1a72538a70b90\"},\"headline\":\"PACTO DE MAYO: HASTA AHORA 16 GOBERNADORES ACUDIR\u00cdAN A LA CONVOCATORIA DE JAVIER MILEI\",\"datePublished\":\"2024-03-04T02:24:56+00:00\",\"dateModified\":\"2024-03-04T10:25:52+00:00\",\"mainEntityOfPage\":{\"@id\":\"https:\/\/apuntesdesanluis.com\/index.php\/2024\/03\/03\/pacto-de-mayo-hasta-ahora-16-gobernadores-acudirian-a-la-convocatoria-de-javier-milei\/\"},\"wordCount\":1512,\"publisher\":{\"@id\":\"https:\/\/apuntesdesanluis.com\/#\/schema\/person\/b55151d52296fcce64d1a72538a70b90\"},\"image\":{\"@id\":\"https:\/\/apuntesdesanluis.com\/index.php\/2024\/03\/03\/pacto-de-mayo-hasta-ahora-16-gobernadores-acudirian-a-la-convocatoria-de-javier-milei\/#primaryimage\"},\"thumbnailUrl\":\"https:\/\/apuntesdesanluis.com\/wp-content\/uploads\/2024\/03\/MILEI-2.png\",\"articleSection\":[\"Nacionales\/Internacionales\"],\"inLanguage\":\"es-AR\"},{\"@type\":\"WebPage\",\"@id\":\"https:\/\/apuntesdesanluis.com\/index.php\/2024\/03\/03\/pacto-de-mayo-hasta-ahora-16-gobernadores-acudirian-a-la-convocatoria-de-javier-milei\/\",\"url\":\"https:\/\/apuntesdesanluis.com\/index.php\/2024\/03\/03\/pacto-de-mayo-hasta-ahora-16-gobernadores-acudirian-a-la-convocatoria-de-javier-milei\/\",\"name\":\"PACTO DE MAYO: HASTA AHORA 16 GOBERNADORES ACUDIR\u00cdAN A LA CONVOCATORIA DE JAVIER MILEI - Apuntes de San Luis\",\"isPartOf\":{\"@id\":\"https:\/\/apuntesdesanluis.com\/#website\"},\"primaryImageOfPage\":{\"@id\":\"https:\/\/apuntesdesanluis.com\/index.php\/2024\/03\/03\/pacto-de-mayo-hasta-ahora-16-gobernadores-acudirian-a-la-convocatoria-de-javier-milei\/#primaryimage\"},\"image\":{\"@id\":\"https:\/\/apuntesdesanluis.com\/index.php\/2024\/03\/03\/pacto-de-mayo-hasta-ahora-16-gobernadores-acudirian-a-la-convocatoria-de-javier-milei\/#primaryimage\"},\"thumbnailUrl\":\"https:\/\/apuntesdesanluis.com\/wp-content\/uploads\/2024\/03\/MILEI-2.png\",\"datePublished\":\"2024-03-04T02:24:56+00:00\",\"dateModified\":\"2024-03-04T10:25:52+00:00\",\"breadcrumb\":{\"@id\":\"https:\/\/apuntesdesanluis.com\/index.php\/2024\/03\/03\/pacto-de-mayo-hasta-ahora-16-gobernadores-acudirian-a-la-convocatoria-de-javier-milei\/#breadcrumb\"},\"inLanguage\":\"es-AR\",\"potentialAction\":[{\"@type\":\"ReadAction\",\"target\":[\"https:\/\/apuntesdesanluis.com\/index.php\/2024\/03\/03\/pacto-de-mayo-hasta-ahora-16-gobernadores-acudirian-a-la-convocatoria-de-javier-milei\/\"]}]},{\"@type\":\"ImageObject\",\"inLanguage\":\"es-AR\",\"@id\":\"https:\/\/apuntesdesanluis.com\/index.php\/2024\/03\/03\/pacto-de-mayo-hasta-ahora-16-gobernadores-acudirian-a-la-convocatoria-de-javier-milei\/#primaryimage\",\"url\":\"https:\/\/apuntesdesanluis.com\/wp-content\/uploads\/2024\/03\/MILEI-2.png\",\"contentUrl\":\"https:\/\/apuntesdesanluis.com\/wp-content\/uploads\/2024\/03\/MILEI-2.png\",\"width\":600,\"height\":371},{\"@type\":\"BreadcrumbList\",\"@id\":\"https:\/\/apuntesdesanluis.com\/index.php\/2024\/03\/03\/pacto-de-mayo-hasta-ahora-16-gobernadores-acudirian-a-la-convocatoria-de-javier-milei\/#breadcrumb\",\"itemListElement\":[{\"@type\":\"ListItem\",\"position\":1,\"name\":\"Inicio\",\"item\":\"https:\/\/apuntesdesanluis.com\/\"},{\"@type\":\"ListItem\",\"position\":2,\"name\":\"PACTO DE MAYO: HASTA AHORA 16 GOBERNADORES ACUDIR\u00cdAN A LA CONVOCATORIA DE JAVIER MILEI\"}]},{\"@type\":\"WebSite\",\"@id\":\"https:\/\/apuntesdesanluis.com\/#website\",\"url\":\"https:\/\/apuntesdesanluis.com\/\",\"name\":\"Apuntes de San Luis\",\"description\":\"\",\"publisher\":{\"@id\":\"https:\/\/apuntesdesanluis.com\/#\/schema\/person\/b55151d52296fcce64d1a72538a70b90\"},\"potentialAction\":[{\"@type\":\"SearchAction\",\"target\":{\"@type\":\"EntryPoint\",\"urlTemplate\":\"https:\/\/apuntesdesanluis.com\/?s={search_term_string}\"},\"query-input\":{\"@type\":\"PropertyValueSpecification\",\"valueRequired\":true,\"valueName\":\"search_term_string\"}}],\"inLanguage\":\"es-AR\"},{\"@type\":[\"Person\",\"Organization\"],\"@id\":\"https:\/\/apuntesdesanluis.com\/#\/schema\/person\/b55151d52296fcce64d1a72538a70b90\",\"name\":\"apuntesdesanluis.com\",\"image\":{\"@type\":\"ImageObject\",\"inLanguage\":\"es-AR\",\"@id\":\"https:\/\/apuntesdesanluis.com\/#\/schema\/person\/image\/\",\"url\":\"https:\/\/apuntesdesanluis.com\/wp-content\/uploads\/2023\/07\/cropped-apuntesdesanluis.png\",\"contentUrl\":\"https:\/\/apuntesdesanluis.com\/wp-content\/uploads\/2023\/07\/cropped-apuntesdesanluis.png\",\"width\":450,\"height\":112,\"caption\":\"apuntesdesanluis.com\"},\"logo\":{\"@id\":\"https:\/\/apuntesdesanluis.com\/#\/schema\/person\/image\/\"},\"sameAs\":[\"https:\/\/apuntesdesanluis.com\"],\"url\":\"https:\/\/apuntesdesanluis.com\/index.php\/author\/apuntesdesanluis-com\/\"}]}<\/script>\n<!-- \/ Yoast SEO plugin. -->","yoast_head_json":{"title":"PACTO DE MAYO: HASTA AHORA 16 GOBERNADORES ACUDIR\u00cdAN A LA CONVOCATORIA DE JAVIER MILEI - Apuntes de San Luis","robots":{"index":"index","follow":"follow","max-snippet":"max-snippet:-1","max-image-preview":"max-image-preview:large","max-video-preview":"max-video-preview:-1"},"canonical":"https:\/\/apuntesdesanluis.com\/index.php\/2024\/03\/03\/pacto-de-mayo-hasta-ahora-16-gobernadores-acudirian-a-la-convocatoria-de-javier-milei\/","og_locale":"es_ES","og_type":"article","og_title":"PACTO DE MAYO: HASTA AHORA 16 GOBERNADORES ACUDIR\u00cdAN A LA CONVOCATORIA DE JAVIER MILEI - Apuntes de San Luis","og_description":"Luego de una semana de tensi\u00f3n entre el Ejecutivo nacional y las provincias, varios gobernadores...","og_url":"https:\/\/apuntesdesanluis.com\/index.php\/2024\/03\/03\/pacto-de-mayo-hasta-ahora-16-gobernadores-acudirian-a-la-convocatoria-de-javier-milei\/","og_site_name":"Apuntes de San Luis","article_published_time":"2024-03-04T02:24:56+00:00","article_modified_time":"2024-03-04T10:25:52+00:00","og_image":[{"width":600,"height":371,"url":"https:\/\/apuntesdesanluis.com\/wp-content\/uploads\/2024\/03\/MILEI-2.png","type":"image\/png"}],"author":"apuntesdesanluis.com","twitter_card":"summary_large_image","twitter_misc":{"Escrito por":"apuntesdesanluis.com","Tiempo de lectura":"7 minutos"},"schema":{"@context":"https:\/\/schema.org","@graph":[{"@type":"Article","@id":"https:\/\/apuntesdesanluis.com\/index.php\/2024\/03\/03\/pacto-de-mayo-hasta-ahora-16-gobernadores-acudirian-a-la-convocatoria-de-javier-milei\/#article","isPartOf":{"@id":"https:\/\/apuntesdesanluis.com\/index.php\/2024\/03\/03\/pacto-de-mayo-hasta-ahora-16-gobernadores-acudirian-a-la-convocatoria-de-javier-milei\/"},"author":{"name":"apuntesdesanluis.com","@id":"https:\/\/apuntesdesanluis.com\/#\/schema\/person\/b55151d52296fcce64d1a72538a70b90"},"headline":"PACTO DE MAYO: HASTA AHORA 16 GOBERNADORES ACUDIR\u00cdAN A LA CONVOCATORIA DE JAVIER MILEI","datePublished":"2024-03-04T02:24:56+00:00","dateModified":"2024-03-04T10:25:52+00:00","mainEntityOfPage":{"@id":"https:\/\/apuntesdesanluis.com\/index.php\/2024\/03\/03\/pacto-de-mayo-hasta-ahora-16-gobernadores-acudirian-a-la-convocatoria-de-javier-milei\/"},"wordCount":1512,"publisher":{"@id":"https:\/\/apuntesdesanluis.com\/#\/schema\/person\/b55151d52296fcce64d1a72538a70b90"},"image":{"@id":"https:\/\/apuntesdesanluis.com\/index.php\/2024\/03\/03\/pacto-de-mayo-hasta-ahora-16-gobernadores-acudirian-a-la-convocatoria-de-javier-milei\/#primaryimage"},"thumbnailUrl":"https:\/\/apuntesdesanluis.com\/wp-content\/uploads\/2024\/03\/MILEI-2.png","articleSection":["Nacionales\/Internacionales"],"inLanguage":"es-AR"},{"@type":"WebPage","@id":"https:\/\/apuntesdesanluis.com\/index.php\/2024\/03\/03\/pacto-de-mayo-hasta-ahora-16-gobernadores-acudirian-a-la-convocatoria-de-javier-milei\/","url":"https:\/\/apuntesdesanluis.com\/index.php\/2024\/03\/03\/pacto-de-mayo-hasta-ahora-16-gobernadores-acudirian-a-la-convocatoria-de-javier-milei\/","name":"PACTO DE MAYO: HASTA AHORA 16 GOBERNADORES ACUDIR\u00cdAN A LA CONVOCATORIA DE JAVIER MILEI - Apuntes de San Luis","isPartOf":{"@id":"https:\/\/apuntesdesanluis.com\/#website"},"primaryImageOfPage":{"@id":"https:\/\/apuntesdesanluis.com\/index.php\/2024\/03\/03\/pacto-de-mayo-hasta-ahora-16-gobernadores-acudirian-a-la-convocatoria-de-javier-milei\/#primaryimage"},"image":{"@id":"https:\/\/apuntesdesanluis.com\/index.php\/2024\/03\/03\/pacto-de-mayo-hasta-ahora-16-gobernadores-acudirian-a-la-convocatoria-de-javier-milei\/#primaryimage"},"thumbnailUrl":"https:\/\/apuntesdesanluis.com\/wp-content\/uploads\/2024\/03\/MILEI-2.png","datePublished":"2024-03-04T02:24:56+00:00","dateModified":"2024-03-04T10:25:52+00:00","breadcrumb":{"@id":"https:\/\/apuntesdesanluis.com\/index.php\/2024\/03\/03\/pacto-de-mayo-hasta-ahora-16-gobernadores-acudirian-a-la-convocatoria-de-javier-milei\/#breadcrumb"},"inLanguage":"es-AR","potentialAction":[{"@type":"ReadAction","target":["https:\/\/apuntesdesanluis.com\/index.php\/2024\/03\/03\/pacto-de-mayo-hasta-ahora-16-gobernadores-acudirian-a-la-convocatoria-de-javier-milei\/"]}]},{"@type":"ImageObject","inLanguage":"es-AR","@id":"https:\/\/apuntesdesanluis.com\/index.php\/2024\/03\/03\/pacto-de-mayo-hasta-ahora-16-gobernadores-acudirian-a-la-convocatoria-de-javier-milei\/#primaryimage","url":"https:\/\/apuntesdesanluis.com\/wp-content\/uploads\/2024\/03\/MILEI-2.png","contentUrl":"https:\/\/apuntesdesanluis.com\/wp-content\/uploads\/2024\/03\/MILEI-2.png","width":600,"height":371},{"@type":"BreadcrumbList","@id":"https:\/\/apuntesdesanluis.com\/index.php\/2024\/03\/03\/pacto-de-mayo-hasta-ahora-16-gobernadores-acudirian-a-la-convocatoria-de-javier-milei\/#breadcrumb","itemListElement":[{"@type":"ListItem","position":1,"name":"Inicio","item":"https:\/\/apuntesdesanluis.com\/"},{"@type":"ListItem","position":2,"name":"PACTO DE MAYO: HASTA AHORA 16 GOBERNADORES ACUDIR\u00cdAN A LA CONVOCATORIA DE JAVIER MILEI"}]},{"@type":"WebSite","@id":"https:\/\/apuntesdesanluis.com\/#website","url":"https:\/\/apuntesdesanluis.com\/","name":"Apuntes de San Luis","description":"","publisher":{"@id":"https:\/\/apuntesdesanluis.com\/#\/schema\/person\/b55151d52296fcce64d1a72538a70b90"},"potentialAction":[{"@type":"SearchAction","target":{"@type":"EntryPoint","urlTemplate":"https:\/\/apuntesdesanluis.com\/?s={search_term_string}"},"query-input":{"@type":"PropertyValueSpecification","valueRequired":true,"valueName":"search_term_string"}}],"inLanguage":"es-AR"},{"@type":["Person","Organization"],"@id":"https:\/\/apuntesdesanluis.com\/#\/schema\/person\/b55151d52296fcce64d1a72538a70b90","name":"apuntesdesanluis.com","image":{"@type":"ImageObject","inLanguage":"es-AR","@id":"https:\/\/apuntesdesanluis.com\/#\/schema\/person\/image\/","url":"https:\/\/apuntesdesanluis.com\/wp-content\/uploads\/2023\/07\/cropped-apuntesdesanluis.png","contentUrl":"https:\/\/apuntesdesanluis.com\/wp-content\/uploads\/2023\/07\/cropped-apuntesdesanluis.png","width":450,"height":112,"caption":"apuntesdesanluis.com"},"logo":{"@id":"https:\/\/apuntesdesanluis.com\/#\/schema\/person\/image\/"},"sameAs":["https:\/\/apuntesdesanluis.com"],"url":"https:\/\/apuntesdesanluis.com\/index.php\/author\/apuntesdesanluis-com\/"}]}},"featured_image_urls":{"full":["https:\/\/apuntesdesanluis.com\/wp-content\/uploads\/2024\/03\/MILEI-2.png",600,371,false],"thumbnail":["https:\/\/apuntesdesanluis.com\/wp-content\/uploads\/2024\/03\/MILEI-2-150x150.png",150,150,true],"medium":["https:\/\/apuntesdesanluis.com\/wp-content\/uploads\/2024\/03\/MILEI-2-300x186.png",300,186,true],"medium_large":["https:\/\/apuntesdesanluis.com\/wp-content\/uploads\/2024\/03\/MILEI-2.png",600,371,false],"large":["https:\/\/apuntesdesanluis.com\/wp-content\/uploads\/2024\/03\/MILEI-2.png",600,371,false],"1536x1536":["https:\/\/apuntesdesanluis.com\/wp-content\/uploads\/2024\/03\/MILEI-2.png",600,371,false],"2048x2048":["https:\/\/apuntesdesanluis.com\/wp-content\/uploads\/2024\/03\/MILEI-2.png",600,371,false],"newsever-slider-full":["https:\/\/apuntesdesanluis.com\/wp-content\/uploads\/2024\/03\/MILEI-2.png",600,371,false],"newsever-featured":["https:\/\/apuntesdesanluis.com\/wp-content\/uploads\/2024\/03\/MILEI-2.png",600,371,false],"newsever-medium":["https:\/\/apuntesdesanluis.com\/wp-content\/uploads\/2024\/03\/MILEI-2.png",600,371,false]},"author_info":{"display_name":"apuntesdesanluis.com","author_link":"https:\/\/apuntesdesanluis.com\/index.php\/author\/apuntesdesanluis-com\/"},"category_info":"<a href=\"https:\/\/apuntesdesanluis.com\/index.php\/category\/nacionales-internacionales\/\" rel=\"category tag\">Nacionales\/Internacionales<\/a>","tag_info":"Nacionales\/Internacionales","comment_count":"0","_links":{"self":[{"href":"https:\/\/apuntesdesanluis.com\/index.php\/wp-json\/wp\/v2\/posts\/12599","targetHints":{"allow":["GET"]}}],"collection":[{"href":"https:\/\/apuntesdesanluis.com\/index.php\/wp-json\/wp\/v2\/posts"}],"about":[{"href":"https:\/\/apuntesdesanluis.com\/index.php\/wp-json\/wp\/v2\/types\/post"}],"author":[{"embeddable":true,"href":"https:\/\/apuntesdesanluis.com\/index.php\/wp-json\/wp\/v2\/users\/1"}],"replies":[{"embeddable":true,"href":"https:\/\/apuntesdesanluis.com\/index.php\/wp-json\/wp\/v2\/comments?post=12599"}],"version-history":[{"count":3,"href":"https:\/\/apuntesdesanluis.com\/index.php\/wp-json\/wp\/v2\/posts\/12599\/revisions"}],"predecessor-version":[{"id":12607,"href":"https:\/\/apuntesdesanluis.com\/index.php\/wp-json\/wp\/v2\/posts\/12599\/revisions\/12607"}],"wp:featuredmedia":[{"embeddable":true,"href":"https:\/\/apuntesdesanluis.com\/index.php\/wp-json\/wp\/v2\/media\/12618"}],"wp:attachment":[{"href":"https:\/\/apuntesdesanluis.com\/index.php\/wp-json\/wp\/v2\/media?parent=12599"}],"wp:term":[{"taxonomy":"category","embeddable":true,"href":"https:\/\/apuntesdesanluis.com\/index.php\/wp-json\/wp\/v2\/categories?post=12599"},{"taxonomy":"post_tag","embeddable":true,"href":"https:\/\/apuntesdesanluis.com\/index.php\/wp-json\/wp\/v2\/tags?post=12599"}],"curies":[{"name":"wp","href":"https:\/\/api.w.org\/{rel}","templated":true}]}}