{"id":12604,"date":"2024-03-02T07:22:19","date_gmt":"2024-03-02T10:22:19","guid":{"rendered":"https:\/\/apuntesdesanluis.com\/?p=12604"},"modified":"2024-03-04T07:22:37","modified_gmt":"2024-03-04T10:22:37","slug":"prorroga-de-ocho-dias-para-acusado-de-abusar-y-robar-a-una-adolescente","status":"publish","type":"post","link":"https:\/\/apuntesdesanluis.com\/index.php\/2024\/03\/02\/prorroga-de-ocho-dias-para-acusado-de-abusar-y-robar-a-una-adolescente\/","title":{"rendered":"PR\u00d3RROGA DE OCHO D\u00cdAS PARA ACUSADO DE ABUSAR Y ROBAR A UNA ADOLESCENTE"},"content":{"rendered":"<h3>Este s\u00e1bado, el Juez Subrogante del Juzgado de Garant\u00eda N\u00ba 4, Marcos Flores Leyes, otorg\u00f3 la pr\u00f3rroga de ocho d\u00edas (Art. 40 de la Constituci\u00f3n Provincial) solicitada por la Defensa de un hombre acusado por los delitos de abuso sexual con acceso carnal y robo, en perjuicio de una adolescente.<\/h3>\n<h3>Durante la audiencia, luego de que el Juez leyera los derechos al detenido, la Fiscal Adjunta de la Primera Circunscripci\u00f3n Judicial, Antonella Romagnoli, relat\u00f3 el hecho que ocurri\u00f3 el 24 de febrero de 2024 en la ciudad de San Luis, aproximadamente a las 20:00 hs., cuando el imputado se present\u00f3 en la vivienda donde viv\u00eda la adolescente, que en ese momento se encontraba sola. Ella abri\u00f3 la puerta y el detenido la empuj\u00f3, la llev\u00f3 hasta la habitaci\u00f3n principal, abus\u00f3 de ella y la amenaz\u00f3 de muerte. Antes de retirarse del lugar, le maniat\u00f3 los pies a la v\u00edctima y le sustrajo sus prendas, su tel\u00e9fono celular y dos notebooks.<\/h3>\n<h3>Adem\u00e1s, la representante del Ministerio P\u00fablico Fiscal (MPF) detall\u00f3 las pruebas periciales con las que cuentan como la constancia de denuncia realizada por la madre de la menor de edad, acta de detenci\u00f3n, entrevista a vecinos de la adolescente, solicitud y acta de allanamiento, pericia realizada por el Departamento de Delitos Complejos, informe del Departamento de Inteligencia Criminal, informe de antecedentes penales del imputado que consta de un robo con arma de fuego con una condena de 7 a\u00f1os de prisi\u00f3n.<\/h3>\n<h3>Respecto a la calificaci\u00f3n penal provisoria, la Fiscal\u00eda acus\u00f3 al imputado por\u00a0 abuso sexual con acceso carnal en concurso real con el delito de robo simple, en perjuicio de la adolescente. Adem\u00e1s, solicit\u00f3 la medida coercitiva personal tendiente a asegurar el proceso y a resguardar a la v\u00edctima, teniendo en cuenta los recaudos previstos en el C\u00f3digo Procesal Penal. La Fiscal agreg\u00f3 que adem\u00e1s de la existencia del hecho y de la autor\u00eda del imputado, existe el riesgo de fuga y tambi\u00e9n existe riesgo procesal de entorpecimiento.<\/h3>\n<h3>A fin de tutelar la integridad de la v\u00edctima, asegurar la presencia del imputado en el proceso, garantizar la investigaci\u00f3n de los hechos y en su caso la ejecuci\u00f3n penal, pidi\u00f3 que se le dicte la prisi\u00f3n preventiva por 120 d\u00edas.<\/h3>\n<h3>La Defensora de Ni\u00f1ez, Adolescencia e Incapaces N\u00ba 2, Marcela Torres Cappiello sostuvo que al momento de merituar una medida cautelar se tengan en cuenta las evidencias detallas por la Fiscal\u00eda.<\/h3>\n<h3>Asimismo, pidi\u00f3 que se tenga presente la naturaleza de la causa considerando que la v\u00edctima era doblemente vulnerable por su calidad de ni\u00f1a, por su calidad de mujer, \u201cencontr\u00e1ndonos ante una causa de violencia de g\u00e9nero que de por si amerita una valoraci\u00f3n especial de las evidencias con los que se cuenta hasta este estadio procesal\u201d, expres\u00f3 Torres Cappiello. Tambi\u00e9n hizo hincapi\u00e9 en los lineamientos de la Corte Interamericana de Derechos Humanos cuando se trata de mujeres v\u00edctimas de violencia, agravado por ser la v\u00edctima menor de edad y solicit\u00f3 que se tenga especialmente en cuenta la peligrosidad para la adolescente.<\/h3>\n<h3>La audiencia de hoy fue la continuidad de la que se realiz\u00f3 ayer, 1\u00ba de marzo y donde la defensa del imputado solicit\u00f3 la pr\u00f3rroga de veinticuatro horas. Cumplido ese plazo se reanud\u00f3 la audiencia de formulaci\u00f3n para definir la situaci\u00f3n procesal del acusado.<\/h3>\n<h3>A continuaci\u00f3n, el imputado declar\u00f3 que el d\u00eda del hecho estuvo en su casa y su madre le recomend\u00f3 que no saliera de la vivienda ya que circulaba personal de la Polic\u00eda por la cuadra ya que \u00e9l hac\u00eda poco hab\u00eda recuperado su libertad y estimaba que pod\u00edan detenerlo por averiguaci\u00f3n de antecedentes. \u201cPasaron dos d\u00edas, despu\u00e9s me realizaron un allanamiento a las siete de la ma\u00f1ana, me secuestraron cuatro tel\u00e9fonos m\u00f3viles, uno m\u00edo, uno de mi mam\u00e1, uno de mi sobrina y uno de mi otra sobrina, me secuestraron ropa que no es m\u00eda, es de mi mam\u00e1, una campera, un pantal\u00f3n y yo fumo marihuana y me secuestraron eso, y despu\u00e9s me llevaron detenido\u201d, manifest\u00f3 el acusado.<\/h3>\n<h3>La Defensa del imputado, representada por los abogados Rodolfo Mercau y Adriana Gargiulo, sostuvo que la valoraci\u00f3n de la Fiscal\u00eda fue taxativa. En este aspecto, Mercau indic\u00f3 que las pruebas fundamentales ser\u00edan los hisopados, las c\u00e1maras de seguridad y la C\u00e1mara Gesell.<\/h3>\n<h3>Adem\u00e1s, se\u00f1al\u00f3 que no existe una evidencia real, \u201cson sospechas, presunciones de que pudo haber sido \u00e9l, \u00bfhay huellas en la puerta, es de \u00e9l el ADN, d\u00f3nde est\u00e1 lo que supuestamente rob\u00f3?\u201d. En este marco, el abogado peticion\u00f3 una pr\u00f3rroga de ocho d\u00edas y exigi\u00f3 que la entrevista a la adolescente en C\u00e1mara Gesell se realice de manera inmediata.<\/h3>\n<h3>La Fiscal Romagnoli dijo estar de acuerdo con lo solicitado por la Defensa y pidi\u00f3 que en la medida de lo posible la C\u00e1mara Gesell de la adolescente sea llevada adelante en el plazo de la pr\u00f3rroga manifestada por la Defensa.<\/h3>\n<h3>La Defensora de Ni\u00f1ez, Torres Cappiello prest\u00f3 conformidad a lo manifestado por el Ministerio P\u00fablico Fiscal.<\/h3>\n<h3>Finalmente, el Juez subrogante, Flores Leyes concedi\u00f3 la pr\u00f3rroga constitucional de ocho d\u00edas de pr\u00f3rroga y en cuanto al anticipo juridisdiccional peticionado por la Defensa y en atenci\u00f3n a la adhesi\u00f3n del resto de los representantes del Ministerio P\u00fablico, hizo lugar para que se proceda a la recepci\u00f3n del testimonio de la v\u00edctima.<\/h3>\n","protected":false},"excerpt":{"rendered":"<p>Este s\u00e1bado, el Juez Subrogante del Juzgado de Garant\u00eda N\u00ba 4, Marcos Flores Leyes, otorg\u00f3&#8230;<\/p>\n","protected":false},"author":1,"featured_media":12616,"comment_status":"closed","ping_status":"closed","sticky":false,"template":"","format":"standard","meta":{"footnotes":""},"categories":[6],"tags":[],"class_list":["post-12604","post","type-post","status-publish","format-standard","has-post-thumbnail","hentry","category-ciudad-provincia"],"yoast_head":"<!-- This site is optimized with the Yoast SEO plugin v26.1.1 - https:\/\/yoast.com\/wordpress\/plugins\/seo\/ -->\n<title>PR\u00d3RROGA DE OCHO D\u00cdAS PARA ACUSADO DE ABUSAR Y ROBAR A UNA ADOLESCENTE - Apuntes de San Luis<\/title>\n<meta name=\"robots\" content=\"index, follow, max-snippet:-1, max-image-preview:large, max-video-preview:-1\" \/>\n<link rel=\"canonical\" href=\"https:\/\/apuntesdesanluis.com\/index.php\/2024\/03\/02\/prorroga-de-ocho-dias-para-acusado-de-abusar-y-robar-a-una-adolescente\/\" \/>\n<meta property=\"og:locale\" content=\"es_ES\" \/>\n<meta property=\"og:type\" content=\"article\" \/>\n<meta property=\"og:title\" content=\"PR\u00d3RROGA DE OCHO D\u00cdAS PARA ACUSADO DE ABUSAR Y ROBAR A UNA ADOLESCENTE - Apuntes de San Luis\" \/>\n<meta property=\"og:description\" content=\"Este s\u00e1bado, el Juez Subrogante del Juzgado de Garant\u00eda N\u00ba 4, Marcos Flores Leyes, otorg\u00f3...\" \/>\n<meta property=\"og:url\" content=\"https:\/\/apuntesdesanluis.com\/index.php\/2024\/03\/02\/prorroga-de-ocho-dias-para-acusado-de-abusar-y-robar-a-una-adolescente\/\" \/>\n<meta property=\"og:site_name\" content=\"Apuntes de San Luis\" \/>\n<meta property=\"article:published_time\" content=\"2024-03-02T10:22:19+00:00\" \/>\n<meta property=\"article:modified_time\" content=\"2024-03-04T10:22:37+00:00\" \/>\n<meta property=\"og:image\" content=\"https:\/\/apuntesdesanluis.com\/wp-content\/uploads\/2024\/03\/AUDIENCIA.png\" \/>\n\t<meta property=\"og:image:width\" content=\"600\" \/>\n\t<meta property=\"og:image:height\" content=\"351\" \/>\n\t<meta property=\"og:image:type\" content=\"image\/png\" \/>\n<meta name=\"author\" content=\"apuntesdesanluis.com\" \/>\n<meta name=\"twitter:card\" content=\"summary_large_image\" \/>\n<meta name=\"twitter:label1\" content=\"Escrito por\" \/>\n\t<meta name=\"twitter:data1\" content=\"apuntesdesanluis.com\" \/>\n\t<meta name=\"twitter:label2\" content=\"Tiempo de lectura\" \/>\n\t<meta name=\"twitter:data2\" content=\"5 minutos\" \/>\n<script type=\"application\/ld+json\" class=\"yoast-schema-graph\">{\"@context\":\"https:\/\/schema.org\",\"@graph\":[{\"@type\":\"Article\",\"@id\":\"https:\/\/apuntesdesanluis.com\/index.php\/2024\/03\/02\/prorroga-de-ocho-dias-para-acusado-de-abusar-y-robar-a-una-adolescente\/#article\",\"isPartOf\":{\"@id\":\"https:\/\/apuntesdesanluis.com\/index.php\/2024\/03\/02\/prorroga-de-ocho-dias-para-acusado-de-abusar-y-robar-a-una-adolescente\/\"},\"author\":{\"name\":\"apuntesdesanluis.com\",\"@id\":\"https:\/\/apuntesdesanluis.com\/#\/schema\/person\/b55151d52296fcce64d1a72538a70b90\"},\"headline\":\"PR\u00d3RROGA DE OCHO D\u00cdAS PARA ACUSADO DE ABUSAR Y ROBAR A UNA ADOLESCENTE\",\"datePublished\":\"2024-03-02T10:22:19+00:00\",\"dateModified\":\"2024-03-04T10:22:37+00:00\",\"mainEntityOfPage\":{\"@id\":\"https:\/\/apuntesdesanluis.com\/index.php\/2024\/03\/02\/prorroga-de-ocho-dias-para-acusado-de-abusar-y-robar-a-una-adolescente\/\"},\"wordCount\":962,\"publisher\":{\"@id\":\"https:\/\/apuntesdesanluis.com\/#\/schema\/person\/b55151d52296fcce64d1a72538a70b90\"},\"image\":{\"@id\":\"https:\/\/apuntesdesanluis.com\/index.php\/2024\/03\/02\/prorroga-de-ocho-dias-para-acusado-de-abusar-y-robar-a-una-adolescente\/#primaryimage\"},\"thumbnailUrl\":\"https:\/\/apuntesdesanluis.com\/wp-content\/uploads\/2024\/03\/AUDIENCIA.png\",\"articleSection\":[\"Ciudad\/Provincia\"],\"inLanguage\":\"es-AR\"},{\"@type\":\"WebPage\",\"@id\":\"https:\/\/apuntesdesanluis.com\/index.php\/2024\/03\/02\/prorroga-de-ocho-dias-para-acusado-de-abusar-y-robar-a-una-adolescente\/\",\"url\":\"https:\/\/apuntesdesanluis.com\/index.php\/2024\/03\/02\/prorroga-de-ocho-dias-para-acusado-de-abusar-y-robar-a-una-adolescente\/\",\"name\":\"PR\u00d3RROGA DE OCHO D\u00cdAS PARA ACUSADO DE ABUSAR Y ROBAR A UNA ADOLESCENTE - Apuntes de San Luis\",\"isPartOf\":{\"@id\":\"https:\/\/apuntesdesanluis.com\/#website\"},\"primaryImageOfPage\":{\"@id\":\"https:\/\/apuntesdesanluis.com\/index.php\/2024\/03\/02\/prorroga-de-ocho-dias-para-acusado-de-abusar-y-robar-a-una-adolescente\/#primaryimage\"},\"image\":{\"@id\":\"https:\/\/apuntesdesanluis.com\/index.php\/2024\/03\/02\/prorroga-de-ocho-dias-para-acusado-de-abusar-y-robar-a-una-adolescente\/#primaryimage\"},\"thumbnailUrl\":\"https:\/\/apuntesdesanluis.com\/wp-content\/uploads\/2024\/03\/AUDIENCIA.png\",\"datePublished\":\"2024-03-02T10:22:19+00:00\",\"dateModified\":\"2024-03-04T10:22:37+00:00\",\"breadcrumb\":{\"@id\":\"https:\/\/apuntesdesanluis.com\/index.php\/2024\/03\/02\/prorroga-de-ocho-dias-para-acusado-de-abusar-y-robar-a-una-adolescente\/#breadcrumb\"},\"inLanguage\":\"es-AR\",\"potentialAction\":[{\"@type\":\"ReadAction\",\"target\":[\"https:\/\/apuntesdesanluis.com\/index.php\/2024\/03\/02\/prorroga-de-ocho-dias-para-acusado-de-abusar-y-robar-a-una-adolescente\/\"]}]},{\"@type\":\"ImageObject\",\"inLanguage\":\"es-AR\",\"@id\":\"https:\/\/apuntesdesanluis.com\/index.php\/2024\/03\/02\/prorroga-de-ocho-dias-para-acusado-de-abusar-y-robar-a-una-adolescente\/#primaryimage\",\"url\":\"https:\/\/apuntesdesanluis.com\/wp-content\/uploads\/2024\/03\/AUDIENCIA.png\",\"contentUrl\":\"https:\/\/apuntesdesanluis.com\/wp-content\/uploads\/2024\/03\/AUDIENCIA.png\",\"width\":600,\"height\":351},{\"@type\":\"BreadcrumbList\",\"@id\":\"https:\/\/apuntesdesanluis.com\/index.php\/2024\/03\/02\/prorroga-de-ocho-dias-para-acusado-de-abusar-y-robar-a-una-adolescente\/#breadcrumb\",\"itemListElement\":[{\"@type\":\"ListItem\",\"position\":1,\"name\":\"Inicio\",\"item\":\"https:\/\/apuntesdesanluis.com\/\"},{\"@type\":\"ListItem\",\"position\":2,\"name\":\"PR\u00d3RROGA DE OCHO D\u00cdAS PARA ACUSADO DE ABUSAR Y ROBAR A UNA ADOLESCENTE\"}]},{\"@type\":\"WebSite\",\"@id\":\"https:\/\/apuntesdesanluis.com\/#website\",\"url\":\"https:\/\/apuntesdesanluis.com\/\",\"name\":\"Apuntes de San Luis\",\"description\":\"\",\"publisher\":{\"@id\":\"https:\/\/apuntesdesanluis.com\/#\/schema\/person\/b55151d52296fcce64d1a72538a70b90\"},\"potentialAction\":[{\"@type\":\"SearchAction\",\"target\":{\"@type\":\"EntryPoint\",\"urlTemplate\":\"https:\/\/apuntesdesanluis.com\/?s={search_term_string}\"},\"query-input\":{\"@type\":\"PropertyValueSpecification\",\"valueRequired\":true,\"valueName\":\"search_term_string\"}}],\"inLanguage\":\"es-AR\"},{\"@type\":[\"Person\",\"Organization\"],\"@id\":\"https:\/\/apuntesdesanluis.com\/#\/schema\/person\/b55151d52296fcce64d1a72538a70b90\",\"name\":\"apuntesdesanluis.com\",\"image\":{\"@type\":\"ImageObject\",\"inLanguage\":\"es-AR\",\"@id\":\"https:\/\/apuntesdesanluis.com\/#\/schema\/person\/image\/\",\"url\":\"https:\/\/apuntesdesanluis.com\/wp-content\/uploads\/2023\/07\/cropped-apuntesdesanluis.png\",\"contentUrl\":\"https:\/\/apuntesdesanluis.com\/wp-content\/uploads\/2023\/07\/cropped-apuntesdesanluis.png\",\"width\":450,\"height\":112,\"caption\":\"apuntesdesanluis.com\"},\"logo\":{\"@id\":\"https:\/\/apuntesdesanluis.com\/#\/schema\/person\/image\/\"},\"sameAs\":[\"https:\/\/apuntesdesanluis.com\"],\"url\":\"https:\/\/apuntesdesanluis.com\/index.php\/author\/apuntesdesanluis-com\/\"}]}<\/script>\n<!-- \/ Yoast SEO plugin. -->","yoast_head_json":{"title":"PR\u00d3RROGA DE OCHO D\u00cdAS PARA ACUSADO DE ABUSAR Y ROBAR A UNA ADOLESCENTE - Apuntes de San Luis","robots":{"index":"index","follow":"follow","max-snippet":"max-snippet:-1","max-image-preview":"max-image-preview:large","max-video-preview":"max-video-preview:-1"},"canonical":"https:\/\/apuntesdesanluis.com\/index.php\/2024\/03\/02\/prorroga-de-ocho-dias-para-acusado-de-abusar-y-robar-a-una-adolescente\/","og_locale":"es_ES","og_type":"article","og_title":"PR\u00d3RROGA DE OCHO D\u00cdAS PARA ACUSADO DE ABUSAR Y ROBAR A UNA ADOLESCENTE - Apuntes de San Luis","og_description":"Este s\u00e1bado, el Juez Subrogante del Juzgado de Garant\u00eda N\u00ba 4, Marcos Flores Leyes, otorg\u00f3...","og_url":"https:\/\/apuntesdesanluis.com\/index.php\/2024\/03\/02\/prorroga-de-ocho-dias-para-acusado-de-abusar-y-robar-a-una-adolescente\/","og_site_name":"Apuntes de San Luis","article_published_time":"2024-03-02T10:22:19+00:00","article_modified_time":"2024-03-04T10:22:37+00:00","og_image":[{"width":600,"height":351,"url":"https:\/\/apuntesdesanluis.com\/wp-content\/uploads\/2024\/03\/AUDIENCIA.png","type":"image\/png"}],"author":"apuntesdesanluis.com","twitter_card":"summary_large_image","twitter_misc":{"Escrito por":"apuntesdesanluis.com","Tiempo de lectura":"5 minutos"},"schema":{"@context":"https:\/\/schema.org","@graph":[{"@type":"Article","@id":"https:\/\/apuntesdesanluis.com\/index.php\/2024\/03\/02\/prorroga-de-ocho-dias-para-acusado-de-abusar-y-robar-a-una-adolescente\/#article","isPartOf":{"@id":"https:\/\/apuntesdesanluis.com\/index.php\/2024\/03\/02\/prorroga-de-ocho-dias-para-acusado-de-abusar-y-robar-a-una-adolescente\/"},"author":{"name":"apuntesdesanluis.com","@id":"https:\/\/apuntesdesanluis.com\/#\/schema\/person\/b55151d52296fcce64d1a72538a70b90"},"headline":"PR\u00d3RROGA DE OCHO D\u00cdAS PARA ACUSADO DE ABUSAR Y ROBAR A UNA ADOLESCENTE","datePublished":"2024-03-02T10:22:19+00:00","dateModified":"2024-03-04T10:22:37+00:00","mainEntityOfPage":{"@id":"https:\/\/apuntesdesanluis.com\/index.php\/2024\/03\/02\/prorroga-de-ocho-dias-para-acusado-de-abusar-y-robar-a-una-adolescente\/"},"wordCount":962,"publisher":{"@id":"https:\/\/apuntesdesanluis.com\/#\/schema\/person\/b55151d52296fcce64d1a72538a70b90"},"image":{"@id":"https:\/\/apuntesdesanluis.com\/index.php\/2024\/03\/02\/prorroga-de-ocho-dias-para-acusado-de-abusar-y-robar-a-una-adolescente\/#primaryimage"},"thumbnailUrl":"https:\/\/apuntesdesanluis.com\/wp-content\/uploads\/2024\/03\/AUDIENCIA.png","articleSection":["Ciudad\/Provincia"],"inLanguage":"es-AR"},{"@type":"WebPage","@id":"https:\/\/apuntesdesanluis.com\/index.php\/2024\/03\/02\/prorroga-de-ocho-dias-para-acusado-de-abusar-y-robar-a-una-adolescente\/","url":"https:\/\/apuntesdesanluis.com\/index.php\/2024\/03\/02\/prorroga-de-ocho-dias-para-acusado-de-abusar-y-robar-a-una-adolescente\/","name":"PR\u00d3RROGA DE OCHO D\u00cdAS PARA ACUSADO DE ABUSAR Y ROBAR A UNA ADOLESCENTE - Apuntes de San Luis","isPartOf":{"@id":"https:\/\/apuntesdesanluis.com\/#website"},"primaryImageOfPage":{"@id":"https:\/\/apuntesdesanluis.com\/index.php\/2024\/03\/02\/prorroga-de-ocho-dias-para-acusado-de-abusar-y-robar-a-una-adolescente\/#primaryimage"},"image":{"@id":"https:\/\/apuntesdesanluis.com\/index.php\/2024\/03\/02\/prorroga-de-ocho-dias-para-acusado-de-abusar-y-robar-a-una-adolescente\/#primaryimage"},"thumbnailUrl":"https:\/\/apuntesdesanluis.com\/wp-content\/uploads\/2024\/03\/AUDIENCIA.png","datePublished":"2024-03-02T10:22:19+00:00","dateModified":"2024-03-04T10:22:37+00:00","breadcrumb":{"@id":"https:\/\/apuntesdesanluis.com\/index.php\/2024\/03\/02\/prorroga-de-ocho-dias-para-acusado-de-abusar-y-robar-a-una-adolescente\/#breadcrumb"},"inLanguage":"es-AR","potentialAction":[{"@type":"ReadAction","target":["https:\/\/apuntesdesanluis.com\/index.php\/2024\/03\/02\/prorroga-de-ocho-dias-para-acusado-de-abusar-y-robar-a-una-adolescente\/"]}]},{"@type":"ImageObject","inLanguage":"es-AR","@id":"https:\/\/apuntesdesanluis.com\/index.php\/2024\/03\/02\/prorroga-de-ocho-dias-para-acusado-de-abusar-y-robar-a-una-adolescente\/#primaryimage","url":"https:\/\/apuntesdesanluis.com\/wp-content\/uploads\/2024\/03\/AUDIENCIA.png","contentUrl":"https:\/\/apuntesdesanluis.com\/wp-content\/uploads\/2024\/03\/AUDIENCIA.png","width":600,"height":351},{"@type":"BreadcrumbList","@id":"https:\/\/apuntesdesanluis.com\/index.php\/2024\/03\/02\/prorroga-de-ocho-dias-para-acusado-de-abusar-y-robar-a-una-adolescente\/#breadcrumb","itemListElement":[{"@type":"ListItem","position":1,"name":"Inicio","item":"https:\/\/apuntesdesanluis.com\/"},{"@type":"ListItem","position":2,"name":"PR\u00d3RROGA DE OCHO D\u00cdAS PARA ACUSADO DE ABUSAR Y ROBAR A UNA ADOLESCENTE"}]},{"@type":"WebSite","@id":"https:\/\/apuntesdesanluis.com\/#website","url":"https:\/\/apuntesdesanluis.com\/","name":"Apuntes de San Luis","description":"","publisher":{"@id":"https:\/\/apuntesdesanluis.com\/#\/schema\/person\/b55151d52296fcce64d1a72538a70b90"},"potentialAction":[{"@type":"SearchAction","target":{"@type":"EntryPoint","urlTemplate":"https:\/\/apuntesdesanluis.com\/?s={search_term_string}"},"query-input":{"@type":"PropertyValueSpecification","valueRequired":true,"valueName":"search_term_string"}}],"inLanguage":"es-AR"},{"@type":["Person","Organization"],"@id":"https:\/\/apuntesdesanluis.com\/#\/schema\/person\/b55151d52296fcce64d1a72538a70b90","name":"apuntesdesanluis.com","image":{"@type":"ImageObject","inLanguage":"es-AR","@id":"https:\/\/apuntesdesanluis.com\/#\/schema\/person\/image\/","url":"https:\/\/apuntesdesanluis.com\/wp-content\/uploads\/2023\/07\/cropped-apuntesdesanluis.png","contentUrl":"https:\/\/apuntesdesanluis.com\/wp-content\/uploads\/2023\/07\/cropped-apuntesdesanluis.png","width":450,"height":112,"caption":"apuntesdesanluis.com"},"logo":{"@id":"https:\/\/apuntesdesanluis.com\/#\/schema\/person\/image\/"},"sameAs":["https:\/\/apuntesdesanluis.com"],"url":"https:\/\/apuntesdesanluis.com\/index.php\/author\/apuntesdesanluis-com\/"}]}},"featured_image_urls":{"full":["https:\/\/apuntesdesanluis.com\/wp-content\/uploads\/2024\/03\/AUDIENCIA.png",600,351,false],"thumbnail":["https:\/\/apuntesdesanluis.com\/wp-content\/uploads\/2024\/03\/AUDIENCIA-150x150.png",150,150,true],"medium":["https:\/\/apuntesdesanluis.com\/wp-content\/uploads\/2024\/03\/AUDIENCIA-300x176.png",300,176,true],"medium_large":["https:\/\/apuntesdesanluis.com\/wp-content\/uploads\/2024\/03\/AUDIENCIA.png",600,351,false],"large":["https:\/\/apuntesdesanluis.com\/wp-content\/uploads\/2024\/03\/AUDIENCIA.png",600,351,false],"1536x1536":["https:\/\/apuntesdesanluis.com\/wp-content\/uploads\/2024\/03\/AUDIENCIA.png",600,351,false],"2048x2048":["https:\/\/apuntesdesanluis.com\/wp-content\/uploads\/2024\/03\/AUDIENCIA.png",600,351,false],"newsever-slider-full":["https:\/\/apuntesdesanluis.com\/wp-content\/uploads\/2024\/03\/AUDIENCIA.png",600,351,false],"newsever-featured":["https:\/\/apuntesdesanluis.com\/wp-content\/uploads\/2024\/03\/AUDIENCIA.png",600,351,false],"newsever-medium":["https:\/\/apuntesdesanluis.com\/wp-content\/uploads\/2024\/03\/AUDIENCIA.png",600,351,false]},"author_info":{"display_name":"apuntesdesanluis.com","author_link":"https:\/\/apuntesdesanluis.com\/index.php\/author\/apuntesdesanluis-com\/"},"category_info":"<a href=\"https:\/\/apuntesdesanluis.com\/index.php\/category\/ciudad-provincia\/\" rel=\"category tag\">Ciudad\/Provincia<\/a>","tag_info":"Ciudad\/Provincia","comment_count":"0","_links":{"self":[{"href":"https:\/\/apuntesdesanluis.com\/index.php\/wp-json\/wp\/v2\/posts\/12604","targetHints":{"allow":["GET"]}}],"collection":[{"href":"https:\/\/apuntesdesanluis.com\/index.php\/wp-json\/wp\/v2\/posts"}],"about":[{"href":"https:\/\/apuntesdesanluis.com\/index.php\/wp-json\/wp\/v2\/types\/post"}],"author":[{"embeddable":true,"href":"https:\/\/apuntesdesanluis.com\/index.php\/wp-json\/wp\/v2\/users\/1"}],"replies":[{"embeddable":true,"href":"https:\/\/apuntesdesanluis.com\/index.php\/wp-json\/wp\/v2\/comments?post=12604"}],"version-history":[{"count":1,"href":"https:\/\/apuntesdesanluis.com\/index.php\/wp-json\/wp\/v2\/posts\/12604\/revisions"}],"predecessor-version":[{"id":12605,"href":"https:\/\/apuntesdesanluis.com\/index.php\/wp-json\/wp\/v2\/posts\/12604\/revisions\/12605"}],"wp:featuredmedia":[{"embeddable":true,"href":"https:\/\/apuntesdesanluis.com\/index.php\/wp-json\/wp\/v2\/media\/12616"}],"wp:attachment":[{"href":"https:\/\/apuntesdesanluis.com\/index.php\/wp-json\/wp\/v2\/media?parent=12604"}],"wp:term":[{"taxonomy":"category","embeddable":true,"href":"https:\/\/apuntesdesanluis.com\/index.php\/wp-json\/wp\/v2\/categories?post=12604"},{"taxonomy":"post_tag","embeddable":true,"href":"https:\/\/apuntesdesanluis.com\/index.php\/wp-json\/wp\/v2\/tags?post=12604"}],"curies":[{"name":"wp","href":"https:\/\/api.w.org\/{rel}","templated":true}]}}