{"id":12628,"date":"2024-03-04T08:02:57","date_gmt":"2024-03-04T11:02:57","guid":{"rendered":"https:\/\/apuntesdesanluis.com\/?p=12628"},"modified":"2024-03-04T08:02:57","modified_gmt":"2024-03-04T11:02:57","slug":"un-nuevo-paro-docente-afecta-el-inicio-de-clases-en-nueve-provincias","status":"publish","type":"post","link":"https:\/\/apuntesdesanluis.com\/index.php\/2024\/03\/04\/un-nuevo-paro-docente-afecta-el-inicio-de-clases-en-nueve-provincias\/","title":{"rendered":"UN NUEVO PARO DOCENTE AFECTA EL INICIO DE CLASES EN NUEVE PROVINCIAS"},"content":{"rendered":"<h3>Esta semana el inicio de clases se ver\u00e1 afectado para las instituciones educativas de <strong>Catamarca, Chaco, Chubut, Jujuy, Misiones, Neuqu\u00e9n, Salta, San Juan, Santiago del Estero y Corrientes<\/strong>. En el caso de las primeras 9 ser\u00e1 por un paro docente nacional convocado por los gremios nucleados en la Confederaci\u00f3n Nacional del Trabajo (CGT), pero en el caso de Corrientes, por el fuerte temporal catalogado como \u201cla peor cat\u00e1strofe clim\u00e1tica\u201d.<\/h3>\n<h3>En primer lugar, respecto del paro, la decisi\u00f3n de interrumpir la actividad escolar para este lunes fue con el fin de reclamar el \u201cfinanciamiento de la educaci\u00f3n\u201d y mejoras salariales.<\/h3>\n<h3>En este contexto, desde la CGT adelantaron que \u201cde no tener respuesta del gobierno\u201d extender\u00e1n la medida de fuerza, lo que podr\u00eda seguir postergando el inicio del ciclo escolar.<\/h3>\n<h3>Seg\u00fan los sindicatos, el gobierno nacional fue quien los \u201coblig\u00f3\u201d a parar por \u201cfalta de aportes y falta de reflexi\u00f3n\u201d, luego de confirmar la eliminaci\u00f3n del Fondo Nacional de Incentivo Docente (Fonid), lo que reduce el salario inicial docente a 220 mil pesos, por debajo de la l\u00ednea de pobreza.<\/h3>\n<h3>\u201cNosotros queremos a los alumnos en las escuelas, pero responsabilizamos al Gobierno nacional de las medidas que nosotros tomamos por falta de aportes y por falta de reflexi\u00f3n ante esta problem\u00e1tica: el Gobierno nacional tiene que financiar y sostener la educaci\u00f3n\u201d, se\u00f1al\u00f3 el secretario general de la Uni\u00f3n Docentes Argentinos (UDA), <strong>Sergio Romero<\/strong>, durante una conferencia en el sal\u00f3n Sa\u00fal Ubaldini de la CGT, la semana pasada.<\/h3>\n<p><img fetchpriority=\"high\" decoding=\"async\" class=\"wp-image-12630 aligncenter\" src=\"https:\/\/apuntesdesanluis.com\/wp-content\/uploads\/2024\/03\/romero-300x172.png\" alt=\"\" width=\"590\" height=\"338\" srcset=\"https:\/\/apuntesdesanluis.com\/wp-content\/uploads\/2024\/03\/romero-300x172.png 300w, https:\/\/apuntesdesanluis.com\/wp-content\/uploads\/2024\/03\/romero.png 523w\" sizes=\"(max-width: 590px) 100vw, 590px\" \/><\/p>\n<h3>La semana pasada, otro paro impulsado por CTERA (la confederaci\u00f3n mayoritaria) afect\u00f3 el comienzo del ciclo lectivo en la Ciudad de Buenos Aires y en las provincias de C\u00f3rdoba, Corrientes, Entre R\u00edos, Formosa, Mendoza, San Luis y Santa Fe.<\/h3>\n<h3>La nueva medida de fuerza anunciada el mi\u00e9rcoles pasado por Romero fue acompa\u00f1ada por los cotitulares de la CGT, Pablo Moyano y Carlos Acu\u00f1a; las secretarias generales del Sindicato Argentino de Docentes Privados (Sadop), Marina Jaureguiberry, y de la Asociaci\u00f3n del Magisterio de Ense\u00f1anza T\u00e9cnica (AMET), Sara Garc\u00eda; y el titular de la Confederaci\u00f3n de Educadores Argentinos (CEA), Fabi\u00e1n Felman.<\/h3>\n<h3>\u201cNo nos han hecho propuestas y no hemos tratado la mejora del salario inicial del sector docente que hoy estaba en 250 mil pesos y, con la quita del Fonid, se reduce a\u00fan m\u00e1s el salario y queda alrededor de los 220 mil pesos\u201d, dijo Romero sobre la reuni\u00f3n que el martes mantuvieron gremios y ministros provinciales con el Gobierno nacional, donde se confirm\u00f3 la eliminaci\u00f3n del Fonid.<\/h3>\n<h3>Romero dijo que pese a que el secretario de Educaci\u00f3n, Carlos Torrendell, \u201ces buena persona\u201d cuenta \u201ccon muy poca autonom\u00eda de gesti\u00f3n\u201d y critic\u00f3 que \u201cnos entretuvo mucho tiempo sin poder hacer mucho aporte a la reuni\u00f3n paritaria\u201d.<\/h3>\n<h3>\u201cDigo reuni\u00f3n paritaria porque estamos convencidos de que estamos negociando en un \u00e1mbito paritario\u201d, remarc\u00f3 Romero, aunque la administraci\u00f3n central la denomin\u00f3 \u201creuni\u00f3n por el piso salarial\u201d.<\/h3>\n<h3>Al respecto, reproch\u00f3 que hay \u201cmiles de docentes que perciben\u201d el salario inicial y que \u201cson jefes de familia\u201d y recrimin\u00f3 que la remuneraci\u00f3n se encuentra \u201cpor debajo de la l\u00ednea de la pobreza\u201d.<\/h3>\n<h3>Adem\u00e1s, advirti\u00f3 que tambi\u00e9n \u201cest\u00e1 en duda\u201d el cobro del Fondo Compensador de Desigualdades Salariales que, explic\u00f3, reciben provincias \u201cque no pueden pagar el salario m\u00ednimo\u201d y alert\u00f3 que tampoco \u201chay aportes para infraestructura nacional y para capacitaci\u00f3n\u201d.<\/h3>\n<h3>Por su parte, tambi\u00e9n en la mencionada conferencia de prensa, Pablo Moyano remarc\u00f3: \u201cAtacan siempre a los trabajadores. No vamos a estar mirando para el otro lado. Puede apretar a los gobernadores, a los diputados, pero a nosotros no nos aprieta nadie. No pudieron los militares, no pudo Macri, mucho menos nos va a parar este cachivache (por Javier Milei), t\u00edtere de las corporaciones\u201d.<\/h3>\n<h3>En tanto, la secretaria general de Sadop, Marina Jaureguiberry, afirm\u00f3 que \u201clejos de haber una propuesta superadora, lo que ha quedado planteado es una reducci\u00f3n del salario docente\u201d, e insisti\u00f3: \u201cNo partimos de un piso de rediscusi\u00f3n salarial, partimos de un piso de reducci\u00f3n directamente del salario\u201d.<\/h3>\n<h3><strong>SIN PROPUESTA SUPERADORA<\/strong><\/h3>\n<h3>La discusi\u00f3n salarial pas\u00f3 a un cuarto intermedio hacia este martes, cuando volver\u00e1n a encontrarse los representantes sindicales con las autoridades provinciales y nacionales.<\/h3>\n<h3>Sobre la eliminaci\u00f3n del Fonid, Jaureguiberry, expuso que \u201chace m\u00e1s de 20 a\u00f1os el salario docente se compone de cifras nacionales y de cifras provinciales: el Fonid es una cifra nacional que va directamente al bolsillo de las compa\u00f1eras. Significa hoy en la Argentina entre un 10 y un 20 por ciento del salario b\u00e1sico\u201d de un docente.<\/h3>\n<h3>El co-secretario general de la CGT y secretario adjunto de Camioneros, Pablo Moyano, le brind\u00f3 su \u201capoyo\u201d a los gremios docentes y record\u00f3 que \u201cla CGT est\u00e1 en estado de alerta y movilizaci\u00f3n\u201d por lo que, adelant\u00f3, \u201cse van a ir acrecentando las medidas que vamos a tomar\u201d.<\/h3>\n<h3>En un comunicado, la entidad gremial inform\u00f3 que se resolvi\u00f3 \u201cconvocar a Jornada Nacional de Protesta\u201d con r\u00e9plicas en las provincias, aunque no se estableci\u00f3 una fecha.<\/h3>\n<h3>Adem\u00e1s, se decidi\u00f3 \u201cconcentrar frente al Congreso de la Naci\u00f3n, la semana pr\u00f3xima, para exigir una ley que garantice la continuidad del Fonid, el Fondo Compensador de Desigualdades Salariales, infraestructura y programas educativos nacionales\u201d.<\/h3>\n<h3>Llamaron a \u201cconstruir una Marcha Federal Educativa en defensa de la educaci\u00f3n p\u00fablica\u201d y ratificaron que asistir\u00e1n a la nueva convocatoria de la Secretar\u00eda de Trabajo el pr\u00f3ximo martes 5 para \u201ccontinuar exigiendo la actualizaci\u00f3n de piso salarial, la recomposici\u00f3n de los salarios de las y los docentes jubilados de las cajas transferidas\u201d y el env\u00edo de todos los fondos educativos.<\/h3>\n<h3>Los gremios docentes provinciales agrupados en CTERA vienen de realizar un paro el lunes, que coincidi\u00f3 con el inicio de clases en ocho distritos, en reclamo de la paritaria nacional y justamente en rechazo de la anunciada eliminaci\u00f3n del Fonid.<\/h3>\n<h3><strong>SUSPENDIERON LAS CLASES EN CORRIENTES<\/strong><\/h3>\n<h3>El Gobierno Provincial inform\u00f3 que debido al fuerte temporal, se suspender\u00e1n las clases en las escuelas de la ciudad de Corrientes y zonas aleda\u00f1as.<\/h3>\n<p><iframe title=\"Inundaciones en Corrientes: La ciudad frente a una cat\u00e1strofe hist\u00f3rica\" width=\"640\" height=\"360\" src=\"https:\/\/www.youtube.com\/embed\/de5_F20UfYE?start=1&#038;feature=oembed\" frameborder=\"0\" allow=\"accelerometer; autoplay; clipboard-write; encrypted-media; gyroscope; picture-in-picture; web-share\" referrerpolicy=\"strict-origin-when-cross-origin\" allowfullscreen><\/iframe><\/p>\n<h3>\u201cAnte las fuertes precipitaciones y el temporal que afecta a la ciudad de Corrientes, informamos que quedan suspendidas las clases del d\u00eda lunes, 4 de marzo, en todas las escuelas de gesti\u00f3n p\u00fablica y privada del departamento Capital y zonas cercanas\u201d, se\u00f1alaron.<\/h3>\n<h3>Es importante destacar que la situaci\u00f3n actual de dicha provincia es cr\u00edtica luego de que se haya registrado la ca\u00edda 208 mil\u00edmetros de agua en tan solo cinco horas, durante la madrugada del domingo.<\/h3>\n<h3>\u00c1rboles ca\u00eddos, autos arrastrados por la corriente generada por la lluvia y las r\u00e1fagas de viento, casas que quedaron bajo agua y centenares de personas evacuadas.<\/h3>\n<h3>Inclusive, este temporal fue catalogado por el gobernador Corrientes, Gustavo Vald\u00e9s, como \u201cla peor cat\u00e1strofe clim\u00e1tica\u201d.<\/h3>\n<h3>En tanto, el SMN arroj\u00f3 alertas amarillas para el d\u00eda de hoy, en ciertas localidades correntinas, tales como Concepci\u00f3n, Curuz\u00fa Cuati\u00e1, Mercedes, San Roque y Sauce. En este sentido, se trata de tormentas que podr\u00e1n estar acompa\u00f1adas por r\u00e1fagas de viento muy intensas, con importante actividad el\u00e9ctrica y ocasional ca\u00edda de granizo. Asimismo, de acuerdo a la informaci\u00f3n, podr\u00eda haber una abundante ca\u00edda de agua en per\u00edodos cortos, tal como sucedi\u00f3 esta madrugada.<\/h3>\n<h3>Si bien por el momento no se pronostican lluvias de la misma intensidad, lo grave de la situaci\u00f3n es que suceder\u00e1n en un terreno inundado que ya no cuenta con m\u00e1s capacidad. \u201cEsto hace que una situaci\u00f3n que ya est\u00e1 complicada, se complique a\u00fan m\u00e1s. Por eso se mantiene la alerta, pero no es que se espera que vuelvan a llover 200 mil\u00edmetros m\u00e1s pero es un terreno que no puede recibir m\u00e1s agua\u201d, explic\u00f3 a Infobae la meteor\u00f3loga del Servicio Meteorol\u00f3gico, Cindy Fern\u00e1ndez.<\/h3>\n<p>&nbsp;<\/p>\n<p>&nbsp;<\/p>\n<p>&nbsp;<\/p>\n","protected":false},"excerpt":{"rendered":"<p>Esta semana el inicio de clases se ver\u00e1 afectado para las instituciones educativas de Catamarca,&#8230;<\/p>\n","protected":false},"author":1,"featured_media":12629,"comment_status":"closed","ping_status":"closed","sticky":false,"template":"","format":"standard","meta":{"footnotes":""},"categories":[5],"tags":[],"class_list":["post-12628","post","type-post","status-publish","format-standard","has-post-thumbnail","hentry","category-nacionales-internacionales"],"yoast_head":"<!-- This site is optimized with the Yoast SEO plugin v26.1.1 - https:\/\/yoast.com\/wordpress\/plugins\/seo\/ -->\n<title>UN NUEVO PARO DOCENTE AFECTA EL INICIO DE CLASES EN NUEVE PROVINCIAS - Apuntes de San Luis<\/title>\n<meta name=\"robots\" content=\"index, follow, max-snippet:-1, max-image-preview:large, max-video-preview:-1\" \/>\n<link rel=\"canonical\" href=\"https:\/\/apuntesdesanluis.com\/index.php\/2024\/03\/04\/un-nuevo-paro-docente-afecta-el-inicio-de-clases-en-nueve-provincias\/\" \/>\n<meta property=\"og:locale\" content=\"es_ES\" \/>\n<meta property=\"og:type\" content=\"article\" \/>\n<meta property=\"og:title\" content=\"UN NUEVO PARO DOCENTE AFECTA EL INICIO DE CLASES EN NUEVE PROVINCIAS - Apuntes de San Luis\" \/>\n<meta property=\"og:description\" content=\"Esta semana el inicio de clases se ver\u00e1 afectado para las instituciones educativas de Catamarca,...\" \/>\n<meta property=\"og:url\" content=\"https:\/\/apuntesdesanluis.com\/index.php\/2024\/03\/04\/un-nuevo-paro-docente-afecta-el-inicio-de-clases-en-nueve-provincias\/\" \/>\n<meta property=\"og:site_name\" content=\"Apuntes de San Luis\" \/>\n<meta property=\"article:published_time\" content=\"2024-03-04T11:02:57+00:00\" \/>\n<meta property=\"og:image\" content=\"https:\/\/apuntesdesanluis.com\/wp-content\/uploads\/2024\/03\/clases-y-paro.png\" \/>\n\t<meta property=\"og:image:width\" content=\"592\" \/>\n\t<meta property=\"og:image:height\" content=\"350\" \/>\n\t<meta property=\"og:image:type\" content=\"image\/png\" \/>\n<meta name=\"author\" content=\"apuntesdesanluis.com\" \/>\n<meta name=\"twitter:card\" content=\"summary_large_image\" \/>\n<meta name=\"twitter:label1\" content=\"Escrito por\" \/>\n\t<meta name=\"twitter:data1\" content=\"apuntesdesanluis.com\" \/>\n\t<meta name=\"twitter:label2\" content=\"Tiempo de lectura\" \/>\n\t<meta name=\"twitter:data2\" content=\"6 minutos\" \/>\n<script type=\"application\/ld+json\" class=\"yoast-schema-graph\">{\"@context\":\"https:\/\/schema.org\",\"@graph\":[{\"@type\":\"Article\",\"@id\":\"https:\/\/apuntesdesanluis.com\/index.php\/2024\/03\/04\/un-nuevo-paro-docente-afecta-el-inicio-de-clases-en-nueve-provincias\/#article\",\"isPartOf\":{\"@id\":\"https:\/\/apuntesdesanluis.com\/index.php\/2024\/03\/04\/un-nuevo-paro-docente-afecta-el-inicio-de-clases-en-nueve-provincias\/\"},\"author\":{\"name\":\"apuntesdesanluis.com\",\"@id\":\"https:\/\/apuntesdesanluis.com\/#\/schema\/person\/b55151d52296fcce64d1a72538a70b90\"},\"headline\":\"UN NUEVO PARO DOCENTE AFECTA EL INICIO DE CLASES EN NUEVE PROVINCIAS\",\"datePublished\":\"2024-03-04T11:02:57+00:00\",\"mainEntityOfPage\":{\"@id\":\"https:\/\/apuntesdesanluis.com\/index.php\/2024\/03\/04\/un-nuevo-paro-docente-afecta-el-inicio-de-clases-en-nueve-provincias\/\"},\"wordCount\":1384,\"publisher\":{\"@id\":\"https:\/\/apuntesdesanluis.com\/#\/schema\/person\/b55151d52296fcce64d1a72538a70b90\"},\"image\":{\"@id\":\"https:\/\/apuntesdesanluis.com\/index.php\/2024\/03\/04\/un-nuevo-paro-docente-afecta-el-inicio-de-clases-en-nueve-provincias\/#primaryimage\"},\"thumbnailUrl\":\"https:\/\/apuntesdesanluis.com\/wp-content\/uploads\/2024\/03\/clases-y-paro.png\",\"articleSection\":[\"Nacionales\/Internacionales\"],\"inLanguage\":\"es-AR\"},{\"@type\":\"WebPage\",\"@id\":\"https:\/\/apuntesdesanluis.com\/index.php\/2024\/03\/04\/un-nuevo-paro-docente-afecta-el-inicio-de-clases-en-nueve-provincias\/\",\"url\":\"https:\/\/apuntesdesanluis.com\/index.php\/2024\/03\/04\/un-nuevo-paro-docente-afecta-el-inicio-de-clases-en-nueve-provincias\/\",\"name\":\"UN NUEVO PARO DOCENTE AFECTA EL INICIO DE CLASES EN NUEVE PROVINCIAS - Apuntes de San Luis\",\"isPartOf\":{\"@id\":\"https:\/\/apuntesdesanluis.com\/#website\"},\"primaryImageOfPage\":{\"@id\":\"https:\/\/apuntesdesanluis.com\/index.php\/2024\/03\/04\/un-nuevo-paro-docente-afecta-el-inicio-de-clases-en-nueve-provincias\/#primaryimage\"},\"image\":{\"@id\":\"https:\/\/apuntesdesanluis.com\/index.php\/2024\/03\/04\/un-nuevo-paro-docente-afecta-el-inicio-de-clases-en-nueve-provincias\/#primaryimage\"},\"thumbnailUrl\":\"https:\/\/apuntesdesanluis.com\/wp-content\/uploads\/2024\/03\/clases-y-paro.png\",\"datePublished\":\"2024-03-04T11:02:57+00:00\",\"breadcrumb\":{\"@id\":\"https:\/\/apuntesdesanluis.com\/index.php\/2024\/03\/04\/un-nuevo-paro-docente-afecta-el-inicio-de-clases-en-nueve-provincias\/#breadcrumb\"},\"inLanguage\":\"es-AR\",\"potentialAction\":[{\"@type\":\"ReadAction\",\"target\":[\"https:\/\/apuntesdesanluis.com\/index.php\/2024\/03\/04\/un-nuevo-paro-docente-afecta-el-inicio-de-clases-en-nueve-provincias\/\"]}]},{\"@type\":\"ImageObject\",\"inLanguage\":\"es-AR\",\"@id\":\"https:\/\/apuntesdesanluis.com\/index.php\/2024\/03\/04\/un-nuevo-paro-docente-afecta-el-inicio-de-clases-en-nueve-provincias\/#primaryimage\",\"url\":\"https:\/\/apuntesdesanluis.com\/wp-content\/uploads\/2024\/03\/clases-y-paro.png\",\"contentUrl\":\"https:\/\/apuntesdesanluis.com\/wp-content\/uploads\/2024\/03\/clases-y-paro.png\",\"width\":592,\"height\":350},{\"@type\":\"BreadcrumbList\",\"@id\":\"https:\/\/apuntesdesanluis.com\/index.php\/2024\/03\/04\/un-nuevo-paro-docente-afecta-el-inicio-de-clases-en-nueve-provincias\/#breadcrumb\",\"itemListElement\":[{\"@type\":\"ListItem\",\"position\":1,\"name\":\"Inicio\",\"item\":\"https:\/\/apuntesdesanluis.com\/\"},{\"@type\":\"ListItem\",\"position\":2,\"name\":\"UN NUEVO PARO DOCENTE AFECTA EL INICIO DE CLASES EN NUEVE PROVINCIAS\"}]},{\"@type\":\"WebSite\",\"@id\":\"https:\/\/apuntesdesanluis.com\/#website\",\"url\":\"https:\/\/apuntesdesanluis.com\/\",\"name\":\"Apuntes de San Luis\",\"description\":\"\",\"publisher\":{\"@id\":\"https:\/\/apuntesdesanluis.com\/#\/schema\/person\/b55151d52296fcce64d1a72538a70b90\"},\"potentialAction\":[{\"@type\":\"SearchAction\",\"target\":{\"@type\":\"EntryPoint\",\"urlTemplate\":\"https:\/\/apuntesdesanluis.com\/?s={search_term_string}\"},\"query-input\":{\"@type\":\"PropertyValueSpecification\",\"valueRequired\":true,\"valueName\":\"search_term_string\"}}],\"inLanguage\":\"es-AR\"},{\"@type\":[\"Person\",\"Organization\"],\"@id\":\"https:\/\/apuntesdesanluis.com\/#\/schema\/person\/b55151d52296fcce64d1a72538a70b90\",\"name\":\"apuntesdesanluis.com\",\"image\":{\"@type\":\"ImageObject\",\"inLanguage\":\"es-AR\",\"@id\":\"https:\/\/apuntesdesanluis.com\/#\/schema\/person\/image\/\",\"url\":\"https:\/\/apuntesdesanluis.com\/wp-content\/uploads\/2023\/07\/cropped-apuntesdesanluis.png\",\"contentUrl\":\"https:\/\/apuntesdesanluis.com\/wp-content\/uploads\/2023\/07\/cropped-apuntesdesanluis.png\",\"width\":450,\"height\":112,\"caption\":\"apuntesdesanluis.com\"},\"logo\":{\"@id\":\"https:\/\/apuntesdesanluis.com\/#\/schema\/person\/image\/\"},\"sameAs\":[\"https:\/\/apuntesdesanluis.com\"],\"url\":\"https:\/\/apuntesdesanluis.com\/index.php\/author\/apuntesdesanluis-com\/\"}]}<\/script>\n<!-- \/ Yoast SEO plugin. -->","yoast_head_json":{"title":"UN NUEVO PARO DOCENTE AFECTA EL INICIO DE CLASES EN NUEVE PROVINCIAS - Apuntes de San Luis","robots":{"index":"index","follow":"follow","max-snippet":"max-snippet:-1","max-image-preview":"max-image-preview:large","max-video-preview":"max-video-preview:-1"},"canonical":"https:\/\/apuntesdesanluis.com\/index.php\/2024\/03\/04\/un-nuevo-paro-docente-afecta-el-inicio-de-clases-en-nueve-provincias\/","og_locale":"es_ES","og_type":"article","og_title":"UN NUEVO PARO DOCENTE AFECTA EL INICIO DE CLASES EN NUEVE PROVINCIAS - Apuntes de San Luis","og_description":"Esta semana el inicio de clases se ver\u00e1 afectado para las instituciones educativas de Catamarca,...","og_url":"https:\/\/apuntesdesanluis.com\/index.php\/2024\/03\/04\/un-nuevo-paro-docente-afecta-el-inicio-de-clases-en-nueve-provincias\/","og_site_name":"Apuntes de San Luis","article_published_time":"2024-03-04T11:02:57+00:00","og_image":[{"width":592,"height":350,"url":"https:\/\/apuntesdesanluis.com\/wp-content\/uploads\/2024\/03\/clases-y-paro.png","type":"image\/png"}],"author":"apuntesdesanluis.com","twitter_card":"summary_large_image","twitter_misc":{"Escrito por":"apuntesdesanluis.com","Tiempo de lectura":"6 minutos"},"schema":{"@context":"https:\/\/schema.org","@graph":[{"@type":"Article","@id":"https:\/\/apuntesdesanluis.com\/index.php\/2024\/03\/04\/un-nuevo-paro-docente-afecta-el-inicio-de-clases-en-nueve-provincias\/#article","isPartOf":{"@id":"https:\/\/apuntesdesanluis.com\/index.php\/2024\/03\/04\/un-nuevo-paro-docente-afecta-el-inicio-de-clases-en-nueve-provincias\/"},"author":{"name":"apuntesdesanluis.com","@id":"https:\/\/apuntesdesanluis.com\/#\/schema\/person\/b55151d52296fcce64d1a72538a70b90"},"headline":"UN NUEVO PARO DOCENTE AFECTA EL INICIO DE CLASES EN NUEVE PROVINCIAS","datePublished":"2024-03-04T11:02:57+00:00","mainEntityOfPage":{"@id":"https:\/\/apuntesdesanluis.com\/index.php\/2024\/03\/04\/un-nuevo-paro-docente-afecta-el-inicio-de-clases-en-nueve-provincias\/"},"wordCount":1384,"publisher":{"@id":"https:\/\/apuntesdesanluis.com\/#\/schema\/person\/b55151d52296fcce64d1a72538a70b90"},"image":{"@id":"https:\/\/apuntesdesanluis.com\/index.php\/2024\/03\/04\/un-nuevo-paro-docente-afecta-el-inicio-de-clases-en-nueve-provincias\/#primaryimage"},"thumbnailUrl":"https:\/\/apuntesdesanluis.com\/wp-content\/uploads\/2024\/03\/clases-y-paro.png","articleSection":["Nacionales\/Internacionales"],"inLanguage":"es-AR"},{"@type":"WebPage","@id":"https:\/\/apuntesdesanluis.com\/index.php\/2024\/03\/04\/un-nuevo-paro-docente-afecta-el-inicio-de-clases-en-nueve-provincias\/","url":"https:\/\/apuntesdesanluis.com\/index.php\/2024\/03\/04\/un-nuevo-paro-docente-afecta-el-inicio-de-clases-en-nueve-provincias\/","name":"UN NUEVO PARO DOCENTE AFECTA EL INICIO DE CLASES EN NUEVE PROVINCIAS - Apuntes de San Luis","isPartOf":{"@id":"https:\/\/apuntesdesanluis.com\/#website"},"primaryImageOfPage":{"@id":"https:\/\/apuntesdesanluis.com\/index.php\/2024\/03\/04\/un-nuevo-paro-docente-afecta-el-inicio-de-clases-en-nueve-provincias\/#primaryimage"},"image":{"@id":"https:\/\/apuntesdesanluis.com\/index.php\/2024\/03\/04\/un-nuevo-paro-docente-afecta-el-inicio-de-clases-en-nueve-provincias\/#primaryimage"},"thumbnailUrl":"https:\/\/apuntesdesanluis.com\/wp-content\/uploads\/2024\/03\/clases-y-paro.png","datePublished":"2024-03-04T11:02:57+00:00","breadcrumb":{"@id":"https:\/\/apuntesdesanluis.com\/index.php\/2024\/03\/04\/un-nuevo-paro-docente-afecta-el-inicio-de-clases-en-nueve-provincias\/#breadcrumb"},"inLanguage":"es-AR","potentialAction":[{"@type":"ReadAction","target":["https:\/\/apuntesdesanluis.com\/index.php\/2024\/03\/04\/un-nuevo-paro-docente-afecta-el-inicio-de-clases-en-nueve-provincias\/"]}]},{"@type":"ImageObject","inLanguage":"es-AR","@id":"https:\/\/apuntesdesanluis.com\/index.php\/2024\/03\/04\/un-nuevo-paro-docente-afecta-el-inicio-de-clases-en-nueve-provincias\/#primaryimage","url":"https:\/\/apuntesdesanluis.com\/wp-content\/uploads\/2024\/03\/clases-y-paro.png","contentUrl":"https:\/\/apuntesdesanluis.com\/wp-content\/uploads\/2024\/03\/clases-y-paro.png","width":592,"height":350},{"@type":"BreadcrumbList","@id":"https:\/\/apuntesdesanluis.com\/index.php\/2024\/03\/04\/un-nuevo-paro-docente-afecta-el-inicio-de-clases-en-nueve-provincias\/#breadcrumb","itemListElement":[{"@type":"ListItem","position":1,"name":"Inicio","item":"https:\/\/apuntesdesanluis.com\/"},{"@type":"ListItem","position":2,"name":"UN NUEVO PARO DOCENTE AFECTA EL INICIO DE CLASES EN NUEVE PROVINCIAS"}]},{"@type":"WebSite","@id":"https:\/\/apuntesdesanluis.com\/#website","url":"https:\/\/apuntesdesanluis.com\/","name":"Apuntes de San Luis","description":"","publisher":{"@id":"https:\/\/apuntesdesanluis.com\/#\/schema\/person\/b55151d52296fcce64d1a72538a70b90"},"potentialAction":[{"@type":"SearchAction","target":{"@type":"EntryPoint","urlTemplate":"https:\/\/apuntesdesanluis.com\/?s={search_term_string}"},"query-input":{"@type":"PropertyValueSpecification","valueRequired":true,"valueName":"search_term_string"}}],"inLanguage":"es-AR"},{"@type":["Person","Organization"],"@id":"https:\/\/apuntesdesanluis.com\/#\/schema\/person\/b55151d52296fcce64d1a72538a70b90","name":"apuntesdesanluis.com","image":{"@type":"ImageObject","inLanguage":"es-AR","@id":"https:\/\/apuntesdesanluis.com\/#\/schema\/person\/image\/","url":"https:\/\/apuntesdesanluis.com\/wp-content\/uploads\/2023\/07\/cropped-apuntesdesanluis.png","contentUrl":"https:\/\/apuntesdesanluis.com\/wp-content\/uploads\/2023\/07\/cropped-apuntesdesanluis.png","width":450,"height":112,"caption":"apuntesdesanluis.com"},"logo":{"@id":"https:\/\/apuntesdesanluis.com\/#\/schema\/person\/image\/"},"sameAs":["https:\/\/apuntesdesanluis.com"],"url":"https:\/\/apuntesdesanluis.com\/index.php\/author\/apuntesdesanluis-com\/"}]}},"featured_image_urls":{"full":["https:\/\/apuntesdesanluis.com\/wp-content\/uploads\/2024\/03\/clases-y-paro.png",592,350,false],"thumbnail":["https:\/\/apuntesdesanluis.com\/wp-content\/uploads\/2024\/03\/clases-y-paro-150x150.png",150,150,true],"medium":["https:\/\/apuntesdesanluis.com\/wp-content\/uploads\/2024\/03\/clases-y-paro-300x177.png",300,177,true],"medium_large":["https:\/\/apuntesdesanluis.com\/wp-content\/uploads\/2024\/03\/clases-y-paro.png",592,350,false],"large":["https:\/\/apuntesdesanluis.com\/wp-content\/uploads\/2024\/03\/clases-y-paro.png",592,350,false],"1536x1536":["https:\/\/apuntesdesanluis.com\/wp-content\/uploads\/2024\/03\/clases-y-paro.png",592,350,false],"2048x2048":["https:\/\/apuntesdesanluis.com\/wp-content\/uploads\/2024\/03\/clases-y-paro.png",592,350,false],"newsever-slider-full":["https:\/\/apuntesdesanluis.com\/wp-content\/uploads\/2024\/03\/clases-y-paro.png",592,350,false],"newsever-featured":["https:\/\/apuntesdesanluis.com\/wp-content\/uploads\/2024\/03\/clases-y-paro.png",592,350,false],"newsever-medium":["https:\/\/apuntesdesanluis.com\/wp-content\/uploads\/2024\/03\/clases-y-paro.png",592,350,false]},"author_info":{"display_name":"apuntesdesanluis.com","author_link":"https:\/\/apuntesdesanluis.com\/index.php\/author\/apuntesdesanluis-com\/"},"category_info":"<a href=\"https:\/\/apuntesdesanluis.com\/index.php\/category\/nacionales-internacionales\/\" rel=\"category tag\">Nacionales\/Internacionales<\/a>","tag_info":"Nacionales\/Internacionales","comment_count":"0","_links":{"self":[{"href":"https:\/\/apuntesdesanluis.com\/index.php\/wp-json\/wp\/v2\/posts\/12628","targetHints":{"allow":["GET"]}}],"collection":[{"href":"https:\/\/apuntesdesanluis.com\/index.php\/wp-json\/wp\/v2\/posts"}],"about":[{"href":"https:\/\/apuntesdesanluis.com\/index.php\/wp-json\/wp\/v2\/types\/post"}],"author":[{"embeddable":true,"href":"https:\/\/apuntesdesanluis.com\/index.php\/wp-json\/wp\/v2\/users\/1"}],"replies":[{"embeddable":true,"href":"https:\/\/apuntesdesanluis.com\/index.php\/wp-json\/wp\/v2\/comments?post=12628"}],"version-history":[{"count":1,"href":"https:\/\/apuntesdesanluis.com\/index.php\/wp-json\/wp\/v2\/posts\/12628\/revisions"}],"predecessor-version":[{"id":12631,"href":"https:\/\/apuntesdesanluis.com\/index.php\/wp-json\/wp\/v2\/posts\/12628\/revisions\/12631"}],"wp:featuredmedia":[{"embeddable":true,"href":"https:\/\/apuntesdesanluis.com\/index.php\/wp-json\/wp\/v2\/media\/12629"}],"wp:attachment":[{"href":"https:\/\/apuntesdesanluis.com\/index.php\/wp-json\/wp\/v2\/media?parent=12628"}],"wp:term":[{"taxonomy":"category","embeddable":true,"href":"https:\/\/apuntesdesanluis.com\/index.php\/wp-json\/wp\/v2\/categories?post=12628"},{"taxonomy":"post_tag","embeddable":true,"href":"https:\/\/apuntesdesanluis.com\/index.php\/wp-json\/wp\/v2\/tags?post=12628"}],"curies":[{"name":"wp","href":"https:\/\/api.w.org\/{rel}","templated":true}]}}