{"id":12632,"date":"2024-03-04T20:18:06","date_gmt":"2024-03-04T23:18:06","guid":{"rendered":"https:\/\/apuntesdesanluis.com\/?p=12632"},"modified":"2024-03-04T20:19:19","modified_gmt":"2024-03-04T23:19:19","slug":"12632","status":"publish","type":"post","link":"https:\/\/apuntesdesanluis.com\/index.php\/2024\/03\/04\/12632\/","title":{"rendered":"EL GOBIERNO LE RECLAM\u00d3 A LA LIGA DE F\u00daTBOL DE MERCEDES POR LOS DESTROZOS EN LA PEDRERA"},"content":{"rendered":"<h3>El que rompe paga, dice el dicho. Mediante una misiva, el <strong>Gobierno de San Luis<\/strong> le inform\u00f3 al presidente de la <strong>Liga de F\u00fatbol de Villa Mercedes, H\u00e9ctor Lombardi<\/strong>, que suspender\u00e1 cualquier pr\u00f3ximo partido de f\u00fatbol federado, luego de los \u201crepudiables incidentes\u201d y da\u00f1os acontecidos el pasado s\u00e1bado 2 de marzo. La instituci\u00f3n deber\u00e1 responder ante los destrozos que superan los 5 millones de pesos.<\/h3>\n<h3>En la nota, firmada por el secretario de Deportes, <strong>Gabriel Rivero<\/strong> y la secretaria General de la Gobernaci\u00f3n,<strong> Romina Carbonel,<\/strong>\u00a0se expresa el total repudio a los hechos de violencia que \u201cempa\u00f1an la esencia misma del deporte, el cual debe ser un veh\u00edculo de valores como el respeto, la camarader\u00eda y la sana competencia\u201d.<\/h3>\n<p><a href=\"https:\/\/www.facebook.com\/watch\/?ref=search&amp;v=1347102525995997&amp;external_log_id=3b446912-a8f7-41d8-a7c5-96c9309ee7b1&amp;q=INCIDENTES%20EN%20LA%20PEDRERA%20ENTRE%20DEFESORES%20Y%20ATE\" target=\"_blank\" rel=\"noopener\"><img fetchpriority=\"high\" decoding=\"async\" class=\"wp-image-12633 aligncenter\" src=\"https:\/\/apuntesdesanluis.com\/wp-content\/uploads\/2024\/03\/INCIDENTES-300x156.png\" alt=\"\" width=\"600\" height=\"312\" srcset=\"https:\/\/apuntesdesanluis.com\/wp-content\/uploads\/2024\/03\/INCIDENTES-300x156.png 300w, https:\/\/apuntesdesanluis.com\/wp-content\/uploads\/2024\/03\/INCIDENTES.png 600w\" sizes=\"(max-width: 600px) 100vw, 600px\" \/><\/a><\/p>\n<h3>El pasado s\u00e1bado, hinchas de Defensores del Este y ATE II provocaron destrozos en el estadio de La Pedrera. El triste episodio tuvo lugar minutos antes de finalizado el encuentro que formaba parte de un cuadrangular del f\u00fatbol mercedino. La gresca generalizada involucr\u00f3 tambi\u00e9n a jugadores y cuerpos t\u00e9cnicos.<\/h3>\n<h3>Seg\u00fan inform\u00f3 el Gobierno, los da\u00f1os ocasionados han sido cuantificados en un valor aproximado de $5.200.000, por los cuales deber\u00e1 responder la Liga \u201cya que los mismos representan una grave p\u00e9rdida para nuestras instalaciones deportivas y para el patrimonio de nuestra comunidad\u201d, reza la nota.<\/h3>\n<h3>Adem\u00e1s, las autoridades de Gobierno instan al presidente de la Liga a \u201ctomar medidas ejemplificadoras contra los clubes implicados y comunicarlas p\u00fablicamente\u201d, para prevenir futuros episodios de violencia.<\/h3>\n<h3><span style=\"color: #3366ff;\">NOTICIA RELACIONADA:<\/span><\/h3>\n<p><a href=\"https:\/\/agenciasanluis.com\/2024\/03\/04\/924082-hinchas-de-defensores-del-este-y-ate-ii-provocaron-destrozos-en-el-estadio-de-la-pedrera\/\" target=\"_blank\" rel=\"noopener\"><img decoding=\"async\" class=\"alignnone wp-image-12635\" src=\"https:\/\/apuntesdesanluis.com\/wp-content\/uploads\/2024\/03\/posteo-incidentes-300x213.png\" alt=\"\" width=\"563\" height=\"400\" srcset=\"https:\/\/apuntesdesanluis.com\/wp-content\/uploads\/2024\/03\/posteo-incidentes-300x213.png 300w, https:\/\/apuntesdesanluis.com\/wp-content\/uploads\/2024\/03\/posteo-incidentes.png 371w\" sizes=\"(max-width: 563px) 100vw, 563px\" \/><\/a><\/p>\n<h4><em><span style=\"color: #000000;\">Agradecimiento im\u00e1genes: Radio La Bomba<\/span><\/em><\/h4>\n<p>&nbsp;<\/p>\n<p>&nbsp;<\/p>\n<p>&nbsp;<\/p>\n<p>&nbsp;<\/p>\n<p>&nbsp;<\/p>\n<p>&nbsp;<\/p>\n<p>&nbsp;<\/p>\n","protected":false},"excerpt":{"rendered":"<p>El que rompe paga, dice el dicho. Mediante una misiva, el Gobierno de San Luis&#8230;<\/p>\n","protected":false},"author":1,"featured_media":12634,"comment_status":"closed","ping_status":"closed","sticky":false,"template":"","format":"standard","meta":{"footnotes":""},"categories":[6],"tags":[],"class_list":["post-12632","post","type-post","status-publish","format-standard","has-post-thumbnail","hentry","category-ciudad-provincia"],"yoast_head":"<!-- This site is optimized with the Yoast SEO plugin v26.1.1 - https:\/\/yoast.com\/wordpress\/plugins\/seo\/ -->\n<title>EL GOBIERNO LE RECLAM\u00d3 A LA LIGA DE F\u00daTBOL DE MERCEDES POR LOS DESTROZOS EN LA PEDRERA - Apuntes de San Luis<\/title>\n<meta name=\"robots\" content=\"index, follow, max-snippet:-1, max-image-preview:large, max-video-preview:-1\" \/>\n<link rel=\"canonical\" href=\"https:\/\/apuntesdesanluis.com\/index.php\/2024\/03\/04\/12632\/\" \/>\n<meta property=\"og:locale\" content=\"es_ES\" \/>\n<meta property=\"og:type\" content=\"article\" \/>\n<meta property=\"og:title\" content=\"EL GOBIERNO LE RECLAM\u00d3 A LA LIGA DE F\u00daTBOL DE MERCEDES POR LOS DESTROZOS EN LA PEDRERA - Apuntes de San Luis\" \/>\n<meta property=\"og:description\" content=\"El que rompe paga, dice el dicho. Mediante una misiva, el Gobierno de San Luis...\" \/>\n<meta property=\"og:url\" content=\"https:\/\/apuntesdesanluis.com\/index.php\/2024\/03\/04\/12632\/\" \/>\n<meta property=\"og:site_name\" content=\"Apuntes de San Luis\" \/>\n<meta property=\"article:published_time\" content=\"2024-03-04T23:18:06+00:00\" \/>\n<meta property=\"article:modified_time\" content=\"2024-03-04T23:19:19+00:00\" \/>\n<meta property=\"og:image\" content=\"https:\/\/apuntesdesanluis.com\/wp-content\/uploads\/2024\/03\/la-pedrera.png\" \/>\n\t<meta property=\"og:image:width\" content=\"623\" \/>\n\t<meta property=\"og:image:height\" content=\"386\" \/>\n\t<meta property=\"og:image:type\" content=\"image\/png\" \/>\n<meta name=\"author\" content=\"apuntesdesanluis.com\" \/>\n<meta name=\"twitter:card\" content=\"summary_large_image\" \/>\n<meta name=\"twitter:label1\" content=\"Escrito por\" \/>\n\t<meta name=\"twitter:data1\" content=\"apuntesdesanluis.com\" \/>\n\t<meta name=\"twitter:label2\" content=\"Tiempo de lectura\" \/>\n\t<meta name=\"twitter:data2\" content=\"2 minutos\" \/>\n<script type=\"application\/ld+json\" class=\"yoast-schema-graph\">{\"@context\":\"https:\/\/schema.org\",\"@graph\":[{\"@type\":\"Article\",\"@id\":\"https:\/\/apuntesdesanluis.com\/index.php\/2024\/03\/04\/12632\/#article\",\"isPartOf\":{\"@id\":\"https:\/\/apuntesdesanluis.com\/index.php\/2024\/03\/04\/12632\/\"},\"author\":{\"name\":\"apuntesdesanluis.com\",\"@id\":\"https:\/\/apuntesdesanluis.com\/#\/schema\/person\/b55151d52296fcce64d1a72538a70b90\"},\"headline\":\"EL GOBIERNO LE RECLAM\u00d3 A LA LIGA DE F\u00daTBOL DE MERCEDES POR LOS DESTROZOS EN LA PEDRERA\",\"datePublished\":\"2024-03-04T23:18:06+00:00\",\"dateModified\":\"2024-03-04T23:19:19+00:00\",\"mainEntityOfPage\":{\"@id\":\"https:\/\/apuntesdesanluis.com\/index.php\/2024\/03\/04\/12632\/\"},\"wordCount\":291,\"publisher\":{\"@id\":\"https:\/\/apuntesdesanluis.com\/#\/schema\/person\/b55151d52296fcce64d1a72538a70b90\"},\"image\":{\"@id\":\"https:\/\/apuntesdesanluis.com\/index.php\/2024\/03\/04\/12632\/#primaryimage\"},\"thumbnailUrl\":\"https:\/\/apuntesdesanluis.com\/wp-content\/uploads\/2024\/03\/la-pedrera.png\",\"articleSection\":[\"Ciudad\/Provincia\"],\"inLanguage\":\"es-AR\"},{\"@type\":\"WebPage\",\"@id\":\"https:\/\/apuntesdesanluis.com\/index.php\/2024\/03\/04\/12632\/\",\"url\":\"https:\/\/apuntesdesanluis.com\/index.php\/2024\/03\/04\/12632\/\",\"name\":\"EL GOBIERNO LE RECLAM\u00d3 A LA LIGA DE F\u00daTBOL DE MERCEDES POR LOS DESTROZOS EN LA PEDRERA - Apuntes de San Luis\",\"isPartOf\":{\"@id\":\"https:\/\/apuntesdesanluis.com\/#website\"},\"primaryImageOfPage\":{\"@id\":\"https:\/\/apuntesdesanluis.com\/index.php\/2024\/03\/04\/12632\/#primaryimage\"},\"image\":{\"@id\":\"https:\/\/apuntesdesanluis.com\/index.php\/2024\/03\/04\/12632\/#primaryimage\"},\"thumbnailUrl\":\"https:\/\/apuntesdesanluis.com\/wp-content\/uploads\/2024\/03\/la-pedrera.png\",\"datePublished\":\"2024-03-04T23:18:06+00:00\",\"dateModified\":\"2024-03-04T23:19:19+00:00\",\"breadcrumb\":{\"@id\":\"https:\/\/apuntesdesanluis.com\/index.php\/2024\/03\/04\/12632\/#breadcrumb\"},\"inLanguage\":\"es-AR\",\"potentialAction\":[{\"@type\":\"ReadAction\",\"target\":[\"https:\/\/apuntesdesanluis.com\/index.php\/2024\/03\/04\/12632\/\"]}]},{\"@type\":\"ImageObject\",\"inLanguage\":\"es-AR\",\"@id\":\"https:\/\/apuntesdesanluis.com\/index.php\/2024\/03\/04\/12632\/#primaryimage\",\"url\":\"https:\/\/apuntesdesanluis.com\/wp-content\/uploads\/2024\/03\/la-pedrera.png\",\"contentUrl\":\"https:\/\/apuntesdesanluis.com\/wp-content\/uploads\/2024\/03\/la-pedrera.png\",\"width\":623,\"height\":386},{\"@type\":\"BreadcrumbList\",\"@id\":\"https:\/\/apuntesdesanluis.com\/index.php\/2024\/03\/04\/12632\/#breadcrumb\",\"itemListElement\":[{\"@type\":\"ListItem\",\"position\":1,\"name\":\"Inicio\",\"item\":\"https:\/\/apuntesdesanluis.com\/\"},{\"@type\":\"ListItem\",\"position\":2,\"name\":\"EL GOBIERNO LE RECLAM\u00d3 A LA LIGA DE F\u00daTBOL DE MERCEDES POR LOS DESTROZOS EN LA PEDRERA\"}]},{\"@type\":\"WebSite\",\"@id\":\"https:\/\/apuntesdesanluis.com\/#website\",\"url\":\"https:\/\/apuntesdesanluis.com\/\",\"name\":\"Apuntes de San Luis\",\"description\":\"\",\"publisher\":{\"@id\":\"https:\/\/apuntesdesanluis.com\/#\/schema\/person\/b55151d52296fcce64d1a72538a70b90\"},\"potentialAction\":[{\"@type\":\"SearchAction\",\"target\":{\"@type\":\"EntryPoint\",\"urlTemplate\":\"https:\/\/apuntesdesanluis.com\/?s={search_term_string}\"},\"query-input\":{\"@type\":\"PropertyValueSpecification\",\"valueRequired\":true,\"valueName\":\"search_term_string\"}}],\"inLanguage\":\"es-AR\"},{\"@type\":[\"Person\",\"Organization\"],\"@id\":\"https:\/\/apuntesdesanluis.com\/#\/schema\/person\/b55151d52296fcce64d1a72538a70b90\",\"name\":\"apuntesdesanluis.com\",\"image\":{\"@type\":\"ImageObject\",\"inLanguage\":\"es-AR\",\"@id\":\"https:\/\/apuntesdesanluis.com\/#\/schema\/person\/image\/\",\"url\":\"https:\/\/apuntesdesanluis.com\/wp-content\/uploads\/2023\/07\/cropped-apuntesdesanluis.png\",\"contentUrl\":\"https:\/\/apuntesdesanluis.com\/wp-content\/uploads\/2023\/07\/cropped-apuntesdesanluis.png\",\"width\":450,\"height\":112,\"caption\":\"apuntesdesanluis.com\"},\"logo\":{\"@id\":\"https:\/\/apuntesdesanluis.com\/#\/schema\/person\/image\/\"},\"sameAs\":[\"https:\/\/apuntesdesanluis.com\"],\"url\":\"https:\/\/apuntesdesanluis.com\/index.php\/author\/apuntesdesanluis-com\/\"}]}<\/script>\n<!-- \/ Yoast SEO plugin. -->","yoast_head_json":{"title":"EL GOBIERNO LE RECLAM\u00d3 A LA LIGA DE F\u00daTBOL DE MERCEDES POR LOS DESTROZOS EN LA PEDRERA - Apuntes de San Luis","robots":{"index":"index","follow":"follow","max-snippet":"max-snippet:-1","max-image-preview":"max-image-preview:large","max-video-preview":"max-video-preview:-1"},"canonical":"https:\/\/apuntesdesanluis.com\/index.php\/2024\/03\/04\/12632\/","og_locale":"es_ES","og_type":"article","og_title":"EL GOBIERNO LE RECLAM\u00d3 A LA LIGA DE F\u00daTBOL DE MERCEDES POR LOS DESTROZOS EN LA PEDRERA - Apuntes de San Luis","og_description":"El que rompe paga, dice el dicho. Mediante una misiva, el Gobierno de San Luis...","og_url":"https:\/\/apuntesdesanluis.com\/index.php\/2024\/03\/04\/12632\/","og_site_name":"Apuntes de San Luis","article_published_time":"2024-03-04T23:18:06+00:00","article_modified_time":"2024-03-04T23:19:19+00:00","og_image":[{"width":623,"height":386,"url":"https:\/\/apuntesdesanluis.com\/wp-content\/uploads\/2024\/03\/la-pedrera.png","type":"image\/png"}],"author":"apuntesdesanluis.com","twitter_card":"summary_large_image","twitter_misc":{"Escrito por":"apuntesdesanluis.com","Tiempo de lectura":"2 minutos"},"schema":{"@context":"https:\/\/schema.org","@graph":[{"@type":"Article","@id":"https:\/\/apuntesdesanluis.com\/index.php\/2024\/03\/04\/12632\/#article","isPartOf":{"@id":"https:\/\/apuntesdesanluis.com\/index.php\/2024\/03\/04\/12632\/"},"author":{"name":"apuntesdesanluis.com","@id":"https:\/\/apuntesdesanluis.com\/#\/schema\/person\/b55151d52296fcce64d1a72538a70b90"},"headline":"EL GOBIERNO LE RECLAM\u00d3 A LA LIGA DE F\u00daTBOL DE MERCEDES POR LOS DESTROZOS EN LA PEDRERA","datePublished":"2024-03-04T23:18:06+00:00","dateModified":"2024-03-04T23:19:19+00:00","mainEntityOfPage":{"@id":"https:\/\/apuntesdesanluis.com\/index.php\/2024\/03\/04\/12632\/"},"wordCount":291,"publisher":{"@id":"https:\/\/apuntesdesanluis.com\/#\/schema\/person\/b55151d52296fcce64d1a72538a70b90"},"image":{"@id":"https:\/\/apuntesdesanluis.com\/index.php\/2024\/03\/04\/12632\/#primaryimage"},"thumbnailUrl":"https:\/\/apuntesdesanluis.com\/wp-content\/uploads\/2024\/03\/la-pedrera.png","articleSection":["Ciudad\/Provincia"],"inLanguage":"es-AR"},{"@type":"WebPage","@id":"https:\/\/apuntesdesanluis.com\/index.php\/2024\/03\/04\/12632\/","url":"https:\/\/apuntesdesanluis.com\/index.php\/2024\/03\/04\/12632\/","name":"EL GOBIERNO LE RECLAM\u00d3 A LA LIGA DE F\u00daTBOL DE MERCEDES POR LOS DESTROZOS EN LA PEDRERA - Apuntes de San Luis","isPartOf":{"@id":"https:\/\/apuntesdesanluis.com\/#website"},"primaryImageOfPage":{"@id":"https:\/\/apuntesdesanluis.com\/index.php\/2024\/03\/04\/12632\/#primaryimage"},"image":{"@id":"https:\/\/apuntesdesanluis.com\/index.php\/2024\/03\/04\/12632\/#primaryimage"},"thumbnailUrl":"https:\/\/apuntesdesanluis.com\/wp-content\/uploads\/2024\/03\/la-pedrera.png","datePublished":"2024-03-04T23:18:06+00:00","dateModified":"2024-03-04T23:19:19+00:00","breadcrumb":{"@id":"https:\/\/apuntesdesanluis.com\/index.php\/2024\/03\/04\/12632\/#breadcrumb"},"inLanguage":"es-AR","potentialAction":[{"@type":"ReadAction","target":["https:\/\/apuntesdesanluis.com\/index.php\/2024\/03\/04\/12632\/"]}]},{"@type":"ImageObject","inLanguage":"es-AR","@id":"https:\/\/apuntesdesanluis.com\/index.php\/2024\/03\/04\/12632\/#primaryimage","url":"https:\/\/apuntesdesanluis.com\/wp-content\/uploads\/2024\/03\/la-pedrera.png","contentUrl":"https:\/\/apuntesdesanluis.com\/wp-content\/uploads\/2024\/03\/la-pedrera.png","width":623,"height":386},{"@type":"BreadcrumbList","@id":"https:\/\/apuntesdesanluis.com\/index.php\/2024\/03\/04\/12632\/#breadcrumb","itemListElement":[{"@type":"ListItem","position":1,"name":"Inicio","item":"https:\/\/apuntesdesanluis.com\/"},{"@type":"ListItem","position":2,"name":"EL GOBIERNO LE RECLAM\u00d3 A LA LIGA DE F\u00daTBOL DE MERCEDES POR LOS DESTROZOS EN LA PEDRERA"}]},{"@type":"WebSite","@id":"https:\/\/apuntesdesanluis.com\/#website","url":"https:\/\/apuntesdesanluis.com\/","name":"Apuntes de San Luis","description":"","publisher":{"@id":"https:\/\/apuntesdesanluis.com\/#\/schema\/person\/b55151d52296fcce64d1a72538a70b90"},"potentialAction":[{"@type":"SearchAction","target":{"@type":"EntryPoint","urlTemplate":"https:\/\/apuntesdesanluis.com\/?s={search_term_string}"},"query-input":{"@type":"PropertyValueSpecification","valueRequired":true,"valueName":"search_term_string"}}],"inLanguage":"es-AR"},{"@type":["Person","Organization"],"@id":"https:\/\/apuntesdesanluis.com\/#\/schema\/person\/b55151d52296fcce64d1a72538a70b90","name":"apuntesdesanluis.com","image":{"@type":"ImageObject","inLanguage":"es-AR","@id":"https:\/\/apuntesdesanluis.com\/#\/schema\/person\/image\/","url":"https:\/\/apuntesdesanluis.com\/wp-content\/uploads\/2023\/07\/cropped-apuntesdesanluis.png","contentUrl":"https:\/\/apuntesdesanluis.com\/wp-content\/uploads\/2023\/07\/cropped-apuntesdesanluis.png","width":450,"height":112,"caption":"apuntesdesanluis.com"},"logo":{"@id":"https:\/\/apuntesdesanluis.com\/#\/schema\/person\/image\/"},"sameAs":["https:\/\/apuntesdesanluis.com"],"url":"https:\/\/apuntesdesanluis.com\/index.php\/author\/apuntesdesanluis-com\/"}]}},"featured_image_urls":{"full":["https:\/\/apuntesdesanluis.com\/wp-content\/uploads\/2024\/03\/la-pedrera.png",623,386,false],"thumbnail":["https:\/\/apuntesdesanluis.com\/wp-content\/uploads\/2024\/03\/la-pedrera-150x150.png",150,150,true],"medium":["https:\/\/apuntesdesanluis.com\/wp-content\/uploads\/2024\/03\/la-pedrera-300x186.png",300,186,true],"medium_large":["https:\/\/apuntesdesanluis.com\/wp-content\/uploads\/2024\/03\/la-pedrera.png",623,386,false],"large":["https:\/\/apuntesdesanluis.com\/wp-content\/uploads\/2024\/03\/la-pedrera.png",623,386,false],"1536x1536":["https:\/\/apuntesdesanluis.com\/wp-content\/uploads\/2024\/03\/la-pedrera.png",623,386,false],"2048x2048":["https:\/\/apuntesdesanluis.com\/wp-content\/uploads\/2024\/03\/la-pedrera.png",623,386,false],"newsever-slider-full":["https:\/\/apuntesdesanluis.com\/wp-content\/uploads\/2024\/03\/la-pedrera.png",623,386,false],"newsever-featured":["https:\/\/apuntesdesanluis.com\/wp-content\/uploads\/2024\/03\/la-pedrera.png",623,386,false],"newsever-medium":["https:\/\/apuntesdesanluis.com\/wp-content\/uploads\/2024\/03\/la-pedrera.png",623,386,false]},"author_info":{"display_name":"apuntesdesanluis.com","author_link":"https:\/\/apuntesdesanluis.com\/index.php\/author\/apuntesdesanluis-com\/"},"category_info":"<a href=\"https:\/\/apuntesdesanluis.com\/index.php\/category\/ciudad-provincia\/\" rel=\"category tag\">Ciudad\/Provincia<\/a>","tag_info":"Ciudad\/Provincia","comment_count":"0","_links":{"self":[{"href":"https:\/\/apuntesdesanluis.com\/index.php\/wp-json\/wp\/v2\/posts\/12632","targetHints":{"allow":["GET"]}}],"collection":[{"href":"https:\/\/apuntesdesanluis.com\/index.php\/wp-json\/wp\/v2\/posts"}],"about":[{"href":"https:\/\/apuntesdesanluis.com\/index.php\/wp-json\/wp\/v2\/types\/post"}],"author":[{"embeddable":true,"href":"https:\/\/apuntesdesanluis.com\/index.php\/wp-json\/wp\/v2\/users\/1"}],"replies":[{"embeddable":true,"href":"https:\/\/apuntesdesanluis.com\/index.php\/wp-json\/wp\/v2\/comments?post=12632"}],"version-history":[{"count":2,"href":"https:\/\/apuntesdesanluis.com\/index.php\/wp-json\/wp\/v2\/posts\/12632\/revisions"}],"predecessor-version":[{"id":12637,"href":"https:\/\/apuntesdesanluis.com\/index.php\/wp-json\/wp\/v2\/posts\/12632\/revisions\/12637"}],"wp:featuredmedia":[{"embeddable":true,"href":"https:\/\/apuntesdesanluis.com\/index.php\/wp-json\/wp\/v2\/media\/12634"}],"wp:attachment":[{"href":"https:\/\/apuntesdesanluis.com\/index.php\/wp-json\/wp\/v2\/media?parent=12632"}],"wp:term":[{"taxonomy":"category","embeddable":true,"href":"https:\/\/apuntesdesanluis.com\/index.php\/wp-json\/wp\/v2\/categories?post=12632"},{"taxonomy":"post_tag","embeddable":true,"href":"https:\/\/apuntesdesanluis.com\/index.php\/wp-json\/wp\/v2\/tags?post=12632"}],"curies":[{"name":"wp","href":"https:\/\/api.w.org\/{rel}","templated":true}]}}