{"id":12638,"date":"2024-03-04T20:32:51","date_gmt":"2024-03-04T23:32:51","guid":{"rendered":"https:\/\/apuntesdesanluis.com\/?p=12638"},"modified":"2024-03-04T20:32:51","modified_gmt":"2024-03-04T23:32:51","slug":"la-unvime-abraza-a-la-region-dictara-en-tilisarao-el-profesorado-de-educacion-inicial","status":"publish","type":"post","link":"https:\/\/apuntesdesanluis.com\/index.php\/2024\/03\/04\/la-unvime-abraza-a-la-region-dictara-en-tilisarao-el-profesorado-de-educacion-inicial\/","title":{"rendered":"LA UNVIME ABRAZA A LA REGI\u00d3N: DICTAR\u00c1 EN TILISARAO EL PROFESORADO DE EDUCACI\u00d3N INICIAL"},"content":{"rendered":"<h3>Se trata de la primera carrera que abre la universidad fuera de las sedes acad\u00e9micas de Villa Mercedes y Justo Daract.<\/h3>\n<h3>Este lunes se vivi\u00f3 una jornada hist\u00f3rica en la localidad del departamento Chacabuco, donde se firm\u00f3 un convenio entre la UNViMe y la Municipalidad de Tilisarao, para llevar la educaci\u00f3n superior a esa pujante ciudad.<\/h3>\n<p><img fetchpriority=\"high\" decoding=\"async\" class=\"wp-image-12641 aligncenter\" src=\"https:\/\/apuntesdesanluis.com\/wp-content\/uploads\/2024\/03\/conv-firma-olguin-300x174.png\" alt=\"\" width=\"603\" height=\"350\" srcset=\"https:\/\/apuntesdesanluis.com\/wp-content\/uploads\/2024\/03\/conv-firma-olguin-300x174.png 300w, https:\/\/apuntesdesanluis.com\/wp-content\/uploads\/2024\/03\/conv-firma-olguin.png 660w\" sizes=\"(max-width: 603px) 100vw, 603px\" \/><\/p>\n<h3>El acuerdo fue suscripto entre el Rector <strong>Marcelo Sosa<\/strong> y el intendente<strong> Juan Manuel Olgu\u00edn<\/strong>. De la ceremonia participaron el Vicerrector Santiago Farenga, la Directora de la Escuela de Ciencias Sociales y Educaci\u00f3n,\u00a0 Roxana Tropich, y el Sec. Acad\u00e9mico y de Posgrado, Enrique Chiesa.<\/h3>\n<h3>Acompa\u00f1ando al jefe comunal estuvieron presentes el Secretario de Gobierno Fabio Ochoa y el jefe de Educaci\u00f3n y Comunicaci\u00f3n, Rodrigo Ezequiel Garc\u00eda, entre otros.<\/h3>\n<h3>El acto de firma se cumpli\u00f3 en el edificio municipal, al aire libre, con las presencias de funcionarios municipales, del Concejo Deliberante, directivos y personal de establecimientos educativos locales.<\/h3>\n<h3><strong>PALABRAS DEL INTENDENTE<\/strong><\/h3>\n<h3>\u201cDeseo anunciar que nuestra ciudad va a contar con una carrera universitaria que dictar\u00e1 la Universidad Nacional de Villa Mercedes: el Profesorado de Educaci\u00f3n Inicial\u201d, dijo Juan Manuel Olgu\u00edn tras la firma del convenio, cosechando un sonoro aplauso del p\u00fablico presente.<\/h3>\n<h3>Indic\u00f3 que en el marco de la nueva gesti\u00f3n pol\u00edtica, la idea es profundizar el objetivo de convertir a Tilisarao en \u201cCiudad Educadora\u201d, resaltando en este punto la existencia de un centro universitario de la UNSL y una sede de la UPrO.<\/h3>\n<p><img decoding=\"async\" class=\"wp-image-12639 aligncenter\" src=\"https:\/\/apuntesdesanluis.com\/wp-content\/uploads\/2024\/03\/conv-olguin-300x192.jpg\" alt=\"\" width=\"602\" height=\"385\" srcset=\"https:\/\/apuntesdesanluis.com\/wp-content\/uploads\/2024\/03\/conv-olguin-300x192.jpg 300w, https:\/\/apuntesdesanluis.com\/wp-content\/uploads\/2024\/03\/conv-olguin.jpg 600w\" sizes=\"(max-width: 602px) 100vw, 602px\" \/><\/p>\n<h3>\u201cSabemos que en el actual contexto, se hace muy dif\u00edcil para las familias enviar a sus hijos a estudiar afuera, les sale entre 300 y 400 mil pesos por mes. Por eso nosotros queremos agradecer y valorar el gesto de la UNViMe de aceptar la propuesta de instalar en nuestra ciudad una extensi\u00f3n \u00e1ulica para que estudien nuestros j\u00f3venes y adultos\u201d, expres\u00f3 emocionado.<\/h3>\n<h3><strong>RECTOR MARCELO SOSA<\/strong><\/h3>\n<h3>El rector Marcelo Sosa expres\u00f3: \u00abEstamos muy contentos de estar en esta pujante ciudad, concretando lo que propusimos de hacer una universidad amiga del interior, para acercar nuestra oferta acad\u00e9mica a quienes la necesitan\u00bb.<\/h3>\n<h3>Agreg\u00f3 que esto ha sido posible \u00abporque hemos evaluado que estamos ante una gesti\u00f3n municipal ser\u00eda y responsable, que tiene un proyecto s\u00f3lido para convertir a Tilisarao en un verdadero polo educativo\u00bb.<\/h3>\n<p><img decoding=\"async\" class=\"wp-image-12640 aligncenter\" src=\"https:\/\/apuntesdesanluis.com\/wp-content\/uploads\/2024\/03\/conv.-publico-300x163.webp\" alt=\"\" width=\"622\" height=\"338\" srcset=\"https:\/\/apuntesdesanluis.com\/wp-content\/uploads\/2024\/03\/conv.-publico-300x163.webp 300w, https:\/\/apuntesdesanluis.com\/wp-content\/uploads\/2024\/03\/conv.-publico.webp 665w\" sizes=\"(max-width: 622px) 100vw, 622px\" \/><\/p>\n<h3>Afirm\u00f3 que lo que naci\u00f3 como una idea se transform\u00f3 en un proyecto y esta misma semana se concretar\u00e1, porque desde el mi\u00e9rcoles se abren las inscripciones para todos los interesados en cursar el Profesorado de Educaci\u00f3n Inicial\u00bb.<\/h3>\n<h3>El Dr. Sosa puso de relieve adem\u00e1s que \u201cla elecci\u00f3n de la carrera coincide tambi\u00e9n con los lineamientos que ha trazado el gobierno provincial, al definir como uno de los principales ejes el impulso al Nivel Inicial, ya que van a universalizar la sala de 3 a\u00f1os en cada escuela a lo largo y ancho del territorio provincial\u201d.<\/h3>\n<h3>Puntualiz\u00f3 tambi\u00e9n que \u00abesta es la primera carrera que la universidad dictar\u00e1 fuera de sus sedes de Villa Mercedes y Justo Daract. La elecci\u00f3n de instalar aqu\u00ed una extensi\u00f3n \u00e1ulica abre una esperanza para cientos de chicos, dijo reci\u00e9n el intendente. Rescato sus palabras porque la universidad debe ofrecer eso: esperanza en un futuro mejor. Si la universidad no es esperanza, es otra cosa. Tal vez un centro de eruditos o intelectuales, pero no una universidad\u00bb.<\/h3>\n<p><img loading=\"lazy\" decoding=\"async\" class=\"wp-image-12643 aligncenter\" src=\"https:\/\/apuntesdesanluis.com\/wp-content\/uploads\/2024\/03\/rector-300x176.png\" alt=\"\" width=\"661\" height=\"388\" srcset=\"https:\/\/apuntesdesanluis.com\/wp-content\/uploads\/2024\/03\/rector-300x176.png 300w, https:\/\/apuntesdesanluis.com\/wp-content\/uploads\/2024\/03\/rector.png 600w\" sizes=\"(max-width: 661px) 100vw, 661px\" \/><\/p>\n<h3>Finalmente agradeci\u00f3 a la Municipalidad de Tilisarao y particularmente al intendente y sus funcionarios de Gobierno y Educaci\u00f3n, por confiar en la Universidad Nacional de Villa Mercedes para profundizar su objetivo de que esta ciudad sea epicentro de estudios superiores en la regi\u00f3n.<\/h3>\n<p>&nbsp;<\/p>\n<p>&nbsp;<\/p>\n<p>&nbsp;<\/p>\n<p>&nbsp;<\/p>\n<p>&nbsp;<\/p>\n<p>&nbsp;<\/p>\n<p>&nbsp;<\/p>\n","protected":false},"excerpt":{"rendered":"<p>Se trata de la primera carrera que abre la universidad fuera de las sedes acad\u00e9micas&#8230;<\/p>\n","protected":false},"author":1,"featured_media":12642,"comment_status":"closed","ping_status":"closed","sticky":false,"template":"","format":"standard","meta":{"footnotes":""},"categories":[6],"tags":[],"class_list":["post-12638","post","type-post","status-publish","format-standard","has-post-thumbnail","hentry","category-ciudad-provincia"],"yoast_head":"<!-- This site is optimized with the Yoast SEO plugin v26.1.1 - https:\/\/yoast.com\/wordpress\/plugins\/seo\/ -->\n<title>LA UNVIME ABRAZA A LA REGI\u00d3N: DICTAR\u00c1 EN TILISARAO EL PROFESORADO DE EDUCACI\u00d3N INICIAL - Apuntes de San Luis<\/title>\n<meta name=\"robots\" content=\"index, follow, max-snippet:-1, max-image-preview:large, max-video-preview:-1\" \/>\n<link rel=\"canonical\" href=\"https:\/\/apuntesdesanluis.com\/index.php\/2024\/03\/04\/la-unvime-abraza-a-la-region-dictara-en-tilisarao-el-profesorado-de-educacion-inicial\/\" \/>\n<meta property=\"og:locale\" content=\"es_ES\" \/>\n<meta property=\"og:type\" content=\"article\" \/>\n<meta property=\"og:title\" content=\"LA UNVIME ABRAZA A LA REGI\u00d3N: DICTAR\u00c1 EN TILISARAO EL PROFESORADO DE EDUCACI\u00d3N INICIAL - Apuntes de San Luis\" \/>\n<meta property=\"og:description\" content=\"Se trata de la primera carrera que abre la universidad fuera de las sedes acad\u00e9micas...\" \/>\n<meta property=\"og:url\" content=\"https:\/\/apuntesdesanluis.com\/index.php\/2024\/03\/04\/la-unvime-abraza-a-la-region-dictara-en-tilisarao-el-profesorado-de-educacion-inicial\/\" \/>\n<meta property=\"og:site_name\" content=\"Apuntes de San Luis\" \/>\n<meta property=\"article:published_time\" content=\"2024-03-04T23:32:51+00:00\" \/>\n<meta property=\"og:image\" content=\"https:\/\/apuntesdesanluis.com\/wp-content\/uploads\/2024\/03\/rector-firma.png\" \/>\n\t<meta property=\"og:image:width\" content=\"591\" \/>\n\t<meta property=\"og:image:height\" content=\"368\" \/>\n\t<meta property=\"og:image:type\" content=\"image\/png\" \/>\n<meta name=\"author\" content=\"apuntesdesanluis.com\" \/>\n<meta name=\"twitter:card\" content=\"summary_large_image\" \/>\n<meta name=\"twitter:label1\" content=\"Escrito por\" \/>\n\t<meta name=\"twitter:data1\" content=\"apuntesdesanluis.com\" \/>\n\t<meta name=\"twitter:label2\" content=\"Tiempo de lectura\" \/>\n\t<meta name=\"twitter:data2\" content=\"4 minutos\" \/>\n<script type=\"application\/ld+json\" class=\"yoast-schema-graph\">{\"@context\":\"https:\/\/schema.org\",\"@graph\":[{\"@type\":\"Article\",\"@id\":\"https:\/\/apuntesdesanluis.com\/index.php\/2024\/03\/04\/la-unvime-abraza-a-la-region-dictara-en-tilisarao-el-profesorado-de-educacion-inicial\/#article\",\"isPartOf\":{\"@id\":\"https:\/\/apuntesdesanluis.com\/index.php\/2024\/03\/04\/la-unvime-abraza-a-la-region-dictara-en-tilisarao-el-profesorado-de-educacion-inicial\/\"},\"author\":{\"name\":\"apuntesdesanluis.com\",\"@id\":\"https:\/\/apuntesdesanluis.com\/#\/schema\/person\/b55151d52296fcce64d1a72538a70b90\"},\"headline\":\"LA UNVIME ABRAZA A LA REGI\u00d3N: DICTAR\u00c1 EN TILISARAO EL PROFESORADO DE EDUCACI\u00d3N INICIAL\",\"datePublished\":\"2024-03-04T23:32:51+00:00\",\"mainEntityOfPage\":{\"@id\":\"https:\/\/apuntesdesanluis.com\/index.php\/2024\/03\/04\/la-unvime-abraza-a-la-region-dictara-en-tilisarao-el-profesorado-de-educacion-inicial\/\"},\"wordCount\":640,\"publisher\":{\"@id\":\"https:\/\/apuntesdesanluis.com\/#\/schema\/person\/b55151d52296fcce64d1a72538a70b90\"},\"image\":{\"@id\":\"https:\/\/apuntesdesanluis.com\/index.php\/2024\/03\/04\/la-unvime-abraza-a-la-region-dictara-en-tilisarao-el-profesorado-de-educacion-inicial\/#primaryimage\"},\"thumbnailUrl\":\"https:\/\/apuntesdesanluis.com\/wp-content\/uploads\/2024\/03\/rector-firma.png\",\"articleSection\":[\"Ciudad\/Provincia\"],\"inLanguage\":\"es-AR\"},{\"@type\":\"WebPage\",\"@id\":\"https:\/\/apuntesdesanluis.com\/index.php\/2024\/03\/04\/la-unvime-abraza-a-la-region-dictara-en-tilisarao-el-profesorado-de-educacion-inicial\/\",\"url\":\"https:\/\/apuntesdesanluis.com\/index.php\/2024\/03\/04\/la-unvime-abraza-a-la-region-dictara-en-tilisarao-el-profesorado-de-educacion-inicial\/\",\"name\":\"LA UNVIME ABRAZA A LA REGI\u00d3N: DICTAR\u00c1 EN TILISARAO EL PROFESORADO DE EDUCACI\u00d3N INICIAL - Apuntes de San Luis\",\"isPartOf\":{\"@id\":\"https:\/\/apuntesdesanluis.com\/#website\"},\"primaryImageOfPage\":{\"@id\":\"https:\/\/apuntesdesanluis.com\/index.php\/2024\/03\/04\/la-unvime-abraza-a-la-region-dictara-en-tilisarao-el-profesorado-de-educacion-inicial\/#primaryimage\"},\"image\":{\"@id\":\"https:\/\/apuntesdesanluis.com\/index.php\/2024\/03\/04\/la-unvime-abraza-a-la-region-dictara-en-tilisarao-el-profesorado-de-educacion-inicial\/#primaryimage\"},\"thumbnailUrl\":\"https:\/\/apuntesdesanluis.com\/wp-content\/uploads\/2024\/03\/rector-firma.png\",\"datePublished\":\"2024-03-04T23:32:51+00:00\",\"breadcrumb\":{\"@id\":\"https:\/\/apuntesdesanluis.com\/index.php\/2024\/03\/04\/la-unvime-abraza-a-la-region-dictara-en-tilisarao-el-profesorado-de-educacion-inicial\/#breadcrumb\"},\"inLanguage\":\"es-AR\",\"potentialAction\":[{\"@type\":\"ReadAction\",\"target\":[\"https:\/\/apuntesdesanluis.com\/index.php\/2024\/03\/04\/la-unvime-abraza-a-la-region-dictara-en-tilisarao-el-profesorado-de-educacion-inicial\/\"]}]},{\"@type\":\"ImageObject\",\"inLanguage\":\"es-AR\",\"@id\":\"https:\/\/apuntesdesanluis.com\/index.php\/2024\/03\/04\/la-unvime-abraza-a-la-region-dictara-en-tilisarao-el-profesorado-de-educacion-inicial\/#primaryimage\",\"url\":\"https:\/\/apuntesdesanluis.com\/wp-content\/uploads\/2024\/03\/rector-firma.png\",\"contentUrl\":\"https:\/\/apuntesdesanluis.com\/wp-content\/uploads\/2024\/03\/rector-firma.png\",\"width\":591,\"height\":368},{\"@type\":\"BreadcrumbList\",\"@id\":\"https:\/\/apuntesdesanluis.com\/index.php\/2024\/03\/04\/la-unvime-abraza-a-la-region-dictara-en-tilisarao-el-profesorado-de-educacion-inicial\/#breadcrumb\",\"itemListElement\":[{\"@type\":\"ListItem\",\"position\":1,\"name\":\"Inicio\",\"item\":\"https:\/\/apuntesdesanluis.com\/\"},{\"@type\":\"ListItem\",\"position\":2,\"name\":\"LA UNVIME ABRAZA A LA REGI\u00d3N: DICTAR\u00c1 EN TILISARAO EL PROFESORADO DE EDUCACI\u00d3N INICIAL\"}]},{\"@type\":\"WebSite\",\"@id\":\"https:\/\/apuntesdesanluis.com\/#website\",\"url\":\"https:\/\/apuntesdesanluis.com\/\",\"name\":\"Apuntes de San Luis\",\"description\":\"\",\"publisher\":{\"@id\":\"https:\/\/apuntesdesanluis.com\/#\/schema\/person\/b55151d52296fcce64d1a72538a70b90\"},\"potentialAction\":[{\"@type\":\"SearchAction\",\"target\":{\"@type\":\"EntryPoint\",\"urlTemplate\":\"https:\/\/apuntesdesanluis.com\/?s={search_term_string}\"},\"query-input\":{\"@type\":\"PropertyValueSpecification\",\"valueRequired\":true,\"valueName\":\"search_term_string\"}}],\"inLanguage\":\"es-AR\"},{\"@type\":[\"Person\",\"Organization\"],\"@id\":\"https:\/\/apuntesdesanluis.com\/#\/schema\/person\/b55151d52296fcce64d1a72538a70b90\",\"name\":\"apuntesdesanluis.com\",\"image\":{\"@type\":\"ImageObject\",\"inLanguage\":\"es-AR\",\"@id\":\"https:\/\/apuntesdesanluis.com\/#\/schema\/person\/image\/\",\"url\":\"https:\/\/apuntesdesanluis.com\/wp-content\/uploads\/2023\/07\/cropped-apuntesdesanluis.png\",\"contentUrl\":\"https:\/\/apuntesdesanluis.com\/wp-content\/uploads\/2023\/07\/cropped-apuntesdesanluis.png\",\"width\":450,\"height\":112,\"caption\":\"apuntesdesanluis.com\"},\"logo\":{\"@id\":\"https:\/\/apuntesdesanluis.com\/#\/schema\/person\/image\/\"},\"sameAs\":[\"https:\/\/apuntesdesanluis.com\"],\"url\":\"https:\/\/apuntesdesanluis.com\/index.php\/author\/apuntesdesanluis-com\/\"}]}<\/script>\n<!-- \/ Yoast SEO plugin. -->","yoast_head_json":{"title":"LA UNVIME ABRAZA A LA REGI\u00d3N: DICTAR\u00c1 EN TILISARAO EL PROFESORADO DE EDUCACI\u00d3N INICIAL - Apuntes de San Luis","robots":{"index":"index","follow":"follow","max-snippet":"max-snippet:-1","max-image-preview":"max-image-preview:large","max-video-preview":"max-video-preview:-1"},"canonical":"https:\/\/apuntesdesanluis.com\/index.php\/2024\/03\/04\/la-unvime-abraza-a-la-region-dictara-en-tilisarao-el-profesorado-de-educacion-inicial\/","og_locale":"es_ES","og_type":"article","og_title":"LA UNVIME ABRAZA A LA REGI\u00d3N: DICTAR\u00c1 EN TILISARAO EL PROFESORADO DE EDUCACI\u00d3N INICIAL - Apuntes de San Luis","og_description":"Se trata de la primera carrera que abre la universidad fuera de las sedes acad\u00e9micas...","og_url":"https:\/\/apuntesdesanluis.com\/index.php\/2024\/03\/04\/la-unvime-abraza-a-la-region-dictara-en-tilisarao-el-profesorado-de-educacion-inicial\/","og_site_name":"Apuntes de San Luis","article_published_time":"2024-03-04T23:32:51+00:00","og_image":[{"width":591,"height":368,"url":"https:\/\/apuntesdesanluis.com\/wp-content\/uploads\/2024\/03\/rector-firma.png","type":"image\/png"}],"author":"apuntesdesanluis.com","twitter_card":"summary_large_image","twitter_misc":{"Escrito por":"apuntesdesanluis.com","Tiempo de lectura":"4 minutos"},"schema":{"@context":"https:\/\/schema.org","@graph":[{"@type":"Article","@id":"https:\/\/apuntesdesanluis.com\/index.php\/2024\/03\/04\/la-unvime-abraza-a-la-region-dictara-en-tilisarao-el-profesorado-de-educacion-inicial\/#article","isPartOf":{"@id":"https:\/\/apuntesdesanluis.com\/index.php\/2024\/03\/04\/la-unvime-abraza-a-la-region-dictara-en-tilisarao-el-profesorado-de-educacion-inicial\/"},"author":{"name":"apuntesdesanluis.com","@id":"https:\/\/apuntesdesanluis.com\/#\/schema\/person\/b55151d52296fcce64d1a72538a70b90"},"headline":"LA UNVIME ABRAZA A LA REGI\u00d3N: DICTAR\u00c1 EN TILISARAO EL PROFESORADO DE EDUCACI\u00d3N INICIAL","datePublished":"2024-03-04T23:32:51+00:00","mainEntityOfPage":{"@id":"https:\/\/apuntesdesanluis.com\/index.php\/2024\/03\/04\/la-unvime-abraza-a-la-region-dictara-en-tilisarao-el-profesorado-de-educacion-inicial\/"},"wordCount":640,"publisher":{"@id":"https:\/\/apuntesdesanluis.com\/#\/schema\/person\/b55151d52296fcce64d1a72538a70b90"},"image":{"@id":"https:\/\/apuntesdesanluis.com\/index.php\/2024\/03\/04\/la-unvime-abraza-a-la-region-dictara-en-tilisarao-el-profesorado-de-educacion-inicial\/#primaryimage"},"thumbnailUrl":"https:\/\/apuntesdesanluis.com\/wp-content\/uploads\/2024\/03\/rector-firma.png","articleSection":["Ciudad\/Provincia"],"inLanguage":"es-AR"},{"@type":"WebPage","@id":"https:\/\/apuntesdesanluis.com\/index.php\/2024\/03\/04\/la-unvime-abraza-a-la-region-dictara-en-tilisarao-el-profesorado-de-educacion-inicial\/","url":"https:\/\/apuntesdesanluis.com\/index.php\/2024\/03\/04\/la-unvime-abraza-a-la-region-dictara-en-tilisarao-el-profesorado-de-educacion-inicial\/","name":"LA UNVIME ABRAZA A LA REGI\u00d3N: DICTAR\u00c1 EN TILISARAO EL PROFESORADO DE EDUCACI\u00d3N INICIAL - Apuntes de San Luis","isPartOf":{"@id":"https:\/\/apuntesdesanluis.com\/#website"},"primaryImageOfPage":{"@id":"https:\/\/apuntesdesanluis.com\/index.php\/2024\/03\/04\/la-unvime-abraza-a-la-region-dictara-en-tilisarao-el-profesorado-de-educacion-inicial\/#primaryimage"},"image":{"@id":"https:\/\/apuntesdesanluis.com\/index.php\/2024\/03\/04\/la-unvime-abraza-a-la-region-dictara-en-tilisarao-el-profesorado-de-educacion-inicial\/#primaryimage"},"thumbnailUrl":"https:\/\/apuntesdesanluis.com\/wp-content\/uploads\/2024\/03\/rector-firma.png","datePublished":"2024-03-04T23:32:51+00:00","breadcrumb":{"@id":"https:\/\/apuntesdesanluis.com\/index.php\/2024\/03\/04\/la-unvime-abraza-a-la-region-dictara-en-tilisarao-el-profesorado-de-educacion-inicial\/#breadcrumb"},"inLanguage":"es-AR","potentialAction":[{"@type":"ReadAction","target":["https:\/\/apuntesdesanluis.com\/index.php\/2024\/03\/04\/la-unvime-abraza-a-la-region-dictara-en-tilisarao-el-profesorado-de-educacion-inicial\/"]}]},{"@type":"ImageObject","inLanguage":"es-AR","@id":"https:\/\/apuntesdesanluis.com\/index.php\/2024\/03\/04\/la-unvime-abraza-a-la-region-dictara-en-tilisarao-el-profesorado-de-educacion-inicial\/#primaryimage","url":"https:\/\/apuntesdesanluis.com\/wp-content\/uploads\/2024\/03\/rector-firma.png","contentUrl":"https:\/\/apuntesdesanluis.com\/wp-content\/uploads\/2024\/03\/rector-firma.png","width":591,"height":368},{"@type":"BreadcrumbList","@id":"https:\/\/apuntesdesanluis.com\/index.php\/2024\/03\/04\/la-unvime-abraza-a-la-region-dictara-en-tilisarao-el-profesorado-de-educacion-inicial\/#breadcrumb","itemListElement":[{"@type":"ListItem","position":1,"name":"Inicio","item":"https:\/\/apuntesdesanluis.com\/"},{"@type":"ListItem","position":2,"name":"LA UNVIME ABRAZA A LA REGI\u00d3N: DICTAR\u00c1 EN TILISARAO EL PROFESORADO DE EDUCACI\u00d3N INICIAL"}]},{"@type":"WebSite","@id":"https:\/\/apuntesdesanluis.com\/#website","url":"https:\/\/apuntesdesanluis.com\/","name":"Apuntes de San Luis","description":"","publisher":{"@id":"https:\/\/apuntesdesanluis.com\/#\/schema\/person\/b55151d52296fcce64d1a72538a70b90"},"potentialAction":[{"@type":"SearchAction","target":{"@type":"EntryPoint","urlTemplate":"https:\/\/apuntesdesanluis.com\/?s={search_term_string}"},"query-input":{"@type":"PropertyValueSpecification","valueRequired":true,"valueName":"search_term_string"}}],"inLanguage":"es-AR"},{"@type":["Person","Organization"],"@id":"https:\/\/apuntesdesanluis.com\/#\/schema\/person\/b55151d52296fcce64d1a72538a70b90","name":"apuntesdesanluis.com","image":{"@type":"ImageObject","inLanguage":"es-AR","@id":"https:\/\/apuntesdesanluis.com\/#\/schema\/person\/image\/","url":"https:\/\/apuntesdesanluis.com\/wp-content\/uploads\/2023\/07\/cropped-apuntesdesanluis.png","contentUrl":"https:\/\/apuntesdesanluis.com\/wp-content\/uploads\/2023\/07\/cropped-apuntesdesanluis.png","width":450,"height":112,"caption":"apuntesdesanluis.com"},"logo":{"@id":"https:\/\/apuntesdesanluis.com\/#\/schema\/person\/image\/"},"sameAs":["https:\/\/apuntesdesanluis.com"],"url":"https:\/\/apuntesdesanluis.com\/index.php\/author\/apuntesdesanluis-com\/"}]}},"featured_image_urls":{"full":["https:\/\/apuntesdesanluis.com\/wp-content\/uploads\/2024\/03\/rector-firma.png",591,368,false],"thumbnail":["https:\/\/apuntesdesanluis.com\/wp-content\/uploads\/2024\/03\/rector-firma-150x150.png",150,150,true],"medium":["https:\/\/apuntesdesanluis.com\/wp-content\/uploads\/2024\/03\/rector-firma-300x187.png",300,187,true],"medium_large":["https:\/\/apuntesdesanluis.com\/wp-content\/uploads\/2024\/03\/rector-firma.png",591,368,false],"large":["https:\/\/apuntesdesanluis.com\/wp-content\/uploads\/2024\/03\/rector-firma.png",591,368,false],"1536x1536":["https:\/\/apuntesdesanluis.com\/wp-content\/uploads\/2024\/03\/rector-firma.png",591,368,false],"2048x2048":["https:\/\/apuntesdesanluis.com\/wp-content\/uploads\/2024\/03\/rector-firma.png",591,368,false],"newsever-slider-full":["https:\/\/apuntesdesanluis.com\/wp-content\/uploads\/2024\/03\/rector-firma.png",591,368,false],"newsever-featured":["https:\/\/apuntesdesanluis.com\/wp-content\/uploads\/2024\/03\/rector-firma.png",591,368,false],"newsever-medium":["https:\/\/apuntesdesanluis.com\/wp-content\/uploads\/2024\/03\/rector-firma.png",591,368,false]},"author_info":{"display_name":"apuntesdesanluis.com","author_link":"https:\/\/apuntesdesanluis.com\/index.php\/author\/apuntesdesanluis-com\/"},"category_info":"<a href=\"https:\/\/apuntesdesanluis.com\/index.php\/category\/ciudad-provincia\/\" rel=\"category tag\">Ciudad\/Provincia<\/a>","tag_info":"Ciudad\/Provincia","comment_count":"0","_links":{"self":[{"href":"https:\/\/apuntesdesanluis.com\/index.php\/wp-json\/wp\/v2\/posts\/12638","targetHints":{"allow":["GET"]}}],"collection":[{"href":"https:\/\/apuntesdesanluis.com\/index.php\/wp-json\/wp\/v2\/posts"}],"about":[{"href":"https:\/\/apuntesdesanluis.com\/index.php\/wp-json\/wp\/v2\/types\/post"}],"author":[{"embeddable":true,"href":"https:\/\/apuntesdesanluis.com\/index.php\/wp-json\/wp\/v2\/users\/1"}],"replies":[{"embeddable":true,"href":"https:\/\/apuntesdesanluis.com\/index.php\/wp-json\/wp\/v2\/comments?post=12638"}],"version-history":[{"count":1,"href":"https:\/\/apuntesdesanluis.com\/index.php\/wp-json\/wp\/v2\/posts\/12638\/revisions"}],"predecessor-version":[{"id":12644,"href":"https:\/\/apuntesdesanluis.com\/index.php\/wp-json\/wp\/v2\/posts\/12638\/revisions\/12644"}],"wp:featuredmedia":[{"embeddable":true,"href":"https:\/\/apuntesdesanluis.com\/index.php\/wp-json\/wp\/v2\/media\/12642"}],"wp:attachment":[{"href":"https:\/\/apuntesdesanluis.com\/index.php\/wp-json\/wp\/v2\/media?parent=12638"}],"wp:term":[{"taxonomy":"category","embeddable":true,"href":"https:\/\/apuntesdesanluis.com\/index.php\/wp-json\/wp\/v2\/categories?post=12638"},{"taxonomy":"post_tag","embeddable":true,"href":"https:\/\/apuntesdesanluis.com\/index.php\/wp-json\/wp\/v2\/tags?post=12638"}],"curies":[{"name":"wp","href":"https:\/\/api.w.org\/{rel}","templated":true}]}}