{"id":12658,"date":"2024-03-04T20:54:52","date_gmt":"2024-03-04T23:54:52","guid":{"rendered":"https:\/\/apuntesdesanluis.com\/?p=12658"},"modified":"2024-03-04T20:54:52","modified_gmt":"2024-03-04T23:54:52","slug":"pacto-fiscal-el-gobierno-cita-a-gobernadores-el-viernes-a-la-rosada","status":"publish","type":"post","link":"https:\/\/apuntesdesanluis.com\/index.php\/2024\/03\/04\/pacto-fiscal-el-gobierno-cita-a-gobernadores-el-viernes-a-la-rosada\/","title":{"rendered":"PACTO FISCAL: EL GOBIERNO CITA A GOBERNADORES EL VIERNES A LA ROSADA"},"content":{"rendered":"<h3>Tras el encuentro que mantuvieron este lunes el Jefe de Gabinete, <strong>Nicol\u00e1s Posse<\/strong>; el ministro del Interior, <strong>Guillermo Francos<\/strong>; y su par de Econom\u00eda, <strong>Luis Caputo<\/strong>, se decidi\u00f3 convocar a los gobernadores el pr\u00f3ximo viernes a la Casa Rosada a fin de establecer los pasos a seguir a la firma del \u201cPacto de Mayo\u201d, anunci\u00f3 en un comunicado la Oficina del Presidente.<\/h3>\n<h3>Antes de eso, el mi\u00e9rcoles los ministros de econom\u00eda de las provincias y el secretario de Hacienda, Carlos Guberman, se encontrar\u00e1n en la Comisi\u00f3n Federal de Impuestos.<\/h3>\n<h3>En el encuentro del viernes se buscar\u00e1 coordinar la discusi\u00f3n de la aprobaci\u00f3n de la Ley Bases y el acuerdo del paquete de alivio fiscal para las provincias, en lo que ser\u00eda un toma y daca de concesiones de ambos lados y el primer paso previo a la firma conjunta del documento fundacional.<\/h3>\n<h3>Previamente, habr\u00e1 una parada t\u00e9cnica este mi\u00e9rcoles cuando los ministros de econom\u00eda de las provincias y el secretario de Hacienda Carlos Guberman se re\u00fanan en el encuentro de la Comisi\u00f3n Federal de Impuestos, un organismo t\u00e9cnico que articula el Control, Fiscalizaci\u00f3n y Asesoramiento e Interpretaci\u00f3n de las Relaciones Financieras entre las 23 Provincias, C.A.B.A. y Naci\u00f3n Argentina.<\/h3>\n<h3>All\u00ed es posible que se miren n\u00fameros finos del presupuesto de cada jurisdicci\u00f3n y el impacto que est\u00e1n teniendo las cuentas p\u00fablicas provinciales\u00a0 producto del fuerte recorte de transferencias discrecionales que est\u00e1 aplicando el Gobierno nacional y deja a las provincias asfixiadas financieramente.<\/h3>\n<h3>Los env\u00edos de fondos a las gobernaciones es una de las partidas del gasto en las que el Gobierno cerr\u00f3 el grifo casi en un 100% y mediante las cuales escal\u00f3 tensiones con las provincias.<\/h3>\n<h3>Seg\u00fan un informe dado a conocer por el\u00a0 Instituto Argentino de An\u00e1lisis Fiscal (IARAF), \u201cen febrero las provincias recibieron $18.250 millones lo que implica una ca\u00edda interanual nominal de 55% y una real de 88%. Si se considera el gasto devengado, se observ\u00f3 una suba nominal del 26,2% y una baja real del 67%\u201d.<\/h3>\n<h3>De hecho, la mitad de las provincias recibieron menos de $18 millones de pesos durante febrero y algunas directamente no recibieron.<\/h3>\n<h3>\u201cEl Gobierno Nacional sostiene su compromiso de di\u00e1logo con los 23 gobernadores y el Jefe de Gobierno de la Ciudad Aut\u00f3noma de Buenos Aires en busca de los acuerdos necesarios para abandonar las recetas del fracaso y retomar la senda de la prosperidad, el crecimiento y el desarrollo de nuestra Patria\u201d, inform\u00f3 en el comunicado de convocatoria a las provincias. En ese di\u00e1logo buscar\u00e1n encarrilar las cuentas de ambos lados mediante un pacto fiscal que aseguren fondos a las provincias a cambio de concesiones en las leyes.<\/h3>\n<p>&nbsp;<\/p>\n<p>&nbsp;<\/p>\n<p>&nbsp;<\/p>\n","protected":false},"excerpt":{"rendered":"<p>Tras el encuentro que mantuvieron este lunes el Jefe de Gabinete, Nicol\u00e1s Posse; el ministro&#8230;<\/p>\n","protected":false},"author":1,"featured_media":9865,"comment_status":"closed","ping_status":"closed","sticky":false,"template":"","format":"standard","meta":{"footnotes":""},"categories":[5],"tags":[],"class_list":["post-12658","post","type-post","status-publish","format-standard","has-post-thumbnail","hentry","category-nacionales-internacionales"],"yoast_head":"<!-- This site is optimized with the Yoast SEO plugin v26.1.1 - https:\/\/yoast.com\/wordpress\/plugins\/seo\/ -->\n<title>PACTO FISCAL: EL GOBIERNO CITA A GOBERNADORES EL VIERNES A LA ROSADA - Apuntes de San Luis<\/title>\n<meta name=\"robots\" content=\"index, follow, max-snippet:-1, max-image-preview:large, max-video-preview:-1\" \/>\n<link rel=\"canonical\" href=\"https:\/\/apuntesdesanluis.com\/index.php\/2024\/03\/04\/pacto-fiscal-el-gobierno-cita-a-gobernadores-el-viernes-a-la-rosada\/\" \/>\n<meta property=\"og:locale\" content=\"es_ES\" \/>\n<meta property=\"og:type\" content=\"article\" \/>\n<meta property=\"og:title\" content=\"PACTO FISCAL: EL GOBIERNO CITA A GOBERNADORES EL VIERNES A LA ROSADA - Apuntes de San Luis\" \/>\n<meta property=\"og:description\" content=\"Tras el encuentro que mantuvieron este lunes el Jefe de Gabinete, Nicol\u00e1s Posse; el ministro...\" \/>\n<meta property=\"og:url\" content=\"https:\/\/apuntesdesanluis.com\/index.php\/2024\/03\/04\/pacto-fiscal-el-gobierno-cita-a-gobernadores-el-viernes-a-la-rosada\/\" \/>\n<meta property=\"og:site_name\" content=\"Apuntes de San Luis\" \/>\n<meta property=\"article:published_time\" content=\"2024-03-04T23:54:52+00:00\" \/>\n<meta property=\"og:image\" content=\"https:\/\/apuntesdesanluis.com\/wp-content\/uploads\/2024\/01\/casa-rosada.png\" \/>\n\t<meta property=\"og:image:width\" content=\"622\" \/>\n\t<meta property=\"og:image:height\" content=\"365\" \/>\n\t<meta property=\"og:image:type\" content=\"image\/png\" \/>\n<meta name=\"author\" content=\"apuntesdesanluis.com\" \/>\n<meta name=\"twitter:card\" content=\"summary_large_image\" \/>\n<meta name=\"twitter:label1\" content=\"Escrito por\" \/>\n\t<meta name=\"twitter:data1\" content=\"apuntesdesanluis.com\" \/>\n\t<meta name=\"twitter:label2\" content=\"Tiempo de lectura\" \/>\n\t<meta name=\"twitter:data2\" content=\"3 minutos\" \/>\n<script type=\"application\/ld+json\" class=\"yoast-schema-graph\">{\"@context\":\"https:\/\/schema.org\",\"@graph\":[{\"@type\":\"Article\",\"@id\":\"https:\/\/apuntesdesanluis.com\/index.php\/2024\/03\/04\/pacto-fiscal-el-gobierno-cita-a-gobernadores-el-viernes-a-la-rosada\/#article\",\"isPartOf\":{\"@id\":\"https:\/\/apuntesdesanluis.com\/index.php\/2024\/03\/04\/pacto-fiscal-el-gobierno-cita-a-gobernadores-el-viernes-a-la-rosada\/\"},\"author\":{\"name\":\"apuntesdesanluis.com\",\"@id\":\"https:\/\/apuntesdesanluis.com\/#\/schema\/person\/b55151d52296fcce64d1a72538a70b90\"},\"headline\":\"PACTO FISCAL: EL GOBIERNO CITA A GOBERNADORES EL VIERNES A LA ROSADA\",\"datePublished\":\"2024-03-04T23:54:52+00:00\",\"mainEntityOfPage\":{\"@id\":\"https:\/\/apuntesdesanluis.com\/index.php\/2024\/03\/04\/pacto-fiscal-el-gobierno-cita-a-gobernadores-el-viernes-a-la-rosada\/\"},\"wordCount\":479,\"publisher\":{\"@id\":\"https:\/\/apuntesdesanluis.com\/#\/schema\/person\/b55151d52296fcce64d1a72538a70b90\"},\"image\":{\"@id\":\"https:\/\/apuntesdesanluis.com\/index.php\/2024\/03\/04\/pacto-fiscal-el-gobierno-cita-a-gobernadores-el-viernes-a-la-rosada\/#primaryimage\"},\"thumbnailUrl\":\"https:\/\/apuntesdesanluis.com\/wp-content\/uploads\/2024\/01\/casa-rosada.png\",\"articleSection\":[\"Nacionales\/Internacionales\"],\"inLanguage\":\"es-AR\"},{\"@type\":\"WebPage\",\"@id\":\"https:\/\/apuntesdesanluis.com\/index.php\/2024\/03\/04\/pacto-fiscal-el-gobierno-cita-a-gobernadores-el-viernes-a-la-rosada\/\",\"url\":\"https:\/\/apuntesdesanluis.com\/index.php\/2024\/03\/04\/pacto-fiscal-el-gobierno-cita-a-gobernadores-el-viernes-a-la-rosada\/\",\"name\":\"PACTO FISCAL: EL GOBIERNO CITA A GOBERNADORES EL VIERNES A LA ROSADA - Apuntes de San Luis\",\"isPartOf\":{\"@id\":\"https:\/\/apuntesdesanluis.com\/#website\"},\"primaryImageOfPage\":{\"@id\":\"https:\/\/apuntesdesanluis.com\/index.php\/2024\/03\/04\/pacto-fiscal-el-gobierno-cita-a-gobernadores-el-viernes-a-la-rosada\/#primaryimage\"},\"image\":{\"@id\":\"https:\/\/apuntesdesanluis.com\/index.php\/2024\/03\/04\/pacto-fiscal-el-gobierno-cita-a-gobernadores-el-viernes-a-la-rosada\/#primaryimage\"},\"thumbnailUrl\":\"https:\/\/apuntesdesanluis.com\/wp-content\/uploads\/2024\/01\/casa-rosada.png\",\"datePublished\":\"2024-03-04T23:54:52+00:00\",\"breadcrumb\":{\"@id\":\"https:\/\/apuntesdesanluis.com\/index.php\/2024\/03\/04\/pacto-fiscal-el-gobierno-cita-a-gobernadores-el-viernes-a-la-rosada\/#breadcrumb\"},\"inLanguage\":\"es-AR\",\"potentialAction\":[{\"@type\":\"ReadAction\",\"target\":[\"https:\/\/apuntesdesanluis.com\/index.php\/2024\/03\/04\/pacto-fiscal-el-gobierno-cita-a-gobernadores-el-viernes-a-la-rosada\/\"]}]},{\"@type\":\"ImageObject\",\"inLanguage\":\"es-AR\",\"@id\":\"https:\/\/apuntesdesanluis.com\/index.php\/2024\/03\/04\/pacto-fiscal-el-gobierno-cita-a-gobernadores-el-viernes-a-la-rosada\/#primaryimage\",\"url\":\"https:\/\/apuntesdesanluis.com\/wp-content\/uploads\/2024\/01\/casa-rosada.png\",\"contentUrl\":\"https:\/\/apuntesdesanluis.com\/wp-content\/uploads\/2024\/01\/casa-rosada.png\",\"width\":622,\"height\":365},{\"@type\":\"BreadcrumbList\",\"@id\":\"https:\/\/apuntesdesanluis.com\/index.php\/2024\/03\/04\/pacto-fiscal-el-gobierno-cita-a-gobernadores-el-viernes-a-la-rosada\/#breadcrumb\",\"itemListElement\":[{\"@type\":\"ListItem\",\"position\":1,\"name\":\"Inicio\",\"item\":\"https:\/\/apuntesdesanluis.com\/\"},{\"@type\":\"ListItem\",\"position\":2,\"name\":\"PACTO FISCAL: EL GOBIERNO CITA A GOBERNADORES EL VIERNES A LA ROSADA\"}]},{\"@type\":\"WebSite\",\"@id\":\"https:\/\/apuntesdesanluis.com\/#website\",\"url\":\"https:\/\/apuntesdesanluis.com\/\",\"name\":\"Apuntes de San Luis\",\"description\":\"\",\"publisher\":{\"@id\":\"https:\/\/apuntesdesanluis.com\/#\/schema\/person\/b55151d52296fcce64d1a72538a70b90\"},\"potentialAction\":[{\"@type\":\"SearchAction\",\"target\":{\"@type\":\"EntryPoint\",\"urlTemplate\":\"https:\/\/apuntesdesanluis.com\/?s={search_term_string}\"},\"query-input\":{\"@type\":\"PropertyValueSpecification\",\"valueRequired\":true,\"valueName\":\"search_term_string\"}}],\"inLanguage\":\"es-AR\"},{\"@type\":[\"Person\",\"Organization\"],\"@id\":\"https:\/\/apuntesdesanluis.com\/#\/schema\/person\/b55151d52296fcce64d1a72538a70b90\",\"name\":\"apuntesdesanluis.com\",\"image\":{\"@type\":\"ImageObject\",\"inLanguage\":\"es-AR\",\"@id\":\"https:\/\/apuntesdesanluis.com\/#\/schema\/person\/image\/\",\"url\":\"https:\/\/apuntesdesanluis.com\/wp-content\/uploads\/2023\/07\/cropped-apuntesdesanluis.png\",\"contentUrl\":\"https:\/\/apuntesdesanluis.com\/wp-content\/uploads\/2023\/07\/cropped-apuntesdesanluis.png\",\"width\":450,\"height\":112,\"caption\":\"apuntesdesanluis.com\"},\"logo\":{\"@id\":\"https:\/\/apuntesdesanluis.com\/#\/schema\/person\/image\/\"},\"sameAs\":[\"https:\/\/apuntesdesanluis.com\"],\"url\":\"https:\/\/apuntesdesanluis.com\/index.php\/author\/apuntesdesanluis-com\/\"}]}<\/script>\n<!-- \/ Yoast SEO plugin. -->","yoast_head_json":{"title":"PACTO FISCAL: EL GOBIERNO CITA A GOBERNADORES EL VIERNES A LA ROSADA - Apuntes de San Luis","robots":{"index":"index","follow":"follow","max-snippet":"max-snippet:-1","max-image-preview":"max-image-preview:large","max-video-preview":"max-video-preview:-1"},"canonical":"https:\/\/apuntesdesanluis.com\/index.php\/2024\/03\/04\/pacto-fiscal-el-gobierno-cita-a-gobernadores-el-viernes-a-la-rosada\/","og_locale":"es_ES","og_type":"article","og_title":"PACTO FISCAL: EL GOBIERNO CITA A GOBERNADORES EL VIERNES A LA ROSADA - Apuntes de San Luis","og_description":"Tras el encuentro que mantuvieron este lunes el Jefe de Gabinete, Nicol\u00e1s Posse; el ministro...","og_url":"https:\/\/apuntesdesanluis.com\/index.php\/2024\/03\/04\/pacto-fiscal-el-gobierno-cita-a-gobernadores-el-viernes-a-la-rosada\/","og_site_name":"Apuntes de San Luis","article_published_time":"2024-03-04T23:54:52+00:00","og_image":[{"width":622,"height":365,"url":"https:\/\/apuntesdesanluis.com\/wp-content\/uploads\/2024\/01\/casa-rosada.png","type":"image\/png"}],"author":"apuntesdesanluis.com","twitter_card":"summary_large_image","twitter_misc":{"Escrito por":"apuntesdesanluis.com","Tiempo de lectura":"3 minutos"},"schema":{"@context":"https:\/\/schema.org","@graph":[{"@type":"Article","@id":"https:\/\/apuntesdesanluis.com\/index.php\/2024\/03\/04\/pacto-fiscal-el-gobierno-cita-a-gobernadores-el-viernes-a-la-rosada\/#article","isPartOf":{"@id":"https:\/\/apuntesdesanluis.com\/index.php\/2024\/03\/04\/pacto-fiscal-el-gobierno-cita-a-gobernadores-el-viernes-a-la-rosada\/"},"author":{"name":"apuntesdesanluis.com","@id":"https:\/\/apuntesdesanluis.com\/#\/schema\/person\/b55151d52296fcce64d1a72538a70b90"},"headline":"PACTO FISCAL: EL GOBIERNO CITA A GOBERNADORES EL VIERNES A LA ROSADA","datePublished":"2024-03-04T23:54:52+00:00","mainEntityOfPage":{"@id":"https:\/\/apuntesdesanluis.com\/index.php\/2024\/03\/04\/pacto-fiscal-el-gobierno-cita-a-gobernadores-el-viernes-a-la-rosada\/"},"wordCount":479,"publisher":{"@id":"https:\/\/apuntesdesanluis.com\/#\/schema\/person\/b55151d52296fcce64d1a72538a70b90"},"image":{"@id":"https:\/\/apuntesdesanluis.com\/index.php\/2024\/03\/04\/pacto-fiscal-el-gobierno-cita-a-gobernadores-el-viernes-a-la-rosada\/#primaryimage"},"thumbnailUrl":"https:\/\/apuntesdesanluis.com\/wp-content\/uploads\/2024\/01\/casa-rosada.png","articleSection":["Nacionales\/Internacionales"],"inLanguage":"es-AR"},{"@type":"WebPage","@id":"https:\/\/apuntesdesanluis.com\/index.php\/2024\/03\/04\/pacto-fiscal-el-gobierno-cita-a-gobernadores-el-viernes-a-la-rosada\/","url":"https:\/\/apuntesdesanluis.com\/index.php\/2024\/03\/04\/pacto-fiscal-el-gobierno-cita-a-gobernadores-el-viernes-a-la-rosada\/","name":"PACTO FISCAL: EL GOBIERNO CITA A GOBERNADORES EL VIERNES A LA ROSADA - Apuntes de San Luis","isPartOf":{"@id":"https:\/\/apuntesdesanluis.com\/#website"},"primaryImageOfPage":{"@id":"https:\/\/apuntesdesanluis.com\/index.php\/2024\/03\/04\/pacto-fiscal-el-gobierno-cita-a-gobernadores-el-viernes-a-la-rosada\/#primaryimage"},"image":{"@id":"https:\/\/apuntesdesanluis.com\/index.php\/2024\/03\/04\/pacto-fiscal-el-gobierno-cita-a-gobernadores-el-viernes-a-la-rosada\/#primaryimage"},"thumbnailUrl":"https:\/\/apuntesdesanluis.com\/wp-content\/uploads\/2024\/01\/casa-rosada.png","datePublished":"2024-03-04T23:54:52+00:00","breadcrumb":{"@id":"https:\/\/apuntesdesanluis.com\/index.php\/2024\/03\/04\/pacto-fiscal-el-gobierno-cita-a-gobernadores-el-viernes-a-la-rosada\/#breadcrumb"},"inLanguage":"es-AR","potentialAction":[{"@type":"ReadAction","target":["https:\/\/apuntesdesanluis.com\/index.php\/2024\/03\/04\/pacto-fiscal-el-gobierno-cita-a-gobernadores-el-viernes-a-la-rosada\/"]}]},{"@type":"ImageObject","inLanguage":"es-AR","@id":"https:\/\/apuntesdesanluis.com\/index.php\/2024\/03\/04\/pacto-fiscal-el-gobierno-cita-a-gobernadores-el-viernes-a-la-rosada\/#primaryimage","url":"https:\/\/apuntesdesanluis.com\/wp-content\/uploads\/2024\/01\/casa-rosada.png","contentUrl":"https:\/\/apuntesdesanluis.com\/wp-content\/uploads\/2024\/01\/casa-rosada.png","width":622,"height":365},{"@type":"BreadcrumbList","@id":"https:\/\/apuntesdesanluis.com\/index.php\/2024\/03\/04\/pacto-fiscal-el-gobierno-cita-a-gobernadores-el-viernes-a-la-rosada\/#breadcrumb","itemListElement":[{"@type":"ListItem","position":1,"name":"Inicio","item":"https:\/\/apuntesdesanluis.com\/"},{"@type":"ListItem","position":2,"name":"PACTO FISCAL: EL GOBIERNO CITA A GOBERNADORES EL VIERNES A LA ROSADA"}]},{"@type":"WebSite","@id":"https:\/\/apuntesdesanluis.com\/#website","url":"https:\/\/apuntesdesanluis.com\/","name":"Apuntes de San Luis","description":"","publisher":{"@id":"https:\/\/apuntesdesanluis.com\/#\/schema\/person\/b55151d52296fcce64d1a72538a70b90"},"potentialAction":[{"@type":"SearchAction","target":{"@type":"EntryPoint","urlTemplate":"https:\/\/apuntesdesanluis.com\/?s={search_term_string}"},"query-input":{"@type":"PropertyValueSpecification","valueRequired":true,"valueName":"search_term_string"}}],"inLanguage":"es-AR"},{"@type":["Person","Organization"],"@id":"https:\/\/apuntesdesanluis.com\/#\/schema\/person\/b55151d52296fcce64d1a72538a70b90","name":"apuntesdesanluis.com","image":{"@type":"ImageObject","inLanguage":"es-AR","@id":"https:\/\/apuntesdesanluis.com\/#\/schema\/person\/image\/","url":"https:\/\/apuntesdesanluis.com\/wp-content\/uploads\/2023\/07\/cropped-apuntesdesanluis.png","contentUrl":"https:\/\/apuntesdesanluis.com\/wp-content\/uploads\/2023\/07\/cropped-apuntesdesanluis.png","width":450,"height":112,"caption":"apuntesdesanluis.com"},"logo":{"@id":"https:\/\/apuntesdesanluis.com\/#\/schema\/person\/image\/"},"sameAs":["https:\/\/apuntesdesanluis.com"],"url":"https:\/\/apuntesdesanluis.com\/index.php\/author\/apuntesdesanluis-com\/"}]}},"featured_image_urls":{"full":["https:\/\/apuntesdesanluis.com\/wp-content\/uploads\/2024\/01\/casa-rosada.png",622,365,false],"thumbnail":["https:\/\/apuntesdesanluis.com\/wp-content\/uploads\/2024\/01\/casa-rosada-150x150.png",150,150,true],"medium":["https:\/\/apuntesdesanluis.com\/wp-content\/uploads\/2024\/01\/casa-rosada-300x176.png",300,176,true],"medium_large":["https:\/\/apuntesdesanluis.com\/wp-content\/uploads\/2024\/01\/casa-rosada.png",622,365,false],"large":["https:\/\/apuntesdesanluis.com\/wp-content\/uploads\/2024\/01\/casa-rosada.png",622,365,false],"1536x1536":["https:\/\/apuntesdesanluis.com\/wp-content\/uploads\/2024\/01\/casa-rosada.png",622,365,false],"2048x2048":["https:\/\/apuntesdesanluis.com\/wp-content\/uploads\/2024\/01\/casa-rosada.png",622,365,false],"newsever-slider-full":["https:\/\/apuntesdesanluis.com\/wp-content\/uploads\/2024\/01\/casa-rosada.png",622,365,false],"newsever-featured":["https:\/\/apuntesdesanluis.com\/wp-content\/uploads\/2024\/01\/casa-rosada.png",622,365,false],"newsever-medium":["https:\/\/apuntesdesanluis.com\/wp-content\/uploads\/2024\/01\/casa-rosada.png",622,365,false]},"author_info":{"display_name":"apuntesdesanluis.com","author_link":"https:\/\/apuntesdesanluis.com\/index.php\/author\/apuntesdesanluis-com\/"},"category_info":"<a href=\"https:\/\/apuntesdesanluis.com\/index.php\/category\/nacionales-internacionales\/\" rel=\"category tag\">Nacionales\/Internacionales<\/a>","tag_info":"Nacionales\/Internacionales","comment_count":"0","_links":{"self":[{"href":"https:\/\/apuntesdesanluis.com\/index.php\/wp-json\/wp\/v2\/posts\/12658","targetHints":{"allow":["GET"]}}],"collection":[{"href":"https:\/\/apuntesdesanluis.com\/index.php\/wp-json\/wp\/v2\/posts"}],"about":[{"href":"https:\/\/apuntesdesanluis.com\/index.php\/wp-json\/wp\/v2\/types\/post"}],"author":[{"embeddable":true,"href":"https:\/\/apuntesdesanluis.com\/index.php\/wp-json\/wp\/v2\/users\/1"}],"replies":[{"embeddable":true,"href":"https:\/\/apuntesdesanluis.com\/index.php\/wp-json\/wp\/v2\/comments?post=12658"}],"version-history":[{"count":1,"href":"https:\/\/apuntesdesanluis.com\/index.php\/wp-json\/wp\/v2\/posts\/12658\/revisions"}],"predecessor-version":[{"id":12659,"href":"https:\/\/apuntesdesanluis.com\/index.php\/wp-json\/wp\/v2\/posts\/12658\/revisions\/12659"}],"wp:featuredmedia":[{"embeddable":true,"href":"https:\/\/apuntesdesanluis.com\/index.php\/wp-json\/wp\/v2\/media\/9865"}],"wp:attachment":[{"href":"https:\/\/apuntesdesanluis.com\/index.php\/wp-json\/wp\/v2\/media?parent=12658"}],"wp:term":[{"taxonomy":"category","embeddable":true,"href":"https:\/\/apuntesdesanluis.com\/index.php\/wp-json\/wp\/v2\/categories?post=12658"},{"taxonomy":"post_tag","embeddable":true,"href":"https:\/\/apuntesdesanluis.com\/index.php\/wp-json\/wp\/v2\/tags?post=12658"}],"curies":[{"name":"wp","href":"https:\/\/api.w.org\/{rel}","templated":true}]}}