{"id":12660,"date":"2024-03-05T07:24:40","date_gmt":"2024-03-05T10:24:40","guid":{"rendered":"https:\/\/apuntesdesanluis.com\/?p=12660"},"modified":"2024-03-05T07:24:40","modified_gmt":"2024-03-05T10:24:40","slug":"prision-domiciliaria-para-un-conductor-acusado-de-homicidio-culposo","status":"publish","type":"post","link":"https:\/\/apuntesdesanluis.com\/index.php\/2024\/03\/05\/prision-domiciliaria-para-un-conductor-acusado-de-homicidio-culposo\/","title":{"rendered":"PRISI\u00d3N DOMICILIARIA PARA UN CONDUCTOR ACUSADO DE HOMICIDIO CULPOSO"},"content":{"rendered":"<h3>El juez subrogante del Juzgado de Garant\u00eda N\u00b0 2, Juan Manuel Montiveros Chada, este lunes dio por formulados cargos contra Felipe Mart\u00edn Iglesias por el delito de homicidio culposo agravado por la conducci\u00f3n imprudente y negligente de un veh\u00edculo a motor y por haberse dado a la fuga y no intentar socorrer a la v\u00edctima, y le dict\u00f3 prisi\u00f3n domiciliaria por 120 d\u00edas.<\/h3>\n<h3>A Iglesias, de 65 a\u00f1os, se lo acusa de atropellar con su Fiat Cronos y causarle la muerte a Pablo Ayala, un motociclista de 37 a\u00f1os. El hecho que se investiga ocurri\u00f3 el 16 de diciembre a la madrugada en la esquina de 25 de Mayo y Caseros, ciudad de San Luis. En la moto tambi\u00e9n viajaba Agustina Arrieta.<\/h3>\n<h3>\u201cIglesias, que hab\u00eda estado en una juntada en la Tercera Rotonda, aproximadamente a las 04:20 horas, a bordo de su autom\u00f3vil rojo, circulando en direcci\u00f3n este a oeste por calle 25 de mayo y al llegar a la intersecci\u00f3n con Calle Caseros, no observ\u00f3, y por ende no fren\u00f3, que en sentido norte sur por Caseros venia una motocicleta Honda Modelo XR 250, aproximadamente a 29 kil\u00f3metros por hora que era conducida por Ayala teniendo como acompa\u00f1ante a Arrieta de 27\u201d, relat\u00f3 el Fiscal de Instrucci\u00f3n N\u00b0 3, Esteban Roche, quien en la audiencia de este lunes solicit\u00f3 60 d\u00edas de preventiva y subsidiariamente cuatro meses de domiciliaria.<\/h3>\n<h3>Y agreg\u00f3: \u201cen dicho contexto y cuando la motocicleta ya hab\u00eda transcurrido la mitad de la esquina, Iglesias embiste con su rodado a la moto en su lateral izquierdo sector medio trasero. El impacto hizo caer la moto junto a sus ocupantes, arrastr\u00e1ndola unos once metros y medio sobre la carpeta asf\u00e1ltica, quedando tendido Ayala sobre la carpeta asf\u00e1ltica y Arrieta sobre el cord\u00f3n oeste de calle Caseros\u201d. Adem\u00e1s, Roche lo acus\u00f3 de lesiones culposas en perjuicio de Arrieta.<\/h3>\n<h3>De acuerdo a la acusaci\u00f3n de la Fiscal\u00eda, el conductor del autom\u00f3vil se baj\u00f3 del rodado, observ\u00f3 la escena y luego se dio a la fuga por 25 de Mayo. El choque le produjo a Ayala traumatismo de cr\u00e1neo con p\u00e9rdida de masa encef\u00e1lica y falleci\u00f3 en el lugar del hecho. Arrieta fue trasladada al Hospital Carrillo con lesiones de car\u00e1cter leve.<\/h3>\n<h3>La familia de la v\u00edctima estuvo representada por el abogado Jorge Sosa, quien adhiri\u00f3 al pedido de la Fiscal\u00eda pero entendi\u00f3 que que la calificaci\u00f3n deb\u00eda ser homicidio simple con dolo eventual, solicitud que finalmente fue rechazada por el juez. La defensa t\u00e9cnica del imputado, a cargo de Santiago Calder\u00f3n Salom\u00f3n, pidi\u00f3 por su parte que la imputaci\u00f3n fuera por homicidio culposo simple.<\/h3>\n<p>&nbsp;<\/p>\n<p>&nbsp;<\/p>\n<p>&nbsp;<\/p>\n","protected":false},"excerpt":{"rendered":"<p>El juez subrogante del Juzgado de Garant\u00eda N\u00b0 2, Juan Manuel Montiveros Chada, este lunes&#8230;<\/p>\n","protected":false},"author":1,"featured_media":580,"comment_status":"closed","ping_status":"closed","sticky":false,"template":"","format":"standard","meta":{"footnotes":""},"categories":[6],"tags":[],"class_list":["post-12660","post","type-post","status-publish","format-standard","has-post-thumbnail","hentry","category-ciudad-provincia"],"yoast_head":"<!-- This site is optimized with the Yoast SEO plugin v26.1.1 - https:\/\/yoast.com\/wordpress\/plugins\/seo\/ -->\n<title>PRISI\u00d3N DOMICILIARIA PARA UN CONDUCTOR ACUSADO DE HOMICIDIO CULPOSO - Apuntes de San Luis<\/title>\n<meta name=\"robots\" content=\"index, follow, max-snippet:-1, max-image-preview:large, max-video-preview:-1\" \/>\n<link rel=\"canonical\" href=\"https:\/\/apuntesdesanluis.com\/index.php\/2024\/03\/05\/prision-domiciliaria-para-un-conductor-acusado-de-homicidio-culposo\/\" \/>\n<meta property=\"og:locale\" content=\"es_ES\" \/>\n<meta property=\"og:type\" content=\"article\" \/>\n<meta property=\"og:title\" content=\"PRISI\u00d3N DOMICILIARIA PARA UN CONDUCTOR ACUSADO DE HOMICIDIO CULPOSO - Apuntes de San Luis\" \/>\n<meta property=\"og:description\" content=\"El juez subrogante del Juzgado de Garant\u00eda N\u00b0 2, Juan Manuel Montiveros Chada, este lunes...\" \/>\n<meta property=\"og:url\" content=\"https:\/\/apuntesdesanluis.com\/index.php\/2024\/03\/05\/prision-domiciliaria-para-un-conductor-acusado-de-homicidio-culposo\/\" \/>\n<meta property=\"og:site_name\" content=\"Apuntes de San Luis\" \/>\n<meta property=\"article:published_time\" content=\"2024-03-05T10:24:40+00:00\" \/>\n<meta property=\"og:image\" content=\"https:\/\/apuntesdesanluis.com\/wp-content\/uploads\/2023\/07\/tribunales-puntanos.png\" \/>\n\t<meta property=\"og:image:width\" content=\"788\" \/>\n\t<meta property=\"og:image:height\" content=\"480\" \/>\n\t<meta property=\"og:image:type\" content=\"image\/png\" \/>\n<meta name=\"author\" content=\"apuntesdesanluis.com\" \/>\n<meta name=\"twitter:card\" content=\"summary_large_image\" \/>\n<meta name=\"twitter:label1\" content=\"Escrito por\" \/>\n\t<meta name=\"twitter:data1\" content=\"apuntesdesanluis.com\" \/>\n\t<meta name=\"twitter:label2\" content=\"Tiempo de lectura\" \/>\n\t<meta name=\"twitter:data2\" content=\"2 minutos\" \/>\n<script type=\"application\/ld+json\" class=\"yoast-schema-graph\">{\"@context\":\"https:\/\/schema.org\",\"@graph\":[{\"@type\":\"Article\",\"@id\":\"https:\/\/apuntesdesanluis.com\/index.php\/2024\/03\/05\/prision-domiciliaria-para-un-conductor-acusado-de-homicidio-culposo\/#article\",\"isPartOf\":{\"@id\":\"https:\/\/apuntesdesanluis.com\/index.php\/2024\/03\/05\/prision-domiciliaria-para-un-conductor-acusado-de-homicidio-culposo\/\"},\"author\":{\"name\":\"apuntesdesanluis.com\",\"@id\":\"https:\/\/apuntesdesanluis.com\/#\/schema\/person\/b55151d52296fcce64d1a72538a70b90\"},\"headline\":\"PRISI\u00d3N DOMICILIARIA PARA UN CONDUCTOR ACUSADO DE HOMICIDIO CULPOSO\",\"datePublished\":\"2024-03-05T10:24:40+00:00\",\"mainEntityOfPage\":{\"@id\":\"https:\/\/apuntesdesanluis.com\/index.php\/2024\/03\/05\/prision-domiciliaria-para-un-conductor-acusado-de-homicidio-culposo\/\"},\"wordCount\":472,\"publisher\":{\"@id\":\"https:\/\/apuntesdesanluis.com\/#\/schema\/person\/b55151d52296fcce64d1a72538a70b90\"},\"image\":{\"@id\":\"https:\/\/apuntesdesanluis.com\/index.php\/2024\/03\/05\/prision-domiciliaria-para-un-conductor-acusado-de-homicidio-culposo\/#primaryimage\"},\"thumbnailUrl\":\"https:\/\/apuntesdesanluis.com\/wp-content\/uploads\/2023\/07\/tribunales-puntanos.png\",\"articleSection\":[\"Ciudad\/Provincia\"],\"inLanguage\":\"es-AR\"},{\"@type\":\"WebPage\",\"@id\":\"https:\/\/apuntesdesanluis.com\/index.php\/2024\/03\/05\/prision-domiciliaria-para-un-conductor-acusado-de-homicidio-culposo\/\",\"url\":\"https:\/\/apuntesdesanluis.com\/index.php\/2024\/03\/05\/prision-domiciliaria-para-un-conductor-acusado-de-homicidio-culposo\/\",\"name\":\"PRISI\u00d3N DOMICILIARIA PARA UN CONDUCTOR ACUSADO DE HOMICIDIO CULPOSO - Apuntes de San Luis\",\"isPartOf\":{\"@id\":\"https:\/\/apuntesdesanluis.com\/#website\"},\"primaryImageOfPage\":{\"@id\":\"https:\/\/apuntesdesanluis.com\/index.php\/2024\/03\/05\/prision-domiciliaria-para-un-conductor-acusado-de-homicidio-culposo\/#primaryimage\"},\"image\":{\"@id\":\"https:\/\/apuntesdesanluis.com\/index.php\/2024\/03\/05\/prision-domiciliaria-para-un-conductor-acusado-de-homicidio-culposo\/#primaryimage\"},\"thumbnailUrl\":\"https:\/\/apuntesdesanluis.com\/wp-content\/uploads\/2023\/07\/tribunales-puntanos.png\",\"datePublished\":\"2024-03-05T10:24:40+00:00\",\"breadcrumb\":{\"@id\":\"https:\/\/apuntesdesanluis.com\/index.php\/2024\/03\/05\/prision-domiciliaria-para-un-conductor-acusado-de-homicidio-culposo\/#breadcrumb\"},\"inLanguage\":\"es-AR\",\"potentialAction\":[{\"@type\":\"ReadAction\",\"target\":[\"https:\/\/apuntesdesanluis.com\/index.php\/2024\/03\/05\/prision-domiciliaria-para-un-conductor-acusado-de-homicidio-culposo\/\"]}]},{\"@type\":\"ImageObject\",\"inLanguage\":\"es-AR\",\"@id\":\"https:\/\/apuntesdesanluis.com\/index.php\/2024\/03\/05\/prision-domiciliaria-para-un-conductor-acusado-de-homicidio-culposo\/#primaryimage\",\"url\":\"https:\/\/apuntesdesanluis.com\/wp-content\/uploads\/2023\/07\/tribunales-puntanos.png\",\"contentUrl\":\"https:\/\/apuntesdesanluis.com\/wp-content\/uploads\/2023\/07\/tribunales-puntanos.png\",\"width\":788,\"height\":480},{\"@type\":\"BreadcrumbList\",\"@id\":\"https:\/\/apuntesdesanluis.com\/index.php\/2024\/03\/05\/prision-domiciliaria-para-un-conductor-acusado-de-homicidio-culposo\/#breadcrumb\",\"itemListElement\":[{\"@type\":\"ListItem\",\"position\":1,\"name\":\"Inicio\",\"item\":\"https:\/\/apuntesdesanluis.com\/\"},{\"@type\":\"ListItem\",\"position\":2,\"name\":\"PRISI\u00d3N DOMICILIARIA PARA UN CONDUCTOR ACUSADO DE HOMICIDIO CULPOSO\"}]},{\"@type\":\"WebSite\",\"@id\":\"https:\/\/apuntesdesanluis.com\/#website\",\"url\":\"https:\/\/apuntesdesanluis.com\/\",\"name\":\"Apuntes de San Luis\",\"description\":\"\",\"publisher\":{\"@id\":\"https:\/\/apuntesdesanluis.com\/#\/schema\/person\/b55151d52296fcce64d1a72538a70b90\"},\"potentialAction\":[{\"@type\":\"SearchAction\",\"target\":{\"@type\":\"EntryPoint\",\"urlTemplate\":\"https:\/\/apuntesdesanluis.com\/?s={search_term_string}\"},\"query-input\":{\"@type\":\"PropertyValueSpecification\",\"valueRequired\":true,\"valueName\":\"search_term_string\"}}],\"inLanguage\":\"es-AR\"},{\"@type\":[\"Person\",\"Organization\"],\"@id\":\"https:\/\/apuntesdesanluis.com\/#\/schema\/person\/b55151d52296fcce64d1a72538a70b90\",\"name\":\"apuntesdesanluis.com\",\"image\":{\"@type\":\"ImageObject\",\"inLanguage\":\"es-AR\",\"@id\":\"https:\/\/apuntesdesanluis.com\/#\/schema\/person\/image\/\",\"url\":\"https:\/\/apuntesdesanluis.com\/wp-content\/uploads\/2023\/07\/cropped-apuntesdesanluis.png\",\"contentUrl\":\"https:\/\/apuntesdesanluis.com\/wp-content\/uploads\/2023\/07\/cropped-apuntesdesanluis.png\",\"width\":450,\"height\":112,\"caption\":\"apuntesdesanluis.com\"},\"logo\":{\"@id\":\"https:\/\/apuntesdesanluis.com\/#\/schema\/person\/image\/\"},\"sameAs\":[\"https:\/\/apuntesdesanluis.com\"],\"url\":\"https:\/\/apuntesdesanluis.com\/index.php\/author\/apuntesdesanluis-com\/\"}]}<\/script>\n<!-- \/ Yoast SEO plugin. -->","yoast_head_json":{"title":"PRISI\u00d3N DOMICILIARIA PARA UN CONDUCTOR ACUSADO DE HOMICIDIO CULPOSO - Apuntes de San Luis","robots":{"index":"index","follow":"follow","max-snippet":"max-snippet:-1","max-image-preview":"max-image-preview:large","max-video-preview":"max-video-preview:-1"},"canonical":"https:\/\/apuntesdesanluis.com\/index.php\/2024\/03\/05\/prision-domiciliaria-para-un-conductor-acusado-de-homicidio-culposo\/","og_locale":"es_ES","og_type":"article","og_title":"PRISI\u00d3N DOMICILIARIA PARA UN CONDUCTOR ACUSADO DE HOMICIDIO CULPOSO - Apuntes de San Luis","og_description":"El juez subrogante del Juzgado de Garant\u00eda N\u00b0 2, Juan Manuel Montiveros Chada, este lunes...","og_url":"https:\/\/apuntesdesanluis.com\/index.php\/2024\/03\/05\/prision-domiciliaria-para-un-conductor-acusado-de-homicidio-culposo\/","og_site_name":"Apuntes de San Luis","article_published_time":"2024-03-05T10:24:40+00:00","og_image":[{"width":788,"height":480,"url":"https:\/\/apuntesdesanluis.com\/wp-content\/uploads\/2023\/07\/tribunales-puntanos.png","type":"image\/png"}],"author":"apuntesdesanluis.com","twitter_card":"summary_large_image","twitter_misc":{"Escrito por":"apuntesdesanluis.com","Tiempo de lectura":"2 minutos"},"schema":{"@context":"https:\/\/schema.org","@graph":[{"@type":"Article","@id":"https:\/\/apuntesdesanluis.com\/index.php\/2024\/03\/05\/prision-domiciliaria-para-un-conductor-acusado-de-homicidio-culposo\/#article","isPartOf":{"@id":"https:\/\/apuntesdesanluis.com\/index.php\/2024\/03\/05\/prision-domiciliaria-para-un-conductor-acusado-de-homicidio-culposo\/"},"author":{"name":"apuntesdesanluis.com","@id":"https:\/\/apuntesdesanluis.com\/#\/schema\/person\/b55151d52296fcce64d1a72538a70b90"},"headline":"PRISI\u00d3N DOMICILIARIA PARA UN CONDUCTOR ACUSADO DE HOMICIDIO CULPOSO","datePublished":"2024-03-05T10:24:40+00:00","mainEntityOfPage":{"@id":"https:\/\/apuntesdesanluis.com\/index.php\/2024\/03\/05\/prision-domiciliaria-para-un-conductor-acusado-de-homicidio-culposo\/"},"wordCount":472,"publisher":{"@id":"https:\/\/apuntesdesanluis.com\/#\/schema\/person\/b55151d52296fcce64d1a72538a70b90"},"image":{"@id":"https:\/\/apuntesdesanluis.com\/index.php\/2024\/03\/05\/prision-domiciliaria-para-un-conductor-acusado-de-homicidio-culposo\/#primaryimage"},"thumbnailUrl":"https:\/\/apuntesdesanluis.com\/wp-content\/uploads\/2023\/07\/tribunales-puntanos.png","articleSection":["Ciudad\/Provincia"],"inLanguage":"es-AR"},{"@type":"WebPage","@id":"https:\/\/apuntesdesanluis.com\/index.php\/2024\/03\/05\/prision-domiciliaria-para-un-conductor-acusado-de-homicidio-culposo\/","url":"https:\/\/apuntesdesanluis.com\/index.php\/2024\/03\/05\/prision-domiciliaria-para-un-conductor-acusado-de-homicidio-culposo\/","name":"PRISI\u00d3N DOMICILIARIA PARA UN CONDUCTOR ACUSADO DE HOMICIDIO CULPOSO - Apuntes de San Luis","isPartOf":{"@id":"https:\/\/apuntesdesanluis.com\/#website"},"primaryImageOfPage":{"@id":"https:\/\/apuntesdesanluis.com\/index.php\/2024\/03\/05\/prision-domiciliaria-para-un-conductor-acusado-de-homicidio-culposo\/#primaryimage"},"image":{"@id":"https:\/\/apuntesdesanluis.com\/index.php\/2024\/03\/05\/prision-domiciliaria-para-un-conductor-acusado-de-homicidio-culposo\/#primaryimage"},"thumbnailUrl":"https:\/\/apuntesdesanluis.com\/wp-content\/uploads\/2023\/07\/tribunales-puntanos.png","datePublished":"2024-03-05T10:24:40+00:00","breadcrumb":{"@id":"https:\/\/apuntesdesanluis.com\/index.php\/2024\/03\/05\/prision-domiciliaria-para-un-conductor-acusado-de-homicidio-culposo\/#breadcrumb"},"inLanguage":"es-AR","potentialAction":[{"@type":"ReadAction","target":["https:\/\/apuntesdesanluis.com\/index.php\/2024\/03\/05\/prision-domiciliaria-para-un-conductor-acusado-de-homicidio-culposo\/"]}]},{"@type":"ImageObject","inLanguage":"es-AR","@id":"https:\/\/apuntesdesanluis.com\/index.php\/2024\/03\/05\/prision-domiciliaria-para-un-conductor-acusado-de-homicidio-culposo\/#primaryimage","url":"https:\/\/apuntesdesanluis.com\/wp-content\/uploads\/2023\/07\/tribunales-puntanos.png","contentUrl":"https:\/\/apuntesdesanluis.com\/wp-content\/uploads\/2023\/07\/tribunales-puntanos.png","width":788,"height":480},{"@type":"BreadcrumbList","@id":"https:\/\/apuntesdesanluis.com\/index.php\/2024\/03\/05\/prision-domiciliaria-para-un-conductor-acusado-de-homicidio-culposo\/#breadcrumb","itemListElement":[{"@type":"ListItem","position":1,"name":"Inicio","item":"https:\/\/apuntesdesanluis.com\/"},{"@type":"ListItem","position":2,"name":"PRISI\u00d3N DOMICILIARIA PARA UN CONDUCTOR ACUSADO DE HOMICIDIO CULPOSO"}]},{"@type":"WebSite","@id":"https:\/\/apuntesdesanluis.com\/#website","url":"https:\/\/apuntesdesanluis.com\/","name":"Apuntes de San Luis","description":"","publisher":{"@id":"https:\/\/apuntesdesanluis.com\/#\/schema\/person\/b55151d52296fcce64d1a72538a70b90"},"potentialAction":[{"@type":"SearchAction","target":{"@type":"EntryPoint","urlTemplate":"https:\/\/apuntesdesanluis.com\/?s={search_term_string}"},"query-input":{"@type":"PropertyValueSpecification","valueRequired":true,"valueName":"search_term_string"}}],"inLanguage":"es-AR"},{"@type":["Person","Organization"],"@id":"https:\/\/apuntesdesanluis.com\/#\/schema\/person\/b55151d52296fcce64d1a72538a70b90","name":"apuntesdesanluis.com","image":{"@type":"ImageObject","inLanguage":"es-AR","@id":"https:\/\/apuntesdesanluis.com\/#\/schema\/person\/image\/","url":"https:\/\/apuntesdesanluis.com\/wp-content\/uploads\/2023\/07\/cropped-apuntesdesanluis.png","contentUrl":"https:\/\/apuntesdesanluis.com\/wp-content\/uploads\/2023\/07\/cropped-apuntesdesanluis.png","width":450,"height":112,"caption":"apuntesdesanluis.com"},"logo":{"@id":"https:\/\/apuntesdesanluis.com\/#\/schema\/person\/image\/"},"sameAs":["https:\/\/apuntesdesanluis.com"],"url":"https:\/\/apuntesdesanluis.com\/index.php\/author\/apuntesdesanluis-com\/"}]}},"featured_image_urls":{"full":["https:\/\/apuntesdesanluis.com\/wp-content\/uploads\/2023\/07\/tribunales-puntanos.png",788,480,false],"thumbnail":["https:\/\/apuntesdesanluis.com\/wp-content\/uploads\/2023\/07\/tribunales-puntanos-150x150.png",150,150,true],"medium":["https:\/\/apuntesdesanluis.com\/wp-content\/uploads\/2023\/07\/tribunales-puntanos-300x183.png",300,183,true],"medium_large":["https:\/\/apuntesdesanluis.com\/wp-content\/uploads\/2023\/07\/tribunales-puntanos-768x468.png",640,390,true],"large":["https:\/\/apuntesdesanluis.com\/wp-content\/uploads\/2023\/07\/tribunales-puntanos.png",640,390,false],"1536x1536":["https:\/\/apuntesdesanluis.com\/wp-content\/uploads\/2023\/07\/tribunales-puntanos.png",788,480,false],"2048x2048":["https:\/\/apuntesdesanluis.com\/wp-content\/uploads\/2023\/07\/tribunales-puntanos.png",788,480,false],"newsever-slider-full":["https:\/\/apuntesdesanluis.com\/wp-content\/uploads\/2023\/07\/tribunales-puntanos.png",788,480,false],"newsever-featured":["https:\/\/apuntesdesanluis.com\/wp-content\/uploads\/2023\/07\/tribunales-puntanos.png",788,480,false],"newsever-medium":["https:\/\/apuntesdesanluis.com\/wp-content\/uploads\/2023\/07\/tribunales-puntanos-720x475.png",720,475,true]},"author_info":{"display_name":"apuntesdesanluis.com","author_link":"https:\/\/apuntesdesanluis.com\/index.php\/author\/apuntesdesanluis-com\/"},"category_info":"<a href=\"https:\/\/apuntesdesanluis.com\/index.php\/category\/ciudad-provincia\/\" rel=\"category tag\">Ciudad\/Provincia<\/a>","tag_info":"Ciudad\/Provincia","comment_count":"0","_links":{"self":[{"href":"https:\/\/apuntesdesanluis.com\/index.php\/wp-json\/wp\/v2\/posts\/12660","targetHints":{"allow":["GET"]}}],"collection":[{"href":"https:\/\/apuntesdesanluis.com\/index.php\/wp-json\/wp\/v2\/posts"}],"about":[{"href":"https:\/\/apuntesdesanluis.com\/index.php\/wp-json\/wp\/v2\/types\/post"}],"author":[{"embeddable":true,"href":"https:\/\/apuntesdesanluis.com\/index.php\/wp-json\/wp\/v2\/users\/1"}],"replies":[{"embeddable":true,"href":"https:\/\/apuntesdesanluis.com\/index.php\/wp-json\/wp\/v2\/comments?post=12660"}],"version-history":[{"count":1,"href":"https:\/\/apuntesdesanluis.com\/index.php\/wp-json\/wp\/v2\/posts\/12660\/revisions"}],"predecessor-version":[{"id":12661,"href":"https:\/\/apuntesdesanluis.com\/index.php\/wp-json\/wp\/v2\/posts\/12660\/revisions\/12661"}],"wp:featuredmedia":[{"embeddable":true,"href":"https:\/\/apuntesdesanluis.com\/index.php\/wp-json\/wp\/v2\/media\/580"}],"wp:attachment":[{"href":"https:\/\/apuntesdesanluis.com\/index.php\/wp-json\/wp\/v2\/media?parent=12660"}],"wp:term":[{"taxonomy":"category","embeddable":true,"href":"https:\/\/apuntesdesanluis.com\/index.php\/wp-json\/wp\/v2\/categories?post=12660"},{"taxonomy":"post_tag","embeddable":true,"href":"https:\/\/apuntesdesanluis.com\/index.php\/wp-json\/wp\/v2\/tags?post=12660"}],"curies":[{"name":"wp","href":"https:\/\/api.w.org\/{rel}","templated":true}]}}