{"id":12662,"date":"2024-03-05T07:44:03","date_gmt":"2024-03-05T10:44:03","guid":{"rendered":"https:\/\/apuntesdesanluis.com\/?p=12662"},"modified":"2024-03-05T07:44:03","modified_gmt":"2024-03-05T10:44:03","slug":"eliminaron-300-unidades-de-gestion-que-manejaban-los-intermediarios-de-planes-sociales-y-59-centros-de-referencia","status":"publish","type":"post","link":"https:\/\/apuntesdesanluis.com\/index.php\/2024\/03\/05\/eliminaron-300-unidades-de-gestion-que-manejaban-los-intermediarios-de-planes-sociales-y-59-centros-de-referencia\/","title":{"rendered":"ELIMINARON 300 UNIDADES DE GESTI\u00d3N QUE MANEJABAN LOS INTERMEDIARIOS DE PLANES SOCIALES Y 59 CENTROS DE REFERENCIA"},"content":{"rendered":"<h3>La decisi\u00f3n llega despu\u00e9s de la desarticulaci\u00f3n del Potenciar Trabajo, reemplazado por dos nuevos programas.<\/h3>\n<h3>El Gobierno oficializar\u00e1 en los pr\u00f3ximos d\u00edas la quita de los intermediarios de los planes sociales con la disoluci\u00f3n de las Unidades de Gesti\u00f3n, que, seg\u00fan fuentes oficiales, implicaban al Estado un desembolso de alrededor de 34 millones de d\u00f3lares al a\u00f1o, mientras que adem\u00e1s cerrar\u00e1 59 Centros de Referencia (CDR).<\/h3>\n<h3>Las unidades se encargaban hasta ahora de controlar que los beneficiarios de la ayuda estatal cumplieran con las contraprestaciones necesarias para recibir el plan.<\/h3>\n<h3>Esto se dispuso luego de que la gesti\u00f3n de Javier Milei definiera la eliminaci\u00f3n del Potenciar Trabajo, que ser\u00e1 reemplazado por dos nuevos programas sociales, tambi\u00e9n con el objetivo central de eliminar la intermediaci\u00f3n.<\/h3>\n<h3>La decisi\u00f3n sobre la desarticulaci\u00f3n del Potenciar Trabajo y sus consecuencias en las unidades de gesti\u00f3n, se sum\u00f3 a los reclamos previos que mantienen a los movimientos sociales en estado de alerta.<\/h3>\n<h3>Las organizaciones podr\u00edan definir ma\u00f1ana una serie de protestas para reclamar por la falta de alimentos en los comedores, pero tambi\u00e9n por los cambios en los planes.<\/h3>\n<h3>En la decisi\u00f3n del Poder Ejecutivo de disolver los Potenciar Trabajo, las principales cr\u00edticas del oficialismo estuvieron orientadas hacia las unidades, que son m\u00e1s de 300 en todo el pa\u00eds y depend\u00edan de movimientos sociales, organizaciones, cooperativas y municipios.<\/h3>\n<h3>Las Unidades de Gesti\u00f3n, encargadas de coordinar y administrar las prestaciones y proyectos del programa, se han transformado en lo que algunos denominan &#8220;gerentes de la pobreza&#8221;, controlando a los beneficiarios a trav\u00e9s de mecanismos de presentismo y gesti\u00f3n burocr\u00e1tica que, &#8220;lejos de potenciar la autonom\u00eda y el crecimiento personal, han favorecido la intermediaci\u00f3n y la perpetuaci\u00f3n de la dependencia&#8221;, sostienen en el Ministerio que encabeza Sandra Pettovello.<\/h3>\n<h3>Adem\u00e1s, Capital Humano inform\u00f3 que cerrar\u00e1 59 Centros de Referencia (CDR) que &#8220;funcionan como cajas de la pol\u00edtica y refugios de \u00f1oquis del Estado&#8221; y destac\u00f3 que con la medida se ahorrar\u00e1 5.000 millones de pesos anuales.<\/h3>\n<h3>&#8220;Se despedir\u00e1 a m\u00e1s de 600 empleados p\u00fablicos que cobraban un total de 4 mil millones de pesos por a\u00f1o. El cierre de los 59 locales implica un ahorro en el gasto de 88 millones de pesos anuales en alquiler. Se dar\u00e1n de baja 50 autos eliminando as\u00ed un gasto de m\u00e1s de 20 millones de pesos por a\u00f1o. Tambi\u00e9n se dar\u00e1n de baja 42 celulares&#8221;, detall\u00f3 la cartera en un comunicado.<\/h3>\n<h3>Al respecto, se indic\u00f3 que &#8220;los Centros reciben muy pocas consultas por d\u00eda, en la mayor\u00eda de los casos no resuelven el tr\u00e1mite y solo derivan a la gente a otro organismo&#8221;. &#8220;Son la imagen m\u00e1s clara de la burocracia del Estado&#8221;, se agreg\u00f3.<\/h3>\n<h3>&#8220;Los tr\u00e1mites ser\u00e1n digitales para ahorrar gasto p\u00fablico, modernizar y ser m\u00e1s eficientes. Tambi\u00e9n habr\u00e1 una l\u00ednea (0800-222-3294) donde quienes lo necesiten puedan comunicarse y realizar sus tr\u00e1mites en la Secretar\u00eda Nacional de Ni\u00f1ez, Adolescencia y Familia&#8221;, se indic\u00f3.<\/h3>\n<p>&nbsp;<\/p>\n<p>&nbsp;<\/p>\n<p>&nbsp;<\/p>\n","protected":false},"excerpt":{"rendered":"<p>La decisi\u00f3n llega despu\u00e9s de la desarticulaci\u00f3n del Potenciar Trabajo, reemplazado por dos nuevos programas&#8230;.<\/p>\n","protected":false},"author":1,"featured_media":12663,"comment_status":"closed","ping_status":"closed","sticky":false,"template":"","format":"standard","meta":{"footnotes":""},"categories":[5],"tags":[],"class_list":["post-12662","post","type-post","status-publish","format-standard","has-post-thumbnail","hentry","category-nacionales-internacionales"],"yoast_head":"<!-- This site is optimized with the Yoast SEO plugin v26.1.1 - https:\/\/yoast.com\/wordpress\/plugins\/seo\/ -->\n<title>ELIMINARON 300 UNIDADES DE GESTI\u00d3N QUE MANEJABAN LOS INTERMEDIARIOS DE PLANES SOCIALES Y 59 CENTROS DE REFERENCIA - Apuntes de San Luis<\/title>\n<meta name=\"robots\" content=\"index, follow, max-snippet:-1, max-image-preview:large, max-video-preview:-1\" \/>\n<link rel=\"canonical\" href=\"https:\/\/apuntesdesanluis.com\/index.php\/2024\/03\/05\/eliminaron-300-unidades-de-gestion-que-manejaban-los-intermediarios-de-planes-sociales-y-59-centros-de-referencia\/\" \/>\n<meta property=\"og:locale\" content=\"es_ES\" \/>\n<meta property=\"og:type\" content=\"article\" \/>\n<meta property=\"og:title\" content=\"ELIMINARON 300 UNIDADES DE GESTI\u00d3N QUE MANEJABAN LOS INTERMEDIARIOS DE PLANES SOCIALES Y 59 CENTROS DE REFERENCIA - Apuntes de San Luis\" \/>\n<meta property=\"og:description\" content=\"La decisi\u00f3n llega despu\u00e9s de la desarticulaci\u00f3n del Potenciar Trabajo, reemplazado por dos nuevos programas....\" \/>\n<meta property=\"og:url\" content=\"https:\/\/apuntesdesanluis.com\/index.php\/2024\/03\/05\/eliminaron-300-unidades-de-gestion-que-manejaban-los-intermediarios-de-planes-sociales-y-59-centros-de-referencia\/\" \/>\n<meta property=\"og:site_name\" content=\"Apuntes de San Luis\" \/>\n<meta property=\"article:published_time\" content=\"2024-03-05T10:44:03+00:00\" \/>\n<meta property=\"og:image\" content=\"https:\/\/apuntesdesanluis.com\/wp-content\/uploads\/2024\/03\/MOVIMIENTOS-SOCIALES.png\" \/>\n\t<meta property=\"og:image:width\" content=\"676\" \/>\n\t<meta property=\"og:image:height\" content=\"422\" \/>\n\t<meta property=\"og:image:type\" content=\"image\/png\" \/>\n<meta name=\"author\" content=\"apuntesdesanluis.com\" \/>\n<meta name=\"twitter:card\" content=\"summary_large_image\" \/>\n<meta name=\"twitter:label1\" content=\"Escrito por\" \/>\n\t<meta name=\"twitter:data1\" content=\"apuntesdesanluis.com\" \/>\n\t<meta name=\"twitter:label2\" content=\"Tiempo de lectura\" \/>\n\t<meta name=\"twitter:data2\" content=\"3 minutos\" \/>\n<script type=\"application\/ld+json\" class=\"yoast-schema-graph\">{\"@context\":\"https:\/\/schema.org\",\"@graph\":[{\"@type\":\"Article\",\"@id\":\"https:\/\/apuntesdesanluis.com\/index.php\/2024\/03\/05\/eliminaron-300-unidades-de-gestion-que-manejaban-los-intermediarios-de-planes-sociales-y-59-centros-de-referencia\/#article\",\"isPartOf\":{\"@id\":\"https:\/\/apuntesdesanluis.com\/index.php\/2024\/03\/05\/eliminaron-300-unidades-de-gestion-que-manejaban-los-intermediarios-de-planes-sociales-y-59-centros-de-referencia\/\"},\"author\":{\"name\":\"apuntesdesanluis.com\",\"@id\":\"https:\/\/apuntesdesanluis.com\/#\/schema\/person\/b55151d52296fcce64d1a72538a70b90\"},\"headline\":\"ELIMINARON 300 UNIDADES DE GESTI\u00d3N QUE MANEJABAN LOS INTERMEDIARIOS DE PLANES SOCIALES Y 59 CENTROS DE REFERENCIA\",\"datePublished\":\"2024-03-05T10:44:03+00:00\",\"mainEntityOfPage\":{\"@id\":\"https:\/\/apuntesdesanluis.com\/index.php\/2024\/03\/05\/eliminaron-300-unidades-de-gestion-que-manejaban-los-intermediarios-de-planes-sociales-y-59-centros-de-referencia\/\"},\"wordCount\":546,\"publisher\":{\"@id\":\"https:\/\/apuntesdesanluis.com\/#\/schema\/person\/b55151d52296fcce64d1a72538a70b90\"},\"image\":{\"@id\":\"https:\/\/apuntesdesanluis.com\/index.php\/2024\/03\/05\/eliminaron-300-unidades-de-gestion-que-manejaban-los-intermediarios-de-planes-sociales-y-59-centros-de-referencia\/#primaryimage\"},\"thumbnailUrl\":\"https:\/\/apuntesdesanluis.com\/wp-content\/uploads\/2024\/03\/MOVIMIENTOS-SOCIALES.png\",\"articleSection\":[\"Nacionales\/Internacionales\"],\"inLanguage\":\"es-AR\"},{\"@type\":\"WebPage\",\"@id\":\"https:\/\/apuntesdesanluis.com\/index.php\/2024\/03\/05\/eliminaron-300-unidades-de-gestion-que-manejaban-los-intermediarios-de-planes-sociales-y-59-centros-de-referencia\/\",\"url\":\"https:\/\/apuntesdesanluis.com\/index.php\/2024\/03\/05\/eliminaron-300-unidades-de-gestion-que-manejaban-los-intermediarios-de-planes-sociales-y-59-centros-de-referencia\/\",\"name\":\"ELIMINARON 300 UNIDADES DE GESTI\u00d3N QUE MANEJABAN LOS INTERMEDIARIOS DE PLANES SOCIALES Y 59 CENTROS DE REFERENCIA - Apuntes de San Luis\",\"isPartOf\":{\"@id\":\"https:\/\/apuntesdesanluis.com\/#website\"},\"primaryImageOfPage\":{\"@id\":\"https:\/\/apuntesdesanluis.com\/index.php\/2024\/03\/05\/eliminaron-300-unidades-de-gestion-que-manejaban-los-intermediarios-de-planes-sociales-y-59-centros-de-referencia\/#primaryimage\"},\"image\":{\"@id\":\"https:\/\/apuntesdesanluis.com\/index.php\/2024\/03\/05\/eliminaron-300-unidades-de-gestion-que-manejaban-los-intermediarios-de-planes-sociales-y-59-centros-de-referencia\/#primaryimage\"},\"thumbnailUrl\":\"https:\/\/apuntesdesanluis.com\/wp-content\/uploads\/2024\/03\/MOVIMIENTOS-SOCIALES.png\",\"datePublished\":\"2024-03-05T10:44:03+00:00\",\"breadcrumb\":{\"@id\":\"https:\/\/apuntesdesanluis.com\/index.php\/2024\/03\/05\/eliminaron-300-unidades-de-gestion-que-manejaban-los-intermediarios-de-planes-sociales-y-59-centros-de-referencia\/#breadcrumb\"},\"inLanguage\":\"es-AR\",\"potentialAction\":[{\"@type\":\"ReadAction\",\"target\":[\"https:\/\/apuntesdesanluis.com\/index.php\/2024\/03\/05\/eliminaron-300-unidades-de-gestion-que-manejaban-los-intermediarios-de-planes-sociales-y-59-centros-de-referencia\/\"]}]},{\"@type\":\"ImageObject\",\"inLanguage\":\"es-AR\",\"@id\":\"https:\/\/apuntesdesanluis.com\/index.php\/2024\/03\/05\/eliminaron-300-unidades-de-gestion-que-manejaban-los-intermediarios-de-planes-sociales-y-59-centros-de-referencia\/#primaryimage\",\"url\":\"https:\/\/apuntesdesanluis.com\/wp-content\/uploads\/2024\/03\/MOVIMIENTOS-SOCIALES.png\",\"contentUrl\":\"https:\/\/apuntesdesanluis.com\/wp-content\/uploads\/2024\/03\/MOVIMIENTOS-SOCIALES.png\",\"width\":676,\"height\":422},{\"@type\":\"BreadcrumbList\",\"@id\":\"https:\/\/apuntesdesanluis.com\/index.php\/2024\/03\/05\/eliminaron-300-unidades-de-gestion-que-manejaban-los-intermediarios-de-planes-sociales-y-59-centros-de-referencia\/#breadcrumb\",\"itemListElement\":[{\"@type\":\"ListItem\",\"position\":1,\"name\":\"Inicio\",\"item\":\"https:\/\/apuntesdesanluis.com\/\"},{\"@type\":\"ListItem\",\"position\":2,\"name\":\"ELIMINARON 300 UNIDADES DE GESTI\u00d3N QUE MANEJABAN LOS INTERMEDIARIOS DE PLANES SOCIALES Y 59 CENTROS DE REFERENCIA\"}]},{\"@type\":\"WebSite\",\"@id\":\"https:\/\/apuntesdesanluis.com\/#website\",\"url\":\"https:\/\/apuntesdesanluis.com\/\",\"name\":\"Apuntes de San Luis\",\"description\":\"\",\"publisher\":{\"@id\":\"https:\/\/apuntesdesanluis.com\/#\/schema\/person\/b55151d52296fcce64d1a72538a70b90\"},\"potentialAction\":[{\"@type\":\"SearchAction\",\"target\":{\"@type\":\"EntryPoint\",\"urlTemplate\":\"https:\/\/apuntesdesanluis.com\/?s={search_term_string}\"},\"query-input\":{\"@type\":\"PropertyValueSpecification\",\"valueRequired\":true,\"valueName\":\"search_term_string\"}}],\"inLanguage\":\"es-AR\"},{\"@type\":[\"Person\",\"Organization\"],\"@id\":\"https:\/\/apuntesdesanluis.com\/#\/schema\/person\/b55151d52296fcce64d1a72538a70b90\",\"name\":\"apuntesdesanluis.com\",\"image\":{\"@type\":\"ImageObject\",\"inLanguage\":\"es-AR\",\"@id\":\"https:\/\/apuntesdesanluis.com\/#\/schema\/person\/image\/\",\"url\":\"https:\/\/apuntesdesanluis.com\/wp-content\/uploads\/2023\/07\/cropped-apuntesdesanluis.png\",\"contentUrl\":\"https:\/\/apuntesdesanluis.com\/wp-content\/uploads\/2023\/07\/cropped-apuntesdesanluis.png\",\"width\":450,\"height\":112,\"caption\":\"apuntesdesanluis.com\"},\"logo\":{\"@id\":\"https:\/\/apuntesdesanluis.com\/#\/schema\/person\/image\/\"},\"sameAs\":[\"https:\/\/apuntesdesanluis.com\"],\"url\":\"https:\/\/apuntesdesanluis.com\/index.php\/author\/apuntesdesanluis-com\/\"}]}<\/script>\n<!-- \/ Yoast SEO plugin. -->","yoast_head_json":{"title":"ELIMINARON 300 UNIDADES DE GESTI\u00d3N QUE MANEJABAN LOS INTERMEDIARIOS DE PLANES SOCIALES Y 59 CENTROS DE REFERENCIA - Apuntes de San Luis","robots":{"index":"index","follow":"follow","max-snippet":"max-snippet:-1","max-image-preview":"max-image-preview:large","max-video-preview":"max-video-preview:-1"},"canonical":"https:\/\/apuntesdesanluis.com\/index.php\/2024\/03\/05\/eliminaron-300-unidades-de-gestion-que-manejaban-los-intermediarios-de-planes-sociales-y-59-centros-de-referencia\/","og_locale":"es_ES","og_type":"article","og_title":"ELIMINARON 300 UNIDADES DE GESTI\u00d3N QUE MANEJABAN LOS INTERMEDIARIOS DE PLANES SOCIALES Y 59 CENTROS DE REFERENCIA - Apuntes de San Luis","og_description":"La decisi\u00f3n llega despu\u00e9s de la desarticulaci\u00f3n del Potenciar Trabajo, reemplazado por dos nuevos programas....","og_url":"https:\/\/apuntesdesanluis.com\/index.php\/2024\/03\/05\/eliminaron-300-unidades-de-gestion-que-manejaban-los-intermediarios-de-planes-sociales-y-59-centros-de-referencia\/","og_site_name":"Apuntes de San Luis","article_published_time":"2024-03-05T10:44:03+00:00","og_image":[{"width":676,"height":422,"url":"https:\/\/apuntesdesanluis.com\/wp-content\/uploads\/2024\/03\/MOVIMIENTOS-SOCIALES.png","type":"image\/png"}],"author":"apuntesdesanluis.com","twitter_card":"summary_large_image","twitter_misc":{"Escrito por":"apuntesdesanluis.com","Tiempo de lectura":"3 minutos"},"schema":{"@context":"https:\/\/schema.org","@graph":[{"@type":"Article","@id":"https:\/\/apuntesdesanluis.com\/index.php\/2024\/03\/05\/eliminaron-300-unidades-de-gestion-que-manejaban-los-intermediarios-de-planes-sociales-y-59-centros-de-referencia\/#article","isPartOf":{"@id":"https:\/\/apuntesdesanluis.com\/index.php\/2024\/03\/05\/eliminaron-300-unidades-de-gestion-que-manejaban-los-intermediarios-de-planes-sociales-y-59-centros-de-referencia\/"},"author":{"name":"apuntesdesanluis.com","@id":"https:\/\/apuntesdesanluis.com\/#\/schema\/person\/b55151d52296fcce64d1a72538a70b90"},"headline":"ELIMINARON 300 UNIDADES DE GESTI\u00d3N QUE MANEJABAN LOS INTERMEDIARIOS DE PLANES SOCIALES Y 59 CENTROS DE REFERENCIA","datePublished":"2024-03-05T10:44:03+00:00","mainEntityOfPage":{"@id":"https:\/\/apuntesdesanluis.com\/index.php\/2024\/03\/05\/eliminaron-300-unidades-de-gestion-que-manejaban-los-intermediarios-de-planes-sociales-y-59-centros-de-referencia\/"},"wordCount":546,"publisher":{"@id":"https:\/\/apuntesdesanluis.com\/#\/schema\/person\/b55151d52296fcce64d1a72538a70b90"},"image":{"@id":"https:\/\/apuntesdesanluis.com\/index.php\/2024\/03\/05\/eliminaron-300-unidades-de-gestion-que-manejaban-los-intermediarios-de-planes-sociales-y-59-centros-de-referencia\/#primaryimage"},"thumbnailUrl":"https:\/\/apuntesdesanluis.com\/wp-content\/uploads\/2024\/03\/MOVIMIENTOS-SOCIALES.png","articleSection":["Nacionales\/Internacionales"],"inLanguage":"es-AR"},{"@type":"WebPage","@id":"https:\/\/apuntesdesanluis.com\/index.php\/2024\/03\/05\/eliminaron-300-unidades-de-gestion-que-manejaban-los-intermediarios-de-planes-sociales-y-59-centros-de-referencia\/","url":"https:\/\/apuntesdesanluis.com\/index.php\/2024\/03\/05\/eliminaron-300-unidades-de-gestion-que-manejaban-los-intermediarios-de-planes-sociales-y-59-centros-de-referencia\/","name":"ELIMINARON 300 UNIDADES DE GESTI\u00d3N QUE MANEJABAN LOS INTERMEDIARIOS DE PLANES SOCIALES Y 59 CENTROS DE REFERENCIA - Apuntes de San Luis","isPartOf":{"@id":"https:\/\/apuntesdesanluis.com\/#website"},"primaryImageOfPage":{"@id":"https:\/\/apuntesdesanluis.com\/index.php\/2024\/03\/05\/eliminaron-300-unidades-de-gestion-que-manejaban-los-intermediarios-de-planes-sociales-y-59-centros-de-referencia\/#primaryimage"},"image":{"@id":"https:\/\/apuntesdesanluis.com\/index.php\/2024\/03\/05\/eliminaron-300-unidades-de-gestion-que-manejaban-los-intermediarios-de-planes-sociales-y-59-centros-de-referencia\/#primaryimage"},"thumbnailUrl":"https:\/\/apuntesdesanluis.com\/wp-content\/uploads\/2024\/03\/MOVIMIENTOS-SOCIALES.png","datePublished":"2024-03-05T10:44:03+00:00","breadcrumb":{"@id":"https:\/\/apuntesdesanluis.com\/index.php\/2024\/03\/05\/eliminaron-300-unidades-de-gestion-que-manejaban-los-intermediarios-de-planes-sociales-y-59-centros-de-referencia\/#breadcrumb"},"inLanguage":"es-AR","potentialAction":[{"@type":"ReadAction","target":["https:\/\/apuntesdesanluis.com\/index.php\/2024\/03\/05\/eliminaron-300-unidades-de-gestion-que-manejaban-los-intermediarios-de-planes-sociales-y-59-centros-de-referencia\/"]}]},{"@type":"ImageObject","inLanguage":"es-AR","@id":"https:\/\/apuntesdesanluis.com\/index.php\/2024\/03\/05\/eliminaron-300-unidades-de-gestion-que-manejaban-los-intermediarios-de-planes-sociales-y-59-centros-de-referencia\/#primaryimage","url":"https:\/\/apuntesdesanluis.com\/wp-content\/uploads\/2024\/03\/MOVIMIENTOS-SOCIALES.png","contentUrl":"https:\/\/apuntesdesanluis.com\/wp-content\/uploads\/2024\/03\/MOVIMIENTOS-SOCIALES.png","width":676,"height":422},{"@type":"BreadcrumbList","@id":"https:\/\/apuntesdesanluis.com\/index.php\/2024\/03\/05\/eliminaron-300-unidades-de-gestion-que-manejaban-los-intermediarios-de-planes-sociales-y-59-centros-de-referencia\/#breadcrumb","itemListElement":[{"@type":"ListItem","position":1,"name":"Inicio","item":"https:\/\/apuntesdesanluis.com\/"},{"@type":"ListItem","position":2,"name":"ELIMINARON 300 UNIDADES DE GESTI\u00d3N QUE MANEJABAN LOS INTERMEDIARIOS DE PLANES SOCIALES Y 59 CENTROS DE REFERENCIA"}]},{"@type":"WebSite","@id":"https:\/\/apuntesdesanluis.com\/#website","url":"https:\/\/apuntesdesanluis.com\/","name":"Apuntes de San Luis","description":"","publisher":{"@id":"https:\/\/apuntesdesanluis.com\/#\/schema\/person\/b55151d52296fcce64d1a72538a70b90"},"potentialAction":[{"@type":"SearchAction","target":{"@type":"EntryPoint","urlTemplate":"https:\/\/apuntesdesanluis.com\/?s={search_term_string}"},"query-input":{"@type":"PropertyValueSpecification","valueRequired":true,"valueName":"search_term_string"}}],"inLanguage":"es-AR"},{"@type":["Person","Organization"],"@id":"https:\/\/apuntesdesanluis.com\/#\/schema\/person\/b55151d52296fcce64d1a72538a70b90","name":"apuntesdesanluis.com","image":{"@type":"ImageObject","inLanguage":"es-AR","@id":"https:\/\/apuntesdesanluis.com\/#\/schema\/person\/image\/","url":"https:\/\/apuntesdesanluis.com\/wp-content\/uploads\/2023\/07\/cropped-apuntesdesanluis.png","contentUrl":"https:\/\/apuntesdesanluis.com\/wp-content\/uploads\/2023\/07\/cropped-apuntesdesanluis.png","width":450,"height":112,"caption":"apuntesdesanluis.com"},"logo":{"@id":"https:\/\/apuntesdesanluis.com\/#\/schema\/person\/image\/"},"sameAs":["https:\/\/apuntesdesanluis.com"],"url":"https:\/\/apuntesdesanluis.com\/index.php\/author\/apuntesdesanluis-com\/"}]}},"featured_image_urls":{"full":["https:\/\/apuntesdesanluis.com\/wp-content\/uploads\/2024\/03\/MOVIMIENTOS-SOCIALES.png",676,422,false],"thumbnail":["https:\/\/apuntesdesanluis.com\/wp-content\/uploads\/2024\/03\/MOVIMIENTOS-SOCIALES-150x150.png",150,150,true],"medium":["https:\/\/apuntesdesanluis.com\/wp-content\/uploads\/2024\/03\/MOVIMIENTOS-SOCIALES-300x187.png",300,187,true],"medium_large":["https:\/\/apuntesdesanluis.com\/wp-content\/uploads\/2024\/03\/MOVIMIENTOS-SOCIALES.png",640,400,false],"large":["https:\/\/apuntesdesanluis.com\/wp-content\/uploads\/2024\/03\/MOVIMIENTOS-SOCIALES.png",640,400,false],"1536x1536":["https:\/\/apuntesdesanluis.com\/wp-content\/uploads\/2024\/03\/MOVIMIENTOS-SOCIALES.png",676,422,false],"2048x2048":["https:\/\/apuntesdesanluis.com\/wp-content\/uploads\/2024\/03\/MOVIMIENTOS-SOCIALES.png",676,422,false],"newsever-slider-full":["https:\/\/apuntesdesanluis.com\/wp-content\/uploads\/2024\/03\/MOVIMIENTOS-SOCIALES.png",676,422,false],"newsever-featured":["https:\/\/apuntesdesanluis.com\/wp-content\/uploads\/2024\/03\/MOVIMIENTOS-SOCIALES.png",676,422,false],"newsever-medium":["https:\/\/apuntesdesanluis.com\/wp-content\/uploads\/2024\/03\/MOVIMIENTOS-SOCIALES.png",676,422,false]},"author_info":{"display_name":"apuntesdesanluis.com","author_link":"https:\/\/apuntesdesanluis.com\/index.php\/author\/apuntesdesanluis-com\/"},"category_info":"<a href=\"https:\/\/apuntesdesanluis.com\/index.php\/category\/nacionales-internacionales\/\" rel=\"category tag\">Nacionales\/Internacionales<\/a>","tag_info":"Nacionales\/Internacionales","comment_count":"0","_links":{"self":[{"href":"https:\/\/apuntesdesanluis.com\/index.php\/wp-json\/wp\/v2\/posts\/12662","targetHints":{"allow":["GET"]}}],"collection":[{"href":"https:\/\/apuntesdesanluis.com\/index.php\/wp-json\/wp\/v2\/posts"}],"about":[{"href":"https:\/\/apuntesdesanluis.com\/index.php\/wp-json\/wp\/v2\/types\/post"}],"author":[{"embeddable":true,"href":"https:\/\/apuntesdesanluis.com\/index.php\/wp-json\/wp\/v2\/users\/1"}],"replies":[{"embeddable":true,"href":"https:\/\/apuntesdesanluis.com\/index.php\/wp-json\/wp\/v2\/comments?post=12662"}],"version-history":[{"count":1,"href":"https:\/\/apuntesdesanluis.com\/index.php\/wp-json\/wp\/v2\/posts\/12662\/revisions"}],"predecessor-version":[{"id":12664,"href":"https:\/\/apuntesdesanluis.com\/index.php\/wp-json\/wp\/v2\/posts\/12662\/revisions\/12664"}],"wp:featuredmedia":[{"embeddable":true,"href":"https:\/\/apuntesdesanluis.com\/index.php\/wp-json\/wp\/v2\/media\/12663"}],"wp:attachment":[{"href":"https:\/\/apuntesdesanluis.com\/index.php\/wp-json\/wp\/v2\/media?parent=12662"}],"wp:term":[{"taxonomy":"category","embeddable":true,"href":"https:\/\/apuntesdesanluis.com\/index.php\/wp-json\/wp\/v2\/categories?post=12662"},{"taxonomy":"post_tag","embeddable":true,"href":"https:\/\/apuntesdesanluis.com\/index.php\/wp-json\/wp\/v2\/tags?post=12662"}],"curies":[{"name":"wp","href":"https:\/\/api.w.org\/{rel}","templated":true}]}}